{"id":75461,"date":"2025-10-28T18:59:41","date_gmt":"2025-10-28T17:59:41","guid":{"rendered":"https:\/\/lasentinelle.dz\/?p=75461"},"modified":"2025-10-28T18:59:42","modified_gmt":"2025-10-28T17:59:42","slug":"assurances-une-croissance-de-81-au-premier-semestre-2025","status":"publish","type":"post","link":"https:\/\/lasentinelle.dz\/index.php\/2025\/10\/28\/assurances-une-croissance-de-81-au-premier-semestre-2025\/","title":{"rendered":"Assurances\u00a0: Une croissance de 8,1% au premier semestre 2025"},"content":{"rendered":"\n<p>Le march\u00e9 national des assurances a enregistr\u00e9 une croissance soutenue de 8,1% au premier semestre 2025, avec un chiffre d&rsquo;affaires atteignant 99,3 milliards de dinars, acceptations internationales et r\u00e9assurance takaful comprises, selon les donn\u00e9es publi\u00e9es par le Conseil national des assurances (CNA). Cette performance confirme la vitalit\u00e9 du secteur assurantiel alg\u00e9rien dans un contexte \u00e9conomique en mutation. La branche des assurances de dommages, qui constitue l&rsquo;essentiel de l&rsquo;activit\u00e9, a r\u00e9alis\u00e9 un chiffre d&rsquo;affaires de 80,6 milliards de dinars entre janvier et fin juin, marquant une progression de 8,2% sur un an, r\u00e9v\u00e8le la note de conjoncture semestrielle du CNA. De son c\u00f4t\u00e9, la branche des assurances de personnes a affich\u00e9 des r\u00e9sultats en hausse de 6,7%, avec un chiffre d&rsquo;affaires de pr\u00e8s de 12 milliards de dinars. L&rsquo;assurance automobile demeure le moteur principal de cette croissance. Repr\u00e9sentant pr\u00e8s de la moiti\u00e9 de l&rsquo;activit\u00e9 des assurances de dommages, elle a g\u00e9n\u00e9r\u00e9 \u00e0 fin juin un chiffre d&rsquo;affaires de pr\u00e8s de 40 milliards de dinars, en progression de 8,4%. Cette dynamique s&rsquo;explique principalement par l&rsquo;\u00e9volution de la sous-branche \u00ab\u00a0Risques obligatoires\u00a0\u00bb, qui a bondi de 17,3% par rapport au premier semestre 2024, totalisant 8,4 milliards de dinars. Le CNA attribue cette hausse \u00e0 l&rsquo;augmentation de 30% de la tarification de la garantie \u00ab\u00a0Responsabilit\u00e9 civile\u00a0\u00bb. La branche \u00ab\u00a0Incendie et risques divers\u00a0\u00bb (IRD), qui repr\u00e9sente 43,7% de la structure du march\u00e9, a \u00e9galement affich\u00e9 une solide performance avec une croissance de 8,4% et un chiffre d&rsquo;affaires de pr\u00e8s de 34 milliards de dinars, soit une production additionnelle de 2,6 milliards de dinars par rapport \u00e0 la m\u00eame p\u00e9riode de 2024. L&rsquo;assurance agricole n&rsquo;est pas en reste, enregistrant un gain suppl\u00e9mentaire de 209,4 millions de dinars pour atteindre 1,3 milliard de dinars, soit une progression remarquable de 18,8%. L&rsquo;assurance Takaful, bien que ralentissant par rapport aux taux de croissance \u00e0 trois chiffres des derniers exercices, continue sa mont\u00e9e en puissance avec des contributions collect\u00e9es de 500,8 millions de dinars, en hausse de 69%. Cette performance t\u00e9moigne de l&rsquo;ancrage progressif de cette offre conforme aux principes de la finance islamique sur le march\u00e9 national. C\u00f4t\u00e9 sinistres, les d\u00e9clarations de la client\u00e8le aupr\u00e8s des soci\u00e9t\u00e9s d&rsquo;assurance ont augment\u00e9 de 9% en montant, atteignant 51,1 milliards de dinars, et de 14,2% en nombre avec plus d&rsquo;un million de dossiers trait\u00e9s. Les r\u00e8glements aux clients ont concern\u00e9 718.538 dossiers pour un montant de 35,9 milliards de dinars, en progression de 12,1% en valeur et de 2,8% en volume par rapport au premier semestre 2024. Toutefois, le CNA rel\u00e8ve que les sinistres restants \u00e0 payer demeurent \u00e9lev\u00e9s, \u00e9valu\u00e9s \u00e0 135,5 milliards de dinars avec plus de 1,7 million de dossiers en instance de r\u00e8glement.<\/p>\n\n\n\n<p>Sabrina Aziouez<\/p>\n","protected":false},"excerpt":{"rendered":"<p>Le march\u00e9 national des assurances a enregistr\u00e9 une croissance soutenue de 8,1% au premier semestre 2025, avec un chiffre d&rsquo;affaires<\/p>\n","protected":false},"author":6,"featured_media":53504,"comment_status":"open","ping_status":"closed","sticky":false,"template":"","format":"standard","meta":{"colormag_page_container_layout":"default_layout","colormag_page_sidebar_layout":"default_layout","om_disable_all_campaigns":false,"_monsterinsights_skip_tracking":false,"_monsterinsights_sitenote_active":false,"_monsterinsights_sitenote_note":"","_monsterinsights_sitenote_category":0,"footnotes":"","_wpscppro_dont_share_socialmedia":false,"_wpscppro_custom_social_share_image":0,"_facebook_share_type":"default","_twitter_share_type":"default","_linkedin_share_type":"default","_pinterest_share_type":"default","_linkedin_share_type_page":"","_instagram_share_type":"default","_medium_share_type":"default","_threads_share_type":"default","_google_business_share_type":"default","_selected_social_profile":[],"_wpsp_enable_custom_social_template":false,"_wpsp_social_scheduling":{"enabled":false,"datetime":null,"platforms":[],"status":"template_only","dateOption":"today","timeOption":"now","customDays":"","customHours":"","customDate":"","customTime":"","schedulingType":"absolute"},"_wpsp_active_default_template":true},"categories":[29],"tags":[],"class_list":["post-75461","post","type-post","status-publish","format-standard","has-post-thumbnail","hentry","category-economie"],"aioseo_notices":[],"yoast_head":"<!-- This site is optimized with the Yoast SEO plugin v27.5 - https:\/\/yoast.com\/product\/yoast-seo-wordpress\/ -->\n<title>Assurances\u00a0: Une croissance de 8,1% au premier semestre 2025 - La Sentinelle<\/title>\n<meta name=\"robots\" content=\"index, follow, max-snippet:-1, max-image-preview:large, max-video-preview:-1\" \/>\n<link rel=\"canonical\" href=\"https:\/\/lasentinelle.dz\/index.php\/2025\/10\/28\/assurances-une-croissance-de-81-au-premier-semestre-2025\/\" \/>\n<meta property=\"og:locale\" content=\"fr_FR\" \/>\n<meta property=\"og:type\" content=\"article\" \/>\n<meta property=\"og:title\" content=\"Assurances\u00a0: Une croissance de 8,1% au premier semestre 2025 - La Sentinelle\" \/>\n<meta property=\"og:description\" content=\"Le march\u00e9 national des assurances a enregistr\u00e9 une croissance soutenue de 8,1% au premier semestre 2025, avec un chiffre d&rsquo;affaires\" \/>\n<meta property=\"og:url\" content=\"https:\/\/lasentinelle.dz\/index.php\/2025\/10\/28\/assurances-une-croissance-de-81-au-premier-semestre-2025\/\" \/>\n<meta property=\"og:site_name\" content=\"La Sentinelle\" \/>\n<meta property=\"article:publisher\" content=\"https:\/\/www.facebook.com\/La-Sentinelle-104059864394773\" \/>\n<meta property=\"article:published_time\" content=\"2025-10-28T17:59:41+00:00\" \/>\n<meta property=\"article:modified_time\" content=\"2025-10-28T17:59:42+00:00\" \/>\n<meta property=\"og:image\" content=\"https:\/\/lasentinelle.dz\/wp-content\/uploads\/2024\/06\/assurances.jpeg\" \/>\n\t<meta property=\"og:image:width\" content=\"709\" \/>\n\t<meta property=\"og:image:height\" content=\"473\" \/>\n\t<meta property=\"og:image:type\" content=\"image\/jpeg\" \/>\n<meta name=\"author\" content=\"admin\" \/>\n<meta name=\"twitter:card\" content=\"summary_large_image\" \/>\n<meta name=\"twitter:label1\" content=\"\u00c9crit par\" \/>\n\t<meta name=\"twitter:data1\" content=\"admin\" \/>\n\t<meta name=\"twitter:label2\" content=\"Dur\u00e9e de lecture estim\u00e9e\" \/>\n\t<meta name=\"twitter:data2\" content=\"3 minutes\" \/>\n<script type=\"application\/ld+json\" class=\"yoast-schema-graph\">{\"@context\":\"https:\\\/\\\/schema.org\",\"@graph\":[{\"@type\":\"Article\",\"@id\":\"https:\\\/\\\/lasentinelle.dz\\\/index.php\\\/2025\\\/10\\\/28\\\/assurances-une-croissance-de-81-au-premier-semestre-2025\\\/#article\",\"isPartOf\":{\"@id\":\"https:\\\/\\\/lasentinelle.dz\\\/index.php\\\/2025\\\/10\\\/28\\\/assurances-une-croissance-de-81-au-premier-semestre-2025\\\/\"},\"author\":{\"name\":\"admin\",\"@id\":\"https:\\\/\\\/lasentinelle.dz\\\/#\\\/schema\\\/person\\\/729ee0024f24e0b8c5ec17232f8e8b41\"},\"headline\":\"Assurances\u00a0: Une croissance de 8,1% au premier semestre 2025\",\"datePublished\":\"2025-10-28T17:59:41+00:00\",\"dateModified\":\"2025-10-28T17:59:42+00:00\",\"mainEntityOfPage\":{\"@id\":\"https:\\\/\\\/lasentinelle.dz\\\/index.php\\\/2025\\\/10\\\/28\\\/assurances-une-croissance-de-81-au-premier-semestre-2025\\\/\"},\"wordCount\":466,\"commentCount\":0,\"publisher\":{\"@id\":\"https:\\\/\\\/lasentinelle.dz\\\/#organization\"},\"image\":{\"@id\":\"https:\\\/\\\/lasentinelle.dz\\\/index.php\\\/2025\\\/10\\\/28\\\/assurances-une-croissance-de-81-au-premier-semestre-2025\\\/#primaryimage\"},\"thumbnailUrl\":\"https:\\\/\\\/lasentinelle.dz\\\/wp-content\\\/uploads\\\/2024\\\/06\\\/assurances.jpeg\",\"articleSection\":[\"\u00c9conomie\"],\"inLanguage\":\"fr-FR\",\"potentialAction\":[{\"@type\":\"CommentAction\",\"name\":\"Comment\",\"target\":[\"https:\\\/\\\/lasentinelle.dz\\\/index.php\\\/2025\\\/10\\\/28\\\/assurances-une-croissance-de-81-au-premier-semestre-2025\\\/#respond\"]}]},{\"@type\":\"WebPage\",\"@id\":\"https:\\\/\\\/lasentinelle.dz\\\/index.php\\\/2025\\\/10\\\/28\\\/assurances-une-croissance-de-81-au-premier-semestre-2025\\\/\",\"url\":\"https:\\\/\\\/lasentinelle.dz\\\/index.php\\\/2025\\\/10\\\/28\\\/assurances-une-croissance-de-81-au-premier-semestre-2025\\\/\",\"name\":\"Assurances\u00a0: Une croissance de 8,1% au premier semestre 2025 - La Sentinelle\",\"isPartOf\":{\"@id\":\"https:\\\/\\\/lasentinelle.dz\\\/#website\"},\"primaryImageOfPage\":{\"@id\":\"https:\\\/\\\/lasentinelle.dz\\\/index.php\\\/2025\\\/10\\\/28\\\/assurances-une-croissance-de-81-au-premier-semestre-2025\\\/#primaryimage\"},\"image\":{\"@id\":\"https:\\\/\\\/lasentinelle.dz\\\/index.php\\\/2025\\\/10\\\/28\\\/assurances-une-croissance-de-81-au-premier-semestre-2025\\\/#primaryimage\"},\"thumbnailUrl\":\"https:\\\/\\\/lasentinelle.dz\\\/wp-content\\\/uploads\\\/2024\\\/06\\\/assurances.jpeg\",\"datePublished\":\"2025-10-28T17:59:41+00:00\",\"dateModified\":\"2025-10-28T17:59:42+00:00\",\"breadcrumb\":{\"@id\":\"https:\\\/\\\/lasentinelle.dz\\\/index.php\\\/2025\\\/10\\\/28\\\/assurances-une-croissance-de-81-au-premier-semestre-2025\\\/#breadcrumb\"},\"inLanguage\":\"fr-FR\",\"potentialAction\":[{\"@type\":\"ReadAction\",\"target\":[\"https:\\\/\\\/lasentinelle.dz\\\/index.php\\\/2025\\\/10\\\/28\\\/assurances-une-croissance-de-81-au-premier-semestre-2025\\\/\"]}]},{\"@type\":\"ImageObject\",\"inLanguage\":\"fr-FR\",\"@id\":\"https:\\\/\\\/lasentinelle.dz\\\/index.php\\\/2025\\\/10\\\/28\\\/assurances-une-croissance-de-81-au-premier-semestre-2025\\\/#primaryimage\",\"url\":\"https:\\\/\\\/lasentinelle.dz\\\/wp-content\\\/uploads\\\/2024\\\/06\\\/assurances.jpeg\",\"contentUrl\":\"https:\\\/\\\/lasentinelle.dz\\\/wp-content\\\/uploads\\\/2024\\\/06\\\/assurances.jpeg\",\"width\":709,\"height\":473},{\"@type\":\"BreadcrumbList\",\"@id\":\"https:\\\/\\\/lasentinelle.dz\\\/index.php\\\/2025\\\/10\\\/28\\\/assurances-une-croissance-de-81-au-premier-semestre-2025\\\/#breadcrumb\",\"itemListElement\":[{\"@type\":\"ListItem\",\"position\":1,\"name\":\"Accueil\",\"item\":\"https:\\\/\\\/lasentinelle.dz\\\/\"},{\"@type\":\"ListItem\",\"position\":2,\"name\":\"Assurances\u00a0: Une croissance de 8,1% au premier semestre 2025\"}]},{\"@type\":\"WebSite\",\"@id\":\"https:\\\/\\\/lasentinelle.dz\\\/#website\",\"url\":\"https:\\\/\\\/lasentinelle.dz\\\/\",\"name\":\"La Sentinelle\",\"description\":\"Quotidien national d&#039;information\",\"publisher\":{\"@id\":\"https:\\\/\\\/lasentinelle.dz\\\/#organization\"},\"potentialAction\":[{\"@type\":\"SearchAction\",\"target\":{\"@type\":\"EntryPoint\",\"urlTemplate\":\"https:\\\/\\\/lasentinelle.dz\\\/?s={search_term_string}\"},\"query-input\":{\"@type\":\"PropertyValueSpecification\",\"valueRequired\":true,\"valueName\":\"search_term_string\"}}],\"inLanguage\":\"fr-FR\"},{\"@type\":\"Organization\",\"@id\":\"https:\\\/\\\/lasentinelle.dz\\\/#organization\",\"name\":\"Quotidien La Sentinelle\",\"url\":\"https:\\\/\\\/lasentinelle.dz\\\/\",\"logo\":{\"@type\":\"ImageObject\",\"inLanguage\":\"fr-FR\",\"@id\":\"https:\\\/\\\/lasentinelle.dz\\\/#\\\/schema\\\/logo\\\/image\\\/\",\"url\":\"https:\\\/\\\/lasentinelle.dz\\\/wp-content\\\/uploads\\\/2021\\\/09\\\/logo-sentinelleSLOGAN-1.png\",\"contentUrl\":\"https:\\\/\\\/lasentinelle.dz\\\/wp-content\\\/uploads\\\/2021\\\/09\\\/logo-sentinelleSLOGAN-1.png\",\"width\":615,\"height\":142,\"caption\":\"Quotidien La Sentinelle\"},\"image\":{\"@id\":\"https:\\\/\\\/lasentinelle.dz\\\/#\\\/schema\\\/logo\\\/image\\\/\"},\"sameAs\":[\"https:\\\/\\\/www.facebook.com\\\/La-Sentinelle-104059864394773\"]},{\"@type\":\"Person\",\"@id\":\"https:\\\/\\\/lasentinelle.dz\\\/#\\\/schema\\\/person\\\/729ee0024f24e0b8c5ec17232f8e8b41\",\"name\":\"admin\",\"image\":{\"@type\":\"ImageObject\",\"inLanguage\":\"fr-FR\",\"@id\":\"https:\\\/\\\/secure.gravatar.com\\\/avatar\\\/4c81fed838786e9b53f540bf46533e750f5d292099ae3b66cfc6fb1982e29df7?s=96&d=mm&r=g\",\"url\":\"https:\\\/\\\/secure.gravatar.com\\\/avatar\\\/4c81fed838786e9b53f540bf46533e750f5d292099ae3b66cfc6fb1982e29df7?s=96&d=mm&r=g\",\"contentUrl\":\"https:\\\/\\\/secure.gravatar.com\\\/avatar\\\/4c81fed838786e9b53f540bf46533e750f5d292099ae3b66cfc6fb1982e29df7?s=96&d=mm&r=g\",\"caption\":\"admin\"},\"description\":\"admin\",\"url\":\"https:\\\/\\\/lasentinelle.dz\\\/author\\\/admin\\\/\"}]}<\/script>\n<!-- \/ Yoast SEO plugin. -->","yoast_head_json":{"title":"Assurances\u00a0: Une croissance de 8,1% au premier semestre 2025 - La Sentinelle","robots":{"index":"index","follow":"follow","max-snippet":"max-snippet:-1","max-image-preview":"max-image-preview:large","max-video-preview":"max-video-preview:-1"},"canonical":"https:\/\/lasentinelle.dz\/index.php\/2025\/10\/28\/assurances-une-croissance-de-81-au-premier-semestre-2025\/","og_locale":"fr_FR","og_type":"article","og_title":"Assurances\u00a0: Une croissance de 8,1% au premier semestre 2025 - La Sentinelle","og_description":"Le march\u00e9 national des assurances a enregistr\u00e9 une croissance soutenue de 8,1% au premier semestre 2025, avec un chiffre d&rsquo;affaires","og_url":"https:\/\/lasentinelle.dz\/index.php\/2025\/10\/28\/assurances-une-croissance-de-81-au-premier-semestre-2025\/","og_site_name":"La Sentinelle","article_publisher":"https:\/\/www.facebook.com\/La-Sentinelle-104059864394773","article_published_time":"2025-10-28T17:59:41+00:00","article_modified_time":"2025-10-28T17:59:42+00:00","og_image":[{"width":709,"height":473,"url":"https:\/\/lasentinelle.dz\/wp-content\/uploads\/2024\/06\/assurances.jpeg","type":"image\/jpeg"}],"author":"admin","twitter_card":"summary_large_image","twitter_misc":{"\u00c9crit par":"admin","Dur\u00e9e de lecture estim\u00e9e":"3 minutes"},"schema":{"@context":"https:\/\/schema.org","@graph":[{"@type":"Article","@id":"https:\/\/lasentinelle.dz\/index.php\/2025\/10\/28\/assurances-une-croissance-de-81-au-premier-semestre-2025\/#article","isPartOf":{"@id":"https:\/\/lasentinelle.dz\/index.php\/2025\/10\/28\/assurances-une-croissance-de-81-au-premier-semestre-2025\/"},"author":{"name":"admin","@id":"https:\/\/lasentinelle.dz\/#\/schema\/person\/729ee0024f24e0b8c5ec17232f8e8b41"},"headline":"Assurances\u00a0: Une croissance de 8,1% au premier semestre 2025","datePublished":"2025-10-28T17:59:41+00:00","dateModified":"2025-10-28T17:59:42+00:00","mainEntityOfPage":{"@id":"https:\/\/lasentinelle.dz\/index.php\/2025\/10\/28\/assurances-une-croissance-de-81-au-premier-semestre-2025\/"},"wordCount":466,"commentCount":0,"publisher":{"@id":"https:\/\/lasentinelle.dz\/#organization"},"image":{"@id":"https:\/\/lasentinelle.dz\/index.php\/2025\/10\/28\/assurances-une-croissance-de-81-au-premier-semestre-2025\/#primaryimage"},"thumbnailUrl":"https:\/\/lasentinelle.dz\/wp-content\/uploads\/2024\/06\/assurances.jpeg","articleSection":["\u00c9conomie"],"inLanguage":"fr-FR","potentialAction":[{"@type":"CommentAction","name":"Comment","target":["https:\/\/lasentinelle.dz\/index.php\/2025\/10\/28\/assurances-une-croissance-de-81-au-premier-semestre-2025\/#respond"]}]},{"@type":"WebPage","@id":"https:\/\/lasentinelle.dz\/index.php\/2025\/10\/28\/assurances-une-croissance-de-81-au-premier-semestre-2025\/","url":"https:\/\/lasentinelle.dz\/index.php\/2025\/10\/28\/assurances-une-croissance-de-81-au-premier-semestre-2025\/","name":"Assurances\u00a0: Une croissance de 8,1% au premier semestre 2025 - La Sentinelle","isPartOf":{"@id":"https:\/\/lasentinelle.dz\/#website"},"primaryImageOfPage":{"@id":"https:\/\/lasentinelle.dz\/index.php\/2025\/10\/28\/assurances-une-croissance-de-81-au-premier-semestre-2025\/#primaryimage"},"image":{"@id":"https:\/\/lasentinelle.dz\/index.php\/2025\/10\/28\/assurances-une-croissance-de-81-au-premier-semestre-2025\/#primaryimage"},"thumbnailUrl":"https:\/\/lasentinelle.dz\/wp-content\/uploads\/2024\/06\/assurances.jpeg","datePublished":"2025-10-28T17:59:41+00:00","dateModified":"2025-10-28T17:59:42+00:00","breadcrumb":{"@id":"https:\/\/lasentinelle.dz\/index.php\/2025\/10\/28\/assurances-une-croissance-de-81-au-premier-semestre-2025\/#breadcrumb"},"inLanguage":"fr-FR","potentialAction":[{"@type":"ReadAction","target":["https:\/\/lasentinelle.dz\/index.php\/2025\/10\/28\/assurances-une-croissance-de-81-au-premier-semestre-2025\/"]}]},{"@type":"ImageObject","inLanguage":"fr-FR","@id":"https:\/\/lasentinelle.dz\/index.php\/2025\/10\/28\/assurances-une-croissance-de-81-au-premier-semestre-2025\/#primaryimage","url":"https:\/\/lasentinelle.dz\/wp-content\/uploads\/2024\/06\/assurances.jpeg","contentUrl":"https:\/\/lasentinelle.dz\/wp-content\/uploads\/2024\/06\/assurances.jpeg","width":709,"height":473},{"@type":"BreadcrumbList","@id":"https:\/\/lasentinelle.dz\/index.php\/2025\/10\/28\/assurances-une-croissance-de-81-au-premier-semestre-2025\/#breadcrumb","itemListElement":[{"@type":"ListItem","position":1,"name":"Accueil","item":"https:\/\/lasentinelle.dz\/"},{"@type":"ListItem","position":2,"name":"Assurances\u00a0: Une croissance de 8,1% au premier semestre 2025"}]},{"@type":"WebSite","@id":"https:\/\/lasentinelle.dz\/#website","url":"https:\/\/lasentinelle.dz\/","name":"La Sentinelle","description":"Quotidien national d&#039;information","publisher":{"@id":"https:\/\/lasentinelle.dz\/#organization"},"potentialAction":[{"@type":"SearchAction","target":{"@type":"EntryPoint","urlTemplate":"https:\/\/lasentinelle.dz\/?s={search_term_string}"},"query-input":{"@type":"PropertyValueSpecification","valueRequired":true,"valueName":"search_term_string"}}],"inLanguage":"fr-FR"},{"@type":"Organization","@id":"https:\/\/lasentinelle.dz\/#organization","name":"Quotidien La Sentinelle","url":"https:\/\/lasentinelle.dz\/","logo":{"@type":"ImageObject","inLanguage":"fr-FR","@id":"https:\/\/lasentinelle.dz\/#\/schema\/logo\/image\/","url":"https:\/\/lasentinelle.dz\/wp-content\/uploads\/2021\/09\/logo-sentinelleSLOGAN-1.png","contentUrl":"https:\/\/lasentinelle.dz\/wp-content\/uploads\/2021\/09\/logo-sentinelleSLOGAN-1.png","width":615,"height":142,"caption":"Quotidien La Sentinelle"},"image":{"@id":"https:\/\/lasentinelle.dz\/#\/schema\/logo\/image\/"},"sameAs":["https:\/\/www.facebook.com\/La-Sentinelle-104059864394773"]},{"@type":"Person","@id":"https:\/\/lasentinelle.dz\/#\/schema\/person\/729ee0024f24e0b8c5ec17232f8e8b41","name":"admin","image":{"@type":"ImageObject","inLanguage":"fr-FR","@id":"https:\/\/secure.gravatar.com\/avatar\/4c81fed838786e9b53f540bf46533e750f5d292099ae3b66cfc6fb1982e29df7?s=96&d=mm&r=g","url":"https:\/\/secure.gravatar.com\/avatar\/4c81fed838786e9b53f540bf46533e750f5d292099ae3b66cfc6fb1982e29df7?s=96&d=mm&r=g","contentUrl":"https:\/\/secure.gravatar.com\/avatar\/4c81fed838786e9b53f540bf46533e750f5d292099ae3b66cfc6fb1982e29df7?s=96&d=mm&r=g","caption":"admin"},"description":"admin","url":"https:\/\/lasentinelle.dz\/author\/admin\/"}]}},"_links":{"self":[{"href":"https:\/\/lasentinelle.dz\/index.php\/wp-json\/wp\/v2\/posts\/75461","targetHints":{"allow":["GET"]}}],"collection":[{"href":"https:\/\/lasentinelle.dz\/index.php\/wp-json\/wp\/v2\/posts"}],"about":[{"href":"https:\/\/lasentinelle.dz\/index.php\/wp-json\/wp\/v2\/types\/post"}],"author":[{"embeddable":true,"href":"https:\/\/lasentinelle.dz\/index.php\/wp-json\/wp\/v2\/users\/6"}],"replies":[{"embeddable":true,"href":"https:\/\/lasentinelle.dz\/index.php\/wp-json\/wp\/v2\/comments?post=75461"}],"version-history":[{"count":1,"href":"https:\/\/lasentinelle.dz\/index.php\/wp-json\/wp\/v2\/posts\/75461\/revisions"}],"predecessor-version":[{"id":75462,"href":"https:\/\/lasentinelle.dz\/index.php\/wp-json\/wp\/v2\/posts\/75461\/revisions\/75462"}],"wp:featuredmedia":[{"embeddable":true,"href":"https:\/\/lasentinelle.dz\/index.php\/wp-json\/wp\/v2\/media\/53504"}],"wp:attachment":[{"href":"https:\/\/lasentinelle.dz\/index.php\/wp-json\/wp\/v2\/media?parent=75461"}],"wp:term":[{"taxonomy":"category","embeddable":true,"href":"https:\/\/lasentinelle.dz\/index.php\/wp-json\/wp\/v2\/categories?post=75461"},{"taxonomy":"post_tag","embeddable":true,"href":"https:\/\/lasentinelle.dz\/index.php\/wp-json\/wp\/v2\/tags?post=75461"}],"curies":[{"name":"wp","href":"https:\/\/api.w.org\/{rel}","templated":true}]}}