{"id":75467,"date":"2025-10-28T19:04:29","date_gmt":"2025-10-28T18:04:29","guid":{"rendered":"https:\/\/lasentinelle.dz\/?p=75467"},"modified":"2025-10-28T19:04:30","modified_gmt":"2025-10-28T18:04:30","slug":"la-transition-energetique-une-priorite","status":"publish","type":"post","link":"https:\/\/lasentinelle.dz\/index.php\/2025\/10\/28\/la-transition-energetique-une-priorite\/","title":{"rendered":"La transition \u00e9nerg\u00e9tique, une priorit\u00e9"},"content":{"rendered":"\n<p>15.000 m\u00e9gawatts d&rsquo;\u00e9nergies renouvelables \u00e0 l&rsquo;horizon 2035, interconnexions r\u00e9gionales renforc\u00e9es et d\u00e9veloppement de l&rsquo;hydrog\u00e8ne vert : l&rsquo;Alg\u00e9rie acc\u00e9l\u00e8re sa diversification \u00e9nerg\u00e9tique avec des investissements massifs pour r\u00e9duire sa d\u00e9pendance aux hydrocarbures.<\/p>\n\n\n\n<p>Le d\u00e9veloppement des \u00e9nergies renouvelables s&rsquo;impose d\u00e9sormais comme une priorit\u00e9 strat\u00e9gique pour l&rsquo;Alg\u00e9rie. Lors de son audition lundi devant la Commission des finances et du budget de l&rsquo;Assembl\u00e9e populaire nationale, le ministre de l&rsquo;Energie et des Energies renouvelables, Mourad Adjal, a d\u00e9taill\u00e9 l&rsquo;ambitieux programme de transition \u00e9nerg\u00e9tique inscrit dans le projet de loi de finances 2026, dot\u00e9 d&rsquo;une enveloppe de 133,6 milliards de dinars. Cette strat\u00e9gie vise \u00e0 r\u00e9\u00e9quilibrer progressivement le mix \u00e9nerg\u00e9tique national en r\u00e9duisant la d\u00e9pendance aux combustibles fossiles, tout en renfor\u00e7ant la s\u00e9curit\u00e9 \u00e9nerg\u00e9tique du pays et en cr\u00e9ant de nouvelles opportunit\u00e9s industrielles. Face aux membres de la commission pr\u00e9sid\u00e9e par Mohamed Benhachem et en pr\u00e9sence de la ministre des Relations avec le Parlement, Nadjiba Djilali, Mourad Adjal a r\u00e9affirm\u00e9 que \u00ab\u00a0le d\u00e9veloppement des \u00e9nergies nouvelles et renouvelables ainsi que l&rsquo;efficacit\u00e9 \u00e9nerg\u00e9tique figuraient parmi les priorit\u00e9s de la strat\u00e9gie \u00e9nerg\u00e9tique nationale\u00a0\u00bb. Le ministre a soulign\u00e9 que la nouvelle organisation du secteur permettra de \u00ab\u00a0concentrer ses efforts sur l&rsquo;acc\u00e9l\u00e9ration de la r\u00e9alisation des objectifs fix\u00e9s\u00a0\u00bb, notamment la diversification des ressources \u00e9nerg\u00e9tiques pour \u00ab\u00a0atteindre un mix \u00e9nerg\u00e9tique \u00e9quilibr\u00e9 mobilisant l&rsquo;ensemble des sources disponibles\u00a0\u00bb. Au c\u0153ur de cette strat\u00e9gie figure le projet phare de production de 15.000 m\u00e9gawatts d&rsquo;\u00e9nergies renouvelables d&rsquo;ici 2035. La premi\u00e8re phase, d&rsquo;une capacit\u00e9 de 3.200 m\u00e9gawatts, est actuellement en cours de d\u00e9ploiement \u00e0 travers quatorze wilayas du pays. Ce programme s&rsquo;accompagne d&rsquo;une op\u00e9ration parall\u00e8le visant \u00e0 raccorder les zones \u00e9loign\u00e9es, particuli\u00e8rement dans le sud du pays, au r\u00e9seau \u00e9lectrique via des syst\u00e8mes solaires individuels et des centrales photovolta\u00efques hors r\u00e9seau. Selon le ministre, ce vaste chantier permettra non seulement d&rsquo;\u00e9conomiser le gaz naturel, mais aussi de \u00ab\u00a0d\u00e9velopper une industrie tout au long de la cha\u00eene de valeur, de stimuler la dynamique de l&rsquo;hydrog\u00e8ne vert, d&rsquo;exporter l&rsquo;\u00e9lectricit\u00e9 produite \u00e0 partir de sources renouvelables et de r\u00e9duire l&#8217;empreinte carbone\u00a0\u00bb.<\/p>\n\n\n\n<p>38,87 milliards de dinars d&rsquo;exportations<\/p>\n\n\n\n<p>L&rsquo;enveloppe budg\u00e9taire allou\u00e9e au secteur servira principalement \u00e0 financer les projets de raccordement en \u00e9lectricit\u00e9 et en gaz, \u00e0 maintenir la subvention de la facture d&rsquo;\u00e9lectricit\u00e9 dans les wilayas du Sud et trois wilayas des Hauts-Plateaux (Djelfa, El Bayadh et Na\u00e2ma), une mesure qui co\u00fbte \u00e0 l&rsquo;\u00c9tat \u00ab\u00a0plus de 20 milliards de dinars par an\u00a0\u00bb, ainsi qu&rsquo;\u00e0 soutenir le d\u00e9veloppement des \u00e9nergies nouvelles et la ma\u00eetrise de l&rsquo;\u00e9nergie. Sur le plan de l&rsquo;hydrog\u00e8ne vert, Mourad Adjal a mis en avant les importantes potentialit\u00e9s de l&rsquo;Alg\u00e9rie dans ce domaine \u00e9mergent. Le pays a entam\u00e9 la deuxi\u00e8me phase de sa strat\u00e9gie nationale avec des projets pilotes men\u00e9s par Sonelgaz et Sonatrach pour produire cette ressource alternative. Des \u00e9tudes de faisabilit\u00e9 technique et \u00e9conomique ont \u00e9t\u00e9 lanc\u00e9es pour des projets d&rsquo;ammoniac vert et de carburant alternatif durable. L&rsquo;Alg\u00e9rie participe \u00e9galement au projet strat\u00e9gique du Corridor sud \u00ab\u00a0SoutH2 Corridor\u00a0\u00bb qui reliera le pays \u00e0 l&rsquo;Allemagne via l&rsquo;Italie et l&rsquo;Autriche, des accords ayant \u00e9t\u00e9 conclus avec des compagnies \u00e9trang\u00e8res pour \u00e9tudier le raccordement et la commercialisation de l&rsquo;hydrog\u00e8ne vers les pays du nord de la M\u00e9diterran\u00e9e. Le ministre a toutefois rappel\u00e9 que \u00ab\u00a0l&rsquo;ex\u00e9cution de la strat\u00e9gie nationale de d\u00e9veloppement de ce secteur exige la r\u00e9union de plusieurs facteurs, dont la mise en place d&rsquo;un cadre r\u00e9glementaire et institutionnel, la relance des \u00e9tudes, la qualification du capital humain, le transfert technologique et le financement, mais surtout un march\u00e9 transparent et concurrentiel\u00a0\u00bb. Concernant le renforcement des infrastructures, le groupe Sonelgaz concentre ses efforts sur les interconnexions entre les diff\u00e9rentes r\u00e9gions pour garantir la s\u00e9curit\u00e9 de l&rsquo;approvisionnement \u00e9nerg\u00e9tique, r\u00e9duire les co\u00fbts et adapter le r\u00e9seau aux exigences de l&rsquo;int\u00e9gration des \u00e9nergies renouvelables. Sur le plan continental, le ministre a soulign\u00e9 la volont\u00e9 de l&rsquo;Alg\u00e9rie de partager son expertise avec les pays africains, Sonelgaz ayant d\u00e9j\u00e0 r\u00e9alis\u00e9 pour 38,87 milliards de dinars d&rsquo;exportations d&rsquo;\u00e9lectricit\u00e9, d&rsquo;\u00e9quipements et de services vers la Tunisie, la Libye, l&rsquo;Italie et l&rsquo;Irak, incluant notamment 2.663 gigawattheures d&rsquo;\u00e9lectricit\u00e9.<\/p>\n\n\n\n<p>Samira Ghrib<\/p>\n","protected":false},"excerpt":{"rendered":"<p>15.000 m\u00e9gawatts d&rsquo;\u00e9nergies renouvelables \u00e0 l&rsquo;horizon 2035, interconnexions r\u00e9gionales renforc\u00e9es et d\u00e9veloppement de l&rsquo;hydrog\u00e8ne vert : l&rsquo;Alg\u00e9rie acc\u00e9l\u00e8re sa diversification<\/p>\n","protected":false},"author":6,"featured_media":75469,"comment_status":"open","ping_status":"closed","sticky":false,"template":"","format":"standard","meta":{"colormag_page_container_layout":"default_layout","colormag_page_sidebar_layout":"default_layout","om_disable_all_campaigns":false,"_monsterinsights_skip_tracking":false,"_monsterinsights_sitenote_active":false,"_monsterinsights_sitenote_note":"","_monsterinsights_sitenote_category":0,"footnotes":"","_wpscppro_dont_share_socialmedia":false,"_wpscppro_custom_social_share_image":0,"_facebook_share_type":"default","_twitter_share_type":"default","_linkedin_share_type":"default","_pinterest_share_type":"default","_linkedin_share_type_page":"","_instagram_share_type":"default","_medium_share_type":"default","_threads_share_type":"default","_google_business_share_type":"default","_selected_social_profile":[],"_wpsp_enable_custom_social_template":false,"_wpsp_social_scheduling":{"enabled":false,"datetime":null,"platforms":[],"status":"template_only","dateOption":"today","timeOption":"now","customDays":"","customHours":"","customDate":"","customTime":"","schedulingType":"absolute"},"_wpsp_active_default_template":true},"categories":[52,29],"tags":[],"class_list":["post-75467","post","type-post","status-publish","format-standard","has-post-thumbnail","hentry","category-a-la-une","category-economie"],"aioseo_notices":[],"yoast_head":"<!-- This site is optimized with the Yoast SEO plugin v27.5 - https:\/\/yoast.com\/product\/yoast-seo-wordpress\/ -->\n<title>La transition \u00e9nerg\u00e9tique, une priorit\u00e9 - La Sentinelle<\/title>\n<meta name=\"robots\" content=\"index, follow, max-snippet:-1, max-image-preview:large, max-video-preview:-1\" \/>\n<link rel=\"canonical\" href=\"https:\/\/lasentinelle.dz\/index.php\/2025\/10\/28\/la-transition-energetique-une-priorite\/\" \/>\n<meta property=\"og:locale\" content=\"fr_FR\" \/>\n<meta property=\"og:type\" content=\"article\" \/>\n<meta property=\"og:title\" content=\"La transition \u00e9nerg\u00e9tique, une priorit\u00e9 - La Sentinelle\" \/>\n<meta property=\"og:description\" content=\"15.000 m\u00e9gawatts d&rsquo;\u00e9nergies renouvelables \u00e0 l&rsquo;horizon 2035, interconnexions r\u00e9gionales renforc\u00e9es et d\u00e9veloppement de l&rsquo;hydrog\u00e8ne vert : l&rsquo;Alg\u00e9rie acc\u00e9l\u00e8re sa diversification\" \/>\n<meta property=\"og:url\" content=\"https:\/\/lasentinelle.dz\/index.php\/2025\/10\/28\/la-transition-energetique-une-priorite\/\" \/>\n<meta property=\"og:site_name\" content=\"La Sentinelle\" \/>\n<meta property=\"article:publisher\" content=\"https:\/\/www.facebook.com\/La-Sentinelle-104059864394773\" \/>\n<meta property=\"article:published_time\" content=\"2025-10-28T18:04:29+00:00\" \/>\n<meta property=\"article:modified_time\" content=\"2025-10-28T18:04:30+00:00\" \/>\n<meta property=\"og:image\" content=\"https:\/\/lasentinelle.dz\/wp-content\/uploads\/2025\/10\/ENR.gif\" \/>\n\t<meta property=\"og:image:width\" content=\"1900\" \/>\n\t<meta property=\"og:image:height\" content=\"1265\" \/>\n\t<meta property=\"og:image:type\" content=\"image\/gif\" \/>\n<meta name=\"author\" content=\"admin\" \/>\n<meta name=\"twitter:card\" content=\"summary_large_image\" \/>\n<meta name=\"twitter:label1\" content=\"\u00c9crit par\" \/>\n\t<meta name=\"twitter:data1\" content=\"admin\" \/>\n\t<meta name=\"twitter:label2\" content=\"Dur\u00e9e de lecture estim\u00e9e\" \/>\n\t<meta name=\"twitter:data2\" content=\"4 minutes\" \/>\n<script type=\"application\/ld+json\" class=\"yoast-schema-graph\">{\"@context\":\"https:\\\/\\\/schema.org\",\"@graph\":[{\"@type\":\"Article\",\"@id\":\"https:\\\/\\\/lasentinelle.dz\\\/index.php\\\/2025\\\/10\\\/28\\\/la-transition-energetique-une-priorite\\\/#article\",\"isPartOf\":{\"@id\":\"https:\\\/\\\/lasentinelle.dz\\\/index.php\\\/2025\\\/10\\\/28\\\/la-transition-energetique-une-priorite\\\/\"},\"author\":{\"name\":\"admin\",\"@id\":\"https:\\\/\\\/lasentinelle.dz\\\/#\\\/schema\\\/person\\\/729ee0024f24e0b8c5ec17232f8e8b41\"},\"headline\":\"La transition \u00e9nerg\u00e9tique, une priorit\u00e9\",\"datePublished\":\"2025-10-28T18:04:29+00:00\",\"dateModified\":\"2025-10-28T18:04:30+00:00\",\"mainEntityOfPage\":{\"@id\":\"https:\\\/\\\/lasentinelle.dz\\\/index.php\\\/2025\\\/10\\\/28\\\/la-transition-energetique-une-priorite\\\/\"},\"wordCount\":789,\"commentCount\":0,\"publisher\":{\"@id\":\"https:\\\/\\\/lasentinelle.dz\\\/#organization\"},\"image\":{\"@id\":\"https:\\\/\\\/lasentinelle.dz\\\/index.php\\\/2025\\\/10\\\/28\\\/la-transition-energetique-une-priorite\\\/#primaryimage\"},\"thumbnailUrl\":\"https:\\\/\\\/lasentinelle.dz\\\/wp-content\\\/uploads\\\/2025\\\/10\\\/ENR.gif\",\"articleSection\":[\"\u00c0 la Une\",\"\u00c9conomie\"],\"inLanguage\":\"fr-FR\",\"potentialAction\":[{\"@type\":\"CommentAction\",\"name\":\"Comment\",\"target\":[\"https:\\\/\\\/lasentinelle.dz\\\/index.php\\\/2025\\\/10\\\/28\\\/la-transition-energetique-une-priorite\\\/#respond\"]}]},{\"@type\":\"WebPage\",\"@id\":\"https:\\\/\\\/lasentinelle.dz\\\/index.php\\\/2025\\\/10\\\/28\\\/la-transition-energetique-une-priorite\\\/\",\"url\":\"https:\\\/\\\/lasentinelle.dz\\\/index.php\\\/2025\\\/10\\\/28\\\/la-transition-energetique-une-priorite\\\/\",\"name\":\"La transition \u00e9nerg\u00e9tique, une priorit\u00e9 - La Sentinelle\",\"isPartOf\":{\"@id\":\"https:\\\/\\\/lasentinelle.dz\\\/#website\"},\"primaryImageOfPage\":{\"@id\":\"https:\\\/\\\/lasentinelle.dz\\\/index.php\\\/2025\\\/10\\\/28\\\/la-transition-energetique-une-priorite\\\/#primaryimage\"},\"image\":{\"@id\":\"https:\\\/\\\/lasentinelle.dz\\\/index.php\\\/2025\\\/10\\\/28\\\/la-transition-energetique-une-priorite\\\/#primaryimage\"},\"thumbnailUrl\":\"https:\\\/\\\/lasentinelle.dz\\\/wp-content\\\/uploads\\\/2025\\\/10\\\/ENR.gif\",\"datePublished\":\"2025-10-28T18:04:29+00:00\",\"dateModified\":\"2025-10-28T18:04:30+00:00\",\"breadcrumb\":{\"@id\":\"https:\\\/\\\/lasentinelle.dz\\\/index.php\\\/2025\\\/10\\\/28\\\/la-transition-energetique-une-priorite\\\/#breadcrumb\"},\"inLanguage\":\"fr-FR\",\"potentialAction\":[{\"@type\":\"ReadAction\",\"target\":[\"https:\\\/\\\/lasentinelle.dz\\\/index.php\\\/2025\\\/10\\\/28\\\/la-transition-energetique-une-priorite\\\/\"]}]},{\"@type\":\"ImageObject\",\"inLanguage\":\"fr-FR\",\"@id\":\"https:\\\/\\\/lasentinelle.dz\\\/index.php\\\/2025\\\/10\\\/28\\\/la-transition-energetique-une-priorite\\\/#primaryimage\",\"url\":\"https:\\\/\\\/lasentinelle.dz\\\/wp-content\\\/uploads\\\/2025\\\/10\\\/ENR.gif\",\"contentUrl\":\"https:\\\/\\\/lasentinelle.dz\\\/wp-content\\\/uploads\\\/2025\\\/10\\\/ENR.gif\",\"width\":1900,\"height\":1265},{\"@type\":\"BreadcrumbList\",\"@id\":\"https:\\\/\\\/lasentinelle.dz\\\/index.php\\\/2025\\\/10\\\/28\\\/la-transition-energetique-une-priorite\\\/#breadcrumb\",\"itemListElement\":[{\"@type\":\"ListItem\",\"position\":1,\"name\":\"Accueil\",\"item\":\"https:\\\/\\\/lasentinelle.dz\\\/\"},{\"@type\":\"ListItem\",\"position\":2,\"name\":\"La transition \u00e9nerg\u00e9tique, une priorit\u00e9\"}]},{\"@type\":\"WebSite\",\"@id\":\"https:\\\/\\\/lasentinelle.dz\\\/#website\",\"url\":\"https:\\\/\\\/lasentinelle.dz\\\/\",\"name\":\"La Sentinelle\",\"description\":\"Quotidien national d&#039;information\",\"publisher\":{\"@id\":\"https:\\\/\\\/lasentinelle.dz\\\/#organization\"},\"potentialAction\":[{\"@type\":\"SearchAction\",\"target\":{\"@type\":\"EntryPoint\",\"urlTemplate\":\"https:\\\/\\\/lasentinelle.dz\\\/?s={search_term_string}\"},\"query-input\":{\"@type\":\"PropertyValueSpecification\",\"valueRequired\":true,\"valueName\":\"search_term_string\"}}],\"inLanguage\":\"fr-FR\"},{\"@type\":\"Organization\",\"@id\":\"https:\\\/\\\/lasentinelle.dz\\\/#organization\",\"name\":\"Quotidien La Sentinelle\",\"url\":\"https:\\\/\\\/lasentinelle.dz\\\/\",\"logo\":{\"@type\":\"ImageObject\",\"inLanguage\":\"fr-FR\",\"@id\":\"https:\\\/\\\/lasentinelle.dz\\\/#\\\/schema\\\/logo\\\/image\\\/\",\"url\":\"https:\\\/\\\/lasentinelle.dz\\\/wp-content\\\/uploads\\\/2021\\\/09\\\/logo-sentinelleSLOGAN-1.png\",\"contentUrl\":\"https:\\\/\\\/lasentinelle.dz\\\/wp-content\\\/uploads\\\/2021\\\/09\\\/logo-sentinelleSLOGAN-1.png\",\"width\":615,\"height\":142,\"caption\":\"Quotidien La Sentinelle\"},\"image\":{\"@id\":\"https:\\\/\\\/lasentinelle.dz\\\/#\\\/schema\\\/logo\\\/image\\\/\"},\"sameAs\":[\"https:\\\/\\\/www.facebook.com\\\/La-Sentinelle-104059864394773\"]},{\"@type\":\"Person\",\"@id\":\"https:\\\/\\\/lasentinelle.dz\\\/#\\\/schema\\\/person\\\/729ee0024f24e0b8c5ec17232f8e8b41\",\"name\":\"admin\",\"image\":{\"@type\":\"ImageObject\",\"inLanguage\":\"fr-FR\",\"@id\":\"https:\\\/\\\/secure.gravatar.com\\\/avatar\\\/4c81fed838786e9b53f540bf46533e750f5d292099ae3b66cfc6fb1982e29df7?s=96&d=mm&r=g\",\"url\":\"https:\\\/\\\/secure.gravatar.com\\\/avatar\\\/4c81fed838786e9b53f540bf46533e750f5d292099ae3b66cfc6fb1982e29df7?s=96&d=mm&r=g\",\"contentUrl\":\"https:\\\/\\\/secure.gravatar.com\\\/avatar\\\/4c81fed838786e9b53f540bf46533e750f5d292099ae3b66cfc6fb1982e29df7?s=96&d=mm&r=g\",\"caption\":\"admin\"},\"description\":\"admin\",\"url\":\"https:\\\/\\\/lasentinelle.dz\\\/author\\\/admin\\\/\"}]}<\/script>\n<!-- \/ Yoast SEO plugin. -->","yoast_head_json":{"title":"La transition \u00e9nerg\u00e9tique, une priorit\u00e9 - La Sentinelle","robots":{"index":"index","follow":"follow","max-snippet":"max-snippet:-1","max-image-preview":"max-image-preview:large","max-video-preview":"max-video-preview:-1"},"canonical":"https:\/\/lasentinelle.dz\/index.php\/2025\/10\/28\/la-transition-energetique-une-priorite\/","og_locale":"fr_FR","og_type":"article","og_title":"La transition \u00e9nerg\u00e9tique, une priorit\u00e9 - La Sentinelle","og_description":"15.000 m\u00e9gawatts d&rsquo;\u00e9nergies renouvelables \u00e0 l&rsquo;horizon 2035, interconnexions r\u00e9gionales renforc\u00e9es et d\u00e9veloppement de l&rsquo;hydrog\u00e8ne vert : l&rsquo;Alg\u00e9rie acc\u00e9l\u00e8re sa diversification","og_url":"https:\/\/lasentinelle.dz\/index.php\/2025\/10\/28\/la-transition-energetique-une-priorite\/","og_site_name":"La Sentinelle","article_publisher":"https:\/\/www.facebook.com\/La-Sentinelle-104059864394773","article_published_time":"2025-10-28T18:04:29+00:00","article_modified_time":"2025-10-28T18:04:30+00:00","og_image":[{"width":1900,"height":1265,"url":"https:\/\/lasentinelle.dz\/wp-content\/uploads\/2025\/10\/ENR.gif","type":"image\/gif"}],"author":"admin","twitter_card":"summary_large_image","twitter_misc":{"\u00c9crit par":"admin","Dur\u00e9e de lecture estim\u00e9e":"4 minutes"},"schema":{"@context":"https:\/\/schema.org","@graph":[{"@type":"Article","@id":"https:\/\/lasentinelle.dz\/index.php\/2025\/10\/28\/la-transition-energetique-une-priorite\/#article","isPartOf":{"@id":"https:\/\/lasentinelle.dz\/index.php\/2025\/10\/28\/la-transition-energetique-une-priorite\/"},"author":{"name":"admin","@id":"https:\/\/lasentinelle.dz\/#\/schema\/person\/729ee0024f24e0b8c5ec17232f8e8b41"},"headline":"La transition \u00e9nerg\u00e9tique, une priorit\u00e9","datePublished":"2025-10-28T18:04:29+00:00","dateModified":"2025-10-28T18:04:30+00:00","mainEntityOfPage":{"@id":"https:\/\/lasentinelle.dz\/index.php\/2025\/10\/28\/la-transition-energetique-une-priorite\/"},"wordCount":789,"commentCount":0,"publisher":{"@id":"https:\/\/lasentinelle.dz\/#organization"},"image":{"@id":"https:\/\/lasentinelle.dz\/index.php\/2025\/10\/28\/la-transition-energetique-une-priorite\/#primaryimage"},"thumbnailUrl":"https:\/\/lasentinelle.dz\/wp-content\/uploads\/2025\/10\/ENR.gif","articleSection":["\u00c0 la Une","\u00c9conomie"],"inLanguage":"fr-FR","potentialAction":[{"@type":"CommentAction","name":"Comment","target":["https:\/\/lasentinelle.dz\/index.php\/2025\/10\/28\/la-transition-energetique-une-priorite\/#respond"]}]},{"@type":"WebPage","@id":"https:\/\/lasentinelle.dz\/index.php\/2025\/10\/28\/la-transition-energetique-une-priorite\/","url":"https:\/\/lasentinelle.dz\/index.php\/2025\/10\/28\/la-transition-energetique-une-priorite\/","name":"La transition \u00e9nerg\u00e9tique, une priorit\u00e9 - La Sentinelle","isPartOf":{"@id":"https:\/\/lasentinelle.dz\/#website"},"primaryImageOfPage":{"@id":"https:\/\/lasentinelle.dz\/index.php\/2025\/10\/28\/la-transition-energetique-une-priorite\/#primaryimage"},"image":{"@id":"https:\/\/lasentinelle.dz\/index.php\/2025\/10\/28\/la-transition-energetique-une-priorite\/#primaryimage"},"thumbnailUrl":"https:\/\/lasentinelle.dz\/wp-content\/uploads\/2025\/10\/ENR.gif","datePublished":"2025-10-28T18:04:29+00:00","dateModified":"2025-10-28T18:04:30+00:00","breadcrumb":{"@id":"https:\/\/lasentinelle.dz\/index.php\/2025\/10\/28\/la-transition-energetique-une-priorite\/#breadcrumb"},"inLanguage":"fr-FR","potentialAction":[{"@type":"ReadAction","target":["https:\/\/lasentinelle.dz\/index.php\/2025\/10\/28\/la-transition-energetique-une-priorite\/"]}]},{"@type":"ImageObject","inLanguage":"fr-FR","@id":"https:\/\/lasentinelle.dz\/index.php\/2025\/10\/28\/la-transition-energetique-une-priorite\/#primaryimage","url":"https:\/\/lasentinelle.dz\/wp-content\/uploads\/2025\/10\/ENR.gif","contentUrl":"https:\/\/lasentinelle.dz\/wp-content\/uploads\/2025\/10\/ENR.gif","width":1900,"height":1265},{"@type":"BreadcrumbList","@id":"https:\/\/lasentinelle.dz\/index.php\/2025\/10\/28\/la-transition-energetique-une-priorite\/#breadcrumb","itemListElement":[{"@type":"ListItem","position":1,"name":"Accueil","item":"https:\/\/lasentinelle.dz\/"},{"@type":"ListItem","position":2,"name":"La transition \u00e9nerg\u00e9tique, une priorit\u00e9"}]},{"@type":"WebSite","@id":"https:\/\/lasentinelle.dz\/#website","url":"https:\/\/lasentinelle.dz\/","name":"La Sentinelle","description":"Quotidien national d&#039;information","publisher":{"@id":"https:\/\/lasentinelle.dz\/#organization"},"potentialAction":[{"@type":"SearchAction","target":{"@type":"EntryPoint","urlTemplate":"https:\/\/lasentinelle.dz\/?s={search_term_string}"},"query-input":{"@type":"PropertyValueSpecification","valueRequired":true,"valueName":"search_term_string"}}],"inLanguage":"fr-FR"},{"@type":"Organization","@id":"https:\/\/lasentinelle.dz\/#organization","name":"Quotidien La Sentinelle","url":"https:\/\/lasentinelle.dz\/","logo":{"@type":"ImageObject","inLanguage":"fr-FR","@id":"https:\/\/lasentinelle.dz\/#\/schema\/logo\/image\/","url":"https:\/\/lasentinelle.dz\/wp-content\/uploads\/2021\/09\/logo-sentinelleSLOGAN-1.png","contentUrl":"https:\/\/lasentinelle.dz\/wp-content\/uploads\/2021\/09\/logo-sentinelleSLOGAN-1.png","width":615,"height":142,"caption":"Quotidien La Sentinelle"},"image":{"@id":"https:\/\/lasentinelle.dz\/#\/schema\/logo\/image\/"},"sameAs":["https:\/\/www.facebook.com\/La-Sentinelle-104059864394773"]},{"@type":"Person","@id":"https:\/\/lasentinelle.dz\/#\/schema\/person\/729ee0024f24e0b8c5ec17232f8e8b41","name":"admin","image":{"@type":"ImageObject","inLanguage":"fr-FR","@id":"https:\/\/secure.gravatar.com\/avatar\/4c81fed838786e9b53f540bf46533e750f5d292099ae3b66cfc6fb1982e29df7?s=96&d=mm&r=g","url":"https:\/\/secure.gravatar.com\/avatar\/4c81fed838786e9b53f540bf46533e750f5d292099ae3b66cfc6fb1982e29df7?s=96&d=mm&r=g","contentUrl":"https:\/\/secure.gravatar.com\/avatar\/4c81fed838786e9b53f540bf46533e750f5d292099ae3b66cfc6fb1982e29df7?s=96&d=mm&r=g","caption":"admin"},"description":"admin","url":"https:\/\/lasentinelle.dz\/author\/admin\/"}]}},"_links":{"self":[{"href":"https:\/\/lasentinelle.dz\/index.php\/wp-json\/wp\/v2\/posts\/75467","targetHints":{"allow":["GET"]}}],"collection":[{"href":"https:\/\/lasentinelle.dz\/index.php\/wp-json\/wp\/v2\/posts"}],"about":[{"href":"https:\/\/lasentinelle.dz\/index.php\/wp-json\/wp\/v2\/types\/post"}],"author":[{"embeddable":true,"href":"https:\/\/lasentinelle.dz\/index.php\/wp-json\/wp\/v2\/users\/6"}],"replies":[{"embeddable":true,"href":"https:\/\/lasentinelle.dz\/index.php\/wp-json\/wp\/v2\/comments?post=75467"}],"version-history":[{"count":1,"href":"https:\/\/lasentinelle.dz\/index.php\/wp-json\/wp\/v2\/posts\/75467\/revisions"}],"predecessor-version":[{"id":75470,"href":"https:\/\/lasentinelle.dz\/index.php\/wp-json\/wp\/v2\/posts\/75467\/revisions\/75470"}],"wp:featuredmedia":[{"embeddable":true,"href":"https:\/\/lasentinelle.dz\/index.php\/wp-json\/wp\/v2\/media\/75469"}],"wp:attachment":[{"href":"https:\/\/lasentinelle.dz\/index.php\/wp-json\/wp\/v2\/media?parent=75467"}],"wp:term":[{"taxonomy":"category","embeddable":true,"href":"https:\/\/lasentinelle.dz\/index.php\/wp-json\/wp\/v2\/categories?post=75467"},{"taxonomy":"post_tag","embeddable":true,"href":"https:\/\/lasentinelle.dz\/index.php\/wp-json\/wp\/v2\/tags?post=75467"}],"curies":[{"name":"wp","href":"https:\/\/api.w.org\/{rel}","templated":true}]}}