{"id":75471,"date":"2025-10-28T19:00:00","date_gmt":"2025-10-28T18:00:00","guid":{"rendered":"https:\/\/lasentinelle.dz\/?p=75471"},"modified":"2025-10-28T19:05:57","modified_gmt":"2025-10-28T18:05:57","slug":"travaux-publics-des-groupements-regionaux-dentreprises-privees-bientot-crees","status":"publish","type":"post","link":"https:\/\/lasentinelle.dz\/index.php\/2025\/10\/28\/travaux-publics-des-groupements-regionaux-dentreprises-privees-bientot-crees\/","title":{"rendered":"Travaux publics\u00a0: Des groupements r\u00e9gionaux d&rsquo;entreprises priv\u00e9es bient\u00f4t cr\u00e9\u00e9s"},"content":{"rendered":"\n<p>Le secteur des travaux publics s&rsquo;appr\u00eate \u00e0 franchir un nouveau cap avec l&rsquo;implication accrue du secteur priv\u00e9 dans la r\u00e9alisation des grands projets d&rsquo;infrastructures \u00e0 travers le pays. Le ministre des Travaux publics et des Infrastructures de base, Abdelkader Djellaoui, a annonc\u00e9 lundi \u00e0 Sa\u00efda la cr\u00e9ation prochaine de regroupements r\u00e9gionaux r\u00e9unissant des entreprises priv\u00e9es de r\u00e9alisation, qui participeront aux c\u00f4t\u00e9s des entreprises publiques \u00e0 la mise en \u0153uvre des programmes et plans du secteur \u00e0 l&rsquo;\u00e9chelle nationale. &nbsp;\u00ab Des groupements r\u00e9gionaux seront constitu\u00e9s dans les diff\u00e9rentes r\u00e9gions du pays, rassemblant des entreprises priv\u00e9es qui contribueront, aux c\u00f4t\u00e9s des entreprises publiques, \u00e0 la r\u00e9alisation des grandes infrastructures et des projets majeurs tels que le r\u00e9seau routier et son entretien \u00bb, a pr\u00e9cis\u00e9 M. Djellaoui. Cette initiative s&rsquo;inscrit dans une volont\u00e9 de cr\u00e9er une v\u00e9ritable compl\u00e9mentarit\u00e9 entre secteurs public et priv\u00e9. Le ministre a indiqu\u00e9 qu&rsquo;\u00ab un recensement des entreprises priv\u00e9es concern\u00e9es sera effectu\u00e9 \u00e0 l&rsquo;\u00e9chelle nationale, et ces derni\u00e8res seront invit\u00e9es au si\u00e8ge du minist\u00e8re afin de leur pr\u00e9senter la nouvelle vision du minist\u00e8re des Travaux publics et des Infrastructures de base \u00bb. L&rsquo;objectif affich\u00e9 est clair : \u00ab encourager ces entrepreneurs \u00e0 participer aux appels d&rsquo;offres relatifs aux grands projets d&rsquo;infrastructures du secteur des travaux publics, dans le but de renforcer l&rsquo;efficacit\u00e9 et la performance dans la mise en \u0153uvre de ces programmes \u00bb. Au-del\u00e0 de la r\u00e9alisation des infrastructures programm\u00e9es, ces groupements r\u00e9gionaux auront \u00e9galement une mission d&rsquo;intervention rapide. Selon le ministre, cette op\u00e9ration permettra de \u00ab mobiliser les entreprises priv\u00e9es membres de ces regroupements pour la r\u00e9alisation de grands projets du secteur, notamment en cas de situations d&rsquo;urgence dans une wilaya donn\u00e9e, comme les inondations ou d&rsquo;autres catastrophes naturelles \u00bb. Une dimension strat\u00e9gique qui conf\u00e8re \u00e0 cette initiative un caract\u00e8re \u00e0 la fois \u00e9conomique et s\u00e9curitaire.<\/p>\n\n\n\n<p>Amar Malki<\/p>\n","protected":false},"excerpt":{"rendered":"<p>Le secteur des travaux publics s&rsquo;appr\u00eate \u00e0 franchir un nouveau cap avec l&rsquo;implication accrue du secteur priv\u00e9 dans la r\u00e9alisation<\/p>\n","protected":false},"author":6,"featured_media":55235,"comment_status":"open","ping_status":"closed","sticky":false,"template":"","format":"standard","meta":{"colormag_page_container_layout":"default_layout","colormag_page_sidebar_layout":"default_layout","om_disable_all_campaigns":false,"_monsterinsights_skip_tracking":false,"_monsterinsights_sitenote_active":false,"_monsterinsights_sitenote_note":"","_monsterinsights_sitenote_category":0,"footnotes":"","_wpscppro_dont_share_socialmedia":false,"_wpscppro_custom_social_share_image":0,"_facebook_share_type":"default","_twitter_share_type":"default","_linkedin_share_type":"default","_pinterest_share_type":"default","_linkedin_share_type_page":"","_instagram_share_type":"default","_medium_share_type":"default","_threads_share_type":"default","_google_business_share_type":"default","_selected_social_profile":[],"_wpsp_enable_custom_social_template":false,"_wpsp_social_scheduling":{"enabled":false,"datetime":null,"platforms":[],"status":"template_only","dateOption":"today","timeOption":"now","customDays":"","customHours":"","customDate":"","customTime":"","schedulingType":"absolute"},"_wpsp_active_default_template":true},"categories":[29],"tags":[],"class_list":["post-75471","post","type-post","status-publish","format-standard","has-post-thumbnail","hentry","category-economie"],"aioseo_notices":[],"yoast_head":"<!-- This site is optimized with the Yoast SEO plugin v27.5 - https:\/\/yoast.com\/product\/yoast-seo-wordpress\/ -->\n<title>Travaux publics\u00a0: Des groupements r\u00e9gionaux d&rsquo;entreprises priv\u00e9es bient\u00f4t cr\u00e9\u00e9s - La Sentinelle<\/title>\n<meta name=\"robots\" content=\"index, follow, max-snippet:-1, max-image-preview:large, max-video-preview:-1\" \/>\n<link rel=\"canonical\" href=\"https:\/\/lasentinelle.dz\/index.php\/2025\/10\/28\/travaux-publics-des-groupements-regionaux-dentreprises-privees-bientot-crees\/\" \/>\n<meta property=\"og:locale\" content=\"fr_FR\" \/>\n<meta property=\"og:type\" content=\"article\" \/>\n<meta property=\"og:title\" content=\"Travaux publics\u00a0: Des groupements r\u00e9gionaux d&rsquo;entreprises priv\u00e9es bient\u00f4t cr\u00e9\u00e9s - La Sentinelle\" \/>\n<meta property=\"og:description\" content=\"Le secteur des travaux publics s&rsquo;appr\u00eate \u00e0 franchir un nouveau cap avec l&rsquo;implication accrue du secteur priv\u00e9 dans la r\u00e9alisation\" \/>\n<meta property=\"og:url\" content=\"https:\/\/lasentinelle.dz\/index.php\/2025\/10\/28\/travaux-publics-des-groupements-regionaux-dentreprises-privees-bientot-crees\/\" \/>\n<meta property=\"og:site_name\" content=\"La Sentinelle\" \/>\n<meta property=\"article:publisher\" content=\"https:\/\/www.facebook.com\/La-Sentinelle-104059864394773\" \/>\n<meta property=\"article:published_time\" content=\"2025-10-28T18:00:00+00:00\" \/>\n<meta property=\"article:modified_time\" content=\"2025-10-28T18:05:57+00:00\" \/>\n<meta property=\"og:image\" content=\"https:\/\/lasentinelle.dz\/wp-content\/uploads\/2024\/08\/travaux-publics.jpg\" \/>\n\t<meta property=\"og:image:width\" content=\"1079\" \/>\n\t<meta property=\"og:image:height\" content=\"720\" \/>\n\t<meta property=\"og:image:type\" content=\"image\/jpeg\" \/>\n<meta name=\"author\" content=\"admin\" \/>\n<meta name=\"twitter:card\" content=\"summary_large_image\" \/>\n<meta name=\"twitter:label1\" content=\"\u00c9crit par\" \/>\n\t<meta name=\"twitter:data1\" content=\"admin\" \/>\n\t<meta name=\"twitter:label2\" content=\"Dur\u00e9e de lecture estim\u00e9e\" \/>\n\t<meta name=\"twitter:data2\" content=\"2 minutes\" \/>\n<script type=\"application\/ld+json\" class=\"yoast-schema-graph\">{\"@context\":\"https:\\\/\\\/schema.org\",\"@graph\":[{\"@type\":\"Article\",\"@id\":\"https:\\\/\\\/lasentinelle.dz\\\/index.php\\\/2025\\\/10\\\/28\\\/travaux-publics-des-groupements-regionaux-dentreprises-privees-bientot-crees\\\/#article\",\"isPartOf\":{\"@id\":\"https:\\\/\\\/lasentinelle.dz\\\/index.php\\\/2025\\\/10\\\/28\\\/travaux-publics-des-groupements-regionaux-dentreprises-privees-bientot-crees\\\/\"},\"author\":{\"name\":\"admin\",\"@id\":\"https:\\\/\\\/lasentinelle.dz\\\/#\\\/schema\\\/person\\\/729ee0024f24e0b8c5ec17232f8e8b41\"},\"headline\":\"Travaux publics\u00a0: Des groupements r\u00e9gionaux d&rsquo;entreprises priv\u00e9es bient\u00f4t cr\u00e9\u00e9s\",\"datePublished\":\"2025-10-28T18:00:00+00:00\",\"dateModified\":\"2025-10-28T18:05:57+00:00\",\"mainEntityOfPage\":{\"@id\":\"https:\\\/\\\/lasentinelle.dz\\\/index.php\\\/2025\\\/10\\\/28\\\/travaux-publics-des-groupements-regionaux-dentreprises-privees-bientot-crees\\\/\"},\"wordCount\":354,\"commentCount\":0,\"publisher\":{\"@id\":\"https:\\\/\\\/lasentinelle.dz\\\/#organization\"},\"image\":{\"@id\":\"https:\\\/\\\/lasentinelle.dz\\\/index.php\\\/2025\\\/10\\\/28\\\/travaux-publics-des-groupements-regionaux-dentreprises-privees-bientot-crees\\\/#primaryimage\"},\"thumbnailUrl\":\"https:\\\/\\\/lasentinelle.dz\\\/wp-content\\\/uploads\\\/2024\\\/08\\\/travaux-publics.jpg\",\"articleSection\":[\"\u00c9conomie\"],\"inLanguage\":\"fr-FR\",\"potentialAction\":[{\"@type\":\"CommentAction\",\"name\":\"Comment\",\"target\":[\"https:\\\/\\\/lasentinelle.dz\\\/index.php\\\/2025\\\/10\\\/28\\\/travaux-publics-des-groupements-regionaux-dentreprises-privees-bientot-crees\\\/#respond\"]}]},{\"@type\":\"WebPage\",\"@id\":\"https:\\\/\\\/lasentinelle.dz\\\/index.php\\\/2025\\\/10\\\/28\\\/travaux-publics-des-groupements-regionaux-dentreprises-privees-bientot-crees\\\/\",\"url\":\"https:\\\/\\\/lasentinelle.dz\\\/index.php\\\/2025\\\/10\\\/28\\\/travaux-publics-des-groupements-regionaux-dentreprises-privees-bientot-crees\\\/\",\"name\":\"Travaux publics\u00a0: Des groupements r\u00e9gionaux d&rsquo;entreprises priv\u00e9es bient\u00f4t cr\u00e9\u00e9s - La Sentinelle\",\"isPartOf\":{\"@id\":\"https:\\\/\\\/lasentinelle.dz\\\/#website\"},\"primaryImageOfPage\":{\"@id\":\"https:\\\/\\\/lasentinelle.dz\\\/index.php\\\/2025\\\/10\\\/28\\\/travaux-publics-des-groupements-regionaux-dentreprises-privees-bientot-crees\\\/#primaryimage\"},\"image\":{\"@id\":\"https:\\\/\\\/lasentinelle.dz\\\/index.php\\\/2025\\\/10\\\/28\\\/travaux-publics-des-groupements-regionaux-dentreprises-privees-bientot-crees\\\/#primaryimage\"},\"thumbnailUrl\":\"https:\\\/\\\/lasentinelle.dz\\\/wp-content\\\/uploads\\\/2024\\\/08\\\/travaux-publics.jpg\",\"datePublished\":\"2025-10-28T18:00:00+00:00\",\"dateModified\":\"2025-10-28T18:05:57+00:00\",\"breadcrumb\":{\"@id\":\"https:\\\/\\\/lasentinelle.dz\\\/index.php\\\/2025\\\/10\\\/28\\\/travaux-publics-des-groupements-regionaux-dentreprises-privees-bientot-crees\\\/#breadcrumb\"},\"inLanguage\":\"fr-FR\",\"potentialAction\":[{\"@type\":\"ReadAction\",\"target\":[\"https:\\\/\\\/lasentinelle.dz\\\/index.php\\\/2025\\\/10\\\/28\\\/travaux-publics-des-groupements-regionaux-dentreprises-privees-bientot-crees\\\/\"]}]},{\"@type\":\"ImageObject\",\"inLanguage\":\"fr-FR\",\"@id\":\"https:\\\/\\\/lasentinelle.dz\\\/index.php\\\/2025\\\/10\\\/28\\\/travaux-publics-des-groupements-regionaux-dentreprises-privees-bientot-crees\\\/#primaryimage\",\"url\":\"https:\\\/\\\/lasentinelle.dz\\\/wp-content\\\/uploads\\\/2024\\\/08\\\/travaux-publics.jpg\",\"contentUrl\":\"https:\\\/\\\/lasentinelle.dz\\\/wp-content\\\/uploads\\\/2024\\\/08\\\/travaux-publics.jpg\",\"width\":1079,\"height\":720},{\"@type\":\"BreadcrumbList\",\"@id\":\"https:\\\/\\\/lasentinelle.dz\\\/index.php\\\/2025\\\/10\\\/28\\\/travaux-publics-des-groupements-regionaux-dentreprises-privees-bientot-crees\\\/#breadcrumb\",\"itemListElement\":[{\"@type\":\"ListItem\",\"position\":1,\"name\":\"Accueil\",\"item\":\"https:\\\/\\\/lasentinelle.dz\\\/\"},{\"@type\":\"ListItem\",\"position\":2,\"name\":\"Travaux publics\u00a0: Des groupements r\u00e9gionaux d&rsquo;entreprises priv\u00e9es bient\u00f4t cr\u00e9\u00e9s\"}]},{\"@type\":\"WebSite\",\"@id\":\"https:\\\/\\\/lasentinelle.dz\\\/#website\",\"url\":\"https:\\\/\\\/lasentinelle.dz\\\/\",\"name\":\"La Sentinelle\",\"description\":\"Quotidien national d&#039;information\",\"publisher\":{\"@id\":\"https:\\\/\\\/lasentinelle.dz\\\/#organization\"},\"potentialAction\":[{\"@type\":\"SearchAction\",\"target\":{\"@type\":\"EntryPoint\",\"urlTemplate\":\"https:\\\/\\\/lasentinelle.dz\\\/?s={search_term_string}\"},\"query-input\":{\"@type\":\"PropertyValueSpecification\",\"valueRequired\":true,\"valueName\":\"search_term_string\"}}],\"inLanguage\":\"fr-FR\"},{\"@type\":\"Organization\",\"@id\":\"https:\\\/\\\/lasentinelle.dz\\\/#organization\",\"name\":\"Quotidien La Sentinelle\",\"url\":\"https:\\\/\\\/lasentinelle.dz\\\/\",\"logo\":{\"@type\":\"ImageObject\",\"inLanguage\":\"fr-FR\",\"@id\":\"https:\\\/\\\/lasentinelle.dz\\\/#\\\/schema\\\/logo\\\/image\\\/\",\"url\":\"https:\\\/\\\/lasentinelle.dz\\\/wp-content\\\/uploads\\\/2021\\\/09\\\/logo-sentinelleSLOGAN-1.png\",\"contentUrl\":\"https:\\\/\\\/lasentinelle.dz\\\/wp-content\\\/uploads\\\/2021\\\/09\\\/logo-sentinelleSLOGAN-1.png\",\"width\":615,\"height\":142,\"caption\":\"Quotidien La Sentinelle\"},\"image\":{\"@id\":\"https:\\\/\\\/lasentinelle.dz\\\/#\\\/schema\\\/logo\\\/image\\\/\"},\"sameAs\":[\"https:\\\/\\\/www.facebook.com\\\/La-Sentinelle-104059864394773\"]},{\"@type\":\"Person\",\"@id\":\"https:\\\/\\\/lasentinelle.dz\\\/#\\\/schema\\\/person\\\/729ee0024f24e0b8c5ec17232f8e8b41\",\"name\":\"admin\",\"image\":{\"@type\":\"ImageObject\",\"inLanguage\":\"fr-FR\",\"@id\":\"https:\\\/\\\/secure.gravatar.com\\\/avatar\\\/4c81fed838786e9b53f540bf46533e750f5d292099ae3b66cfc6fb1982e29df7?s=96&d=mm&r=g\",\"url\":\"https:\\\/\\\/secure.gravatar.com\\\/avatar\\\/4c81fed838786e9b53f540bf46533e750f5d292099ae3b66cfc6fb1982e29df7?s=96&d=mm&r=g\",\"contentUrl\":\"https:\\\/\\\/secure.gravatar.com\\\/avatar\\\/4c81fed838786e9b53f540bf46533e750f5d292099ae3b66cfc6fb1982e29df7?s=96&d=mm&r=g\",\"caption\":\"admin\"},\"description\":\"admin\",\"url\":\"https:\\\/\\\/lasentinelle.dz\\\/author\\\/admin\\\/\"}]}<\/script>\n<!-- \/ Yoast SEO plugin. -->","yoast_head_json":{"title":"Travaux publics\u00a0: Des groupements r\u00e9gionaux d&rsquo;entreprises priv\u00e9es bient\u00f4t cr\u00e9\u00e9s - La Sentinelle","robots":{"index":"index","follow":"follow","max-snippet":"max-snippet:-1","max-image-preview":"max-image-preview:large","max-video-preview":"max-video-preview:-1"},"canonical":"https:\/\/lasentinelle.dz\/index.php\/2025\/10\/28\/travaux-publics-des-groupements-regionaux-dentreprises-privees-bientot-crees\/","og_locale":"fr_FR","og_type":"article","og_title":"Travaux publics\u00a0: Des groupements r\u00e9gionaux d&rsquo;entreprises priv\u00e9es bient\u00f4t cr\u00e9\u00e9s - La Sentinelle","og_description":"Le secteur des travaux publics s&rsquo;appr\u00eate \u00e0 franchir un nouveau cap avec l&rsquo;implication accrue du secteur priv\u00e9 dans la r\u00e9alisation","og_url":"https:\/\/lasentinelle.dz\/index.php\/2025\/10\/28\/travaux-publics-des-groupements-regionaux-dentreprises-privees-bientot-crees\/","og_site_name":"La Sentinelle","article_publisher":"https:\/\/www.facebook.com\/La-Sentinelle-104059864394773","article_published_time":"2025-10-28T18:00:00+00:00","article_modified_time":"2025-10-28T18:05:57+00:00","og_image":[{"width":1079,"height":720,"url":"https:\/\/lasentinelle.dz\/wp-content\/uploads\/2024\/08\/travaux-publics.jpg","type":"image\/jpeg"}],"author":"admin","twitter_card":"summary_large_image","twitter_misc":{"\u00c9crit par":"admin","Dur\u00e9e de lecture estim\u00e9e":"2 minutes"},"schema":{"@context":"https:\/\/schema.org","@graph":[{"@type":"Article","@id":"https:\/\/lasentinelle.dz\/index.php\/2025\/10\/28\/travaux-publics-des-groupements-regionaux-dentreprises-privees-bientot-crees\/#article","isPartOf":{"@id":"https:\/\/lasentinelle.dz\/index.php\/2025\/10\/28\/travaux-publics-des-groupements-regionaux-dentreprises-privees-bientot-crees\/"},"author":{"name":"admin","@id":"https:\/\/lasentinelle.dz\/#\/schema\/person\/729ee0024f24e0b8c5ec17232f8e8b41"},"headline":"Travaux publics\u00a0: Des groupements r\u00e9gionaux d&rsquo;entreprises priv\u00e9es bient\u00f4t cr\u00e9\u00e9s","datePublished":"2025-10-28T18:00:00+00:00","dateModified":"2025-10-28T18:05:57+00:00","mainEntityOfPage":{"@id":"https:\/\/lasentinelle.dz\/index.php\/2025\/10\/28\/travaux-publics-des-groupements-regionaux-dentreprises-privees-bientot-crees\/"},"wordCount":354,"commentCount":0,"publisher":{"@id":"https:\/\/lasentinelle.dz\/#organization"},"image":{"@id":"https:\/\/lasentinelle.dz\/index.php\/2025\/10\/28\/travaux-publics-des-groupements-regionaux-dentreprises-privees-bientot-crees\/#primaryimage"},"thumbnailUrl":"https:\/\/lasentinelle.dz\/wp-content\/uploads\/2024\/08\/travaux-publics.jpg","articleSection":["\u00c9conomie"],"inLanguage":"fr-FR","potentialAction":[{"@type":"CommentAction","name":"Comment","target":["https:\/\/lasentinelle.dz\/index.php\/2025\/10\/28\/travaux-publics-des-groupements-regionaux-dentreprises-privees-bientot-crees\/#respond"]}]},{"@type":"WebPage","@id":"https:\/\/lasentinelle.dz\/index.php\/2025\/10\/28\/travaux-publics-des-groupements-regionaux-dentreprises-privees-bientot-crees\/","url":"https:\/\/lasentinelle.dz\/index.php\/2025\/10\/28\/travaux-publics-des-groupements-regionaux-dentreprises-privees-bientot-crees\/","name":"Travaux publics\u00a0: Des groupements r\u00e9gionaux d&rsquo;entreprises priv\u00e9es bient\u00f4t cr\u00e9\u00e9s - La Sentinelle","isPartOf":{"@id":"https:\/\/lasentinelle.dz\/#website"},"primaryImageOfPage":{"@id":"https:\/\/lasentinelle.dz\/index.php\/2025\/10\/28\/travaux-publics-des-groupements-regionaux-dentreprises-privees-bientot-crees\/#primaryimage"},"image":{"@id":"https:\/\/lasentinelle.dz\/index.php\/2025\/10\/28\/travaux-publics-des-groupements-regionaux-dentreprises-privees-bientot-crees\/#primaryimage"},"thumbnailUrl":"https:\/\/lasentinelle.dz\/wp-content\/uploads\/2024\/08\/travaux-publics.jpg","datePublished":"2025-10-28T18:00:00+00:00","dateModified":"2025-10-28T18:05:57+00:00","breadcrumb":{"@id":"https:\/\/lasentinelle.dz\/index.php\/2025\/10\/28\/travaux-publics-des-groupements-regionaux-dentreprises-privees-bientot-crees\/#breadcrumb"},"inLanguage":"fr-FR","potentialAction":[{"@type":"ReadAction","target":["https:\/\/lasentinelle.dz\/index.php\/2025\/10\/28\/travaux-publics-des-groupements-regionaux-dentreprises-privees-bientot-crees\/"]}]},{"@type":"ImageObject","inLanguage":"fr-FR","@id":"https:\/\/lasentinelle.dz\/index.php\/2025\/10\/28\/travaux-publics-des-groupements-regionaux-dentreprises-privees-bientot-crees\/#primaryimage","url":"https:\/\/lasentinelle.dz\/wp-content\/uploads\/2024\/08\/travaux-publics.jpg","contentUrl":"https:\/\/lasentinelle.dz\/wp-content\/uploads\/2024\/08\/travaux-publics.jpg","width":1079,"height":720},{"@type":"BreadcrumbList","@id":"https:\/\/lasentinelle.dz\/index.php\/2025\/10\/28\/travaux-publics-des-groupements-regionaux-dentreprises-privees-bientot-crees\/#breadcrumb","itemListElement":[{"@type":"ListItem","position":1,"name":"Accueil","item":"https:\/\/lasentinelle.dz\/"},{"@type":"ListItem","position":2,"name":"Travaux publics\u00a0: Des groupements r\u00e9gionaux d&rsquo;entreprises priv\u00e9es bient\u00f4t cr\u00e9\u00e9s"}]},{"@type":"WebSite","@id":"https:\/\/lasentinelle.dz\/#website","url":"https:\/\/lasentinelle.dz\/","name":"La Sentinelle","description":"Quotidien national d&#039;information","publisher":{"@id":"https:\/\/lasentinelle.dz\/#organization"},"potentialAction":[{"@type":"SearchAction","target":{"@type":"EntryPoint","urlTemplate":"https:\/\/lasentinelle.dz\/?s={search_term_string}"},"query-input":{"@type":"PropertyValueSpecification","valueRequired":true,"valueName":"search_term_string"}}],"inLanguage":"fr-FR"},{"@type":"Organization","@id":"https:\/\/lasentinelle.dz\/#organization","name":"Quotidien La Sentinelle","url":"https:\/\/lasentinelle.dz\/","logo":{"@type":"ImageObject","inLanguage":"fr-FR","@id":"https:\/\/lasentinelle.dz\/#\/schema\/logo\/image\/","url":"https:\/\/lasentinelle.dz\/wp-content\/uploads\/2021\/09\/logo-sentinelleSLOGAN-1.png","contentUrl":"https:\/\/lasentinelle.dz\/wp-content\/uploads\/2021\/09\/logo-sentinelleSLOGAN-1.png","width":615,"height":142,"caption":"Quotidien La Sentinelle"},"image":{"@id":"https:\/\/lasentinelle.dz\/#\/schema\/logo\/image\/"},"sameAs":["https:\/\/www.facebook.com\/La-Sentinelle-104059864394773"]},{"@type":"Person","@id":"https:\/\/lasentinelle.dz\/#\/schema\/person\/729ee0024f24e0b8c5ec17232f8e8b41","name":"admin","image":{"@type":"ImageObject","inLanguage":"fr-FR","@id":"https:\/\/secure.gravatar.com\/avatar\/4c81fed838786e9b53f540bf46533e750f5d292099ae3b66cfc6fb1982e29df7?s=96&d=mm&r=g","url":"https:\/\/secure.gravatar.com\/avatar\/4c81fed838786e9b53f540bf46533e750f5d292099ae3b66cfc6fb1982e29df7?s=96&d=mm&r=g","contentUrl":"https:\/\/secure.gravatar.com\/avatar\/4c81fed838786e9b53f540bf46533e750f5d292099ae3b66cfc6fb1982e29df7?s=96&d=mm&r=g","caption":"admin"},"description":"admin","url":"https:\/\/lasentinelle.dz\/author\/admin\/"}]}},"_links":{"self":[{"href":"https:\/\/lasentinelle.dz\/index.php\/wp-json\/wp\/v2\/posts\/75471","targetHints":{"allow":["GET"]}}],"collection":[{"href":"https:\/\/lasentinelle.dz\/index.php\/wp-json\/wp\/v2\/posts"}],"about":[{"href":"https:\/\/lasentinelle.dz\/index.php\/wp-json\/wp\/v2\/types\/post"}],"author":[{"embeddable":true,"href":"https:\/\/lasentinelle.dz\/index.php\/wp-json\/wp\/v2\/users\/6"}],"replies":[{"embeddable":true,"href":"https:\/\/lasentinelle.dz\/index.php\/wp-json\/wp\/v2\/comments?post=75471"}],"version-history":[{"count":2,"href":"https:\/\/lasentinelle.dz\/index.php\/wp-json\/wp\/v2\/posts\/75471\/revisions"}],"predecessor-version":[{"id":75473,"href":"https:\/\/lasentinelle.dz\/index.php\/wp-json\/wp\/v2\/posts\/75471\/revisions\/75473"}],"wp:featuredmedia":[{"embeddable":true,"href":"https:\/\/lasentinelle.dz\/index.php\/wp-json\/wp\/v2\/media\/55235"}],"wp:attachment":[{"href":"https:\/\/lasentinelle.dz\/index.php\/wp-json\/wp\/v2\/media?parent=75471"}],"wp:term":[{"taxonomy":"category","embeddable":true,"href":"https:\/\/lasentinelle.dz\/index.php\/wp-json\/wp\/v2\/categories?post=75471"},{"taxonomy":"post_tag","embeddable":true,"href":"https:\/\/lasentinelle.dz\/index.php\/wp-json\/wp\/v2\/tags?post=75471"}],"curies":[{"name":"wp","href":"https:\/\/api.w.org\/{rel}","templated":true}]}}