{"id":75477,"date":"2025-10-28T19:08:10","date_gmt":"2025-10-28T18:08:10","guid":{"rendered":"https:\/\/lasentinelle.dz\/?p=75477"},"modified":"2025-10-28T19:08:11","modified_gmt":"2025-10-28T18:08:11","slug":"air-algerie-deux-nouvelles-lignes-reliant-alger-a-guangzhou-et-rotterdam","status":"publish","type":"post","link":"https:\/\/lasentinelle.dz\/index.php\/2025\/10\/28\/air-algerie-deux-nouvelles-lignes-reliant-alger-a-guangzhou-et-rotterdam\/","title":{"rendered":"Air\u00a0Alg\u00e9rie\u00a0: Deux nouvelles lignes reliant Alger \u00e0 Guangzhou et Rotterdam"},"content":{"rendered":"\n<p>La compagnie a\u00e9rienne nationale, Air Alg\u00e9rie, a annonc\u00e9 mardi dans un communiqu\u00e9, l&rsquo;entr\u00e9e en service de deux nouvelles lignes internationales reliant Alger \u00e0 Guangzhou (Chine) et \u00e0 Rotterdam (Pays-Bas). Les premiers vols sur ces lignes ont \u00e9t\u00e9 effectu\u00e9s le 27 octobre 2025 \u00e0 destination de Guangzhou et le 28 octobre \u00e0 destination de Rotterdam, pr\u00e9cise la m\u00eame source. \u00ab\u00a0Cette d\u00e9marche s&rsquo;inscrit dans le cadre de la strat\u00e9gie de la compagnie visant \u00e0 renforcer sa pr\u00e9sence \u00e0 l&rsquo;international et \u00e0 relier l&rsquo;Alg\u00e9rie \u00e0 d&rsquo;importants p\u00f4les \u00e9conomiques et commerciaux en Asie et en Europe, offrant ainsi \u00e0 ses clients davantage de destinations directes et d&rsquo;options de voyage confortable\u00a0\u00bb, indique la compagnie a\u00e9rienne. Air Alg\u00e9rie a r\u00e9affirm\u00e9, dans son communiqu\u00e9, \u00ab\u00a0son engagement \u00e0 poursuivre la modernisation de sa flotte et l&rsquo;\u00e9largissement de son r\u00e9seau, contribuant ainsi \u00e0 consolider la position du transporteur national et \u00e0 renforcer le r\u00f4le de l&rsquo;Alg\u00e9rie en tant que hub r\u00e9gional du transport a\u00e9rien\u00a0\u00bb.<\/p>\n\n\n\n<p><\/p>\n","protected":false},"excerpt":{"rendered":"<p>La compagnie a\u00e9rienne nationale, Air Alg\u00e9rie, a annonc\u00e9 mardi dans un communiqu\u00e9, l&rsquo;entr\u00e9e en service de deux nouvelles lignes internationales<\/p>\n","protected":false},"author":6,"featured_media":75122,"comment_status":"open","ping_status":"closed","sticky":false,"template":"","format":"standard","meta":{"colormag_page_container_layout":"default_layout","colormag_page_sidebar_layout":"default_layout","om_disable_all_campaigns":false,"_monsterinsights_skip_tracking":false,"_monsterinsights_sitenote_active":false,"_monsterinsights_sitenote_note":"","_monsterinsights_sitenote_category":0,"footnotes":"","_wpscppro_dont_share_socialmedia":false,"_wpscppro_custom_social_share_image":0,"_facebook_share_type":"default","_twitter_share_type":"default","_linkedin_share_type":"default","_pinterest_share_type":"default","_linkedin_share_type_page":"","_instagram_share_type":"default","_medium_share_type":"default","_threads_share_type":"default","_google_business_share_type":"default","_selected_social_profile":[],"_wpsp_enable_custom_social_template":false,"_wpsp_social_scheduling":{"enabled":false,"datetime":null,"platforms":[],"status":"template_only","dateOption":"today","timeOption":"now","customDays":"","customHours":"","customDate":"","customTime":"","schedulingType":"absolute"},"_wpsp_active_default_template":true},"categories":[27],"tags":[],"class_list":["post-75477","post","type-post","status-publish","format-standard","has-post-thumbnail","hentry","category-actualite"],"aioseo_notices":[],"yoast_head":"<!-- This site is optimized with the Yoast SEO plugin v27.5 - https:\/\/yoast.com\/product\/yoast-seo-wordpress\/ -->\n<title>Air\u00a0Alg\u00e9rie\u00a0: Deux nouvelles lignes reliant Alger \u00e0 Guangzhou et Rotterdam - La Sentinelle<\/title>\n<meta name=\"robots\" content=\"index, follow, max-snippet:-1, max-image-preview:large, max-video-preview:-1\" \/>\n<link rel=\"canonical\" href=\"https:\/\/lasentinelle.dz\/index.php\/2025\/10\/28\/air-algerie-deux-nouvelles-lignes-reliant-alger-a-guangzhou-et-rotterdam\/\" \/>\n<meta property=\"og:locale\" content=\"fr_FR\" \/>\n<meta property=\"og:type\" content=\"article\" \/>\n<meta property=\"og:title\" content=\"Air\u00a0Alg\u00e9rie\u00a0: Deux nouvelles lignes reliant Alger \u00e0 Guangzhou et Rotterdam - La Sentinelle\" \/>\n<meta property=\"og:description\" content=\"La compagnie a\u00e9rienne nationale, Air Alg\u00e9rie, a annonc\u00e9 mardi dans un communiqu\u00e9, l&rsquo;entr\u00e9e en service de deux nouvelles lignes internationales\" \/>\n<meta property=\"og:url\" content=\"https:\/\/lasentinelle.dz\/index.php\/2025\/10\/28\/air-algerie-deux-nouvelles-lignes-reliant-alger-a-guangzhou-et-rotterdam\/\" \/>\n<meta property=\"og:site_name\" content=\"La Sentinelle\" \/>\n<meta property=\"article:publisher\" content=\"https:\/\/www.facebook.com\/La-Sentinelle-104059864394773\" \/>\n<meta property=\"article:published_time\" content=\"2025-10-28T18:08:10+00:00\" \/>\n<meta property=\"article:modified_time\" content=\"2025-10-28T18:08:11+00:00\" \/>\n<meta property=\"og:image\" content=\"https:\/\/lasentinelle.dz\/wp-content\/uploads\/2025\/10\/Air-Algerie.jpg\" \/>\n\t<meta property=\"og:image:width\" content=\"1813\" \/>\n\t<meta property=\"og:image:height\" content=\"1314\" \/>\n\t<meta property=\"og:image:type\" content=\"image\/jpeg\" \/>\n<meta name=\"author\" content=\"admin\" \/>\n<meta name=\"twitter:card\" content=\"summary_large_image\" \/>\n<meta name=\"twitter:label1\" content=\"\u00c9crit par\" \/>\n\t<meta name=\"twitter:data1\" content=\"admin\" \/>\n\t<meta name=\"twitter:label2\" content=\"Dur\u00e9e de lecture estim\u00e9e\" \/>\n\t<meta name=\"twitter:data2\" content=\"1 minute\" \/>\n<script type=\"application\/ld+json\" class=\"yoast-schema-graph\">{\"@context\":\"https:\\\/\\\/schema.org\",\"@graph\":[{\"@type\":\"Article\",\"@id\":\"https:\\\/\\\/lasentinelle.dz\\\/index.php\\\/2025\\\/10\\\/28\\\/air-algerie-deux-nouvelles-lignes-reliant-alger-a-guangzhou-et-rotterdam\\\/#article\",\"isPartOf\":{\"@id\":\"https:\\\/\\\/lasentinelle.dz\\\/index.php\\\/2025\\\/10\\\/28\\\/air-algerie-deux-nouvelles-lignes-reliant-alger-a-guangzhou-et-rotterdam\\\/\"},\"author\":{\"name\":\"admin\",\"@id\":\"https:\\\/\\\/lasentinelle.dz\\\/#\\\/schema\\\/person\\\/729ee0024f24e0b8c5ec17232f8e8b41\"},\"headline\":\"Air\u00a0Alg\u00e9rie\u00a0: Deux nouvelles lignes reliant Alger \u00e0 Guangzhou et Rotterdam\",\"datePublished\":\"2025-10-28T18:08:10+00:00\",\"dateModified\":\"2025-10-28T18:08:11+00:00\",\"mainEntityOfPage\":{\"@id\":\"https:\\\/\\\/lasentinelle.dz\\\/index.php\\\/2025\\\/10\\\/28\\\/air-algerie-deux-nouvelles-lignes-reliant-alger-a-guangzhou-et-rotterdam\\\/\"},\"wordCount\":178,\"commentCount\":0,\"publisher\":{\"@id\":\"https:\\\/\\\/lasentinelle.dz\\\/#organization\"},\"image\":{\"@id\":\"https:\\\/\\\/lasentinelle.dz\\\/index.php\\\/2025\\\/10\\\/28\\\/air-algerie-deux-nouvelles-lignes-reliant-alger-a-guangzhou-et-rotterdam\\\/#primaryimage\"},\"thumbnailUrl\":\"https:\\\/\\\/lasentinelle.dz\\\/wp-content\\\/uploads\\\/2025\\\/10\\\/Air-Algerie.jpg\",\"articleSection\":[\"Actualit\u00e9\"],\"inLanguage\":\"fr-FR\",\"potentialAction\":[{\"@type\":\"CommentAction\",\"name\":\"Comment\",\"target\":[\"https:\\\/\\\/lasentinelle.dz\\\/index.php\\\/2025\\\/10\\\/28\\\/air-algerie-deux-nouvelles-lignes-reliant-alger-a-guangzhou-et-rotterdam\\\/#respond\"]}]},{\"@type\":\"WebPage\",\"@id\":\"https:\\\/\\\/lasentinelle.dz\\\/index.php\\\/2025\\\/10\\\/28\\\/air-algerie-deux-nouvelles-lignes-reliant-alger-a-guangzhou-et-rotterdam\\\/\",\"url\":\"https:\\\/\\\/lasentinelle.dz\\\/index.php\\\/2025\\\/10\\\/28\\\/air-algerie-deux-nouvelles-lignes-reliant-alger-a-guangzhou-et-rotterdam\\\/\",\"name\":\"Air\u00a0Alg\u00e9rie\u00a0: Deux nouvelles lignes reliant Alger \u00e0 Guangzhou et Rotterdam - La Sentinelle\",\"isPartOf\":{\"@id\":\"https:\\\/\\\/lasentinelle.dz\\\/#website\"},\"primaryImageOfPage\":{\"@id\":\"https:\\\/\\\/lasentinelle.dz\\\/index.php\\\/2025\\\/10\\\/28\\\/air-algerie-deux-nouvelles-lignes-reliant-alger-a-guangzhou-et-rotterdam\\\/#primaryimage\"},\"image\":{\"@id\":\"https:\\\/\\\/lasentinelle.dz\\\/index.php\\\/2025\\\/10\\\/28\\\/air-algerie-deux-nouvelles-lignes-reliant-alger-a-guangzhou-et-rotterdam\\\/#primaryimage\"},\"thumbnailUrl\":\"https:\\\/\\\/lasentinelle.dz\\\/wp-content\\\/uploads\\\/2025\\\/10\\\/Air-Algerie.jpg\",\"datePublished\":\"2025-10-28T18:08:10+00:00\",\"dateModified\":\"2025-10-28T18:08:11+00:00\",\"breadcrumb\":{\"@id\":\"https:\\\/\\\/lasentinelle.dz\\\/index.php\\\/2025\\\/10\\\/28\\\/air-algerie-deux-nouvelles-lignes-reliant-alger-a-guangzhou-et-rotterdam\\\/#breadcrumb\"},\"inLanguage\":\"fr-FR\",\"potentialAction\":[{\"@type\":\"ReadAction\",\"target\":[\"https:\\\/\\\/lasentinelle.dz\\\/index.php\\\/2025\\\/10\\\/28\\\/air-algerie-deux-nouvelles-lignes-reliant-alger-a-guangzhou-et-rotterdam\\\/\"]}]},{\"@type\":\"ImageObject\",\"inLanguage\":\"fr-FR\",\"@id\":\"https:\\\/\\\/lasentinelle.dz\\\/index.php\\\/2025\\\/10\\\/28\\\/air-algerie-deux-nouvelles-lignes-reliant-alger-a-guangzhou-et-rotterdam\\\/#primaryimage\",\"url\":\"https:\\\/\\\/lasentinelle.dz\\\/wp-content\\\/uploads\\\/2025\\\/10\\\/Air-Algerie.jpg\",\"contentUrl\":\"https:\\\/\\\/lasentinelle.dz\\\/wp-content\\\/uploads\\\/2025\\\/10\\\/Air-Algerie.jpg\",\"width\":1813,\"height\":1314},{\"@type\":\"BreadcrumbList\",\"@id\":\"https:\\\/\\\/lasentinelle.dz\\\/index.php\\\/2025\\\/10\\\/28\\\/air-algerie-deux-nouvelles-lignes-reliant-alger-a-guangzhou-et-rotterdam\\\/#breadcrumb\",\"itemListElement\":[{\"@type\":\"ListItem\",\"position\":1,\"name\":\"Accueil\",\"item\":\"https:\\\/\\\/lasentinelle.dz\\\/\"},{\"@type\":\"ListItem\",\"position\":2,\"name\":\"Air\u00a0Alg\u00e9rie\u00a0: Deux nouvelles lignes reliant Alger \u00e0 Guangzhou et Rotterdam\"}]},{\"@type\":\"WebSite\",\"@id\":\"https:\\\/\\\/lasentinelle.dz\\\/#website\",\"url\":\"https:\\\/\\\/lasentinelle.dz\\\/\",\"name\":\"La Sentinelle\",\"description\":\"Quotidien national d&#039;information\",\"publisher\":{\"@id\":\"https:\\\/\\\/lasentinelle.dz\\\/#organization\"},\"potentialAction\":[{\"@type\":\"SearchAction\",\"target\":{\"@type\":\"EntryPoint\",\"urlTemplate\":\"https:\\\/\\\/lasentinelle.dz\\\/?s={search_term_string}\"},\"query-input\":{\"@type\":\"PropertyValueSpecification\",\"valueRequired\":true,\"valueName\":\"search_term_string\"}}],\"inLanguage\":\"fr-FR\"},{\"@type\":\"Organization\",\"@id\":\"https:\\\/\\\/lasentinelle.dz\\\/#organization\",\"name\":\"Quotidien La Sentinelle\",\"url\":\"https:\\\/\\\/lasentinelle.dz\\\/\",\"logo\":{\"@type\":\"ImageObject\",\"inLanguage\":\"fr-FR\",\"@id\":\"https:\\\/\\\/lasentinelle.dz\\\/#\\\/schema\\\/logo\\\/image\\\/\",\"url\":\"https:\\\/\\\/lasentinelle.dz\\\/wp-content\\\/uploads\\\/2021\\\/09\\\/logo-sentinelleSLOGAN-1.png\",\"contentUrl\":\"https:\\\/\\\/lasentinelle.dz\\\/wp-content\\\/uploads\\\/2021\\\/09\\\/logo-sentinelleSLOGAN-1.png\",\"width\":615,\"height\":142,\"caption\":\"Quotidien La Sentinelle\"},\"image\":{\"@id\":\"https:\\\/\\\/lasentinelle.dz\\\/#\\\/schema\\\/logo\\\/image\\\/\"},\"sameAs\":[\"https:\\\/\\\/www.facebook.com\\\/La-Sentinelle-104059864394773\"]},{\"@type\":\"Person\",\"@id\":\"https:\\\/\\\/lasentinelle.dz\\\/#\\\/schema\\\/person\\\/729ee0024f24e0b8c5ec17232f8e8b41\",\"name\":\"admin\",\"image\":{\"@type\":\"ImageObject\",\"inLanguage\":\"fr-FR\",\"@id\":\"https:\\\/\\\/secure.gravatar.com\\\/avatar\\\/4c81fed838786e9b53f540bf46533e750f5d292099ae3b66cfc6fb1982e29df7?s=96&d=mm&r=g\",\"url\":\"https:\\\/\\\/secure.gravatar.com\\\/avatar\\\/4c81fed838786e9b53f540bf46533e750f5d292099ae3b66cfc6fb1982e29df7?s=96&d=mm&r=g\",\"contentUrl\":\"https:\\\/\\\/secure.gravatar.com\\\/avatar\\\/4c81fed838786e9b53f540bf46533e750f5d292099ae3b66cfc6fb1982e29df7?s=96&d=mm&r=g\",\"caption\":\"admin\"},\"description\":\"admin\",\"url\":\"https:\\\/\\\/lasentinelle.dz\\\/author\\\/admin\\\/\"}]}<\/script>\n<!-- \/ Yoast SEO plugin. -->","yoast_head_json":{"title":"Air\u00a0Alg\u00e9rie\u00a0: Deux nouvelles lignes reliant Alger \u00e0 Guangzhou et Rotterdam - La Sentinelle","robots":{"index":"index","follow":"follow","max-snippet":"max-snippet:-1","max-image-preview":"max-image-preview:large","max-video-preview":"max-video-preview:-1"},"canonical":"https:\/\/lasentinelle.dz\/index.php\/2025\/10\/28\/air-algerie-deux-nouvelles-lignes-reliant-alger-a-guangzhou-et-rotterdam\/","og_locale":"fr_FR","og_type":"article","og_title":"Air\u00a0Alg\u00e9rie\u00a0: Deux nouvelles lignes reliant Alger \u00e0 Guangzhou et Rotterdam - La Sentinelle","og_description":"La compagnie a\u00e9rienne nationale, Air Alg\u00e9rie, a annonc\u00e9 mardi dans un communiqu\u00e9, l&rsquo;entr\u00e9e en service de deux nouvelles lignes internationales","og_url":"https:\/\/lasentinelle.dz\/index.php\/2025\/10\/28\/air-algerie-deux-nouvelles-lignes-reliant-alger-a-guangzhou-et-rotterdam\/","og_site_name":"La Sentinelle","article_publisher":"https:\/\/www.facebook.com\/La-Sentinelle-104059864394773","article_published_time":"2025-10-28T18:08:10+00:00","article_modified_time":"2025-10-28T18:08:11+00:00","og_image":[{"width":1813,"height":1314,"url":"https:\/\/lasentinelle.dz\/wp-content\/uploads\/2025\/10\/Air-Algerie.jpg","type":"image\/jpeg"}],"author":"admin","twitter_card":"summary_large_image","twitter_misc":{"\u00c9crit par":"admin","Dur\u00e9e de lecture estim\u00e9e":"1 minute"},"schema":{"@context":"https:\/\/schema.org","@graph":[{"@type":"Article","@id":"https:\/\/lasentinelle.dz\/index.php\/2025\/10\/28\/air-algerie-deux-nouvelles-lignes-reliant-alger-a-guangzhou-et-rotterdam\/#article","isPartOf":{"@id":"https:\/\/lasentinelle.dz\/index.php\/2025\/10\/28\/air-algerie-deux-nouvelles-lignes-reliant-alger-a-guangzhou-et-rotterdam\/"},"author":{"name":"admin","@id":"https:\/\/lasentinelle.dz\/#\/schema\/person\/729ee0024f24e0b8c5ec17232f8e8b41"},"headline":"Air\u00a0Alg\u00e9rie\u00a0: Deux nouvelles lignes reliant Alger \u00e0 Guangzhou et Rotterdam","datePublished":"2025-10-28T18:08:10+00:00","dateModified":"2025-10-28T18:08:11+00:00","mainEntityOfPage":{"@id":"https:\/\/lasentinelle.dz\/index.php\/2025\/10\/28\/air-algerie-deux-nouvelles-lignes-reliant-alger-a-guangzhou-et-rotterdam\/"},"wordCount":178,"commentCount":0,"publisher":{"@id":"https:\/\/lasentinelle.dz\/#organization"},"image":{"@id":"https:\/\/lasentinelle.dz\/index.php\/2025\/10\/28\/air-algerie-deux-nouvelles-lignes-reliant-alger-a-guangzhou-et-rotterdam\/#primaryimage"},"thumbnailUrl":"https:\/\/lasentinelle.dz\/wp-content\/uploads\/2025\/10\/Air-Algerie.jpg","articleSection":["Actualit\u00e9"],"inLanguage":"fr-FR","potentialAction":[{"@type":"CommentAction","name":"Comment","target":["https:\/\/lasentinelle.dz\/index.php\/2025\/10\/28\/air-algerie-deux-nouvelles-lignes-reliant-alger-a-guangzhou-et-rotterdam\/#respond"]}]},{"@type":"WebPage","@id":"https:\/\/lasentinelle.dz\/index.php\/2025\/10\/28\/air-algerie-deux-nouvelles-lignes-reliant-alger-a-guangzhou-et-rotterdam\/","url":"https:\/\/lasentinelle.dz\/index.php\/2025\/10\/28\/air-algerie-deux-nouvelles-lignes-reliant-alger-a-guangzhou-et-rotterdam\/","name":"Air\u00a0Alg\u00e9rie\u00a0: Deux nouvelles lignes reliant Alger \u00e0 Guangzhou et Rotterdam - La Sentinelle","isPartOf":{"@id":"https:\/\/lasentinelle.dz\/#website"},"primaryImageOfPage":{"@id":"https:\/\/lasentinelle.dz\/index.php\/2025\/10\/28\/air-algerie-deux-nouvelles-lignes-reliant-alger-a-guangzhou-et-rotterdam\/#primaryimage"},"image":{"@id":"https:\/\/lasentinelle.dz\/index.php\/2025\/10\/28\/air-algerie-deux-nouvelles-lignes-reliant-alger-a-guangzhou-et-rotterdam\/#primaryimage"},"thumbnailUrl":"https:\/\/lasentinelle.dz\/wp-content\/uploads\/2025\/10\/Air-Algerie.jpg","datePublished":"2025-10-28T18:08:10+00:00","dateModified":"2025-10-28T18:08:11+00:00","breadcrumb":{"@id":"https:\/\/lasentinelle.dz\/index.php\/2025\/10\/28\/air-algerie-deux-nouvelles-lignes-reliant-alger-a-guangzhou-et-rotterdam\/#breadcrumb"},"inLanguage":"fr-FR","potentialAction":[{"@type":"ReadAction","target":["https:\/\/lasentinelle.dz\/index.php\/2025\/10\/28\/air-algerie-deux-nouvelles-lignes-reliant-alger-a-guangzhou-et-rotterdam\/"]}]},{"@type":"ImageObject","inLanguage":"fr-FR","@id":"https:\/\/lasentinelle.dz\/index.php\/2025\/10\/28\/air-algerie-deux-nouvelles-lignes-reliant-alger-a-guangzhou-et-rotterdam\/#primaryimage","url":"https:\/\/lasentinelle.dz\/wp-content\/uploads\/2025\/10\/Air-Algerie.jpg","contentUrl":"https:\/\/lasentinelle.dz\/wp-content\/uploads\/2025\/10\/Air-Algerie.jpg","width":1813,"height":1314},{"@type":"BreadcrumbList","@id":"https:\/\/lasentinelle.dz\/index.php\/2025\/10\/28\/air-algerie-deux-nouvelles-lignes-reliant-alger-a-guangzhou-et-rotterdam\/#breadcrumb","itemListElement":[{"@type":"ListItem","position":1,"name":"Accueil","item":"https:\/\/lasentinelle.dz\/"},{"@type":"ListItem","position":2,"name":"Air\u00a0Alg\u00e9rie\u00a0: Deux nouvelles lignes reliant Alger \u00e0 Guangzhou et Rotterdam"}]},{"@type":"WebSite","@id":"https:\/\/lasentinelle.dz\/#website","url":"https:\/\/lasentinelle.dz\/","name":"La Sentinelle","description":"Quotidien national d&#039;information","publisher":{"@id":"https:\/\/lasentinelle.dz\/#organization"},"potentialAction":[{"@type":"SearchAction","target":{"@type":"EntryPoint","urlTemplate":"https:\/\/lasentinelle.dz\/?s={search_term_string}"},"query-input":{"@type":"PropertyValueSpecification","valueRequired":true,"valueName":"search_term_string"}}],"inLanguage":"fr-FR"},{"@type":"Organization","@id":"https:\/\/lasentinelle.dz\/#organization","name":"Quotidien La Sentinelle","url":"https:\/\/lasentinelle.dz\/","logo":{"@type":"ImageObject","inLanguage":"fr-FR","@id":"https:\/\/lasentinelle.dz\/#\/schema\/logo\/image\/","url":"https:\/\/lasentinelle.dz\/wp-content\/uploads\/2021\/09\/logo-sentinelleSLOGAN-1.png","contentUrl":"https:\/\/lasentinelle.dz\/wp-content\/uploads\/2021\/09\/logo-sentinelleSLOGAN-1.png","width":615,"height":142,"caption":"Quotidien La Sentinelle"},"image":{"@id":"https:\/\/lasentinelle.dz\/#\/schema\/logo\/image\/"},"sameAs":["https:\/\/www.facebook.com\/La-Sentinelle-104059864394773"]},{"@type":"Person","@id":"https:\/\/lasentinelle.dz\/#\/schema\/person\/729ee0024f24e0b8c5ec17232f8e8b41","name":"admin","image":{"@type":"ImageObject","inLanguage":"fr-FR","@id":"https:\/\/secure.gravatar.com\/avatar\/4c81fed838786e9b53f540bf46533e750f5d292099ae3b66cfc6fb1982e29df7?s=96&d=mm&r=g","url":"https:\/\/secure.gravatar.com\/avatar\/4c81fed838786e9b53f540bf46533e750f5d292099ae3b66cfc6fb1982e29df7?s=96&d=mm&r=g","contentUrl":"https:\/\/secure.gravatar.com\/avatar\/4c81fed838786e9b53f540bf46533e750f5d292099ae3b66cfc6fb1982e29df7?s=96&d=mm&r=g","caption":"admin"},"description":"admin","url":"https:\/\/lasentinelle.dz\/author\/admin\/"}]}},"_links":{"self":[{"href":"https:\/\/lasentinelle.dz\/index.php\/wp-json\/wp\/v2\/posts\/75477","targetHints":{"allow":["GET"]}}],"collection":[{"href":"https:\/\/lasentinelle.dz\/index.php\/wp-json\/wp\/v2\/posts"}],"about":[{"href":"https:\/\/lasentinelle.dz\/index.php\/wp-json\/wp\/v2\/types\/post"}],"author":[{"embeddable":true,"href":"https:\/\/lasentinelle.dz\/index.php\/wp-json\/wp\/v2\/users\/6"}],"replies":[{"embeddable":true,"href":"https:\/\/lasentinelle.dz\/index.php\/wp-json\/wp\/v2\/comments?post=75477"}],"version-history":[{"count":1,"href":"https:\/\/lasentinelle.dz\/index.php\/wp-json\/wp\/v2\/posts\/75477\/revisions"}],"predecessor-version":[{"id":75478,"href":"https:\/\/lasentinelle.dz\/index.php\/wp-json\/wp\/v2\/posts\/75477\/revisions\/75478"}],"wp:featuredmedia":[{"embeddable":true,"href":"https:\/\/lasentinelle.dz\/index.php\/wp-json\/wp\/v2\/media\/75122"}],"wp:attachment":[{"href":"https:\/\/lasentinelle.dz\/index.php\/wp-json\/wp\/v2\/media?parent=75477"}],"wp:term":[{"taxonomy":"category","embeddable":true,"href":"https:\/\/lasentinelle.dz\/index.php\/wp-json\/wp\/v2\/categories?post=75477"},{"taxonomy":"post_tag","embeddable":true,"href":"https:\/\/lasentinelle.dz\/index.php\/wp-json\/wp\/v2\/tags?post=75477"}],"curies":[{"name":"wp","href":"https:\/\/api.w.org\/{rel}","templated":true}]}}