{"id":75483,"date":"2025-10-28T19:00:00","date_gmt":"2025-10-28T18:00:00","guid":{"rendered":"https:\/\/lasentinelle.dz\/?p=75483"},"modified":"2025-10-28T19:10:12","modified_gmt":"2025-10-28T18:10:12","slug":"collectivites-locales-le-president-tebboune-procede-a-un-mouvement-partiel-des-walis","status":"publish","type":"post","link":"https:\/\/lasentinelle.dz\/index.php\/2025\/10\/28\/collectivites-locales-le-president-tebboune-procede-a-un-mouvement-partiel-des-walis\/","title":{"rendered":"Collectivit\u00e9s locales\u00a0: Le Pr\u00e9sident Tebboune proc\u00e8de \u00e0 un mouvement partiel des walis"},"content":{"rendered":"\n<p>Le pr\u00e9sident de la R\u00e9publique Abdelmadjid Tebboune a op\u00e9r\u00e9 lundi un mouvement partiel dans le corps des walis et walis d\u00e9l\u00e9gu\u00e9s, conform\u00e9ment aux dispositions de l&rsquo;article 92 de la Constitution, annonce un communiqu\u00e9 de la Pr\u00e9sidence de la R\u00e9publique rapport\u00e9 par l&rsquo;agence APS. Ce remaniement administratif touche plusieurs wilayas strat\u00e9giques du pays et concerne \u00e0 la fois des mutations de walis en poste et des nominations de nouveaux responsables territoriaux. Le mouvement se caract\u00e9rise par une rotation significative des cadres dirigeants des collectivit\u00e9s locales, avec notamment la fin de fonctions de Mustapha Koreich, wali de Mila, et de Mahfoud Bouzertit, wali d\u00e9l\u00e9gu\u00e9 de la circonscription administrative de Ch\u00e9raga.<\/p>\n\n\n\n<p>Parmi les mutations les plus notables, Brahim Ouchene quitte la wilaya de Blida pour prendre les r\u00eanes d&rsquo;Oran, deuxi\u00e8me ville du pays, tandis que Samir Chibani effectue le chemin inverse en passant d&rsquo;Oran \u00e0 Guelma. Abdelkrim Lamouri est mut\u00e9 de Bouira vers Annaba, important p\u00f4le \u00e9conomique du nord-est apr\u00e8s la nomination d\u2019Abdelkader Djellaoui au poste de ministre des Travaux publics, alors que Houria Aggoune rejoint Bouira en provenance de Guelma. Dans le sud du pays, Foudil Douifi passe de Laghouat \u00e0 Adrar, Ali Moulay de Tipasa \u00e0 B\u00e9ni Abb\u00e8s, et Djamel Hashas effectue le trajet inverse de B\u00e9ni Abb\u00e8s vers Blida. Mohamed Benmalek quitte Batna pour Laghouat, tandis que Fay\u00e7al Amrouche est transf\u00e9r\u00e9 d&rsquo;In Guezzam \u00e0 Mila. Le mouvement inclut \u00e9galement trois promotions de walis d\u00e9l\u00e9gu\u00e9s au rang de walis de wilaya. Noureddine Refsa, jusqu&rsquo;alors wali d\u00e9l\u00e9gu\u00e9 de Dar El Beida, est nomm\u00e9 wali d&rsquo;In Guezzam, wilaya frontali\u00e8re du sud. Amine Benchaoulia, qui dirigeait la circonscription administrative de Sidi M&rsquo;hamed, prend la t\u00eate de la wilaya de Tipasa, tandis que Benahmed Riadh, en provenance de la circonscription administrative de Boussa\u00e2da \u00e0 M&rsquo;sila, est nomm\u00e9 wali de Batna, l&rsquo;une des plus importantes wilayas des Hautes Plaines. Le communiqu\u00e9 pr\u00e9sidentiel fait \u00e9galement \u00e9tat de huit nouvelles nominations de walis d\u00e9l\u00e9gu\u00e9s, essentiellement issus des rangs des secr\u00e9taires g\u00e9n\u00e9raux de wilaya et des chefs de da\u00efra. Abdelfattah Benguergoura, secr\u00e9taire g\u00e9n\u00e9ral de la wilaya de S\u00e9tif, est nomm\u00e9 wali d\u00e9l\u00e9gu\u00e9 de Ch\u00e9raga \u00e0 Alger, succ\u00e9dant ainsi \u00e0 Mahfoud Bouzertit. Mahrez Mameri, secr\u00e9taire g\u00e9n\u00e9ral de Constantine, prend la t\u00eate de la circonscription de Dar El Be\u00efda, \u00e9galement dans la capitale. Zidi Abdelmalek, inspecteur g\u00e9n\u00e9ral de la wilaya d&rsquo;Alger, est nomm\u00e9 wali d\u00e9l\u00e9gu\u00e9 de Sidi M&rsquo;hamed. Dans les autres wilayas, Zougari Nacer, secr\u00e9taire g\u00e9n\u00e9ral de Biskra, est d\u00e9sign\u00e9 wali d\u00e9l\u00e9gu\u00e9 d&rsquo;El Kantara dans la m\u00eame wilaya, tandis que Boudjezza Djamal, secr\u00e9taire g\u00e9n\u00e9ral de Boumerd\u00e8s, rejoint la circonscription de Bir El Ater \u00e0 T\u00e9bessa. Amrani Attal, secr\u00e9taire g\u00e9n\u00e9ral d&rsquo;Illizi, est nomm\u00e9 \u00e0 Boussa\u00e2da dans la wilaya de M&rsquo;sila. Enfin, deux chefs de da\u00efra acc\u00e8dent au poste de wali d\u00e9l\u00e9gu\u00e9 : Benbaba Ali Abdelkrim, chef de da\u00efra de Ghazaouet, prend la t\u00eate d&rsquo;El Aricha \u00e0 Tlemcen, et Khalfaoui Hamid, chef de da\u00efra de Boudouaou, est nomm\u00e9 \u00e0 Ksar El Boukhari dans la wilaya de M\u00e9d\u00e9a. Ce mouvement administratif s&rsquo;inscrit dans la politique de renouvellement r\u00e9gulier des cadres territoriaux men\u00e9e par la pr\u00e9sidence de la R\u00e9publique, visant \u00e0 insuffler une nouvelle dynamique dans la gestion des collectivit\u00e9s locales et \u00e0 garantir une meilleure gouvernance territoriale.<\/p>\n\n\n\n<p>Chokri Hafed<\/p>\n","protected":false},"excerpt":{"rendered":"<p>Le pr\u00e9sident de la R\u00e9publique Abdelmadjid Tebboune a op\u00e9r\u00e9 lundi un mouvement partiel dans le corps des walis et walis<\/p>\n","protected":false},"author":6,"featured_media":60895,"comment_status":"open","ping_status":"closed","sticky":false,"template":"","format":"standard","meta":{"colormag_page_container_layout":"default_layout","colormag_page_sidebar_layout":"default_layout","om_disable_all_campaigns":false,"_monsterinsights_skip_tracking":false,"_monsterinsights_sitenote_active":false,"_monsterinsights_sitenote_note":"","_monsterinsights_sitenote_category":0,"footnotes":"","_wpscppro_dont_share_socialmedia":false,"_wpscppro_custom_social_share_image":0,"_facebook_share_type":"default","_twitter_share_type":"default","_linkedin_share_type":"default","_pinterest_share_type":"default","_linkedin_share_type_page":"","_instagram_share_type":"default","_medium_share_type":"default","_threads_share_type":"default","_google_business_share_type":"default","_selected_social_profile":[],"_wpsp_enable_custom_social_template":false,"_wpsp_social_scheduling":{"enabled":false,"datetime":null,"platforms":[],"status":"template_only","dateOption":"today","timeOption":"now","customDays":"","customHours":"","customDate":"","customTime":"","schedulingType":"absolute"},"_wpsp_active_default_template":true},"categories":[27],"tags":[],"class_list":["post-75483","post","type-post","status-publish","format-standard","has-post-thumbnail","hentry","category-actualite"],"aioseo_notices":[],"yoast_head":"<!-- This site is optimized with the Yoast SEO plugin v27.5 - https:\/\/yoast.com\/product\/yoast-seo-wordpress\/ -->\n<title>Collectivit\u00e9s locales\u00a0: Le Pr\u00e9sident Tebboune proc\u00e8de \u00e0 un mouvement partiel des walis - La Sentinelle<\/title>\n<meta name=\"robots\" content=\"index, follow, max-snippet:-1, max-image-preview:large, max-video-preview:-1\" \/>\n<link rel=\"canonical\" href=\"https:\/\/lasentinelle.dz\/index.php\/2025\/10\/28\/collectivites-locales-le-president-tebboune-procede-a-un-mouvement-partiel-des-walis\/\" \/>\n<meta property=\"og:locale\" content=\"fr_FR\" \/>\n<meta property=\"og:type\" content=\"article\" \/>\n<meta property=\"og:title\" content=\"Collectivit\u00e9s locales\u00a0: Le Pr\u00e9sident Tebboune proc\u00e8de \u00e0 un mouvement partiel des walis - La Sentinelle\" \/>\n<meta property=\"og:description\" content=\"Le pr\u00e9sident de la R\u00e9publique Abdelmadjid Tebboune a op\u00e9r\u00e9 lundi un mouvement partiel dans le corps des walis et walis\" \/>\n<meta property=\"og:url\" content=\"https:\/\/lasentinelle.dz\/index.php\/2025\/10\/28\/collectivites-locales-le-president-tebboune-procede-a-un-mouvement-partiel-des-walis\/\" \/>\n<meta property=\"og:site_name\" content=\"La Sentinelle\" \/>\n<meta property=\"article:publisher\" content=\"https:\/\/www.facebook.com\/La-Sentinelle-104059864394773\" \/>\n<meta property=\"article:published_time\" content=\"2025-10-28T18:00:00+00:00\" \/>\n<meta property=\"article:modified_time\" content=\"2025-10-28T18:10:12+00:00\" \/>\n<meta property=\"og:image\" content=\"https:\/\/lasentinelle.dz\/wp-content\/uploads\/2024\/12\/Walis.jpeg\" \/>\n\t<meta property=\"og:image:width\" content=\"800\" \/>\n\t<meta property=\"og:image:height\" content=\"600\" \/>\n\t<meta property=\"og:image:type\" content=\"image\/jpeg\" \/>\n<meta name=\"author\" content=\"admin\" \/>\n<meta name=\"twitter:card\" content=\"summary_large_image\" \/>\n<meta name=\"twitter:label1\" content=\"\u00c9crit par\" \/>\n\t<meta name=\"twitter:data1\" content=\"admin\" \/>\n\t<meta name=\"twitter:label2\" content=\"Dur\u00e9e de lecture estim\u00e9e\" \/>\n\t<meta name=\"twitter:data2\" content=\"3 minutes\" \/>\n<script type=\"application\/ld+json\" class=\"yoast-schema-graph\">{\"@context\":\"https:\\\/\\\/schema.org\",\"@graph\":[{\"@type\":\"Article\",\"@id\":\"https:\\\/\\\/lasentinelle.dz\\\/index.php\\\/2025\\\/10\\\/28\\\/collectivites-locales-le-president-tebboune-procede-a-un-mouvement-partiel-des-walis\\\/#article\",\"isPartOf\":{\"@id\":\"https:\\\/\\\/lasentinelle.dz\\\/index.php\\\/2025\\\/10\\\/28\\\/collectivites-locales-le-president-tebboune-procede-a-un-mouvement-partiel-des-walis\\\/\"},\"author\":{\"name\":\"admin\",\"@id\":\"https:\\\/\\\/lasentinelle.dz\\\/#\\\/schema\\\/person\\\/729ee0024f24e0b8c5ec17232f8e8b41\"},\"headline\":\"Collectivit\u00e9s locales\u00a0: Le Pr\u00e9sident Tebboune proc\u00e8de \u00e0 un mouvement partiel des walis\",\"datePublished\":\"2025-10-28T18:00:00+00:00\",\"dateModified\":\"2025-10-28T18:10:12+00:00\",\"mainEntityOfPage\":{\"@id\":\"https:\\\/\\\/lasentinelle.dz\\\/index.php\\\/2025\\\/10\\\/28\\\/collectivites-locales-le-president-tebboune-procede-a-un-mouvement-partiel-des-walis\\\/\"},\"wordCount\":629,\"commentCount\":0,\"publisher\":{\"@id\":\"https:\\\/\\\/lasentinelle.dz\\\/#organization\"},\"image\":{\"@id\":\"https:\\\/\\\/lasentinelle.dz\\\/index.php\\\/2025\\\/10\\\/28\\\/collectivites-locales-le-president-tebboune-procede-a-un-mouvement-partiel-des-walis\\\/#primaryimage\"},\"thumbnailUrl\":\"https:\\\/\\\/lasentinelle.dz\\\/wp-content\\\/uploads\\\/2024\\\/12\\\/Walis.jpeg\",\"articleSection\":[\"Actualit\u00e9\"],\"inLanguage\":\"fr-FR\",\"potentialAction\":[{\"@type\":\"CommentAction\",\"name\":\"Comment\",\"target\":[\"https:\\\/\\\/lasentinelle.dz\\\/index.php\\\/2025\\\/10\\\/28\\\/collectivites-locales-le-president-tebboune-procede-a-un-mouvement-partiel-des-walis\\\/#respond\"]}]},{\"@type\":\"WebPage\",\"@id\":\"https:\\\/\\\/lasentinelle.dz\\\/index.php\\\/2025\\\/10\\\/28\\\/collectivites-locales-le-president-tebboune-procede-a-un-mouvement-partiel-des-walis\\\/\",\"url\":\"https:\\\/\\\/lasentinelle.dz\\\/index.php\\\/2025\\\/10\\\/28\\\/collectivites-locales-le-president-tebboune-procede-a-un-mouvement-partiel-des-walis\\\/\",\"name\":\"Collectivit\u00e9s locales\u00a0: Le Pr\u00e9sident Tebboune proc\u00e8de \u00e0 un mouvement partiel des walis - La Sentinelle\",\"isPartOf\":{\"@id\":\"https:\\\/\\\/lasentinelle.dz\\\/#website\"},\"primaryImageOfPage\":{\"@id\":\"https:\\\/\\\/lasentinelle.dz\\\/index.php\\\/2025\\\/10\\\/28\\\/collectivites-locales-le-president-tebboune-procede-a-un-mouvement-partiel-des-walis\\\/#primaryimage\"},\"image\":{\"@id\":\"https:\\\/\\\/lasentinelle.dz\\\/index.php\\\/2025\\\/10\\\/28\\\/collectivites-locales-le-president-tebboune-procede-a-un-mouvement-partiel-des-walis\\\/#primaryimage\"},\"thumbnailUrl\":\"https:\\\/\\\/lasentinelle.dz\\\/wp-content\\\/uploads\\\/2024\\\/12\\\/Walis.jpeg\",\"datePublished\":\"2025-10-28T18:00:00+00:00\",\"dateModified\":\"2025-10-28T18:10:12+00:00\",\"breadcrumb\":{\"@id\":\"https:\\\/\\\/lasentinelle.dz\\\/index.php\\\/2025\\\/10\\\/28\\\/collectivites-locales-le-president-tebboune-procede-a-un-mouvement-partiel-des-walis\\\/#breadcrumb\"},\"inLanguage\":\"fr-FR\",\"potentialAction\":[{\"@type\":\"ReadAction\",\"target\":[\"https:\\\/\\\/lasentinelle.dz\\\/index.php\\\/2025\\\/10\\\/28\\\/collectivites-locales-le-president-tebboune-procede-a-un-mouvement-partiel-des-walis\\\/\"]}]},{\"@type\":\"ImageObject\",\"inLanguage\":\"fr-FR\",\"@id\":\"https:\\\/\\\/lasentinelle.dz\\\/index.php\\\/2025\\\/10\\\/28\\\/collectivites-locales-le-president-tebboune-procede-a-un-mouvement-partiel-des-walis\\\/#primaryimage\",\"url\":\"https:\\\/\\\/lasentinelle.dz\\\/wp-content\\\/uploads\\\/2024\\\/12\\\/Walis.jpeg\",\"contentUrl\":\"https:\\\/\\\/lasentinelle.dz\\\/wp-content\\\/uploads\\\/2024\\\/12\\\/Walis.jpeg\",\"width\":800,\"height\":600},{\"@type\":\"BreadcrumbList\",\"@id\":\"https:\\\/\\\/lasentinelle.dz\\\/index.php\\\/2025\\\/10\\\/28\\\/collectivites-locales-le-president-tebboune-procede-a-un-mouvement-partiel-des-walis\\\/#breadcrumb\",\"itemListElement\":[{\"@type\":\"ListItem\",\"position\":1,\"name\":\"Accueil\",\"item\":\"https:\\\/\\\/lasentinelle.dz\\\/\"},{\"@type\":\"ListItem\",\"position\":2,\"name\":\"Collectivit\u00e9s locales\u00a0: Le Pr\u00e9sident Tebboune proc\u00e8de \u00e0 un mouvement partiel des walis\"}]},{\"@type\":\"WebSite\",\"@id\":\"https:\\\/\\\/lasentinelle.dz\\\/#website\",\"url\":\"https:\\\/\\\/lasentinelle.dz\\\/\",\"name\":\"La Sentinelle\",\"description\":\"Quotidien national d&#039;information\",\"publisher\":{\"@id\":\"https:\\\/\\\/lasentinelle.dz\\\/#organization\"},\"potentialAction\":[{\"@type\":\"SearchAction\",\"target\":{\"@type\":\"EntryPoint\",\"urlTemplate\":\"https:\\\/\\\/lasentinelle.dz\\\/?s={search_term_string}\"},\"query-input\":{\"@type\":\"PropertyValueSpecification\",\"valueRequired\":true,\"valueName\":\"search_term_string\"}}],\"inLanguage\":\"fr-FR\"},{\"@type\":\"Organization\",\"@id\":\"https:\\\/\\\/lasentinelle.dz\\\/#organization\",\"name\":\"Quotidien La Sentinelle\",\"url\":\"https:\\\/\\\/lasentinelle.dz\\\/\",\"logo\":{\"@type\":\"ImageObject\",\"inLanguage\":\"fr-FR\",\"@id\":\"https:\\\/\\\/lasentinelle.dz\\\/#\\\/schema\\\/logo\\\/image\\\/\",\"url\":\"https:\\\/\\\/lasentinelle.dz\\\/wp-content\\\/uploads\\\/2021\\\/09\\\/logo-sentinelleSLOGAN-1.png\",\"contentUrl\":\"https:\\\/\\\/lasentinelle.dz\\\/wp-content\\\/uploads\\\/2021\\\/09\\\/logo-sentinelleSLOGAN-1.png\",\"width\":615,\"height\":142,\"caption\":\"Quotidien La Sentinelle\"},\"image\":{\"@id\":\"https:\\\/\\\/lasentinelle.dz\\\/#\\\/schema\\\/logo\\\/image\\\/\"},\"sameAs\":[\"https:\\\/\\\/www.facebook.com\\\/La-Sentinelle-104059864394773\"]},{\"@type\":\"Person\",\"@id\":\"https:\\\/\\\/lasentinelle.dz\\\/#\\\/schema\\\/person\\\/729ee0024f24e0b8c5ec17232f8e8b41\",\"name\":\"admin\",\"image\":{\"@type\":\"ImageObject\",\"inLanguage\":\"fr-FR\",\"@id\":\"https:\\\/\\\/secure.gravatar.com\\\/avatar\\\/4c81fed838786e9b53f540bf46533e750f5d292099ae3b66cfc6fb1982e29df7?s=96&d=mm&r=g\",\"url\":\"https:\\\/\\\/secure.gravatar.com\\\/avatar\\\/4c81fed838786e9b53f540bf46533e750f5d292099ae3b66cfc6fb1982e29df7?s=96&d=mm&r=g\",\"contentUrl\":\"https:\\\/\\\/secure.gravatar.com\\\/avatar\\\/4c81fed838786e9b53f540bf46533e750f5d292099ae3b66cfc6fb1982e29df7?s=96&d=mm&r=g\",\"caption\":\"admin\"},\"description\":\"admin\",\"url\":\"https:\\\/\\\/lasentinelle.dz\\\/author\\\/admin\\\/\"}]}<\/script>\n<!-- \/ Yoast SEO plugin. -->","yoast_head_json":{"title":"Collectivit\u00e9s locales\u00a0: Le Pr\u00e9sident Tebboune proc\u00e8de \u00e0 un mouvement partiel des walis - La Sentinelle","robots":{"index":"index","follow":"follow","max-snippet":"max-snippet:-1","max-image-preview":"max-image-preview:large","max-video-preview":"max-video-preview:-1"},"canonical":"https:\/\/lasentinelle.dz\/index.php\/2025\/10\/28\/collectivites-locales-le-president-tebboune-procede-a-un-mouvement-partiel-des-walis\/","og_locale":"fr_FR","og_type":"article","og_title":"Collectivit\u00e9s locales\u00a0: Le Pr\u00e9sident Tebboune proc\u00e8de \u00e0 un mouvement partiel des walis - La Sentinelle","og_description":"Le pr\u00e9sident de la R\u00e9publique Abdelmadjid Tebboune a op\u00e9r\u00e9 lundi un mouvement partiel dans le corps des walis et walis","og_url":"https:\/\/lasentinelle.dz\/index.php\/2025\/10\/28\/collectivites-locales-le-president-tebboune-procede-a-un-mouvement-partiel-des-walis\/","og_site_name":"La Sentinelle","article_publisher":"https:\/\/www.facebook.com\/La-Sentinelle-104059864394773","article_published_time":"2025-10-28T18:00:00+00:00","article_modified_time":"2025-10-28T18:10:12+00:00","og_image":[{"width":800,"height":600,"url":"https:\/\/lasentinelle.dz\/wp-content\/uploads\/2024\/12\/Walis.jpeg","type":"image\/jpeg"}],"author":"admin","twitter_card":"summary_large_image","twitter_misc":{"\u00c9crit par":"admin","Dur\u00e9e de lecture estim\u00e9e":"3 minutes"},"schema":{"@context":"https:\/\/schema.org","@graph":[{"@type":"Article","@id":"https:\/\/lasentinelle.dz\/index.php\/2025\/10\/28\/collectivites-locales-le-president-tebboune-procede-a-un-mouvement-partiel-des-walis\/#article","isPartOf":{"@id":"https:\/\/lasentinelle.dz\/index.php\/2025\/10\/28\/collectivites-locales-le-president-tebboune-procede-a-un-mouvement-partiel-des-walis\/"},"author":{"name":"admin","@id":"https:\/\/lasentinelle.dz\/#\/schema\/person\/729ee0024f24e0b8c5ec17232f8e8b41"},"headline":"Collectivit\u00e9s locales\u00a0: Le Pr\u00e9sident Tebboune proc\u00e8de \u00e0 un mouvement partiel des walis","datePublished":"2025-10-28T18:00:00+00:00","dateModified":"2025-10-28T18:10:12+00:00","mainEntityOfPage":{"@id":"https:\/\/lasentinelle.dz\/index.php\/2025\/10\/28\/collectivites-locales-le-president-tebboune-procede-a-un-mouvement-partiel-des-walis\/"},"wordCount":629,"commentCount":0,"publisher":{"@id":"https:\/\/lasentinelle.dz\/#organization"},"image":{"@id":"https:\/\/lasentinelle.dz\/index.php\/2025\/10\/28\/collectivites-locales-le-president-tebboune-procede-a-un-mouvement-partiel-des-walis\/#primaryimage"},"thumbnailUrl":"https:\/\/lasentinelle.dz\/wp-content\/uploads\/2024\/12\/Walis.jpeg","articleSection":["Actualit\u00e9"],"inLanguage":"fr-FR","potentialAction":[{"@type":"CommentAction","name":"Comment","target":["https:\/\/lasentinelle.dz\/index.php\/2025\/10\/28\/collectivites-locales-le-president-tebboune-procede-a-un-mouvement-partiel-des-walis\/#respond"]}]},{"@type":"WebPage","@id":"https:\/\/lasentinelle.dz\/index.php\/2025\/10\/28\/collectivites-locales-le-president-tebboune-procede-a-un-mouvement-partiel-des-walis\/","url":"https:\/\/lasentinelle.dz\/index.php\/2025\/10\/28\/collectivites-locales-le-president-tebboune-procede-a-un-mouvement-partiel-des-walis\/","name":"Collectivit\u00e9s locales\u00a0: Le Pr\u00e9sident Tebboune proc\u00e8de \u00e0 un mouvement partiel des walis - La Sentinelle","isPartOf":{"@id":"https:\/\/lasentinelle.dz\/#website"},"primaryImageOfPage":{"@id":"https:\/\/lasentinelle.dz\/index.php\/2025\/10\/28\/collectivites-locales-le-president-tebboune-procede-a-un-mouvement-partiel-des-walis\/#primaryimage"},"image":{"@id":"https:\/\/lasentinelle.dz\/index.php\/2025\/10\/28\/collectivites-locales-le-president-tebboune-procede-a-un-mouvement-partiel-des-walis\/#primaryimage"},"thumbnailUrl":"https:\/\/lasentinelle.dz\/wp-content\/uploads\/2024\/12\/Walis.jpeg","datePublished":"2025-10-28T18:00:00+00:00","dateModified":"2025-10-28T18:10:12+00:00","breadcrumb":{"@id":"https:\/\/lasentinelle.dz\/index.php\/2025\/10\/28\/collectivites-locales-le-president-tebboune-procede-a-un-mouvement-partiel-des-walis\/#breadcrumb"},"inLanguage":"fr-FR","potentialAction":[{"@type":"ReadAction","target":["https:\/\/lasentinelle.dz\/index.php\/2025\/10\/28\/collectivites-locales-le-president-tebboune-procede-a-un-mouvement-partiel-des-walis\/"]}]},{"@type":"ImageObject","inLanguage":"fr-FR","@id":"https:\/\/lasentinelle.dz\/index.php\/2025\/10\/28\/collectivites-locales-le-president-tebboune-procede-a-un-mouvement-partiel-des-walis\/#primaryimage","url":"https:\/\/lasentinelle.dz\/wp-content\/uploads\/2024\/12\/Walis.jpeg","contentUrl":"https:\/\/lasentinelle.dz\/wp-content\/uploads\/2024\/12\/Walis.jpeg","width":800,"height":600},{"@type":"BreadcrumbList","@id":"https:\/\/lasentinelle.dz\/index.php\/2025\/10\/28\/collectivites-locales-le-president-tebboune-procede-a-un-mouvement-partiel-des-walis\/#breadcrumb","itemListElement":[{"@type":"ListItem","position":1,"name":"Accueil","item":"https:\/\/lasentinelle.dz\/"},{"@type":"ListItem","position":2,"name":"Collectivit\u00e9s locales\u00a0: Le Pr\u00e9sident Tebboune proc\u00e8de \u00e0 un mouvement partiel des walis"}]},{"@type":"WebSite","@id":"https:\/\/lasentinelle.dz\/#website","url":"https:\/\/lasentinelle.dz\/","name":"La Sentinelle","description":"Quotidien national d&#039;information","publisher":{"@id":"https:\/\/lasentinelle.dz\/#organization"},"potentialAction":[{"@type":"SearchAction","target":{"@type":"EntryPoint","urlTemplate":"https:\/\/lasentinelle.dz\/?s={search_term_string}"},"query-input":{"@type":"PropertyValueSpecification","valueRequired":true,"valueName":"search_term_string"}}],"inLanguage":"fr-FR"},{"@type":"Organization","@id":"https:\/\/lasentinelle.dz\/#organization","name":"Quotidien La Sentinelle","url":"https:\/\/lasentinelle.dz\/","logo":{"@type":"ImageObject","inLanguage":"fr-FR","@id":"https:\/\/lasentinelle.dz\/#\/schema\/logo\/image\/","url":"https:\/\/lasentinelle.dz\/wp-content\/uploads\/2021\/09\/logo-sentinelleSLOGAN-1.png","contentUrl":"https:\/\/lasentinelle.dz\/wp-content\/uploads\/2021\/09\/logo-sentinelleSLOGAN-1.png","width":615,"height":142,"caption":"Quotidien La Sentinelle"},"image":{"@id":"https:\/\/lasentinelle.dz\/#\/schema\/logo\/image\/"},"sameAs":["https:\/\/www.facebook.com\/La-Sentinelle-104059864394773"]},{"@type":"Person","@id":"https:\/\/lasentinelle.dz\/#\/schema\/person\/729ee0024f24e0b8c5ec17232f8e8b41","name":"admin","image":{"@type":"ImageObject","inLanguage":"fr-FR","@id":"https:\/\/secure.gravatar.com\/avatar\/4c81fed838786e9b53f540bf46533e750f5d292099ae3b66cfc6fb1982e29df7?s=96&d=mm&r=g","url":"https:\/\/secure.gravatar.com\/avatar\/4c81fed838786e9b53f540bf46533e750f5d292099ae3b66cfc6fb1982e29df7?s=96&d=mm&r=g","contentUrl":"https:\/\/secure.gravatar.com\/avatar\/4c81fed838786e9b53f540bf46533e750f5d292099ae3b66cfc6fb1982e29df7?s=96&d=mm&r=g","caption":"admin"},"description":"admin","url":"https:\/\/lasentinelle.dz\/author\/admin\/"}]}},"_links":{"self":[{"href":"https:\/\/lasentinelle.dz\/index.php\/wp-json\/wp\/v2\/posts\/75483","targetHints":{"allow":["GET"]}}],"collection":[{"href":"https:\/\/lasentinelle.dz\/index.php\/wp-json\/wp\/v2\/posts"}],"about":[{"href":"https:\/\/lasentinelle.dz\/index.php\/wp-json\/wp\/v2\/types\/post"}],"author":[{"embeddable":true,"href":"https:\/\/lasentinelle.dz\/index.php\/wp-json\/wp\/v2\/users\/6"}],"replies":[{"embeddable":true,"href":"https:\/\/lasentinelle.dz\/index.php\/wp-json\/wp\/v2\/comments?post=75483"}],"version-history":[{"count":1,"href":"https:\/\/lasentinelle.dz\/index.php\/wp-json\/wp\/v2\/posts\/75483\/revisions"}],"predecessor-version":[{"id":75484,"href":"https:\/\/lasentinelle.dz\/index.php\/wp-json\/wp\/v2\/posts\/75483\/revisions\/75484"}],"wp:featuredmedia":[{"embeddable":true,"href":"https:\/\/lasentinelle.dz\/index.php\/wp-json\/wp\/v2\/media\/60895"}],"wp:attachment":[{"href":"https:\/\/lasentinelle.dz\/index.php\/wp-json\/wp\/v2\/media?parent=75483"}],"wp:term":[{"taxonomy":"category","embeddable":true,"href":"https:\/\/lasentinelle.dz\/index.php\/wp-json\/wp\/v2\/categories?post=75483"},{"taxonomy":"post_tag","embeddable":true,"href":"https:\/\/lasentinelle.dz\/index.php\/wp-json\/wp\/v2\/tags?post=75483"}],"curies":[{"name":"wp","href":"https:\/\/api.w.org\/{rel}","templated":true}]}}