{"id":75499,"date":"2025-10-28T19:18:41","date_gmt":"2025-10-28T18:18:41","guid":{"rendered":"https:\/\/lasentinelle.dz\/?p=75499"},"modified":"2025-10-28T19:18:42","modified_gmt":"2025-10-28T18:18:42","slug":"lalgerie-au-coeur-de-lintegration-africaine-par-les-infrastructures-50-projets-strategiques","status":"publish","type":"post","link":"https:\/\/lasentinelle.dz\/index.php\/2025\/10\/28\/lalgerie-au-coeur-de-lintegration-africaine-par-les-infrastructures-50-projets-strategiques\/","title":{"rendered":"L&rsquo;Alg\u00e9rie au c\u0153ur de l&rsquo;int\u00e9gration africaine par les infrastructures\u00a0: 50 projets strat\u00e9giques\u00a0!"},"content":{"rendered":"\n<p><strong>Le pr\u00e9sident Tebboune pr\u00e9sente une vision ambitieuse pour connecter le continent et annonce cinquante projets nationaux strat\u00e9giques<\/strong><strong> qui s\u2019ajouteront aux structures transnationales cens\u00e9es connecter l\u2019Alg\u00e9rie \u00e0 plusieurs pays de la r\u00e9gion.<\/strong><\/p>\n\n\n\n<p>Le pr\u00e9sident de la R\u00e9publique, Abdelmadjid Tebboune, a r\u00e9affirm\u00e9 mardi \u00e0 Luanda le soutien constant de l&rsquo;Alg\u00e9rie au d\u00e9veloppement des infrastructures en Afrique, pr\u00e9sentant une s\u00e9rie de m\u00e9gaprojets continentaux et nationaux destin\u00e9s \u00e0 faire du pays un hub r\u00e9gional incontournable. S&rsquo;exprimant lors du 3e Sommet sur le financement du d\u00e9veloppement des infrastructures en Afrique, le chef de l&rsquo;\u00c9tat a d\u00e9fendu une approche africaine du d\u00e9veloppement, privil\u00e9giant les ressources du continent avant le recours aux financements \u00e9trangers. Dans une allocution prononc\u00e9e en son nom par le pr\u00e9sident du Conseil de la nation, Azouz Nasri, devant les dirigeants r\u00e9unis dans la capitale angolaise sous la pr\u00e9sidence du pr\u00e9sident Joao Manuel Louren\u00e7o, pr\u00e9sident en exercice de l&rsquo;Union africaine, le Pr\u00e9sident Tebboune a expos\u00e9 la philosophie alg\u00e9rienne du d\u00e9veloppement continental. L&rsquo;Alg\u00e9rie \u00ab\u00a0demeure convaincue de l&rsquo;unit\u00e9 du destin africain et attach\u00e9e aux principes de solidarit\u00e9 et de fraternit\u00e9\u00a0\u00bb, a-t-il d\u00e9clar\u00e9, soulignant que \u00ab\u00a0la v\u00e9ritable renaissance \u00e9conomique ne saurait se r\u00e9aliser qu&rsquo;\u00e0 travers la mise en place d&rsquo;infrastructures int\u00e9gr\u00e9es et modernes, \u00e0 m\u00eame de r\u00e9pondre aux aspirations des peuples du continent et de s&rsquo;adapter aux d\u00e9fis d&rsquo;un monde en mutation\u00a0\u00bb.<\/p>\n\n\n\n<p>Infrastructures r\u00e9gionales<\/p>\n\n\n\n<p>Au c\u0153ur de l&rsquo;intervention pr\u00e9sidentielle figure une s\u00e9rie de projets transnationaux d\u00e9j\u00e0 lanc\u00e9s ou en cours de r\u00e9alisation, incarnant la volont\u00e9 alg\u00e9rienne de jouer un r\u00f4le moteur dans l&rsquo;int\u00e9gration continentale. La route transsaharienne, reliant l&rsquo;Alg\u00e9rie \u00e0 cinq pays africains, figure en t\u00eate de ces initiatives structurantes. Ce projet contribue au d\u00e9senclavement des pays du Sahel tout en transformant cet axe en carrefour \u00e9conomique et commercial n\u00e9vralgique. Le pr\u00e9sident a \u00e9galement mis en avant le raccordement du Sud alg\u00e9rien au r\u00e9seau ferroviaire, con\u00e7u dans le cadre d&rsquo;une vision strat\u00e9gique visant \u00e0 \u00e9tendre cette connexion aux pays voisins en appui \u00e0 l&rsquo;int\u00e9gration r\u00e9gionale et au d\u00e9veloppement commun. Parmi les projets \u00e0 dimension continentale figure \u00e9galement la route reliant Tindouf \u00e0 Zouerate en Mauritanie, financ\u00e9e par l&rsquo;Agence alg\u00e9rienne de coop\u00e9ration internationale pour la solidarit\u00e9 et le d\u00e9veloppement, visant \u00e0 faciliter la jonction entre l&rsquo;Afrique du Nord et l&rsquo;Afrique de l&rsquo;Ouest. Le pr\u00e9sident Tebboune a aussi \u00e9voqu\u00e9 le projet de dorsale transsaharienne \u00e0 fibre optique, destin\u00e9 \u00e0 renforcer l&rsquo;infrastructure num\u00e9rique et \u00e0 soutenir l&rsquo;\u00e9conomie num\u00e9rique au Sahel pour accompagner les mutations technologiques mondiales. Enfin, le gazoduc transsaharien Nigeria-Alg\u00e9rie via le Niger constitue, ajoute-il, un maillon strat\u00e9gique de la coop\u00e9ration continentale dans le domaine \u00e9nerg\u00e9tique et en mati\u00e8re de renforcement du partenariat Sud-Sud. Pour le chef de l&rsquo;\u00c9tat, l&rsquo;investissement dans les infrastructures constitue l&rsquo;un des principaux leviers de la croissance \u00e9conomique et un facteur d\u00e9terminant pour l&rsquo;am\u00e9lioration du climat des affaires et l&rsquo;attraction des investissements, \u00e0 m\u00eame de contribuer au renforcement de la r\u00e9silience et de la comp\u00e9titivit\u00e9 des \u00e9conomies africaines. \u00ab\u00a0Les infrastructures ne sont pas de simples structures mat\u00e9rielles, mais repr\u00e9sentent les art\u00e8res du d\u00e9veloppement, les cl\u00e9s de l&rsquo;int\u00e9gration africaine et le pilier essentiel pour atteindre les objectifs de l&rsquo;Agenda 2063 de l&rsquo;Union africaine et r\u00e9aliser le d\u00e9veloppement durable \u00e0 l&rsquo;\u00e9chelle mondiale\u00a0\u00bb, a-t-il affirm\u00e9.<\/p>\n\n\n\n<p><strong>Grands projets nationaux<\/strong><\/p>\n\n\n\n<p>Le Pr\u00e9sident Tebboune a \u00e9galement d\u00e9voil\u00e9 l&rsquo;ampleur des investissements nationaux en cours, annon\u00e7ant que l&rsquo;Alg\u00e9rie poursuit la mise en \u0153uvre d&rsquo;une cinquantaine de projets infrastructurels majeurs dans le cadre d&rsquo;une strat\u00e9gie nationale ambitieuse visant \u00e0 d\u00e9velopper l&rsquo;\u00e9conomie nationale et \u00e0 renforcer sa comp\u00e9titivit\u00e9. Ces projets englobent plusieurs secteurs vitaux et t\u00e9moignent de l&rsquo;ambition alg\u00e9rienne de se positionner comme un acteur \u00e9conomique r\u00e9gional de premier plan. Dans le secteur ferroviaire, deux projets strat\u00e9giques retiennent l&rsquo;attention. Le premier relie la mine de fer de Gara Djebilet \u00e0 la ville de B\u00e9char sur une distance de 950 kilom\u00e8tres, ouvrant la voie \u00e0 l&rsquo;exploitation de l&rsquo;un des plus importants gisements de fer au monde. Le second connecte le port d&rsquo;Annaba \u00e0 la r\u00e9gion de Djebel Onk \u00e0 T\u00e9bessa sur 420 kilom\u00e8tres, dans le cadre d&rsquo;un m\u00e9ga projet national visant \u00e0 d\u00e9velopper le r\u00e9seau de transport et \u00e0 renforcer l&rsquo;int\u00e9gration \u00e9conomique du pays.<\/p>\n\n\n\n<p>La question de la s\u00e9curit\u00e9 hydrique occupe \u00e9galement une place centrale dans cette strat\u00e9gie de d\u00e9veloppement. Le pr\u00e9sident a annonc\u00e9 la r\u00e9alisation de cinq nouvelles stations de dessalement de l&rsquo;eau de mer dans les wilayas d&rsquo;Oran, Tipasa, El Tarf, Boumerd\u00e8s et B\u00e9ja\u00efa, r\u00e9pondant ainsi aux d\u00e9fis de la pression d\u00e9mographique et du changement climatique. L&rsquo;extension du r\u00e9seau de m\u00e9tro d&rsquo;Alger jusqu&rsquo;\u00e0 l&rsquo;a\u00e9roport international et plusieurs nouvelles cit\u00e9s contribuera, selon lui, \u00e0 l&rsquo;am\u00e9lioration du transport urbain et \u00e0 la r\u00e9duction des \u00e9missions. En mati\u00e8re d&rsquo;habitat, un ambitieux programme national de construction de deux millions de logements et de d\u00e9veloppement de grands p\u00f4les urbains \u00e0 travers les diff\u00e9rentes wilayas est en cours de mise en \u0153uvre, afin de r\u00e9pondre \u00e0 la demande croissante et de renforcer l&rsquo;\u00e9quilibre r\u00e9gional. Consciente de l&rsquo;importance de la transformation num\u00e9rique, l&rsquo;Alg\u00e9rie \u0153uvre au renforcement de son infrastructure technologique pour en faire un centre r\u00e9gional leader dans le domaine des t\u00e9l\u00e9communications et de l&rsquo;\u00e9conomie num\u00e9rique en Afrique, lui permettant ainsi d&rsquo;int\u00e9grer son \u00e9conomie dans les cha\u00eenes de valeur r\u00e9gionales et mondiales.<\/p>\n\n\n\n<p><strong>Un financement \u00e0 revoir<\/strong><\/p>\n\n\n\n<p>Au-del\u00e0 de l&rsquo;\u00e9num\u00e9ration des projets, le pr\u00e9sident de la R\u00e9publique a appel\u00e9 \u00e0 une refonte des m\u00e9canismes de financement et de gouvernance des infrastructures en Afrique. Il a plaid\u00e9 pour l&rsquo;adoption d&rsquo;une vision claire d\u00e9passant le cadre des engagements politiques vers des m\u00e9canismes de mise en \u0153uvre concrets, reposant sur l&rsquo;acc\u00e9l\u00e9ration de la finalisation des projets continentaux majeurs inscrits dans l&rsquo;initiative pour le d\u00e9veloppement des infrastructures en Afrique, selon un calendrier bien d\u00e9fini, tout en assurant un suivi politique et technique permanent aux plus hauts niveaux. Le chef de l&rsquo;\u00c9tat a \u00e9galement appel\u00e9 \u00e0 cr\u00e9er un m\u00e9canisme de coordination permanent entre les pays africains, l&rsquo;Union africaine et les institutions financi\u00e8res r\u00e9gionales, \u00e0 m\u00eame de garantir la bonne ex\u00e9cution des projets prioritaires et l&rsquo;\u00e9change d&rsquo;expertises techniques et financi\u00e8res. Il a insist\u00e9 sur la n\u00e9cessit\u00e9 de lever les obstacles techniques, proc\u00e9duraux et de financement qui entravent l&rsquo;avancement des grands projets, d&rsquo;adopter une approche flexible qui tient compte des sp\u00e9cificit\u00e9s de chaque r\u00e9gion, de renforcer le partenariat public-priv\u00e9, et surtout de mobiliser les ressources africaines en premier lieu avant de recourir aux financements \u00e9trangers. Il a encourag\u00e9 les solutions innovantes comme la cr\u00e9ation de fonds africains souverains communs. \u00ab\u00a0Il importe d&rsquo;accorder la priorit\u00e9 aux projets ayant un r\u00e9el impact continental, \u00e0 m\u00eame de contribuer \u00e0 la cr\u00e9ation d&#8217;emplois, d&rsquo;interconnecter les \u00e9conomies et de soutenir la s\u00e9curit\u00e9 alimentaire, \u00e9nerg\u00e9tique et num\u00e9rique en Afrique\u00a0\u00bb, a-t-il soulign\u00e9, rappelant que \u00ab\u00a0la r\u00e9alisation des objectifs de d\u00e9veloppement exige une volont\u00e9 collective forte \u00e0 m\u00eame de traduire les paroles en actes et les intentions en r\u00e9alisations concr\u00e8tes sur le terrain\u00a0\u00bb. Pour le pr\u00e9sident Tebboune, \u00ab\u00a0les infrastructures ne sont pas de simples ouvrages d&rsquo;architecture, mais un outil de changement et de transformation et le reflet de la volont\u00e9 des pays de construire une Afrique nouvelle qui avance r\u00e9solument vers la prosp\u00e9rit\u00e9 et la souverainet\u00e9\u00a0\u00bb. Il a ajout\u00e9 que \u00ab\u00a0l&rsquo;int\u00e9gration continentale ne sera plus un slogan, mais une r\u00e9alit\u00e9 v\u00e9cue, lorsque nos projets continentaux deviendront le fruit d&rsquo;une vision africaine authentique incarnant les ambitions de nos peuples et r\u00e9pondant, avec r\u00e9alisme et responsabilit\u00e9, \u00e0 leurs d\u00e9fis socio\u00e9conomiques et environnementaux\u00a0\u00bb.<\/p>\n\n\n\n<p>Le pr\u00e9sident de la R\u00e9publique a \u00e9galement r\u00e9affirm\u00e9 l&rsquo;intime conviction de l&rsquo;Alg\u00e9rie que la construction de l&rsquo;avenir ne saurait se faire sans la participation des v\u00e9ritables acteurs au processus de changement, \u00e0 leur t\u00eate les jeunes, qui constituent le c\u0153ur battant du continent africain et l&rsquo;\u00e9l\u00e9ment le plus apte \u00e0 l&rsquo;innovation et au renouveau. Il a appel\u00e9 \u00e0 renforcer la coordination efficace entre l&rsquo;Union africaine et les \u00c9tats membres, en vue d&rsquo;unir les efforts et d&rsquo;acc\u00e9l\u00e9rer la cadence de la mise en \u0153uvre des projets prioritaires, tout en insistant sur la n\u00e9cessit\u00e9 de mettre en place un m\u00e9canisme d&rsquo;\u00e9valuation et de suivi p\u00e9riodique garantissant la transparence et la reddition des comptes. En conclusion, le Pr\u00e9sident Tebboune a r\u00e9it\u00e9r\u00e9 la pleine disposition de l&rsquo;Alg\u00e9rie \u00e0 continuer \u00e0 \u0153uvrer aux c\u00f4t\u00e9s de ses fr\u00e8res africains et des institutions de l&rsquo;Union africaine pour atteindre les grands objectifs du d\u00e9veloppement continental et consacrer l&rsquo;int\u00e9gration africaine, qui constitue l&rsquo;un des socles de la vision africaine \u00e9clair\u00e9e, tendant \u00e0 construire une Afrique forte, unie et prosp\u00e8re, s&rsquo;exprimant d&rsquo;une seule voix et avan\u00e7ant r\u00e9solument vers l&rsquo;avenir, anim\u00e9e d&rsquo;une m\u00eame volont\u00e9.<\/p>\n\n\n\n<p>Salim Amokrane<\/p>\n","protected":false},"excerpt":{"rendered":"<p>Le pr\u00e9sident Tebboune pr\u00e9sente une vision ambitieuse pour connecter le continent et annonce cinquante projets nationaux strat\u00e9giques qui s\u2019ajouteront aux<\/p>\n","protected":false},"author":6,"featured_media":75500,"comment_status":"open","ping_status":"closed","sticky":false,"template":"","format":"standard","meta":{"colormag_page_container_layout":"default_layout","colormag_page_sidebar_layout":"default_layout","om_disable_all_campaigns":false,"_monsterinsights_skip_tracking":false,"_monsterinsights_sitenote_active":false,"_monsterinsights_sitenote_note":"","_monsterinsights_sitenote_category":0,"footnotes":"","_wpscppro_dont_share_socialmedia":false,"_wpscppro_custom_social_share_image":0,"_facebook_share_type":"default","_twitter_share_type":"default","_linkedin_share_type":"default","_pinterest_share_type":"default","_linkedin_share_type_page":"","_instagram_share_type":"default","_medium_share_type":"default","_threads_share_type":"default","_google_business_share_type":"default","_selected_social_profile":[],"_wpsp_enable_custom_social_template":false,"_wpsp_social_scheduling":{"enabled":false,"datetime":null,"platforms":[],"status":"template_only","dateOption":"today","timeOption":"now","customDays":"","customHours":"","customDate":"","customTime":"","schedulingType":"absolute"},"_wpsp_active_default_template":true},"categories":[52,27],"tags":[],"class_list":["post-75499","post","type-post","status-publish","format-standard","has-post-thumbnail","hentry","category-a-la-une","category-actualite"],"aioseo_notices":[],"yoast_head":"<!-- This site is optimized with the Yoast SEO plugin v27.5 - https:\/\/yoast.com\/product\/yoast-seo-wordpress\/ -->\n<title>L&rsquo;Alg\u00e9rie au c\u0153ur de l&rsquo;int\u00e9gration africaine par les infrastructures\u00a0: 50 projets strat\u00e9giques\u00a0! - La Sentinelle<\/title>\n<meta name=\"robots\" content=\"index, follow, max-snippet:-1, max-image-preview:large, max-video-preview:-1\" \/>\n<link rel=\"canonical\" href=\"https:\/\/lasentinelle.dz\/index.php\/2025\/10\/28\/lalgerie-au-coeur-de-lintegration-africaine-par-les-infrastructures-50-projets-strategiques\/\" \/>\n<meta property=\"og:locale\" content=\"fr_FR\" \/>\n<meta property=\"og:type\" content=\"article\" \/>\n<meta property=\"og:title\" content=\"L&rsquo;Alg\u00e9rie au c\u0153ur de l&rsquo;int\u00e9gration africaine par les infrastructures\u00a0: 50 projets strat\u00e9giques\u00a0! - La Sentinelle\" \/>\n<meta property=\"og:description\" content=\"Le pr\u00e9sident Tebboune pr\u00e9sente une vision ambitieuse pour connecter le continent et annonce cinquante projets nationaux strat\u00e9giques qui s\u2019ajouteront aux\" \/>\n<meta property=\"og:url\" content=\"https:\/\/lasentinelle.dz\/index.php\/2025\/10\/28\/lalgerie-au-coeur-de-lintegration-africaine-par-les-infrastructures-50-projets-strategiques\/\" \/>\n<meta property=\"og:site_name\" content=\"La Sentinelle\" \/>\n<meta property=\"article:publisher\" content=\"https:\/\/www.facebook.com\/La-Sentinelle-104059864394773\" \/>\n<meta property=\"article:published_time\" content=\"2025-10-28T18:18:41+00:00\" \/>\n<meta property=\"article:modified_time\" content=\"2025-10-28T18:18:42+00:00\" \/>\n<meta property=\"og:image\" content=\"https:\/\/lasentinelle.dz\/wp-content\/uploads\/2025\/10\/anesrif.jpg\" \/>\n\t<meta property=\"og:image:width\" content=\"1641\" \/>\n\t<meta property=\"og:image:height\" content=\"624\" \/>\n\t<meta property=\"og:image:type\" content=\"image\/jpeg\" \/>\n<meta name=\"author\" content=\"admin\" \/>\n<meta name=\"twitter:card\" content=\"summary_large_image\" \/>\n<meta name=\"twitter:label1\" content=\"\u00c9crit par\" \/>\n\t<meta name=\"twitter:data1\" content=\"admin\" \/>\n\t<meta name=\"twitter:label2\" content=\"Dur\u00e9e de lecture estim\u00e9e\" \/>\n\t<meta name=\"twitter:data2\" content=\"8 minutes\" \/>\n<script type=\"application\/ld+json\" class=\"yoast-schema-graph\">{\"@context\":\"https:\\\/\\\/schema.org\",\"@graph\":[{\"@type\":\"Article\",\"@id\":\"https:\\\/\\\/lasentinelle.dz\\\/index.php\\\/2025\\\/10\\\/28\\\/lalgerie-au-coeur-de-lintegration-africaine-par-les-infrastructures-50-projets-strategiques\\\/#article\",\"isPartOf\":{\"@id\":\"https:\\\/\\\/lasentinelle.dz\\\/index.php\\\/2025\\\/10\\\/28\\\/lalgerie-au-coeur-de-lintegration-africaine-par-les-infrastructures-50-projets-strategiques\\\/\"},\"author\":{\"name\":\"admin\",\"@id\":\"https:\\\/\\\/lasentinelle.dz\\\/#\\\/schema\\\/person\\\/729ee0024f24e0b8c5ec17232f8e8b41\"},\"headline\":\"L&rsquo;Alg\u00e9rie au c\u0153ur de l&rsquo;int\u00e9gration africaine par les infrastructures\u00a0: 50 projets strat\u00e9giques\u00a0!\",\"datePublished\":\"2025-10-28T18:18:41+00:00\",\"dateModified\":\"2025-10-28T18:18:42+00:00\",\"mainEntityOfPage\":{\"@id\":\"https:\\\/\\\/lasentinelle.dz\\\/index.php\\\/2025\\\/10\\\/28\\\/lalgerie-au-coeur-de-lintegration-africaine-par-les-infrastructures-50-projets-strategiques\\\/\"},\"wordCount\":1653,\"commentCount\":0,\"publisher\":{\"@id\":\"https:\\\/\\\/lasentinelle.dz\\\/#organization\"},\"image\":{\"@id\":\"https:\\\/\\\/lasentinelle.dz\\\/index.php\\\/2025\\\/10\\\/28\\\/lalgerie-au-coeur-de-lintegration-africaine-par-les-infrastructures-50-projets-strategiques\\\/#primaryimage\"},\"thumbnailUrl\":\"https:\\\/\\\/lasentinelle.dz\\\/wp-content\\\/uploads\\\/2025\\\/10\\\/anesrif.jpg\",\"articleSection\":[\"\u00c0 la Une\",\"Actualit\u00e9\"],\"inLanguage\":\"fr-FR\",\"potentialAction\":[{\"@type\":\"CommentAction\",\"name\":\"Comment\",\"target\":[\"https:\\\/\\\/lasentinelle.dz\\\/index.php\\\/2025\\\/10\\\/28\\\/lalgerie-au-coeur-de-lintegration-africaine-par-les-infrastructures-50-projets-strategiques\\\/#respond\"]}]},{\"@type\":\"WebPage\",\"@id\":\"https:\\\/\\\/lasentinelle.dz\\\/index.php\\\/2025\\\/10\\\/28\\\/lalgerie-au-coeur-de-lintegration-africaine-par-les-infrastructures-50-projets-strategiques\\\/\",\"url\":\"https:\\\/\\\/lasentinelle.dz\\\/index.php\\\/2025\\\/10\\\/28\\\/lalgerie-au-coeur-de-lintegration-africaine-par-les-infrastructures-50-projets-strategiques\\\/\",\"name\":\"L&rsquo;Alg\u00e9rie au c\u0153ur de l&rsquo;int\u00e9gration africaine par les infrastructures\u00a0: 50 projets strat\u00e9giques\u00a0! - La Sentinelle\",\"isPartOf\":{\"@id\":\"https:\\\/\\\/lasentinelle.dz\\\/#website\"},\"primaryImageOfPage\":{\"@id\":\"https:\\\/\\\/lasentinelle.dz\\\/index.php\\\/2025\\\/10\\\/28\\\/lalgerie-au-coeur-de-lintegration-africaine-par-les-infrastructures-50-projets-strategiques\\\/#primaryimage\"},\"image\":{\"@id\":\"https:\\\/\\\/lasentinelle.dz\\\/index.php\\\/2025\\\/10\\\/28\\\/lalgerie-au-coeur-de-lintegration-africaine-par-les-infrastructures-50-projets-strategiques\\\/#primaryimage\"},\"thumbnailUrl\":\"https:\\\/\\\/lasentinelle.dz\\\/wp-content\\\/uploads\\\/2025\\\/10\\\/anesrif.jpg\",\"datePublished\":\"2025-10-28T18:18:41+00:00\",\"dateModified\":\"2025-10-28T18:18:42+00:00\",\"breadcrumb\":{\"@id\":\"https:\\\/\\\/lasentinelle.dz\\\/index.php\\\/2025\\\/10\\\/28\\\/lalgerie-au-coeur-de-lintegration-africaine-par-les-infrastructures-50-projets-strategiques\\\/#breadcrumb\"},\"inLanguage\":\"fr-FR\",\"potentialAction\":[{\"@type\":\"ReadAction\",\"target\":[\"https:\\\/\\\/lasentinelle.dz\\\/index.php\\\/2025\\\/10\\\/28\\\/lalgerie-au-coeur-de-lintegration-africaine-par-les-infrastructures-50-projets-strategiques\\\/\"]}]},{\"@type\":\"ImageObject\",\"inLanguage\":\"fr-FR\",\"@id\":\"https:\\\/\\\/lasentinelle.dz\\\/index.php\\\/2025\\\/10\\\/28\\\/lalgerie-au-coeur-de-lintegration-africaine-par-les-infrastructures-50-projets-strategiques\\\/#primaryimage\",\"url\":\"https:\\\/\\\/lasentinelle.dz\\\/wp-content\\\/uploads\\\/2025\\\/10\\\/anesrif.jpg\",\"contentUrl\":\"https:\\\/\\\/lasentinelle.dz\\\/wp-content\\\/uploads\\\/2025\\\/10\\\/anesrif.jpg\",\"width\":1641,\"height\":624},{\"@type\":\"BreadcrumbList\",\"@id\":\"https:\\\/\\\/lasentinelle.dz\\\/index.php\\\/2025\\\/10\\\/28\\\/lalgerie-au-coeur-de-lintegration-africaine-par-les-infrastructures-50-projets-strategiques\\\/#breadcrumb\",\"itemListElement\":[{\"@type\":\"ListItem\",\"position\":1,\"name\":\"Accueil\",\"item\":\"https:\\\/\\\/lasentinelle.dz\\\/\"},{\"@type\":\"ListItem\",\"position\":2,\"name\":\"L&rsquo;Alg\u00e9rie au c\u0153ur de l&rsquo;int\u00e9gration africaine par les infrastructures\u00a0: 50 projets strat\u00e9giques\u00a0!\"}]},{\"@type\":\"WebSite\",\"@id\":\"https:\\\/\\\/lasentinelle.dz\\\/#website\",\"url\":\"https:\\\/\\\/lasentinelle.dz\\\/\",\"name\":\"La Sentinelle\",\"description\":\"Quotidien national d&#039;information\",\"publisher\":{\"@id\":\"https:\\\/\\\/lasentinelle.dz\\\/#organization\"},\"potentialAction\":[{\"@type\":\"SearchAction\",\"target\":{\"@type\":\"EntryPoint\",\"urlTemplate\":\"https:\\\/\\\/lasentinelle.dz\\\/?s={search_term_string}\"},\"query-input\":{\"@type\":\"PropertyValueSpecification\",\"valueRequired\":true,\"valueName\":\"search_term_string\"}}],\"inLanguage\":\"fr-FR\"},{\"@type\":\"Organization\",\"@id\":\"https:\\\/\\\/lasentinelle.dz\\\/#organization\",\"name\":\"Quotidien La Sentinelle\",\"url\":\"https:\\\/\\\/lasentinelle.dz\\\/\",\"logo\":{\"@type\":\"ImageObject\",\"inLanguage\":\"fr-FR\",\"@id\":\"https:\\\/\\\/lasentinelle.dz\\\/#\\\/schema\\\/logo\\\/image\\\/\",\"url\":\"https:\\\/\\\/lasentinelle.dz\\\/wp-content\\\/uploads\\\/2021\\\/09\\\/logo-sentinelleSLOGAN-1.png\",\"contentUrl\":\"https:\\\/\\\/lasentinelle.dz\\\/wp-content\\\/uploads\\\/2021\\\/09\\\/logo-sentinelleSLOGAN-1.png\",\"width\":615,\"height\":142,\"caption\":\"Quotidien La Sentinelle\"},\"image\":{\"@id\":\"https:\\\/\\\/lasentinelle.dz\\\/#\\\/schema\\\/logo\\\/image\\\/\"},\"sameAs\":[\"https:\\\/\\\/www.facebook.com\\\/La-Sentinelle-104059864394773\"]},{\"@type\":\"Person\",\"@id\":\"https:\\\/\\\/lasentinelle.dz\\\/#\\\/schema\\\/person\\\/729ee0024f24e0b8c5ec17232f8e8b41\",\"name\":\"admin\",\"image\":{\"@type\":\"ImageObject\",\"inLanguage\":\"fr-FR\",\"@id\":\"https:\\\/\\\/secure.gravatar.com\\\/avatar\\\/4c81fed838786e9b53f540bf46533e750f5d292099ae3b66cfc6fb1982e29df7?s=96&d=mm&r=g\",\"url\":\"https:\\\/\\\/secure.gravatar.com\\\/avatar\\\/4c81fed838786e9b53f540bf46533e750f5d292099ae3b66cfc6fb1982e29df7?s=96&d=mm&r=g\",\"contentUrl\":\"https:\\\/\\\/secure.gravatar.com\\\/avatar\\\/4c81fed838786e9b53f540bf46533e750f5d292099ae3b66cfc6fb1982e29df7?s=96&d=mm&r=g\",\"caption\":\"admin\"},\"description\":\"admin\",\"url\":\"https:\\\/\\\/lasentinelle.dz\\\/author\\\/admin\\\/\"}]}<\/script>\n<!-- \/ Yoast SEO plugin. -->","yoast_head_json":{"title":"L&rsquo;Alg\u00e9rie au c\u0153ur de l&rsquo;int\u00e9gration africaine par les infrastructures\u00a0: 50 projets strat\u00e9giques\u00a0! - La Sentinelle","robots":{"index":"index","follow":"follow","max-snippet":"max-snippet:-1","max-image-preview":"max-image-preview:large","max-video-preview":"max-video-preview:-1"},"canonical":"https:\/\/lasentinelle.dz\/index.php\/2025\/10\/28\/lalgerie-au-coeur-de-lintegration-africaine-par-les-infrastructures-50-projets-strategiques\/","og_locale":"fr_FR","og_type":"article","og_title":"L&rsquo;Alg\u00e9rie au c\u0153ur de l&rsquo;int\u00e9gration africaine par les infrastructures\u00a0: 50 projets strat\u00e9giques\u00a0! - La Sentinelle","og_description":"Le pr\u00e9sident Tebboune pr\u00e9sente une vision ambitieuse pour connecter le continent et annonce cinquante projets nationaux strat\u00e9giques qui s\u2019ajouteront aux","og_url":"https:\/\/lasentinelle.dz\/index.php\/2025\/10\/28\/lalgerie-au-coeur-de-lintegration-africaine-par-les-infrastructures-50-projets-strategiques\/","og_site_name":"La Sentinelle","article_publisher":"https:\/\/www.facebook.com\/La-Sentinelle-104059864394773","article_published_time":"2025-10-28T18:18:41+00:00","article_modified_time":"2025-10-28T18:18:42+00:00","og_image":[{"width":1641,"height":624,"url":"https:\/\/lasentinelle.dz\/wp-content\/uploads\/2025\/10\/anesrif.jpg","type":"image\/jpeg"}],"author":"admin","twitter_card":"summary_large_image","twitter_misc":{"\u00c9crit par":"admin","Dur\u00e9e de lecture estim\u00e9e":"8 minutes"},"schema":{"@context":"https:\/\/schema.org","@graph":[{"@type":"Article","@id":"https:\/\/lasentinelle.dz\/index.php\/2025\/10\/28\/lalgerie-au-coeur-de-lintegration-africaine-par-les-infrastructures-50-projets-strategiques\/#article","isPartOf":{"@id":"https:\/\/lasentinelle.dz\/index.php\/2025\/10\/28\/lalgerie-au-coeur-de-lintegration-africaine-par-les-infrastructures-50-projets-strategiques\/"},"author":{"name":"admin","@id":"https:\/\/lasentinelle.dz\/#\/schema\/person\/729ee0024f24e0b8c5ec17232f8e8b41"},"headline":"L&rsquo;Alg\u00e9rie au c\u0153ur de l&rsquo;int\u00e9gration africaine par les infrastructures\u00a0: 50 projets strat\u00e9giques\u00a0!","datePublished":"2025-10-28T18:18:41+00:00","dateModified":"2025-10-28T18:18:42+00:00","mainEntityOfPage":{"@id":"https:\/\/lasentinelle.dz\/index.php\/2025\/10\/28\/lalgerie-au-coeur-de-lintegration-africaine-par-les-infrastructures-50-projets-strategiques\/"},"wordCount":1653,"commentCount":0,"publisher":{"@id":"https:\/\/lasentinelle.dz\/#organization"},"image":{"@id":"https:\/\/lasentinelle.dz\/index.php\/2025\/10\/28\/lalgerie-au-coeur-de-lintegration-africaine-par-les-infrastructures-50-projets-strategiques\/#primaryimage"},"thumbnailUrl":"https:\/\/lasentinelle.dz\/wp-content\/uploads\/2025\/10\/anesrif.jpg","articleSection":["\u00c0 la Une","Actualit\u00e9"],"inLanguage":"fr-FR","potentialAction":[{"@type":"CommentAction","name":"Comment","target":["https:\/\/lasentinelle.dz\/index.php\/2025\/10\/28\/lalgerie-au-coeur-de-lintegration-africaine-par-les-infrastructures-50-projets-strategiques\/#respond"]}]},{"@type":"WebPage","@id":"https:\/\/lasentinelle.dz\/index.php\/2025\/10\/28\/lalgerie-au-coeur-de-lintegration-africaine-par-les-infrastructures-50-projets-strategiques\/","url":"https:\/\/lasentinelle.dz\/index.php\/2025\/10\/28\/lalgerie-au-coeur-de-lintegration-africaine-par-les-infrastructures-50-projets-strategiques\/","name":"L&rsquo;Alg\u00e9rie au c\u0153ur de l&rsquo;int\u00e9gration africaine par les infrastructures\u00a0: 50 projets strat\u00e9giques\u00a0! - La Sentinelle","isPartOf":{"@id":"https:\/\/lasentinelle.dz\/#website"},"primaryImageOfPage":{"@id":"https:\/\/lasentinelle.dz\/index.php\/2025\/10\/28\/lalgerie-au-coeur-de-lintegration-africaine-par-les-infrastructures-50-projets-strategiques\/#primaryimage"},"image":{"@id":"https:\/\/lasentinelle.dz\/index.php\/2025\/10\/28\/lalgerie-au-coeur-de-lintegration-africaine-par-les-infrastructures-50-projets-strategiques\/#primaryimage"},"thumbnailUrl":"https:\/\/lasentinelle.dz\/wp-content\/uploads\/2025\/10\/anesrif.jpg","datePublished":"2025-10-28T18:18:41+00:00","dateModified":"2025-10-28T18:18:42+00:00","breadcrumb":{"@id":"https:\/\/lasentinelle.dz\/index.php\/2025\/10\/28\/lalgerie-au-coeur-de-lintegration-africaine-par-les-infrastructures-50-projets-strategiques\/#breadcrumb"},"inLanguage":"fr-FR","potentialAction":[{"@type":"ReadAction","target":["https:\/\/lasentinelle.dz\/index.php\/2025\/10\/28\/lalgerie-au-coeur-de-lintegration-africaine-par-les-infrastructures-50-projets-strategiques\/"]}]},{"@type":"ImageObject","inLanguage":"fr-FR","@id":"https:\/\/lasentinelle.dz\/index.php\/2025\/10\/28\/lalgerie-au-coeur-de-lintegration-africaine-par-les-infrastructures-50-projets-strategiques\/#primaryimage","url":"https:\/\/lasentinelle.dz\/wp-content\/uploads\/2025\/10\/anesrif.jpg","contentUrl":"https:\/\/lasentinelle.dz\/wp-content\/uploads\/2025\/10\/anesrif.jpg","width":1641,"height":624},{"@type":"BreadcrumbList","@id":"https:\/\/lasentinelle.dz\/index.php\/2025\/10\/28\/lalgerie-au-coeur-de-lintegration-africaine-par-les-infrastructures-50-projets-strategiques\/#breadcrumb","itemListElement":[{"@type":"ListItem","position":1,"name":"Accueil","item":"https:\/\/lasentinelle.dz\/"},{"@type":"ListItem","position":2,"name":"L&rsquo;Alg\u00e9rie au c\u0153ur de l&rsquo;int\u00e9gration africaine par les infrastructures\u00a0: 50 projets strat\u00e9giques\u00a0!"}]},{"@type":"WebSite","@id":"https:\/\/lasentinelle.dz\/#website","url":"https:\/\/lasentinelle.dz\/","name":"La Sentinelle","description":"Quotidien national d&#039;information","publisher":{"@id":"https:\/\/lasentinelle.dz\/#organization"},"potentialAction":[{"@type":"SearchAction","target":{"@type":"EntryPoint","urlTemplate":"https:\/\/lasentinelle.dz\/?s={search_term_string}"},"query-input":{"@type":"PropertyValueSpecification","valueRequired":true,"valueName":"search_term_string"}}],"inLanguage":"fr-FR"},{"@type":"Organization","@id":"https:\/\/lasentinelle.dz\/#organization","name":"Quotidien La Sentinelle","url":"https:\/\/lasentinelle.dz\/","logo":{"@type":"ImageObject","inLanguage":"fr-FR","@id":"https:\/\/lasentinelle.dz\/#\/schema\/logo\/image\/","url":"https:\/\/lasentinelle.dz\/wp-content\/uploads\/2021\/09\/logo-sentinelleSLOGAN-1.png","contentUrl":"https:\/\/lasentinelle.dz\/wp-content\/uploads\/2021\/09\/logo-sentinelleSLOGAN-1.png","width":615,"height":142,"caption":"Quotidien La Sentinelle"},"image":{"@id":"https:\/\/lasentinelle.dz\/#\/schema\/logo\/image\/"},"sameAs":["https:\/\/www.facebook.com\/La-Sentinelle-104059864394773"]},{"@type":"Person","@id":"https:\/\/lasentinelle.dz\/#\/schema\/person\/729ee0024f24e0b8c5ec17232f8e8b41","name":"admin","image":{"@type":"ImageObject","inLanguage":"fr-FR","@id":"https:\/\/secure.gravatar.com\/avatar\/4c81fed838786e9b53f540bf46533e750f5d292099ae3b66cfc6fb1982e29df7?s=96&d=mm&r=g","url":"https:\/\/secure.gravatar.com\/avatar\/4c81fed838786e9b53f540bf46533e750f5d292099ae3b66cfc6fb1982e29df7?s=96&d=mm&r=g","contentUrl":"https:\/\/secure.gravatar.com\/avatar\/4c81fed838786e9b53f540bf46533e750f5d292099ae3b66cfc6fb1982e29df7?s=96&d=mm&r=g","caption":"admin"},"description":"admin","url":"https:\/\/lasentinelle.dz\/author\/admin\/"}]}},"_links":{"self":[{"href":"https:\/\/lasentinelle.dz\/index.php\/wp-json\/wp\/v2\/posts\/75499","targetHints":{"allow":["GET"]}}],"collection":[{"href":"https:\/\/lasentinelle.dz\/index.php\/wp-json\/wp\/v2\/posts"}],"about":[{"href":"https:\/\/lasentinelle.dz\/index.php\/wp-json\/wp\/v2\/types\/post"}],"author":[{"embeddable":true,"href":"https:\/\/lasentinelle.dz\/index.php\/wp-json\/wp\/v2\/users\/6"}],"replies":[{"embeddable":true,"href":"https:\/\/lasentinelle.dz\/index.php\/wp-json\/wp\/v2\/comments?post=75499"}],"version-history":[{"count":2,"href":"https:\/\/lasentinelle.dz\/index.php\/wp-json\/wp\/v2\/posts\/75499\/revisions"}],"predecessor-version":[{"id":75502,"href":"https:\/\/lasentinelle.dz\/index.php\/wp-json\/wp\/v2\/posts\/75499\/revisions\/75502"}],"wp:featuredmedia":[{"embeddable":true,"href":"https:\/\/lasentinelle.dz\/index.php\/wp-json\/wp\/v2\/media\/75500"}],"wp:attachment":[{"href":"https:\/\/lasentinelle.dz\/index.php\/wp-json\/wp\/v2\/media?parent=75499"}],"wp:term":[{"taxonomy":"category","embeddable":true,"href":"https:\/\/lasentinelle.dz\/index.php\/wp-json\/wp\/v2\/categories?post=75499"},{"taxonomy":"post_tag","embeddable":true,"href":"https:\/\/lasentinelle.dz\/index.php\/wp-json\/wp\/v2\/tags?post=75499"}],"curies":[{"name":"wp","href":"https:\/\/api.w.org\/{rel}","templated":true}]}}