{"id":75505,"date":"2025-10-29T19:35:54","date_gmt":"2025-10-29T18:35:54","guid":{"rendered":"https:\/\/lasentinelle.dz\/?p=75505"},"modified":"2025-10-29T19:35:55","modified_gmt":"2025-10-29T18:35:55","slug":"sahara-occidental-une-question-de-justice-et-de-legalite-internationale","status":"publish","type":"post","link":"https:\/\/lasentinelle.dz\/index.php\/2025\/10\/29\/sahara-occidental-une-question-de-justice-et-de-legalite-internationale\/","title":{"rendered":"Sahara occidental\u00a0: Une question de justice et de l\u00e9galit\u00e9 internationale"},"content":{"rendered":"\n<p>De plus en plus de voix s\u2019\u00e9l\u00e8vent en Espagne pour d\u00e9noncer la d\u00e9rive du discours officiel autour du Sahara occidental, que des journalistes consid\u00e8rent non comme une affaire de diplomatie pragmatique, mais comme une question de justice et de l\u00e9galit\u00e9 internationale. \u00c0 Madrid comme \u00e0 Pampelune, des plumes influentes rappellent que sans r\u00e9f\u00e9rendum d\u2019autod\u00e9termination, il ne peut y avoir ni d\u00e9colonisation ni paix durable dans la derni\u00e8re colonie d\u2019Afrique. Dans un article intitul\u00e9 <em>\u00ab Sahara occidental libre \u00bb<\/em>, publi\u00e9 dans le <em>Diario de Noticias de Navarra<\/em>, la journaliste Elena Etxegoyen d\u00e9nonce \u00ab la tentative du Maroc d\u2019imposer ce qu\u2019il appelle le plan d\u2019autonomie comme alternative au processus l\u00e9gal de d\u00e9colonisation \u00bb. Elle estime que ce projet repr\u00e9sente \u00ab une anomalie juridique contraire aux r\u00e9solutions des Nations unies et \u00e0 l\u2019avis de la Cour internationale de Justice \u00bb, qui, d\u00e8s 1975, a reconnu le droit du peuple sahraoui \u00e0 l\u2019autod\u00e9termination. Pour Etxegoyen, invoquer le \u00ab r\u00e9alisme politique \u00bb pour justifier ce plan revient \u00e0 \u00ab donner une l\u00e9gitimit\u00e9 \u00e0 la colonisation \u00bb. Et d\u2019ajouter : \u00ab Le Sahara occidental n\u2019est pas un terrain de marchandages entre puissances ni un champ d\u2019exp\u00e9rimentation pour de nouvelles politiques coloniales, mais la cause d\u2019un peuple priv\u00e9 de sa libert\u00e9 et de sa souverainet\u00e9 \u00bb.<\/p>\n\n\n\n<p>Dans la m\u00eame veine, la journaliste Victoria Garc\u00eda Corera publie sur la plateforme <em>No olvid\u00e9is el Sahara Occidental<\/em> un texte au titre \u00e9vocateur : <em>\u00ab Le Maroc se retrouve seul face \u00e0 son projet dit d\u2019autonomie \u00bb<\/em>. Selon elle, la sc\u00e8ne diplomatique r\u00e9cente \u00ab a clairement mis en \u00e9vidence l\u2019\u00e9chec de la propagande marocaine \u00bb qui tente de pr\u00e9senter ce plan comme une solution r\u00e9aliste et d\u00e9finitive. \u00ab En r\u00e9alit\u00e9, la communaut\u00e9 internationale reste attach\u00e9e au principe du r\u00e9f\u00e9rendum \u00bb, affirme-t-elle, rappelant que le Sahara occidental demeure un \u00ab territoire non autonome dont le peuple poss\u00e8de le droit inali\u00e9nable \u00e0 l\u2019autod\u00e9termination \u00bb. Garc\u00eda souligne que \u00ab le refus croissant de ce plan ill\u00e9gitime traduit une prise de conscience dans plusieurs capitales europ\u00e9ennes et africaines \u00bb de la n\u00e9cessit\u00e9 de clore le dernier dossier de d\u00e9colonisation du continent africain. La journaliste souligne \u00e9galement \u00ab l\u2019\u00e9chec de la diplomatie marocaine \u00e0 obtenir une reconnaissance claire de son plan au sein des Nations unies \u00bb, o\u00f9 le Conseil de s\u00e9curit\u00e9 se limite, ann\u00e9e apr\u00e8s ann\u00e9e, \u00e0 r\u00e9affirmer la n\u00e9cessit\u00e9 d\u2019une \u00ab solution politique juste, durable et mutuellement acceptable \u00bb, sans aucune avanc\u00e9e vers le r\u00e9f\u00e9rendum promis par le plan ONU-OUA de 1991. \u00ab Cette stagnation \u00bb, estime-t-elle, \u00ab illustre l\u2019incapacit\u00e9 de la communaut\u00e9 internationale \u00e0 s\u2019attaquer \u00e0 la racine du probl\u00e8me : l\u2019occupation persistante du territoire \u00bb. Dans les territoires occup\u00e9s du Sahara occidental, les organisations sahraouies de d\u00e9fense des droits humains continuent, elles aussi, de d\u00e9noncer la politique r\u00e9pressive impos\u00e9e par l\u2019occupant marocain. Le Collectif des d\u00e9fenseurs sahraouis des droits humains (CODESA) a r\u00e9cemment fustig\u00e9 \u00ab le blocus \u00e9touffant impos\u00e9 aux villes sahraouies \u00bb, qui emp\u00eache toute manifestation pacifique. Hassan Zerouali, membre du comit\u00e9 administratif du CODESA, a affirm\u00e9 que \u00ab le droit du peuple sahraoui \u00e0 l\u2019autod\u00e9termination et \u00e0 l\u2019ind\u00e9pendance n\u2019est pas n\u00e9gociable \u00bb, rappelant que \u00ab toute solution durable passe par la tenue d\u2019un r\u00e9f\u00e9rendum libre et honn\u00eate \u00bb. Selon lui, \u00ab toute tentative d\u2019imposer l\u2019occupation \u00e9chouera devant la volont\u00e9 du peuple sahraoui de conqu\u00e9rir sa libert\u00e9 \u00bb. Pour Zerouali, l\u2019heure n\u2019est plus aux demi-mesures : \u00ab L\u2019ONU doit faire respecter ses propres d\u00e9cisions et mettre fin \u00e0 l\u2019occupation dans la derni\u00e8re colonie d\u2019Afrique \u00bb. Les associations sahraouies rappellent que la question du Sahara occidental n\u2019est pas un conflit r\u00e9gional, mais bien un dossier de d\u00e9colonisation inachev\u00e9e, qui engage la cr\u00e9dibilit\u00e9 du droit international. Les analyses de la presse espagnole rejoignent ainsi la conviction des d\u00e9fenseurs sahraouis : l\u2019avenir du territoire ne saurait \u00eatre dict\u00e9 par des consid\u00e9rations \u00e9conomiques ou g\u00e9opolitiques, mais par l\u2019application stricte de la l\u00e9galit\u00e9 internationale. Comme le r\u00e9sume Elena Etxegoyen, \u00ab la justice ne sera rendue que lorsque le peuple sahraoui aura obtenu pleinement son droit \u00e0 l\u2019autod\u00e9termination \u00bb. Et Victoria Garc\u00eda Corera de conclure : \u00ab Malgr\u00e9 les campagnes de d\u00e9sinformation et les man\u0153uvres diplomatiques, la cause sahraouie reste vivante. Le Maroc, malgr\u00e9 sa propagande, ne peut dissimuler son isolement politique croissant ni la perte de cr\u00e9dibilit\u00e9 dont il souffre aupr\u00e8s de l\u2019opinion publique internationale \u00bb. Tant que perdurera l\u2019occupation, la justice et la paix resteront suspendues, comme le peuple sahraoui lui-m\u00eame, \u00e0 la promesse inachev\u00e9e d\u2019un r\u00e9f\u00e9rendum d\u2019autod\u00e9termination.<\/p>\n\n\n\n<p>L.S.<\/p>\n","protected":false},"excerpt":{"rendered":"<p>De plus en plus de voix s\u2019\u00e9l\u00e8vent en Espagne pour d\u00e9noncer la d\u00e9rive du discours officiel autour du Sahara occidental,<\/p>\n","protected":false},"author":6,"featured_media":57408,"comment_status":"open","ping_status":"closed","sticky":false,"template":"","format":"standard","meta":{"colormag_page_container_layout":"default_layout","colormag_page_sidebar_layout":"default_layout","om_disable_all_campaigns":false,"_monsterinsights_skip_tracking":false,"_monsterinsights_sitenote_active":false,"_monsterinsights_sitenote_note":"","_monsterinsights_sitenote_category":0,"footnotes":"","_wpscppro_dont_share_socialmedia":false,"_wpscppro_custom_social_share_image":0,"_facebook_share_type":"default","_twitter_share_type":"default","_linkedin_share_type":"default","_pinterest_share_type":"default","_linkedin_share_type_page":"","_instagram_share_type":"default","_medium_share_type":"default","_threads_share_type":"default","_google_business_share_type":"default","_selected_social_profile":[],"_wpsp_enable_custom_social_template":false,"_wpsp_social_scheduling":{"enabled":false,"datetime":null,"platforms":[],"status":"template_only","dateOption":"today","timeOption":"now","customDays":"","customHours":"","customDate":"","customTime":"","schedulingType":"absolute"},"_wpsp_active_default_template":true},"categories":[37],"tags":[],"class_list":["post-75505","post","type-post","status-publish","format-standard","has-post-thumbnail","hentry","category-monde"],"aioseo_notices":[],"yoast_head":"<!-- This site is optimized with the Yoast SEO plugin v27.5 - https:\/\/yoast.com\/product\/yoast-seo-wordpress\/ -->\n<title>Sahara occidental\u00a0: Une question de justice et de l\u00e9galit\u00e9 internationale - La Sentinelle<\/title>\n<meta name=\"robots\" content=\"index, follow, max-snippet:-1, max-image-preview:large, max-video-preview:-1\" \/>\n<link rel=\"canonical\" href=\"https:\/\/lasentinelle.dz\/index.php\/2025\/10\/29\/sahara-occidental-une-question-de-justice-et-de-legalite-internationale\/\" \/>\n<meta property=\"og:locale\" content=\"fr_FR\" \/>\n<meta property=\"og:type\" content=\"article\" \/>\n<meta property=\"og:title\" content=\"Sahara occidental\u00a0: Une question de justice et de l\u00e9galit\u00e9 internationale - La Sentinelle\" \/>\n<meta property=\"og:description\" content=\"De plus en plus de voix s\u2019\u00e9l\u00e8vent en Espagne pour d\u00e9noncer la d\u00e9rive du discours officiel autour du Sahara occidental,\" \/>\n<meta property=\"og:url\" content=\"https:\/\/lasentinelle.dz\/index.php\/2025\/10\/29\/sahara-occidental-une-question-de-justice-et-de-legalite-internationale\/\" \/>\n<meta property=\"og:site_name\" content=\"La Sentinelle\" \/>\n<meta property=\"article:publisher\" content=\"https:\/\/www.facebook.com\/La-Sentinelle-104059864394773\" \/>\n<meta property=\"article:published_time\" content=\"2025-10-29T18:35:54+00:00\" \/>\n<meta property=\"article:modified_time\" content=\"2025-10-29T18:35:55+00:00\" \/>\n<meta property=\"og:image\" content=\"https:\/\/lasentinelle.dz\/wp-content\/uploads\/2024\/09\/sahara-occidental.jpg\" \/>\n\t<meta property=\"og:image:width\" content=\"580\" \/>\n\t<meta property=\"og:image:height\" content=\"350\" \/>\n\t<meta property=\"og:image:type\" content=\"image\/jpeg\" \/>\n<meta name=\"author\" content=\"admin\" \/>\n<meta name=\"twitter:card\" content=\"summary_large_image\" \/>\n<meta name=\"twitter:label1\" content=\"\u00c9crit par\" \/>\n\t<meta name=\"twitter:data1\" content=\"admin\" \/>\n\t<meta name=\"twitter:label2\" content=\"Dur\u00e9e de lecture estim\u00e9e\" \/>\n\t<meta name=\"twitter:data2\" content=\"4 minutes\" \/>\n<script type=\"application\/ld+json\" class=\"yoast-schema-graph\">{\"@context\":\"https:\\\/\\\/schema.org\",\"@graph\":[{\"@type\":\"Article\",\"@id\":\"https:\\\/\\\/lasentinelle.dz\\\/index.php\\\/2025\\\/10\\\/29\\\/sahara-occidental-une-question-de-justice-et-de-legalite-internationale\\\/#article\",\"isPartOf\":{\"@id\":\"https:\\\/\\\/lasentinelle.dz\\\/index.php\\\/2025\\\/10\\\/29\\\/sahara-occidental-une-question-de-justice-et-de-legalite-internationale\\\/\"},\"author\":{\"name\":\"admin\",\"@id\":\"https:\\\/\\\/lasentinelle.dz\\\/#\\\/schema\\\/person\\\/729ee0024f24e0b8c5ec17232f8e8b41\"},\"headline\":\"Sahara occidental\u00a0: Une question de justice et de l\u00e9galit\u00e9 internationale\",\"datePublished\":\"2025-10-29T18:35:54+00:00\",\"dateModified\":\"2025-10-29T18:35:55+00:00\",\"mainEntityOfPage\":{\"@id\":\"https:\\\/\\\/lasentinelle.dz\\\/index.php\\\/2025\\\/10\\\/29\\\/sahara-occidental-une-question-de-justice-et-de-legalite-internationale\\\/\"},\"wordCount\":804,\"commentCount\":0,\"publisher\":{\"@id\":\"https:\\\/\\\/lasentinelle.dz\\\/#organization\"},\"image\":{\"@id\":\"https:\\\/\\\/lasentinelle.dz\\\/index.php\\\/2025\\\/10\\\/29\\\/sahara-occidental-une-question-de-justice-et-de-legalite-internationale\\\/#primaryimage\"},\"thumbnailUrl\":\"https:\\\/\\\/lasentinelle.dz\\\/wp-content\\\/uploads\\\/2024\\\/09\\\/sahara-occidental.jpg\",\"articleSection\":[\"Monde\"],\"inLanguage\":\"fr-FR\",\"potentialAction\":[{\"@type\":\"CommentAction\",\"name\":\"Comment\",\"target\":[\"https:\\\/\\\/lasentinelle.dz\\\/index.php\\\/2025\\\/10\\\/29\\\/sahara-occidental-une-question-de-justice-et-de-legalite-internationale\\\/#respond\"]}]},{\"@type\":\"WebPage\",\"@id\":\"https:\\\/\\\/lasentinelle.dz\\\/index.php\\\/2025\\\/10\\\/29\\\/sahara-occidental-une-question-de-justice-et-de-legalite-internationale\\\/\",\"url\":\"https:\\\/\\\/lasentinelle.dz\\\/index.php\\\/2025\\\/10\\\/29\\\/sahara-occidental-une-question-de-justice-et-de-legalite-internationale\\\/\",\"name\":\"Sahara occidental\u00a0: Une question de justice et de l\u00e9galit\u00e9 internationale - La Sentinelle\",\"isPartOf\":{\"@id\":\"https:\\\/\\\/lasentinelle.dz\\\/#website\"},\"primaryImageOfPage\":{\"@id\":\"https:\\\/\\\/lasentinelle.dz\\\/index.php\\\/2025\\\/10\\\/29\\\/sahara-occidental-une-question-de-justice-et-de-legalite-internationale\\\/#primaryimage\"},\"image\":{\"@id\":\"https:\\\/\\\/lasentinelle.dz\\\/index.php\\\/2025\\\/10\\\/29\\\/sahara-occidental-une-question-de-justice-et-de-legalite-internationale\\\/#primaryimage\"},\"thumbnailUrl\":\"https:\\\/\\\/lasentinelle.dz\\\/wp-content\\\/uploads\\\/2024\\\/09\\\/sahara-occidental.jpg\",\"datePublished\":\"2025-10-29T18:35:54+00:00\",\"dateModified\":\"2025-10-29T18:35:55+00:00\",\"breadcrumb\":{\"@id\":\"https:\\\/\\\/lasentinelle.dz\\\/index.php\\\/2025\\\/10\\\/29\\\/sahara-occidental-une-question-de-justice-et-de-legalite-internationale\\\/#breadcrumb\"},\"inLanguage\":\"fr-FR\",\"potentialAction\":[{\"@type\":\"ReadAction\",\"target\":[\"https:\\\/\\\/lasentinelle.dz\\\/index.php\\\/2025\\\/10\\\/29\\\/sahara-occidental-une-question-de-justice-et-de-legalite-internationale\\\/\"]}]},{\"@type\":\"ImageObject\",\"inLanguage\":\"fr-FR\",\"@id\":\"https:\\\/\\\/lasentinelle.dz\\\/index.php\\\/2025\\\/10\\\/29\\\/sahara-occidental-une-question-de-justice-et-de-legalite-internationale\\\/#primaryimage\",\"url\":\"https:\\\/\\\/lasentinelle.dz\\\/wp-content\\\/uploads\\\/2024\\\/09\\\/sahara-occidental.jpg\",\"contentUrl\":\"https:\\\/\\\/lasentinelle.dz\\\/wp-content\\\/uploads\\\/2024\\\/09\\\/sahara-occidental.jpg\",\"width\":580,\"height\":350},{\"@type\":\"BreadcrumbList\",\"@id\":\"https:\\\/\\\/lasentinelle.dz\\\/index.php\\\/2025\\\/10\\\/29\\\/sahara-occidental-une-question-de-justice-et-de-legalite-internationale\\\/#breadcrumb\",\"itemListElement\":[{\"@type\":\"ListItem\",\"position\":1,\"name\":\"Accueil\",\"item\":\"https:\\\/\\\/lasentinelle.dz\\\/\"},{\"@type\":\"ListItem\",\"position\":2,\"name\":\"Sahara occidental\u00a0: Une question de justice et de l\u00e9galit\u00e9 internationale\"}]},{\"@type\":\"WebSite\",\"@id\":\"https:\\\/\\\/lasentinelle.dz\\\/#website\",\"url\":\"https:\\\/\\\/lasentinelle.dz\\\/\",\"name\":\"La Sentinelle\",\"description\":\"Quotidien national d&#039;information\",\"publisher\":{\"@id\":\"https:\\\/\\\/lasentinelle.dz\\\/#organization\"},\"potentialAction\":[{\"@type\":\"SearchAction\",\"target\":{\"@type\":\"EntryPoint\",\"urlTemplate\":\"https:\\\/\\\/lasentinelle.dz\\\/?s={search_term_string}\"},\"query-input\":{\"@type\":\"PropertyValueSpecification\",\"valueRequired\":true,\"valueName\":\"search_term_string\"}}],\"inLanguage\":\"fr-FR\"},{\"@type\":\"Organization\",\"@id\":\"https:\\\/\\\/lasentinelle.dz\\\/#organization\",\"name\":\"Quotidien La Sentinelle\",\"url\":\"https:\\\/\\\/lasentinelle.dz\\\/\",\"logo\":{\"@type\":\"ImageObject\",\"inLanguage\":\"fr-FR\",\"@id\":\"https:\\\/\\\/lasentinelle.dz\\\/#\\\/schema\\\/logo\\\/image\\\/\",\"url\":\"https:\\\/\\\/lasentinelle.dz\\\/wp-content\\\/uploads\\\/2021\\\/09\\\/logo-sentinelleSLOGAN-1.png\",\"contentUrl\":\"https:\\\/\\\/lasentinelle.dz\\\/wp-content\\\/uploads\\\/2021\\\/09\\\/logo-sentinelleSLOGAN-1.png\",\"width\":615,\"height\":142,\"caption\":\"Quotidien La Sentinelle\"},\"image\":{\"@id\":\"https:\\\/\\\/lasentinelle.dz\\\/#\\\/schema\\\/logo\\\/image\\\/\"},\"sameAs\":[\"https:\\\/\\\/www.facebook.com\\\/La-Sentinelle-104059864394773\"]},{\"@type\":\"Person\",\"@id\":\"https:\\\/\\\/lasentinelle.dz\\\/#\\\/schema\\\/person\\\/729ee0024f24e0b8c5ec17232f8e8b41\",\"name\":\"admin\",\"image\":{\"@type\":\"ImageObject\",\"inLanguage\":\"fr-FR\",\"@id\":\"https:\\\/\\\/secure.gravatar.com\\\/avatar\\\/4c81fed838786e9b53f540bf46533e750f5d292099ae3b66cfc6fb1982e29df7?s=96&d=mm&r=g\",\"url\":\"https:\\\/\\\/secure.gravatar.com\\\/avatar\\\/4c81fed838786e9b53f540bf46533e750f5d292099ae3b66cfc6fb1982e29df7?s=96&d=mm&r=g\",\"contentUrl\":\"https:\\\/\\\/secure.gravatar.com\\\/avatar\\\/4c81fed838786e9b53f540bf46533e750f5d292099ae3b66cfc6fb1982e29df7?s=96&d=mm&r=g\",\"caption\":\"admin\"},\"description\":\"admin\",\"url\":\"https:\\\/\\\/lasentinelle.dz\\\/author\\\/admin\\\/\"}]}<\/script>\n<!-- \/ Yoast SEO plugin. -->","yoast_head_json":{"title":"Sahara occidental\u00a0: Une question de justice et de l\u00e9galit\u00e9 internationale - La Sentinelle","robots":{"index":"index","follow":"follow","max-snippet":"max-snippet:-1","max-image-preview":"max-image-preview:large","max-video-preview":"max-video-preview:-1"},"canonical":"https:\/\/lasentinelle.dz\/index.php\/2025\/10\/29\/sahara-occidental-une-question-de-justice-et-de-legalite-internationale\/","og_locale":"fr_FR","og_type":"article","og_title":"Sahara occidental\u00a0: Une question de justice et de l\u00e9galit\u00e9 internationale - La Sentinelle","og_description":"De plus en plus de voix s\u2019\u00e9l\u00e8vent en Espagne pour d\u00e9noncer la d\u00e9rive du discours officiel autour du Sahara occidental,","og_url":"https:\/\/lasentinelle.dz\/index.php\/2025\/10\/29\/sahara-occidental-une-question-de-justice-et-de-legalite-internationale\/","og_site_name":"La Sentinelle","article_publisher":"https:\/\/www.facebook.com\/La-Sentinelle-104059864394773","article_published_time":"2025-10-29T18:35:54+00:00","article_modified_time":"2025-10-29T18:35:55+00:00","og_image":[{"width":580,"height":350,"url":"https:\/\/lasentinelle.dz\/wp-content\/uploads\/2024\/09\/sahara-occidental.jpg","type":"image\/jpeg"}],"author":"admin","twitter_card":"summary_large_image","twitter_misc":{"\u00c9crit par":"admin","Dur\u00e9e de lecture estim\u00e9e":"4 minutes"},"schema":{"@context":"https:\/\/schema.org","@graph":[{"@type":"Article","@id":"https:\/\/lasentinelle.dz\/index.php\/2025\/10\/29\/sahara-occidental-une-question-de-justice-et-de-legalite-internationale\/#article","isPartOf":{"@id":"https:\/\/lasentinelle.dz\/index.php\/2025\/10\/29\/sahara-occidental-une-question-de-justice-et-de-legalite-internationale\/"},"author":{"name":"admin","@id":"https:\/\/lasentinelle.dz\/#\/schema\/person\/729ee0024f24e0b8c5ec17232f8e8b41"},"headline":"Sahara occidental\u00a0: Une question de justice et de l\u00e9galit\u00e9 internationale","datePublished":"2025-10-29T18:35:54+00:00","dateModified":"2025-10-29T18:35:55+00:00","mainEntityOfPage":{"@id":"https:\/\/lasentinelle.dz\/index.php\/2025\/10\/29\/sahara-occidental-une-question-de-justice-et-de-legalite-internationale\/"},"wordCount":804,"commentCount":0,"publisher":{"@id":"https:\/\/lasentinelle.dz\/#organization"},"image":{"@id":"https:\/\/lasentinelle.dz\/index.php\/2025\/10\/29\/sahara-occidental-une-question-de-justice-et-de-legalite-internationale\/#primaryimage"},"thumbnailUrl":"https:\/\/lasentinelle.dz\/wp-content\/uploads\/2024\/09\/sahara-occidental.jpg","articleSection":["Monde"],"inLanguage":"fr-FR","potentialAction":[{"@type":"CommentAction","name":"Comment","target":["https:\/\/lasentinelle.dz\/index.php\/2025\/10\/29\/sahara-occidental-une-question-de-justice-et-de-legalite-internationale\/#respond"]}]},{"@type":"WebPage","@id":"https:\/\/lasentinelle.dz\/index.php\/2025\/10\/29\/sahara-occidental-une-question-de-justice-et-de-legalite-internationale\/","url":"https:\/\/lasentinelle.dz\/index.php\/2025\/10\/29\/sahara-occidental-une-question-de-justice-et-de-legalite-internationale\/","name":"Sahara occidental\u00a0: Une question de justice et de l\u00e9galit\u00e9 internationale - La Sentinelle","isPartOf":{"@id":"https:\/\/lasentinelle.dz\/#website"},"primaryImageOfPage":{"@id":"https:\/\/lasentinelle.dz\/index.php\/2025\/10\/29\/sahara-occidental-une-question-de-justice-et-de-legalite-internationale\/#primaryimage"},"image":{"@id":"https:\/\/lasentinelle.dz\/index.php\/2025\/10\/29\/sahara-occidental-une-question-de-justice-et-de-legalite-internationale\/#primaryimage"},"thumbnailUrl":"https:\/\/lasentinelle.dz\/wp-content\/uploads\/2024\/09\/sahara-occidental.jpg","datePublished":"2025-10-29T18:35:54+00:00","dateModified":"2025-10-29T18:35:55+00:00","breadcrumb":{"@id":"https:\/\/lasentinelle.dz\/index.php\/2025\/10\/29\/sahara-occidental-une-question-de-justice-et-de-legalite-internationale\/#breadcrumb"},"inLanguage":"fr-FR","potentialAction":[{"@type":"ReadAction","target":["https:\/\/lasentinelle.dz\/index.php\/2025\/10\/29\/sahara-occidental-une-question-de-justice-et-de-legalite-internationale\/"]}]},{"@type":"ImageObject","inLanguage":"fr-FR","@id":"https:\/\/lasentinelle.dz\/index.php\/2025\/10\/29\/sahara-occidental-une-question-de-justice-et-de-legalite-internationale\/#primaryimage","url":"https:\/\/lasentinelle.dz\/wp-content\/uploads\/2024\/09\/sahara-occidental.jpg","contentUrl":"https:\/\/lasentinelle.dz\/wp-content\/uploads\/2024\/09\/sahara-occidental.jpg","width":580,"height":350},{"@type":"BreadcrumbList","@id":"https:\/\/lasentinelle.dz\/index.php\/2025\/10\/29\/sahara-occidental-une-question-de-justice-et-de-legalite-internationale\/#breadcrumb","itemListElement":[{"@type":"ListItem","position":1,"name":"Accueil","item":"https:\/\/lasentinelle.dz\/"},{"@type":"ListItem","position":2,"name":"Sahara occidental\u00a0: Une question de justice et de l\u00e9galit\u00e9 internationale"}]},{"@type":"WebSite","@id":"https:\/\/lasentinelle.dz\/#website","url":"https:\/\/lasentinelle.dz\/","name":"La Sentinelle","description":"Quotidien national d&#039;information","publisher":{"@id":"https:\/\/lasentinelle.dz\/#organization"},"potentialAction":[{"@type":"SearchAction","target":{"@type":"EntryPoint","urlTemplate":"https:\/\/lasentinelle.dz\/?s={search_term_string}"},"query-input":{"@type":"PropertyValueSpecification","valueRequired":true,"valueName":"search_term_string"}}],"inLanguage":"fr-FR"},{"@type":"Organization","@id":"https:\/\/lasentinelle.dz\/#organization","name":"Quotidien La Sentinelle","url":"https:\/\/lasentinelle.dz\/","logo":{"@type":"ImageObject","inLanguage":"fr-FR","@id":"https:\/\/lasentinelle.dz\/#\/schema\/logo\/image\/","url":"https:\/\/lasentinelle.dz\/wp-content\/uploads\/2021\/09\/logo-sentinelleSLOGAN-1.png","contentUrl":"https:\/\/lasentinelle.dz\/wp-content\/uploads\/2021\/09\/logo-sentinelleSLOGAN-1.png","width":615,"height":142,"caption":"Quotidien La Sentinelle"},"image":{"@id":"https:\/\/lasentinelle.dz\/#\/schema\/logo\/image\/"},"sameAs":["https:\/\/www.facebook.com\/La-Sentinelle-104059864394773"]},{"@type":"Person","@id":"https:\/\/lasentinelle.dz\/#\/schema\/person\/729ee0024f24e0b8c5ec17232f8e8b41","name":"admin","image":{"@type":"ImageObject","inLanguage":"fr-FR","@id":"https:\/\/secure.gravatar.com\/avatar\/4c81fed838786e9b53f540bf46533e750f5d292099ae3b66cfc6fb1982e29df7?s=96&d=mm&r=g","url":"https:\/\/secure.gravatar.com\/avatar\/4c81fed838786e9b53f540bf46533e750f5d292099ae3b66cfc6fb1982e29df7?s=96&d=mm&r=g","contentUrl":"https:\/\/secure.gravatar.com\/avatar\/4c81fed838786e9b53f540bf46533e750f5d292099ae3b66cfc6fb1982e29df7?s=96&d=mm&r=g","caption":"admin"},"description":"admin","url":"https:\/\/lasentinelle.dz\/author\/admin\/"}]}},"_links":{"self":[{"href":"https:\/\/lasentinelle.dz\/index.php\/wp-json\/wp\/v2\/posts\/75505","targetHints":{"allow":["GET"]}}],"collection":[{"href":"https:\/\/lasentinelle.dz\/index.php\/wp-json\/wp\/v2\/posts"}],"about":[{"href":"https:\/\/lasentinelle.dz\/index.php\/wp-json\/wp\/v2\/types\/post"}],"author":[{"embeddable":true,"href":"https:\/\/lasentinelle.dz\/index.php\/wp-json\/wp\/v2\/users\/6"}],"replies":[{"embeddable":true,"href":"https:\/\/lasentinelle.dz\/index.php\/wp-json\/wp\/v2\/comments?post=75505"}],"version-history":[{"count":1,"href":"https:\/\/lasentinelle.dz\/index.php\/wp-json\/wp\/v2\/posts\/75505\/revisions"}],"predecessor-version":[{"id":75506,"href":"https:\/\/lasentinelle.dz\/index.php\/wp-json\/wp\/v2\/posts\/75505\/revisions\/75506"}],"wp:featuredmedia":[{"embeddable":true,"href":"https:\/\/lasentinelle.dz\/index.php\/wp-json\/wp\/v2\/media\/57408"}],"wp:attachment":[{"href":"https:\/\/lasentinelle.dz\/index.php\/wp-json\/wp\/v2\/media?parent=75505"}],"wp:term":[{"taxonomy":"category","embeddable":true,"href":"https:\/\/lasentinelle.dz\/index.php\/wp-json\/wp\/v2\/categories?post=75505"},{"taxonomy":"post_tag","embeddable":true,"href":"https:\/\/lasentinelle.dz\/index.php\/wp-json\/wp\/v2\/tags?post=75505"}],"curies":[{"name":"wp","href":"https:\/\/api.w.org\/{rel}","templated":true}]}}