{"id":75512,"date":"2025-10-29T19:40:10","date_gmt":"2025-10-29T18:40:10","guid":{"rendered":"https:\/\/lasentinelle.dz\/?p=75512"},"modified":"2025-10-29T19:40:11","modified_gmt":"2025-10-29T18:40:11","slug":"mohamed-idir-ait-amrane-un-heritage-inestimable-pour-la-culture-algerienne","status":"publish","type":"post","link":"https:\/\/lasentinelle.dz\/index.php\/2025\/10\/29\/mohamed-idir-ait-amrane-un-heritage-inestimable-pour-la-culture-algerienne\/","title":{"rendered":"Mohamed Idir A\u00eft Amrane\u00a0: Un h\u00e9ritage inestimable pour la culture alg\u00e9rienne"},"content":{"rendered":"\n<p>Vingt ans apr\u00e8s sa disparition, la m\u00e9moire de Mohamed Idir A\u00eft Amrane demeure vivante dans le c\u0153ur de tous ceux qui \u0153uvrent pour la culture, la langue et l\u2019identit\u00e9 amazighes. Po\u00e8te, linguiste, moudjahid et militant infatigable, il fut l\u2019un des artisans les plus \u00e9clair\u00e9s de la reconnaissance de Tamazight en Alg\u00e9rie. N\u00e9 en mars 1924 \u00e0 Takidhount, dans la r\u00e9gion des Ouacifs \u00e0 Tizi-Ouzou, A\u00eft Amrane incarna tout au long de sa vie cette alliance rare entre engagement nationaliste et fid\u00e9lit\u00e9 \u00e0 la diversit\u00e9 culturelle du pays. Premier pr\u00e9sident du Haut Commissariat \u00e0 l\u2019Amazighit\u00e9 (HCA), qu\u2019il dirigea de 1995 jusqu\u2019\u00e0 son d\u00e9c\u00e8s le 30 octobre 2004, il a laiss\u00e9 une empreinte profonde sur les institutions culturelles alg\u00e9riennes. Pour Si El Hachemi Assad, actuel secr\u00e9taire g\u00e9n\u00e9ral du HCA, Mohamed Idir A\u00eft Amrane a transmis \u00ab de nombreux documents importants pour le HCA et un legs inestimable pour la culture alg\u00e9rienne \u00bb. Il se souvient de lui comme d\u2019\u00ab un homme d\u2019ouverture, mais aussi une m\u00e9moire g\u00e9n\u00e9reuse \u00bb, dont la pens\u00e9e continue d\u2019inspirer la politique culturelle nationale.<\/p>\n\n\n\n<p>Afin d\u2019honorer ce parcours exemplaire, le HCA lui a r\u00e9cemment consacr\u00e9 un film documentaire et un ouvrage retra\u00e7ant sa vie et son combat. \u00ab Pour valoriser cet h\u00e9ritage et rendre hommage \u00e0 son engagement en faveur de Tamazight, nous lui avons consacr\u00e9 un film et un ouvrage sur son parcours \u00bb, a pr\u00e9cis\u00e9 M. Assad \u00e0 l\u2019APS. Le livre revient sur son itin\u00e9raire et la port\u00e9e historique de son \u0153uvre, tandis que le film de 52 minutes, <em>Adhyidhir mmiss oumazigh<\/em>, r\u00e9unit les t\u00e9moignages \u00e9mouvants de ses proches et compagnons de lutte. L\u2019hommage s\u2019\u00e9tend \u00e9galement \u00e0 la traduction en arabe et en fran\u00e7ais de ses chants patriotiques et de sa po\u00e9sie, afin, selon M. Assad, de \u00ab mettre ces textes \u00e0 la disposition des associations et garantir que la fibre patriotique contenue dans son \u0153uvre continue d\u2019inspirer \u00bb. Ces initiatives participent d\u2019un travail de m\u00e9moire et de transmission, \u00e0 l\u2019image de celui que Mohamed Idir A\u00eft Amrane a lui-m\u00eame men\u00e9 pour pr\u00e9server la langue amazighe et ses expressions po\u00e9tiques, tout en inscrivant son combat dans le vaste r\u00e9cit national.<\/p>\n\n\n\n<p>Celui que le HCA d\u00e9crit comme \u00ab une source d\u2019inspiration en mati\u00e8re d\u2019engagement patriotique \u00bb fut aussi un passeur de sens, un homme de dialogue, qui croyait \u00e0 la puissance du verbe pour unir les peuples. \u00c0 travers son \u0153uvre, entre po\u00e9sie, chanson et r\u00e9flexion linguistique, il a su traduire l\u2019esprit d\u2019un pays en qu\u00eate d\u2019unit\u00e9 dans la diversit\u00e9. En lui rendant hommage, c\u2019est \u00e0 toute une g\u00e9n\u00e9ration d\u2019intellectuels et de militants que l\u2019Alg\u00e9rie exprime sa reconnaissance \u2014 ceux qui, \u00e0 l\u2019image d\u2019A\u00eft Amrane, ont su faire du mot un acte de r\u00e9sistance et de fid\u00e9lit\u00e9 \u00e0 la m\u00e9moire collective.<\/p>\n\n\n\n<p>Mohand S.<\/p>\n","protected":false},"excerpt":{"rendered":"<p>Vingt ans apr\u00e8s sa disparition, la m\u00e9moire de Mohamed Idir A\u00eft Amrane demeure vivante dans le c\u0153ur de tous ceux<\/p>\n","protected":false},"author":6,"featured_media":75513,"comment_status":"open","ping_status":"closed","sticky":false,"template":"","format":"standard","meta":{"colormag_page_container_layout":"default_layout","colormag_page_sidebar_layout":"default_layout","om_disable_all_campaigns":false,"_monsterinsights_skip_tracking":false,"_monsterinsights_sitenote_active":false,"_monsterinsights_sitenote_note":"","_monsterinsights_sitenote_category":0,"footnotes":"","_wpscppro_dont_share_socialmedia":false,"_wpscppro_custom_social_share_image":0,"_facebook_share_type":"default","_twitter_share_type":"default","_linkedin_share_type":"default","_pinterest_share_type":"default","_linkedin_share_type_page":"","_instagram_share_type":"default","_medium_share_type":"default","_threads_share_type":"default","_google_business_share_type":"default","_selected_social_profile":[],"_wpsp_enable_custom_social_template":false,"_wpsp_social_scheduling":{"enabled":false,"datetime":null,"platforms":[],"status":"template_only","dateOption":"today","timeOption":"now","customDays":"","customHours":"","customDate":"","customTime":"","schedulingType":"absolute"},"_wpsp_active_default_template":true},"categories":[36],"tags":[],"class_list":["post-75512","post","type-post","status-publish","format-standard","has-post-thumbnail","hentry","category-culture"],"aioseo_notices":[],"yoast_head":"<!-- This site is optimized with the Yoast SEO plugin v27.5 - https:\/\/yoast.com\/product\/yoast-seo-wordpress\/ -->\n<title>Mohamed Idir A\u00eft Amrane\u00a0: Un h\u00e9ritage inestimable pour la culture alg\u00e9rienne - La Sentinelle<\/title>\n<meta name=\"robots\" content=\"index, follow, max-snippet:-1, max-image-preview:large, max-video-preview:-1\" \/>\n<link rel=\"canonical\" href=\"https:\/\/lasentinelle.dz\/index.php\/2025\/10\/29\/mohamed-idir-ait-amrane-un-heritage-inestimable-pour-la-culture-algerienne\/\" \/>\n<meta property=\"og:locale\" content=\"fr_FR\" \/>\n<meta property=\"og:type\" content=\"article\" \/>\n<meta property=\"og:title\" content=\"Mohamed Idir A\u00eft Amrane\u00a0: Un h\u00e9ritage inestimable pour la culture alg\u00e9rienne - La Sentinelle\" \/>\n<meta property=\"og:description\" content=\"Vingt ans apr\u00e8s sa disparition, la m\u00e9moire de Mohamed Idir A\u00eft Amrane demeure vivante dans le c\u0153ur de tous ceux\" \/>\n<meta property=\"og:url\" content=\"https:\/\/lasentinelle.dz\/index.php\/2025\/10\/29\/mohamed-idir-ait-amrane-un-heritage-inestimable-pour-la-culture-algerienne\/\" \/>\n<meta property=\"og:site_name\" content=\"La Sentinelle\" \/>\n<meta property=\"article:publisher\" content=\"https:\/\/www.facebook.com\/La-Sentinelle-104059864394773\" \/>\n<meta property=\"article:published_time\" content=\"2025-10-29T18:40:10+00:00\" \/>\n<meta property=\"article:modified_time\" content=\"2025-10-29T18:40:11+00:00\" \/>\n<meta property=\"og:image\" content=\"https:\/\/lasentinelle.dz\/wp-content\/uploads\/2025\/10\/Mohamed-Idir-Ait-Amrane.jpg\" \/>\n\t<meta property=\"og:image:width\" content=\"745\" \/>\n\t<meta property=\"og:image:height\" content=\"470\" \/>\n\t<meta property=\"og:image:type\" content=\"image\/jpeg\" \/>\n<meta name=\"author\" content=\"admin\" \/>\n<meta name=\"twitter:card\" content=\"summary_large_image\" \/>\n<meta name=\"twitter:label1\" content=\"\u00c9crit par\" \/>\n\t<meta name=\"twitter:data1\" content=\"admin\" \/>\n\t<meta name=\"twitter:label2\" content=\"Dur\u00e9e de lecture estim\u00e9e\" \/>\n\t<meta name=\"twitter:data2\" content=\"3 minutes\" \/>\n<script type=\"application\/ld+json\" class=\"yoast-schema-graph\">{\"@context\":\"https:\\\/\\\/schema.org\",\"@graph\":[{\"@type\":\"Article\",\"@id\":\"https:\\\/\\\/lasentinelle.dz\\\/index.php\\\/2025\\\/10\\\/29\\\/mohamed-idir-ait-amrane-un-heritage-inestimable-pour-la-culture-algerienne\\\/#article\",\"isPartOf\":{\"@id\":\"https:\\\/\\\/lasentinelle.dz\\\/index.php\\\/2025\\\/10\\\/29\\\/mohamed-idir-ait-amrane-un-heritage-inestimable-pour-la-culture-algerienne\\\/\"},\"author\":{\"name\":\"admin\",\"@id\":\"https:\\\/\\\/lasentinelle.dz\\\/#\\\/schema\\\/person\\\/729ee0024f24e0b8c5ec17232f8e8b41\"},\"headline\":\"Mohamed Idir A\u00eft Amrane\u00a0: Un h\u00e9ritage inestimable pour la culture alg\u00e9rienne\",\"datePublished\":\"2025-10-29T18:40:10+00:00\",\"dateModified\":\"2025-10-29T18:40:11+00:00\",\"mainEntityOfPage\":{\"@id\":\"https:\\\/\\\/lasentinelle.dz\\\/index.php\\\/2025\\\/10\\\/29\\\/mohamed-idir-ait-amrane-un-heritage-inestimable-pour-la-culture-algerienne\\\/\"},\"wordCount\":514,\"commentCount\":0,\"publisher\":{\"@id\":\"https:\\\/\\\/lasentinelle.dz\\\/#organization\"},\"image\":{\"@id\":\"https:\\\/\\\/lasentinelle.dz\\\/index.php\\\/2025\\\/10\\\/29\\\/mohamed-idir-ait-amrane-un-heritage-inestimable-pour-la-culture-algerienne\\\/#primaryimage\"},\"thumbnailUrl\":\"https:\\\/\\\/lasentinelle.dz\\\/wp-content\\\/uploads\\\/2025\\\/10\\\/Mohamed-Idir-Ait-Amrane.jpg\",\"articleSection\":[\"Culture\"],\"inLanguage\":\"fr-FR\",\"potentialAction\":[{\"@type\":\"CommentAction\",\"name\":\"Comment\",\"target\":[\"https:\\\/\\\/lasentinelle.dz\\\/index.php\\\/2025\\\/10\\\/29\\\/mohamed-idir-ait-amrane-un-heritage-inestimable-pour-la-culture-algerienne\\\/#respond\"]}]},{\"@type\":\"WebPage\",\"@id\":\"https:\\\/\\\/lasentinelle.dz\\\/index.php\\\/2025\\\/10\\\/29\\\/mohamed-idir-ait-amrane-un-heritage-inestimable-pour-la-culture-algerienne\\\/\",\"url\":\"https:\\\/\\\/lasentinelle.dz\\\/index.php\\\/2025\\\/10\\\/29\\\/mohamed-idir-ait-amrane-un-heritage-inestimable-pour-la-culture-algerienne\\\/\",\"name\":\"Mohamed Idir A\u00eft Amrane\u00a0: Un h\u00e9ritage inestimable pour la culture alg\u00e9rienne - La Sentinelle\",\"isPartOf\":{\"@id\":\"https:\\\/\\\/lasentinelle.dz\\\/#website\"},\"primaryImageOfPage\":{\"@id\":\"https:\\\/\\\/lasentinelle.dz\\\/index.php\\\/2025\\\/10\\\/29\\\/mohamed-idir-ait-amrane-un-heritage-inestimable-pour-la-culture-algerienne\\\/#primaryimage\"},\"image\":{\"@id\":\"https:\\\/\\\/lasentinelle.dz\\\/index.php\\\/2025\\\/10\\\/29\\\/mohamed-idir-ait-amrane-un-heritage-inestimable-pour-la-culture-algerienne\\\/#primaryimage\"},\"thumbnailUrl\":\"https:\\\/\\\/lasentinelle.dz\\\/wp-content\\\/uploads\\\/2025\\\/10\\\/Mohamed-Idir-Ait-Amrane.jpg\",\"datePublished\":\"2025-10-29T18:40:10+00:00\",\"dateModified\":\"2025-10-29T18:40:11+00:00\",\"breadcrumb\":{\"@id\":\"https:\\\/\\\/lasentinelle.dz\\\/index.php\\\/2025\\\/10\\\/29\\\/mohamed-idir-ait-amrane-un-heritage-inestimable-pour-la-culture-algerienne\\\/#breadcrumb\"},\"inLanguage\":\"fr-FR\",\"potentialAction\":[{\"@type\":\"ReadAction\",\"target\":[\"https:\\\/\\\/lasentinelle.dz\\\/index.php\\\/2025\\\/10\\\/29\\\/mohamed-idir-ait-amrane-un-heritage-inestimable-pour-la-culture-algerienne\\\/\"]}]},{\"@type\":\"ImageObject\",\"inLanguage\":\"fr-FR\",\"@id\":\"https:\\\/\\\/lasentinelle.dz\\\/index.php\\\/2025\\\/10\\\/29\\\/mohamed-idir-ait-amrane-un-heritage-inestimable-pour-la-culture-algerienne\\\/#primaryimage\",\"url\":\"https:\\\/\\\/lasentinelle.dz\\\/wp-content\\\/uploads\\\/2025\\\/10\\\/Mohamed-Idir-Ait-Amrane.jpg\",\"contentUrl\":\"https:\\\/\\\/lasentinelle.dz\\\/wp-content\\\/uploads\\\/2025\\\/10\\\/Mohamed-Idir-Ait-Amrane.jpg\",\"width\":745,\"height\":470},{\"@type\":\"BreadcrumbList\",\"@id\":\"https:\\\/\\\/lasentinelle.dz\\\/index.php\\\/2025\\\/10\\\/29\\\/mohamed-idir-ait-amrane-un-heritage-inestimable-pour-la-culture-algerienne\\\/#breadcrumb\",\"itemListElement\":[{\"@type\":\"ListItem\",\"position\":1,\"name\":\"Accueil\",\"item\":\"https:\\\/\\\/lasentinelle.dz\\\/\"},{\"@type\":\"ListItem\",\"position\":2,\"name\":\"Mohamed Idir A\u00eft Amrane\u00a0: Un h\u00e9ritage inestimable pour la culture alg\u00e9rienne\"}]},{\"@type\":\"WebSite\",\"@id\":\"https:\\\/\\\/lasentinelle.dz\\\/#website\",\"url\":\"https:\\\/\\\/lasentinelle.dz\\\/\",\"name\":\"La Sentinelle\",\"description\":\"Quotidien national d&#039;information\",\"publisher\":{\"@id\":\"https:\\\/\\\/lasentinelle.dz\\\/#organization\"},\"potentialAction\":[{\"@type\":\"SearchAction\",\"target\":{\"@type\":\"EntryPoint\",\"urlTemplate\":\"https:\\\/\\\/lasentinelle.dz\\\/?s={search_term_string}\"},\"query-input\":{\"@type\":\"PropertyValueSpecification\",\"valueRequired\":true,\"valueName\":\"search_term_string\"}}],\"inLanguage\":\"fr-FR\"},{\"@type\":\"Organization\",\"@id\":\"https:\\\/\\\/lasentinelle.dz\\\/#organization\",\"name\":\"Quotidien La Sentinelle\",\"url\":\"https:\\\/\\\/lasentinelle.dz\\\/\",\"logo\":{\"@type\":\"ImageObject\",\"inLanguage\":\"fr-FR\",\"@id\":\"https:\\\/\\\/lasentinelle.dz\\\/#\\\/schema\\\/logo\\\/image\\\/\",\"url\":\"https:\\\/\\\/lasentinelle.dz\\\/wp-content\\\/uploads\\\/2021\\\/09\\\/logo-sentinelleSLOGAN-1.png\",\"contentUrl\":\"https:\\\/\\\/lasentinelle.dz\\\/wp-content\\\/uploads\\\/2021\\\/09\\\/logo-sentinelleSLOGAN-1.png\",\"width\":615,\"height\":142,\"caption\":\"Quotidien La Sentinelle\"},\"image\":{\"@id\":\"https:\\\/\\\/lasentinelle.dz\\\/#\\\/schema\\\/logo\\\/image\\\/\"},\"sameAs\":[\"https:\\\/\\\/www.facebook.com\\\/La-Sentinelle-104059864394773\"]},{\"@type\":\"Person\",\"@id\":\"https:\\\/\\\/lasentinelle.dz\\\/#\\\/schema\\\/person\\\/729ee0024f24e0b8c5ec17232f8e8b41\",\"name\":\"admin\",\"image\":{\"@type\":\"ImageObject\",\"inLanguage\":\"fr-FR\",\"@id\":\"https:\\\/\\\/secure.gravatar.com\\\/avatar\\\/4c81fed838786e9b53f540bf46533e750f5d292099ae3b66cfc6fb1982e29df7?s=96&d=mm&r=g\",\"url\":\"https:\\\/\\\/secure.gravatar.com\\\/avatar\\\/4c81fed838786e9b53f540bf46533e750f5d292099ae3b66cfc6fb1982e29df7?s=96&d=mm&r=g\",\"contentUrl\":\"https:\\\/\\\/secure.gravatar.com\\\/avatar\\\/4c81fed838786e9b53f540bf46533e750f5d292099ae3b66cfc6fb1982e29df7?s=96&d=mm&r=g\",\"caption\":\"admin\"},\"description\":\"admin\",\"url\":\"https:\\\/\\\/lasentinelle.dz\\\/author\\\/admin\\\/\"}]}<\/script>\n<!-- \/ Yoast SEO plugin. -->","yoast_head_json":{"title":"Mohamed Idir A\u00eft Amrane\u00a0: Un h\u00e9ritage inestimable pour la culture alg\u00e9rienne - La Sentinelle","robots":{"index":"index","follow":"follow","max-snippet":"max-snippet:-1","max-image-preview":"max-image-preview:large","max-video-preview":"max-video-preview:-1"},"canonical":"https:\/\/lasentinelle.dz\/index.php\/2025\/10\/29\/mohamed-idir-ait-amrane-un-heritage-inestimable-pour-la-culture-algerienne\/","og_locale":"fr_FR","og_type":"article","og_title":"Mohamed Idir A\u00eft Amrane\u00a0: Un h\u00e9ritage inestimable pour la culture alg\u00e9rienne - La Sentinelle","og_description":"Vingt ans apr\u00e8s sa disparition, la m\u00e9moire de Mohamed Idir A\u00eft Amrane demeure vivante dans le c\u0153ur de tous ceux","og_url":"https:\/\/lasentinelle.dz\/index.php\/2025\/10\/29\/mohamed-idir-ait-amrane-un-heritage-inestimable-pour-la-culture-algerienne\/","og_site_name":"La Sentinelle","article_publisher":"https:\/\/www.facebook.com\/La-Sentinelle-104059864394773","article_published_time":"2025-10-29T18:40:10+00:00","article_modified_time":"2025-10-29T18:40:11+00:00","og_image":[{"width":745,"height":470,"url":"https:\/\/lasentinelle.dz\/wp-content\/uploads\/2025\/10\/Mohamed-Idir-Ait-Amrane.jpg","type":"image\/jpeg"}],"author":"admin","twitter_card":"summary_large_image","twitter_misc":{"\u00c9crit par":"admin","Dur\u00e9e de lecture estim\u00e9e":"3 minutes"},"schema":{"@context":"https:\/\/schema.org","@graph":[{"@type":"Article","@id":"https:\/\/lasentinelle.dz\/index.php\/2025\/10\/29\/mohamed-idir-ait-amrane-un-heritage-inestimable-pour-la-culture-algerienne\/#article","isPartOf":{"@id":"https:\/\/lasentinelle.dz\/index.php\/2025\/10\/29\/mohamed-idir-ait-amrane-un-heritage-inestimable-pour-la-culture-algerienne\/"},"author":{"name":"admin","@id":"https:\/\/lasentinelle.dz\/#\/schema\/person\/729ee0024f24e0b8c5ec17232f8e8b41"},"headline":"Mohamed Idir A\u00eft Amrane\u00a0: Un h\u00e9ritage inestimable pour la culture alg\u00e9rienne","datePublished":"2025-10-29T18:40:10+00:00","dateModified":"2025-10-29T18:40:11+00:00","mainEntityOfPage":{"@id":"https:\/\/lasentinelle.dz\/index.php\/2025\/10\/29\/mohamed-idir-ait-amrane-un-heritage-inestimable-pour-la-culture-algerienne\/"},"wordCount":514,"commentCount":0,"publisher":{"@id":"https:\/\/lasentinelle.dz\/#organization"},"image":{"@id":"https:\/\/lasentinelle.dz\/index.php\/2025\/10\/29\/mohamed-idir-ait-amrane-un-heritage-inestimable-pour-la-culture-algerienne\/#primaryimage"},"thumbnailUrl":"https:\/\/lasentinelle.dz\/wp-content\/uploads\/2025\/10\/Mohamed-Idir-Ait-Amrane.jpg","articleSection":["Culture"],"inLanguage":"fr-FR","potentialAction":[{"@type":"CommentAction","name":"Comment","target":["https:\/\/lasentinelle.dz\/index.php\/2025\/10\/29\/mohamed-idir-ait-amrane-un-heritage-inestimable-pour-la-culture-algerienne\/#respond"]}]},{"@type":"WebPage","@id":"https:\/\/lasentinelle.dz\/index.php\/2025\/10\/29\/mohamed-idir-ait-amrane-un-heritage-inestimable-pour-la-culture-algerienne\/","url":"https:\/\/lasentinelle.dz\/index.php\/2025\/10\/29\/mohamed-idir-ait-amrane-un-heritage-inestimable-pour-la-culture-algerienne\/","name":"Mohamed Idir A\u00eft Amrane\u00a0: Un h\u00e9ritage inestimable pour la culture alg\u00e9rienne - La Sentinelle","isPartOf":{"@id":"https:\/\/lasentinelle.dz\/#website"},"primaryImageOfPage":{"@id":"https:\/\/lasentinelle.dz\/index.php\/2025\/10\/29\/mohamed-idir-ait-amrane-un-heritage-inestimable-pour-la-culture-algerienne\/#primaryimage"},"image":{"@id":"https:\/\/lasentinelle.dz\/index.php\/2025\/10\/29\/mohamed-idir-ait-amrane-un-heritage-inestimable-pour-la-culture-algerienne\/#primaryimage"},"thumbnailUrl":"https:\/\/lasentinelle.dz\/wp-content\/uploads\/2025\/10\/Mohamed-Idir-Ait-Amrane.jpg","datePublished":"2025-10-29T18:40:10+00:00","dateModified":"2025-10-29T18:40:11+00:00","breadcrumb":{"@id":"https:\/\/lasentinelle.dz\/index.php\/2025\/10\/29\/mohamed-idir-ait-amrane-un-heritage-inestimable-pour-la-culture-algerienne\/#breadcrumb"},"inLanguage":"fr-FR","potentialAction":[{"@type":"ReadAction","target":["https:\/\/lasentinelle.dz\/index.php\/2025\/10\/29\/mohamed-idir-ait-amrane-un-heritage-inestimable-pour-la-culture-algerienne\/"]}]},{"@type":"ImageObject","inLanguage":"fr-FR","@id":"https:\/\/lasentinelle.dz\/index.php\/2025\/10\/29\/mohamed-idir-ait-amrane-un-heritage-inestimable-pour-la-culture-algerienne\/#primaryimage","url":"https:\/\/lasentinelle.dz\/wp-content\/uploads\/2025\/10\/Mohamed-Idir-Ait-Amrane.jpg","contentUrl":"https:\/\/lasentinelle.dz\/wp-content\/uploads\/2025\/10\/Mohamed-Idir-Ait-Amrane.jpg","width":745,"height":470},{"@type":"BreadcrumbList","@id":"https:\/\/lasentinelle.dz\/index.php\/2025\/10\/29\/mohamed-idir-ait-amrane-un-heritage-inestimable-pour-la-culture-algerienne\/#breadcrumb","itemListElement":[{"@type":"ListItem","position":1,"name":"Accueil","item":"https:\/\/lasentinelle.dz\/"},{"@type":"ListItem","position":2,"name":"Mohamed Idir A\u00eft Amrane\u00a0: Un h\u00e9ritage inestimable pour la culture alg\u00e9rienne"}]},{"@type":"WebSite","@id":"https:\/\/lasentinelle.dz\/#website","url":"https:\/\/lasentinelle.dz\/","name":"La Sentinelle","description":"Quotidien national d&#039;information","publisher":{"@id":"https:\/\/lasentinelle.dz\/#organization"},"potentialAction":[{"@type":"SearchAction","target":{"@type":"EntryPoint","urlTemplate":"https:\/\/lasentinelle.dz\/?s={search_term_string}"},"query-input":{"@type":"PropertyValueSpecification","valueRequired":true,"valueName":"search_term_string"}}],"inLanguage":"fr-FR"},{"@type":"Organization","@id":"https:\/\/lasentinelle.dz\/#organization","name":"Quotidien La Sentinelle","url":"https:\/\/lasentinelle.dz\/","logo":{"@type":"ImageObject","inLanguage":"fr-FR","@id":"https:\/\/lasentinelle.dz\/#\/schema\/logo\/image\/","url":"https:\/\/lasentinelle.dz\/wp-content\/uploads\/2021\/09\/logo-sentinelleSLOGAN-1.png","contentUrl":"https:\/\/lasentinelle.dz\/wp-content\/uploads\/2021\/09\/logo-sentinelleSLOGAN-1.png","width":615,"height":142,"caption":"Quotidien La Sentinelle"},"image":{"@id":"https:\/\/lasentinelle.dz\/#\/schema\/logo\/image\/"},"sameAs":["https:\/\/www.facebook.com\/La-Sentinelle-104059864394773"]},{"@type":"Person","@id":"https:\/\/lasentinelle.dz\/#\/schema\/person\/729ee0024f24e0b8c5ec17232f8e8b41","name":"admin","image":{"@type":"ImageObject","inLanguage":"fr-FR","@id":"https:\/\/secure.gravatar.com\/avatar\/4c81fed838786e9b53f540bf46533e750f5d292099ae3b66cfc6fb1982e29df7?s=96&d=mm&r=g","url":"https:\/\/secure.gravatar.com\/avatar\/4c81fed838786e9b53f540bf46533e750f5d292099ae3b66cfc6fb1982e29df7?s=96&d=mm&r=g","contentUrl":"https:\/\/secure.gravatar.com\/avatar\/4c81fed838786e9b53f540bf46533e750f5d292099ae3b66cfc6fb1982e29df7?s=96&d=mm&r=g","caption":"admin"},"description":"admin","url":"https:\/\/lasentinelle.dz\/author\/admin\/"}]}},"_links":{"self":[{"href":"https:\/\/lasentinelle.dz\/index.php\/wp-json\/wp\/v2\/posts\/75512","targetHints":{"allow":["GET"]}}],"collection":[{"href":"https:\/\/lasentinelle.dz\/index.php\/wp-json\/wp\/v2\/posts"}],"about":[{"href":"https:\/\/lasentinelle.dz\/index.php\/wp-json\/wp\/v2\/types\/post"}],"author":[{"embeddable":true,"href":"https:\/\/lasentinelle.dz\/index.php\/wp-json\/wp\/v2\/users\/6"}],"replies":[{"embeddable":true,"href":"https:\/\/lasentinelle.dz\/index.php\/wp-json\/wp\/v2\/comments?post=75512"}],"version-history":[{"count":1,"href":"https:\/\/lasentinelle.dz\/index.php\/wp-json\/wp\/v2\/posts\/75512\/revisions"}],"predecessor-version":[{"id":75514,"href":"https:\/\/lasentinelle.dz\/index.php\/wp-json\/wp\/v2\/posts\/75512\/revisions\/75514"}],"wp:featuredmedia":[{"embeddable":true,"href":"https:\/\/lasentinelle.dz\/index.php\/wp-json\/wp\/v2\/media\/75513"}],"wp:attachment":[{"href":"https:\/\/lasentinelle.dz\/index.php\/wp-json\/wp\/v2\/media?parent=75512"}],"wp:term":[{"taxonomy":"category","embeddable":true,"href":"https:\/\/lasentinelle.dz\/index.php\/wp-json\/wp\/v2\/categories?post=75512"},{"taxonomy":"post_tag","embeddable":true,"href":"https:\/\/lasentinelle.dz\/index.php\/wp-json\/wp\/v2\/tags?post=75512"}],"curies":[{"name":"wp","href":"https:\/\/api.w.org\/{rel}","templated":true}]}}