{"id":75540,"date":"2025-10-29T19:57:05","date_gmt":"2025-10-29T18:57:05","guid":{"rendered":"https:\/\/lasentinelle.dz\/?p=75540"},"modified":"2025-10-29T19:57:08","modified_gmt":"2025-10-29T18:57:08","slug":"cop-30-le-gecf-defend-le-role-du-gaz","status":"publish","type":"post","link":"https:\/\/lasentinelle.dz\/index.php\/2025\/10\/29\/cop-30-le-gecf-defend-le-role-du-gaz\/","title":{"rendered":"COP 30\u00a0: Le GECF d\u00e9fend le r\u00f4le du gaz"},"content":{"rendered":"\n<p>\u00c0 l\u2019approche de la COP30 pr\u00e9vue \u00e0 Bel\u00e9m, au Br\u00e9sil, le Forum des pays exportateurs de gaz (GECF) r\u00e9affirme sa conviction que le gaz naturel demeure un pilier indispensable de la transition \u00e9nerg\u00e9tique mondiale. R\u00e9unis lundi \u00e0 Doha, les repr\u00e9sentants des \u00c9tats membres ont insist\u00e9 sur la n\u00e9cessit\u00e9 d\u2019une approche \u00ab juste, \u00e9quitable et inclusive \u00bb face aux enjeux climatiques et aux mutations du paysage \u00e9nerg\u00e9tique international. La rencontre, organis\u00e9e au si\u00e8ge du GECF dans la capitale qatarie, a rassembl\u00e9 des repr\u00e9sentants de haut niveau des pays membres, en pr\u00e9sence de Mukhtar Babayev, pr\u00e9sident de la COP29 et envoy\u00e9 sp\u00e9cial du pr\u00e9sident de la R\u00e9publique d\u2019Azerba\u00efdjan pour les questions climatiques. Dans son allocution d\u2019ouverture, le secr\u00e9taire g\u00e9n\u00e9ral du GECF, Mohamed Hamel, a rappel\u00e9 \u00ab le r\u00f4le essentiel du gaz naturel dans le d\u00e9veloppement durable et dans la conduite d\u2019une transition \u00e9nerg\u00e9tique ordonn\u00e9e, juste et inclusive \u00bb. Selon lui, les objectifs de d\u00e9veloppement et de d\u00e9carbonation \u00ab ne sont pas contradictoires, mais compl\u00e9mentaires \u00bb, \u00e0 condition qu\u2019ils soient men\u00e9s \u00ab dans le respect des principes d\u2019\u00e9quit\u00e9 et de responsabilit\u00e9s communes mais diff\u00e9renci\u00e9es \u00bb, tels qu\u2019\u00e9nonc\u00e9s dans la Convention-cadre des Nations unies sur les changements climatiques (CCNUCC). M. Hamel a \u00e9galement mis en garde contre \u00ab les mesures unilat\u00e9rales qui ne sont pas conformes aux dispositions de l\u2019Accord de Paris et risquent de fragmenter la coop\u00e9ration internationale \u00bb. Il a plaid\u00e9 pour un renforcement du multilat\u00e9ralisme dans le processus climatique onusien, seul cadre, selon lui, capable de garantir un dialogue \u00e9quilibr\u00e9 entre les nations productrices d\u2019\u00e9nergie et les \u00e9conomies consommatrices. Les travaux de la r\u00e9union se sont articul\u00e9s autour de deux sessions principales. La premi\u00e8re, intitul\u00e9e \u00ab Paysage des n\u00e9gociations : \u00e9tat des lieux \u00bb, a permis de faire le point sur les derni\u00e8res \u00e9volutions du processus de la CCNUCC, \u00ab de Bakou \u00e0 Bel\u00e9m \u00bb. La seconde, plus technique, s\u2019est concentr\u00e9e sur les dossiers cl\u00e9s des n\u00e9gociations climatiques : le rapport sur les \u00ab \u00e9carts de contribution d\u00e9termin\u00e9e au niveau national (NDC 3.0) \u00bb, la mise en \u0153uvre de l\u2019article 6 relatif aux m\u00e9canismes de coop\u00e9ration, le financement climatique via les march\u00e9s mondiaux du carbone, ainsi que l\u2019impact des mesures unilat\u00e9rales sur les \u00e9quilibres internationaux.<\/p>\n\n\n\n<p>Les experts ont \u00e9galement pr\u00e9sent\u00e9 la feuille de route \u201cBaku to Bel\u00e9m\u201d, qui pr\u00e9voit une mobilisation potentielle de 1 300 milliards de dollars pour soutenir les actions climatiques et \u00e9nerg\u00e9tiques d\u2019ici 2030. Une session \u00e0 huis clos entre les \u00c9tats membres a permis, selon le communiqu\u00e9, \u00ab d\u2019\u00e9changer sur les positions communes et de renforcer la coordination \u00bb avant la conf\u00e9rence mondiale sur le climat. Le GECF pr\u00e9pare activement sa participation \u00e0 la COP30, o\u00f9 il \u00ab d\u00e9livrera une d\u00e9claration lors du segment de haut niveau \u00bb, coorganisera \u00ab un \u00e9v\u00e9nement parall\u00e8le accr\u00e9dit\u00e9 par la CCNUCC avec la Fondation Al-Attiyah \u00bb et tiendra \u00ab une r\u00e9union de coordination avec l\u2019OPEP \u00bb. L\u2019organisation invite par ailleurs ses membres \u00ab \u00e0 participer activement aux travaux de la COP30 et aux activit\u00e9s du Forum \u00bb, r\u00e9affirmant sa disponibilit\u00e9 \u00ab \u00e0 soutenir les d\u00e9l\u00e9gations nationales tout au long des n\u00e9gociations \u00bb. En r\u00e9affirmant la place du gaz dans le futur mix \u00e9nerg\u00e9tique mondial, le GECF entend peser dans les discussions internationales sur le climat. Pour ses membres, qui repr\u00e9sentent plus de 70 % des r\u00e9serves mondiales de gaz, la ressource demeure un alli\u00e9 de la transition, capable d\u2019assurer la s\u00e9curit\u00e9 \u00e9nerg\u00e9tique tout en r\u00e9duisant les \u00e9missions par rapport aux combustibles plus polluants. \u00c0 quelques semaines de l\u2019ouverture de la COP30, le message du Forum se veut clair : l\u2019avenir \u00e9nerg\u00e9tique ne peut se concevoir sans le gaz, \u00ab partenaire naturel d\u2019une transition ordonn\u00e9e et \u00e9quitable \u00bb.<\/p>\n\n\n\n<p>Samira Ghrib<\/p>\n","protected":false},"excerpt":{"rendered":"<p>\u00c0 l\u2019approche de la COP30 pr\u00e9vue \u00e0 Bel\u00e9m, au Br\u00e9sil, le Forum des pays exportateurs de gaz (GECF) r\u00e9affirme sa<\/p>\n","protected":false},"author":6,"featured_media":46184,"comment_status":"open","ping_status":"closed","sticky":false,"template":"","format":"standard","meta":{"colormag_page_container_layout":"default_layout","colormag_page_sidebar_layout":"default_layout","om_disable_all_campaigns":false,"_monsterinsights_skip_tracking":false,"_monsterinsights_sitenote_active":false,"_monsterinsights_sitenote_note":"","_monsterinsights_sitenote_category":0,"footnotes":"","_wpscppro_dont_share_socialmedia":false,"_wpscppro_custom_social_share_image":0,"_facebook_share_type":"default","_twitter_share_type":"default","_linkedin_share_type":"default","_pinterest_share_type":"default","_linkedin_share_type_page":"","_instagram_share_type":"default","_medium_share_type":"default","_threads_share_type":"default","_google_business_share_type":"default","_selected_social_profile":[],"_wpsp_enable_custom_social_template":false,"_wpsp_social_scheduling":{"enabled":false,"datetime":null,"platforms":[],"status":"template_only","dateOption":"today","timeOption":"now","customDays":"","customHours":"","customDate":"","customTime":"","schedulingType":"absolute"},"_wpsp_active_default_template":true},"categories":[29],"tags":[],"class_list":["post-75540","post","type-post","status-publish","format-standard","has-post-thumbnail","hentry","category-economie"],"aioseo_notices":[],"yoast_head":"<!-- This site is optimized with the Yoast SEO plugin v27.5 - https:\/\/yoast.com\/product\/yoast-seo-wordpress\/ -->\n<title>COP 30\u00a0: Le GECF d\u00e9fend le r\u00f4le du gaz - La Sentinelle<\/title>\n<meta name=\"robots\" content=\"index, follow, max-snippet:-1, max-image-preview:large, max-video-preview:-1\" \/>\n<link rel=\"canonical\" href=\"https:\/\/lasentinelle.dz\/index.php\/2025\/10\/29\/cop-30-le-gecf-defend-le-role-du-gaz\/\" \/>\n<meta property=\"og:locale\" content=\"fr_FR\" \/>\n<meta property=\"og:type\" content=\"article\" \/>\n<meta property=\"og:title\" content=\"COP 30\u00a0: Le GECF d\u00e9fend le r\u00f4le du gaz - La Sentinelle\" \/>\n<meta property=\"og:description\" content=\"\u00c0 l\u2019approche de la COP30 pr\u00e9vue \u00e0 Bel\u00e9m, au Br\u00e9sil, le Forum des pays exportateurs de gaz (GECF) r\u00e9affirme sa\" \/>\n<meta property=\"og:url\" content=\"https:\/\/lasentinelle.dz\/index.php\/2025\/10\/29\/cop-30-le-gecf-defend-le-role-du-gaz\/\" \/>\n<meta property=\"og:site_name\" content=\"La Sentinelle\" \/>\n<meta property=\"article:publisher\" content=\"https:\/\/www.facebook.com\/La-Sentinelle-104059864394773\" \/>\n<meta property=\"article:published_time\" content=\"2025-10-29T18:57:05+00:00\" \/>\n<meta property=\"article:modified_time\" content=\"2025-10-29T18:57:08+00:00\" \/>\n<meta property=\"og:image\" content=\"https:\/\/lasentinelle.dz\/wp-content\/uploads\/2023\/10\/GECF.jpeg\" \/>\n\t<meta property=\"og:image:width\" content=\"340\" \/>\n\t<meta property=\"og:image:height\" content=\"200\" \/>\n\t<meta property=\"og:image:type\" content=\"image\/jpeg\" \/>\n<meta name=\"author\" content=\"admin\" \/>\n<meta name=\"twitter:card\" content=\"summary_large_image\" \/>\n<meta name=\"twitter:label1\" content=\"\u00c9crit par\" \/>\n\t<meta name=\"twitter:data1\" content=\"admin\" \/>\n\t<meta name=\"twitter:label2\" content=\"Dur\u00e9e de lecture estim\u00e9e\" \/>\n\t<meta name=\"twitter:data2\" content=\"4 minutes\" \/>\n<script type=\"application\/ld+json\" class=\"yoast-schema-graph\">{\"@context\":\"https:\\\/\\\/schema.org\",\"@graph\":[{\"@type\":\"Article\",\"@id\":\"https:\\\/\\\/lasentinelle.dz\\\/index.php\\\/2025\\\/10\\\/29\\\/cop-30-le-gecf-defend-le-role-du-gaz\\\/#article\",\"isPartOf\":{\"@id\":\"https:\\\/\\\/lasentinelle.dz\\\/index.php\\\/2025\\\/10\\\/29\\\/cop-30-le-gecf-defend-le-role-du-gaz\\\/\"},\"author\":{\"name\":\"admin\",\"@id\":\"https:\\\/\\\/lasentinelle.dz\\\/#\\\/schema\\\/person\\\/729ee0024f24e0b8c5ec17232f8e8b41\"},\"headline\":\"COP 30\u00a0: Le GECF d\u00e9fend le r\u00f4le du gaz\",\"datePublished\":\"2025-10-29T18:57:05+00:00\",\"dateModified\":\"2025-10-29T18:57:08+00:00\",\"mainEntityOfPage\":{\"@id\":\"https:\\\/\\\/lasentinelle.dz\\\/index.php\\\/2025\\\/10\\\/29\\\/cop-30-le-gecf-defend-le-role-du-gaz\\\/\"},\"wordCount\":667,\"commentCount\":0,\"publisher\":{\"@id\":\"https:\\\/\\\/lasentinelle.dz\\\/#organization\"},\"image\":{\"@id\":\"https:\\\/\\\/lasentinelle.dz\\\/index.php\\\/2025\\\/10\\\/29\\\/cop-30-le-gecf-defend-le-role-du-gaz\\\/#primaryimage\"},\"thumbnailUrl\":\"https:\\\/\\\/lasentinelle.dz\\\/wp-content\\\/uploads\\\/2023\\\/10\\\/GECF.jpeg\",\"articleSection\":[\"\u00c9conomie\"],\"inLanguage\":\"fr-FR\",\"potentialAction\":[{\"@type\":\"CommentAction\",\"name\":\"Comment\",\"target\":[\"https:\\\/\\\/lasentinelle.dz\\\/index.php\\\/2025\\\/10\\\/29\\\/cop-30-le-gecf-defend-le-role-du-gaz\\\/#respond\"]}]},{\"@type\":\"WebPage\",\"@id\":\"https:\\\/\\\/lasentinelle.dz\\\/index.php\\\/2025\\\/10\\\/29\\\/cop-30-le-gecf-defend-le-role-du-gaz\\\/\",\"url\":\"https:\\\/\\\/lasentinelle.dz\\\/index.php\\\/2025\\\/10\\\/29\\\/cop-30-le-gecf-defend-le-role-du-gaz\\\/\",\"name\":\"COP 30\u00a0: Le GECF d\u00e9fend le r\u00f4le du gaz - La Sentinelle\",\"isPartOf\":{\"@id\":\"https:\\\/\\\/lasentinelle.dz\\\/#website\"},\"primaryImageOfPage\":{\"@id\":\"https:\\\/\\\/lasentinelle.dz\\\/index.php\\\/2025\\\/10\\\/29\\\/cop-30-le-gecf-defend-le-role-du-gaz\\\/#primaryimage\"},\"image\":{\"@id\":\"https:\\\/\\\/lasentinelle.dz\\\/index.php\\\/2025\\\/10\\\/29\\\/cop-30-le-gecf-defend-le-role-du-gaz\\\/#primaryimage\"},\"thumbnailUrl\":\"https:\\\/\\\/lasentinelle.dz\\\/wp-content\\\/uploads\\\/2023\\\/10\\\/GECF.jpeg\",\"datePublished\":\"2025-10-29T18:57:05+00:00\",\"dateModified\":\"2025-10-29T18:57:08+00:00\",\"breadcrumb\":{\"@id\":\"https:\\\/\\\/lasentinelle.dz\\\/index.php\\\/2025\\\/10\\\/29\\\/cop-30-le-gecf-defend-le-role-du-gaz\\\/#breadcrumb\"},\"inLanguage\":\"fr-FR\",\"potentialAction\":[{\"@type\":\"ReadAction\",\"target\":[\"https:\\\/\\\/lasentinelle.dz\\\/index.php\\\/2025\\\/10\\\/29\\\/cop-30-le-gecf-defend-le-role-du-gaz\\\/\"]}]},{\"@type\":\"ImageObject\",\"inLanguage\":\"fr-FR\",\"@id\":\"https:\\\/\\\/lasentinelle.dz\\\/index.php\\\/2025\\\/10\\\/29\\\/cop-30-le-gecf-defend-le-role-du-gaz\\\/#primaryimage\",\"url\":\"https:\\\/\\\/lasentinelle.dz\\\/wp-content\\\/uploads\\\/2023\\\/10\\\/GECF.jpeg\",\"contentUrl\":\"https:\\\/\\\/lasentinelle.dz\\\/wp-content\\\/uploads\\\/2023\\\/10\\\/GECF.jpeg\",\"width\":340,\"height\":200},{\"@type\":\"BreadcrumbList\",\"@id\":\"https:\\\/\\\/lasentinelle.dz\\\/index.php\\\/2025\\\/10\\\/29\\\/cop-30-le-gecf-defend-le-role-du-gaz\\\/#breadcrumb\",\"itemListElement\":[{\"@type\":\"ListItem\",\"position\":1,\"name\":\"Accueil\",\"item\":\"https:\\\/\\\/lasentinelle.dz\\\/\"},{\"@type\":\"ListItem\",\"position\":2,\"name\":\"COP 30\u00a0: Le GECF d\u00e9fend le r\u00f4le du gaz\"}]},{\"@type\":\"WebSite\",\"@id\":\"https:\\\/\\\/lasentinelle.dz\\\/#website\",\"url\":\"https:\\\/\\\/lasentinelle.dz\\\/\",\"name\":\"La Sentinelle\",\"description\":\"Quotidien national d&#039;information\",\"publisher\":{\"@id\":\"https:\\\/\\\/lasentinelle.dz\\\/#organization\"},\"potentialAction\":[{\"@type\":\"SearchAction\",\"target\":{\"@type\":\"EntryPoint\",\"urlTemplate\":\"https:\\\/\\\/lasentinelle.dz\\\/?s={search_term_string}\"},\"query-input\":{\"@type\":\"PropertyValueSpecification\",\"valueRequired\":true,\"valueName\":\"search_term_string\"}}],\"inLanguage\":\"fr-FR\"},{\"@type\":\"Organization\",\"@id\":\"https:\\\/\\\/lasentinelle.dz\\\/#organization\",\"name\":\"Quotidien La Sentinelle\",\"url\":\"https:\\\/\\\/lasentinelle.dz\\\/\",\"logo\":{\"@type\":\"ImageObject\",\"inLanguage\":\"fr-FR\",\"@id\":\"https:\\\/\\\/lasentinelle.dz\\\/#\\\/schema\\\/logo\\\/image\\\/\",\"url\":\"https:\\\/\\\/lasentinelle.dz\\\/wp-content\\\/uploads\\\/2021\\\/09\\\/logo-sentinelleSLOGAN-1.png\",\"contentUrl\":\"https:\\\/\\\/lasentinelle.dz\\\/wp-content\\\/uploads\\\/2021\\\/09\\\/logo-sentinelleSLOGAN-1.png\",\"width\":615,\"height\":142,\"caption\":\"Quotidien La Sentinelle\"},\"image\":{\"@id\":\"https:\\\/\\\/lasentinelle.dz\\\/#\\\/schema\\\/logo\\\/image\\\/\"},\"sameAs\":[\"https:\\\/\\\/www.facebook.com\\\/La-Sentinelle-104059864394773\"]},{\"@type\":\"Person\",\"@id\":\"https:\\\/\\\/lasentinelle.dz\\\/#\\\/schema\\\/person\\\/729ee0024f24e0b8c5ec17232f8e8b41\",\"name\":\"admin\",\"image\":{\"@type\":\"ImageObject\",\"inLanguage\":\"fr-FR\",\"@id\":\"https:\\\/\\\/secure.gravatar.com\\\/avatar\\\/4c81fed838786e9b53f540bf46533e750f5d292099ae3b66cfc6fb1982e29df7?s=96&d=mm&r=g\",\"url\":\"https:\\\/\\\/secure.gravatar.com\\\/avatar\\\/4c81fed838786e9b53f540bf46533e750f5d292099ae3b66cfc6fb1982e29df7?s=96&d=mm&r=g\",\"contentUrl\":\"https:\\\/\\\/secure.gravatar.com\\\/avatar\\\/4c81fed838786e9b53f540bf46533e750f5d292099ae3b66cfc6fb1982e29df7?s=96&d=mm&r=g\",\"caption\":\"admin\"},\"description\":\"admin\",\"url\":\"https:\\\/\\\/lasentinelle.dz\\\/author\\\/admin\\\/\"}]}<\/script>\n<!-- \/ Yoast SEO plugin. -->","yoast_head_json":{"title":"COP 30\u00a0: Le GECF d\u00e9fend le r\u00f4le du gaz - La Sentinelle","robots":{"index":"index","follow":"follow","max-snippet":"max-snippet:-1","max-image-preview":"max-image-preview:large","max-video-preview":"max-video-preview:-1"},"canonical":"https:\/\/lasentinelle.dz\/index.php\/2025\/10\/29\/cop-30-le-gecf-defend-le-role-du-gaz\/","og_locale":"fr_FR","og_type":"article","og_title":"COP 30\u00a0: Le GECF d\u00e9fend le r\u00f4le du gaz - La Sentinelle","og_description":"\u00c0 l\u2019approche de la COP30 pr\u00e9vue \u00e0 Bel\u00e9m, au Br\u00e9sil, le Forum des pays exportateurs de gaz (GECF) r\u00e9affirme sa","og_url":"https:\/\/lasentinelle.dz\/index.php\/2025\/10\/29\/cop-30-le-gecf-defend-le-role-du-gaz\/","og_site_name":"La Sentinelle","article_publisher":"https:\/\/www.facebook.com\/La-Sentinelle-104059864394773","article_published_time":"2025-10-29T18:57:05+00:00","article_modified_time":"2025-10-29T18:57:08+00:00","og_image":[{"width":340,"height":200,"url":"https:\/\/lasentinelle.dz\/wp-content\/uploads\/2023\/10\/GECF.jpeg","type":"image\/jpeg"}],"author":"admin","twitter_card":"summary_large_image","twitter_misc":{"\u00c9crit par":"admin","Dur\u00e9e de lecture estim\u00e9e":"4 minutes"},"schema":{"@context":"https:\/\/schema.org","@graph":[{"@type":"Article","@id":"https:\/\/lasentinelle.dz\/index.php\/2025\/10\/29\/cop-30-le-gecf-defend-le-role-du-gaz\/#article","isPartOf":{"@id":"https:\/\/lasentinelle.dz\/index.php\/2025\/10\/29\/cop-30-le-gecf-defend-le-role-du-gaz\/"},"author":{"name":"admin","@id":"https:\/\/lasentinelle.dz\/#\/schema\/person\/729ee0024f24e0b8c5ec17232f8e8b41"},"headline":"COP 30\u00a0: Le GECF d\u00e9fend le r\u00f4le du gaz","datePublished":"2025-10-29T18:57:05+00:00","dateModified":"2025-10-29T18:57:08+00:00","mainEntityOfPage":{"@id":"https:\/\/lasentinelle.dz\/index.php\/2025\/10\/29\/cop-30-le-gecf-defend-le-role-du-gaz\/"},"wordCount":667,"commentCount":0,"publisher":{"@id":"https:\/\/lasentinelle.dz\/#organization"},"image":{"@id":"https:\/\/lasentinelle.dz\/index.php\/2025\/10\/29\/cop-30-le-gecf-defend-le-role-du-gaz\/#primaryimage"},"thumbnailUrl":"https:\/\/lasentinelle.dz\/wp-content\/uploads\/2023\/10\/GECF.jpeg","articleSection":["\u00c9conomie"],"inLanguage":"fr-FR","potentialAction":[{"@type":"CommentAction","name":"Comment","target":["https:\/\/lasentinelle.dz\/index.php\/2025\/10\/29\/cop-30-le-gecf-defend-le-role-du-gaz\/#respond"]}]},{"@type":"WebPage","@id":"https:\/\/lasentinelle.dz\/index.php\/2025\/10\/29\/cop-30-le-gecf-defend-le-role-du-gaz\/","url":"https:\/\/lasentinelle.dz\/index.php\/2025\/10\/29\/cop-30-le-gecf-defend-le-role-du-gaz\/","name":"COP 30\u00a0: Le GECF d\u00e9fend le r\u00f4le du gaz - La Sentinelle","isPartOf":{"@id":"https:\/\/lasentinelle.dz\/#website"},"primaryImageOfPage":{"@id":"https:\/\/lasentinelle.dz\/index.php\/2025\/10\/29\/cop-30-le-gecf-defend-le-role-du-gaz\/#primaryimage"},"image":{"@id":"https:\/\/lasentinelle.dz\/index.php\/2025\/10\/29\/cop-30-le-gecf-defend-le-role-du-gaz\/#primaryimage"},"thumbnailUrl":"https:\/\/lasentinelle.dz\/wp-content\/uploads\/2023\/10\/GECF.jpeg","datePublished":"2025-10-29T18:57:05+00:00","dateModified":"2025-10-29T18:57:08+00:00","breadcrumb":{"@id":"https:\/\/lasentinelle.dz\/index.php\/2025\/10\/29\/cop-30-le-gecf-defend-le-role-du-gaz\/#breadcrumb"},"inLanguage":"fr-FR","potentialAction":[{"@type":"ReadAction","target":["https:\/\/lasentinelle.dz\/index.php\/2025\/10\/29\/cop-30-le-gecf-defend-le-role-du-gaz\/"]}]},{"@type":"ImageObject","inLanguage":"fr-FR","@id":"https:\/\/lasentinelle.dz\/index.php\/2025\/10\/29\/cop-30-le-gecf-defend-le-role-du-gaz\/#primaryimage","url":"https:\/\/lasentinelle.dz\/wp-content\/uploads\/2023\/10\/GECF.jpeg","contentUrl":"https:\/\/lasentinelle.dz\/wp-content\/uploads\/2023\/10\/GECF.jpeg","width":340,"height":200},{"@type":"BreadcrumbList","@id":"https:\/\/lasentinelle.dz\/index.php\/2025\/10\/29\/cop-30-le-gecf-defend-le-role-du-gaz\/#breadcrumb","itemListElement":[{"@type":"ListItem","position":1,"name":"Accueil","item":"https:\/\/lasentinelle.dz\/"},{"@type":"ListItem","position":2,"name":"COP 30\u00a0: Le GECF d\u00e9fend le r\u00f4le du gaz"}]},{"@type":"WebSite","@id":"https:\/\/lasentinelle.dz\/#website","url":"https:\/\/lasentinelle.dz\/","name":"La Sentinelle","description":"Quotidien national d&#039;information","publisher":{"@id":"https:\/\/lasentinelle.dz\/#organization"},"potentialAction":[{"@type":"SearchAction","target":{"@type":"EntryPoint","urlTemplate":"https:\/\/lasentinelle.dz\/?s={search_term_string}"},"query-input":{"@type":"PropertyValueSpecification","valueRequired":true,"valueName":"search_term_string"}}],"inLanguage":"fr-FR"},{"@type":"Organization","@id":"https:\/\/lasentinelle.dz\/#organization","name":"Quotidien La Sentinelle","url":"https:\/\/lasentinelle.dz\/","logo":{"@type":"ImageObject","inLanguage":"fr-FR","@id":"https:\/\/lasentinelle.dz\/#\/schema\/logo\/image\/","url":"https:\/\/lasentinelle.dz\/wp-content\/uploads\/2021\/09\/logo-sentinelleSLOGAN-1.png","contentUrl":"https:\/\/lasentinelle.dz\/wp-content\/uploads\/2021\/09\/logo-sentinelleSLOGAN-1.png","width":615,"height":142,"caption":"Quotidien La Sentinelle"},"image":{"@id":"https:\/\/lasentinelle.dz\/#\/schema\/logo\/image\/"},"sameAs":["https:\/\/www.facebook.com\/La-Sentinelle-104059864394773"]},{"@type":"Person","@id":"https:\/\/lasentinelle.dz\/#\/schema\/person\/729ee0024f24e0b8c5ec17232f8e8b41","name":"admin","image":{"@type":"ImageObject","inLanguage":"fr-FR","@id":"https:\/\/secure.gravatar.com\/avatar\/4c81fed838786e9b53f540bf46533e750f5d292099ae3b66cfc6fb1982e29df7?s=96&d=mm&r=g","url":"https:\/\/secure.gravatar.com\/avatar\/4c81fed838786e9b53f540bf46533e750f5d292099ae3b66cfc6fb1982e29df7?s=96&d=mm&r=g","contentUrl":"https:\/\/secure.gravatar.com\/avatar\/4c81fed838786e9b53f540bf46533e750f5d292099ae3b66cfc6fb1982e29df7?s=96&d=mm&r=g","caption":"admin"},"description":"admin","url":"https:\/\/lasentinelle.dz\/author\/admin\/"}]}},"_links":{"self":[{"href":"https:\/\/lasentinelle.dz\/index.php\/wp-json\/wp\/v2\/posts\/75540","targetHints":{"allow":["GET"]}}],"collection":[{"href":"https:\/\/lasentinelle.dz\/index.php\/wp-json\/wp\/v2\/posts"}],"about":[{"href":"https:\/\/lasentinelle.dz\/index.php\/wp-json\/wp\/v2\/types\/post"}],"author":[{"embeddable":true,"href":"https:\/\/lasentinelle.dz\/index.php\/wp-json\/wp\/v2\/users\/6"}],"replies":[{"embeddable":true,"href":"https:\/\/lasentinelle.dz\/index.php\/wp-json\/wp\/v2\/comments?post=75540"}],"version-history":[{"count":1,"href":"https:\/\/lasentinelle.dz\/index.php\/wp-json\/wp\/v2\/posts\/75540\/revisions"}],"predecessor-version":[{"id":75541,"href":"https:\/\/lasentinelle.dz\/index.php\/wp-json\/wp\/v2\/posts\/75540\/revisions\/75541"}],"wp:featuredmedia":[{"embeddable":true,"href":"https:\/\/lasentinelle.dz\/index.php\/wp-json\/wp\/v2\/media\/46184"}],"wp:attachment":[{"href":"https:\/\/lasentinelle.dz\/index.php\/wp-json\/wp\/v2\/media?parent=75540"}],"wp:term":[{"taxonomy":"category","embeddable":true,"href":"https:\/\/lasentinelle.dz\/index.php\/wp-json\/wp\/v2\/categories?post=75540"},{"taxonomy":"post_tag","embeddable":true,"href":"https:\/\/lasentinelle.dz\/index.php\/wp-json\/wp\/v2\/tags?post=75540"}],"curies":[{"name":"wp","href":"https:\/\/api.w.org\/{rel}","templated":true}]}}