{"id":75542,"date":"2025-10-29T19:57:56","date_gmt":"2025-10-29T18:57:56","guid":{"rendered":"https:\/\/lasentinelle.dz\/?p=75542"},"modified":"2025-10-29T19:57:57","modified_gmt":"2025-10-29T18:57:57","slug":"lalgerie-au-coeur-de-la-cooperation-fiscale-africaine-la-lutte-contre-les-flux-financiers-illicites-en-debat","status":"publish","type":"post","link":"https:\/\/lasentinelle.dz\/index.php\/2025\/10\/29\/lalgerie-au-coeur-de-la-cooperation-fiscale-africaine-la-lutte-contre-les-flux-financiers-illicites-en-debat\/","title":{"rendered":"L\u2019Alg\u00e9rie au c\u0153ur de la coop\u00e9ration fiscale africaine\u00a0: La lutte contre les flux financiers illicites en d\u00e9bat"},"content":{"rendered":"\n<p>Du 3 au 7 novembre, Alger accueillera les assises annuelles du Forum africain de l\u2019administration fiscale (ATAF-2025), un rendez-vous qui devrait consolider la place du pays comme acteur cl\u00e9 du renforcement de la coop\u00e9ration fiscale sur le continent. En accueillant ces travaux au Centre international de conf\u00e9rences \u00ab Abdelatif Rahal \u00bb, sous le th\u00e8me <em>\u00ab Adopter des approches efficaces et cibl\u00e9es pour des syst\u00e8mes fiscaux \u00e9quitables \u00bb<\/em>, l\u2019Alg\u00e9rie entend se positionner au c\u0153ur des d\u00e9bats sur l\u2019avenir \u00e9conomique et institutionnel de l\u2019Afrique. Dans un communiqu\u00e9 rendu public mercredi, la Direction g\u00e9n\u00e9rale des imp\u00f4ts (DGI) souligne que cette rencontre \u00ab contribue \u00e0 renforcer la place de l\u2019Alg\u00e9rie comme acteur principal dans la coop\u00e9ration fiscale africaine, et constitue une occasion de participer activement \u00e0 l\u2019\u00e9laboration de solutions concr\u00e8tes et durables destin\u00e9es \u00e0 accro\u00eetre les capacit\u00e9s fiscales du continent, \u00e0 stimuler une croissance inclusive et \u00e0 financer le d\u00e9veloppement durable \u00bb. Les discussions s\u2019articuleront autour de th\u00e9matiques jug\u00e9es cruciales pour l\u2019avenir de la gouvernance \u00e9conomique africaine : la transformation num\u00e9rique des administrations fiscales, la lutte contre les flux financiers illicites, l\u2019\u00e9rosion des bases d\u2019imposition, la r\u00e9forme de la fiscalit\u00e9 internationale, les d\u00e9fis du num\u00e9rique, l\u2019\u00e9largissement de l\u2019assiette fiscale ou encore la mobilisation de l\u2019imp\u00f4t comme levier de financement des Objectifs de d\u00e9veloppement durable. Au-del\u00e0 des \u00e9changes techniques, l\u2019\u00e9v\u00e9nement se veut un moment fondateur dans la construction d\u2019une vision commune. Selon la DGI, ces r\u00e9unions \u00ab marqueront une \u00e9tape d\u00e9cisive vers l\u2019\u00e9laboration d\u2019une feuille de route partag\u00e9e, capable de r\u00e9pondre aux d\u00e9fis fiscaux contemporains, de renforcer la conformit\u00e9 et de tirer parti des opportunit\u00e9s offertes par l\u2019\u00e9volution du paysage fiscal mondial \u00bb. Une ambition d\u2019autant plus n\u00e9cessaire que le contexte international, marqu\u00e9 par la pression croissante sur les finances publiques, impose aux \u00c9tats africains de b\u00e2tir des syst\u00e8mes fiscaux modernes et performants. L\u2019Alg\u00e9rie, membre du Forum africain de l\u2019administration fiscale depuis peu \u2014 elle en est le 43\u1d49 pays adh\u00e9rent sur un total de 44 \u2014, entend traduire cet engagement dans une strat\u00e9gie nationale de modernisation. Elle affirme son \u00ab adh\u00e9sion totale aux objectifs strat\u00e9giques du forum \u00bb, lesquels visent notamment \u00e0 am\u00e9liorer la mobilisation des recettes, \u00e0 intensifier la lutte contre la fraude et l\u2019\u00e9vasion fiscales ainsi que contre les flux financiers illicites.<\/p>\n\n\n\n<p>Cette adh\u00e9sion s\u2019inscrit dans une \u00ab vision ambitieuse \u00bb qui, selon le communiqu\u00e9, vise \u00e0 \u00ab donner une voix forte et unifi\u00e9e au continent sur les enjeux fiscaux internationaux \u00bb. En clair, Alger souhaite devenir un relais africain dans les discussions mondiales sur la justice fiscale, tout en consolidant ses propres instruments de gouvernance et de recouvrement. La c\u00e9r\u00e9monie d\u2019ouverture officielle aura lieu le 4 novembre, sous le haut patronage du minist\u00e8re des Finances, en pr\u00e9sence de repr\u00e9sentants des administrations fiscales africaines membres de l\u2019ATAF, d\u2019experts internationaux et de d\u00e9l\u00e9gu\u00e9s d\u2019organisations multilat\u00e9rales sp\u00e9cialis\u00e9es. Ce rendez-vous s\u2019annonce donc comme un moment fort du calendrier \u00e9conomique continental, au croisement des ambitions africaines et des exigences d\u2019une gouvernance publique modernis\u00e9e. En accueillant cette rencontre, l\u2019Alg\u00e9rie confirme son intention de jouer un r\u00f4le moteur dans la mise en place de politiques fiscales \u00e9quitables et durables, au service d\u2019une Afrique plus souveraine et mieux arm\u00e9e face aux d\u00e9fis du XXI\u1d49 si\u00e8cle.<\/p>\n\n\n\n<p><strong>Amar Malki<\/strong><\/p>\n","protected":false},"excerpt":{"rendered":"<p>Du 3 au 7 novembre, Alger accueillera les assises annuelles du Forum africain de l\u2019administration fiscale (ATAF-2025), un rendez-vous qui<\/p>\n","protected":false},"author":6,"featured_media":75543,"comment_status":"open","ping_status":"closed","sticky":false,"template":"","format":"standard","meta":{"colormag_page_container_layout":"default_layout","colormag_page_sidebar_layout":"default_layout","om_disable_all_campaigns":false,"_monsterinsights_skip_tracking":false,"_monsterinsights_sitenote_active":false,"_monsterinsights_sitenote_note":"","_monsterinsights_sitenote_category":0,"footnotes":"","_wpscppro_dont_share_socialmedia":false,"_wpscppro_custom_social_share_image":0,"_facebook_share_type":"default","_twitter_share_type":"default","_linkedin_share_type":"default","_pinterest_share_type":"default","_linkedin_share_type_page":"","_instagram_share_type":"default","_medium_share_type":"default","_threads_share_type":"default","_google_business_share_type":"default","_selected_social_profile":[],"_wpsp_enable_custom_social_template":false,"_wpsp_social_scheduling":{"enabled":false,"datetime":null,"platforms":[],"status":"template_only","dateOption":"today","timeOption":"now","customDays":"","customHours":"","customDate":"","customTime":"","schedulingType":"absolute"},"_wpsp_active_default_template":true},"categories":[29],"tags":[],"class_list":["post-75542","post","type-post","status-publish","format-standard","has-post-thumbnail","hentry","category-economie"],"aioseo_notices":[],"yoast_head":"<!-- This site is optimized with the Yoast SEO plugin v27.5 - https:\/\/yoast.com\/product\/yoast-seo-wordpress\/ -->\n<title>L\u2019Alg\u00e9rie au c\u0153ur de la coop\u00e9ration fiscale africaine\u00a0: La lutte contre les flux financiers illicites en d\u00e9bat - La Sentinelle<\/title>\n<meta name=\"robots\" content=\"index, follow, max-snippet:-1, max-image-preview:large, max-video-preview:-1\" \/>\n<link rel=\"canonical\" href=\"https:\/\/lasentinelle.dz\/index.php\/2025\/10\/29\/lalgerie-au-coeur-de-la-cooperation-fiscale-africaine-la-lutte-contre-les-flux-financiers-illicites-en-debat\/\" \/>\n<meta property=\"og:locale\" content=\"fr_FR\" \/>\n<meta property=\"og:type\" content=\"article\" \/>\n<meta property=\"og:title\" content=\"L\u2019Alg\u00e9rie au c\u0153ur de la coop\u00e9ration fiscale africaine\u00a0: La lutte contre les flux financiers illicites en d\u00e9bat - La Sentinelle\" \/>\n<meta property=\"og:description\" content=\"Du 3 au 7 novembre, Alger accueillera les assises annuelles du Forum africain de l\u2019administration fiscale (ATAF-2025), un rendez-vous qui\" \/>\n<meta property=\"og:url\" content=\"https:\/\/lasentinelle.dz\/index.php\/2025\/10\/29\/lalgerie-au-coeur-de-la-cooperation-fiscale-africaine-la-lutte-contre-les-flux-financiers-illicites-en-debat\/\" \/>\n<meta property=\"og:site_name\" content=\"La Sentinelle\" \/>\n<meta property=\"article:publisher\" content=\"https:\/\/www.facebook.com\/La-Sentinelle-104059864394773\" \/>\n<meta property=\"article:published_time\" content=\"2025-10-29T18:57:56+00:00\" \/>\n<meta property=\"article:modified_time\" content=\"2025-10-29T18:57:57+00:00\" \/>\n<meta property=\"og:image\" content=\"https:\/\/lasentinelle.dz\/wp-content\/uploads\/2025\/10\/ataf.webp\" \/>\n\t<meta property=\"og:image:width\" content=\"900\" \/>\n\t<meta property=\"og:image:height\" content=\"675\" \/>\n\t<meta property=\"og:image:type\" content=\"image\/webp\" \/>\n<meta name=\"author\" content=\"admin\" \/>\n<meta name=\"twitter:card\" content=\"summary_large_image\" \/>\n<meta name=\"twitter:label1\" content=\"\u00c9crit par\" \/>\n\t<meta name=\"twitter:data1\" content=\"admin\" \/>\n\t<meta name=\"twitter:label2\" content=\"Dur\u00e9e de lecture estim\u00e9e\" \/>\n\t<meta name=\"twitter:data2\" content=\"3 minutes\" \/>\n<script type=\"application\/ld+json\" class=\"yoast-schema-graph\">{\"@context\":\"https:\\\/\\\/schema.org\",\"@graph\":[{\"@type\":\"Article\",\"@id\":\"https:\\\/\\\/lasentinelle.dz\\\/index.php\\\/2025\\\/10\\\/29\\\/lalgerie-au-coeur-de-la-cooperation-fiscale-africaine-la-lutte-contre-les-flux-financiers-illicites-en-debat\\\/#article\",\"isPartOf\":{\"@id\":\"https:\\\/\\\/lasentinelle.dz\\\/index.php\\\/2025\\\/10\\\/29\\\/lalgerie-au-coeur-de-la-cooperation-fiscale-africaine-la-lutte-contre-les-flux-financiers-illicites-en-debat\\\/\"},\"author\":{\"name\":\"admin\",\"@id\":\"https:\\\/\\\/lasentinelle.dz\\\/#\\\/schema\\\/person\\\/729ee0024f24e0b8c5ec17232f8e8b41\"},\"headline\":\"L\u2019Alg\u00e9rie au c\u0153ur de la coop\u00e9ration fiscale africaine\u00a0: La lutte contre les flux financiers illicites en d\u00e9bat\",\"datePublished\":\"2025-10-29T18:57:56+00:00\",\"dateModified\":\"2025-10-29T18:57:57+00:00\",\"mainEntityOfPage\":{\"@id\":\"https:\\\/\\\/lasentinelle.dz\\\/index.php\\\/2025\\\/10\\\/29\\\/lalgerie-au-coeur-de-la-cooperation-fiscale-africaine-la-lutte-contre-les-flux-financiers-illicites-en-debat\\\/\"},\"wordCount\":612,\"commentCount\":0,\"publisher\":{\"@id\":\"https:\\\/\\\/lasentinelle.dz\\\/#organization\"},\"image\":{\"@id\":\"https:\\\/\\\/lasentinelle.dz\\\/index.php\\\/2025\\\/10\\\/29\\\/lalgerie-au-coeur-de-la-cooperation-fiscale-africaine-la-lutte-contre-les-flux-financiers-illicites-en-debat\\\/#primaryimage\"},\"thumbnailUrl\":\"https:\\\/\\\/lasentinelle.dz\\\/wp-content\\\/uploads\\\/2025\\\/10\\\/ataf.webp\",\"articleSection\":[\"\u00c9conomie\"],\"inLanguage\":\"fr-FR\",\"potentialAction\":[{\"@type\":\"CommentAction\",\"name\":\"Comment\",\"target\":[\"https:\\\/\\\/lasentinelle.dz\\\/index.php\\\/2025\\\/10\\\/29\\\/lalgerie-au-coeur-de-la-cooperation-fiscale-africaine-la-lutte-contre-les-flux-financiers-illicites-en-debat\\\/#respond\"]}]},{\"@type\":\"WebPage\",\"@id\":\"https:\\\/\\\/lasentinelle.dz\\\/index.php\\\/2025\\\/10\\\/29\\\/lalgerie-au-coeur-de-la-cooperation-fiscale-africaine-la-lutte-contre-les-flux-financiers-illicites-en-debat\\\/\",\"url\":\"https:\\\/\\\/lasentinelle.dz\\\/index.php\\\/2025\\\/10\\\/29\\\/lalgerie-au-coeur-de-la-cooperation-fiscale-africaine-la-lutte-contre-les-flux-financiers-illicites-en-debat\\\/\",\"name\":\"L\u2019Alg\u00e9rie au c\u0153ur de la coop\u00e9ration fiscale africaine\u00a0: La lutte contre les flux financiers illicites en d\u00e9bat - La Sentinelle\",\"isPartOf\":{\"@id\":\"https:\\\/\\\/lasentinelle.dz\\\/#website\"},\"primaryImageOfPage\":{\"@id\":\"https:\\\/\\\/lasentinelle.dz\\\/index.php\\\/2025\\\/10\\\/29\\\/lalgerie-au-coeur-de-la-cooperation-fiscale-africaine-la-lutte-contre-les-flux-financiers-illicites-en-debat\\\/#primaryimage\"},\"image\":{\"@id\":\"https:\\\/\\\/lasentinelle.dz\\\/index.php\\\/2025\\\/10\\\/29\\\/lalgerie-au-coeur-de-la-cooperation-fiscale-africaine-la-lutte-contre-les-flux-financiers-illicites-en-debat\\\/#primaryimage\"},\"thumbnailUrl\":\"https:\\\/\\\/lasentinelle.dz\\\/wp-content\\\/uploads\\\/2025\\\/10\\\/ataf.webp\",\"datePublished\":\"2025-10-29T18:57:56+00:00\",\"dateModified\":\"2025-10-29T18:57:57+00:00\",\"breadcrumb\":{\"@id\":\"https:\\\/\\\/lasentinelle.dz\\\/index.php\\\/2025\\\/10\\\/29\\\/lalgerie-au-coeur-de-la-cooperation-fiscale-africaine-la-lutte-contre-les-flux-financiers-illicites-en-debat\\\/#breadcrumb\"},\"inLanguage\":\"fr-FR\",\"potentialAction\":[{\"@type\":\"ReadAction\",\"target\":[\"https:\\\/\\\/lasentinelle.dz\\\/index.php\\\/2025\\\/10\\\/29\\\/lalgerie-au-coeur-de-la-cooperation-fiscale-africaine-la-lutte-contre-les-flux-financiers-illicites-en-debat\\\/\"]}]},{\"@type\":\"ImageObject\",\"inLanguage\":\"fr-FR\",\"@id\":\"https:\\\/\\\/lasentinelle.dz\\\/index.php\\\/2025\\\/10\\\/29\\\/lalgerie-au-coeur-de-la-cooperation-fiscale-africaine-la-lutte-contre-les-flux-financiers-illicites-en-debat\\\/#primaryimage\",\"url\":\"https:\\\/\\\/lasentinelle.dz\\\/wp-content\\\/uploads\\\/2025\\\/10\\\/ataf.webp\",\"contentUrl\":\"https:\\\/\\\/lasentinelle.dz\\\/wp-content\\\/uploads\\\/2025\\\/10\\\/ataf.webp\",\"width\":900,\"height\":675},{\"@type\":\"BreadcrumbList\",\"@id\":\"https:\\\/\\\/lasentinelle.dz\\\/index.php\\\/2025\\\/10\\\/29\\\/lalgerie-au-coeur-de-la-cooperation-fiscale-africaine-la-lutte-contre-les-flux-financiers-illicites-en-debat\\\/#breadcrumb\",\"itemListElement\":[{\"@type\":\"ListItem\",\"position\":1,\"name\":\"Accueil\",\"item\":\"https:\\\/\\\/lasentinelle.dz\\\/\"},{\"@type\":\"ListItem\",\"position\":2,\"name\":\"L\u2019Alg\u00e9rie au c\u0153ur de la coop\u00e9ration fiscale africaine\u00a0: La lutte contre les flux financiers illicites en d\u00e9bat\"}]},{\"@type\":\"WebSite\",\"@id\":\"https:\\\/\\\/lasentinelle.dz\\\/#website\",\"url\":\"https:\\\/\\\/lasentinelle.dz\\\/\",\"name\":\"La Sentinelle\",\"description\":\"Quotidien national d&#039;information\",\"publisher\":{\"@id\":\"https:\\\/\\\/lasentinelle.dz\\\/#organization\"},\"potentialAction\":[{\"@type\":\"SearchAction\",\"target\":{\"@type\":\"EntryPoint\",\"urlTemplate\":\"https:\\\/\\\/lasentinelle.dz\\\/?s={search_term_string}\"},\"query-input\":{\"@type\":\"PropertyValueSpecification\",\"valueRequired\":true,\"valueName\":\"search_term_string\"}}],\"inLanguage\":\"fr-FR\"},{\"@type\":\"Organization\",\"@id\":\"https:\\\/\\\/lasentinelle.dz\\\/#organization\",\"name\":\"Quotidien La Sentinelle\",\"url\":\"https:\\\/\\\/lasentinelle.dz\\\/\",\"logo\":{\"@type\":\"ImageObject\",\"inLanguage\":\"fr-FR\",\"@id\":\"https:\\\/\\\/lasentinelle.dz\\\/#\\\/schema\\\/logo\\\/image\\\/\",\"url\":\"https:\\\/\\\/lasentinelle.dz\\\/wp-content\\\/uploads\\\/2021\\\/09\\\/logo-sentinelleSLOGAN-1.png\",\"contentUrl\":\"https:\\\/\\\/lasentinelle.dz\\\/wp-content\\\/uploads\\\/2021\\\/09\\\/logo-sentinelleSLOGAN-1.png\",\"width\":615,\"height\":142,\"caption\":\"Quotidien La Sentinelle\"},\"image\":{\"@id\":\"https:\\\/\\\/lasentinelle.dz\\\/#\\\/schema\\\/logo\\\/image\\\/\"},\"sameAs\":[\"https:\\\/\\\/www.facebook.com\\\/La-Sentinelle-104059864394773\"]},{\"@type\":\"Person\",\"@id\":\"https:\\\/\\\/lasentinelle.dz\\\/#\\\/schema\\\/person\\\/729ee0024f24e0b8c5ec17232f8e8b41\",\"name\":\"admin\",\"image\":{\"@type\":\"ImageObject\",\"inLanguage\":\"fr-FR\",\"@id\":\"https:\\\/\\\/secure.gravatar.com\\\/avatar\\\/4c81fed838786e9b53f540bf46533e750f5d292099ae3b66cfc6fb1982e29df7?s=96&d=mm&r=g\",\"url\":\"https:\\\/\\\/secure.gravatar.com\\\/avatar\\\/4c81fed838786e9b53f540bf46533e750f5d292099ae3b66cfc6fb1982e29df7?s=96&d=mm&r=g\",\"contentUrl\":\"https:\\\/\\\/secure.gravatar.com\\\/avatar\\\/4c81fed838786e9b53f540bf46533e750f5d292099ae3b66cfc6fb1982e29df7?s=96&d=mm&r=g\",\"caption\":\"admin\"},\"description\":\"admin\",\"url\":\"https:\\\/\\\/lasentinelle.dz\\\/author\\\/admin\\\/\"}]}<\/script>\n<!-- \/ Yoast SEO plugin. -->","yoast_head_json":{"title":"L\u2019Alg\u00e9rie au c\u0153ur de la coop\u00e9ration fiscale africaine\u00a0: La lutte contre les flux financiers illicites en d\u00e9bat - La Sentinelle","robots":{"index":"index","follow":"follow","max-snippet":"max-snippet:-1","max-image-preview":"max-image-preview:large","max-video-preview":"max-video-preview:-1"},"canonical":"https:\/\/lasentinelle.dz\/index.php\/2025\/10\/29\/lalgerie-au-coeur-de-la-cooperation-fiscale-africaine-la-lutte-contre-les-flux-financiers-illicites-en-debat\/","og_locale":"fr_FR","og_type":"article","og_title":"L\u2019Alg\u00e9rie au c\u0153ur de la coop\u00e9ration fiscale africaine\u00a0: La lutte contre les flux financiers illicites en d\u00e9bat - La Sentinelle","og_description":"Du 3 au 7 novembre, Alger accueillera les assises annuelles du Forum africain de l\u2019administration fiscale (ATAF-2025), un rendez-vous qui","og_url":"https:\/\/lasentinelle.dz\/index.php\/2025\/10\/29\/lalgerie-au-coeur-de-la-cooperation-fiscale-africaine-la-lutte-contre-les-flux-financiers-illicites-en-debat\/","og_site_name":"La Sentinelle","article_publisher":"https:\/\/www.facebook.com\/La-Sentinelle-104059864394773","article_published_time":"2025-10-29T18:57:56+00:00","article_modified_time":"2025-10-29T18:57:57+00:00","og_image":[{"width":900,"height":675,"url":"https:\/\/lasentinelle.dz\/wp-content\/uploads\/2025\/10\/ataf.webp","type":"image\/webp"}],"author":"admin","twitter_card":"summary_large_image","twitter_misc":{"\u00c9crit par":"admin","Dur\u00e9e de lecture estim\u00e9e":"3 minutes"},"schema":{"@context":"https:\/\/schema.org","@graph":[{"@type":"Article","@id":"https:\/\/lasentinelle.dz\/index.php\/2025\/10\/29\/lalgerie-au-coeur-de-la-cooperation-fiscale-africaine-la-lutte-contre-les-flux-financiers-illicites-en-debat\/#article","isPartOf":{"@id":"https:\/\/lasentinelle.dz\/index.php\/2025\/10\/29\/lalgerie-au-coeur-de-la-cooperation-fiscale-africaine-la-lutte-contre-les-flux-financiers-illicites-en-debat\/"},"author":{"name":"admin","@id":"https:\/\/lasentinelle.dz\/#\/schema\/person\/729ee0024f24e0b8c5ec17232f8e8b41"},"headline":"L\u2019Alg\u00e9rie au c\u0153ur de la coop\u00e9ration fiscale africaine\u00a0: La lutte contre les flux financiers illicites en d\u00e9bat","datePublished":"2025-10-29T18:57:56+00:00","dateModified":"2025-10-29T18:57:57+00:00","mainEntityOfPage":{"@id":"https:\/\/lasentinelle.dz\/index.php\/2025\/10\/29\/lalgerie-au-coeur-de-la-cooperation-fiscale-africaine-la-lutte-contre-les-flux-financiers-illicites-en-debat\/"},"wordCount":612,"commentCount":0,"publisher":{"@id":"https:\/\/lasentinelle.dz\/#organization"},"image":{"@id":"https:\/\/lasentinelle.dz\/index.php\/2025\/10\/29\/lalgerie-au-coeur-de-la-cooperation-fiscale-africaine-la-lutte-contre-les-flux-financiers-illicites-en-debat\/#primaryimage"},"thumbnailUrl":"https:\/\/lasentinelle.dz\/wp-content\/uploads\/2025\/10\/ataf.webp","articleSection":["\u00c9conomie"],"inLanguage":"fr-FR","potentialAction":[{"@type":"CommentAction","name":"Comment","target":["https:\/\/lasentinelle.dz\/index.php\/2025\/10\/29\/lalgerie-au-coeur-de-la-cooperation-fiscale-africaine-la-lutte-contre-les-flux-financiers-illicites-en-debat\/#respond"]}]},{"@type":"WebPage","@id":"https:\/\/lasentinelle.dz\/index.php\/2025\/10\/29\/lalgerie-au-coeur-de-la-cooperation-fiscale-africaine-la-lutte-contre-les-flux-financiers-illicites-en-debat\/","url":"https:\/\/lasentinelle.dz\/index.php\/2025\/10\/29\/lalgerie-au-coeur-de-la-cooperation-fiscale-africaine-la-lutte-contre-les-flux-financiers-illicites-en-debat\/","name":"L\u2019Alg\u00e9rie au c\u0153ur de la coop\u00e9ration fiscale africaine\u00a0: La lutte contre les flux financiers illicites en d\u00e9bat - La Sentinelle","isPartOf":{"@id":"https:\/\/lasentinelle.dz\/#website"},"primaryImageOfPage":{"@id":"https:\/\/lasentinelle.dz\/index.php\/2025\/10\/29\/lalgerie-au-coeur-de-la-cooperation-fiscale-africaine-la-lutte-contre-les-flux-financiers-illicites-en-debat\/#primaryimage"},"image":{"@id":"https:\/\/lasentinelle.dz\/index.php\/2025\/10\/29\/lalgerie-au-coeur-de-la-cooperation-fiscale-africaine-la-lutte-contre-les-flux-financiers-illicites-en-debat\/#primaryimage"},"thumbnailUrl":"https:\/\/lasentinelle.dz\/wp-content\/uploads\/2025\/10\/ataf.webp","datePublished":"2025-10-29T18:57:56+00:00","dateModified":"2025-10-29T18:57:57+00:00","breadcrumb":{"@id":"https:\/\/lasentinelle.dz\/index.php\/2025\/10\/29\/lalgerie-au-coeur-de-la-cooperation-fiscale-africaine-la-lutte-contre-les-flux-financiers-illicites-en-debat\/#breadcrumb"},"inLanguage":"fr-FR","potentialAction":[{"@type":"ReadAction","target":["https:\/\/lasentinelle.dz\/index.php\/2025\/10\/29\/lalgerie-au-coeur-de-la-cooperation-fiscale-africaine-la-lutte-contre-les-flux-financiers-illicites-en-debat\/"]}]},{"@type":"ImageObject","inLanguage":"fr-FR","@id":"https:\/\/lasentinelle.dz\/index.php\/2025\/10\/29\/lalgerie-au-coeur-de-la-cooperation-fiscale-africaine-la-lutte-contre-les-flux-financiers-illicites-en-debat\/#primaryimage","url":"https:\/\/lasentinelle.dz\/wp-content\/uploads\/2025\/10\/ataf.webp","contentUrl":"https:\/\/lasentinelle.dz\/wp-content\/uploads\/2025\/10\/ataf.webp","width":900,"height":675},{"@type":"BreadcrumbList","@id":"https:\/\/lasentinelle.dz\/index.php\/2025\/10\/29\/lalgerie-au-coeur-de-la-cooperation-fiscale-africaine-la-lutte-contre-les-flux-financiers-illicites-en-debat\/#breadcrumb","itemListElement":[{"@type":"ListItem","position":1,"name":"Accueil","item":"https:\/\/lasentinelle.dz\/"},{"@type":"ListItem","position":2,"name":"L\u2019Alg\u00e9rie au c\u0153ur de la coop\u00e9ration fiscale africaine\u00a0: La lutte contre les flux financiers illicites en d\u00e9bat"}]},{"@type":"WebSite","@id":"https:\/\/lasentinelle.dz\/#website","url":"https:\/\/lasentinelle.dz\/","name":"La Sentinelle","description":"Quotidien national d&#039;information","publisher":{"@id":"https:\/\/lasentinelle.dz\/#organization"},"potentialAction":[{"@type":"SearchAction","target":{"@type":"EntryPoint","urlTemplate":"https:\/\/lasentinelle.dz\/?s={search_term_string}"},"query-input":{"@type":"PropertyValueSpecification","valueRequired":true,"valueName":"search_term_string"}}],"inLanguage":"fr-FR"},{"@type":"Organization","@id":"https:\/\/lasentinelle.dz\/#organization","name":"Quotidien La Sentinelle","url":"https:\/\/lasentinelle.dz\/","logo":{"@type":"ImageObject","inLanguage":"fr-FR","@id":"https:\/\/lasentinelle.dz\/#\/schema\/logo\/image\/","url":"https:\/\/lasentinelle.dz\/wp-content\/uploads\/2021\/09\/logo-sentinelleSLOGAN-1.png","contentUrl":"https:\/\/lasentinelle.dz\/wp-content\/uploads\/2021\/09\/logo-sentinelleSLOGAN-1.png","width":615,"height":142,"caption":"Quotidien La Sentinelle"},"image":{"@id":"https:\/\/lasentinelle.dz\/#\/schema\/logo\/image\/"},"sameAs":["https:\/\/www.facebook.com\/La-Sentinelle-104059864394773"]},{"@type":"Person","@id":"https:\/\/lasentinelle.dz\/#\/schema\/person\/729ee0024f24e0b8c5ec17232f8e8b41","name":"admin","image":{"@type":"ImageObject","inLanguage":"fr-FR","@id":"https:\/\/secure.gravatar.com\/avatar\/4c81fed838786e9b53f540bf46533e750f5d292099ae3b66cfc6fb1982e29df7?s=96&d=mm&r=g","url":"https:\/\/secure.gravatar.com\/avatar\/4c81fed838786e9b53f540bf46533e750f5d292099ae3b66cfc6fb1982e29df7?s=96&d=mm&r=g","contentUrl":"https:\/\/secure.gravatar.com\/avatar\/4c81fed838786e9b53f540bf46533e750f5d292099ae3b66cfc6fb1982e29df7?s=96&d=mm&r=g","caption":"admin"},"description":"admin","url":"https:\/\/lasentinelle.dz\/author\/admin\/"}]}},"_links":{"self":[{"href":"https:\/\/lasentinelle.dz\/index.php\/wp-json\/wp\/v2\/posts\/75542","targetHints":{"allow":["GET"]}}],"collection":[{"href":"https:\/\/lasentinelle.dz\/index.php\/wp-json\/wp\/v2\/posts"}],"about":[{"href":"https:\/\/lasentinelle.dz\/index.php\/wp-json\/wp\/v2\/types\/post"}],"author":[{"embeddable":true,"href":"https:\/\/lasentinelle.dz\/index.php\/wp-json\/wp\/v2\/users\/6"}],"replies":[{"embeddable":true,"href":"https:\/\/lasentinelle.dz\/index.php\/wp-json\/wp\/v2\/comments?post=75542"}],"version-history":[{"count":1,"href":"https:\/\/lasentinelle.dz\/index.php\/wp-json\/wp\/v2\/posts\/75542\/revisions"}],"predecessor-version":[{"id":75544,"href":"https:\/\/lasentinelle.dz\/index.php\/wp-json\/wp\/v2\/posts\/75542\/revisions\/75544"}],"wp:featuredmedia":[{"embeddable":true,"href":"https:\/\/lasentinelle.dz\/index.php\/wp-json\/wp\/v2\/media\/75543"}],"wp:attachment":[{"href":"https:\/\/lasentinelle.dz\/index.php\/wp-json\/wp\/v2\/media?parent=75542"}],"wp:term":[{"taxonomy":"category","embeddable":true,"href":"https:\/\/lasentinelle.dz\/index.php\/wp-json\/wp\/v2\/categories?post=75542"},{"taxonomy":"post_tag","embeddable":true,"href":"https:\/\/lasentinelle.dz\/index.php\/wp-json\/wp\/v2\/tags?post=75542"}],"curies":[{"name":"wp","href":"https:\/\/api.w.org\/{rel}","templated":true}]}}