{"id":75545,"date":"2025-10-29T19:58:43","date_gmt":"2025-10-29T18:58:43","guid":{"rendered":"https:\/\/lasentinelle.dz\/?p=75545"},"modified":"2025-10-29T19:58:44","modified_gmt":"2025-10-29T18:58:44","slug":"yacine-el-mahdi-oualid-on-ne-peut-plus-compter-sur-les-seuls-prets-des-banques-publiques","status":"publish","type":"post","link":"https:\/\/lasentinelle.dz\/index.php\/2025\/10\/29\/yacine-el-mahdi-oualid-on-ne-peut-plus-compter-sur-les-seuls-prets-des-banques-publiques\/","title":{"rendered":"Yacine El-Mahdi Oualid \u00a0:\u201cOn ne peut plus compter sur les seuls pr\u00eats des banques publiques\u201d"},"content":{"rendered":"\n<p>Face \u00e0 la n\u00e9cessit\u00e9 de moderniser un secteur cl\u00e9 pour la souverainet\u00e9 alimentaire, le ministre de l\u2019Agriculture, du D\u00e9veloppement rural et de la P\u00eache, Yacine El-Mahdi Oualid, a annonc\u00e9 l\u2019\u00e9laboration d\u2019une nouvelle politique agricole fond\u00e9e sur la technologie, l\u2019innovation et la diversification des financements.<\/p>\n\n\n\n<p>L\u2019Alg\u00e9rie s\u2019appr\u00eate \u00e0 tourner une nouvelle page de son d\u00e9veloppement agricole. Lors de la cl\u00f4ture de la Conf\u00e9rence nationale sur la modernisation de l\u2019agriculture, tenue les 27 et 28 octobre au Centre international de conf\u00e9rences Abdelatif Rahal \u00e0 Alger, Yacine El-Mahdi Oualid a d\u00e9taill\u00e9 les contours d\u2019une strat\u00e9gie \u00ab r\u00e9aliste et adapt\u00e9e au terrain \u00bb. L\u2019objectif : red\u00e9finir en profondeur les politiques publiques agricoles pour les aligner sur les r\u00e9alit\u00e9s \u00e9conomiques et sociales du pays. \u00ab Le minist\u00e8re s\u2019emploie \u00e0 mettre en place une politique publique sectorielle ayant un impact r\u00e9el sur le terrain et adapt\u00e9e aux r\u00e9alit\u00e9s du secteur, \u00e0 travers une meilleure gestion des ressources qui lui sont destin\u00e9es \u00bb, a expliqu\u00e9 le ministre. Ce plan de refonte, a-t-il ajout\u00e9, suppose \u00ab de revoir les diff\u00e9rentes politiques publiques mises en place depuis l\u2019ind\u00e9pendance \u00bb et de \u00ab s\u2019orienter vers la transition num\u00e9rique \u00bb, devenue essentielle \u00e0 la modernisation du secteur.<\/p>\n\n\n\n<p>Mais c\u2019est sur la question du financement agricole que le ministre a tenu un discours sans d\u00e9tour. \u00ab On ne peut plus compter uniquement sur les pr\u00eats des banques publiques \u00bb, a-t-il lanc\u00e9, plaidant pour \u00ab la mise en place de nouveaux m\u00e9canismes de financement \u00bb. Parmi eux, le capital-investissement, le micro-financement et le cr\u00e9dit-bail, autant d\u2019outils susceptibles de \u00ab r\u00e9soudre plusieurs probl\u00e9matiques de financement \u00bb et d\u2019\u00ab injecter davantage de capitaux dans les cultures strat\u00e9giques, notamment dans le Sud \u00bb. Cette ouverture \u00e0 de nouvelles formes de financement s\u2019inscrit dans une logique de diversification et d\u2019autonomisation d\u2019un secteur encore d\u00e9pendant des circuits bancaires classiques. Le ministre a \u00e9galement appel\u00e9 \u00e0 \u00e9largir les offres d\u2019assurance agricole, afin de couvrir \u00ab l\u2019ensemble des risques auxquels les agriculteurs sont confront\u00e9s sur le terrain \u00bb et de leur permettre \u00ab de travailler dans les meilleures conditions \u00bb.<\/p>\n\n\n\n<p>R\u00e9forme structurelle<\/p>\n\n\n\n<p>Sur le plan institutionnel, M. Oualid a annonc\u00e9 une r\u00e9forme structurelle du minist\u00e8re et des organismes qui en d\u00e9pendent, visant \u00e0 \u00ab am\u00e9liorer leur efficacit\u00e9 et \u00e0 les rajeunir \u00bb. Cette modernisation passera, selon lui, par un rapprochement avec le monde acad\u00e9mique, afin de mieux valoriser les innovations issues de la recherche. \u00ab De nombreuses innovations scientifiques dans le domaine agricole demeurent encore inexploit\u00e9es \u00bb, a-t-il regrett\u00e9, soulignant l\u2019importance d\u2019en faire des leviers de productivit\u00e9 et de durabilit\u00e9. Dans cette perspective, le Conseil national scientifique de la s\u00e9curit\u00e9 alimentaire, install\u00e9 la veille de la conf\u00e9rence, aura pour mission de valoriser les travaux universitaires et les recherches appliqu\u00e9es, afin d\u2019am\u00e9liorer la productivit\u00e9 et de consolider la s\u00e9curit\u00e9 alimentaire du pays.<\/p>\n\n\n\n<p>Le ministre s\u2019est \u00e9galement attard\u00e9 sur la question du foncier agricole, insistant sur la n\u00e9cessit\u00e9 de mener \u00ab des \u00e9tudes d\u2019\u00e9valuation des m\u00e9canismes de gestion \u00bb mis en \u0153uvre depuis l\u2019ind\u00e9pendance. La num\u00e9risation, selon lui, doit permettre de \u00ab r\u00e9soudre les probl\u00e9matiques structurelles \u00bb li\u00e9es \u00e0 la gestion des terres et d\u2019assurer une meilleure transparence. Saluant les \u00ab recommandations pr\u00e9cieuses \u00bb issues des ateliers de la conf\u00e9rence, Yacine Oualid a estim\u00e9 qu\u2019elles constituent un socle solide pour \u00ab des m\u00e9canismes efficaces et de nouvelles politiques permettant de moderniser le secteur agricole et d\u2019atteindre l\u2019objectif de s\u00e9curit\u00e9 alimentaire \u00bb. En conclusion, le ministre a appel\u00e9 \u00e0 \u00ab cr\u00e9er des espaces d\u2019\u00e9change entre les acteurs du secteur \u00bb et \u00e0 placer \u00ab l\u2019intelligence sociale au c\u0153ur de la prise de d\u00e9cision \u00bb. L\u2019Alg\u00e9rie, a-t-il affirm\u00e9, doit d\u00e9sormais b\u00e2tir une agriculture de son temps \u2014 connect\u00e9e, comp\u00e9titive et r\u00e9siliente.<\/p>\n\n\n\n<p>Sabrina Aziouez<\/p>\n","protected":false},"excerpt":{"rendered":"<p>Face \u00e0 la n\u00e9cessit\u00e9 de moderniser un secteur cl\u00e9 pour la souverainet\u00e9 alimentaire, le ministre de l\u2019Agriculture, du D\u00e9veloppement rural<\/p>\n","protected":false},"author":6,"featured_media":75424,"comment_status":"open","ping_status":"closed","sticky":false,"template":"","format":"standard","meta":{"colormag_page_container_layout":"default_layout","colormag_page_sidebar_layout":"default_layout","om_disable_all_campaigns":false,"_monsterinsights_skip_tracking":false,"_monsterinsights_sitenote_active":false,"_monsterinsights_sitenote_note":"","_monsterinsights_sitenote_category":0,"footnotes":"","_wpscppro_dont_share_socialmedia":false,"_wpscppro_custom_social_share_image":0,"_facebook_share_type":"default","_twitter_share_type":"default","_linkedin_share_type":"default","_pinterest_share_type":"default","_linkedin_share_type_page":"","_instagram_share_type":"default","_medium_share_type":"default","_threads_share_type":"default","_google_business_share_type":"default","_selected_social_profile":[],"_wpsp_enable_custom_social_template":false,"_wpsp_social_scheduling":{"enabled":false,"datetime":null,"platforms":[],"status":"template_only","dateOption":"today","timeOption":"now","customDays":"","customHours":"","customDate":"","customTime":"","schedulingType":"absolute"},"_wpsp_active_default_template":true},"categories":[52,29],"tags":[],"class_list":["post-75545","post","type-post","status-publish","format-standard","has-post-thumbnail","hentry","category-a-la-une","category-economie"],"aioseo_notices":[],"yoast_head":"<!-- This site is optimized with the Yoast SEO plugin v27.5 - https:\/\/yoast.com\/product\/yoast-seo-wordpress\/ -->\n<title>Yacine El-Mahdi Oualid \u00a0:\u201cOn ne peut plus compter sur les seuls pr\u00eats des banques publiques\u201d - La Sentinelle<\/title>\n<meta name=\"robots\" content=\"index, follow, max-snippet:-1, max-image-preview:large, max-video-preview:-1\" \/>\n<link rel=\"canonical\" href=\"https:\/\/lasentinelle.dz\/index.php\/2025\/10\/29\/yacine-el-mahdi-oualid-on-ne-peut-plus-compter-sur-les-seuls-prets-des-banques-publiques\/\" \/>\n<meta property=\"og:locale\" content=\"fr_FR\" \/>\n<meta property=\"og:type\" content=\"article\" \/>\n<meta property=\"og:title\" content=\"Yacine El-Mahdi Oualid \u00a0:\u201cOn ne peut plus compter sur les seuls pr\u00eats des banques publiques\u201d - La Sentinelle\" \/>\n<meta property=\"og:description\" content=\"Face \u00e0 la n\u00e9cessit\u00e9 de moderniser un secteur cl\u00e9 pour la souverainet\u00e9 alimentaire, le ministre de l\u2019Agriculture, du D\u00e9veloppement rural\" \/>\n<meta property=\"og:url\" content=\"https:\/\/lasentinelle.dz\/index.php\/2025\/10\/29\/yacine-el-mahdi-oualid-on-ne-peut-plus-compter-sur-les-seuls-prets-des-banques-publiques\/\" \/>\n<meta property=\"og:site_name\" content=\"La Sentinelle\" \/>\n<meta property=\"article:publisher\" content=\"https:\/\/www.facebook.com\/La-Sentinelle-104059864394773\" \/>\n<meta property=\"article:published_time\" content=\"2025-10-29T18:58:43+00:00\" \/>\n<meta property=\"article:modified_time\" content=\"2025-10-29T18:58:44+00:00\" \/>\n<meta property=\"og:image\" content=\"https:\/\/lasentinelle.dz\/wp-content\/uploads\/2025\/10\/oualid-1.jpg\" \/>\n\t<meta property=\"og:image:width\" content=\"1280\" \/>\n\t<meta property=\"og:image:height\" content=\"853\" \/>\n\t<meta property=\"og:image:type\" content=\"image\/jpeg\" \/>\n<meta name=\"author\" content=\"admin\" \/>\n<meta name=\"twitter:card\" content=\"summary_large_image\" \/>\n<meta name=\"twitter:label1\" content=\"\u00c9crit par\" \/>\n\t<meta name=\"twitter:data1\" content=\"admin\" \/>\n\t<meta name=\"twitter:label2\" content=\"Dur\u00e9e de lecture estim\u00e9e\" \/>\n\t<meta name=\"twitter:data2\" content=\"4 minutes\" \/>\n<script type=\"application\/ld+json\" class=\"yoast-schema-graph\">{\"@context\":\"https:\\\/\\\/schema.org\",\"@graph\":[{\"@type\":\"Article\",\"@id\":\"https:\\\/\\\/lasentinelle.dz\\\/index.php\\\/2025\\\/10\\\/29\\\/yacine-el-mahdi-oualid-on-ne-peut-plus-compter-sur-les-seuls-prets-des-banques-publiques\\\/#article\",\"isPartOf\":{\"@id\":\"https:\\\/\\\/lasentinelle.dz\\\/index.php\\\/2025\\\/10\\\/29\\\/yacine-el-mahdi-oualid-on-ne-peut-plus-compter-sur-les-seuls-prets-des-banques-publiques\\\/\"},\"author\":{\"name\":\"admin\",\"@id\":\"https:\\\/\\\/lasentinelle.dz\\\/#\\\/schema\\\/person\\\/729ee0024f24e0b8c5ec17232f8e8b41\"},\"headline\":\"Yacine El-Mahdi Oualid \u00a0:\u201cOn ne peut plus compter sur les seuls pr\u00eats des banques publiques\u201d\",\"datePublished\":\"2025-10-29T18:58:43+00:00\",\"dateModified\":\"2025-10-29T18:58:44+00:00\",\"mainEntityOfPage\":{\"@id\":\"https:\\\/\\\/lasentinelle.dz\\\/index.php\\\/2025\\\/10\\\/29\\\/yacine-el-mahdi-oualid-on-ne-peut-plus-compter-sur-les-seuls-prets-des-banques-publiques\\\/\"},\"wordCount\":672,\"commentCount\":0,\"publisher\":{\"@id\":\"https:\\\/\\\/lasentinelle.dz\\\/#organization\"},\"image\":{\"@id\":\"https:\\\/\\\/lasentinelle.dz\\\/index.php\\\/2025\\\/10\\\/29\\\/yacine-el-mahdi-oualid-on-ne-peut-plus-compter-sur-les-seuls-prets-des-banques-publiques\\\/#primaryimage\"},\"thumbnailUrl\":\"https:\\\/\\\/lasentinelle.dz\\\/wp-content\\\/uploads\\\/2025\\\/10\\\/oualid-1.jpg\",\"articleSection\":[\"\u00c0 la Une\",\"\u00c9conomie\"],\"inLanguage\":\"fr-FR\",\"potentialAction\":[{\"@type\":\"CommentAction\",\"name\":\"Comment\",\"target\":[\"https:\\\/\\\/lasentinelle.dz\\\/index.php\\\/2025\\\/10\\\/29\\\/yacine-el-mahdi-oualid-on-ne-peut-plus-compter-sur-les-seuls-prets-des-banques-publiques\\\/#respond\"]}]},{\"@type\":\"WebPage\",\"@id\":\"https:\\\/\\\/lasentinelle.dz\\\/index.php\\\/2025\\\/10\\\/29\\\/yacine-el-mahdi-oualid-on-ne-peut-plus-compter-sur-les-seuls-prets-des-banques-publiques\\\/\",\"url\":\"https:\\\/\\\/lasentinelle.dz\\\/index.php\\\/2025\\\/10\\\/29\\\/yacine-el-mahdi-oualid-on-ne-peut-plus-compter-sur-les-seuls-prets-des-banques-publiques\\\/\",\"name\":\"Yacine El-Mahdi Oualid \u00a0:\u201cOn ne peut plus compter sur les seuls pr\u00eats des banques publiques\u201d - La Sentinelle\",\"isPartOf\":{\"@id\":\"https:\\\/\\\/lasentinelle.dz\\\/#website\"},\"primaryImageOfPage\":{\"@id\":\"https:\\\/\\\/lasentinelle.dz\\\/index.php\\\/2025\\\/10\\\/29\\\/yacine-el-mahdi-oualid-on-ne-peut-plus-compter-sur-les-seuls-prets-des-banques-publiques\\\/#primaryimage\"},\"image\":{\"@id\":\"https:\\\/\\\/lasentinelle.dz\\\/index.php\\\/2025\\\/10\\\/29\\\/yacine-el-mahdi-oualid-on-ne-peut-plus-compter-sur-les-seuls-prets-des-banques-publiques\\\/#primaryimage\"},\"thumbnailUrl\":\"https:\\\/\\\/lasentinelle.dz\\\/wp-content\\\/uploads\\\/2025\\\/10\\\/oualid-1.jpg\",\"datePublished\":\"2025-10-29T18:58:43+00:00\",\"dateModified\":\"2025-10-29T18:58:44+00:00\",\"breadcrumb\":{\"@id\":\"https:\\\/\\\/lasentinelle.dz\\\/index.php\\\/2025\\\/10\\\/29\\\/yacine-el-mahdi-oualid-on-ne-peut-plus-compter-sur-les-seuls-prets-des-banques-publiques\\\/#breadcrumb\"},\"inLanguage\":\"fr-FR\",\"potentialAction\":[{\"@type\":\"ReadAction\",\"target\":[\"https:\\\/\\\/lasentinelle.dz\\\/index.php\\\/2025\\\/10\\\/29\\\/yacine-el-mahdi-oualid-on-ne-peut-plus-compter-sur-les-seuls-prets-des-banques-publiques\\\/\"]}]},{\"@type\":\"ImageObject\",\"inLanguage\":\"fr-FR\",\"@id\":\"https:\\\/\\\/lasentinelle.dz\\\/index.php\\\/2025\\\/10\\\/29\\\/yacine-el-mahdi-oualid-on-ne-peut-plus-compter-sur-les-seuls-prets-des-banques-publiques\\\/#primaryimage\",\"url\":\"https:\\\/\\\/lasentinelle.dz\\\/wp-content\\\/uploads\\\/2025\\\/10\\\/oualid-1.jpg\",\"contentUrl\":\"https:\\\/\\\/lasentinelle.dz\\\/wp-content\\\/uploads\\\/2025\\\/10\\\/oualid-1.jpg\",\"width\":1280,\"height\":853},{\"@type\":\"BreadcrumbList\",\"@id\":\"https:\\\/\\\/lasentinelle.dz\\\/index.php\\\/2025\\\/10\\\/29\\\/yacine-el-mahdi-oualid-on-ne-peut-plus-compter-sur-les-seuls-prets-des-banques-publiques\\\/#breadcrumb\",\"itemListElement\":[{\"@type\":\"ListItem\",\"position\":1,\"name\":\"Accueil\",\"item\":\"https:\\\/\\\/lasentinelle.dz\\\/\"},{\"@type\":\"ListItem\",\"position\":2,\"name\":\"Yacine El-Mahdi Oualid \u00a0:\u201cOn ne peut plus compter sur les seuls pr\u00eats des banques publiques\u201d\"}]},{\"@type\":\"WebSite\",\"@id\":\"https:\\\/\\\/lasentinelle.dz\\\/#website\",\"url\":\"https:\\\/\\\/lasentinelle.dz\\\/\",\"name\":\"La Sentinelle\",\"description\":\"Quotidien national d&#039;information\",\"publisher\":{\"@id\":\"https:\\\/\\\/lasentinelle.dz\\\/#organization\"},\"potentialAction\":[{\"@type\":\"SearchAction\",\"target\":{\"@type\":\"EntryPoint\",\"urlTemplate\":\"https:\\\/\\\/lasentinelle.dz\\\/?s={search_term_string}\"},\"query-input\":{\"@type\":\"PropertyValueSpecification\",\"valueRequired\":true,\"valueName\":\"search_term_string\"}}],\"inLanguage\":\"fr-FR\"},{\"@type\":\"Organization\",\"@id\":\"https:\\\/\\\/lasentinelle.dz\\\/#organization\",\"name\":\"Quotidien La Sentinelle\",\"url\":\"https:\\\/\\\/lasentinelle.dz\\\/\",\"logo\":{\"@type\":\"ImageObject\",\"inLanguage\":\"fr-FR\",\"@id\":\"https:\\\/\\\/lasentinelle.dz\\\/#\\\/schema\\\/logo\\\/image\\\/\",\"url\":\"https:\\\/\\\/lasentinelle.dz\\\/wp-content\\\/uploads\\\/2021\\\/09\\\/logo-sentinelleSLOGAN-1.png\",\"contentUrl\":\"https:\\\/\\\/lasentinelle.dz\\\/wp-content\\\/uploads\\\/2021\\\/09\\\/logo-sentinelleSLOGAN-1.png\",\"width\":615,\"height\":142,\"caption\":\"Quotidien La Sentinelle\"},\"image\":{\"@id\":\"https:\\\/\\\/lasentinelle.dz\\\/#\\\/schema\\\/logo\\\/image\\\/\"},\"sameAs\":[\"https:\\\/\\\/www.facebook.com\\\/La-Sentinelle-104059864394773\"]},{\"@type\":\"Person\",\"@id\":\"https:\\\/\\\/lasentinelle.dz\\\/#\\\/schema\\\/person\\\/729ee0024f24e0b8c5ec17232f8e8b41\",\"name\":\"admin\",\"image\":{\"@type\":\"ImageObject\",\"inLanguage\":\"fr-FR\",\"@id\":\"https:\\\/\\\/secure.gravatar.com\\\/avatar\\\/4c81fed838786e9b53f540bf46533e750f5d292099ae3b66cfc6fb1982e29df7?s=96&d=mm&r=g\",\"url\":\"https:\\\/\\\/secure.gravatar.com\\\/avatar\\\/4c81fed838786e9b53f540bf46533e750f5d292099ae3b66cfc6fb1982e29df7?s=96&d=mm&r=g\",\"contentUrl\":\"https:\\\/\\\/secure.gravatar.com\\\/avatar\\\/4c81fed838786e9b53f540bf46533e750f5d292099ae3b66cfc6fb1982e29df7?s=96&d=mm&r=g\",\"caption\":\"admin\"},\"description\":\"admin\",\"url\":\"https:\\\/\\\/lasentinelle.dz\\\/author\\\/admin\\\/\"}]}<\/script>\n<!-- \/ Yoast SEO plugin. -->","yoast_head_json":{"title":"Yacine El-Mahdi Oualid \u00a0:\u201cOn ne peut plus compter sur les seuls pr\u00eats des banques publiques\u201d - La Sentinelle","robots":{"index":"index","follow":"follow","max-snippet":"max-snippet:-1","max-image-preview":"max-image-preview:large","max-video-preview":"max-video-preview:-1"},"canonical":"https:\/\/lasentinelle.dz\/index.php\/2025\/10\/29\/yacine-el-mahdi-oualid-on-ne-peut-plus-compter-sur-les-seuls-prets-des-banques-publiques\/","og_locale":"fr_FR","og_type":"article","og_title":"Yacine El-Mahdi Oualid \u00a0:\u201cOn ne peut plus compter sur les seuls pr\u00eats des banques publiques\u201d - La Sentinelle","og_description":"Face \u00e0 la n\u00e9cessit\u00e9 de moderniser un secteur cl\u00e9 pour la souverainet\u00e9 alimentaire, le ministre de l\u2019Agriculture, du D\u00e9veloppement rural","og_url":"https:\/\/lasentinelle.dz\/index.php\/2025\/10\/29\/yacine-el-mahdi-oualid-on-ne-peut-plus-compter-sur-les-seuls-prets-des-banques-publiques\/","og_site_name":"La Sentinelle","article_publisher":"https:\/\/www.facebook.com\/La-Sentinelle-104059864394773","article_published_time":"2025-10-29T18:58:43+00:00","article_modified_time":"2025-10-29T18:58:44+00:00","og_image":[{"width":1280,"height":853,"url":"https:\/\/lasentinelle.dz\/wp-content\/uploads\/2025\/10\/oualid-1.jpg","type":"image\/jpeg"}],"author":"admin","twitter_card":"summary_large_image","twitter_misc":{"\u00c9crit par":"admin","Dur\u00e9e de lecture estim\u00e9e":"4 minutes"},"schema":{"@context":"https:\/\/schema.org","@graph":[{"@type":"Article","@id":"https:\/\/lasentinelle.dz\/index.php\/2025\/10\/29\/yacine-el-mahdi-oualid-on-ne-peut-plus-compter-sur-les-seuls-prets-des-banques-publiques\/#article","isPartOf":{"@id":"https:\/\/lasentinelle.dz\/index.php\/2025\/10\/29\/yacine-el-mahdi-oualid-on-ne-peut-plus-compter-sur-les-seuls-prets-des-banques-publiques\/"},"author":{"name":"admin","@id":"https:\/\/lasentinelle.dz\/#\/schema\/person\/729ee0024f24e0b8c5ec17232f8e8b41"},"headline":"Yacine El-Mahdi Oualid \u00a0:\u201cOn ne peut plus compter sur les seuls pr\u00eats des banques publiques\u201d","datePublished":"2025-10-29T18:58:43+00:00","dateModified":"2025-10-29T18:58:44+00:00","mainEntityOfPage":{"@id":"https:\/\/lasentinelle.dz\/index.php\/2025\/10\/29\/yacine-el-mahdi-oualid-on-ne-peut-plus-compter-sur-les-seuls-prets-des-banques-publiques\/"},"wordCount":672,"commentCount":0,"publisher":{"@id":"https:\/\/lasentinelle.dz\/#organization"},"image":{"@id":"https:\/\/lasentinelle.dz\/index.php\/2025\/10\/29\/yacine-el-mahdi-oualid-on-ne-peut-plus-compter-sur-les-seuls-prets-des-banques-publiques\/#primaryimage"},"thumbnailUrl":"https:\/\/lasentinelle.dz\/wp-content\/uploads\/2025\/10\/oualid-1.jpg","articleSection":["\u00c0 la Une","\u00c9conomie"],"inLanguage":"fr-FR","potentialAction":[{"@type":"CommentAction","name":"Comment","target":["https:\/\/lasentinelle.dz\/index.php\/2025\/10\/29\/yacine-el-mahdi-oualid-on-ne-peut-plus-compter-sur-les-seuls-prets-des-banques-publiques\/#respond"]}]},{"@type":"WebPage","@id":"https:\/\/lasentinelle.dz\/index.php\/2025\/10\/29\/yacine-el-mahdi-oualid-on-ne-peut-plus-compter-sur-les-seuls-prets-des-banques-publiques\/","url":"https:\/\/lasentinelle.dz\/index.php\/2025\/10\/29\/yacine-el-mahdi-oualid-on-ne-peut-plus-compter-sur-les-seuls-prets-des-banques-publiques\/","name":"Yacine El-Mahdi Oualid \u00a0:\u201cOn ne peut plus compter sur les seuls pr\u00eats des banques publiques\u201d - La Sentinelle","isPartOf":{"@id":"https:\/\/lasentinelle.dz\/#website"},"primaryImageOfPage":{"@id":"https:\/\/lasentinelle.dz\/index.php\/2025\/10\/29\/yacine-el-mahdi-oualid-on-ne-peut-plus-compter-sur-les-seuls-prets-des-banques-publiques\/#primaryimage"},"image":{"@id":"https:\/\/lasentinelle.dz\/index.php\/2025\/10\/29\/yacine-el-mahdi-oualid-on-ne-peut-plus-compter-sur-les-seuls-prets-des-banques-publiques\/#primaryimage"},"thumbnailUrl":"https:\/\/lasentinelle.dz\/wp-content\/uploads\/2025\/10\/oualid-1.jpg","datePublished":"2025-10-29T18:58:43+00:00","dateModified":"2025-10-29T18:58:44+00:00","breadcrumb":{"@id":"https:\/\/lasentinelle.dz\/index.php\/2025\/10\/29\/yacine-el-mahdi-oualid-on-ne-peut-plus-compter-sur-les-seuls-prets-des-banques-publiques\/#breadcrumb"},"inLanguage":"fr-FR","potentialAction":[{"@type":"ReadAction","target":["https:\/\/lasentinelle.dz\/index.php\/2025\/10\/29\/yacine-el-mahdi-oualid-on-ne-peut-plus-compter-sur-les-seuls-prets-des-banques-publiques\/"]}]},{"@type":"ImageObject","inLanguage":"fr-FR","@id":"https:\/\/lasentinelle.dz\/index.php\/2025\/10\/29\/yacine-el-mahdi-oualid-on-ne-peut-plus-compter-sur-les-seuls-prets-des-banques-publiques\/#primaryimage","url":"https:\/\/lasentinelle.dz\/wp-content\/uploads\/2025\/10\/oualid-1.jpg","contentUrl":"https:\/\/lasentinelle.dz\/wp-content\/uploads\/2025\/10\/oualid-1.jpg","width":1280,"height":853},{"@type":"BreadcrumbList","@id":"https:\/\/lasentinelle.dz\/index.php\/2025\/10\/29\/yacine-el-mahdi-oualid-on-ne-peut-plus-compter-sur-les-seuls-prets-des-banques-publiques\/#breadcrumb","itemListElement":[{"@type":"ListItem","position":1,"name":"Accueil","item":"https:\/\/lasentinelle.dz\/"},{"@type":"ListItem","position":2,"name":"Yacine El-Mahdi Oualid \u00a0:\u201cOn ne peut plus compter sur les seuls pr\u00eats des banques publiques\u201d"}]},{"@type":"WebSite","@id":"https:\/\/lasentinelle.dz\/#website","url":"https:\/\/lasentinelle.dz\/","name":"La Sentinelle","description":"Quotidien national d&#039;information","publisher":{"@id":"https:\/\/lasentinelle.dz\/#organization"},"potentialAction":[{"@type":"SearchAction","target":{"@type":"EntryPoint","urlTemplate":"https:\/\/lasentinelle.dz\/?s={search_term_string}"},"query-input":{"@type":"PropertyValueSpecification","valueRequired":true,"valueName":"search_term_string"}}],"inLanguage":"fr-FR"},{"@type":"Organization","@id":"https:\/\/lasentinelle.dz\/#organization","name":"Quotidien La Sentinelle","url":"https:\/\/lasentinelle.dz\/","logo":{"@type":"ImageObject","inLanguage":"fr-FR","@id":"https:\/\/lasentinelle.dz\/#\/schema\/logo\/image\/","url":"https:\/\/lasentinelle.dz\/wp-content\/uploads\/2021\/09\/logo-sentinelleSLOGAN-1.png","contentUrl":"https:\/\/lasentinelle.dz\/wp-content\/uploads\/2021\/09\/logo-sentinelleSLOGAN-1.png","width":615,"height":142,"caption":"Quotidien La Sentinelle"},"image":{"@id":"https:\/\/lasentinelle.dz\/#\/schema\/logo\/image\/"},"sameAs":["https:\/\/www.facebook.com\/La-Sentinelle-104059864394773"]},{"@type":"Person","@id":"https:\/\/lasentinelle.dz\/#\/schema\/person\/729ee0024f24e0b8c5ec17232f8e8b41","name":"admin","image":{"@type":"ImageObject","inLanguage":"fr-FR","@id":"https:\/\/secure.gravatar.com\/avatar\/4c81fed838786e9b53f540bf46533e750f5d292099ae3b66cfc6fb1982e29df7?s=96&d=mm&r=g","url":"https:\/\/secure.gravatar.com\/avatar\/4c81fed838786e9b53f540bf46533e750f5d292099ae3b66cfc6fb1982e29df7?s=96&d=mm&r=g","contentUrl":"https:\/\/secure.gravatar.com\/avatar\/4c81fed838786e9b53f540bf46533e750f5d292099ae3b66cfc6fb1982e29df7?s=96&d=mm&r=g","caption":"admin"},"description":"admin","url":"https:\/\/lasentinelle.dz\/author\/admin\/"}]}},"_links":{"self":[{"href":"https:\/\/lasentinelle.dz\/index.php\/wp-json\/wp\/v2\/posts\/75545","targetHints":{"allow":["GET"]}}],"collection":[{"href":"https:\/\/lasentinelle.dz\/index.php\/wp-json\/wp\/v2\/posts"}],"about":[{"href":"https:\/\/lasentinelle.dz\/index.php\/wp-json\/wp\/v2\/types\/post"}],"author":[{"embeddable":true,"href":"https:\/\/lasentinelle.dz\/index.php\/wp-json\/wp\/v2\/users\/6"}],"replies":[{"embeddable":true,"href":"https:\/\/lasentinelle.dz\/index.php\/wp-json\/wp\/v2\/comments?post=75545"}],"version-history":[{"count":1,"href":"https:\/\/lasentinelle.dz\/index.php\/wp-json\/wp\/v2\/posts\/75545\/revisions"}],"predecessor-version":[{"id":75546,"href":"https:\/\/lasentinelle.dz\/index.php\/wp-json\/wp\/v2\/posts\/75545\/revisions\/75546"}],"wp:featuredmedia":[{"embeddable":true,"href":"https:\/\/lasentinelle.dz\/index.php\/wp-json\/wp\/v2\/media\/75424"}],"wp:attachment":[{"href":"https:\/\/lasentinelle.dz\/index.php\/wp-json\/wp\/v2\/media?parent=75545"}],"wp:term":[{"taxonomy":"category","embeddable":true,"href":"https:\/\/lasentinelle.dz\/index.php\/wp-json\/wp\/v2\/categories?post=75545"},{"taxonomy":"post_tag","embeddable":true,"href":"https:\/\/lasentinelle.dz\/index.php\/wp-json\/wp\/v2\/tags?post=75545"}],"curies":[{"name":"wp","href":"https:\/\/api.w.org\/{rel}","templated":true}]}}