{"id":75550,"date":"2025-10-29T20:02:44","date_gmt":"2025-10-29T19:02:44","guid":{"rendered":"https:\/\/lasentinelle.dz\/?p=75550"},"modified":"2025-10-29T20:02:45","modified_gmt":"2025-10-29T19:02:45","slug":"recouvrement-de-la-souverainete-nationale-sur-la-radio-et-la-television-un-tournant-decisif-vers-lindependance-mediatique","status":"publish","type":"post","link":"https:\/\/lasentinelle.dz\/index.php\/2025\/10\/29\/recouvrement-de-la-souverainete-nationale-sur-la-radio-et-la-television-un-tournant-decisif-vers-lindependance-mediatique\/","title":{"rendered":"Recouvrement de la souverainet\u00e9 nationale sur la Radio et la T\u00e9l\u00e9vision\u00a0: Un tournant d\u00e9cisif vers l\u2019ind\u00e9pendance m\u00e9diatique"},"content":{"rendered":"\n<p>Soixante-trois ans apr\u00e8s l\u2019ind\u00e9pendance politique de l\u2019Alg\u00e9rie, le pays c\u00e9l\u00e8bre un autre jalon de son histoire : le recouvrement de sa souverainet\u00e9 sur la Radio et la T\u00e9l\u00e9vision nationales. Un \u00e9v\u00e9nement que le ministre de la Communication, Zoheir Bouamama, qualifie de \u00ab tournant d\u00e9cisif vers l\u2019ind\u00e9pendance m\u00e9diatique \u00bb, marquant, selon lui, l\u2019ach\u00e8vement du long chemin vers une souverainet\u00e9 pleinement assum\u00e9e. S\u2019exprimant lors d\u2019une rencontre organis\u00e9e mardi soir par la T\u00e9l\u00e9vision alg\u00e9rienne \u00e0 l\u2019occasion de la comm\u00e9moration de cet anniversaire, M. Bouamama a rappel\u00e9 la port\u00e9e symbolique et historique de cette date. \u00ab La g\u00e9n\u00e9ration de l\u2019ind\u00e9pendance se recueille, aujourd\u2019hui, en cette halte qui marque le tournant d\u00e9cisif vers l\u2019ind\u00e9pendance m\u00e9diatique, en parach\u00e8vement de l\u2019ind\u00e9pendance politique \u00bb, a-t-il d\u00e9clar\u00e9, rendant hommage \u00ab \u00e0 la m\u00e9moire des Chouhada de notre glorieuse R\u00e9volution et \u00e0 la g\u00e9n\u00e9ration de journalistes qui avaient la patrie chevill\u00e9e au corps et ont consacr\u00e9 leur vie au service de leur pays et de son peuple combattant \u00bb. Le ministre a rappel\u00e9 que, d\u00e8s 1962, une poign\u00e9e de journalistes et techniciens alg\u00e9riens avait relev\u00e9 un d\u00e9fi immense : reprendre les commandes de la Radio et de la T\u00e9l\u00e9vision, laiss\u00e9es vacantes apr\u00e8s le d\u00e9part du personnel fran\u00e7ais. \u00ab En ce jour de l\u2019ann\u00e9e 1962, a-t-il soulign\u00e9, une poign\u00e9e d\u2019entre eux ont d\u00e9cid\u00e9 de relever le d\u00e9fi face au colonisateur pour prendre en mains ces deux institutions, malgr\u00e9 une exp\u00e9rience modeste et le manque de ressources humaines qualifi\u00e9es. Ils ont brillamment d\u00e9montr\u00e9 leurs comp\u00e9tences apr\u00e8s le d\u00e9part des journalistes et techniciens fran\u00e7ais. \u00bb \u00c0 l\u2019\u00e9poque, a-t-il rappel\u00e9, \u00ab les Fran\u00e7ais avaient pari\u00e9 qu\u2019il \u00e9tait impossible pour le secteur audiovisuel de se passer de leurs services \u00bb. Mais, ajoute-t-il, \u00ab les journalistes et techniciens alg\u00e9riens, forts de leur patriotisme et arm\u00e9s d\u2019une ferme volont\u00e9, ont r\u00e9ussi \u00e0 braver les difficult\u00e9s et les obstacles, en assurant la continuit\u00e9 de la diffusion afin que la voix de l\u2019Alg\u00e9rie ind\u00e9pendante soit entendue \u00e0 l\u2019int\u00e9rieur et \u00e0 l\u2019ext\u00e9rieur \u00bb. Pour M. Bouamama, cette victoire symbolique a jet\u00e9 les bases d\u2019un m\u00e9dia national lib\u00e9r\u00e9 des tutelles et ancr\u00e9 dans ses valeurs. \u00ab Le recouvrement de la souverainet\u00e9 sur ces institutions n\u2019est pas seulement un acte administratif, c\u2019est l\u2019expression d\u2019une ind\u00e9pendance de pens\u00e9e, d\u2019un esprit de service public au b\u00e9n\u00e9fice du peuple alg\u00e9rien \u00bb, a-t-il affirm\u00e9, appelant les nouvelles g\u00e9n\u00e9rations de journalistes \u00ab \u00e0 poursuivre l\u2019\u0153uvre de leurs a\u00een\u00e9s avec le m\u00eame engagement et la m\u00eame loyaut\u00e9 envers la patrie \u00bb. Le ministre a \u00e9galement salu\u00e9 \u00ab la noble attention du pr\u00e9sident de la R\u00e9publique, M. Abdelmadjid Tebboune \u00bb, qui a ordonn\u00e9 que le nouveau Centre d\u2019information et de production de programmes de la T\u00e9l\u00e9vision alg\u00e9rienne porte le nom du grand journaliste feu Ahmed Wahid. Ce geste, a-t-il ajout\u00e9, consacre \u00ab la culture de la reconnaissance envers les figures \u00e9minentes des m\u00e9dias nationaux \u00bb, et inscrit la m\u00e9moire du service public dans la continuit\u00e9 du combat pour une Alg\u00e9rie souveraine, libre et ma\u00eetre de sa parole. Ainsi, en c\u00e9l\u00e9brant cette date, c\u2019est toute une g\u00e9n\u00e9ration de pionniers qui se voit honor\u00e9e, celle qui, dans un contexte difficile, a su faire r\u00e9sonner la voix d\u2019une Alg\u00e9rie nouvelle sur les ondes et les \u00e9crans. Un demi-si\u00e8cle plus tard, leur h\u00e9ritage demeure le socle d\u2019une ambition : celle d\u2019une ind\u00e9pendance m\u00e9diatique \u00e0 la mesure de l\u2019ind\u00e9pendance politique conquise en 1962.<\/p>\n\n\n\n<p><em>Chokri Hafed<\/em><\/p>\n","protected":false},"excerpt":{"rendered":"<p>Soixante-trois ans apr\u00e8s l\u2019ind\u00e9pendance politique de l\u2019Alg\u00e9rie, le pays c\u00e9l\u00e8bre un autre jalon de son histoire : le recouvrement de<\/p>\n","protected":false},"author":6,"featured_media":75551,"comment_status":"open","ping_status":"closed","sticky":false,"template":"","format":"standard","meta":{"colormag_page_container_layout":"default_layout","colormag_page_sidebar_layout":"default_layout","om_disable_all_campaigns":false,"_monsterinsights_skip_tracking":false,"_monsterinsights_sitenote_active":false,"_monsterinsights_sitenote_note":"","_monsterinsights_sitenote_category":0,"footnotes":"","_wpscppro_dont_share_socialmedia":false,"_wpscppro_custom_social_share_image":0,"_facebook_share_type":"default","_twitter_share_type":"default","_linkedin_share_type":"default","_pinterest_share_type":"default","_linkedin_share_type_page":"","_instagram_share_type":"default","_medium_share_type":"default","_threads_share_type":"default","_google_business_share_type":"default","_selected_social_profile":[],"_wpsp_enable_custom_social_template":false,"_wpsp_social_scheduling":{"enabled":false,"datetime":null,"platforms":[],"status":"template_only","dateOption":"today","timeOption":"now","customDays":"","customHours":"","customDate":"","customTime":"","schedulingType":"absolute"},"_wpsp_active_default_template":true},"categories":[27],"tags":[],"class_list":["post-75550","post","type-post","status-publish","format-standard","has-post-thumbnail","hentry","category-actualite"],"aioseo_notices":[],"yoast_head":"<!-- This site is optimized with the Yoast SEO plugin v27.5 - https:\/\/yoast.com\/product\/yoast-seo-wordpress\/ -->\n<title>Recouvrement de la souverainet\u00e9 nationale sur la Radio et la T\u00e9l\u00e9vision\u00a0: Un tournant d\u00e9cisif vers l\u2019ind\u00e9pendance m\u00e9diatique - La Sentinelle<\/title>\n<meta name=\"robots\" content=\"index, follow, max-snippet:-1, max-image-preview:large, max-video-preview:-1\" \/>\n<link rel=\"canonical\" href=\"https:\/\/lasentinelle.dz\/index.php\/2025\/10\/29\/recouvrement-de-la-souverainete-nationale-sur-la-radio-et-la-television-un-tournant-decisif-vers-lindependance-mediatique\/\" \/>\n<meta property=\"og:locale\" content=\"fr_FR\" \/>\n<meta property=\"og:type\" content=\"article\" \/>\n<meta property=\"og:title\" content=\"Recouvrement de la souverainet\u00e9 nationale sur la Radio et la T\u00e9l\u00e9vision\u00a0: Un tournant d\u00e9cisif vers l\u2019ind\u00e9pendance m\u00e9diatique - La Sentinelle\" \/>\n<meta property=\"og:description\" content=\"Soixante-trois ans apr\u00e8s l\u2019ind\u00e9pendance politique de l\u2019Alg\u00e9rie, le pays c\u00e9l\u00e8bre un autre jalon de son histoire : le recouvrement de\" \/>\n<meta property=\"og:url\" content=\"https:\/\/lasentinelle.dz\/index.php\/2025\/10\/29\/recouvrement-de-la-souverainete-nationale-sur-la-radio-et-la-television-un-tournant-decisif-vers-lindependance-mediatique\/\" \/>\n<meta property=\"og:site_name\" content=\"La Sentinelle\" \/>\n<meta property=\"article:publisher\" content=\"https:\/\/www.facebook.com\/La-Sentinelle-104059864394773\" \/>\n<meta property=\"article:published_time\" content=\"2025-10-29T19:02:44+00:00\" \/>\n<meta property=\"article:modified_time\" content=\"2025-10-29T19:02:45+00:00\" \/>\n<meta property=\"og:image\" content=\"https:\/\/lasentinelle.dz\/wp-content\/uploads\/2025\/10\/bouamama.jpg\" \/>\n\t<meta property=\"og:image:width\" content=\"1080\" \/>\n\t<meta property=\"og:image:height\" content=\"720\" \/>\n\t<meta property=\"og:image:type\" content=\"image\/jpeg\" \/>\n<meta name=\"author\" content=\"admin\" \/>\n<meta name=\"twitter:card\" content=\"summary_large_image\" \/>\n<meta name=\"twitter:label1\" content=\"\u00c9crit par\" \/>\n\t<meta name=\"twitter:data1\" content=\"admin\" \/>\n\t<meta name=\"twitter:label2\" content=\"Dur\u00e9e de lecture estim\u00e9e\" \/>\n\t<meta name=\"twitter:data2\" content=\"3 minutes\" \/>\n<script type=\"application\/ld+json\" class=\"yoast-schema-graph\">{\"@context\":\"https:\\\/\\\/schema.org\",\"@graph\":[{\"@type\":\"Article\",\"@id\":\"https:\\\/\\\/lasentinelle.dz\\\/index.php\\\/2025\\\/10\\\/29\\\/recouvrement-de-la-souverainete-nationale-sur-la-radio-et-la-television-un-tournant-decisif-vers-lindependance-mediatique\\\/#article\",\"isPartOf\":{\"@id\":\"https:\\\/\\\/lasentinelle.dz\\\/index.php\\\/2025\\\/10\\\/29\\\/recouvrement-de-la-souverainete-nationale-sur-la-radio-et-la-television-un-tournant-decisif-vers-lindependance-mediatique\\\/\"},\"author\":{\"name\":\"admin\",\"@id\":\"https:\\\/\\\/lasentinelle.dz\\\/#\\\/schema\\\/person\\\/729ee0024f24e0b8c5ec17232f8e8b41\"},\"headline\":\"Recouvrement de la souverainet\u00e9 nationale sur la Radio et la T\u00e9l\u00e9vision\u00a0: Un tournant d\u00e9cisif vers l\u2019ind\u00e9pendance m\u00e9diatique\",\"datePublished\":\"2025-10-29T19:02:44+00:00\",\"dateModified\":\"2025-10-29T19:02:45+00:00\",\"mainEntityOfPage\":{\"@id\":\"https:\\\/\\\/lasentinelle.dz\\\/index.php\\\/2025\\\/10\\\/29\\\/recouvrement-de-la-souverainete-nationale-sur-la-radio-et-la-television-un-tournant-decisif-vers-lindependance-mediatique\\\/\"},\"wordCount\":668,\"commentCount\":0,\"publisher\":{\"@id\":\"https:\\\/\\\/lasentinelle.dz\\\/#organization\"},\"image\":{\"@id\":\"https:\\\/\\\/lasentinelle.dz\\\/index.php\\\/2025\\\/10\\\/29\\\/recouvrement-de-la-souverainete-nationale-sur-la-radio-et-la-television-un-tournant-decisif-vers-lindependance-mediatique\\\/#primaryimage\"},\"thumbnailUrl\":\"https:\\\/\\\/lasentinelle.dz\\\/wp-content\\\/uploads\\\/2025\\\/10\\\/bouamama.jpg\",\"articleSection\":[\"Actualit\u00e9\"],\"inLanguage\":\"fr-FR\",\"potentialAction\":[{\"@type\":\"CommentAction\",\"name\":\"Comment\",\"target\":[\"https:\\\/\\\/lasentinelle.dz\\\/index.php\\\/2025\\\/10\\\/29\\\/recouvrement-de-la-souverainete-nationale-sur-la-radio-et-la-television-un-tournant-decisif-vers-lindependance-mediatique\\\/#respond\"]}]},{\"@type\":\"WebPage\",\"@id\":\"https:\\\/\\\/lasentinelle.dz\\\/index.php\\\/2025\\\/10\\\/29\\\/recouvrement-de-la-souverainete-nationale-sur-la-radio-et-la-television-un-tournant-decisif-vers-lindependance-mediatique\\\/\",\"url\":\"https:\\\/\\\/lasentinelle.dz\\\/index.php\\\/2025\\\/10\\\/29\\\/recouvrement-de-la-souverainete-nationale-sur-la-radio-et-la-television-un-tournant-decisif-vers-lindependance-mediatique\\\/\",\"name\":\"Recouvrement de la souverainet\u00e9 nationale sur la Radio et la T\u00e9l\u00e9vision\u00a0: Un tournant d\u00e9cisif vers l\u2019ind\u00e9pendance m\u00e9diatique - La Sentinelle\",\"isPartOf\":{\"@id\":\"https:\\\/\\\/lasentinelle.dz\\\/#website\"},\"primaryImageOfPage\":{\"@id\":\"https:\\\/\\\/lasentinelle.dz\\\/index.php\\\/2025\\\/10\\\/29\\\/recouvrement-de-la-souverainete-nationale-sur-la-radio-et-la-television-un-tournant-decisif-vers-lindependance-mediatique\\\/#primaryimage\"},\"image\":{\"@id\":\"https:\\\/\\\/lasentinelle.dz\\\/index.php\\\/2025\\\/10\\\/29\\\/recouvrement-de-la-souverainete-nationale-sur-la-radio-et-la-television-un-tournant-decisif-vers-lindependance-mediatique\\\/#primaryimage\"},\"thumbnailUrl\":\"https:\\\/\\\/lasentinelle.dz\\\/wp-content\\\/uploads\\\/2025\\\/10\\\/bouamama.jpg\",\"datePublished\":\"2025-10-29T19:02:44+00:00\",\"dateModified\":\"2025-10-29T19:02:45+00:00\",\"breadcrumb\":{\"@id\":\"https:\\\/\\\/lasentinelle.dz\\\/index.php\\\/2025\\\/10\\\/29\\\/recouvrement-de-la-souverainete-nationale-sur-la-radio-et-la-television-un-tournant-decisif-vers-lindependance-mediatique\\\/#breadcrumb\"},\"inLanguage\":\"fr-FR\",\"potentialAction\":[{\"@type\":\"ReadAction\",\"target\":[\"https:\\\/\\\/lasentinelle.dz\\\/index.php\\\/2025\\\/10\\\/29\\\/recouvrement-de-la-souverainete-nationale-sur-la-radio-et-la-television-un-tournant-decisif-vers-lindependance-mediatique\\\/\"]}]},{\"@type\":\"ImageObject\",\"inLanguage\":\"fr-FR\",\"@id\":\"https:\\\/\\\/lasentinelle.dz\\\/index.php\\\/2025\\\/10\\\/29\\\/recouvrement-de-la-souverainete-nationale-sur-la-radio-et-la-television-un-tournant-decisif-vers-lindependance-mediatique\\\/#primaryimage\",\"url\":\"https:\\\/\\\/lasentinelle.dz\\\/wp-content\\\/uploads\\\/2025\\\/10\\\/bouamama.jpg\",\"contentUrl\":\"https:\\\/\\\/lasentinelle.dz\\\/wp-content\\\/uploads\\\/2025\\\/10\\\/bouamama.jpg\",\"width\":1080,\"height\":720},{\"@type\":\"BreadcrumbList\",\"@id\":\"https:\\\/\\\/lasentinelle.dz\\\/index.php\\\/2025\\\/10\\\/29\\\/recouvrement-de-la-souverainete-nationale-sur-la-radio-et-la-television-un-tournant-decisif-vers-lindependance-mediatique\\\/#breadcrumb\",\"itemListElement\":[{\"@type\":\"ListItem\",\"position\":1,\"name\":\"Accueil\",\"item\":\"https:\\\/\\\/lasentinelle.dz\\\/\"},{\"@type\":\"ListItem\",\"position\":2,\"name\":\"Recouvrement de la souverainet\u00e9 nationale sur la Radio et la T\u00e9l\u00e9vision\u00a0: Un tournant d\u00e9cisif vers l\u2019ind\u00e9pendance m\u00e9diatique\"}]},{\"@type\":\"WebSite\",\"@id\":\"https:\\\/\\\/lasentinelle.dz\\\/#website\",\"url\":\"https:\\\/\\\/lasentinelle.dz\\\/\",\"name\":\"La Sentinelle\",\"description\":\"Quotidien national d&#039;information\",\"publisher\":{\"@id\":\"https:\\\/\\\/lasentinelle.dz\\\/#organization\"},\"potentialAction\":[{\"@type\":\"SearchAction\",\"target\":{\"@type\":\"EntryPoint\",\"urlTemplate\":\"https:\\\/\\\/lasentinelle.dz\\\/?s={search_term_string}\"},\"query-input\":{\"@type\":\"PropertyValueSpecification\",\"valueRequired\":true,\"valueName\":\"search_term_string\"}}],\"inLanguage\":\"fr-FR\"},{\"@type\":\"Organization\",\"@id\":\"https:\\\/\\\/lasentinelle.dz\\\/#organization\",\"name\":\"Quotidien La Sentinelle\",\"url\":\"https:\\\/\\\/lasentinelle.dz\\\/\",\"logo\":{\"@type\":\"ImageObject\",\"inLanguage\":\"fr-FR\",\"@id\":\"https:\\\/\\\/lasentinelle.dz\\\/#\\\/schema\\\/logo\\\/image\\\/\",\"url\":\"https:\\\/\\\/lasentinelle.dz\\\/wp-content\\\/uploads\\\/2021\\\/09\\\/logo-sentinelleSLOGAN-1.png\",\"contentUrl\":\"https:\\\/\\\/lasentinelle.dz\\\/wp-content\\\/uploads\\\/2021\\\/09\\\/logo-sentinelleSLOGAN-1.png\",\"width\":615,\"height\":142,\"caption\":\"Quotidien La Sentinelle\"},\"image\":{\"@id\":\"https:\\\/\\\/lasentinelle.dz\\\/#\\\/schema\\\/logo\\\/image\\\/\"},\"sameAs\":[\"https:\\\/\\\/www.facebook.com\\\/La-Sentinelle-104059864394773\"]},{\"@type\":\"Person\",\"@id\":\"https:\\\/\\\/lasentinelle.dz\\\/#\\\/schema\\\/person\\\/729ee0024f24e0b8c5ec17232f8e8b41\",\"name\":\"admin\",\"image\":{\"@type\":\"ImageObject\",\"inLanguage\":\"fr-FR\",\"@id\":\"https:\\\/\\\/secure.gravatar.com\\\/avatar\\\/4c81fed838786e9b53f540bf46533e750f5d292099ae3b66cfc6fb1982e29df7?s=96&d=mm&r=g\",\"url\":\"https:\\\/\\\/secure.gravatar.com\\\/avatar\\\/4c81fed838786e9b53f540bf46533e750f5d292099ae3b66cfc6fb1982e29df7?s=96&d=mm&r=g\",\"contentUrl\":\"https:\\\/\\\/secure.gravatar.com\\\/avatar\\\/4c81fed838786e9b53f540bf46533e750f5d292099ae3b66cfc6fb1982e29df7?s=96&d=mm&r=g\",\"caption\":\"admin\"},\"description\":\"admin\",\"url\":\"https:\\\/\\\/lasentinelle.dz\\\/author\\\/admin\\\/\"}]}<\/script>\n<!-- \/ Yoast SEO plugin. -->","yoast_head_json":{"title":"Recouvrement de la souverainet\u00e9 nationale sur la Radio et la T\u00e9l\u00e9vision\u00a0: Un tournant d\u00e9cisif vers l\u2019ind\u00e9pendance m\u00e9diatique - La Sentinelle","robots":{"index":"index","follow":"follow","max-snippet":"max-snippet:-1","max-image-preview":"max-image-preview:large","max-video-preview":"max-video-preview:-1"},"canonical":"https:\/\/lasentinelle.dz\/index.php\/2025\/10\/29\/recouvrement-de-la-souverainete-nationale-sur-la-radio-et-la-television-un-tournant-decisif-vers-lindependance-mediatique\/","og_locale":"fr_FR","og_type":"article","og_title":"Recouvrement de la souverainet\u00e9 nationale sur la Radio et la T\u00e9l\u00e9vision\u00a0: Un tournant d\u00e9cisif vers l\u2019ind\u00e9pendance m\u00e9diatique - La Sentinelle","og_description":"Soixante-trois ans apr\u00e8s l\u2019ind\u00e9pendance politique de l\u2019Alg\u00e9rie, le pays c\u00e9l\u00e8bre un autre jalon de son histoire : le recouvrement de","og_url":"https:\/\/lasentinelle.dz\/index.php\/2025\/10\/29\/recouvrement-de-la-souverainete-nationale-sur-la-radio-et-la-television-un-tournant-decisif-vers-lindependance-mediatique\/","og_site_name":"La Sentinelle","article_publisher":"https:\/\/www.facebook.com\/La-Sentinelle-104059864394773","article_published_time":"2025-10-29T19:02:44+00:00","article_modified_time":"2025-10-29T19:02:45+00:00","og_image":[{"width":1080,"height":720,"url":"https:\/\/lasentinelle.dz\/wp-content\/uploads\/2025\/10\/bouamama.jpg","type":"image\/jpeg"}],"author":"admin","twitter_card":"summary_large_image","twitter_misc":{"\u00c9crit par":"admin","Dur\u00e9e de lecture estim\u00e9e":"3 minutes"},"schema":{"@context":"https:\/\/schema.org","@graph":[{"@type":"Article","@id":"https:\/\/lasentinelle.dz\/index.php\/2025\/10\/29\/recouvrement-de-la-souverainete-nationale-sur-la-radio-et-la-television-un-tournant-decisif-vers-lindependance-mediatique\/#article","isPartOf":{"@id":"https:\/\/lasentinelle.dz\/index.php\/2025\/10\/29\/recouvrement-de-la-souverainete-nationale-sur-la-radio-et-la-television-un-tournant-decisif-vers-lindependance-mediatique\/"},"author":{"name":"admin","@id":"https:\/\/lasentinelle.dz\/#\/schema\/person\/729ee0024f24e0b8c5ec17232f8e8b41"},"headline":"Recouvrement de la souverainet\u00e9 nationale sur la Radio et la T\u00e9l\u00e9vision\u00a0: Un tournant d\u00e9cisif vers l\u2019ind\u00e9pendance m\u00e9diatique","datePublished":"2025-10-29T19:02:44+00:00","dateModified":"2025-10-29T19:02:45+00:00","mainEntityOfPage":{"@id":"https:\/\/lasentinelle.dz\/index.php\/2025\/10\/29\/recouvrement-de-la-souverainete-nationale-sur-la-radio-et-la-television-un-tournant-decisif-vers-lindependance-mediatique\/"},"wordCount":668,"commentCount":0,"publisher":{"@id":"https:\/\/lasentinelle.dz\/#organization"},"image":{"@id":"https:\/\/lasentinelle.dz\/index.php\/2025\/10\/29\/recouvrement-de-la-souverainete-nationale-sur-la-radio-et-la-television-un-tournant-decisif-vers-lindependance-mediatique\/#primaryimage"},"thumbnailUrl":"https:\/\/lasentinelle.dz\/wp-content\/uploads\/2025\/10\/bouamama.jpg","articleSection":["Actualit\u00e9"],"inLanguage":"fr-FR","potentialAction":[{"@type":"CommentAction","name":"Comment","target":["https:\/\/lasentinelle.dz\/index.php\/2025\/10\/29\/recouvrement-de-la-souverainete-nationale-sur-la-radio-et-la-television-un-tournant-decisif-vers-lindependance-mediatique\/#respond"]}]},{"@type":"WebPage","@id":"https:\/\/lasentinelle.dz\/index.php\/2025\/10\/29\/recouvrement-de-la-souverainete-nationale-sur-la-radio-et-la-television-un-tournant-decisif-vers-lindependance-mediatique\/","url":"https:\/\/lasentinelle.dz\/index.php\/2025\/10\/29\/recouvrement-de-la-souverainete-nationale-sur-la-radio-et-la-television-un-tournant-decisif-vers-lindependance-mediatique\/","name":"Recouvrement de la souverainet\u00e9 nationale sur la Radio et la T\u00e9l\u00e9vision\u00a0: Un tournant d\u00e9cisif vers l\u2019ind\u00e9pendance m\u00e9diatique - La Sentinelle","isPartOf":{"@id":"https:\/\/lasentinelle.dz\/#website"},"primaryImageOfPage":{"@id":"https:\/\/lasentinelle.dz\/index.php\/2025\/10\/29\/recouvrement-de-la-souverainete-nationale-sur-la-radio-et-la-television-un-tournant-decisif-vers-lindependance-mediatique\/#primaryimage"},"image":{"@id":"https:\/\/lasentinelle.dz\/index.php\/2025\/10\/29\/recouvrement-de-la-souverainete-nationale-sur-la-radio-et-la-television-un-tournant-decisif-vers-lindependance-mediatique\/#primaryimage"},"thumbnailUrl":"https:\/\/lasentinelle.dz\/wp-content\/uploads\/2025\/10\/bouamama.jpg","datePublished":"2025-10-29T19:02:44+00:00","dateModified":"2025-10-29T19:02:45+00:00","breadcrumb":{"@id":"https:\/\/lasentinelle.dz\/index.php\/2025\/10\/29\/recouvrement-de-la-souverainete-nationale-sur-la-radio-et-la-television-un-tournant-decisif-vers-lindependance-mediatique\/#breadcrumb"},"inLanguage":"fr-FR","potentialAction":[{"@type":"ReadAction","target":["https:\/\/lasentinelle.dz\/index.php\/2025\/10\/29\/recouvrement-de-la-souverainete-nationale-sur-la-radio-et-la-television-un-tournant-decisif-vers-lindependance-mediatique\/"]}]},{"@type":"ImageObject","inLanguage":"fr-FR","@id":"https:\/\/lasentinelle.dz\/index.php\/2025\/10\/29\/recouvrement-de-la-souverainete-nationale-sur-la-radio-et-la-television-un-tournant-decisif-vers-lindependance-mediatique\/#primaryimage","url":"https:\/\/lasentinelle.dz\/wp-content\/uploads\/2025\/10\/bouamama.jpg","contentUrl":"https:\/\/lasentinelle.dz\/wp-content\/uploads\/2025\/10\/bouamama.jpg","width":1080,"height":720},{"@type":"BreadcrumbList","@id":"https:\/\/lasentinelle.dz\/index.php\/2025\/10\/29\/recouvrement-de-la-souverainete-nationale-sur-la-radio-et-la-television-un-tournant-decisif-vers-lindependance-mediatique\/#breadcrumb","itemListElement":[{"@type":"ListItem","position":1,"name":"Accueil","item":"https:\/\/lasentinelle.dz\/"},{"@type":"ListItem","position":2,"name":"Recouvrement de la souverainet\u00e9 nationale sur la Radio et la T\u00e9l\u00e9vision\u00a0: Un tournant d\u00e9cisif vers l\u2019ind\u00e9pendance m\u00e9diatique"}]},{"@type":"WebSite","@id":"https:\/\/lasentinelle.dz\/#website","url":"https:\/\/lasentinelle.dz\/","name":"La Sentinelle","description":"Quotidien national d&#039;information","publisher":{"@id":"https:\/\/lasentinelle.dz\/#organization"},"potentialAction":[{"@type":"SearchAction","target":{"@type":"EntryPoint","urlTemplate":"https:\/\/lasentinelle.dz\/?s={search_term_string}"},"query-input":{"@type":"PropertyValueSpecification","valueRequired":true,"valueName":"search_term_string"}}],"inLanguage":"fr-FR"},{"@type":"Organization","@id":"https:\/\/lasentinelle.dz\/#organization","name":"Quotidien La Sentinelle","url":"https:\/\/lasentinelle.dz\/","logo":{"@type":"ImageObject","inLanguage":"fr-FR","@id":"https:\/\/lasentinelle.dz\/#\/schema\/logo\/image\/","url":"https:\/\/lasentinelle.dz\/wp-content\/uploads\/2021\/09\/logo-sentinelleSLOGAN-1.png","contentUrl":"https:\/\/lasentinelle.dz\/wp-content\/uploads\/2021\/09\/logo-sentinelleSLOGAN-1.png","width":615,"height":142,"caption":"Quotidien La Sentinelle"},"image":{"@id":"https:\/\/lasentinelle.dz\/#\/schema\/logo\/image\/"},"sameAs":["https:\/\/www.facebook.com\/La-Sentinelle-104059864394773"]},{"@type":"Person","@id":"https:\/\/lasentinelle.dz\/#\/schema\/person\/729ee0024f24e0b8c5ec17232f8e8b41","name":"admin","image":{"@type":"ImageObject","inLanguage":"fr-FR","@id":"https:\/\/secure.gravatar.com\/avatar\/4c81fed838786e9b53f540bf46533e750f5d292099ae3b66cfc6fb1982e29df7?s=96&d=mm&r=g","url":"https:\/\/secure.gravatar.com\/avatar\/4c81fed838786e9b53f540bf46533e750f5d292099ae3b66cfc6fb1982e29df7?s=96&d=mm&r=g","contentUrl":"https:\/\/secure.gravatar.com\/avatar\/4c81fed838786e9b53f540bf46533e750f5d292099ae3b66cfc6fb1982e29df7?s=96&d=mm&r=g","caption":"admin"},"description":"admin","url":"https:\/\/lasentinelle.dz\/author\/admin\/"}]}},"_links":{"self":[{"href":"https:\/\/lasentinelle.dz\/index.php\/wp-json\/wp\/v2\/posts\/75550","targetHints":{"allow":["GET"]}}],"collection":[{"href":"https:\/\/lasentinelle.dz\/index.php\/wp-json\/wp\/v2\/posts"}],"about":[{"href":"https:\/\/lasentinelle.dz\/index.php\/wp-json\/wp\/v2\/types\/post"}],"author":[{"embeddable":true,"href":"https:\/\/lasentinelle.dz\/index.php\/wp-json\/wp\/v2\/users\/6"}],"replies":[{"embeddable":true,"href":"https:\/\/lasentinelle.dz\/index.php\/wp-json\/wp\/v2\/comments?post=75550"}],"version-history":[{"count":1,"href":"https:\/\/lasentinelle.dz\/index.php\/wp-json\/wp\/v2\/posts\/75550\/revisions"}],"predecessor-version":[{"id":75552,"href":"https:\/\/lasentinelle.dz\/index.php\/wp-json\/wp\/v2\/posts\/75550\/revisions\/75552"}],"wp:featuredmedia":[{"embeddable":true,"href":"https:\/\/lasentinelle.dz\/index.php\/wp-json\/wp\/v2\/media\/75551"}],"wp:attachment":[{"href":"https:\/\/lasentinelle.dz\/index.php\/wp-json\/wp\/v2\/media?parent=75550"}],"wp:term":[{"taxonomy":"category","embeddable":true,"href":"https:\/\/lasentinelle.dz\/index.php\/wp-json\/wp\/v2\/categories?post=75550"},{"taxonomy":"post_tag","embeddable":true,"href":"https:\/\/lasentinelle.dz\/index.php\/wp-json\/wp\/v2\/tags?post=75550"}],"curies":[{"name":"wp","href":"https:\/\/api.w.org\/{rel}","templated":true}]}}