{"id":75601,"date":"2025-11-01T19:03:11","date_gmt":"2025-11-01T18:03:11","guid":{"rendered":"https:\/\/lasentinelle.dz\/?p=75601"},"modified":"2025-11-01T19:03:12","modified_gmt":"2025-11-01T18:03:12","slug":"reforme-du-football-algerien-walid-sadi-trace-une-nouvelle-feuille-de-route","status":"publish","type":"post","link":"https:\/\/lasentinelle.dz\/index.php\/2025\/11\/01\/reforme-du-football-algerien-walid-sadi-trace-une-nouvelle-feuille-de-route\/","title":{"rendered":"R\u00e9forme du football alg\u00e9rien\u00a0: Walid Sadi trace une nouvelle feuille de route"},"content":{"rendered":"\n<p>Le Bureau f\u00e9d\u00e9ral de la F\u00e9d\u00e9ration alg\u00e9rienne de football (FAF), r\u00e9uni jeudi au Centre technique national de Sidi Moussa sous la pr\u00e9sidence de Walid Sadi, a planch\u00e9 sur un vaste chantier de refonte du syst\u00e8me de comp\u00e9tition.<\/p>\n\n\n\n<p>Entre r\u00e9organisation structurelle, r\u00e9forme des jeunes, modernisation de l\u2019arbitrage et succ\u00e8s des s\u00e9lections nationales, la r\u00e9union marque une \u00e9tape charni\u00e8re pour le football alg\u00e9rien, que son pr\u00e9sident veut arrimer \u00e0 une vision \u00ab rigoureuse, stable et tourn\u00e9e vers l\u2019excellence \u00bb.<\/p>\n\n\n\n<p><strong>Un syst\u00e8me de comp\u00e9tition repens\u00e9<\/strong><\/p>\n\n\n\n<p>Le rapport pr\u00e9sent\u00e9 par la commission ad hoc sur l\u2019amendement du syst\u00e8me de comp\u00e9tition a constitu\u00e9 l\u2019un des points centraux de la session. Ce document, salu\u00e9 par le pr\u00e9sident Sadi, propose une approche \u00ab \u00e0 la fois \u00e9conomique et sportive \u00bb visant \u00e0 all\u00e9ger les charges des clubs tout en rendant la participation aux comp\u00e9titions plus fluide. Selon la proposition examin\u00e9e, le futur \u00e9chafaudage des championnats s\u2019articulerait autour de six niveaux : une Ligue 1 \u00e0 16 clubs, une Ligue 2 \u00e0 18, deux groupes de 18 en Ligue 3, suivis de divisions r\u00e9gionales, d\u2019honneur et pr\u00e9-honneur. Autre innovation notable : la cr\u00e9ation d\u2019une ligue r\u00e9gionale \u00e0 Tamanrasset, symbole d\u2019une meilleure r\u00e9partition territoriale du football national. Avant toute adoption, le texte sera soumis au Coll\u00e8ge technique national pour avis, puis discut\u00e9 avec l\u2019ensemble des acteurs concern\u00e9s. Une d\u00e9marche que Sadi veut participative : \u00ab Ce projet doit na\u00eetre d\u2019un consensus large, fruit d\u2019une concertation ouverte et d\u2019une vision collective pour le d\u00e9veloppement durable de notre football. \u00bb<\/p>\n\n\n\n<p><strong>Les acad\u00e9mies, c\u0153ur du projet de d\u00e9veloppement<\/strong><\/p>\n\n\n\n<p>Dans la m\u00eame logique, la FAF a rappel\u00e9 que la cr\u00e9ation d\u2019acad\u00e9mies de jeunes joueurs est d\u00e9sormais obligatoire pour tous les clubs de Ligue 1. Ces structures devront int\u00e9grer des cat\u00e9gories allant des U9 aux U14, avec une inscription possible jusqu\u2019au 31 mars 2026.<br>L\u2019objectif est clair : \u00e9largir la base de pratiquants, former une nouvelle g\u00e9n\u00e9ration de talents et garantir la rel\u00e8ve. \u00ab Nous devons investir dans la jeunesse et structurer nos acad\u00e9mies sur des bases solides, administratives et techniques, conform\u00e9ment aux standards de la Direction technique nationale \u00bb, a insist\u00e9 Walid Sadi, appelant les clubs \u00e0 \u00ab une adh\u00e9sion totale \u00e0 ce dispositif strat\u00e9gique \u00bb. Le non-respect de cette obligation pourra entra\u00eener des sanctions. La FAF entend ainsi replacer la formation au centre du projet national, consid\u00e9rant qu\u2019elle constitue \u00ab la pierre angulaire du futur du football alg\u00e9rien \u00bb.<\/p>\n\n\n\n<p><strong>La VAR, symbole d\u2019une modernisation en marche<\/strong><\/p>\n\n\n\n<p>La modernisation de l\u2019arbitrage a \u00e9galement \u00e9t\u00e9 salu\u00e9e, avec 39 matchs de Ligue 1 Mobilis d\u00e9j\u00e0 couverts par la VAR depuis le d\u00e9but de saison. L\u2019instance f\u00e9d\u00e9rale pr\u00e9voit d\u2019accro\u00eetre ce chiffre gr\u00e2ce \u00e0 de nouveaux partenariats audiovisuels.<br>Parall\u00e8lement, le Bureau f\u00e9d\u00e9ral poursuit sa politique de rajeunissement du corps arbitral, une orientation qui s\u2019inscrit dans \u00ab une strat\u00e9gie globale de modernisation et de d\u00e9veloppement du secteur de l\u2019arbitrage \u00bb, selon le communiqu\u00e9 f\u00e9d\u00e9ral.<\/p>\n\n\n\n<p><strong>Un retour triomphal sur la sc\u00e8ne mondiale<\/strong><\/p>\n\n\n\n<p>Mais la r\u00e9union a surtout \u00e9t\u00e9 marqu\u00e9e par un moment d\u2019\u00e9motion : le discours de Walid Sadi saluant la qualification historique de l\u2019\u00e9quipe nationale \u00e0 la Coupe du Monde 2026, apr\u00e8s plus d\u2019une d\u00e9cennie d\u2019absence. \u00ab Cette qualification n\u2019est pas le fruit du hasard, a d\u00e9clar\u00e9 le pr\u00e9sident de la FAF. Elle est le r\u00e9sultat d\u2019un travail collectif, d\u2019une vision strat\u00e9gique claire et d\u2019un engagement constant. \u00bbPour Sadi, cet exploit d\u00e9passe le cadre sportif : \u00ab Elle ravive la fiert\u00e9 nationale, renforce l\u2019unit\u00e9 du peuple alg\u00e9rien et redonne confiance \u00e0 toute une g\u00e9n\u00e9ration. \u00bb Le patron du football alg\u00e9rien a \u00e9galement tenu \u00e0 remercier les autorit\u00e9s publiques et notamment le pr\u00e9sident de la R\u00e9publique, Abdelmadjid Tebboune, pour son \u00ab soutien ind\u00e9fectible \u00bb et son \u00ab accompagnement constant \u00bb.<br>Il n\u2019a pas oubli\u00e9 les supporters : \u00ab Leur passion et leur fid\u00e9lit\u00e9 ont \u00e9t\u00e9 une source de force pour nos joueurs. Ce retour \u00e0 la Coupe du Monde ne doit pas \u00eatre un aboutissement, mais un nouveau d\u00e9part. \u00bb<\/p>\n\n\n\n<p>Autre motif de satisfaction : la qualification de l\u2019\u00e9quipe nationale f\u00e9minine pour la prochaine Coupe d\u2019Afrique des Nations 2026. Walid Sadi a salu\u00e9 \u00ab une belle performance qui honore le football f\u00e9minin alg\u00e9rien \u00bb et promis un accompagnement total pour la pr\u00e9paration de la comp\u00e9tition. Le Bureau f\u00e9d\u00e9ral a f\u00e9licit\u00e9 les joueuses et le staff technique, rappelant que cette r\u00e9ussite s\u2019inscrit dans la volont\u00e9 de la FAF de promouvoir l\u2019\u00e9galit\u00e9 et d\u2019encourager la pratique f\u00e9minine \u00e0 haut niveau.<\/p>\n\n\n\n<p><strong>Structurer, accompagner, professionnaliser<\/strong><\/p>\n\n\n\n<p>Enfin, le Bureau f\u00e9d\u00e9ral a fait le point sur les activit\u00e9s de la Ligue de Football Professionnel (LFP). Le championnat de Ligue 1 Mobilis, \u00e0 la neuvi\u00e8me journ\u00e9e, affiche une \u00ab nette am\u00e9lioration organisationnelle et sportive \u00bb, selon la FAF. Pour accompagner les clubs professionnels, un programme de structuration et de renforcement des comp\u00e9tences a \u00e9t\u00e9 lanc\u00e9. Il vise \u00e0 am\u00e9liorer la gouvernance, la gestion financi\u00e8re et la p\u00e9rennit\u00e9 du mod\u00e8le \u00e9conomique. Sadi a \u00e9galement rappel\u00e9 la n\u00e9cessit\u00e9 d\u2019int\u00e9grer davantage de jeunes joueurs n\u00e9s en 2005 au sein des \u00e9quipes seniors, d\u00e9non\u00e7ant un \u00ab taux d\u2019engagement encore trop faible \u00bb. Les clubs ont \u00e9t\u00e9 exhort\u00e9s \u00e0 respecter les r\u00e8glements et \u00e0 accorder \u00ab un temps de jeu effectif aux jeunes pour assurer la rel\u00e8ve \u00bb.<\/p>\n\n\n\n<p>En conclusion de cette session dense, Walid Sadi a r\u00e9affirm\u00e9 la philosophie qui guide son mandat : rigueur, stabilit\u00e9 et ambition. \u00ab Ce que nous vivons aujourd\u2019hui n\u2019est pas une fin, mais un commencement, a-t-il d\u00e9clar\u00e9. C\u2019est ensemble, dans la continuit\u00e9 et la coh\u00e9sion, que nous pourrons inscrire durablement le football alg\u00e9rien parmi les grandes nations sportives du monde. \u00bb<\/p>\n\n\n\n<p>Moncef Dahleb<\/p>\n","protected":false},"excerpt":{"rendered":"<p>Le Bureau f\u00e9d\u00e9ral de la F\u00e9d\u00e9ration alg\u00e9rienne de football (FAF), r\u00e9uni jeudi au Centre technique national de Sidi Moussa sous<\/p>\n","protected":false},"author":6,"featured_media":75602,"comment_status":"open","ping_status":"closed","sticky":false,"template":"","format":"standard","meta":{"colormag_page_container_layout":"default_layout","colormag_page_sidebar_layout":"default_layout","om_disable_all_campaigns":false,"_monsterinsights_skip_tracking":false,"_monsterinsights_sitenote_active":false,"_monsterinsights_sitenote_note":"","_monsterinsights_sitenote_category":0,"footnotes":"","_wpscppro_dont_share_socialmedia":false,"_wpscppro_custom_social_share_image":0,"_facebook_share_type":"default","_twitter_share_type":"default","_linkedin_share_type":"default","_pinterest_share_type":"default","_linkedin_share_type_page":"","_instagram_share_type":"default","_medium_share_type":"default","_threads_share_type":"default","_google_business_share_type":"default","_selected_social_profile":[],"_wpsp_enable_custom_social_template":false,"_wpsp_social_scheduling":{"enabled":false,"datetime":null,"platforms":[],"status":"template_only","dateOption":"today","timeOption":"now","customDays":"","customHours":"","customDate":"","customTime":"","schedulingType":"absolute"},"_wpsp_active_default_template":true},"categories":[52,33],"tags":[],"class_list":["post-75601","post","type-post","status-publish","format-standard","has-post-thumbnail","hentry","category-a-la-une","category-sports"],"aioseo_notices":[],"yoast_head":"<!-- This site is optimized with the Yoast SEO plugin v27.5 - https:\/\/yoast.com\/product\/yoast-seo-wordpress\/ -->\n<title>R\u00e9forme du football alg\u00e9rien\u00a0: Walid Sadi trace une nouvelle feuille de route - La Sentinelle<\/title>\n<meta name=\"robots\" content=\"index, follow, max-snippet:-1, max-image-preview:large, max-video-preview:-1\" \/>\n<link rel=\"canonical\" href=\"https:\/\/lasentinelle.dz\/index.php\/2025\/11\/01\/reforme-du-football-algerien-walid-sadi-trace-une-nouvelle-feuille-de-route\/\" \/>\n<meta property=\"og:locale\" content=\"fr_FR\" \/>\n<meta property=\"og:type\" content=\"article\" \/>\n<meta property=\"og:title\" content=\"R\u00e9forme du football alg\u00e9rien\u00a0: Walid Sadi trace une nouvelle feuille de route - La Sentinelle\" \/>\n<meta property=\"og:description\" content=\"Le Bureau f\u00e9d\u00e9ral de la F\u00e9d\u00e9ration alg\u00e9rienne de football (FAF), r\u00e9uni jeudi au Centre technique national de Sidi Moussa sous\" \/>\n<meta property=\"og:url\" content=\"https:\/\/lasentinelle.dz\/index.php\/2025\/11\/01\/reforme-du-football-algerien-walid-sadi-trace-une-nouvelle-feuille-de-route\/\" \/>\n<meta property=\"og:site_name\" content=\"La Sentinelle\" \/>\n<meta property=\"article:publisher\" content=\"https:\/\/www.facebook.com\/La-Sentinelle-104059864394773\" \/>\n<meta property=\"article:published_time\" content=\"2025-11-01T18:03:11+00:00\" \/>\n<meta property=\"article:modified_time\" content=\"2025-11-01T18:03:12+00:00\" \/>\n<meta property=\"og:image\" content=\"https:\/\/lasentinelle.dz\/wp-content\/uploads\/2025\/11\/BF.jpg\" \/>\n\t<meta property=\"og:image:width\" content=\"750\" \/>\n\t<meta property=\"og:image:height\" content=\"430\" \/>\n\t<meta property=\"og:image:type\" content=\"image\/jpeg\" \/>\n<meta name=\"author\" content=\"admin\" \/>\n<meta name=\"twitter:card\" content=\"summary_large_image\" \/>\n<meta name=\"twitter:label1\" content=\"\u00c9crit par\" \/>\n\t<meta name=\"twitter:data1\" content=\"admin\" \/>\n\t<meta name=\"twitter:label2\" content=\"Dur\u00e9e de lecture estim\u00e9e\" \/>\n\t<meta name=\"twitter:data2\" content=\"5 minutes\" \/>\n<script type=\"application\/ld+json\" class=\"yoast-schema-graph\">{\"@context\":\"https:\\\/\\\/schema.org\",\"@graph\":[{\"@type\":\"Article\",\"@id\":\"https:\\\/\\\/lasentinelle.dz\\\/index.php\\\/2025\\\/11\\\/01\\\/reforme-du-football-algerien-walid-sadi-trace-une-nouvelle-feuille-de-route\\\/#article\",\"isPartOf\":{\"@id\":\"https:\\\/\\\/lasentinelle.dz\\\/index.php\\\/2025\\\/11\\\/01\\\/reforme-du-football-algerien-walid-sadi-trace-une-nouvelle-feuille-de-route\\\/\"},\"author\":{\"name\":\"admin\",\"@id\":\"https:\\\/\\\/lasentinelle.dz\\\/#\\\/schema\\\/person\\\/729ee0024f24e0b8c5ec17232f8e8b41\"},\"headline\":\"R\u00e9forme du football alg\u00e9rien\u00a0: Walid Sadi trace une nouvelle feuille de route\",\"datePublished\":\"2025-11-01T18:03:11+00:00\",\"dateModified\":\"2025-11-01T18:03:12+00:00\",\"mainEntityOfPage\":{\"@id\":\"https:\\\/\\\/lasentinelle.dz\\\/index.php\\\/2025\\\/11\\\/01\\\/reforme-du-football-algerien-walid-sadi-trace-une-nouvelle-feuille-de-route\\\/\"},\"wordCount\":1024,\"commentCount\":0,\"publisher\":{\"@id\":\"https:\\\/\\\/lasentinelle.dz\\\/#organization\"},\"image\":{\"@id\":\"https:\\\/\\\/lasentinelle.dz\\\/index.php\\\/2025\\\/11\\\/01\\\/reforme-du-football-algerien-walid-sadi-trace-une-nouvelle-feuille-de-route\\\/#primaryimage\"},\"thumbnailUrl\":\"https:\\\/\\\/lasentinelle.dz\\\/wp-content\\\/uploads\\\/2025\\\/11\\\/BF.jpg\",\"articleSection\":[\"\u00c0 la Une\",\"Sports\"],\"inLanguage\":\"fr-FR\",\"potentialAction\":[{\"@type\":\"CommentAction\",\"name\":\"Comment\",\"target\":[\"https:\\\/\\\/lasentinelle.dz\\\/index.php\\\/2025\\\/11\\\/01\\\/reforme-du-football-algerien-walid-sadi-trace-une-nouvelle-feuille-de-route\\\/#respond\"]}]},{\"@type\":\"WebPage\",\"@id\":\"https:\\\/\\\/lasentinelle.dz\\\/index.php\\\/2025\\\/11\\\/01\\\/reforme-du-football-algerien-walid-sadi-trace-une-nouvelle-feuille-de-route\\\/\",\"url\":\"https:\\\/\\\/lasentinelle.dz\\\/index.php\\\/2025\\\/11\\\/01\\\/reforme-du-football-algerien-walid-sadi-trace-une-nouvelle-feuille-de-route\\\/\",\"name\":\"R\u00e9forme du football alg\u00e9rien\u00a0: Walid Sadi trace une nouvelle feuille de route - La Sentinelle\",\"isPartOf\":{\"@id\":\"https:\\\/\\\/lasentinelle.dz\\\/#website\"},\"primaryImageOfPage\":{\"@id\":\"https:\\\/\\\/lasentinelle.dz\\\/index.php\\\/2025\\\/11\\\/01\\\/reforme-du-football-algerien-walid-sadi-trace-une-nouvelle-feuille-de-route\\\/#primaryimage\"},\"image\":{\"@id\":\"https:\\\/\\\/lasentinelle.dz\\\/index.php\\\/2025\\\/11\\\/01\\\/reforme-du-football-algerien-walid-sadi-trace-une-nouvelle-feuille-de-route\\\/#primaryimage\"},\"thumbnailUrl\":\"https:\\\/\\\/lasentinelle.dz\\\/wp-content\\\/uploads\\\/2025\\\/11\\\/BF.jpg\",\"datePublished\":\"2025-11-01T18:03:11+00:00\",\"dateModified\":\"2025-11-01T18:03:12+00:00\",\"breadcrumb\":{\"@id\":\"https:\\\/\\\/lasentinelle.dz\\\/index.php\\\/2025\\\/11\\\/01\\\/reforme-du-football-algerien-walid-sadi-trace-une-nouvelle-feuille-de-route\\\/#breadcrumb\"},\"inLanguage\":\"fr-FR\",\"potentialAction\":[{\"@type\":\"ReadAction\",\"target\":[\"https:\\\/\\\/lasentinelle.dz\\\/index.php\\\/2025\\\/11\\\/01\\\/reforme-du-football-algerien-walid-sadi-trace-une-nouvelle-feuille-de-route\\\/\"]}]},{\"@type\":\"ImageObject\",\"inLanguage\":\"fr-FR\",\"@id\":\"https:\\\/\\\/lasentinelle.dz\\\/index.php\\\/2025\\\/11\\\/01\\\/reforme-du-football-algerien-walid-sadi-trace-une-nouvelle-feuille-de-route\\\/#primaryimage\",\"url\":\"https:\\\/\\\/lasentinelle.dz\\\/wp-content\\\/uploads\\\/2025\\\/11\\\/BF.jpg\",\"contentUrl\":\"https:\\\/\\\/lasentinelle.dz\\\/wp-content\\\/uploads\\\/2025\\\/11\\\/BF.jpg\",\"width\":750,\"height\":430},{\"@type\":\"BreadcrumbList\",\"@id\":\"https:\\\/\\\/lasentinelle.dz\\\/index.php\\\/2025\\\/11\\\/01\\\/reforme-du-football-algerien-walid-sadi-trace-une-nouvelle-feuille-de-route\\\/#breadcrumb\",\"itemListElement\":[{\"@type\":\"ListItem\",\"position\":1,\"name\":\"Accueil\",\"item\":\"https:\\\/\\\/lasentinelle.dz\\\/\"},{\"@type\":\"ListItem\",\"position\":2,\"name\":\"R\u00e9forme du football alg\u00e9rien\u00a0: Walid Sadi trace une nouvelle feuille de route\"}]},{\"@type\":\"WebSite\",\"@id\":\"https:\\\/\\\/lasentinelle.dz\\\/#website\",\"url\":\"https:\\\/\\\/lasentinelle.dz\\\/\",\"name\":\"La Sentinelle\",\"description\":\"Quotidien national d&#039;information\",\"publisher\":{\"@id\":\"https:\\\/\\\/lasentinelle.dz\\\/#organization\"},\"potentialAction\":[{\"@type\":\"SearchAction\",\"target\":{\"@type\":\"EntryPoint\",\"urlTemplate\":\"https:\\\/\\\/lasentinelle.dz\\\/?s={search_term_string}\"},\"query-input\":{\"@type\":\"PropertyValueSpecification\",\"valueRequired\":true,\"valueName\":\"search_term_string\"}}],\"inLanguage\":\"fr-FR\"},{\"@type\":\"Organization\",\"@id\":\"https:\\\/\\\/lasentinelle.dz\\\/#organization\",\"name\":\"Quotidien La Sentinelle\",\"url\":\"https:\\\/\\\/lasentinelle.dz\\\/\",\"logo\":{\"@type\":\"ImageObject\",\"inLanguage\":\"fr-FR\",\"@id\":\"https:\\\/\\\/lasentinelle.dz\\\/#\\\/schema\\\/logo\\\/image\\\/\",\"url\":\"https:\\\/\\\/lasentinelle.dz\\\/wp-content\\\/uploads\\\/2021\\\/09\\\/logo-sentinelleSLOGAN-1.png\",\"contentUrl\":\"https:\\\/\\\/lasentinelle.dz\\\/wp-content\\\/uploads\\\/2021\\\/09\\\/logo-sentinelleSLOGAN-1.png\",\"width\":615,\"height\":142,\"caption\":\"Quotidien La Sentinelle\"},\"image\":{\"@id\":\"https:\\\/\\\/lasentinelle.dz\\\/#\\\/schema\\\/logo\\\/image\\\/\"},\"sameAs\":[\"https:\\\/\\\/www.facebook.com\\\/La-Sentinelle-104059864394773\"]},{\"@type\":\"Person\",\"@id\":\"https:\\\/\\\/lasentinelle.dz\\\/#\\\/schema\\\/person\\\/729ee0024f24e0b8c5ec17232f8e8b41\",\"name\":\"admin\",\"image\":{\"@type\":\"ImageObject\",\"inLanguage\":\"fr-FR\",\"@id\":\"https:\\\/\\\/secure.gravatar.com\\\/avatar\\\/4c81fed838786e9b53f540bf46533e750f5d292099ae3b66cfc6fb1982e29df7?s=96&d=mm&r=g\",\"url\":\"https:\\\/\\\/secure.gravatar.com\\\/avatar\\\/4c81fed838786e9b53f540bf46533e750f5d292099ae3b66cfc6fb1982e29df7?s=96&d=mm&r=g\",\"contentUrl\":\"https:\\\/\\\/secure.gravatar.com\\\/avatar\\\/4c81fed838786e9b53f540bf46533e750f5d292099ae3b66cfc6fb1982e29df7?s=96&d=mm&r=g\",\"caption\":\"admin\"},\"description\":\"admin\",\"url\":\"https:\\\/\\\/lasentinelle.dz\\\/author\\\/admin\\\/\"}]}<\/script>\n<!-- \/ Yoast SEO plugin. -->","yoast_head_json":{"title":"R\u00e9forme du football alg\u00e9rien\u00a0: Walid Sadi trace une nouvelle feuille de route - La Sentinelle","robots":{"index":"index","follow":"follow","max-snippet":"max-snippet:-1","max-image-preview":"max-image-preview:large","max-video-preview":"max-video-preview:-1"},"canonical":"https:\/\/lasentinelle.dz\/index.php\/2025\/11\/01\/reforme-du-football-algerien-walid-sadi-trace-une-nouvelle-feuille-de-route\/","og_locale":"fr_FR","og_type":"article","og_title":"R\u00e9forme du football alg\u00e9rien\u00a0: Walid Sadi trace une nouvelle feuille de route - La Sentinelle","og_description":"Le Bureau f\u00e9d\u00e9ral de la F\u00e9d\u00e9ration alg\u00e9rienne de football (FAF), r\u00e9uni jeudi au Centre technique national de Sidi Moussa sous","og_url":"https:\/\/lasentinelle.dz\/index.php\/2025\/11\/01\/reforme-du-football-algerien-walid-sadi-trace-une-nouvelle-feuille-de-route\/","og_site_name":"La Sentinelle","article_publisher":"https:\/\/www.facebook.com\/La-Sentinelle-104059864394773","article_published_time":"2025-11-01T18:03:11+00:00","article_modified_time":"2025-11-01T18:03:12+00:00","og_image":[{"width":750,"height":430,"url":"https:\/\/lasentinelle.dz\/wp-content\/uploads\/2025\/11\/BF.jpg","type":"image\/jpeg"}],"author":"admin","twitter_card":"summary_large_image","twitter_misc":{"\u00c9crit par":"admin","Dur\u00e9e de lecture estim\u00e9e":"5 minutes"},"schema":{"@context":"https:\/\/schema.org","@graph":[{"@type":"Article","@id":"https:\/\/lasentinelle.dz\/index.php\/2025\/11\/01\/reforme-du-football-algerien-walid-sadi-trace-une-nouvelle-feuille-de-route\/#article","isPartOf":{"@id":"https:\/\/lasentinelle.dz\/index.php\/2025\/11\/01\/reforme-du-football-algerien-walid-sadi-trace-une-nouvelle-feuille-de-route\/"},"author":{"name":"admin","@id":"https:\/\/lasentinelle.dz\/#\/schema\/person\/729ee0024f24e0b8c5ec17232f8e8b41"},"headline":"R\u00e9forme du football alg\u00e9rien\u00a0: Walid Sadi trace une nouvelle feuille de route","datePublished":"2025-11-01T18:03:11+00:00","dateModified":"2025-11-01T18:03:12+00:00","mainEntityOfPage":{"@id":"https:\/\/lasentinelle.dz\/index.php\/2025\/11\/01\/reforme-du-football-algerien-walid-sadi-trace-une-nouvelle-feuille-de-route\/"},"wordCount":1024,"commentCount":0,"publisher":{"@id":"https:\/\/lasentinelle.dz\/#organization"},"image":{"@id":"https:\/\/lasentinelle.dz\/index.php\/2025\/11\/01\/reforme-du-football-algerien-walid-sadi-trace-une-nouvelle-feuille-de-route\/#primaryimage"},"thumbnailUrl":"https:\/\/lasentinelle.dz\/wp-content\/uploads\/2025\/11\/BF.jpg","articleSection":["\u00c0 la Une","Sports"],"inLanguage":"fr-FR","potentialAction":[{"@type":"CommentAction","name":"Comment","target":["https:\/\/lasentinelle.dz\/index.php\/2025\/11\/01\/reforme-du-football-algerien-walid-sadi-trace-une-nouvelle-feuille-de-route\/#respond"]}]},{"@type":"WebPage","@id":"https:\/\/lasentinelle.dz\/index.php\/2025\/11\/01\/reforme-du-football-algerien-walid-sadi-trace-une-nouvelle-feuille-de-route\/","url":"https:\/\/lasentinelle.dz\/index.php\/2025\/11\/01\/reforme-du-football-algerien-walid-sadi-trace-une-nouvelle-feuille-de-route\/","name":"R\u00e9forme du football alg\u00e9rien\u00a0: Walid Sadi trace une nouvelle feuille de route - La Sentinelle","isPartOf":{"@id":"https:\/\/lasentinelle.dz\/#website"},"primaryImageOfPage":{"@id":"https:\/\/lasentinelle.dz\/index.php\/2025\/11\/01\/reforme-du-football-algerien-walid-sadi-trace-une-nouvelle-feuille-de-route\/#primaryimage"},"image":{"@id":"https:\/\/lasentinelle.dz\/index.php\/2025\/11\/01\/reforme-du-football-algerien-walid-sadi-trace-une-nouvelle-feuille-de-route\/#primaryimage"},"thumbnailUrl":"https:\/\/lasentinelle.dz\/wp-content\/uploads\/2025\/11\/BF.jpg","datePublished":"2025-11-01T18:03:11+00:00","dateModified":"2025-11-01T18:03:12+00:00","breadcrumb":{"@id":"https:\/\/lasentinelle.dz\/index.php\/2025\/11\/01\/reforme-du-football-algerien-walid-sadi-trace-une-nouvelle-feuille-de-route\/#breadcrumb"},"inLanguage":"fr-FR","potentialAction":[{"@type":"ReadAction","target":["https:\/\/lasentinelle.dz\/index.php\/2025\/11\/01\/reforme-du-football-algerien-walid-sadi-trace-une-nouvelle-feuille-de-route\/"]}]},{"@type":"ImageObject","inLanguage":"fr-FR","@id":"https:\/\/lasentinelle.dz\/index.php\/2025\/11\/01\/reforme-du-football-algerien-walid-sadi-trace-une-nouvelle-feuille-de-route\/#primaryimage","url":"https:\/\/lasentinelle.dz\/wp-content\/uploads\/2025\/11\/BF.jpg","contentUrl":"https:\/\/lasentinelle.dz\/wp-content\/uploads\/2025\/11\/BF.jpg","width":750,"height":430},{"@type":"BreadcrumbList","@id":"https:\/\/lasentinelle.dz\/index.php\/2025\/11\/01\/reforme-du-football-algerien-walid-sadi-trace-une-nouvelle-feuille-de-route\/#breadcrumb","itemListElement":[{"@type":"ListItem","position":1,"name":"Accueil","item":"https:\/\/lasentinelle.dz\/"},{"@type":"ListItem","position":2,"name":"R\u00e9forme du football alg\u00e9rien\u00a0: Walid Sadi trace une nouvelle feuille de route"}]},{"@type":"WebSite","@id":"https:\/\/lasentinelle.dz\/#website","url":"https:\/\/lasentinelle.dz\/","name":"La Sentinelle","description":"Quotidien national d&#039;information","publisher":{"@id":"https:\/\/lasentinelle.dz\/#organization"},"potentialAction":[{"@type":"SearchAction","target":{"@type":"EntryPoint","urlTemplate":"https:\/\/lasentinelle.dz\/?s={search_term_string}"},"query-input":{"@type":"PropertyValueSpecification","valueRequired":true,"valueName":"search_term_string"}}],"inLanguage":"fr-FR"},{"@type":"Organization","@id":"https:\/\/lasentinelle.dz\/#organization","name":"Quotidien La Sentinelle","url":"https:\/\/lasentinelle.dz\/","logo":{"@type":"ImageObject","inLanguage":"fr-FR","@id":"https:\/\/lasentinelle.dz\/#\/schema\/logo\/image\/","url":"https:\/\/lasentinelle.dz\/wp-content\/uploads\/2021\/09\/logo-sentinelleSLOGAN-1.png","contentUrl":"https:\/\/lasentinelle.dz\/wp-content\/uploads\/2021\/09\/logo-sentinelleSLOGAN-1.png","width":615,"height":142,"caption":"Quotidien La Sentinelle"},"image":{"@id":"https:\/\/lasentinelle.dz\/#\/schema\/logo\/image\/"},"sameAs":["https:\/\/www.facebook.com\/La-Sentinelle-104059864394773"]},{"@type":"Person","@id":"https:\/\/lasentinelle.dz\/#\/schema\/person\/729ee0024f24e0b8c5ec17232f8e8b41","name":"admin","image":{"@type":"ImageObject","inLanguage":"fr-FR","@id":"https:\/\/secure.gravatar.com\/avatar\/4c81fed838786e9b53f540bf46533e750f5d292099ae3b66cfc6fb1982e29df7?s=96&d=mm&r=g","url":"https:\/\/secure.gravatar.com\/avatar\/4c81fed838786e9b53f540bf46533e750f5d292099ae3b66cfc6fb1982e29df7?s=96&d=mm&r=g","contentUrl":"https:\/\/secure.gravatar.com\/avatar\/4c81fed838786e9b53f540bf46533e750f5d292099ae3b66cfc6fb1982e29df7?s=96&d=mm&r=g","caption":"admin"},"description":"admin","url":"https:\/\/lasentinelle.dz\/author\/admin\/"}]}},"_links":{"self":[{"href":"https:\/\/lasentinelle.dz\/index.php\/wp-json\/wp\/v2\/posts\/75601","targetHints":{"allow":["GET"]}}],"collection":[{"href":"https:\/\/lasentinelle.dz\/index.php\/wp-json\/wp\/v2\/posts"}],"about":[{"href":"https:\/\/lasentinelle.dz\/index.php\/wp-json\/wp\/v2\/types\/post"}],"author":[{"embeddable":true,"href":"https:\/\/lasentinelle.dz\/index.php\/wp-json\/wp\/v2\/users\/6"}],"replies":[{"embeddable":true,"href":"https:\/\/lasentinelle.dz\/index.php\/wp-json\/wp\/v2\/comments?post=75601"}],"version-history":[{"count":1,"href":"https:\/\/lasentinelle.dz\/index.php\/wp-json\/wp\/v2\/posts\/75601\/revisions"}],"predecessor-version":[{"id":75603,"href":"https:\/\/lasentinelle.dz\/index.php\/wp-json\/wp\/v2\/posts\/75601\/revisions\/75603"}],"wp:featuredmedia":[{"embeddable":true,"href":"https:\/\/lasentinelle.dz\/index.php\/wp-json\/wp\/v2\/media\/75602"}],"wp:attachment":[{"href":"https:\/\/lasentinelle.dz\/index.php\/wp-json\/wp\/v2\/media?parent=75601"}],"wp:term":[{"taxonomy":"category","embeddable":true,"href":"https:\/\/lasentinelle.dz\/index.php\/wp-json\/wp\/v2\/categories?post=75601"},{"taxonomy":"post_tag","embeddable":true,"href":"https:\/\/lasentinelle.dz\/index.php\/wp-json\/wp\/v2\/tags?post=75601"}],"curies":[{"name":"wp","href":"https:\/\/api.w.org\/{rel}","templated":true}]}}