{"id":75604,"date":"2025-11-01T19:04:06","date_gmt":"2025-11-01T18:04:06","guid":{"rendered":"https:\/\/lasentinelle.dz\/?p=75604"},"modified":"2025-11-01T19:04:06","modified_gmt":"2025-11-01T18:04:06","slug":"annaba-la-securite-des-professionnels-de-la-mer-en-debats","status":"publish","type":"post","link":"https:\/\/lasentinelle.dz\/index.php\/2025\/11\/01\/annaba-la-securite-des-professionnels-de-la-mer-en-debats\/","title":{"rendered":"Annaba\u00a0: La s\u00e9curit\u00e9 des professionnels de la mer en d\u00e9bats"},"content":{"rendered":"\n<p>La recrudescence des accidents dans le secteur de la p\u00eache a alert\u00e9 les autorit\u00e9s concern\u00e9es, pla\u00e7ant la s\u00e9curit\u00e9 des professionnels de la mer au centre des priorit\u00e9s du minist\u00e8re de la P\u00eache et des Productions halieutiques. Pour examiner la situation et proposer des mesures pr\u00e9ventives, la direction de la P\u00eache et des Ressources halieutiques de la wilaya d\u2019Annaba a organis\u00e9, en fin de semaine derni\u00e8re, une rencontre consacr\u00e9e \u00e0 <em>\u00ab la s\u00e9curit\u00e9 et la pr\u00e9vention des accidents maritimes \u00bb<\/em>. Plus de 150 professionnels et travailleurs du secteur ont pris part \u00e0 cette journ\u00e9e d\u2019\u00e9tude tenue au port de p\u00eache de la Grenouill\u00e8re. L\u2019initiative intervient dans un contexte marqu\u00e9 par une hausse pr\u00e9occupante des incidents en mer. Selon les organisateurs, la wilaya d\u2019Annaba a enregistr\u00e9, au cours des cinq derni\u00e8res ann\u00e9es, sept accidents impliquant des bateaux de p\u00eache, ayant caus\u00e9 la mort d\u2019au moins douze marins et la disparition de sept autres. \u00c0 l\u2019\u00e9chelle nationale, plus de 72 accidents maritimes ont \u00e9t\u00e9 recens\u00e9s en 2024, dont 10 % dans la seule wilaya d\u2019Annaba. Face \u00e0 cette situation, le minist\u00e8re de tutelle a instruit ses services \u00e0 explorer de nouvelles approches de s\u00e9curit\u00e9 et \u00e0 renforcer les m\u00e9canismes de contr\u00f4le. Parmi les mesures envisag\u00e9es figurent la cr\u00e9ation de postes de s\u00e9curit\u00e9 maritime et le renforcement des centres de s\u00e9curit\u00e9 des navires, relevant de la direction des Affaires maritimes. Ces structures auront pour mission d\u2019assurer l\u2019inspection et le contr\u00f4le technique des embarcations, contribuant ainsi \u00e0 la protection de la vie humaine en mer et \u00e0 la pr\u00e9vention des risques de pollution maritime. Les discussions ont \u00e9galement port\u00e9 sur la r\u00e9vision des proc\u00e9dures de s\u00e9curit\u00e9 dans les ports, les chantiers navals et \u00e0 bord des embarcations, ainsi que sur l\u2019am\u00e9lioration des conditions de travail et de la couverture sociale des marins. \u00c0 travers ce type de rencontres, le minist\u00e8re entend instaurer un dialogue constructif et durable avec les acteurs du secteur, qu\u2019il s\u2019agisse de p\u00eacheurs, d\u2019investisseurs ou de professionnels de l\u2019aquaculture. Une large partie des d\u00e9bats a \u00e9t\u00e9 consacr\u00e9e \u00e0 l\u2019\u00e9coute des pr\u00e9occupations des participants et des associations, dans le but de d\u00e9gager des solutions concr\u00e8tes, bas\u00e9es sur la concertation et le partage d\u2019exp\u00e9rience.<\/p>\n\n\n\n<p>Sofia Chahine<\/p>\n","protected":false},"excerpt":{"rendered":"<p>La recrudescence des accidents dans le secteur de la p\u00eache a alert\u00e9 les autorit\u00e9s concern\u00e9es, pla\u00e7ant la s\u00e9curit\u00e9 des professionnels<\/p>\n","protected":false},"author":6,"featured_media":45805,"comment_status":"open","ping_status":"closed","sticky":false,"template":"","format":"standard","meta":{"colormag_page_container_layout":"default_layout","colormag_page_sidebar_layout":"default_layout","om_disable_all_campaigns":false,"_monsterinsights_skip_tracking":false,"_monsterinsights_sitenote_active":false,"_monsterinsights_sitenote_note":"","_monsterinsights_sitenote_category":0,"footnotes":"","_wpscppro_dont_share_socialmedia":false,"_wpscppro_custom_social_share_image":0,"_facebook_share_type":"default","_twitter_share_type":"default","_linkedin_share_type":"default","_pinterest_share_type":"default","_linkedin_share_type_page":"","_instagram_share_type":"default","_medium_share_type":"default","_threads_share_type":"default","_google_business_share_type":"default","_selected_social_profile":[],"_wpsp_enable_custom_social_template":false,"_wpsp_social_scheduling":{"enabled":false,"datetime":null,"platforms":[],"status":"template_only","dateOption":"today","timeOption":"now","customDays":"","customHours":"","customDate":"","customTime":"","schedulingType":"absolute"},"_wpsp_active_default_template":true},"categories":[31],"tags":[],"class_list":["post-75604","post","type-post","status-publish","format-standard","has-post-thumbnail","hentry","category-regions"],"aioseo_notices":[],"yoast_head":"<!-- This site is optimized with the Yoast SEO plugin v27.5 - https:\/\/yoast.com\/product\/yoast-seo-wordpress\/ -->\n<title>Annaba\u00a0: La s\u00e9curit\u00e9 des professionnels de la mer en d\u00e9bats - La Sentinelle<\/title>\n<meta name=\"robots\" content=\"index, follow, max-snippet:-1, max-image-preview:large, max-video-preview:-1\" \/>\n<link rel=\"canonical\" href=\"https:\/\/lasentinelle.dz\/index.php\/2025\/11\/01\/annaba-la-securite-des-professionnels-de-la-mer-en-debats\/\" \/>\n<meta property=\"og:locale\" content=\"fr_FR\" \/>\n<meta property=\"og:type\" content=\"article\" \/>\n<meta property=\"og:title\" content=\"Annaba\u00a0: La s\u00e9curit\u00e9 des professionnels de la mer en d\u00e9bats - La Sentinelle\" \/>\n<meta property=\"og:description\" content=\"La recrudescence des accidents dans le secteur de la p\u00eache a alert\u00e9 les autorit\u00e9s concern\u00e9es, pla\u00e7ant la s\u00e9curit\u00e9 des professionnels\" \/>\n<meta property=\"og:url\" content=\"https:\/\/lasentinelle.dz\/index.php\/2025\/11\/01\/annaba-la-securite-des-professionnels-de-la-mer-en-debats\/\" \/>\n<meta property=\"og:site_name\" content=\"La Sentinelle\" \/>\n<meta property=\"article:publisher\" content=\"https:\/\/www.facebook.com\/La-Sentinelle-104059864394773\" \/>\n<meta property=\"article:published_time\" content=\"2025-11-01T18:04:06+00:00\" \/>\n<meta property=\"og:image\" content=\"https:\/\/lasentinelle.dz\/wp-content\/uploads\/2023\/09\/peche.jpeg\" \/>\n\t<meta property=\"og:image:width\" content=\"1200\" \/>\n\t<meta property=\"og:image:height\" content=\"630\" \/>\n\t<meta property=\"og:image:type\" content=\"image\/jpeg\" \/>\n<meta name=\"author\" content=\"admin\" \/>\n<meta name=\"twitter:card\" content=\"summary_large_image\" \/>\n<meta name=\"twitter:label1\" content=\"\u00c9crit par\" \/>\n\t<meta name=\"twitter:data1\" content=\"admin\" \/>\n\t<meta name=\"twitter:label2\" content=\"Dur\u00e9e de lecture estim\u00e9e\" \/>\n\t<meta name=\"twitter:data2\" content=\"3 minutes\" \/>\n<script type=\"application\/ld+json\" class=\"yoast-schema-graph\">{\"@context\":\"https:\\\/\\\/schema.org\",\"@graph\":[{\"@type\":\"Article\",\"@id\":\"https:\\\/\\\/lasentinelle.dz\\\/index.php\\\/2025\\\/11\\\/01\\\/annaba-la-securite-des-professionnels-de-la-mer-en-debats\\\/#article\",\"isPartOf\":{\"@id\":\"https:\\\/\\\/lasentinelle.dz\\\/index.php\\\/2025\\\/11\\\/01\\\/annaba-la-securite-des-professionnels-de-la-mer-en-debats\\\/\"},\"author\":{\"name\":\"admin\",\"@id\":\"https:\\\/\\\/lasentinelle.dz\\\/#\\\/schema\\\/person\\\/729ee0024f24e0b8c5ec17232f8e8b41\"},\"headline\":\"Annaba\u00a0: La s\u00e9curit\u00e9 des professionnels de la mer en d\u00e9bats\",\"datePublished\":\"2025-11-01T18:04:06+00:00\",\"mainEntityOfPage\":{\"@id\":\"https:\\\/\\\/lasentinelle.dz\\\/index.php\\\/2025\\\/11\\\/01\\\/annaba-la-securite-des-professionnels-de-la-mer-en-debats\\\/\"},\"wordCount\":417,\"commentCount\":0,\"publisher\":{\"@id\":\"https:\\\/\\\/lasentinelle.dz\\\/#organization\"},\"image\":{\"@id\":\"https:\\\/\\\/lasentinelle.dz\\\/index.php\\\/2025\\\/11\\\/01\\\/annaba-la-securite-des-professionnels-de-la-mer-en-debats\\\/#primaryimage\"},\"thumbnailUrl\":\"https:\\\/\\\/lasentinelle.dz\\\/wp-content\\\/uploads\\\/2023\\\/09\\\/peche.jpeg\",\"articleSection\":[\"R\u00e9gions\"],\"inLanguage\":\"fr-FR\",\"potentialAction\":[{\"@type\":\"CommentAction\",\"name\":\"Comment\",\"target\":[\"https:\\\/\\\/lasentinelle.dz\\\/index.php\\\/2025\\\/11\\\/01\\\/annaba-la-securite-des-professionnels-de-la-mer-en-debats\\\/#respond\"]}]},{\"@type\":\"WebPage\",\"@id\":\"https:\\\/\\\/lasentinelle.dz\\\/index.php\\\/2025\\\/11\\\/01\\\/annaba-la-securite-des-professionnels-de-la-mer-en-debats\\\/\",\"url\":\"https:\\\/\\\/lasentinelle.dz\\\/index.php\\\/2025\\\/11\\\/01\\\/annaba-la-securite-des-professionnels-de-la-mer-en-debats\\\/\",\"name\":\"Annaba\u00a0: La s\u00e9curit\u00e9 des professionnels de la mer en d\u00e9bats - La Sentinelle\",\"isPartOf\":{\"@id\":\"https:\\\/\\\/lasentinelle.dz\\\/#website\"},\"primaryImageOfPage\":{\"@id\":\"https:\\\/\\\/lasentinelle.dz\\\/index.php\\\/2025\\\/11\\\/01\\\/annaba-la-securite-des-professionnels-de-la-mer-en-debats\\\/#primaryimage\"},\"image\":{\"@id\":\"https:\\\/\\\/lasentinelle.dz\\\/index.php\\\/2025\\\/11\\\/01\\\/annaba-la-securite-des-professionnels-de-la-mer-en-debats\\\/#primaryimage\"},\"thumbnailUrl\":\"https:\\\/\\\/lasentinelle.dz\\\/wp-content\\\/uploads\\\/2023\\\/09\\\/peche.jpeg\",\"datePublished\":\"2025-11-01T18:04:06+00:00\",\"breadcrumb\":{\"@id\":\"https:\\\/\\\/lasentinelle.dz\\\/index.php\\\/2025\\\/11\\\/01\\\/annaba-la-securite-des-professionnels-de-la-mer-en-debats\\\/#breadcrumb\"},\"inLanguage\":\"fr-FR\",\"potentialAction\":[{\"@type\":\"ReadAction\",\"target\":[\"https:\\\/\\\/lasentinelle.dz\\\/index.php\\\/2025\\\/11\\\/01\\\/annaba-la-securite-des-professionnels-de-la-mer-en-debats\\\/\"]}]},{\"@type\":\"ImageObject\",\"inLanguage\":\"fr-FR\",\"@id\":\"https:\\\/\\\/lasentinelle.dz\\\/index.php\\\/2025\\\/11\\\/01\\\/annaba-la-securite-des-professionnels-de-la-mer-en-debats\\\/#primaryimage\",\"url\":\"https:\\\/\\\/lasentinelle.dz\\\/wp-content\\\/uploads\\\/2023\\\/09\\\/peche.jpeg\",\"contentUrl\":\"https:\\\/\\\/lasentinelle.dz\\\/wp-content\\\/uploads\\\/2023\\\/09\\\/peche.jpeg\",\"width\":1200,\"height\":630,\"caption\":\"Fishing boat returning with lots of seagulls feeding at the rear of the boat\"},{\"@type\":\"BreadcrumbList\",\"@id\":\"https:\\\/\\\/lasentinelle.dz\\\/index.php\\\/2025\\\/11\\\/01\\\/annaba-la-securite-des-professionnels-de-la-mer-en-debats\\\/#breadcrumb\",\"itemListElement\":[{\"@type\":\"ListItem\",\"position\":1,\"name\":\"Accueil\",\"item\":\"https:\\\/\\\/lasentinelle.dz\\\/\"},{\"@type\":\"ListItem\",\"position\":2,\"name\":\"Annaba\u00a0: La s\u00e9curit\u00e9 des professionnels de la mer en d\u00e9bats\"}]},{\"@type\":\"WebSite\",\"@id\":\"https:\\\/\\\/lasentinelle.dz\\\/#website\",\"url\":\"https:\\\/\\\/lasentinelle.dz\\\/\",\"name\":\"La Sentinelle\",\"description\":\"Quotidien national d&#039;information\",\"publisher\":{\"@id\":\"https:\\\/\\\/lasentinelle.dz\\\/#organization\"},\"potentialAction\":[{\"@type\":\"SearchAction\",\"target\":{\"@type\":\"EntryPoint\",\"urlTemplate\":\"https:\\\/\\\/lasentinelle.dz\\\/?s={search_term_string}\"},\"query-input\":{\"@type\":\"PropertyValueSpecification\",\"valueRequired\":true,\"valueName\":\"search_term_string\"}}],\"inLanguage\":\"fr-FR\"},{\"@type\":\"Organization\",\"@id\":\"https:\\\/\\\/lasentinelle.dz\\\/#organization\",\"name\":\"Quotidien La Sentinelle\",\"url\":\"https:\\\/\\\/lasentinelle.dz\\\/\",\"logo\":{\"@type\":\"ImageObject\",\"inLanguage\":\"fr-FR\",\"@id\":\"https:\\\/\\\/lasentinelle.dz\\\/#\\\/schema\\\/logo\\\/image\\\/\",\"url\":\"https:\\\/\\\/lasentinelle.dz\\\/wp-content\\\/uploads\\\/2021\\\/09\\\/logo-sentinelleSLOGAN-1.png\",\"contentUrl\":\"https:\\\/\\\/lasentinelle.dz\\\/wp-content\\\/uploads\\\/2021\\\/09\\\/logo-sentinelleSLOGAN-1.png\",\"width\":615,\"height\":142,\"caption\":\"Quotidien La Sentinelle\"},\"image\":{\"@id\":\"https:\\\/\\\/lasentinelle.dz\\\/#\\\/schema\\\/logo\\\/image\\\/\"},\"sameAs\":[\"https:\\\/\\\/www.facebook.com\\\/La-Sentinelle-104059864394773\"]},{\"@type\":\"Person\",\"@id\":\"https:\\\/\\\/lasentinelle.dz\\\/#\\\/schema\\\/person\\\/729ee0024f24e0b8c5ec17232f8e8b41\",\"name\":\"admin\",\"image\":{\"@type\":\"ImageObject\",\"inLanguage\":\"fr-FR\",\"@id\":\"https:\\\/\\\/secure.gravatar.com\\\/avatar\\\/4c81fed838786e9b53f540bf46533e750f5d292099ae3b66cfc6fb1982e29df7?s=96&d=mm&r=g\",\"url\":\"https:\\\/\\\/secure.gravatar.com\\\/avatar\\\/4c81fed838786e9b53f540bf46533e750f5d292099ae3b66cfc6fb1982e29df7?s=96&d=mm&r=g\",\"contentUrl\":\"https:\\\/\\\/secure.gravatar.com\\\/avatar\\\/4c81fed838786e9b53f540bf46533e750f5d292099ae3b66cfc6fb1982e29df7?s=96&d=mm&r=g\",\"caption\":\"admin\"},\"description\":\"admin\",\"url\":\"https:\\\/\\\/lasentinelle.dz\\\/author\\\/admin\\\/\"}]}<\/script>\n<!-- \/ Yoast SEO plugin. -->","yoast_head_json":{"title":"Annaba\u00a0: La s\u00e9curit\u00e9 des professionnels de la mer en d\u00e9bats - La Sentinelle","robots":{"index":"index","follow":"follow","max-snippet":"max-snippet:-1","max-image-preview":"max-image-preview:large","max-video-preview":"max-video-preview:-1"},"canonical":"https:\/\/lasentinelle.dz\/index.php\/2025\/11\/01\/annaba-la-securite-des-professionnels-de-la-mer-en-debats\/","og_locale":"fr_FR","og_type":"article","og_title":"Annaba\u00a0: La s\u00e9curit\u00e9 des professionnels de la mer en d\u00e9bats - La Sentinelle","og_description":"La recrudescence des accidents dans le secteur de la p\u00eache a alert\u00e9 les autorit\u00e9s concern\u00e9es, pla\u00e7ant la s\u00e9curit\u00e9 des professionnels","og_url":"https:\/\/lasentinelle.dz\/index.php\/2025\/11\/01\/annaba-la-securite-des-professionnels-de-la-mer-en-debats\/","og_site_name":"La Sentinelle","article_publisher":"https:\/\/www.facebook.com\/La-Sentinelle-104059864394773","article_published_time":"2025-11-01T18:04:06+00:00","og_image":[{"width":1200,"height":630,"url":"https:\/\/lasentinelle.dz\/wp-content\/uploads\/2023\/09\/peche.jpeg","type":"image\/jpeg"}],"author":"admin","twitter_card":"summary_large_image","twitter_misc":{"\u00c9crit par":"admin","Dur\u00e9e de lecture estim\u00e9e":"3 minutes"},"schema":{"@context":"https:\/\/schema.org","@graph":[{"@type":"Article","@id":"https:\/\/lasentinelle.dz\/index.php\/2025\/11\/01\/annaba-la-securite-des-professionnels-de-la-mer-en-debats\/#article","isPartOf":{"@id":"https:\/\/lasentinelle.dz\/index.php\/2025\/11\/01\/annaba-la-securite-des-professionnels-de-la-mer-en-debats\/"},"author":{"name":"admin","@id":"https:\/\/lasentinelle.dz\/#\/schema\/person\/729ee0024f24e0b8c5ec17232f8e8b41"},"headline":"Annaba\u00a0: La s\u00e9curit\u00e9 des professionnels de la mer en d\u00e9bats","datePublished":"2025-11-01T18:04:06+00:00","mainEntityOfPage":{"@id":"https:\/\/lasentinelle.dz\/index.php\/2025\/11\/01\/annaba-la-securite-des-professionnels-de-la-mer-en-debats\/"},"wordCount":417,"commentCount":0,"publisher":{"@id":"https:\/\/lasentinelle.dz\/#organization"},"image":{"@id":"https:\/\/lasentinelle.dz\/index.php\/2025\/11\/01\/annaba-la-securite-des-professionnels-de-la-mer-en-debats\/#primaryimage"},"thumbnailUrl":"https:\/\/lasentinelle.dz\/wp-content\/uploads\/2023\/09\/peche.jpeg","articleSection":["R\u00e9gions"],"inLanguage":"fr-FR","potentialAction":[{"@type":"CommentAction","name":"Comment","target":["https:\/\/lasentinelle.dz\/index.php\/2025\/11\/01\/annaba-la-securite-des-professionnels-de-la-mer-en-debats\/#respond"]}]},{"@type":"WebPage","@id":"https:\/\/lasentinelle.dz\/index.php\/2025\/11\/01\/annaba-la-securite-des-professionnels-de-la-mer-en-debats\/","url":"https:\/\/lasentinelle.dz\/index.php\/2025\/11\/01\/annaba-la-securite-des-professionnels-de-la-mer-en-debats\/","name":"Annaba\u00a0: La s\u00e9curit\u00e9 des professionnels de la mer en d\u00e9bats - La Sentinelle","isPartOf":{"@id":"https:\/\/lasentinelle.dz\/#website"},"primaryImageOfPage":{"@id":"https:\/\/lasentinelle.dz\/index.php\/2025\/11\/01\/annaba-la-securite-des-professionnels-de-la-mer-en-debats\/#primaryimage"},"image":{"@id":"https:\/\/lasentinelle.dz\/index.php\/2025\/11\/01\/annaba-la-securite-des-professionnels-de-la-mer-en-debats\/#primaryimage"},"thumbnailUrl":"https:\/\/lasentinelle.dz\/wp-content\/uploads\/2023\/09\/peche.jpeg","datePublished":"2025-11-01T18:04:06+00:00","breadcrumb":{"@id":"https:\/\/lasentinelle.dz\/index.php\/2025\/11\/01\/annaba-la-securite-des-professionnels-de-la-mer-en-debats\/#breadcrumb"},"inLanguage":"fr-FR","potentialAction":[{"@type":"ReadAction","target":["https:\/\/lasentinelle.dz\/index.php\/2025\/11\/01\/annaba-la-securite-des-professionnels-de-la-mer-en-debats\/"]}]},{"@type":"ImageObject","inLanguage":"fr-FR","@id":"https:\/\/lasentinelle.dz\/index.php\/2025\/11\/01\/annaba-la-securite-des-professionnels-de-la-mer-en-debats\/#primaryimage","url":"https:\/\/lasentinelle.dz\/wp-content\/uploads\/2023\/09\/peche.jpeg","contentUrl":"https:\/\/lasentinelle.dz\/wp-content\/uploads\/2023\/09\/peche.jpeg","width":1200,"height":630,"caption":"Fishing boat returning with lots of seagulls feeding at the rear of the boat"},{"@type":"BreadcrumbList","@id":"https:\/\/lasentinelle.dz\/index.php\/2025\/11\/01\/annaba-la-securite-des-professionnels-de-la-mer-en-debats\/#breadcrumb","itemListElement":[{"@type":"ListItem","position":1,"name":"Accueil","item":"https:\/\/lasentinelle.dz\/"},{"@type":"ListItem","position":2,"name":"Annaba\u00a0: La s\u00e9curit\u00e9 des professionnels de la mer en d\u00e9bats"}]},{"@type":"WebSite","@id":"https:\/\/lasentinelle.dz\/#website","url":"https:\/\/lasentinelle.dz\/","name":"La Sentinelle","description":"Quotidien national d&#039;information","publisher":{"@id":"https:\/\/lasentinelle.dz\/#organization"},"potentialAction":[{"@type":"SearchAction","target":{"@type":"EntryPoint","urlTemplate":"https:\/\/lasentinelle.dz\/?s={search_term_string}"},"query-input":{"@type":"PropertyValueSpecification","valueRequired":true,"valueName":"search_term_string"}}],"inLanguage":"fr-FR"},{"@type":"Organization","@id":"https:\/\/lasentinelle.dz\/#organization","name":"Quotidien La Sentinelle","url":"https:\/\/lasentinelle.dz\/","logo":{"@type":"ImageObject","inLanguage":"fr-FR","@id":"https:\/\/lasentinelle.dz\/#\/schema\/logo\/image\/","url":"https:\/\/lasentinelle.dz\/wp-content\/uploads\/2021\/09\/logo-sentinelleSLOGAN-1.png","contentUrl":"https:\/\/lasentinelle.dz\/wp-content\/uploads\/2021\/09\/logo-sentinelleSLOGAN-1.png","width":615,"height":142,"caption":"Quotidien La Sentinelle"},"image":{"@id":"https:\/\/lasentinelle.dz\/#\/schema\/logo\/image\/"},"sameAs":["https:\/\/www.facebook.com\/La-Sentinelle-104059864394773"]},{"@type":"Person","@id":"https:\/\/lasentinelle.dz\/#\/schema\/person\/729ee0024f24e0b8c5ec17232f8e8b41","name":"admin","image":{"@type":"ImageObject","inLanguage":"fr-FR","@id":"https:\/\/secure.gravatar.com\/avatar\/4c81fed838786e9b53f540bf46533e750f5d292099ae3b66cfc6fb1982e29df7?s=96&d=mm&r=g","url":"https:\/\/secure.gravatar.com\/avatar\/4c81fed838786e9b53f540bf46533e750f5d292099ae3b66cfc6fb1982e29df7?s=96&d=mm&r=g","contentUrl":"https:\/\/secure.gravatar.com\/avatar\/4c81fed838786e9b53f540bf46533e750f5d292099ae3b66cfc6fb1982e29df7?s=96&d=mm&r=g","caption":"admin"},"description":"admin","url":"https:\/\/lasentinelle.dz\/author\/admin\/"}]}},"_links":{"self":[{"href":"https:\/\/lasentinelle.dz\/index.php\/wp-json\/wp\/v2\/posts\/75604","targetHints":{"allow":["GET"]}}],"collection":[{"href":"https:\/\/lasentinelle.dz\/index.php\/wp-json\/wp\/v2\/posts"}],"about":[{"href":"https:\/\/lasentinelle.dz\/index.php\/wp-json\/wp\/v2\/types\/post"}],"author":[{"embeddable":true,"href":"https:\/\/lasentinelle.dz\/index.php\/wp-json\/wp\/v2\/users\/6"}],"replies":[{"embeddable":true,"href":"https:\/\/lasentinelle.dz\/index.php\/wp-json\/wp\/v2\/comments?post=75604"}],"version-history":[{"count":1,"href":"https:\/\/lasentinelle.dz\/index.php\/wp-json\/wp\/v2\/posts\/75604\/revisions"}],"predecessor-version":[{"id":75605,"href":"https:\/\/lasentinelle.dz\/index.php\/wp-json\/wp\/v2\/posts\/75604\/revisions\/75605"}],"wp:featuredmedia":[{"embeddable":true,"href":"https:\/\/lasentinelle.dz\/index.php\/wp-json\/wp\/v2\/media\/45805"}],"wp:attachment":[{"href":"https:\/\/lasentinelle.dz\/index.php\/wp-json\/wp\/v2\/media?parent=75604"}],"wp:term":[{"taxonomy":"category","embeddable":true,"href":"https:\/\/lasentinelle.dz\/index.php\/wp-json\/wp\/v2\/categories?post=75604"},{"taxonomy":"post_tag","embeddable":true,"href":"https:\/\/lasentinelle.dz\/index.php\/wp-json\/wp\/v2\/tags?post=75604"}],"curies":[{"name":"wp","href":"https:\/\/api.w.org\/{rel}","templated":true}]}}