{"id":76086,"date":"2025-11-11T12:53:01","date_gmt":"2025-11-11T11:53:01","guid":{"rendered":"https:\/\/lasentinelle.dz\/?p=76086"},"modified":"2025-11-11T12:53:02","modified_gmt":"2025-11-11T11:53:02","slug":"plf-2026-les-deputes-plebiscitent-un-budget-social-sans-nouvelles-taxes","status":"publish","type":"post","link":"https:\/\/lasentinelle.dz\/index.php\/2025\/11\/11\/plf-2026-les-deputes-plebiscitent-un-budget-social-sans-nouvelles-taxes\/","title":{"rendered":"PLF 2026\u00a0: Les d\u00e9put\u00e9s pl\u00e9biscitent un budget social sans nouvelles taxes"},"content":{"rendered":"\n<p>Pas de nouvelles taxes, maintien du pouvoir d&rsquo;achat et relance de l&rsquo;investissement : le projet de loi de finances 2026 s\u00e9duit l&rsquo;Assembl\u00e9e populaire nationale qui y voit un \u00e9quilibre r\u00e9ussi entre ambitions \u00e9conomiques et protection sociale. Les d\u00e9put\u00e9s ont, en effet, largement salu\u00e9 lundi le projet de loi de finances 2026, se f\u00e9licitant notamment de l&rsquo;absence de nouvelles augmentations fiscales et des mesures visant \u00e0 consolider le caract\u00e8re social de l&rsquo;\u00c9tat. Lors d&rsquo;une s\u00e9ance pl\u00e9ni\u00e8re pr\u00e9sid\u00e9e par Ibrahim Fakhour, vice-pr\u00e9sident de l&rsquo;Assembl\u00e9e, les repr\u00e9sentants du peuple ont exprim\u00e9 leur satisfaction face aux indicateurs \u00e9conomiques positifs contenus dans le texte pr\u00e9sent\u00e9 dimanche par le ministre des Finances, Abdelkrim Bouzred. Le choix de ne pas introduire de nouvelles taxes constitue le point d&rsquo;orgue de ce budget 2026. \u00ab\u00a0Cela t\u00e9moigne de l&rsquo;engagement de l&rsquo;\u00c9tat \u00e0 encourager l&rsquo;investissement et \u00e0 prot\u00e9ger le pouvoir d&rsquo;achat des citoyens\u00a0\u00bb, a soulign\u00e9 Mehdi Kouira, d\u00e9put\u00e9 du Rassemblement National D\u00e9mocratique. Les dispositions en faveur de l&rsquo;investissement ont particuli\u00e8rement retenu l&rsquo;attention des \u00e9lus. Rabah Daimellah, du Mouvement El-Bina, s&rsquo;est f\u00e9licit\u00e9 des mesures de \u00ab\u00a0protection du pouvoir d&rsquo;achat et de stimulation de l&rsquo;investissement\u00a0\u00bb, appelant toutefois \u00e0 \u00ab\u00a0renforcer le r\u00f4le des petites entreprises et des start-up dans l&rsquo;\u00e9conomie nationale\u00a0\u00bb. Son coll\u00e8gue du RND, Mehdi Kouira, a pour sa part insist\u00e9 sur \u00ab\u00a0la n\u00e9cessit\u00e9 d&rsquo;orienter les investissements vers les secteurs productifs tels que l&rsquo;agriculture, les industries manufacturi\u00e8res et les \u00e9nergies renouvelables\u00a0\u00bb. Les indicateurs macro\u00e9conomiques du projet ont \u00e9galement \u00e9t\u00e9 salu\u00e9s. Mokhtar Bousbia, d\u00e9put\u00e9 ind\u00e9pendant, a relev\u00e9 \u00ab\u00a0l&rsquo;am\u00e9lioration des indicateurs \u00e9conomiques dans le PLF 2026, particuli\u00e8rement pour ce qui est du taux de croissance, de la baisse de l&rsquo;inflation, et de la pr\u00e9servation du pouvoir d&rsquo;achat\u00a0\u00bb. Il a n\u00e9anmoins plaid\u00e9 pour le d\u00e9veloppement du r\u00e9seau routier dans les wilayas du Sud afin d&rsquo;accompagner la dynamique croissante de l&rsquo;investissement dans ces r\u00e9gions. Sur le volet social, plusieurs d\u00e9put\u00e9s ont exprim\u00e9 leur satisfaction tout en formulant des demandes d&rsquo;am\u00e9lioration. Zouahra Kamel, \u00e9lue du Front de Lib\u00e9ration Nationale, a salu\u00e9 \u00ab\u00a0l&rsquo;augmentation de la valeur de l&rsquo;allocation ch\u00f4mage\u00a0\u00bb tout en proposant \u00ab\u00a0d&rsquo;\u00e9tendre l&rsquo;\u00e2ge d&rsquo;\u00e9ligibilit\u00e9 \u00e0 cette allocation jusqu&rsquo;\u00e0 cinquante ans\u00a0\u00bb. Elle a \u00e9galement insist\u00e9 sur la lev\u00e9e du gel des projets publics vitaux, notamment dans les secteurs de l&rsquo;\u00e9ducation, de la sant\u00e9 et des transports. La d\u00e9put\u00e9e Farida Ghamra, du Mouvement de la soci\u00e9t\u00e9 pour la paix, a pour sa part salu\u00e9 \u00ab\u00a0les d\u00e9cisions relatives \u00e0 l&rsquo;augmentation des salaires, \u00e0 l&rsquo;importation d&rsquo;autobus et au d\u00e9veloppement de la finance islamique\u00a0\u00bb, soulignant toutefois \u00ab\u00a0la n\u00e9cessit\u00e9 de lutter contre la bureaucratie qui entrave la r\u00e9alisation des projets de d\u00e9veloppement\u00a0\u00bb. Cette pr\u00e9occupation relative aux lourdeurs administratives a \u00e9t\u00e9 partag\u00e9e par plusieurs intervenants.<\/p>\n\n\n\n<p>La question du logement et des infrastructures a \u00e9galement occup\u00e9 une place importante dans les d\u00e9bats. Ali Mouilhi, du Front de la justice et du d\u00e9veloppement, a appel\u00e9 \u00e0 \u00ab\u00a0la r\u00e9vision des conditions d&rsquo;\u00e9ligibilit\u00e9 pour l&rsquo;acc\u00e8s au logement public locatif, notamment dans les wilayas frontali\u00e8res de l&rsquo;Est du pays\u00a0\u00bb, r\u00e9clamant parall\u00e8lement la lev\u00e9e du gel des projets vitaux. Fateh Brikat, d\u00e9put\u00e9 du Front El Moustakbal, a livr\u00e9 une appr\u00e9ciation globale positive du texte, estimant que \u00ab\u00a0le projet de loi \u00e9tablit un \u00e9quilibre entre les ambitions du d\u00e9veloppement et les capacit\u00e9s de mise en \u0153uvre\u00a0\u00bb et saluant \u00ab\u00a0les r\u00e9formes \u00e9conomiques et sociales initi\u00e9es par l&rsquo;\u00c9tat, et qui se poursuivront \u00e0 travers le PLF 2026\u00a0\u00bb. Au-del\u00e0 des satisfactions exprim\u00e9es, les parlementaires ont formul\u00e9 diverses propositions visant \u00e0 optimiser l&rsquo;impact du budget. Parmi celles-ci figurent la facilitation de l&rsquo;exportation de l&rsquo;exc\u00e9dent de la production agricole, l&rsquo;encouragement des industries de transformation, ainsi que la r\u00e9alisation de structures publiques dans les secteurs de l&rsquo;\u00e9ducation, de la sant\u00e9, de l&rsquo;hydraulique, de la culture et des sports. Ces recommandations visent \u00e0 refl\u00e9ter les orientations du PLF vers le renforcement d&rsquo;un d\u00e9veloppement global et \u00e9quilibr\u00e9 sur l&rsquo;ensemble du territoire national.<\/p>\n\n\n\n<p>Malik Meziane<\/p>\n","protected":false},"excerpt":{"rendered":"<p>Pas de nouvelles taxes, maintien du pouvoir d&rsquo;achat et relance de l&rsquo;investissement : le projet de loi de finances 2026<\/p>\n","protected":false},"author":6,"featured_media":76087,"comment_status":"open","ping_status":"closed","sticky":false,"template":"","format":"standard","meta":{"colormag_page_container_layout":"default_layout","colormag_page_sidebar_layout":"default_layout","om_disable_all_campaigns":false,"_monsterinsights_skip_tracking":false,"_monsterinsights_sitenote_active":false,"_monsterinsights_sitenote_note":"","_monsterinsights_sitenote_category":0,"footnotes":"","_wpscppro_dont_share_socialmedia":false,"_wpscppro_custom_social_share_image":0,"_facebook_share_type":"default","_twitter_share_type":"default","_linkedin_share_type":"default","_pinterest_share_type":"default","_linkedin_share_type_page":"","_instagram_share_type":"default","_medium_share_type":"default","_threads_share_type":"default","_google_business_share_type":"default","_selected_social_profile":[],"_wpsp_enable_custom_social_template":false,"_wpsp_social_scheduling":{"enabled":false,"datetime":null,"platforms":[],"status":"template_only","dateOption":"today","timeOption":"now","customDays":"","customHours":"","customDate":"","customTime":"","schedulingType":"absolute"},"_wpsp_active_default_template":true},"categories":[27],"tags":[],"class_list":["post-76086","post","type-post","status-publish","format-standard","has-post-thumbnail","hentry","category-actualite"],"aioseo_notices":[],"yoast_head":"<!-- This site is optimized with the Yoast SEO plugin v27.5 - https:\/\/yoast.com\/product\/yoast-seo-wordpress\/ -->\n<title>PLF 2026\u00a0: Les d\u00e9put\u00e9s pl\u00e9biscitent un budget social sans nouvelles taxes - La Sentinelle<\/title>\n<meta name=\"robots\" content=\"index, follow, max-snippet:-1, max-image-preview:large, max-video-preview:-1\" \/>\n<link rel=\"canonical\" href=\"https:\/\/lasentinelle.dz\/index.php\/2025\/11\/11\/plf-2026-les-deputes-plebiscitent-un-budget-social-sans-nouvelles-taxes\/\" \/>\n<meta property=\"og:locale\" content=\"fr_FR\" \/>\n<meta property=\"og:type\" content=\"article\" \/>\n<meta property=\"og:title\" content=\"PLF 2026\u00a0: Les d\u00e9put\u00e9s pl\u00e9biscitent un budget social sans nouvelles taxes - La Sentinelle\" \/>\n<meta property=\"og:description\" content=\"Pas de nouvelles taxes, maintien du pouvoir d&rsquo;achat et relance de l&rsquo;investissement : le projet de loi de finances 2026\" \/>\n<meta property=\"og:url\" content=\"https:\/\/lasentinelle.dz\/index.php\/2025\/11\/11\/plf-2026-les-deputes-plebiscitent-un-budget-social-sans-nouvelles-taxes\/\" \/>\n<meta property=\"og:site_name\" content=\"La Sentinelle\" \/>\n<meta property=\"article:publisher\" content=\"https:\/\/www.facebook.com\/La-Sentinelle-104059864394773\" \/>\n<meta property=\"article:published_time\" content=\"2025-11-11T11:53:01+00:00\" \/>\n<meta property=\"article:modified_time\" content=\"2025-11-11T11:53:02+00:00\" \/>\n<meta property=\"og:image\" content=\"https:\/\/lasentinelle.dz\/wp-content\/uploads\/2025\/11\/apn.jpeg\" \/>\n\t<meta property=\"og:image:width\" content=\"2048\" \/>\n\t<meta property=\"og:image:height\" content=\"1365\" \/>\n\t<meta property=\"og:image:type\" content=\"image\/jpeg\" \/>\n<meta name=\"author\" content=\"admin\" \/>\n<meta name=\"twitter:card\" content=\"summary_large_image\" \/>\n<meta name=\"twitter:label1\" content=\"\u00c9crit par\" \/>\n\t<meta name=\"twitter:data1\" content=\"admin\" \/>\n\t<meta name=\"twitter:label2\" content=\"Dur\u00e9e de lecture estim\u00e9e\" \/>\n\t<meta name=\"twitter:data2\" content=\"4 minutes\" \/>\n<script type=\"application\/ld+json\" class=\"yoast-schema-graph\">{\"@context\":\"https:\\\/\\\/schema.org\",\"@graph\":[{\"@type\":\"Article\",\"@id\":\"https:\\\/\\\/lasentinelle.dz\\\/index.php\\\/2025\\\/11\\\/11\\\/plf-2026-les-deputes-plebiscitent-un-budget-social-sans-nouvelles-taxes\\\/#article\",\"isPartOf\":{\"@id\":\"https:\\\/\\\/lasentinelle.dz\\\/index.php\\\/2025\\\/11\\\/11\\\/plf-2026-les-deputes-plebiscitent-un-budget-social-sans-nouvelles-taxes\\\/\"},\"author\":{\"name\":\"admin\",\"@id\":\"https:\\\/\\\/lasentinelle.dz\\\/#\\\/schema\\\/person\\\/729ee0024f24e0b8c5ec17232f8e8b41\"},\"headline\":\"PLF 2026\u00a0: Les d\u00e9put\u00e9s pl\u00e9biscitent un budget social sans nouvelles taxes\",\"datePublished\":\"2025-11-11T11:53:01+00:00\",\"dateModified\":\"2025-11-11T11:53:02+00:00\",\"mainEntityOfPage\":{\"@id\":\"https:\\\/\\\/lasentinelle.dz\\\/index.php\\\/2025\\\/11\\\/11\\\/plf-2026-les-deputes-plebiscitent-un-budget-social-sans-nouvelles-taxes\\\/\"},\"wordCount\":739,\"commentCount\":0,\"publisher\":{\"@id\":\"https:\\\/\\\/lasentinelle.dz\\\/#organization\"},\"image\":{\"@id\":\"https:\\\/\\\/lasentinelle.dz\\\/index.php\\\/2025\\\/11\\\/11\\\/plf-2026-les-deputes-plebiscitent-un-budget-social-sans-nouvelles-taxes\\\/#primaryimage\"},\"thumbnailUrl\":\"https:\\\/\\\/lasentinelle.dz\\\/wp-content\\\/uploads\\\/2025\\\/11\\\/apn.jpeg\",\"articleSection\":[\"Actualit\u00e9\"],\"inLanguage\":\"fr-FR\",\"potentialAction\":[{\"@type\":\"CommentAction\",\"name\":\"Comment\",\"target\":[\"https:\\\/\\\/lasentinelle.dz\\\/index.php\\\/2025\\\/11\\\/11\\\/plf-2026-les-deputes-plebiscitent-un-budget-social-sans-nouvelles-taxes\\\/#respond\"]}]},{\"@type\":\"WebPage\",\"@id\":\"https:\\\/\\\/lasentinelle.dz\\\/index.php\\\/2025\\\/11\\\/11\\\/plf-2026-les-deputes-plebiscitent-un-budget-social-sans-nouvelles-taxes\\\/\",\"url\":\"https:\\\/\\\/lasentinelle.dz\\\/index.php\\\/2025\\\/11\\\/11\\\/plf-2026-les-deputes-plebiscitent-un-budget-social-sans-nouvelles-taxes\\\/\",\"name\":\"PLF 2026\u00a0: Les d\u00e9put\u00e9s pl\u00e9biscitent un budget social sans nouvelles taxes - La Sentinelle\",\"isPartOf\":{\"@id\":\"https:\\\/\\\/lasentinelle.dz\\\/#website\"},\"primaryImageOfPage\":{\"@id\":\"https:\\\/\\\/lasentinelle.dz\\\/index.php\\\/2025\\\/11\\\/11\\\/plf-2026-les-deputes-plebiscitent-un-budget-social-sans-nouvelles-taxes\\\/#primaryimage\"},\"image\":{\"@id\":\"https:\\\/\\\/lasentinelle.dz\\\/index.php\\\/2025\\\/11\\\/11\\\/plf-2026-les-deputes-plebiscitent-un-budget-social-sans-nouvelles-taxes\\\/#primaryimage\"},\"thumbnailUrl\":\"https:\\\/\\\/lasentinelle.dz\\\/wp-content\\\/uploads\\\/2025\\\/11\\\/apn.jpeg\",\"datePublished\":\"2025-11-11T11:53:01+00:00\",\"dateModified\":\"2025-11-11T11:53:02+00:00\",\"breadcrumb\":{\"@id\":\"https:\\\/\\\/lasentinelle.dz\\\/index.php\\\/2025\\\/11\\\/11\\\/plf-2026-les-deputes-plebiscitent-un-budget-social-sans-nouvelles-taxes\\\/#breadcrumb\"},\"inLanguage\":\"fr-FR\",\"potentialAction\":[{\"@type\":\"ReadAction\",\"target\":[\"https:\\\/\\\/lasentinelle.dz\\\/index.php\\\/2025\\\/11\\\/11\\\/plf-2026-les-deputes-plebiscitent-un-budget-social-sans-nouvelles-taxes\\\/\"]}]},{\"@type\":\"ImageObject\",\"inLanguage\":\"fr-FR\",\"@id\":\"https:\\\/\\\/lasentinelle.dz\\\/index.php\\\/2025\\\/11\\\/11\\\/plf-2026-les-deputes-plebiscitent-un-budget-social-sans-nouvelles-taxes\\\/#primaryimage\",\"url\":\"https:\\\/\\\/lasentinelle.dz\\\/wp-content\\\/uploads\\\/2025\\\/11\\\/apn.jpeg\",\"contentUrl\":\"https:\\\/\\\/lasentinelle.dz\\\/wp-content\\\/uploads\\\/2025\\\/11\\\/apn.jpeg\",\"width\":2048,\"height\":1365},{\"@type\":\"BreadcrumbList\",\"@id\":\"https:\\\/\\\/lasentinelle.dz\\\/index.php\\\/2025\\\/11\\\/11\\\/plf-2026-les-deputes-plebiscitent-un-budget-social-sans-nouvelles-taxes\\\/#breadcrumb\",\"itemListElement\":[{\"@type\":\"ListItem\",\"position\":1,\"name\":\"Accueil\",\"item\":\"https:\\\/\\\/lasentinelle.dz\\\/\"},{\"@type\":\"ListItem\",\"position\":2,\"name\":\"PLF 2026\u00a0: Les d\u00e9put\u00e9s pl\u00e9biscitent un budget social sans nouvelles taxes\"}]},{\"@type\":\"WebSite\",\"@id\":\"https:\\\/\\\/lasentinelle.dz\\\/#website\",\"url\":\"https:\\\/\\\/lasentinelle.dz\\\/\",\"name\":\"La Sentinelle\",\"description\":\"Quotidien national d&#039;information\",\"publisher\":{\"@id\":\"https:\\\/\\\/lasentinelle.dz\\\/#organization\"},\"potentialAction\":[{\"@type\":\"SearchAction\",\"target\":{\"@type\":\"EntryPoint\",\"urlTemplate\":\"https:\\\/\\\/lasentinelle.dz\\\/?s={search_term_string}\"},\"query-input\":{\"@type\":\"PropertyValueSpecification\",\"valueRequired\":true,\"valueName\":\"search_term_string\"}}],\"inLanguage\":\"fr-FR\"},{\"@type\":\"Organization\",\"@id\":\"https:\\\/\\\/lasentinelle.dz\\\/#organization\",\"name\":\"Quotidien La Sentinelle\",\"url\":\"https:\\\/\\\/lasentinelle.dz\\\/\",\"logo\":{\"@type\":\"ImageObject\",\"inLanguage\":\"fr-FR\",\"@id\":\"https:\\\/\\\/lasentinelle.dz\\\/#\\\/schema\\\/logo\\\/image\\\/\",\"url\":\"https:\\\/\\\/lasentinelle.dz\\\/wp-content\\\/uploads\\\/2021\\\/09\\\/logo-sentinelleSLOGAN-1.png\",\"contentUrl\":\"https:\\\/\\\/lasentinelle.dz\\\/wp-content\\\/uploads\\\/2021\\\/09\\\/logo-sentinelleSLOGAN-1.png\",\"width\":615,\"height\":142,\"caption\":\"Quotidien La Sentinelle\"},\"image\":{\"@id\":\"https:\\\/\\\/lasentinelle.dz\\\/#\\\/schema\\\/logo\\\/image\\\/\"},\"sameAs\":[\"https:\\\/\\\/www.facebook.com\\\/La-Sentinelle-104059864394773\"]},{\"@type\":\"Person\",\"@id\":\"https:\\\/\\\/lasentinelle.dz\\\/#\\\/schema\\\/person\\\/729ee0024f24e0b8c5ec17232f8e8b41\",\"name\":\"admin\",\"image\":{\"@type\":\"ImageObject\",\"inLanguage\":\"fr-FR\",\"@id\":\"https:\\\/\\\/secure.gravatar.com\\\/avatar\\\/4c81fed838786e9b53f540bf46533e750f5d292099ae3b66cfc6fb1982e29df7?s=96&d=mm&r=g\",\"url\":\"https:\\\/\\\/secure.gravatar.com\\\/avatar\\\/4c81fed838786e9b53f540bf46533e750f5d292099ae3b66cfc6fb1982e29df7?s=96&d=mm&r=g\",\"contentUrl\":\"https:\\\/\\\/secure.gravatar.com\\\/avatar\\\/4c81fed838786e9b53f540bf46533e750f5d292099ae3b66cfc6fb1982e29df7?s=96&d=mm&r=g\",\"caption\":\"admin\"},\"description\":\"admin\",\"url\":\"https:\\\/\\\/lasentinelle.dz\\\/author\\\/admin\\\/\"}]}<\/script>\n<!-- \/ Yoast SEO plugin. -->","yoast_head_json":{"title":"PLF 2026\u00a0: Les d\u00e9put\u00e9s pl\u00e9biscitent un budget social sans nouvelles taxes - La Sentinelle","robots":{"index":"index","follow":"follow","max-snippet":"max-snippet:-1","max-image-preview":"max-image-preview:large","max-video-preview":"max-video-preview:-1"},"canonical":"https:\/\/lasentinelle.dz\/index.php\/2025\/11\/11\/plf-2026-les-deputes-plebiscitent-un-budget-social-sans-nouvelles-taxes\/","og_locale":"fr_FR","og_type":"article","og_title":"PLF 2026\u00a0: Les d\u00e9put\u00e9s pl\u00e9biscitent un budget social sans nouvelles taxes - La Sentinelle","og_description":"Pas de nouvelles taxes, maintien du pouvoir d&rsquo;achat et relance de l&rsquo;investissement : le projet de loi de finances 2026","og_url":"https:\/\/lasentinelle.dz\/index.php\/2025\/11\/11\/plf-2026-les-deputes-plebiscitent-un-budget-social-sans-nouvelles-taxes\/","og_site_name":"La Sentinelle","article_publisher":"https:\/\/www.facebook.com\/La-Sentinelle-104059864394773","article_published_time":"2025-11-11T11:53:01+00:00","article_modified_time":"2025-11-11T11:53:02+00:00","og_image":[{"width":2048,"height":1365,"url":"https:\/\/lasentinelle.dz\/wp-content\/uploads\/2025\/11\/apn.jpeg","type":"image\/jpeg"}],"author":"admin","twitter_card":"summary_large_image","twitter_misc":{"\u00c9crit par":"admin","Dur\u00e9e de lecture estim\u00e9e":"4 minutes"},"schema":{"@context":"https:\/\/schema.org","@graph":[{"@type":"Article","@id":"https:\/\/lasentinelle.dz\/index.php\/2025\/11\/11\/plf-2026-les-deputes-plebiscitent-un-budget-social-sans-nouvelles-taxes\/#article","isPartOf":{"@id":"https:\/\/lasentinelle.dz\/index.php\/2025\/11\/11\/plf-2026-les-deputes-plebiscitent-un-budget-social-sans-nouvelles-taxes\/"},"author":{"name":"admin","@id":"https:\/\/lasentinelle.dz\/#\/schema\/person\/729ee0024f24e0b8c5ec17232f8e8b41"},"headline":"PLF 2026\u00a0: Les d\u00e9put\u00e9s pl\u00e9biscitent un budget social sans nouvelles taxes","datePublished":"2025-11-11T11:53:01+00:00","dateModified":"2025-11-11T11:53:02+00:00","mainEntityOfPage":{"@id":"https:\/\/lasentinelle.dz\/index.php\/2025\/11\/11\/plf-2026-les-deputes-plebiscitent-un-budget-social-sans-nouvelles-taxes\/"},"wordCount":739,"commentCount":0,"publisher":{"@id":"https:\/\/lasentinelle.dz\/#organization"},"image":{"@id":"https:\/\/lasentinelle.dz\/index.php\/2025\/11\/11\/plf-2026-les-deputes-plebiscitent-un-budget-social-sans-nouvelles-taxes\/#primaryimage"},"thumbnailUrl":"https:\/\/lasentinelle.dz\/wp-content\/uploads\/2025\/11\/apn.jpeg","articleSection":["Actualit\u00e9"],"inLanguage":"fr-FR","potentialAction":[{"@type":"CommentAction","name":"Comment","target":["https:\/\/lasentinelle.dz\/index.php\/2025\/11\/11\/plf-2026-les-deputes-plebiscitent-un-budget-social-sans-nouvelles-taxes\/#respond"]}]},{"@type":"WebPage","@id":"https:\/\/lasentinelle.dz\/index.php\/2025\/11\/11\/plf-2026-les-deputes-plebiscitent-un-budget-social-sans-nouvelles-taxes\/","url":"https:\/\/lasentinelle.dz\/index.php\/2025\/11\/11\/plf-2026-les-deputes-plebiscitent-un-budget-social-sans-nouvelles-taxes\/","name":"PLF 2026\u00a0: Les d\u00e9put\u00e9s pl\u00e9biscitent un budget social sans nouvelles taxes - La Sentinelle","isPartOf":{"@id":"https:\/\/lasentinelle.dz\/#website"},"primaryImageOfPage":{"@id":"https:\/\/lasentinelle.dz\/index.php\/2025\/11\/11\/plf-2026-les-deputes-plebiscitent-un-budget-social-sans-nouvelles-taxes\/#primaryimage"},"image":{"@id":"https:\/\/lasentinelle.dz\/index.php\/2025\/11\/11\/plf-2026-les-deputes-plebiscitent-un-budget-social-sans-nouvelles-taxes\/#primaryimage"},"thumbnailUrl":"https:\/\/lasentinelle.dz\/wp-content\/uploads\/2025\/11\/apn.jpeg","datePublished":"2025-11-11T11:53:01+00:00","dateModified":"2025-11-11T11:53:02+00:00","breadcrumb":{"@id":"https:\/\/lasentinelle.dz\/index.php\/2025\/11\/11\/plf-2026-les-deputes-plebiscitent-un-budget-social-sans-nouvelles-taxes\/#breadcrumb"},"inLanguage":"fr-FR","potentialAction":[{"@type":"ReadAction","target":["https:\/\/lasentinelle.dz\/index.php\/2025\/11\/11\/plf-2026-les-deputes-plebiscitent-un-budget-social-sans-nouvelles-taxes\/"]}]},{"@type":"ImageObject","inLanguage":"fr-FR","@id":"https:\/\/lasentinelle.dz\/index.php\/2025\/11\/11\/plf-2026-les-deputes-plebiscitent-un-budget-social-sans-nouvelles-taxes\/#primaryimage","url":"https:\/\/lasentinelle.dz\/wp-content\/uploads\/2025\/11\/apn.jpeg","contentUrl":"https:\/\/lasentinelle.dz\/wp-content\/uploads\/2025\/11\/apn.jpeg","width":2048,"height":1365},{"@type":"BreadcrumbList","@id":"https:\/\/lasentinelle.dz\/index.php\/2025\/11\/11\/plf-2026-les-deputes-plebiscitent-un-budget-social-sans-nouvelles-taxes\/#breadcrumb","itemListElement":[{"@type":"ListItem","position":1,"name":"Accueil","item":"https:\/\/lasentinelle.dz\/"},{"@type":"ListItem","position":2,"name":"PLF 2026\u00a0: Les d\u00e9put\u00e9s pl\u00e9biscitent un budget social sans nouvelles taxes"}]},{"@type":"WebSite","@id":"https:\/\/lasentinelle.dz\/#website","url":"https:\/\/lasentinelle.dz\/","name":"La Sentinelle","description":"Quotidien national d&#039;information","publisher":{"@id":"https:\/\/lasentinelle.dz\/#organization"},"potentialAction":[{"@type":"SearchAction","target":{"@type":"EntryPoint","urlTemplate":"https:\/\/lasentinelle.dz\/?s={search_term_string}"},"query-input":{"@type":"PropertyValueSpecification","valueRequired":true,"valueName":"search_term_string"}}],"inLanguage":"fr-FR"},{"@type":"Organization","@id":"https:\/\/lasentinelle.dz\/#organization","name":"Quotidien La Sentinelle","url":"https:\/\/lasentinelle.dz\/","logo":{"@type":"ImageObject","inLanguage":"fr-FR","@id":"https:\/\/lasentinelle.dz\/#\/schema\/logo\/image\/","url":"https:\/\/lasentinelle.dz\/wp-content\/uploads\/2021\/09\/logo-sentinelleSLOGAN-1.png","contentUrl":"https:\/\/lasentinelle.dz\/wp-content\/uploads\/2021\/09\/logo-sentinelleSLOGAN-1.png","width":615,"height":142,"caption":"Quotidien La Sentinelle"},"image":{"@id":"https:\/\/lasentinelle.dz\/#\/schema\/logo\/image\/"},"sameAs":["https:\/\/www.facebook.com\/La-Sentinelle-104059864394773"]},{"@type":"Person","@id":"https:\/\/lasentinelle.dz\/#\/schema\/person\/729ee0024f24e0b8c5ec17232f8e8b41","name":"admin","image":{"@type":"ImageObject","inLanguage":"fr-FR","@id":"https:\/\/secure.gravatar.com\/avatar\/4c81fed838786e9b53f540bf46533e750f5d292099ae3b66cfc6fb1982e29df7?s=96&d=mm&r=g","url":"https:\/\/secure.gravatar.com\/avatar\/4c81fed838786e9b53f540bf46533e750f5d292099ae3b66cfc6fb1982e29df7?s=96&d=mm&r=g","contentUrl":"https:\/\/secure.gravatar.com\/avatar\/4c81fed838786e9b53f540bf46533e750f5d292099ae3b66cfc6fb1982e29df7?s=96&d=mm&r=g","caption":"admin"},"description":"admin","url":"https:\/\/lasentinelle.dz\/author\/admin\/"}]}},"_links":{"self":[{"href":"https:\/\/lasentinelle.dz\/index.php\/wp-json\/wp\/v2\/posts\/76086","targetHints":{"allow":["GET"]}}],"collection":[{"href":"https:\/\/lasentinelle.dz\/index.php\/wp-json\/wp\/v2\/posts"}],"about":[{"href":"https:\/\/lasentinelle.dz\/index.php\/wp-json\/wp\/v2\/types\/post"}],"author":[{"embeddable":true,"href":"https:\/\/lasentinelle.dz\/index.php\/wp-json\/wp\/v2\/users\/6"}],"replies":[{"embeddable":true,"href":"https:\/\/lasentinelle.dz\/index.php\/wp-json\/wp\/v2\/comments?post=76086"}],"version-history":[{"count":1,"href":"https:\/\/lasentinelle.dz\/index.php\/wp-json\/wp\/v2\/posts\/76086\/revisions"}],"predecessor-version":[{"id":76088,"href":"https:\/\/lasentinelle.dz\/index.php\/wp-json\/wp\/v2\/posts\/76086\/revisions\/76088"}],"wp:featuredmedia":[{"embeddable":true,"href":"https:\/\/lasentinelle.dz\/index.php\/wp-json\/wp\/v2\/media\/76087"}],"wp:attachment":[{"href":"https:\/\/lasentinelle.dz\/index.php\/wp-json\/wp\/v2\/media?parent=76086"}],"wp:term":[{"taxonomy":"category","embeddable":true,"href":"https:\/\/lasentinelle.dz\/index.php\/wp-json\/wp\/v2\/categories?post=76086"},{"taxonomy":"post_tag","embeddable":true,"href":"https:\/\/lasentinelle.dz\/index.php\/wp-json\/wp\/v2\/tags?post=76086"}],"curies":[{"name":"wp","href":"https:\/\/api.w.org\/{rel}","templated":true}]}}