{"id":76500,"date":"2025-11-20T12:53:03","date_gmt":"2025-11-20T11:53:03","guid":{"rendered":"https:\/\/lasentinelle.dz\/?p=76500"},"modified":"2025-11-20T12:53:04","modified_gmt":"2025-11-20T11:53:04","slug":"sahara-occidental-un-rapport-accablant-documente-50-ans-de-crimes-de-loccupation-marocaine","status":"publish","type":"post","link":"https:\/\/lasentinelle.dz\/index.php\/2025\/11\/20\/sahara-occidental-un-rapport-accablant-documente-50-ans-de-crimes-de-loccupation-marocaine\/","title":{"rendered":"Sahara occidental\u00a0: Un rapport accablant documente 50 ans de crimes de l&rsquo;occupation marocaine"},"content":{"rendered":"\n<p>Le Collectif des d\u00e9fenseurs des droits de l&rsquo;homme sahraouis (CODESA) a publi\u00e9 un rapport documentant plus de 38.000 crimes et violations graves commis contre les civils sahraouis au Sahara occidental par l&rsquo;occupation marocaine au cours des cinquante ann\u00e9es de pr\u00e9sence militaire sur ce territoire, d\u00e9non\u00e7ant l&rsquo;incapacit\u00e9 de l&rsquo;ONU \u00e0 mettre en \u0153uvre ses propres r\u00e9solutions et \u00e0 garantir le droit \u00e0 l&rsquo;autod\u00e9termination du peuple sahraoui. Le bilan dress\u00e9 par le CODESA est gla\u00e7ant. Le nombre total de crimes et violations graves des droits des Sahraouis s&rsquo;\u00e9l\u00e8ve \u00e0 38.041 cas, dont 317 ex\u00e9cutions extrajudiciaires, 13 d\u00e9c\u00e8s r\u00e9sultant de condamnations \u00e0 mort, 390 disparitions forc\u00e9es de longue dur\u00e9e, 4.565 enl\u00e8vements de courte dur\u00e9e, et 8.506 atteintes \u00e0 l&rsquo;int\u00e9grit\u00e9 physique et \u00e0 la s\u00e9curit\u00e9 personnelle. S&rsquo;y ajoutent 1.242 arrestations politiques, 8.100 d\u00e9portations ou d\u00e9placements forc\u00e9s de la jeunesse sahraouie, 636 victimes de mines antipersonnel, 837 emp\u00eachements de l&rsquo;acc\u00e8s \u00e0 des observateurs internationaux, 1.241 restrictions ou privations du droit \u00e0 la libert\u00e9 de circulation, et 9.806 raids domiciliaires et destructions de biens. Le CODESA pr\u00e9cise toutefois que les chiffres et donn\u00e9es pr\u00e9sent\u00e9s dans le rapport sont partiels et pr\u00e9liminaires en raison, notamment, de la r\u00e9pression g\u00e9n\u00e9ralis\u00e9e et des lourdes restrictions impos\u00e9es aux membres de l&rsquo;organisation, auxquelles s&rsquo;ajoute la faiblesse de ses moyens mat\u00e9riels. Le document, intitul\u00e9 \u00ab\u00a0Sahara occidental : le dernier test de la cr\u00e9dibilit\u00e9 du syst\u00e8me des Nations unies\u00a0\u00bb, pointe du doigt l&rsquo;\u00e9chec flagrant de l&rsquo;ONU \u00e0 faire respecter ses propres r\u00e9solutions, malgr\u00e9 la pr\u00e9sence de la MINURSO depuis 1991, mission cr\u00e9\u00e9e afin d&rsquo;organiser un r\u00e9f\u00e9rendum d&rsquo;autod\u00e9termination qui n&rsquo;a jamais vu le jour. Pour \u00e9tablir ce r\u00e9quisitoire implacable, l&rsquo;\u00e9quipe de travail a adopt\u00e9 une m\u00e9thodologie de d\u00e9coupage chronologique couvrant un demi-si\u00e8cle d&rsquo;occupation marocaine du Sahara occidental \u00e0 travers trois phases distinctes. La premi\u00e8re, allant d&rsquo;octobre 1975 \u00e0 avril 2007, a \u00e9t\u00e9 marqu\u00e9e par l&rsquo;invasion militaire et l&rsquo;annexion forc\u00e9e du Sahara occidental par la puissance occupante marocaine, apr\u00e8s l&rsquo;abandon par l&rsquo;Espagne de l&rsquo;organisation du r\u00e9f\u00e9rendum d&rsquo;autod\u00e9termination du peuple sahraoui. Cette p\u00e9riode inaugurale a \u00e9t\u00e9 le th\u00e9\u00e2tre de crimes de g\u00e9nocide, de crimes de guerre, de crimes contre l&rsquo;humanit\u00e9, ainsi que de graves violations des droits humains contre les civils sahraouis, \u00e9tablissant les fondements d&rsquo;une politique r\u00e9pressive qui perdure jusqu&rsquo;\u00e0 aujourd&rsquo;hui. La deuxi\u00e8me phase, s&rsquo;\u00e9tendant de mai 2007 \u00e0 novembre 2020, a \u00e9t\u00e9 caract\u00e9ris\u00e9e par la poursuite des crimes contre l&rsquo;humanit\u00e9 et des violations graves des droits humains \u00e0 l&rsquo;encontre des d\u00e9fenseurs des droits humains, blogueurs, \u00e9tudiants, ch\u00f4meurs, et civils sahraouis, dans le cadre d&rsquo;une politique syst\u00e9matique d&rsquo;intimidation et de punition collective \u00e0 grande \u00e9chelle. Cette p\u00e9riode a vu l&rsquo;intensification de la r\u00e9pression contre toute forme de contestation pacifique, transformant le territoire en une v\u00e9ritable prison \u00e0 ciel ouvert pour le peuple sahraoui. La troisi\u00e8me phase, qui a d\u00e9but\u00e9 apr\u00e8s la rupture du cessez-le-feu par le Maroc en novembre 2020, marque une escalade dramatique dans les violations. Le Maroc a occup\u00e9 de nouvelles zones du territoire et utilis\u00e9 des drones pour bombarder des civils sahraouis et \u00e9trangers \u00e0 l&rsquo;est du mur militaire. Durant cette p\u00e9riode, 1.475 crimes ont \u00e9t\u00e9 recens\u00e9s, t\u00e9moignant d&rsquo;une intensification de la violence et de la brutalit\u00e9 de l&rsquo;occupation. Le rapport documente la poursuite des frappes de drones men\u00e9es par la force d&rsquo;occupation marocaine contre des civils sahraouis et \u00e9trangers \u00e0 l&rsquo;est du mur militaire, ainsi que les actes de torture, les mauvais traitements et les d\u00e9tentions arbitraires inflig\u00e9s aux prisonniers politiques sahraouis dans les ge\u00f4les marocaines, en violation flagrante de la Quatri\u00e8me Convention de Gen\u00e8ve et d&rsquo;autres trait\u00e9s et instruments internationaux relatifs aux droits humains. Au-del\u00e0 de la violence physique directe, le rapport met \u00e9galement en \u00e9vidence la discrimination syst\u00e9matique exerc\u00e9e par l&rsquo;occupation marocaine \u00e0 l&rsquo;encontre des civils sahraouis et la confiscation de leurs droits fondamentaux. Il d\u00e9nonce la poursuite du pillage des ressources naturelles du territoire en collusion avec des entreprises \u00e9trang\u00e8res, en d\u00e9pit des arr\u00eats de la Cour de justice de l&rsquo;Union europ\u00e9enne confirmant l&rsquo;ill\u00e9galit\u00e9 de toute exploitation de ces ressources sans le consentement du peuple sahraoui, repr\u00e9sent\u00e9 par son seul repr\u00e9sentant l\u00e9gitime, le Front Polisario. Cette spoliation \u00e9conomique s&rsquo;inscrit dans une logique coloniale visant \u00e0 vider le territoire de sa substance tout en enrichissant la puissance occupante et ses complices internationaux.<\/p>\n\n\n\n<p>Le document traite \u00e9galement de la croissance et de l&rsquo;expansion d&rsquo;une politique de colonisation syst\u00e9matique et intensive au Sahara occidental, mat\u00e9rialis\u00e9e par le transfert de vagues de colons par la puissance occupante marocaine et par la mise en place d&rsquo;incitations pour leur installation \u00e0 diff\u00e9rentes p\u00e9riodes. Cette strat\u00e9gie d\u00e9lib\u00e9r\u00e9e vise \u00e0 alt\u00e9rer la composition d\u00e9mographique du territoire et \u00e0 p\u00e9renniser l&rsquo;occupation marocaine en cr\u00e9ant des faits accomplis sur le terrain, transformant les Sahraouis en minorit\u00e9 dans leur propre pays. Le rapport du CODESA documente \u00e9galement la souffrance continue des civils sahraouis en raison de la pr\u00e9sence massive de mines terrestres plant\u00e9es par la puissance occupante marocaine au Sahara occidental et de leurs effets destructeurs sur l&rsquo;environnement, sur les Sahraouis et sur leurs biens. Ces engins de mort, diss\u00e9min\u00e9s sur de vastes \u00e9tendues, constituent une menace permanente pour les populations civiles et compromettent toute possibilit\u00e9 de d\u00e9veloppement normal du territoire.<\/p>\n\n\n\n<p>Face \u00e0 ce bilan accablant, le rapport appelle \u00e0 acc\u00e9l\u00e9rer la d\u00e9colonisation du territoire et \u00e0 l&rsquo;envoi d&rsquo;une commission internationale d&rsquo;enqu\u00eate sur les crimes commis par la puissance occupante en lien avec la violation du droit du peuple sahraoui \u00e0 l&rsquo;autod\u00e9termination et \u00e0 la souverainet\u00e9 sur ses ressources naturelles. Il pr\u00e9conise de s&rsquo;opposer effectivement aux crimes de colonisation, de d\u00e9molition de maisons, de confiscation de terres et de leur cession \u00e0 des entreprises \u00e9trang\u00e8res, ainsi qu&rsquo;aux crimes d&rsquo;expulsion et de d\u00e9placement forc\u00e9, en activant les m\u00e9canismes judiciaires internationaux. Le CODESA insiste particuli\u00e8rement sur la n\u00e9cessit\u00e9 de r\u00e9v\u00e9ler le sort des Sahraouis disparus et des prisonniers de guerre, ainsi que sur la lib\u00e9ration des prisonniers politiques sahraouis d\u00e9tenus dans les prisons marocaines. L&rsquo;organisation plaide pour la mise en place d&rsquo;un m\u00e9canisme onusien de surveillance des droits humains et pour l&rsquo;octroi \u00e0 la MINURSO d&rsquo;un mandat de supervision et de rapport sur les violations des droits de l&rsquo;homme au Sahara occidental, transformant ainsi cette mission d&rsquo;observateurs en un v\u00e9ritable instrument de protection des populations civiles sahraouies.<\/p>\n\n\n\n<p>L.S.<\/p>\n","protected":false},"excerpt":{"rendered":"<p>Le Collectif des d\u00e9fenseurs des droits de l&rsquo;homme sahraouis (CODESA) a publi\u00e9 un rapport documentant plus de 38.000 crimes et<\/p>\n","protected":false},"author":6,"featured_media":26611,"comment_status":"open","ping_status":"closed","sticky":false,"template":"","format":"standard","meta":{"colormag_page_container_layout":"default_layout","colormag_page_sidebar_layout":"default_layout","om_disable_all_campaigns":false,"_monsterinsights_skip_tracking":false,"_monsterinsights_sitenote_active":false,"_monsterinsights_sitenote_note":"","_monsterinsights_sitenote_category":0,"footnotes":"","_wpscppro_dont_share_socialmedia":false,"_wpscppro_custom_social_share_image":0,"_facebook_share_type":"default","_twitter_share_type":"default","_linkedin_share_type":"default","_pinterest_share_type":"default","_linkedin_share_type_page":"","_instagram_share_type":"default","_medium_share_type":"default","_threads_share_type":"default","_google_business_share_type":"default","_selected_social_profile":[],"_wpsp_enable_custom_social_template":false,"_wpsp_social_scheduling":{"enabled":false,"datetime":null,"platforms":[],"status":"template_only","dateOption":"today","timeOption":"now","customDays":"","customHours":"","customDate":"","customTime":"","schedulingType":"absolute"},"_wpsp_active_default_template":true},"categories":[52,37],"tags":[],"class_list":["post-76500","post","type-post","status-publish","format-standard","has-post-thumbnail","hentry","category-a-la-une","category-monde"],"aioseo_notices":[],"yoast_head":"<!-- This site is optimized with the Yoast SEO plugin v27.4 - https:\/\/yoast.com\/product\/yoast-seo-wordpress\/ -->\n<title>Sahara occidental\u00a0: Un rapport accablant documente 50 ans de crimes de l&rsquo;occupation marocaine - La Sentinelle<\/title>\n<meta name=\"robots\" content=\"index, follow, max-snippet:-1, max-image-preview:large, max-video-preview:-1\" \/>\n<link rel=\"canonical\" href=\"https:\/\/lasentinelle.dz\/index.php\/2025\/11\/20\/sahara-occidental-un-rapport-accablant-documente-50-ans-de-crimes-de-loccupation-marocaine\/\" \/>\n<meta property=\"og:locale\" content=\"fr_FR\" \/>\n<meta property=\"og:type\" content=\"article\" \/>\n<meta property=\"og:title\" content=\"Sahara occidental\u00a0: Un rapport accablant documente 50 ans de crimes de l&rsquo;occupation marocaine - La Sentinelle\" \/>\n<meta property=\"og:description\" content=\"Le Collectif des d\u00e9fenseurs des droits de l&rsquo;homme sahraouis (CODESA) a publi\u00e9 un rapport documentant plus de 38.000 crimes et\" \/>\n<meta property=\"og:url\" content=\"https:\/\/lasentinelle.dz\/index.php\/2025\/11\/20\/sahara-occidental-un-rapport-accablant-documente-50-ans-de-crimes-de-loccupation-marocaine\/\" \/>\n<meta property=\"og:site_name\" content=\"La Sentinelle\" \/>\n<meta property=\"article:publisher\" content=\"https:\/\/www.facebook.com\/La-Sentinelle-104059864394773\" \/>\n<meta property=\"article:published_time\" content=\"2025-11-20T11:53:03+00:00\" \/>\n<meta property=\"article:modified_time\" content=\"2025-11-20T11:53:04+00:00\" \/>\n<meta property=\"og:image\" content=\"https:\/\/lasentinelle.dz\/wp-content\/uploads\/2022\/08\/repres_marocaine_13.png\" \/>\n\t<meta property=\"og:image:width\" content=\"1491\" \/>\n\t<meta property=\"og:image:height\" content=\"900\" \/>\n\t<meta property=\"og:image:type\" content=\"image\/png\" \/>\n<meta name=\"author\" content=\"admin\" \/>\n<meta name=\"twitter:card\" content=\"summary_large_image\" \/>\n<meta name=\"twitter:label1\" content=\"\u00c9crit par\" \/>\n\t<meta name=\"twitter:data1\" content=\"admin\" \/>\n\t<meta name=\"twitter:label2\" content=\"Dur\u00e9e de lecture estim\u00e9e\" \/>\n\t<meta name=\"twitter:data2\" content=\"6 minutes\" \/>\n<script type=\"application\/ld+json\" class=\"yoast-schema-graph\">{\"@context\":\"https:\\\/\\\/schema.org\",\"@graph\":[{\"@type\":\"Article\",\"@id\":\"https:\\\/\\\/lasentinelle.dz\\\/index.php\\\/2025\\\/11\\\/20\\\/sahara-occidental-un-rapport-accablant-documente-50-ans-de-crimes-de-loccupation-marocaine\\\/#article\",\"isPartOf\":{\"@id\":\"https:\\\/\\\/lasentinelle.dz\\\/index.php\\\/2025\\\/11\\\/20\\\/sahara-occidental-un-rapport-accablant-documente-50-ans-de-crimes-de-loccupation-marocaine\\\/\"},\"author\":{\"name\":\"admin\",\"@id\":\"https:\\\/\\\/lasentinelle.dz\\\/#\\\/schema\\\/person\\\/729ee0024f24e0b8c5ec17232f8e8b41\"},\"headline\":\"Sahara occidental\u00a0: Un rapport accablant documente 50 ans de crimes de l&rsquo;occupation marocaine\",\"datePublished\":\"2025-11-20T11:53:03+00:00\",\"dateModified\":\"2025-11-20T11:53:04+00:00\",\"mainEntityOfPage\":{\"@id\":\"https:\\\/\\\/lasentinelle.dz\\\/index.php\\\/2025\\\/11\\\/20\\\/sahara-occidental-un-rapport-accablant-documente-50-ans-de-crimes-de-loccupation-marocaine\\\/\"},\"wordCount\":1171,\"commentCount\":0,\"publisher\":{\"@id\":\"https:\\\/\\\/lasentinelle.dz\\\/#organization\"},\"image\":{\"@id\":\"https:\\\/\\\/lasentinelle.dz\\\/index.php\\\/2025\\\/11\\\/20\\\/sahara-occidental-un-rapport-accablant-documente-50-ans-de-crimes-de-loccupation-marocaine\\\/#primaryimage\"},\"thumbnailUrl\":\"https:\\\/\\\/lasentinelle.dz\\\/wp-content\\\/uploads\\\/2022\\\/08\\\/repres_marocaine_13.png\",\"articleSection\":[\"\u00c0 la Une\",\"Monde\"],\"inLanguage\":\"fr-FR\",\"potentialAction\":[{\"@type\":\"CommentAction\",\"name\":\"Comment\",\"target\":[\"https:\\\/\\\/lasentinelle.dz\\\/index.php\\\/2025\\\/11\\\/20\\\/sahara-occidental-un-rapport-accablant-documente-50-ans-de-crimes-de-loccupation-marocaine\\\/#respond\"]}]},{\"@type\":\"WebPage\",\"@id\":\"https:\\\/\\\/lasentinelle.dz\\\/index.php\\\/2025\\\/11\\\/20\\\/sahara-occidental-un-rapport-accablant-documente-50-ans-de-crimes-de-loccupation-marocaine\\\/\",\"url\":\"https:\\\/\\\/lasentinelle.dz\\\/index.php\\\/2025\\\/11\\\/20\\\/sahara-occidental-un-rapport-accablant-documente-50-ans-de-crimes-de-loccupation-marocaine\\\/\",\"name\":\"Sahara occidental\u00a0: Un rapport accablant documente 50 ans de crimes de l&rsquo;occupation marocaine - La Sentinelle\",\"isPartOf\":{\"@id\":\"https:\\\/\\\/lasentinelle.dz\\\/#website\"},\"primaryImageOfPage\":{\"@id\":\"https:\\\/\\\/lasentinelle.dz\\\/index.php\\\/2025\\\/11\\\/20\\\/sahara-occidental-un-rapport-accablant-documente-50-ans-de-crimes-de-loccupation-marocaine\\\/#primaryimage\"},\"image\":{\"@id\":\"https:\\\/\\\/lasentinelle.dz\\\/index.php\\\/2025\\\/11\\\/20\\\/sahara-occidental-un-rapport-accablant-documente-50-ans-de-crimes-de-loccupation-marocaine\\\/#primaryimage\"},\"thumbnailUrl\":\"https:\\\/\\\/lasentinelle.dz\\\/wp-content\\\/uploads\\\/2022\\\/08\\\/repres_marocaine_13.png\",\"datePublished\":\"2025-11-20T11:53:03+00:00\",\"dateModified\":\"2025-11-20T11:53:04+00:00\",\"breadcrumb\":{\"@id\":\"https:\\\/\\\/lasentinelle.dz\\\/index.php\\\/2025\\\/11\\\/20\\\/sahara-occidental-un-rapport-accablant-documente-50-ans-de-crimes-de-loccupation-marocaine\\\/#breadcrumb\"},\"inLanguage\":\"fr-FR\",\"potentialAction\":[{\"@type\":\"ReadAction\",\"target\":[\"https:\\\/\\\/lasentinelle.dz\\\/index.php\\\/2025\\\/11\\\/20\\\/sahara-occidental-un-rapport-accablant-documente-50-ans-de-crimes-de-loccupation-marocaine\\\/\"]}]},{\"@type\":\"ImageObject\",\"inLanguage\":\"fr-FR\",\"@id\":\"https:\\\/\\\/lasentinelle.dz\\\/index.php\\\/2025\\\/11\\\/20\\\/sahara-occidental-un-rapport-accablant-documente-50-ans-de-crimes-de-loccupation-marocaine\\\/#primaryimage\",\"url\":\"https:\\\/\\\/lasentinelle.dz\\\/wp-content\\\/uploads\\\/2022\\\/08\\\/repres_marocaine_13.png\",\"contentUrl\":\"https:\\\/\\\/lasentinelle.dz\\\/wp-content\\\/uploads\\\/2022\\\/08\\\/repres_marocaine_13.png\",\"width\":1491,\"height\":900},{\"@type\":\"BreadcrumbList\",\"@id\":\"https:\\\/\\\/lasentinelle.dz\\\/index.php\\\/2025\\\/11\\\/20\\\/sahara-occidental-un-rapport-accablant-documente-50-ans-de-crimes-de-loccupation-marocaine\\\/#breadcrumb\",\"itemListElement\":[{\"@type\":\"ListItem\",\"position\":1,\"name\":\"Accueil\",\"item\":\"https:\\\/\\\/lasentinelle.dz\\\/\"},{\"@type\":\"ListItem\",\"position\":2,\"name\":\"Sahara occidental\u00a0: Un rapport accablant documente 50 ans de crimes de l&rsquo;occupation marocaine\"}]},{\"@type\":\"WebSite\",\"@id\":\"https:\\\/\\\/lasentinelle.dz\\\/#website\",\"url\":\"https:\\\/\\\/lasentinelle.dz\\\/\",\"name\":\"La Sentinelle\",\"description\":\"Quotidien national d&#039;information\",\"publisher\":{\"@id\":\"https:\\\/\\\/lasentinelle.dz\\\/#organization\"},\"potentialAction\":[{\"@type\":\"SearchAction\",\"target\":{\"@type\":\"EntryPoint\",\"urlTemplate\":\"https:\\\/\\\/lasentinelle.dz\\\/?s={search_term_string}\"},\"query-input\":{\"@type\":\"PropertyValueSpecification\",\"valueRequired\":true,\"valueName\":\"search_term_string\"}}],\"inLanguage\":\"fr-FR\"},{\"@type\":\"Organization\",\"@id\":\"https:\\\/\\\/lasentinelle.dz\\\/#organization\",\"name\":\"Quotidien La Sentinelle\",\"url\":\"https:\\\/\\\/lasentinelle.dz\\\/\",\"logo\":{\"@type\":\"ImageObject\",\"inLanguage\":\"fr-FR\",\"@id\":\"https:\\\/\\\/lasentinelle.dz\\\/#\\\/schema\\\/logo\\\/image\\\/\",\"url\":\"https:\\\/\\\/lasentinelle.dz\\\/wp-content\\\/uploads\\\/2021\\\/09\\\/logo-sentinelleSLOGAN-1.png\",\"contentUrl\":\"https:\\\/\\\/lasentinelle.dz\\\/wp-content\\\/uploads\\\/2021\\\/09\\\/logo-sentinelleSLOGAN-1.png\",\"width\":615,\"height\":142,\"caption\":\"Quotidien La Sentinelle\"},\"image\":{\"@id\":\"https:\\\/\\\/lasentinelle.dz\\\/#\\\/schema\\\/logo\\\/image\\\/\"},\"sameAs\":[\"https:\\\/\\\/www.facebook.com\\\/La-Sentinelle-104059864394773\"]},{\"@type\":\"Person\",\"@id\":\"https:\\\/\\\/lasentinelle.dz\\\/#\\\/schema\\\/person\\\/729ee0024f24e0b8c5ec17232f8e8b41\",\"name\":\"admin\",\"image\":{\"@type\":\"ImageObject\",\"inLanguage\":\"fr-FR\",\"@id\":\"https:\\\/\\\/secure.gravatar.com\\\/avatar\\\/4c81fed838786e9b53f540bf46533e750f5d292099ae3b66cfc6fb1982e29df7?s=96&d=mm&r=g\",\"url\":\"https:\\\/\\\/secure.gravatar.com\\\/avatar\\\/4c81fed838786e9b53f540bf46533e750f5d292099ae3b66cfc6fb1982e29df7?s=96&d=mm&r=g\",\"contentUrl\":\"https:\\\/\\\/secure.gravatar.com\\\/avatar\\\/4c81fed838786e9b53f540bf46533e750f5d292099ae3b66cfc6fb1982e29df7?s=96&d=mm&r=g\",\"caption\":\"admin\"},\"description\":\"admin\",\"url\":\"https:\\\/\\\/lasentinelle.dz\\\/author\\\/admin\\\/\"}]}<\/script>\n<!-- \/ Yoast SEO plugin. -->","yoast_head_json":{"title":"Sahara occidental\u00a0: Un rapport accablant documente 50 ans de crimes de l&rsquo;occupation marocaine - La Sentinelle","robots":{"index":"index","follow":"follow","max-snippet":"max-snippet:-1","max-image-preview":"max-image-preview:large","max-video-preview":"max-video-preview:-1"},"canonical":"https:\/\/lasentinelle.dz\/index.php\/2025\/11\/20\/sahara-occidental-un-rapport-accablant-documente-50-ans-de-crimes-de-loccupation-marocaine\/","og_locale":"fr_FR","og_type":"article","og_title":"Sahara occidental\u00a0: Un rapport accablant documente 50 ans de crimes de l&rsquo;occupation marocaine - La Sentinelle","og_description":"Le Collectif des d\u00e9fenseurs des droits de l&rsquo;homme sahraouis (CODESA) a publi\u00e9 un rapport documentant plus de 38.000 crimes et","og_url":"https:\/\/lasentinelle.dz\/index.php\/2025\/11\/20\/sahara-occidental-un-rapport-accablant-documente-50-ans-de-crimes-de-loccupation-marocaine\/","og_site_name":"La Sentinelle","article_publisher":"https:\/\/www.facebook.com\/La-Sentinelle-104059864394773","article_published_time":"2025-11-20T11:53:03+00:00","article_modified_time":"2025-11-20T11:53:04+00:00","og_image":[{"width":1491,"height":900,"url":"https:\/\/lasentinelle.dz\/wp-content\/uploads\/2022\/08\/repres_marocaine_13.png","type":"image\/png"}],"author":"admin","twitter_card":"summary_large_image","twitter_misc":{"\u00c9crit par":"admin","Dur\u00e9e de lecture estim\u00e9e":"6 minutes"},"schema":{"@context":"https:\/\/schema.org","@graph":[{"@type":"Article","@id":"https:\/\/lasentinelle.dz\/index.php\/2025\/11\/20\/sahara-occidental-un-rapport-accablant-documente-50-ans-de-crimes-de-loccupation-marocaine\/#article","isPartOf":{"@id":"https:\/\/lasentinelle.dz\/index.php\/2025\/11\/20\/sahara-occidental-un-rapport-accablant-documente-50-ans-de-crimes-de-loccupation-marocaine\/"},"author":{"name":"admin","@id":"https:\/\/lasentinelle.dz\/#\/schema\/person\/729ee0024f24e0b8c5ec17232f8e8b41"},"headline":"Sahara occidental\u00a0: Un rapport accablant documente 50 ans de crimes de l&rsquo;occupation marocaine","datePublished":"2025-11-20T11:53:03+00:00","dateModified":"2025-11-20T11:53:04+00:00","mainEntityOfPage":{"@id":"https:\/\/lasentinelle.dz\/index.php\/2025\/11\/20\/sahara-occidental-un-rapport-accablant-documente-50-ans-de-crimes-de-loccupation-marocaine\/"},"wordCount":1171,"commentCount":0,"publisher":{"@id":"https:\/\/lasentinelle.dz\/#organization"},"image":{"@id":"https:\/\/lasentinelle.dz\/index.php\/2025\/11\/20\/sahara-occidental-un-rapport-accablant-documente-50-ans-de-crimes-de-loccupation-marocaine\/#primaryimage"},"thumbnailUrl":"https:\/\/lasentinelle.dz\/wp-content\/uploads\/2022\/08\/repres_marocaine_13.png","articleSection":["\u00c0 la Une","Monde"],"inLanguage":"fr-FR","potentialAction":[{"@type":"CommentAction","name":"Comment","target":["https:\/\/lasentinelle.dz\/index.php\/2025\/11\/20\/sahara-occidental-un-rapport-accablant-documente-50-ans-de-crimes-de-loccupation-marocaine\/#respond"]}]},{"@type":"WebPage","@id":"https:\/\/lasentinelle.dz\/index.php\/2025\/11\/20\/sahara-occidental-un-rapport-accablant-documente-50-ans-de-crimes-de-loccupation-marocaine\/","url":"https:\/\/lasentinelle.dz\/index.php\/2025\/11\/20\/sahara-occidental-un-rapport-accablant-documente-50-ans-de-crimes-de-loccupation-marocaine\/","name":"Sahara occidental\u00a0: Un rapport accablant documente 50 ans de crimes de l&rsquo;occupation marocaine - La Sentinelle","isPartOf":{"@id":"https:\/\/lasentinelle.dz\/#website"},"primaryImageOfPage":{"@id":"https:\/\/lasentinelle.dz\/index.php\/2025\/11\/20\/sahara-occidental-un-rapport-accablant-documente-50-ans-de-crimes-de-loccupation-marocaine\/#primaryimage"},"image":{"@id":"https:\/\/lasentinelle.dz\/index.php\/2025\/11\/20\/sahara-occidental-un-rapport-accablant-documente-50-ans-de-crimes-de-loccupation-marocaine\/#primaryimage"},"thumbnailUrl":"https:\/\/lasentinelle.dz\/wp-content\/uploads\/2022\/08\/repres_marocaine_13.png","datePublished":"2025-11-20T11:53:03+00:00","dateModified":"2025-11-20T11:53:04+00:00","breadcrumb":{"@id":"https:\/\/lasentinelle.dz\/index.php\/2025\/11\/20\/sahara-occidental-un-rapport-accablant-documente-50-ans-de-crimes-de-loccupation-marocaine\/#breadcrumb"},"inLanguage":"fr-FR","potentialAction":[{"@type":"ReadAction","target":["https:\/\/lasentinelle.dz\/index.php\/2025\/11\/20\/sahara-occidental-un-rapport-accablant-documente-50-ans-de-crimes-de-loccupation-marocaine\/"]}]},{"@type":"ImageObject","inLanguage":"fr-FR","@id":"https:\/\/lasentinelle.dz\/index.php\/2025\/11\/20\/sahara-occidental-un-rapport-accablant-documente-50-ans-de-crimes-de-loccupation-marocaine\/#primaryimage","url":"https:\/\/lasentinelle.dz\/wp-content\/uploads\/2022\/08\/repres_marocaine_13.png","contentUrl":"https:\/\/lasentinelle.dz\/wp-content\/uploads\/2022\/08\/repres_marocaine_13.png","width":1491,"height":900},{"@type":"BreadcrumbList","@id":"https:\/\/lasentinelle.dz\/index.php\/2025\/11\/20\/sahara-occidental-un-rapport-accablant-documente-50-ans-de-crimes-de-loccupation-marocaine\/#breadcrumb","itemListElement":[{"@type":"ListItem","position":1,"name":"Accueil","item":"https:\/\/lasentinelle.dz\/"},{"@type":"ListItem","position":2,"name":"Sahara occidental\u00a0: Un rapport accablant documente 50 ans de crimes de l&rsquo;occupation marocaine"}]},{"@type":"WebSite","@id":"https:\/\/lasentinelle.dz\/#website","url":"https:\/\/lasentinelle.dz\/","name":"La Sentinelle","description":"Quotidien national d&#039;information","publisher":{"@id":"https:\/\/lasentinelle.dz\/#organization"},"potentialAction":[{"@type":"SearchAction","target":{"@type":"EntryPoint","urlTemplate":"https:\/\/lasentinelle.dz\/?s={search_term_string}"},"query-input":{"@type":"PropertyValueSpecification","valueRequired":true,"valueName":"search_term_string"}}],"inLanguage":"fr-FR"},{"@type":"Organization","@id":"https:\/\/lasentinelle.dz\/#organization","name":"Quotidien La Sentinelle","url":"https:\/\/lasentinelle.dz\/","logo":{"@type":"ImageObject","inLanguage":"fr-FR","@id":"https:\/\/lasentinelle.dz\/#\/schema\/logo\/image\/","url":"https:\/\/lasentinelle.dz\/wp-content\/uploads\/2021\/09\/logo-sentinelleSLOGAN-1.png","contentUrl":"https:\/\/lasentinelle.dz\/wp-content\/uploads\/2021\/09\/logo-sentinelleSLOGAN-1.png","width":615,"height":142,"caption":"Quotidien La Sentinelle"},"image":{"@id":"https:\/\/lasentinelle.dz\/#\/schema\/logo\/image\/"},"sameAs":["https:\/\/www.facebook.com\/La-Sentinelle-104059864394773"]},{"@type":"Person","@id":"https:\/\/lasentinelle.dz\/#\/schema\/person\/729ee0024f24e0b8c5ec17232f8e8b41","name":"admin","image":{"@type":"ImageObject","inLanguage":"fr-FR","@id":"https:\/\/secure.gravatar.com\/avatar\/4c81fed838786e9b53f540bf46533e750f5d292099ae3b66cfc6fb1982e29df7?s=96&d=mm&r=g","url":"https:\/\/secure.gravatar.com\/avatar\/4c81fed838786e9b53f540bf46533e750f5d292099ae3b66cfc6fb1982e29df7?s=96&d=mm&r=g","contentUrl":"https:\/\/secure.gravatar.com\/avatar\/4c81fed838786e9b53f540bf46533e750f5d292099ae3b66cfc6fb1982e29df7?s=96&d=mm&r=g","caption":"admin"},"description":"admin","url":"https:\/\/lasentinelle.dz\/author\/admin\/"}]}},"_links":{"self":[{"href":"https:\/\/lasentinelle.dz\/index.php\/wp-json\/wp\/v2\/posts\/76500","targetHints":{"allow":["GET"]}}],"collection":[{"href":"https:\/\/lasentinelle.dz\/index.php\/wp-json\/wp\/v2\/posts"}],"about":[{"href":"https:\/\/lasentinelle.dz\/index.php\/wp-json\/wp\/v2\/types\/post"}],"author":[{"embeddable":true,"href":"https:\/\/lasentinelle.dz\/index.php\/wp-json\/wp\/v2\/users\/6"}],"replies":[{"embeddable":true,"href":"https:\/\/lasentinelle.dz\/index.php\/wp-json\/wp\/v2\/comments?post=76500"}],"version-history":[{"count":2,"href":"https:\/\/lasentinelle.dz\/index.php\/wp-json\/wp\/v2\/posts\/76500\/revisions"}],"predecessor-version":[{"id":76502,"href":"https:\/\/lasentinelle.dz\/index.php\/wp-json\/wp\/v2\/posts\/76500\/revisions\/76502"}],"wp:featuredmedia":[{"embeddable":true,"href":"https:\/\/lasentinelle.dz\/index.php\/wp-json\/wp\/v2\/media\/26611"}],"wp:attachment":[{"href":"https:\/\/lasentinelle.dz\/index.php\/wp-json\/wp\/v2\/media?parent=76500"}],"wp:term":[{"taxonomy":"category","embeddable":true,"href":"https:\/\/lasentinelle.dz\/index.php\/wp-json\/wp\/v2\/categories?post=76500"},{"taxonomy":"post_tag","embeddable":true,"href":"https:\/\/lasentinelle.dz\/index.php\/wp-json\/wp\/v2\/tags?post=76500"}],"curies":[{"name":"wp","href":"https:\/\/api.w.org\/{rel}","templated":true}]}}