{"id":76503,"date":"2025-11-20T12:53:49","date_gmt":"2025-11-20T11:53:49","guid":{"rendered":"https:\/\/lasentinelle.dz\/?p=76503"},"modified":"2025-11-20T12:53:50","modified_gmt":"2025-11-20T11:53:50","slug":"palestine-lonu-reaffirme-le-droit-a-lautodetermination","status":"publish","type":"post","link":"https:\/\/lasentinelle.dz\/index.php\/2025\/11\/20\/palestine-lonu-reaffirme-le-droit-a-lautodetermination\/","title":{"rendered":"Palestine\u00a0: L&rsquo;ONU r\u00e9affirme le droit \u00e0 l&rsquo;autod\u00e9termination\u00a0"},"content":{"rendered":"\n<p>La Troisi\u00e8me Commission de l&rsquo;Assembl\u00e9e g\u00e9n\u00e9rale des Nations unies a adopt\u00e9 mardi une r\u00e9solution r\u00e9affirmant le droit inali\u00e9nable du peuple palestinien \u00e0 l&rsquo;autod\u00e9termination, alors qu&rsquo;un rapport onusien accuse l&rsquo;entit\u00e9 sioniste d&rsquo;avoir employ\u00e9 des \u00ab\u00a0pratiques g\u00e9nocidaires\u00a0\u00bb \u00e0 Ghaza, o\u00f9 le bilan de l&rsquo;agression d\u00e9passe d\u00e9sormais 69.500 martyrs depuis octobre 2023.<\/p>\n\n\n\n<p>L&rsquo;adoption de cette r\u00e9solution annuelle, soutenue par 164 pays, intervient dans un contexte particuli\u00e8rement dramatique marqu\u00e9 par la poursuite de l&rsquo;agression g\u00e9nocidaire contre la bande de Ghaza et l&rsquo;intensification de la colonisation en Cisjordanie occup\u00e9e. Le texte r\u00e9affirme ce que la Cour internationale de Justice avait d\u00e9clar\u00e9 dans son avis consultatif concernant l&rsquo;ill\u00e9galit\u00e9 de l&rsquo;occupation sioniste et la demande d&rsquo;y mettre fin sans d\u00e9lai, car elle constitue un obstacle \u00e0 la capacit\u00e9 du peuple palestinien d&rsquo;exercer son droit \u00e0 l&rsquo;autod\u00e9termination et \u00e0 l&rsquo;ind\u00e9pendance de son \u00c9tat. L&rsquo;importance de cette d\u00e9cision est d&rsquo;autant plus grande qu&rsquo;elle intervient alors que l&rsquo;occupation tente de d\u00e9placer le peuple palestinien, d&rsquo;annexer des terres palestiniennes et de consolider son emprise ill\u00e9gale sur le territoire palestinien occup\u00e9, notamment Al-Qods-Est et, plus particuli\u00e8rement, la bande de Ghaza assi\u00e9g\u00e9e. Elle constitue \u00e9galement un rejet international massif de ces crimes sionistes et un appel \u00e0 s&rsquo;appuyer sur le droit international pour examiner la question palestinienne sous tous ses aspects, sans discrimination ni entrave. L&rsquo;observateur permanent de l&rsquo;\u00c9tat de Palestine aupr\u00e8s des Nations unies, Riyad Mansour, a affirm\u00e9 la d\u00e9termination de la Palestine \u00e0 aller de l&rsquo;avant en mati\u00e8re de renforcement du soutien international aux droits du peuple palestinien, afin de contrer les tentatives de l&rsquo;entit\u00e9 sioniste visant \u00e0 la priver de ce soutien juridique international au sein des instances internationales, jusqu&rsquo;\u00e0 ce que l&rsquo;occupation prenne fin. Le diplomate palestinien a \u00e9galement r\u00e9it\u00e9r\u00e9 son engagement \u00e0 tout mettre en \u0153uvre pour assurer la cessation de la guerre d&rsquo;extermination sioniste dans la bande de Ghaza et la poursuite de l&rsquo;acheminement de l&rsquo;aide humanitaire. Le minist\u00e8re palestinien des Affaires \u00e9trang\u00e8res et des Expatri\u00e9s a salu\u00e9 cette adoption, soulignant que ce droit est inali\u00e9nable, non soumis \u00e0 des conditions, restrictions ou compromis, et ne peut \u00eatre n\u00e9goci\u00e9 en aucune circonstance. Il a ajout\u00e9 que cette d\u00e9cision est pleinement conforme \u00e0 l&rsquo;avis consultatif rendu par la Cour internationale de Justice concernant l&rsquo;ill\u00e9galit\u00e9 de l&rsquo;occupation sioniste et la n\u00e9cessit\u00e9 d&rsquo;y mettre fin imm\u00e9diatement et sans d\u00e9lai. Le minist\u00e8re a exprim\u00e9 sa profonde gratitude aux pays qui ont vot\u00e9 en faveur de la r\u00e9solution et les a appel\u00e9s \u00e0 traduire ce soutien en mesures concr\u00e8tes qui permettraient au peuple palestinien d&rsquo;exercer son droit \u00e0 l&rsquo;autod\u00e9termination.<\/p>\n\n\n\n<p><strong>Pratiques g\u00e9nocidaires<\/strong><\/p>\n\n\n\n<p>Parall\u00e8lement \u00e0 cette avanc\u00e9e diplomatique, un comit\u00e9 des Nations unies charg\u00e9 d&rsquo;enqu\u00eater sur les exactions sionistes dans les territoires arabes occup\u00e9s a publi\u00e9 mardi un rapport accablant. R\u00e9dig\u00e9 par les ambassadeurs du Sri Lanka, de la Malaisie et du S\u00e9n\u00e9gal aupr\u00e8s de l&rsquo;ONU, le document affirme que l&rsquo;entit\u00e9 sioniste a employ\u00e9 des \u00ab\u00a0pratiques g\u00e9nocidaires\u00a0\u00bb dans la bande de Ghaza et a laiss\u00e9 libre cours \u00e0 sa \u00ab\u00a0rh\u00e9torique expansionniste\u00a0\u00bb au Moyen-Orient. Alors que dans son pr\u00e9c\u00e9dent rapport de septembre 2024, le comit\u00e9 \u00e9voquait la \u00ab\u00a0possible commission d&rsquo;un g\u00e9nocide\u00a0\u00bb \u00e0 Ghaza, il affirme d\u00e9sormais, preuves et t\u00e9moignages \u00e0 l&rsquo;appui, que des pratiques g\u00e9nocidaires ont bien \u00e9t\u00e9 employ\u00e9es. Le rapport met en lumi\u00e8re une d\u00e9gradation continue de la situation dans toute la r\u00e9gion, avec l&rsquo;intensification de l&rsquo;agression sioniste contre le Liban, le durcissement de l&rsquo;occupation en Cisjordanie, l&rsquo;expansion de la colonisation dans le Golan syrien, et une impunit\u00e9 persistante malgr\u00e9 les d\u00e9cisions r\u00e9centes de la Cour internationale de Justice et les mandats d&rsquo;arr\u00eat de la Cour p\u00e9nale internationale. \u00c0 Ghaza, o\u00f9 86,3 pour cent du territoire est class\u00e9 zone interdite ou en \u00e9vacuation, pr\u00e8s de 70.000 Palestiniens sont tomb\u00e9s en martyrs depuis octobre 2023, et les morts indirectes dues \u00e0 la famine, aux maladies et \u00e0 l&rsquo;effondrement du syst\u00e8me de soins devraient encore augmenter. Le document d\u00e9taille le blocus quasi total de l&rsquo;aide humanitaire impos\u00e9 pendant plusieurs mois \u00e0 l&rsquo;enclave palestinienne, un m\u00e9canisme d\u00e9lib\u00e9r\u00e9 ayant entra\u00een\u00e9 la famine selon le comit\u00e9. Il rel\u00e8ve aussi des frappes men\u00e9es dans des lieux pr\u00e9alablement qualifi\u00e9s par l&rsquo;entit\u00e9 sioniste de soi-disant \u00ab\u00a0zones de s\u00e9curit\u00e9\u00a0\u00bb et la mort de centaines de civils sous les tirs de l&rsquo;arm\u00e9e d&rsquo;occupation, alors qu&rsquo;ils tentaient d&rsquo;atteindre des convois alimentaires. Les derni\u00e8res 48 heures ont encore vu sept martyrs et 33 bless\u00e9s transf\u00e9r\u00e9s vers les h\u00f4pitaux de Ghaza, portant le bilan officiel \u00e0 69.513 martyrs et 170.745 bless\u00e9s, en majorit\u00e9 des femmes et des enfants. Depuis l&rsquo;entr\u00e9e en vigueur du cessez-le-feu en octobre dernier, 280 Palestiniens sont tomb\u00e9s en martyrs et 672 autres ont \u00e9t\u00e9 bless\u00e9s, tandis que les corps de 571 martyrs ont \u00e9t\u00e9 r\u00e9cup\u00e9r\u00e9s. Outre Ghaza, la Cisjordanie bascule elle aussi dans une spirale de violence. Le rapport d\u00e9crit des raids \u00e0 J\u00e9nine, Tulkarem ou Naplouse, le recours \u00e0 des chars dans des zones dens\u00e9ment peupl\u00e9es, plus de 40.000 d\u00e9plac\u00e9s et des centaines de Palestiniens tu\u00e9s par les forces d&rsquo;occupation, un rythme d&rsquo;agressions in\u00e9dit depuis des ann\u00e9es. Il d\u00e9nonce aussi la mont\u00e9e des violences de colons, parfois commises avec l&rsquo;appui direct ou indirect des autorit\u00e9s d&rsquo;occupation, et la multiplication des avant-postes sionistes en territoire palestinien. Le transfert de responsabilit\u00e9s administratives \u00e0 des responsables civils favorables \u00e0 l&rsquo;annexion de la Cisjordanie occup\u00e9e, dont Al-Qods-Est fait partie, est selon le comit\u00e9 de nature \u00e0 saper toute possibilit\u00e9 de souverainet\u00e9 palestinienne. Le chapitre consacr\u00e9 aux d\u00e9tentions souligne un recours accru \u00e0 des pratiques syst\u00e9matiques de mauvais traitements, pr\u00e9cisant que depuis octobre 2023, 18.000 Palestiniens ont \u00e9t\u00e9 arr\u00eat\u00e9s, dont 1.450 enfants et 560 femmes. Le rapport met \u00e9galement en cause un agenda expansionniste d\u00e9passant les fronti\u00e8res de la Cisjordanie et de Ghaza. Dans le Golan syrien occup\u00e9, l&rsquo;entit\u00e9 sioniste cherche \u00e0 doubler la population des colons et affirme vouloir rester ind\u00e9finiment dans de nouvelles zones occup\u00e9es, plus profond\u00e9ment \u00e0 l&rsquo;int\u00e9rieur du territoire syrien. Au Liban, l&rsquo;agression sioniste a fait des milliers de morts et de bless\u00e9s, notamment le plus grand nombre de personnels m\u00e9dicaux tu\u00e9s dans un conflit arm\u00e9 en 2024. Mardi encore, au moins treize personnes sont tomb\u00e9es en martyres suite \u00e0 une frappe men\u00e9e par les forces sionistes dans le camp de r\u00e9fugi\u00e9s palestiniens d&rsquo;A\u00efn al-H\u00e9lou\u00e9 \u00e0 Sa\u00efda, visant une voiture pr\u00e8s de la mosqu\u00e9e Khaled ben al-Walid, puis la mosqu\u00e9e elle-m\u00eame. Le rapport d\u00e9nonce le fait que l&rsquo;entit\u00e9 sioniste agit dans une impunit\u00e9 totale, soutenue par l&rsquo;appui diplomatique, financier et militaire de puissants \u00c9tats tiers et par l&rsquo;absence de sanctions internationales. Le comit\u00e9 recommande des sanctions internationales contre l&rsquo;entit\u00e9 sioniste et un embargo total sur les armes. Il appelle \u00e9galement les \u00c9tats membres de l&rsquo;ONU \u00e0 coop\u00e9rer pleinement avec la Cour p\u00e9nale internationale et \u00e0 mener des enqu\u00eates sur les entreprises et personnes ayant particip\u00e9 aux violations graves document\u00e9es.<\/p>\n\n\n\n<p>17.000 familles sans abris<\/p>\n\n\n\n<p>La situation humanitaire \u00e0 Ghaza continue de se d\u00e9t\u00e9riorer. L&rsquo;ONU a indiqu\u00e9 mardi qu&rsquo;environ 17.000 familles palestiniennes ont \u00e9t\u00e9 touch\u00e9es par les r\u00e9centes intemp\u00e9ries, aggravant la situation des habitants de ce territoire soumis \u00e0 l&rsquo;agression barbare de l&rsquo;occupation. Des enfants palestiniens dorment sous la pluie sans v\u00eatements et beaucoup d&rsquo;entre eux souffrent de malnutrition et d&rsquo;un syst\u00e8me immunitaire affaibli. Les forces d&rsquo;occupation ont d\u00e9truit la majeure partie des infrastructures de base, emp\u00eachant la bande de Ghaza de faire face aux conditions climatiques extr\u00eames. Les fortes pluies ont provoqu\u00e9 la destruction de milliers de tentes abritant des personnes d\u00e9plac\u00e9es, privant de nombreuses familles d&rsquo;abris temporaires pendant la vague de froid extr\u00eame. Les Nations unies ont insist\u00e9 sur la n\u00e9cessit\u00e9 d&rsquo;autoriser imm\u00e9diatement l&rsquo;entr\u00e9e de l&rsquo;aide humanitaire et du mat\u00e9riel n\u00e9cessaires \u00e0 la r\u00e9paration des infrastructures endommag\u00e9es.<\/p>\n\n\n\n<p>Lyes Sa\u00efdi<\/p>\n","protected":false},"excerpt":{"rendered":"<p>La Troisi\u00e8me Commission de l&rsquo;Assembl\u00e9e g\u00e9n\u00e9rale des Nations unies a adopt\u00e9 mardi une r\u00e9solution r\u00e9affirmant le droit inali\u00e9nable du peuple<\/p>\n","protected":false},"author":6,"featured_media":41131,"comment_status":"open","ping_status":"closed","sticky":false,"template":"","format":"standard","meta":{"colormag_page_container_layout":"default_layout","colormag_page_sidebar_layout":"default_layout","om_disable_all_campaigns":false,"_monsterinsights_skip_tracking":false,"_monsterinsights_sitenote_active":false,"_monsterinsights_sitenote_note":"","_monsterinsights_sitenote_category":0,"footnotes":"","_wpscppro_dont_share_socialmedia":false,"_wpscppro_custom_social_share_image":0,"_facebook_share_type":"default","_twitter_share_type":"default","_linkedin_share_type":"default","_pinterest_share_type":"default","_linkedin_share_type_page":"","_instagram_share_type":"default","_medium_share_type":"default","_threads_share_type":"default","_google_business_share_type":"default","_selected_social_profile":[],"_wpsp_enable_custom_social_template":false,"_wpsp_social_scheduling":{"enabled":false,"datetime":null,"platforms":[],"status":"template_only","dateOption":"today","timeOption":"now","customDays":"","customHours":"","customDate":"","customTime":"","schedulingType":"absolute"},"_wpsp_active_default_template":true},"categories":[37],"tags":[],"class_list":["post-76503","post","type-post","status-publish","format-standard","has-post-thumbnail","hentry","category-monde"],"aioseo_notices":[],"yoast_head":"<!-- This site is optimized with the Yoast SEO plugin v27.4 - https:\/\/yoast.com\/product\/yoast-seo-wordpress\/ -->\n<title>Palestine\u00a0: L&rsquo;ONU r\u00e9affirme le droit \u00e0 l&rsquo;autod\u00e9termination\u00a0 - La Sentinelle<\/title>\n<meta name=\"robots\" content=\"index, follow, max-snippet:-1, max-image-preview:large, max-video-preview:-1\" \/>\n<link rel=\"canonical\" href=\"https:\/\/lasentinelle.dz\/index.php\/2025\/11\/20\/palestine-lonu-reaffirme-le-droit-a-lautodetermination\/\" \/>\n<meta property=\"og:locale\" content=\"fr_FR\" \/>\n<meta property=\"og:type\" content=\"article\" \/>\n<meta property=\"og:title\" content=\"Palestine\u00a0: L&rsquo;ONU r\u00e9affirme le droit \u00e0 l&rsquo;autod\u00e9termination\u00a0 - La Sentinelle\" \/>\n<meta property=\"og:description\" content=\"La Troisi\u00e8me Commission de l&rsquo;Assembl\u00e9e g\u00e9n\u00e9rale des Nations unies a adopt\u00e9 mardi une r\u00e9solution r\u00e9affirmant le droit inali\u00e9nable du peuple\" \/>\n<meta property=\"og:url\" content=\"https:\/\/lasentinelle.dz\/index.php\/2025\/11\/20\/palestine-lonu-reaffirme-le-droit-a-lautodetermination\/\" \/>\n<meta property=\"og:site_name\" content=\"La Sentinelle\" \/>\n<meta property=\"article:publisher\" content=\"https:\/\/www.facebook.com\/La-Sentinelle-104059864394773\" \/>\n<meta property=\"article:published_time\" content=\"2025-11-20T11:53:49+00:00\" \/>\n<meta property=\"article:modified_time\" content=\"2025-11-20T11:53:50+00:00\" \/>\n<meta property=\"og:image\" content=\"https:\/\/lasentinelle.dz\/wp-content\/uploads\/2023\/05\/ONU.png\" \/>\n\t<meta property=\"og:image:width\" content=\"1593\" \/>\n\t<meta property=\"og:image:height\" content=\"900\" \/>\n\t<meta property=\"og:image:type\" content=\"image\/png\" \/>\n<meta name=\"author\" content=\"admin\" \/>\n<meta name=\"twitter:card\" content=\"summary_large_image\" \/>\n<meta name=\"twitter:label1\" content=\"\u00c9crit par\" \/>\n\t<meta name=\"twitter:data1\" content=\"admin\" \/>\n\t<meta name=\"twitter:label2\" content=\"Dur\u00e9e de lecture estim\u00e9e\" \/>\n\t<meta name=\"twitter:data2\" content=\"7 minutes\" \/>\n<script type=\"application\/ld+json\" class=\"yoast-schema-graph\">{\"@context\":\"https:\\\/\\\/schema.org\",\"@graph\":[{\"@type\":\"Article\",\"@id\":\"https:\\\/\\\/lasentinelle.dz\\\/index.php\\\/2025\\\/11\\\/20\\\/palestine-lonu-reaffirme-le-droit-a-lautodetermination\\\/#article\",\"isPartOf\":{\"@id\":\"https:\\\/\\\/lasentinelle.dz\\\/index.php\\\/2025\\\/11\\\/20\\\/palestine-lonu-reaffirme-le-droit-a-lautodetermination\\\/\"},\"author\":{\"name\":\"admin\",\"@id\":\"https:\\\/\\\/lasentinelle.dz\\\/#\\\/schema\\\/person\\\/729ee0024f24e0b8c5ec17232f8e8b41\"},\"headline\":\"Palestine\u00a0: L&rsquo;ONU r\u00e9affirme le droit \u00e0 l&rsquo;autod\u00e9termination\u00a0\",\"datePublished\":\"2025-11-20T11:53:49+00:00\",\"dateModified\":\"2025-11-20T11:53:50+00:00\",\"mainEntityOfPage\":{\"@id\":\"https:\\\/\\\/lasentinelle.dz\\\/index.php\\\/2025\\\/11\\\/20\\\/palestine-lonu-reaffirme-le-droit-a-lautodetermination\\\/\"},\"wordCount\":1441,\"commentCount\":0,\"publisher\":{\"@id\":\"https:\\\/\\\/lasentinelle.dz\\\/#organization\"},\"image\":{\"@id\":\"https:\\\/\\\/lasentinelle.dz\\\/index.php\\\/2025\\\/11\\\/20\\\/palestine-lonu-reaffirme-le-droit-a-lautodetermination\\\/#primaryimage\"},\"thumbnailUrl\":\"https:\\\/\\\/lasentinelle.dz\\\/wp-content\\\/uploads\\\/2023\\\/05\\\/ONU.png\",\"articleSection\":[\"Monde\"],\"inLanguage\":\"fr-FR\",\"potentialAction\":[{\"@type\":\"CommentAction\",\"name\":\"Comment\",\"target\":[\"https:\\\/\\\/lasentinelle.dz\\\/index.php\\\/2025\\\/11\\\/20\\\/palestine-lonu-reaffirme-le-droit-a-lautodetermination\\\/#respond\"]}]},{\"@type\":\"WebPage\",\"@id\":\"https:\\\/\\\/lasentinelle.dz\\\/index.php\\\/2025\\\/11\\\/20\\\/palestine-lonu-reaffirme-le-droit-a-lautodetermination\\\/\",\"url\":\"https:\\\/\\\/lasentinelle.dz\\\/index.php\\\/2025\\\/11\\\/20\\\/palestine-lonu-reaffirme-le-droit-a-lautodetermination\\\/\",\"name\":\"Palestine\u00a0: L&rsquo;ONU r\u00e9affirme le droit \u00e0 l&rsquo;autod\u00e9termination\u00a0 - La Sentinelle\",\"isPartOf\":{\"@id\":\"https:\\\/\\\/lasentinelle.dz\\\/#website\"},\"primaryImageOfPage\":{\"@id\":\"https:\\\/\\\/lasentinelle.dz\\\/index.php\\\/2025\\\/11\\\/20\\\/palestine-lonu-reaffirme-le-droit-a-lautodetermination\\\/#primaryimage\"},\"image\":{\"@id\":\"https:\\\/\\\/lasentinelle.dz\\\/index.php\\\/2025\\\/11\\\/20\\\/palestine-lonu-reaffirme-le-droit-a-lautodetermination\\\/#primaryimage\"},\"thumbnailUrl\":\"https:\\\/\\\/lasentinelle.dz\\\/wp-content\\\/uploads\\\/2023\\\/05\\\/ONU.png\",\"datePublished\":\"2025-11-20T11:53:49+00:00\",\"dateModified\":\"2025-11-20T11:53:50+00:00\",\"breadcrumb\":{\"@id\":\"https:\\\/\\\/lasentinelle.dz\\\/index.php\\\/2025\\\/11\\\/20\\\/palestine-lonu-reaffirme-le-droit-a-lautodetermination\\\/#breadcrumb\"},\"inLanguage\":\"fr-FR\",\"potentialAction\":[{\"@type\":\"ReadAction\",\"target\":[\"https:\\\/\\\/lasentinelle.dz\\\/index.php\\\/2025\\\/11\\\/20\\\/palestine-lonu-reaffirme-le-droit-a-lautodetermination\\\/\"]}]},{\"@type\":\"ImageObject\",\"inLanguage\":\"fr-FR\",\"@id\":\"https:\\\/\\\/lasentinelle.dz\\\/index.php\\\/2025\\\/11\\\/20\\\/palestine-lonu-reaffirme-le-droit-a-lautodetermination\\\/#primaryimage\",\"url\":\"https:\\\/\\\/lasentinelle.dz\\\/wp-content\\\/uploads\\\/2023\\\/05\\\/ONU.png\",\"contentUrl\":\"https:\\\/\\\/lasentinelle.dz\\\/wp-content\\\/uploads\\\/2023\\\/05\\\/ONU.png\",\"width\":1593,\"height\":900},{\"@type\":\"BreadcrumbList\",\"@id\":\"https:\\\/\\\/lasentinelle.dz\\\/index.php\\\/2025\\\/11\\\/20\\\/palestine-lonu-reaffirme-le-droit-a-lautodetermination\\\/#breadcrumb\",\"itemListElement\":[{\"@type\":\"ListItem\",\"position\":1,\"name\":\"Accueil\",\"item\":\"https:\\\/\\\/lasentinelle.dz\\\/\"},{\"@type\":\"ListItem\",\"position\":2,\"name\":\"Palestine\u00a0: L&rsquo;ONU r\u00e9affirme le droit \u00e0 l&rsquo;autod\u00e9termination\u00a0\"}]},{\"@type\":\"WebSite\",\"@id\":\"https:\\\/\\\/lasentinelle.dz\\\/#website\",\"url\":\"https:\\\/\\\/lasentinelle.dz\\\/\",\"name\":\"La Sentinelle\",\"description\":\"Quotidien national d&#039;information\",\"publisher\":{\"@id\":\"https:\\\/\\\/lasentinelle.dz\\\/#organization\"},\"potentialAction\":[{\"@type\":\"SearchAction\",\"target\":{\"@type\":\"EntryPoint\",\"urlTemplate\":\"https:\\\/\\\/lasentinelle.dz\\\/?s={search_term_string}\"},\"query-input\":{\"@type\":\"PropertyValueSpecification\",\"valueRequired\":true,\"valueName\":\"search_term_string\"}}],\"inLanguage\":\"fr-FR\"},{\"@type\":\"Organization\",\"@id\":\"https:\\\/\\\/lasentinelle.dz\\\/#organization\",\"name\":\"Quotidien La Sentinelle\",\"url\":\"https:\\\/\\\/lasentinelle.dz\\\/\",\"logo\":{\"@type\":\"ImageObject\",\"inLanguage\":\"fr-FR\",\"@id\":\"https:\\\/\\\/lasentinelle.dz\\\/#\\\/schema\\\/logo\\\/image\\\/\",\"url\":\"https:\\\/\\\/lasentinelle.dz\\\/wp-content\\\/uploads\\\/2021\\\/09\\\/logo-sentinelleSLOGAN-1.png\",\"contentUrl\":\"https:\\\/\\\/lasentinelle.dz\\\/wp-content\\\/uploads\\\/2021\\\/09\\\/logo-sentinelleSLOGAN-1.png\",\"width\":615,\"height\":142,\"caption\":\"Quotidien La Sentinelle\"},\"image\":{\"@id\":\"https:\\\/\\\/lasentinelle.dz\\\/#\\\/schema\\\/logo\\\/image\\\/\"},\"sameAs\":[\"https:\\\/\\\/www.facebook.com\\\/La-Sentinelle-104059864394773\"]},{\"@type\":\"Person\",\"@id\":\"https:\\\/\\\/lasentinelle.dz\\\/#\\\/schema\\\/person\\\/729ee0024f24e0b8c5ec17232f8e8b41\",\"name\":\"admin\",\"image\":{\"@type\":\"ImageObject\",\"inLanguage\":\"fr-FR\",\"@id\":\"https:\\\/\\\/secure.gravatar.com\\\/avatar\\\/4c81fed838786e9b53f540bf46533e750f5d292099ae3b66cfc6fb1982e29df7?s=96&d=mm&r=g\",\"url\":\"https:\\\/\\\/secure.gravatar.com\\\/avatar\\\/4c81fed838786e9b53f540bf46533e750f5d292099ae3b66cfc6fb1982e29df7?s=96&d=mm&r=g\",\"contentUrl\":\"https:\\\/\\\/secure.gravatar.com\\\/avatar\\\/4c81fed838786e9b53f540bf46533e750f5d292099ae3b66cfc6fb1982e29df7?s=96&d=mm&r=g\",\"caption\":\"admin\"},\"description\":\"admin\",\"url\":\"https:\\\/\\\/lasentinelle.dz\\\/author\\\/admin\\\/\"}]}<\/script>\n<!-- \/ Yoast SEO plugin. -->","yoast_head_json":{"title":"Palestine\u00a0: L&rsquo;ONU r\u00e9affirme le droit \u00e0 l&rsquo;autod\u00e9termination\u00a0 - La Sentinelle","robots":{"index":"index","follow":"follow","max-snippet":"max-snippet:-1","max-image-preview":"max-image-preview:large","max-video-preview":"max-video-preview:-1"},"canonical":"https:\/\/lasentinelle.dz\/index.php\/2025\/11\/20\/palestine-lonu-reaffirme-le-droit-a-lautodetermination\/","og_locale":"fr_FR","og_type":"article","og_title":"Palestine\u00a0: L&rsquo;ONU r\u00e9affirme le droit \u00e0 l&rsquo;autod\u00e9termination\u00a0 - La Sentinelle","og_description":"La Troisi\u00e8me Commission de l&rsquo;Assembl\u00e9e g\u00e9n\u00e9rale des Nations unies a adopt\u00e9 mardi une r\u00e9solution r\u00e9affirmant le droit inali\u00e9nable du peuple","og_url":"https:\/\/lasentinelle.dz\/index.php\/2025\/11\/20\/palestine-lonu-reaffirme-le-droit-a-lautodetermination\/","og_site_name":"La Sentinelle","article_publisher":"https:\/\/www.facebook.com\/La-Sentinelle-104059864394773","article_published_time":"2025-11-20T11:53:49+00:00","article_modified_time":"2025-11-20T11:53:50+00:00","og_image":[{"width":1593,"height":900,"url":"https:\/\/lasentinelle.dz\/wp-content\/uploads\/2023\/05\/ONU.png","type":"image\/png"}],"author":"admin","twitter_card":"summary_large_image","twitter_misc":{"\u00c9crit par":"admin","Dur\u00e9e de lecture estim\u00e9e":"7 minutes"},"schema":{"@context":"https:\/\/schema.org","@graph":[{"@type":"Article","@id":"https:\/\/lasentinelle.dz\/index.php\/2025\/11\/20\/palestine-lonu-reaffirme-le-droit-a-lautodetermination\/#article","isPartOf":{"@id":"https:\/\/lasentinelle.dz\/index.php\/2025\/11\/20\/palestine-lonu-reaffirme-le-droit-a-lautodetermination\/"},"author":{"name":"admin","@id":"https:\/\/lasentinelle.dz\/#\/schema\/person\/729ee0024f24e0b8c5ec17232f8e8b41"},"headline":"Palestine\u00a0: L&rsquo;ONU r\u00e9affirme le droit \u00e0 l&rsquo;autod\u00e9termination\u00a0","datePublished":"2025-11-20T11:53:49+00:00","dateModified":"2025-11-20T11:53:50+00:00","mainEntityOfPage":{"@id":"https:\/\/lasentinelle.dz\/index.php\/2025\/11\/20\/palestine-lonu-reaffirme-le-droit-a-lautodetermination\/"},"wordCount":1441,"commentCount":0,"publisher":{"@id":"https:\/\/lasentinelle.dz\/#organization"},"image":{"@id":"https:\/\/lasentinelle.dz\/index.php\/2025\/11\/20\/palestine-lonu-reaffirme-le-droit-a-lautodetermination\/#primaryimage"},"thumbnailUrl":"https:\/\/lasentinelle.dz\/wp-content\/uploads\/2023\/05\/ONU.png","articleSection":["Monde"],"inLanguage":"fr-FR","potentialAction":[{"@type":"CommentAction","name":"Comment","target":["https:\/\/lasentinelle.dz\/index.php\/2025\/11\/20\/palestine-lonu-reaffirme-le-droit-a-lautodetermination\/#respond"]}]},{"@type":"WebPage","@id":"https:\/\/lasentinelle.dz\/index.php\/2025\/11\/20\/palestine-lonu-reaffirme-le-droit-a-lautodetermination\/","url":"https:\/\/lasentinelle.dz\/index.php\/2025\/11\/20\/palestine-lonu-reaffirme-le-droit-a-lautodetermination\/","name":"Palestine\u00a0: L&rsquo;ONU r\u00e9affirme le droit \u00e0 l&rsquo;autod\u00e9termination\u00a0 - La Sentinelle","isPartOf":{"@id":"https:\/\/lasentinelle.dz\/#website"},"primaryImageOfPage":{"@id":"https:\/\/lasentinelle.dz\/index.php\/2025\/11\/20\/palestine-lonu-reaffirme-le-droit-a-lautodetermination\/#primaryimage"},"image":{"@id":"https:\/\/lasentinelle.dz\/index.php\/2025\/11\/20\/palestine-lonu-reaffirme-le-droit-a-lautodetermination\/#primaryimage"},"thumbnailUrl":"https:\/\/lasentinelle.dz\/wp-content\/uploads\/2023\/05\/ONU.png","datePublished":"2025-11-20T11:53:49+00:00","dateModified":"2025-11-20T11:53:50+00:00","breadcrumb":{"@id":"https:\/\/lasentinelle.dz\/index.php\/2025\/11\/20\/palestine-lonu-reaffirme-le-droit-a-lautodetermination\/#breadcrumb"},"inLanguage":"fr-FR","potentialAction":[{"@type":"ReadAction","target":["https:\/\/lasentinelle.dz\/index.php\/2025\/11\/20\/palestine-lonu-reaffirme-le-droit-a-lautodetermination\/"]}]},{"@type":"ImageObject","inLanguage":"fr-FR","@id":"https:\/\/lasentinelle.dz\/index.php\/2025\/11\/20\/palestine-lonu-reaffirme-le-droit-a-lautodetermination\/#primaryimage","url":"https:\/\/lasentinelle.dz\/wp-content\/uploads\/2023\/05\/ONU.png","contentUrl":"https:\/\/lasentinelle.dz\/wp-content\/uploads\/2023\/05\/ONU.png","width":1593,"height":900},{"@type":"BreadcrumbList","@id":"https:\/\/lasentinelle.dz\/index.php\/2025\/11\/20\/palestine-lonu-reaffirme-le-droit-a-lautodetermination\/#breadcrumb","itemListElement":[{"@type":"ListItem","position":1,"name":"Accueil","item":"https:\/\/lasentinelle.dz\/"},{"@type":"ListItem","position":2,"name":"Palestine\u00a0: L&rsquo;ONU r\u00e9affirme le droit \u00e0 l&rsquo;autod\u00e9termination\u00a0"}]},{"@type":"WebSite","@id":"https:\/\/lasentinelle.dz\/#website","url":"https:\/\/lasentinelle.dz\/","name":"La Sentinelle","description":"Quotidien national d&#039;information","publisher":{"@id":"https:\/\/lasentinelle.dz\/#organization"},"potentialAction":[{"@type":"SearchAction","target":{"@type":"EntryPoint","urlTemplate":"https:\/\/lasentinelle.dz\/?s={search_term_string}"},"query-input":{"@type":"PropertyValueSpecification","valueRequired":true,"valueName":"search_term_string"}}],"inLanguage":"fr-FR"},{"@type":"Organization","@id":"https:\/\/lasentinelle.dz\/#organization","name":"Quotidien La Sentinelle","url":"https:\/\/lasentinelle.dz\/","logo":{"@type":"ImageObject","inLanguage":"fr-FR","@id":"https:\/\/lasentinelle.dz\/#\/schema\/logo\/image\/","url":"https:\/\/lasentinelle.dz\/wp-content\/uploads\/2021\/09\/logo-sentinelleSLOGAN-1.png","contentUrl":"https:\/\/lasentinelle.dz\/wp-content\/uploads\/2021\/09\/logo-sentinelleSLOGAN-1.png","width":615,"height":142,"caption":"Quotidien La Sentinelle"},"image":{"@id":"https:\/\/lasentinelle.dz\/#\/schema\/logo\/image\/"},"sameAs":["https:\/\/www.facebook.com\/La-Sentinelle-104059864394773"]},{"@type":"Person","@id":"https:\/\/lasentinelle.dz\/#\/schema\/person\/729ee0024f24e0b8c5ec17232f8e8b41","name":"admin","image":{"@type":"ImageObject","inLanguage":"fr-FR","@id":"https:\/\/secure.gravatar.com\/avatar\/4c81fed838786e9b53f540bf46533e750f5d292099ae3b66cfc6fb1982e29df7?s=96&d=mm&r=g","url":"https:\/\/secure.gravatar.com\/avatar\/4c81fed838786e9b53f540bf46533e750f5d292099ae3b66cfc6fb1982e29df7?s=96&d=mm&r=g","contentUrl":"https:\/\/secure.gravatar.com\/avatar\/4c81fed838786e9b53f540bf46533e750f5d292099ae3b66cfc6fb1982e29df7?s=96&d=mm&r=g","caption":"admin"},"description":"admin","url":"https:\/\/lasentinelle.dz\/author\/admin\/"}]}},"_links":{"self":[{"href":"https:\/\/lasentinelle.dz\/index.php\/wp-json\/wp\/v2\/posts\/76503","targetHints":{"allow":["GET"]}}],"collection":[{"href":"https:\/\/lasentinelle.dz\/index.php\/wp-json\/wp\/v2\/posts"}],"about":[{"href":"https:\/\/lasentinelle.dz\/index.php\/wp-json\/wp\/v2\/types\/post"}],"author":[{"embeddable":true,"href":"https:\/\/lasentinelle.dz\/index.php\/wp-json\/wp\/v2\/users\/6"}],"replies":[{"embeddable":true,"href":"https:\/\/lasentinelle.dz\/index.php\/wp-json\/wp\/v2\/comments?post=76503"}],"version-history":[{"count":2,"href":"https:\/\/lasentinelle.dz\/index.php\/wp-json\/wp\/v2\/posts\/76503\/revisions"}],"predecessor-version":[{"id":76505,"href":"https:\/\/lasentinelle.dz\/index.php\/wp-json\/wp\/v2\/posts\/76503\/revisions\/76505"}],"wp:featuredmedia":[{"embeddable":true,"href":"https:\/\/lasentinelle.dz\/index.php\/wp-json\/wp\/v2\/media\/41131"}],"wp:attachment":[{"href":"https:\/\/lasentinelle.dz\/index.php\/wp-json\/wp\/v2\/media?parent=76503"}],"wp:term":[{"taxonomy":"category","embeddable":true,"href":"https:\/\/lasentinelle.dz\/index.php\/wp-json\/wp\/v2\/categories?post=76503"},{"taxonomy":"post_tag","embeddable":true,"href":"https:\/\/lasentinelle.dz\/index.php\/wp-json\/wp\/v2\/tags?post=76503"}],"curies":[{"name":"wp","href":"https:\/\/api.w.org\/{rel}","templated":true}]}}