{"id":76734,"date":"2025-11-25T12:37:18","date_gmt":"2025-11-25T11:37:18","guid":{"rendered":"https:\/\/lasentinelle.dz\/?p=76734"},"modified":"2025-11-25T12:37:19","modified_gmt":"2025-11-25T11:37:19","slug":"autorite-portuaire-dannaba-les-operation-dimportation-de-voitures-en-debat","status":"publish","type":"post","link":"https:\/\/lasentinelle.dz\/index.php\/2025\/11\/25\/autorite-portuaire-dannaba-les-operation-dimportation-de-voitures-en-debat\/","title":{"rendered":"Autorit\u00e9 portuaire d&rsquo;Annaba\u00a0: Les op\u00e9ration d\u2019&rsquo;importation de voitures en d\u00e9bat"},"content":{"rendered":"\n<p>L&rsquo;Autorit\u00e9 portuaire d&rsquo;Annaba a organis\u00e9 ce dimanche une conf\u00e9rence, une r\u00e9union de coordination \u00e9largie aux diff\u00e9rentes parties prenantes impliqu\u00e9es dans l&rsquo;importation de voitures (neuves et d&rsquo;occasion) par le secteur priv\u00e9.&nbsp;<\/p>\n\n\n\n<p>La rencontre, tenue dans la salle des conf\u00e9rences de la station maritime, a rassembl\u00e9 des repr\u00e9sentants de la direction fiscale de la wilaya d&rsquo;Annaba et des d\u00e9clarants en douane actifs dans le domaine de l&rsquo;importation de voitures. Ont \u00e9galement \u00e9t\u00e9 pr\u00e9sents \u00e0 cette r\u00e9union des repr\u00e9sentants de l&rsquo;administration des douanes et de la police maritime des fronti\u00e8res au port d&rsquo;Annaba. La r\u00e9union a \u00e9t\u00e9 l&rsquo;occasion d&rsquo;engager des d\u00e9bats ouverts entre les d\u00e9clarants en douane et les repr\u00e9sentants des diff\u00e9rents services impliqu\u00e9s dans le processus d&rsquo;importation de voitures via le port d&rsquo;Annaba, dont l&rsquo;objectif principal est d&rsquo;am\u00e9liorer le d\u00e9roulement de cette activit\u00e9. Outre cela, la rencontre s&rsquo;est pr\u00e9sent\u00e9e comme une opportunit\u00e9 pour les diff\u00e9rents partenaires, notamment ceux concern\u00e9s directement par l&rsquo;am\u00e9lioration des performances de l&rsquo;\u00e9tablissement portuaire. Il convient de souligner que le port d&rsquo;Annaba fait partie des dix principaux ports de commerce d&rsquo;Alg\u00e9rie. Son champ d&rsquo;influence s&rsquo;\u00e9tend sur douze wilayas du pays o\u00f9 sont situ\u00e9es des zones industrielles \u00e0 fort potentiel de d\u00e9veloppement et des ressources naturelles telles que les mines de fer, de phosphates et les champs p\u00e9troliers. Toutes ces activit\u00e9s \u00e9conomiques sont port\u00e9es par le port d&rsquo;Annaba, qui est en pleine mutation pour devenir un hub de l&rsquo;\u00e9conomie nationale.<\/p>\n\n\n\n<p>Ce constat, palpable \u00e0 plus d&rsquo;un titre, traduit le processus d&rsquo;expansion et de modernisation de cet \u00e9tablissement portuaire engag\u00e9 par les hautes instances de l&rsquo;\u00c9tat, qui ont d\u00e9ploy\u00e9 des moyens consid\u00e9rables. On rappelle dans ce contexte que l&rsquo;Alg\u00e9rie s&rsquo;est r\u00e9solument engag\u00e9e, durant l&rsquo;ann\u00e9e en cours, dans ce processus de modernisation de ses infrastructures portuaires avec un investissement sans pr\u00e9c\u00e9dent de plus de 40 milliards de dinars. \u00c0 travers cette vaste op\u00e9ration de modernisation des infrastructures portuaires, dont celle d&rsquo;Annaba, l&rsquo;Alg\u00e9rie entend non seulement stimuler ses exportations hors hydrocarbures, mais aussi attirer des investissements \u00e9trangers et s&rsquo;int\u00e9grer pleinement dans les cha\u00eenes logistiques mondiales. Le port d&rsquo;Annaba est le 3e port du pays en mati\u00e8re de trafic conteneuris\u00e9, faisant de lui un maillon essentiel du commerce ext\u00e9rieur alg\u00e9rien, qui comprend \u00e9galement l&rsquo;importation de v\u00e9hicules. Avec une capacit\u00e9 annuelle d\u00e9passant les cinq millions de tonnes de marchandises, le port d&rsquo;Annaba dessert un vaste hinterland industriel et commercial couvrant plusieurs wilayas de la r\u00e9gion Est du pays, dont El Tarf, Guelma, Souk Ahras, etc.<\/p>\n\n\n\n<p>Son activit\u00e9 est marqu\u00e9e par une double vocation : l&rsquo;exportation du clinker et ciments ainsi que les produits sid\u00e9rurgiques via le complexe Sider El Hadjar, et l&rsquo;importation d&rsquo;\u00e9quipements, de denr\u00e9es c\u00e9r\u00e9ali\u00e8res et de mati\u00e8res premi\u00e8res destin\u00e9es \u00e0 l&rsquo;industrie nationale. Tout cet \u00e9ventail \u00e9conomique vari\u00e9 doit r\u00e9pondre aux exigences de l&rsquo;activit\u00e9 \u00e9conomique qui ne doit pas \u00eatre p\u00e9nalisante pour le Tr\u00e9sor public, notamment en mati\u00e8re de traitement des conteneurs et d&rsquo;accostage des navires. Ces segments, entre autres, de la promotion de l&rsquo;\u00e9conomie doivent \u00eatre d\u00e9velopp\u00e9s via une ma\u00eetrise des m\u00e9canismes d&rsquo;importation, auxquels sont impliqu\u00e9s en premier lieu les op\u00e9rateurs \u00e9conomiques et les d\u00e9clarants en douane, et en second lieu les services douaniers et la police des fronti\u00e8res.<\/p>\n\n\n\n<p>Ce panel d&rsquo;acteurs a, lors de cette r\u00e9union, trait\u00e9 de toutes les questions en rapport avec, entre autres, l&rsquo;importation de voitures neuves et d&rsquo;occasion. Ce volet de l&rsquo;importation, d\u00e9fini par des lois et des r\u00e9glementations, a \u00e9t\u00e9 au centre des d\u00e9bats engag\u00e9s lors de cette r\u00e9union. Pour rappel, cette rencontre intervient conform\u00e9ment aux instructions de M. Said Sayoud, ministre de l&rsquo;Int\u00e9rieur, des Collectivit\u00e9s locales et des Transports, concernant le suivi sur le terrain de l&rsquo;activit\u00e9 portuaire, son d\u00e9veloppement et l&rsquo;am\u00e9lioration de ses performances, dans le but d&rsquo;assurer les meilleures conditions de passage des marchandises par le port au profit des op\u00e9rateurs \u00e9conomiques.Sofia Chahine<\/p>\n","protected":false},"excerpt":{"rendered":"<p>L&rsquo;Autorit\u00e9 portuaire d&rsquo;Annaba a organis\u00e9 ce dimanche une conf\u00e9rence, une r\u00e9union de coordination \u00e9largie aux diff\u00e9rentes parties prenantes impliqu\u00e9es dans<\/p>\n","protected":false},"author":6,"featured_media":22266,"comment_status":"open","ping_status":"closed","sticky":false,"template":"","format":"standard","meta":{"colormag_page_container_layout":"default_layout","colormag_page_sidebar_layout":"default_layout","om_disable_all_campaigns":false,"_monsterinsights_skip_tracking":false,"_monsterinsights_sitenote_active":false,"_monsterinsights_sitenote_note":"","_monsterinsights_sitenote_category":0,"footnotes":"","_wpscppro_dont_share_socialmedia":false,"_wpscppro_custom_social_share_image":0,"_facebook_share_type":"default","_twitter_share_type":"default","_linkedin_share_type":"default","_pinterest_share_type":"default","_linkedin_share_type_page":"","_instagram_share_type":"default","_medium_share_type":"default","_threads_share_type":"default","_google_business_share_type":"default","_selected_social_profile":[],"_wpsp_enable_custom_social_template":false,"_wpsp_social_scheduling":{"enabled":false,"datetime":null,"platforms":[],"status":"template_only","dateOption":"today","timeOption":"now","customDays":"","customHours":"","customDate":"","customTime":"","schedulingType":"absolute"},"_wpsp_active_default_template":true},"categories":[31],"tags":[],"class_list":["post-76734","post","type-post","status-publish","format-standard","has-post-thumbnail","hentry","category-regions"],"aioseo_notices":[],"yoast_head":"<!-- This site is optimized with the Yoast SEO plugin v27.4 - https:\/\/yoast.com\/product\/yoast-seo-wordpress\/ -->\n<title>Autorit\u00e9 portuaire d&rsquo;Annaba\u00a0: Les op\u00e9ration d\u2019&rsquo;importation de voitures en d\u00e9bat - La Sentinelle<\/title>\n<meta name=\"robots\" content=\"index, follow, max-snippet:-1, max-image-preview:large, max-video-preview:-1\" \/>\n<link rel=\"canonical\" href=\"https:\/\/lasentinelle.dz\/index.php\/2025\/11\/25\/autorite-portuaire-dannaba-les-operation-dimportation-de-voitures-en-debat\/\" \/>\n<meta property=\"og:locale\" content=\"fr_FR\" \/>\n<meta property=\"og:type\" content=\"article\" \/>\n<meta property=\"og:title\" content=\"Autorit\u00e9 portuaire d&rsquo;Annaba\u00a0: Les op\u00e9ration d\u2019&rsquo;importation de voitures en d\u00e9bat - La Sentinelle\" \/>\n<meta property=\"og:description\" content=\"L&rsquo;Autorit\u00e9 portuaire d&rsquo;Annaba a organis\u00e9 ce dimanche une conf\u00e9rence, une r\u00e9union de coordination \u00e9largie aux diff\u00e9rentes parties prenantes impliqu\u00e9es dans\" \/>\n<meta property=\"og:url\" content=\"https:\/\/lasentinelle.dz\/index.php\/2025\/11\/25\/autorite-portuaire-dannaba-les-operation-dimportation-de-voitures-en-debat\/\" \/>\n<meta property=\"og:site_name\" content=\"La Sentinelle\" \/>\n<meta property=\"article:publisher\" content=\"https:\/\/www.facebook.com\/La-Sentinelle-104059864394773\" \/>\n<meta property=\"article:published_time\" content=\"2025-11-25T11:37:18+00:00\" \/>\n<meta property=\"article:modified_time\" content=\"2025-11-25T11:37:19+00:00\" \/>\n<meta property=\"og:image\" content=\"https:\/\/lasentinelle.dz\/wp-content\/uploads\/2022\/06\/port-dannaba.png\" \/>\n\t<meta property=\"og:image:width\" content=\"1200\" \/>\n\t<meta property=\"og:image:height\" content=\"900\" \/>\n\t<meta property=\"og:image:type\" content=\"image\/png\" \/>\n<meta name=\"author\" content=\"admin\" \/>\n<meta name=\"twitter:card\" content=\"summary_large_image\" \/>\n<meta name=\"twitter:label1\" content=\"\u00c9crit par\" \/>\n\t<meta name=\"twitter:data1\" content=\"admin\" \/>\n\t<meta name=\"twitter:label2\" content=\"Dur\u00e9e de lecture estim\u00e9e\" \/>\n\t<meta name=\"twitter:data2\" content=\"4 minutes\" \/>\n<script type=\"application\/ld+json\" class=\"yoast-schema-graph\">{\"@context\":\"https:\\\/\\\/schema.org\",\"@graph\":[{\"@type\":\"Article\",\"@id\":\"https:\\\/\\\/lasentinelle.dz\\\/index.php\\\/2025\\\/11\\\/25\\\/autorite-portuaire-dannaba-les-operation-dimportation-de-voitures-en-debat\\\/#article\",\"isPartOf\":{\"@id\":\"https:\\\/\\\/lasentinelle.dz\\\/index.php\\\/2025\\\/11\\\/25\\\/autorite-portuaire-dannaba-les-operation-dimportation-de-voitures-en-debat\\\/\"},\"author\":{\"name\":\"admin\",\"@id\":\"https:\\\/\\\/lasentinelle.dz\\\/#\\\/schema\\\/person\\\/729ee0024f24e0b8c5ec17232f8e8b41\"},\"headline\":\"Autorit\u00e9 portuaire d&rsquo;Annaba\u00a0: Les op\u00e9ration d\u2019&rsquo;importation de voitures en d\u00e9bat\",\"datePublished\":\"2025-11-25T11:37:18+00:00\",\"dateModified\":\"2025-11-25T11:37:19+00:00\",\"mainEntityOfPage\":{\"@id\":\"https:\\\/\\\/lasentinelle.dz\\\/index.php\\\/2025\\\/11\\\/25\\\/autorite-portuaire-dannaba-les-operation-dimportation-de-voitures-en-debat\\\/\"},\"wordCount\":762,\"commentCount\":0,\"publisher\":{\"@id\":\"https:\\\/\\\/lasentinelle.dz\\\/#organization\"},\"image\":{\"@id\":\"https:\\\/\\\/lasentinelle.dz\\\/index.php\\\/2025\\\/11\\\/25\\\/autorite-portuaire-dannaba-les-operation-dimportation-de-voitures-en-debat\\\/#primaryimage\"},\"thumbnailUrl\":\"https:\\\/\\\/lasentinelle.dz\\\/wp-content\\\/uploads\\\/2022\\\/06\\\/port-dannaba.png\",\"articleSection\":[\"R\u00e9gions\"],\"inLanguage\":\"fr-FR\",\"potentialAction\":[{\"@type\":\"CommentAction\",\"name\":\"Comment\",\"target\":[\"https:\\\/\\\/lasentinelle.dz\\\/index.php\\\/2025\\\/11\\\/25\\\/autorite-portuaire-dannaba-les-operation-dimportation-de-voitures-en-debat\\\/#respond\"]}]},{\"@type\":\"WebPage\",\"@id\":\"https:\\\/\\\/lasentinelle.dz\\\/index.php\\\/2025\\\/11\\\/25\\\/autorite-portuaire-dannaba-les-operation-dimportation-de-voitures-en-debat\\\/\",\"url\":\"https:\\\/\\\/lasentinelle.dz\\\/index.php\\\/2025\\\/11\\\/25\\\/autorite-portuaire-dannaba-les-operation-dimportation-de-voitures-en-debat\\\/\",\"name\":\"Autorit\u00e9 portuaire d&rsquo;Annaba\u00a0: Les op\u00e9ration d\u2019&rsquo;importation de voitures en d\u00e9bat - La Sentinelle\",\"isPartOf\":{\"@id\":\"https:\\\/\\\/lasentinelle.dz\\\/#website\"},\"primaryImageOfPage\":{\"@id\":\"https:\\\/\\\/lasentinelle.dz\\\/index.php\\\/2025\\\/11\\\/25\\\/autorite-portuaire-dannaba-les-operation-dimportation-de-voitures-en-debat\\\/#primaryimage\"},\"image\":{\"@id\":\"https:\\\/\\\/lasentinelle.dz\\\/index.php\\\/2025\\\/11\\\/25\\\/autorite-portuaire-dannaba-les-operation-dimportation-de-voitures-en-debat\\\/#primaryimage\"},\"thumbnailUrl\":\"https:\\\/\\\/lasentinelle.dz\\\/wp-content\\\/uploads\\\/2022\\\/06\\\/port-dannaba.png\",\"datePublished\":\"2025-11-25T11:37:18+00:00\",\"dateModified\":\"2025-11-25T11:37:19+00:00\",\"breadcrumb\":{\"@id\":\"https:\\\/\\\/lasentinelle.dz\\\/index.php\\\/2025\\\/11\\\/25\\\/autorite-portuaire-dannaba-les-operation-dimportation-de-voitures-en-debat\\\/#breadcrumb\"},\"inLanguage\":\"fr-FR\",\"potentialAction\":[{\"@type\":\"ReadAction\",\"target\":[\"https:\\\/\\\/lasentinelle.dz\\\/index.php\\\/2025\\\/11\\\/25\\\/autorite-portuaire-dannaba-les-operation-dimportation-de-voitures-en-debat\\\/\"]}]},{\"@type\":\"ImageObject\",\"inLanguage\":\"fr-FR\",\"@id\":\"https:\\\/\\\/lasentinelle.dz\\\/index.php\\\/2025\\\/11\\\/25\\\/autorite-portuaire-dannaba-les-operation-dimportation-de-voitures-en-debat\\\/#primaryimage\",\"url\":\"https:\\\/\\\/lasentinelle.dz\\\/wp-content\\\/uploads\\\/2022\\\/06\\\/port-dannaba.png\",\"contentUrl\":\"https:\\\/\\\/lasentinelle.dz\\\/wp-content\\\/uploads\\\/2022\\\/06\\\/port-dannaba.png\",\"width\":1200,\"height\":900},{\"@type\":\"BreadcrumbList\",\"@id\":\"https:\\\/\\\/lasentinelle.dz\\\/index.php\\\/2025\\\/11\\\/25\\\/autorite-portuaire-dannaba-les-operation-dimportation-de-voitures-en-debat\\\/#breadcrumb\",\"itemListElement\":[{\"@type\":\"ListItem\",\"position\":1,\"name\":\"Accueil\",\"item\":\"https:\\\/\\\/lasentinelle.dz\\\/\"},{\"@type\":\"ListItem\",\"position\":2,\"name\":\"Autorit\u00e9 portuaire d&rsquo;Annaba\u00a0: Les op\u00e9ration d\u2019&rsquo;importation de voitures en d\u00e9bat\"}]},{\"@type\":\"WebSite\",\"@id\":\"https:\\\/\\\/lasentinelle.dz\\\/#website\",\"url\":\"https:\\\/\\\/lasentinelle.dz\\\/\",\"name\":\"La Sentinelle\",\"description\":\"Quotidien national d&#039;information\",\"publisher\":{\"@id\":\"https:\\\/\\\/lasentinelle.dz\\\/#organization\"},\"potentialAction\":[{\"@type\":\"SearchAction\",\"target\":{\"@type\":\"EntryPoint\",\"urlTemplate\":\"https:\\\/\\\/lasentinelle.dz\\\/?s={search_term_string}\"},\"query-input\":{\"@type\":\"PropertyValueSpecification\",\"valueRequired\":true,\"valueName\":\"search_term_string\"}}],\"inLanguage\":\"fr-FR\"},{\"@type\":\"Organization\",\"@id\":\"https:\\\/\\\/lasentinelle.dz\\\/#organization\",\"name\":\"Quotidien La Sentinelle\",\"url\":\"https:\\\/\\\/lasentinelle.dz\\\/\",\"logo\":{\"@type\":\"ImageObject\",\"inLanguage\":\"fr-FR\",\"@id\":\"https:\\\/\\\/lasentinelle.dz\\\/#\\\/schema\\\/logo\\\/image\\\/\",\"url\":\"https:\\\/\\\/lasentinelle.dz\\\/wp-content\\\/uploads\\\/2021\\\/09\\\/logo-sentinelleSLOGAN-1.png\",\"contentUrl\":\"https:\\\/\\\/lasentinelle.dz\\\/wp-content\\\/uploads\\\/2021\\\/09\\\/logo-sentinelleSLOGAN-1.png\",\"width\":615,\"height\":142,\"caption\":\"Quotidien La Sentinelle\"},\"image\":{\"@id\":\"https:\\\/\\\/lasentinelle.dz\\\/#\\\/schema\\\/logo\\\/image\\\/\"},\"sameAs\":[\"https:\\\/\\\/www.facebook.com\\\/La-Sentinelle-104059864394773\"]},{\"@type\":\"Person\",\"@id\":\"https:\\\/\\\/lasentinelle.dz\\\/#\\\/schema\\\/person\\\/729ee0024f24e0b8c5ec17232f8e8b41\",\"name\":\"admin\",\"image\":{\"@type\":\"ImageObject\",\"inLanguage\":\"fr-FR\",\"@id\":\"https:\\\/\\\/secure.gravatar.com\\\/avatar\\\/4c81fed838786e9b53f540bf46533e750f5d292099ae3b66cfc6fb1982e29df7?s=96&d=mm&r=g\",\"url\":\"https:\\\/\\\/secure.gravatar.com\\\/avatar\\\/4c81fed838786e9b53f540bf46533e750f5d292099ae3b66cfc6fb1982e29df7?s=96&d=mm&r=g\",\"contentUrl\":\"https:\\\/\\\/secure.gravatar.com\\\/avatar\\\/4c81fed838786e9b53f540bf46533e750f5d292099ae3b66cfc6fb1982e29df7?s=96&d=mm&r=g\",\"caption\":\"admin\"},\"description\":\"admin\",\"url\":\"https:\\\/\\\/lasentinelle.dz\\\/author\\\/admin\\\/\"}]}<\/script>\n<!-- \/ Yoast SEO plugin. -->","yoast_head_json":{"title":"Autorit\u00e9 portuaire d&rsquo;Annaba\u00a0: Les op\u00e9ration d\u2019&rsquo;importation de voitures en d\u00e9bat - La Sentinelle","robots":{"index":"index","follow":"follow","max-snippet":"max-snippet:-1","max-image-preview":"max-image-preview:large","max-video-preview":"max-video-preview:-1"},"canonical":"https:\/\/lasentinelle.dz\/index.php\/2025\/11\/25\/autorite-portuaire-dannaba-les-operation-dimportation-de-voitures-en-debat\/","og_locale":"fr_FR","og_type":"article","og_title":"Autorit\u00e9 portuaire d&rsquo;Annaba\u00a0: Les op\u00e9ration d\u2019&rsquo;importation de voitures en d\u00e9bat - La Sentinelle","og_description":"L&rsquo;Autorit\u00e9 portuaire d&rsquo;Annaba a organis\u00e9 ce dimanche une conf\u00e9rence, une r\u00e9union de coordination \u00e9largie aux diff\u00e9rentes parties prenantes impliqu\u00e9es dans","og_url":"https:\/\/lasentinelle.dz\/index.php\/2025\/11\/25\/autorite-portuaire-dannaba-les-operation-dimportation-de-voitures-en-debat\/","og_site_name":"La Sentinelle","article_publisher":"https:\/\/www.facebook.com\/La-Sentinelle-104059864394773","article_published_time":"2025-11-25T11:37:18+00:00","article_modified_time":"2025-11-25T11:37:19+00:00","og_image":[{"width":1200,"height":900,"url":"https:\/\/lasentinelle.dz\/wp-content\/uploads\/2022\/06\/port-dannaba.png","type":"image\/png"}],"author":"admin","twitter_card":"summary_large_image","twitter_misc":{"\u00c9crit par":"admin","Dur\u00e9e de lecture estim\u00e9e":"4 minutes"},"schema":{"@context":"https:\/\/schema.org","@graph":[{"@type":"Article","@id":"https:\/\/lasentinelle.dz\/index.php\/2025\/11\/25\/autorite-portuaire-dannaba-les-operation-dimportation-de-voitures-en-debat\/#article","isPartOf":{"@id":"https:\/\/lasentinelle.dz\/index.php\/2025\/11\/25\/autorite-portuaire-dannaba-les-operation-dimportation-de-voitures-en-debat\/"},"author":{"name":"admin","@id":"https:\/\/lasentinelle.dz\/#\/schema\/person\/729ee0024f24e0b8c5ec17232f8e8b41"},"headline":"Autorit\u00e9 portuaire d&rsquo;Annaba\u00a0: Les op\u00e9ration d\u2019&rsquo;importation de voitures en d\u00e9bat","datePublished":"2025-11-25T11:37:18+00:00","dateModified":"2025-11-25T11:37:19+00:00","mainEntityOfPage":{"@id":"https:\/\/lasentinelle.dz\/index.php\/2025\/11\/25\/autorite-portuaire-dannaba-les-operation-dimportation-de-voitures-en-debat\/"},"wordCount":762,"commentCount":0,"publisher":{"@id":"https:\/\/lasentinelle.dz\/#organization"},"image":{"@id":"https:\/\/lasentinelle.dz\/index.php\/2025\/11\/25\/autorite-portuaire-dannaba-les-operation-dimportation-de-voitures-en-debat\/#primaryimage"},"thumbnailUrl":"https:\/\/lasentinelle.dz\/wp-content\/uploads\/2022\/06\/port-dannaba.png","articleSection":["R\u00e9gions"],"inLanguage":"fr-FR","potentialAction":[{"@type":"CommentAction","name":"Comment","target":["https:\/\/lasentinelle.dz\/index.php\/2025\/11\/25\/autorite-portuaire-dannaba-les-operation-dimportation-de-voitures-en-debat\/#respond"]}]},{"@type":"WebPage","@id":"https:\/\/lasentinelle.dz\/index.php\/2025\/11\/25\/autorite-portuaire-dannaba-les-operation-dimportation-de-voitures-en-debat\/","url":"https:\/\/lasentinelle.dz\/index.php\/2025\/11\/25\/autorite-portuaire-dannaba-les-operation-dimportation-de-voitures-en-debat\/","name":"Autorit\u00e9 portuaire d&rsquo;Annaba\u00a0: Les op\u00e9ration d\u2019&rsquo;importation de voitures en d\u00e9bat - La Sentinelle","isPartOf":{"@id":"https:\/\/lasentinelle.dz\/#website"},"primaryImageOfPage":{"@id":"https:\/\/lasentinelle.dz\/index.php\/2025\/11\/25\/autorite-portuaire-dannaba-les-operation-dimportation-de-voitures-en-debat\/#primaryimage"},"image":{"@id":"https:\/\/lasentinelle.dz\/index.php\/2025\/11\/25\/autorite-portuaire-dannaba-les-operation-dimportation-de-voitures-en-debat\/#primaryimage"},"thumbnailUrl":"https:\/\/lasentinelle.dz\/wp-content\/uploads\/2022\/06\/port-dannaba.png","datePublished":"2025-11-25T11:37:18+00:00","dateModified":"2025-11-25T11:37:19+00:00","breadcrumb":{"@id":"https:\/\/lasentinelle.dz\/index.php\/2025\/11\/25\/autorite-portuaire-dannaba-les-operation-dimportation-de-voitures-en-debat\/#breadcrumb"},"inLanguage":"fr-FR","potentialAction":[{"@type":"ReadAction","target":["https:\/\/lasentinelle.dz\/index.php\/2025\/11\/25\/autorite-portuaire-dannaba-les-operation-dimportation-de-voitures-en-debat\/"]}]},{"@type":"ImageObject","inLanguage":"fr-FR","@id":"https:\/\/lasentinelle.dz\/index.php\/2025\/11\/25\/autorite-portuaire-dannaba-les-operation-dimportation-de-voitures-en-debat\/#primaryimage","url":"https:\/\/lasentinelle.dz\/wp-content\/uploads\/2022\/06\/port-dannaba.png","contentUrl":"https:\/\/lasentinelle.dz\/wp-content\/uploads\/2022\/06\/port-dannaba.png","width":1200,"height":900},{"@type":"BreadcrumbList","@id":"https:\/\/lasentinelle.dz\/index.php\/2025\/11\/25\/autorite-portuaire-dannaba-les-operation-dimportation-de-voitures-en-debat\/#breadcrumb","itemListElement":[{"@type":"ListItem","position":1,"name":"Accueil","item":"https:\/\/lasentinelle.dz\/"},{"@type":"ListItem","position":2,"name":"Autorit\u00e9 portuaire d&rsquo;Annaba\u00a0: Les op\u00e9ration d\u2019&rsquo;importation de voitures en d\u00e9bat"}]},{"@type":"WebSite","@id":"https:\/\/lasentinelle.dz\/#website","url":"https:\/\/lasentinelle.dz\/","name":"La Sentinelle","description":"Quotidien national d&#039;information","publisher":{"@id":"https:\/\/lasentinelle.dz\/#organization"},"potentialAction":[{"@type":"SearchAction","target":{"@type":"EntryPoint","urlTemplate":"https:\/\/lasentinelle.dz\/?s={search_term_string}"},"query-input":{"@type":"PropertyValueSpecification","valueRequired":true,"valueName":"search_term_string"}}],"inLanguage":"fr-FR"},{"@type":"Organization","@id":"https:\/\/lasentinelle.dz\/#organization","name":"Quotidien La Sentinelle","url":"https:\/\/lasentinelle.dz\/","logo":{"@type":"ImageObject","inLanguage":"fr-FR","@id":"https:\/\/lasentinelle.dz\/#\/schema\/logo\/image\/","url":"https:\/\/lasentinelle.dz\/wp-content\/uploads\/2021\/09\/logo-sentinelleSLOGAN-1.png","contentUrl":"https:\/\/lasentinelle.dz\/wp-content\/uploads\/2021\/09\/logo-sentinelleSLOGAN-1.png","width":615,"height":142,"caption":"Quotidien La Sentinelle"},"image":{"@id":"https:\/\/lasentinelle.dz\/#\/schema\/logo\/image\/"},"sameAs":["https:\/\/www.facebook.com\/La-Sentinelle-104059864394773"]},{"@type":"Person","@id":"https:\/\/lasentinelle.dz\/#\/schema\/person\/729ee0024f24e0b8c5ec17232f8e8b41","name":"admin","image":{"@type":"ImageObject","inLanguage":"fr-FR","@id":"https:\/\/secure.gravatar.com\/avatar\/4c81fed838786e9b53f540bf46533e750f5d292099ae3b66cfc6fb1982e29df7?s=96&d=mm&r=g","url":"https:\/\/secure.gravatar.com\/avatar\/4c81fed838786e9b53f540bf46533e750f5d292099ae3b66cfc6fb1982e29df7?s=96&d=mm&r=g","contentUrl":"https:\/\/secure.gravatar.com\/avatar\/4c81fed838786e9b53f540bf46533e750f5d292099ae3b66cfc6fb1982e29df7?s=96&d=mm&r=g","caption":"admin"},"description":"admin","url":"https:\/\/lasentinelle.dz\/author\/admin\/"}]}},"_links":{"self":[{"href":"https:\/\/lasentinelle.dz\/index.php\/wp-json\/wp\/v2\/posts\/76734","targetHints":{"allow":["GET"]}}],"collection":[{"href":"https:\/\/lasentinelle.dz\/index.php\/wp-json\/wp\/v2\/posts"}],"about":[{"href":"https:\/\/lasentinelle.dz\/index.php\/wp-json\/wp\/v2\/types\/post"}],"author":[{"embeddable":true,"href":"https:\/\/lasentinelle.dz\/index.php\/wp-json\/wp\/v2\/users\/6"}],"replies":[{"embeddable":true,"href":"https:\/\/lasentinelle.dz\/index.php\/wp-json\/wp\/v2\/comments?post=76734"}],"version-history":[{"count":2,"href":"https:\/\/lasentinelle.dz\/index.php\/wp-json\/wp\/v2\/posts\/76734\/revisions"}],"predecessor-version":[{"id":76736,"href":"https:\/\/lasentinelle.dz\/index.php\/wp-json\/wp\/v2\/posts\/76734\/revisions\/76736"}],"wp:featuredmedia":[{"embeddable":true,"href":"https:\/\/lasentinelle.dz\/index.php\/wp-json\/wp\/v2\/media\/22266"}],"wp:attachment":[{"href":"https:\/\/lasentinelle.dz\/index.php\/wp-json\/wp\/v2\/media?parent=76734"}],"wp:term":[{"taxonomy":"category","embeddable":true,"href":"https:\/\/lasentinelle.dz\/index.php\/wp-json\/wp\/v2\/categories?post=76734"},{"taxonomy":"post_tag","embeddable":true,"href":"https:\/\/lasentinelle.dz\/index.php\/wp-json\/wp\/v2\/tags?post=76734"}],"curies":[{"name":"wp","href":"https:\/\/api.w.org\/{rel}","templated":true}]}}