{"id":7674,"date":"2021-09-14T00:01:00","date_gmt":"2021-09-13T23:01:00","guid":{"rendered":"https:\/\/lasentinelle.dz\/?p=7674"},"modified":"2021-09-13T16:32:38","modified_gmt":"2021-09-13T15:32:38","slug":"liban-premiere-reunion-du-nouveau-gouvernement","status":"publish","type":"post","link":"https:\/\/lasentinelle.dz\/index.php\/2021\/09\/14\/liban-premiere-reunion-du-nouveau-gouvernement\/","title":{"rendered":"Liban : Premi\u00e8re r\u00e9union du nouveau gouvernement"},"content":{"rendered":"\n<p>Le nouveau gouvernement libanais, form\u00e9 apr\u00e8s 13 mois de vide, a tenu hier sa premi\u00e8re r\u00e9union pour se pencher sur les t\u00e2ches colossales qui l&rsquo;attendent dans un pays en plein effondrement \u00e9conomique depuis deux ans. La s\u00e9ance a d\u00e9but\u00e9 \u00e0 11H00 (08H00 GMT) au palais pr\u00e9sidentiel, en pr\u00e9sence du pr\u00e9sident Michel Aoun et du Premier ministre Najib Mikati.&nbsp; Le gouvernement a form\u00e9 un comit\u00e9 charg\u00e9 de r\u00e9diger la d\u00e9claration minist\u00e9rielle, qui sera ensuite pr\u00e9sent\u00e9e au Parlement lors de la s\u00e9ance de vote de confiance au nouveau gouvernement, a indiqu\u00e9 l&rsquo;agence nationale de l&rsquo;information (ANI).Le Liban \u00e9tait sans nouveau gouvernement depuis la d\u00e9mission du cabinet de Hassan Diab dans la foul\u00e9e de l&rsquo;explosion d\u00e9vastatrice au port de Beyrouth le 4 ao\u00fbt 2020.Ce retard a aggrav\u00e9 la crise \u00e9conomique, qualifi\u00e9e par la Banque mondiale d&rsquo;une des pires au monde depuis 1850.<\/p>\n\n\n\n<p>Parmi les innombrables d\u00e9fis, le nouveau gouvernement devra parvenir rapidement \u00e0 un accord avec le Fonds mon\u00e9taire international (FMI), \u00e9tape incontournable pour une sortie de crise.&nbsp; \u00ab\u00a0J&rsquo;esp\u00e8re que le comit\u00e9 minist\u00e9riel veillera \u00e0 ce que la d\u00e9claration minist\u00e9rielle inclue la poursuite des n\u00e9gociations avec le FMI\u00a0\u00bb, a d\u00e9clar\u00e9 hier Michel Aoun.&nbsp;&nbsp;<\/p>\n\n\n\n<p>A court de devises \u00e9trang\u00e8res et en d\u00e9faut de paiement sur sa dette, le pays connait depuis des mois de graves p\u00e9nuries de carburant, de m\u00e9dicaments et de courant touchant \u00e0 tous les aspects de la vie quotidienne. Le nouveau cabinet devra \u00e9galement pr\u00e9parer le terrain aux \u00e9lections l\u00e9gislatives pr\u00e9vues en mai 2022.<\/p>\n\n\n\n<p>Hier, le minist\u00e8re des Finances a annonc\u00e9 avoir \u00e9t\u00e9 inform\u00e9 par le FMI du versement le 16 septembre d&rsquo;une aide de plus de 1,1 milliard de dollars en droits de tirage sp\u00e9ciaux &#8211; dans le cadre d&rsquo;une aide accord\u00e9e par le Fonds \u00e0 plusieurs pays pour faire face aux retomb\u00e9es \u00e9conomiques de la pand\u00e9mie. Cet avoir international sera d\u00e9pos\u00e9 dans un compte sp\u00e9cial de la Banque du Liban (BDL), dont les r\u00e9serves en dollars ont fondu depuis le d\u00e9but de la crise.&nbsp;<\/p>\n\n\n\n<p>La lev\u00e9e progressive des subventions par la BDL ces derniers mois n&rsquo;a pas aid\u00e9 \u00e0 enrayer les multiples p\u00e9nuries, dont le courant rationn\u00e9 aujourd&rsquo;hui jusqu&rsquo;\u00e0 plus de 22 heures par jour.&nbsp;<\/p>\n\n\n\n<p>Les g\u00e9n\u00e9rateurs de quartier, qui prennent g\u00e9n\u00e9ralement le relais, rationnent aussi, le fioul \u00e9tant devenu cher et monnaie rare. \u00ab\u00a0Nous nous att\u00e8lerons \u00e0 la r\u00e9solution de la question des (p\u00e9nuries de) carburants et de m\u00e9dicaments pour arr\u00eater l&rsquo;humiliation\u00a0\u00bb des Libanais, a promis hier M. Mikati.<\/p>\n\n\n\n<p>AFP<\/p>\n","protected":false},"excerpt":{"rendered":"<p>Le nouveau gouvernement libanais, form\u00e9 apr\u00e8s 13 mois de vide, a tenu hier sa premi\u00e8re r\u00e9union pour se pencher sur<\/p>\n","protected":false},"author":3,"featured_media":7685,"comment_status":"open","ping_status":"closed","sticky":false,"template":"","format":"standard","meta":{"colormag_page_container_layout":"default_layout","colormag_page_sidebar_layout":"default_layout","om_disable_all_campaigns":false,"_monsterinsights_skip_tracking":false,"_monsterinsights_sitenote_active":false,"_monsterinsights_sitenote_note":"","_monsterinsights_sitenote_category":0,"footnotes":"","_wpscppro_dont_share_socialmedia":false,"_wpscppro_custom_social_share_image":0,"_facebook_share_type":"","_twitter_share_type":"","_linkedin_share_type":"","_pinterest_share_type":"","_linkedin_share_type_page":"","_instagram_share_type":"","_medium_share_type":"","_threads_share_type":"","_google_business_share_type":"","_selected_social_profile":[],"_wpsp_enable_custom_social_template":false,"_wpsp_social_scheduling":{"enabled":false,"datetime":null,"platforms":[],"status":"template_only","dateOption":"today","timeOption":"now","customDays":"","customHours":"","customDate":"","customTime":"","schedulingType":"absolute"},"_wpsp_active_default_template":true},"categories":[37],"tags":[],"class_list":["post-7674","post","type-post","status-publish","format-standard","has-post-thumbnail","hentry","category-monde"],"aioseo_notices":[],"yoast_head":"<!-- This site is optimized with the Yoast SEO plugin v27.4 - https:\/\/yoast.com\/product\/yoast-seo-wordpress\/ -->\n<title>Liban : Premi\u00e8re r\u00e9union du nouveau gouvernement - La Sentinelle<\/title>\n<meta name=\"robots\" content=\"index, follow, max-snippet:-1, max-image-preview:large, max-video-preview:-1\" \/>\n<link rel=\"canonical\" href=\"https:\/\/lasentinelle.dz\/index.php\/2021\/09\/14\/liban-premiere-reunion-du-nouveau-gouvernement\/\" \/>\n<meta property=\"og:locale\" content=\"fr_FR\" \/>\n<meta property=\"og:type\" content=\"article\" \/>\n<meta property=\"og:title\" content=\"Liban : Premi\u00e8re r\u00e9union du nouveau gouvernement - La Sentinelle\" \/>\n<meta property=\"og:description\" content=\"Le nouveau gouvernement libanais, form\u00e9 apr\u00e8s 13 mois de vide, a tenu hier sa premi\u00e8re r\u00e9union pour se pencher sur\" \/>\n<meta property=\"og:url\" content=\"https:\/\/lasentinelle.dz\/index.php\/2021\/09\/14\/liban-premiere-reunion-du-nouveau-gouvernement\/\" \/>\n<meta property=\"og:site_name\" content=\"La Sentinelle\" \/>\n<meta property=\"article:publisher\" content=\"https:\/\/www.facebook.com\/La-Sentinelle-104059864394773\" \/>\n<meta property=\"article:published_time\" content=\"2021-09-13T23:01:00+00:00\" \/>\n<meta property=\"og:image\" content=\"https:\/\/lasentinelle.dz\/wp-content\/uploads\/2021\/09\/image_2021-09-13_163218.png\" \/>\n\t<meta property=\"og:image:width\" content=\"670\" \/>\n\t<meta property=\"og:image:height\" content=\"395\" \/>\n\t<meta property=\"og:image:type\" content=\"image\/png\" \/>\n<meta name=\"author\" content=\"La Sentinelle\" \/>\n<meta name=\"twitter:card\" content=\"summary_large_image\" \/>\n<meta name=\"twitter:label1\" content=\"\u00c9crit par\" \/>\n\t<meta name=\"twitter:data1\" content=\"La Sentinelle\" \/>\n\t<meta name=\"twitter:label2\" content=\"Dur\u00e9e de lecture estim\u00e9e\" \/>\n\t<meta name=\"twitter:data2\" content=\"2 minutes\" \/>\n<script type=\"application\/ld+json\" class=\"yoast-schema-graph\">{\"@context\":\"https:\\\/\\\/schema.org\",\"@graph\":[{\"@type\":\"Article\",\"@id\":\"https:\\\/\\\/lasentinelle.dz\\\/index.php\\\/2021\\\/09\\\/14\\\/liban-premiere-reunion-du-nouveau-gouvernement\\\/#article\",\"isPartOf\":{\"@id\":\"https:\\\/\\\/lasentinelle.dz\\\/index.php\\\/2021\\\/09\\\/14\\\/liban-premiere-reunion-du-nouveau-gouvernement\\\/\"},\"author\":{\"name\":\"La Sentinelle\",\"@id\":\"https:\\\/\\\/lasentinelle.dz\\\/#\\\/schema\\\/person\\\/d865044e22e70a75174ce8bcad3acfb3\"},\"headline\":\"Liban : Premi\u00e8re r\u00e9union du nouveau gouvernement\",\"datePublished\":\"2021-09-13T23:01:00+00:00\",\"mainEntityOfPage\":{\"@id\":\"https:\\\/\\\/lasentinelle.dz\\\/index.php\\\/2021\\\/09\\\/14\\\/liban-premiere-reunion-du-nouveau-gouvernement\\\/\"},\"wordCount\":469,\"commentCount\":0,\"publisher\":{\"@id\":\"https:\\\/\\\/lasentinelle.dz\\\/#organization\"},\"image\":{\"@id\":\"https:\\\/\\\/lasentinelle.dz\\\/index.php\\\/2021\\\/09\\\/14\\\/liban-premiere-reunion-du-nouveau-gouvernement\\\/#primaryimage\"},\"thumbnailUrl\":\"https:\\\/\\\/lasentinelle.dz\\\/wp-content\\\/uploads\\\/2021\\\/09\\\/image_2021-09-13_163218.png\",\"articleSection\":[\"Monde\"],\"inLanguage\":\"fr-FR\",\"potentialAction\":[{\"@type\":\"CommentAction\",\"name\":\"Comment\",\"target\":[\"https:\\\/\\\/lasentinelle.dz\\\/index.php\\\/2021\\\/09\\\/14\\\/liban-premiere-reunion-du-nouveau-gouvernement\\\/#respond\"]}]},{\"@type\":\"WebPage\",\"@id\":\"https:\\\/\\\/lasentinelle.dz\\\/index.php\\\/2021\\\/09\\\/14\\\/liban-premiere-reunion-du-nouveau-gouvernement\\\/\",\"url\":\"https:\\\/\\\/lasentinelle.dz\\\/index.php\\\/2021\\\/09\\\/14\\\/liban-premiere-reunion-du-nouveau-gouvernement\\\/\",\"name\":\"Liban : Premi\u00e8re r\u00e9union du nouveau gouvernement - La Sentinelle\",\"isPartOf\":{\"@id\":\"https:\\\/\\\/lasentinelle.dz\\\/#website\"},\"primaryImageOfPage\":{\"@id\":\"https:\\\/\\\/lasentinelle.dz\\\/index.php\\\/2021\\\/09\\\/14\\\/liban-premiere-reunion-du-nouveau-gouvernement\\\/#primaryimage\"},\"image\":{\"@id\":\"https:\\\/\\\/lasentinelle.dz\\\/index.php\\\/2021\\\/09\\\/14\\\/liban-premiere-reunion-du-nouveau-gouvernement\\\/#primaryimage\"},\"thumbnailUrl\":\"https:\\\/\\\/lasentinelle.dz\\\/wp-content\\\/uploads\\\/2021\\\/09\\\/image_2021-09-13_163218.png\",\"datePublished\":\"2021-09-13T23:01:00+00:00\",\"breadcrumb\":{\"@id\":\"https:\\\/\\\/lasentinelle.dz\\\/index.php\\\/2021\\\/09\\\/14\\\/liban-premiere-reunion-du-nouveau-gouvernement\\\/#breadcrumb\"},\"inLanguage\":\"fr-FR\",\"potentialAction\":[{\"@type\":\"ReadAction\",\"target\":[\"https:\\\/\\\/lasentinelle.dz\\\/index.php\\\/2021\\\/09\\\/14\\\/liban-premiere-reunion-du-nouveau-gouvernement\\\/\"]}]},{\"@type\":\"ImageObject\",\"inLanguage\":\"fr-FR\",\"@id\":\"https:\\\/\\\/lasentinelle.dz\\\/index.php\\\/2021\\\/09\\\/14\\\/liban-premiere-reunion-du-nouveau-gouvernement\\\/#primaryimage\",\"url\":\"https:\\\/\\\/lasentinelle.dz\\\/wp-content\\\/uploads\\\/2021\\\/09\\\/image_2021-09-13_163218.png\",\"contentUrl\":\"https:\\\/\\\/lasentinelle.dz\\\/wp-content\\\/uploads\\\/2021\\\/09\\\/image_2021-09-13_163218.png\",\"width\":670,\"height\":395},{\"@type\":\"BreadcrumbList\",\"@id\":\"https:\\\/\\\/lasentinelle.dz\\\/index.php\\\/2021\\\/09\\\/14\\\/liban-premiere-reunion-du-nouveau-gouvernement\\\/#breadcrumb\",\"itemListElement\":[{\"@type\":\"ListItem\",\"position\":1,\"name\":\"Accueil\",\"item\":\"https:\\\/\\\/lasentinelle.dz\\\/\"},{\"@type\":\"ListItem\",\"position\":2,\"name\":\"Liban : Premi\u00e8re r\u00e9union du nouveau gouvernement\"}]},{\"@type\":\"WebSite\",\"@id\":\"https:\\\/\\\/lasentinelle.dz\\\/#website\",\"url\":\"https:\\\/\\\/lasentinelle.dz\\\/\",\"name\":\"La Sentinelle\",\"description\":\"Quotidien national d&#039;information\",\"publisher\":{\"@id\":\"https:\\\/\\\/lasentinelle.dz\\\/#organization\"},\"potentialAction\":[{\"@type\":\"SearchAction\",\"target\":{\"@type\":\"EntryPoint\",\"urlTemplate\":\"https:\\\/\\\/lasentinelle.dz\\\/?s={search_term_string}\"},\"query-input\":{\"@type\":\"PropertyValueSpecification\",\"valueRequired\":true,\"valueName\":\"search_term_string\"}}],\"inLanguage\":\"fr-FR\"},{\"@type\":\"Organization\",\"@id\":\"https:\\\/\\\/lasentinelle.dz\\\/#organization\",\"name\":\"Quotidien La Sentinelle\",\"url\":\"https:\\\/\\\/lasentinelle.dz\\\/\",\"logo\":{\"@type\":\"ImageObject\",\"inLanguage\":\"fr-FR\",\"@id\":\"https:\\\/\\\/lasentinelle.dz\\\/#\\\/schema\\\/logo\\\/image\\\/\",\"url\":\"https:\\\/\\\/lasentinelle.dz\\\/wp-content\\\/uploads\\\/2021\\\/09\\\/logo-sentinelleSLOGAN-1.png\",\"contentUrl\":\"https:\\\/\\\/lasentinelle.dz\\\/wp-content\\\/uploads\\\/2021\\\/09\\\/logo-sentinelleSLOGAN-1.png\",\"width\":615,\"height\":142,\"caption\":\"Quotidien La Sentinelle\"},\"image\":{\"@id\":\"https:\\\/\\\/lasentinelle.dz\\\/#\\\/schema\\\/logo\\\/image\\\/\"},\"sameAs\":[\"https:\\\/\\\/www.facebook.com\\\/La-Sentinelle-104059864394773\"]},{\"@type\":\"Person\",\"@id\":\"https:\\\/\\\/lasentinelle.dz\\\/#\\\/schema\\\/person\\\/d865044e22e70a75174ce8bcad3acfb3\",\"name\":\"La Sentinelle\",\"image\":{\"@type\":\"ImageObject\",\"inLanguage\":\"fr-FR\",\"@id\":\"https:\\\/\\\/secure.gravatar.com\\\/avatar\\\/57de8e5d4b15d43fb361a71fbb36338450fe67865b528a43dd10ef7c51a20392?s=96&d=mm&r=g\",\"url\":\"https:\\\/\\\/secure.gravatar.com\\\/avatar\\\/57de8e5d4b15d43fb361a71fbb36338450fe67865b528a43dd10ef7c51a20392?s=96&d=mm&r=g\",\"contentUrl\":\"https:\\\/\\\/secure.gravatar.com\\\/avatar\\\/57de8e5d4b15d43fb361a71fbb36338450fe67865b528a43dd10ef7c51a20392?s=96&d=mm&r=g\",\"caption\":\"La Sentinelle\"},\"sameAs\":[\"http:\\\/\\\/www.lasentinelle.dz\"],\"url\":\"https:\\\/\\\/lasentinelle.dz\\\/author\\\/redaction\\\/\"}]}<\/script>\n<!-- \/ Yoast SEO plugin. -->","yoast_head_json":{"title":"Liban : Premi\u00e8re r\u00e9union du nouveau gouvernement - La Sentinelle","robots":{"index":"index","follow":"follow","max-snippet":"max-snippet:-1","max-image-preview":"max-image-preview:large","max-video-preview":"max-video-preview:-1"},"canonical":"https:\/\/lasentinelle.dz\/index.php\/2021\/09\/14\/liban-premiere-reunion-du-nouveau-gouvernement\/","og_locale":"fr_FR","og_type":"article","og_title":"Liban : Premi\u00e8re r\u00e9union du nouveau gouvernement - La Sentinelle","og_description":"Le nouveau gouvernement libanais, form\u00e9 apr\u00e8s 13 mois de vide, a tenu hier sa premi\u00e8re r\u00e9union pour se pencher sur","og_url":"https:\/\/lasentinelle.dz\/index.php\/2021\/09\/14\/liban-premiere-reunion-du-nouveau-gouvernement\/","og_site_name":"La Sentinelle","article_publisher":"https:\/\/www.facebook.com\/La-Sentinelle-104059864394773","article_published_time":"2021-09-13T23:01:00+00:00","og_image":[{"width":670,"height":395,"url":"https:\/\/lasentinelle.dz\/wp-content\/uploads\/2021\/09\/image_2021-09-13_163218.png","type":"image\/png"}],"author":"La Sentinelle","twitter_card":"summary_large_image","twitter_misc":{"\u00c9crit par":"La Sentinelle","Dur\u00e9e de lecture estim\u00e9e":"2 minutes"},"schema":{"@context":"https:\/\/schema.org","@graph":[{"@type":"Article","@id":"https:\/\/lasentinelle.dz\/index.php\/2021\/09\/14\/liban-premiere-reunion-du-nouveau-gouvernement\/#article","isPartOf":{"@id":"https:\/\/lasentinelle.dz\/index.php\/2021\/09\/14\/liban-premiere-reunion-du-nouveau-gouvernement\/"},"author":{"name":"La Sentinelle","@id":"https:\/\/lasentinelle.dz\/#\/schema\/person\/d865044e22e70a75174ce8bcad3acfb3"},"headline":"Liban : Premi\u00e8re r\u00e9union du nouveau gouvernement","datePublished":"2021-09-13T23:01:00+00:00","mainEntityOfPage":{"@id":"https:\/\/lasentinelle.dz\/index.php\/2021\/09\/14\/liban-premiere-reunion-du-nouveau-gouvernement\/"},"wordCount":469,"commentCount":0,"publisher":{"@id":"https:\/\/lasentinelle.dz\/#organization"},"image":{"@id":"https:\/\/lasentinelle.dz\/index.php\/2021\/09\/14\/liban-premiere-reunion-du-nouveau-gouvernement\/#primaryimage"},"thumbnailUrl":"https:\/\/lasentinelle.dz\/wp-content\/uploads\/2021\/09\/image_2021-09-13_163218.png","articleSection":["Monde"],"inLanguage":"fr-FR","potentialAction":[{"@type":"CommentAction","name":"Comment","target":["https:\/\/lasentinelle.dz\/index.php\/2021\/09\/14\/liban-premiere-reunion-du-nouveau-gouvernement\/#respond"]}]},{"@type":"WebPage","@id":"https:\/\/lasentinelle.dz\/index.php\/2021\/09\/14\/liban-premiere-reunion-du-nouveau-gouvernement\/","url":"https:\/\/lasentinelle.dz\/index.php\/2021\/09\/14\/liban-premiere-reunion-du-nouveau-gouvernement\/","name":"Liban : Premi\u00e8re r\u00e9union du nouveau gouvernement - La Sentinelle","isPartOf":{"@id":"https:\/\/lasentinelle.dz\/#website"},"primaryImageOfPage":{"@id":"https:\/\/lasentinelle.dz\/index.php\/2021\/09\/14\/liban-premiere-reunion-du-nouveau-gouvernement\/#primaryimage"},"image":{"@id":"https:\/\/lasentinelle.dz\/index.php\/2021\/09\/14\/liban-premiere-reunion-du-nouveau-gouvernement\/#primaryimage"},"thumbnailUrl":"https:\/\/lasentinelle.dz\/wp-content\/uploads\/2021\/09\/image_2021-09-13_163218.png","datePublished":"2021-09-13T23:01:00+00:00","breadcrumb":{"@id":"https:\/\/lasentinelle.dz\/index.php\/2021\/09\/14\/liban-premiere-reunion-du-nouveau-gouvernement\/#breadcrumb"},"inLanguage":"fr-FR","potentialAction":[{"@type":"ReadAction","target":["https:\/\/lasentinelle.dz\/index.php\/2021\/09\/14\/liban-premiere-reunion-du-nouveau-gouvernement\/"]}]},{"@type":"ImageObject","inLanguage":"fr-FR","@id":"https:\/\/lasentinelle.dz\/index.php\/2021\/09\/14\/liban-premiere-reunion-du-nouveau-gouvernement\/#primaryimage","url":"https:\/\/lasentinelle.dz\/wp-content\/uploads\/2021\/09\/image_2021-09-13_163218.png","contentUrl":"https:\/\/lasentinelle.dz\/wp-content\/uploads\/2021\/09\/image_2021-09-13_163218.png","width":670,"height":395},{"@type":"BreadcrumbList","@id":"https:\/\/lasentinelle.dz\/index.php\/2021\/09\/14\/liban-premiere-reunion-du-nouveau-gouvernement\/#breadcrumb","itemListElement":[{"@type":"ListItem","position":1,"name":"Accueil","item":"https:\/\/lasentinelle.dz\/"},{"@type":"ListItem","position":2,"name":"Liban : Premi\u00e8re r\u00e9union du nouveau gouvernement"}]},{"@type":"WebSite","@id":"https:\/\/lasentinelle.dz\/#website","url":"https:\/\/lasentinelle.dz\/","name":"La Sentinelle","description":"Quotidien national d&#039;information","publisher":{"@id":"https:\/\/lasentinelle.dz\/#organization"},"potentialAction":[{"@type":"SearchAction","target":{"@type":"EntryPoint","urlTemplate":"https:\/\/lasentinelle.dz\/?s={search_term_string}"},"query-input":{"@type":"PropertyValueSpecification","valueRequired":true,"valueName":"search_term_string"}}],"inLanguage":"fr-FR"},{"@type":"Organization","@id":"https:\/\/lasentinelle.dz\/#organization","name":"Quotidien La Sentinelle","url":"https:\/\/lasentinelle.dz\/","logo":{"@type":"ImageObject","inLanguage":"fr-FR","@id":"https:\/\/lasentinelle.dz\/#\/schema\/logo\/image\/","url":"https:\/\/lasentinelle.dz\/wp-content\/uploads\/2021\/09\/logo-sentinelleSLOGAN-1.png","contentUrl":"https:\/\/lasentinelle.dz\/wp-content\/uploads\/2021\/09\/logo-sentinelleSLOGAN-1.png","width":615,"height":142,"caption":"Quotidien La Sentinelle"},"image":{"@id":"https:\/\/lasentinelle.dz\/#\/schema\/logo\/image\/"},"sameAs":["https:\/\/www.facebook.com\/La-Sentinelle-104059864394773"]},{"@type":"Person","@id":"https:\/\/lasentinelle.dz\/#\/schema\/person\/d865044e22e70a75174ce8bcad3acfb3","name":"La Sentinelle","image":{"@type":"ImageObject","inLanguage":"fr-FR","@id":"https:\/\/secure.gravatar.com\/avatar\/57de8e5d4b15d43fb361a71fbb36338450fe67865b528a43dd10ef7c51a20392?s=96&d=mm&r=g","url":"https:\/\/secure.gravatar.com\/avatar\/57de8e5d4b15d43fb361a71fbb36338450fe67865b528a43dd10ef7c51a20392?s=96&d=mm&r=g","contentUrl":"https:\/\/secure.gravatar.com\/avatar\/57de8e5d4b15d43fb361a71fbb36338450fe67865b528a43dd10ef7c51a20392?s=96&d=mm&r=g","caption":"La Sentinelle"},"sameAs":["http:\/\/www.lasentinelle.dz"],"url":"https:\/\/lasentinelle.dz\/author\/redaction\/"}]}},"_links":{"self":[{"href":"https:\/\/lasentinelle.dz\/index.php\/wp-json\/wp\/v2\/posts\/7674","targetHints":{"allow":["GET"]}}],"collection":[{"href":"https:\/\/lasentinelle.dz\/index.php\/wp-json\/wp\/v2\/posts"}],"about":[{"href":"https:\/\/lasentinelle.dz\/index.php\/wp-json\/wp\/v2\/types\/post"}],"author":[{"embeddable":true,"href":"https:\/\/lasentinelle.dz\/index.php\/wp-json\/wp\/v2\/users\/3"}],"replies":[{"embeddable":true,"href":"https:\/\/lasentinelle.dz\/index.php\/wp-json\/wp\/v2\/comments?post=7674"}],"version-history":[{"count":1,"href":"https:\/\/lasentinelle.dz\/index.php\/wp-json\/wp\/v2\/posts\/7674\/revisions"}],"predecessor-version":[{"id":7686,"href":"https:\/\/lasentinelle.dz\/index.php\/wp-json\/wp\/v2\/posts\/7674\/revisions\/7686"}],"wp:featuredmedia":[{"embeddable":true,"href":"https:\/\/lasentinelle.dz\/index.php\/wp-json\/wp\/v2\/media\/7685"}],"wp:attachment":[{"href":"https:\/\/lasentinelle.dz\/index.php\/wp-json\/wp\/v2\/media?parent=7674"}],"wp:term":[{"taxonomy":"category","embeddable":true,"href":"https:\/\/lasentinelle.dz\/index.php\/wp-json\/wp\/v2\/categories?post=7674"},{"taxonomy":"post_tag","embeddable":true,"href":"https:\/\/lasentinelle.dz\/index.php\/wp-json\/wp\/v2\/tags?post=7674"}],"curies":[{"name":"wp","href":"https:\/\/api.w.org\/{rel}","templated":true}]}}