{"id":76759,"date":"2025-11-25T12:49:57","date_gmt":"2025-11-25T11:49:57","guid":{"rendered":"https:\/\/lasentinelle.dz\/?p=76759"},"modified":"2025-11-25T12:49:58","modified_gmt":"2025-11-25T11:49:58","slug":"cooperation-litalie-place-lalgerie-au-coeur-de-sa-strategie-economique-en-afrique","status":"publish","type":"post","link":"https:\/\/lasentinelle.dz\/index.php\/2025\/11\/25\/cooperation-litalie-place-lalgerie-au-coeur-de-sa-strategie-economique-en-afrique\/","title":{"rendered":"Coop\u00e9ration\u00a0: L&rsquo;Italie place l&rsquo;Alg\u00e9rie au c\u0153ur de sa strat\u00e9gie \u00e9conomique en Afrique"},"content":{"rendered":"\n<p class=\"wp-block-paragraph\">Le minist\u00e8re italien des Affaires \u00e9trang\u00e8res a consacr\u00e9 un vaste dossier \u00e0 l&rsquo;Alg\u00e9rie dans sa revue \u00ab\u00a0Diplomazia Economica Italiana\u00a0\u00bb, soulignant les opportunit\u00e9s d&rsquo;investissement au-del\u00e0 des hydrocarbures. Cette publication t\u00e9moigne de l&rsquo;int\u00e9r\u00eat strat\u00e9gique accord\u00e9 par Rome \u00e0 son partenariat avec Alger, dans le cadre du Plan Mattei pour l&rsquo;Afrique.&nbsp;Intitul\u00e9 \u00ab\u00a0Alg\u00e9rie, des perspectives et des opportunit\u00e9s au-del\u00e0 du secteur des hydrocarbures\u00a0\u00bb, le dossier met en lumi\u00e8re la profondeur des relations bilat\u00e9rales. La revue souligne l&rsquo;importance des relations \u00ab\u00a0enracin\u00e9es\u00a0\u00bb entre les deux pays, \u00ab\u00a0gr\u00e2ce \u00e0 la profondeur de leurs liens historiques et culturels et \u00e0 leur proximit\u00e9 g\u00e9ographique\u00a0\u00bb. La nouvelle orientation repose sur \u00ab\u00a0l&rsquo;extension des domaines de coop\u00e9ration \u00e0 de nouveaux secteurs, refl\u00e9tant les transformations que conna\u00eet l&rsquo;\u00e9conomie alg\u00e9rienne\u00a0\u00bb.&nbsp;La publication officielle se montre \u00e9logieuse quant aux avanc\u00e9es alg\u00e9riennes, s&rsquo;attardant sur les progr\u00e8s \u00ab\u00a0notables\u00a0\u00bb accomplis \u00ab\u00a0en mati\u00e8re de d\u00e9veloppement \u00e9conomique et humain gr\u00e2ce aux politiques sociales et \u00e0 l&rsquo;investissement dans les infrastructures\u00a0\u00bb. Le document dresse un inventaire des secteurs porteurs pour les entreprises italiennes, \u00ab\u00a0notamment dans les secteurs de l&rsquo;agriculture, des \u00e9nergies renouvelables et de l&rsquo;efficacit\u00e9 \u00e9nerg\u00e9tique, des industries agroalimentaires et de transformation, de l&rsquo;industrie pharmaceutique, de la m\u00e9canique et de l&rsquo;industrie automobile\u00a0\u00bb.&nbsp;Parmi les atouts de l&rsquo;Alg\u00e9rie, la publication cite \u00ab\u00a0le faible co\u00fbt de l&rsquo;\u00e9nergie et des mati\u00e8res premi\u00e8res, le capital humain sp\u00e9cialis\u00e9 gr\u00e2ce au nombre important d&rsquo;universit\u00e9s et de centres de formation dont dispose le pays, et sa proximit\u00e9 des march\u00e9s de l&rsquo;Afrique subsaharienne\u00a0\u00bb. Cette derni\u00e8re dimension positionne l&rsquo;Alg\u00e9rie comme une plateforme d&rsquo;acc\u00e8s au continent africain pour les investisseurs italiens.<\/p>\n\n\n\n<p class=\"wp-block-paragraph\">L&rsquo;inscription de l&rsquo;Alg\u00e9rie parmi les pays prioritaires du Plan Mattei constitue un signal politique fort. La revue souligne \u00ab\u00a0les opportunit\u00e9s offertes par le secteur agricole en Alg\u00e9rie, notamment gr\u00e2ce aux incitations \u00e0 l&rsquo;investissement dans les wilayas du Sud pour atteindre l&rsquo;autosuffisance en produits de large consommation et augmenter les exportations hors hydrocarbures\u00a0\u00bb. Dans les \u00e9nergies renouvelables, la publication rappelle que \u00ab\u00a0l&rsquo;Alg\u00e9rie dispose de l&rsquo;un des plus grands potentiels solaires au monde et qu&rsquo;elle s&rsquo;est fix\u00e9e pour objectif d&rsquo;atteindre 15.000 m\u00e9gawatts issus de sources renouvelables d&rsquo;ici \u00e0 2035\u00a0\u00bb.<\/p>\n\n\n\n<p class=\"wp-block-paragraph\">L&rsquo;ambassadeur d&rsquo;Italie en Alg\u00e9rie, Alberto Cutillo, a salu\u00e9 \u00ab\u00a0la dynamique qui caract\u00e9rise la coop\u00e9ration bilat\u00e9rale, notamment dans les secteurs de l&rsquo;\u00e9nergie et des \u00e9nergies renouvelables\u00a0\u00bb, \u00e9voquant des \u00ab\u00a0projets futurs portant sur l&rsquo;interconnexion num\u00e9rique via un nouveau c\u00e2ble sous-marin, l&rsquo;industrie automobile, les industries pharmaceutiques, la d\u00e9fense, les transports, l&rsquo;innovation technologique et l&rsquo;industrie agroalimentaire\u00a0\u00bb. Le diplomate a soulign\u00e9 que \u00ab\u00a0le secteur automobile constitue l&rsquo;un des domaines les plus attractifs pour l&rsquo;investissement en Alg\u00e9rie\u00a0\u00bb, citant l&rsquo;usine Fiat d&rsquo;Oran. Il a \u00e9galement mentionn\u00e9 \u00ab\u00a0les perspectives prometteuses dans les fili\u00e8res de la sid\u00e9rurgie, du marbre et des pierres ornementales\u00a0\u00bb, \u00e9voquant l&rsquo;accord sign\u00e9 en juillet entre l&rsquo;Agence italienne pour le commerce ext\u00e9rieur et Sonarem-Ettakwine pour cr\u00e9er un centre alg\u00e9ro-italien de formation dans le secteur du marbre. Concernant les \u00e9nergies renouvelables, l&rsquo;ambassadeur a insist\u00e9 sur \u00ab\u00a0l&rsquo;importance des vastes ressources solaires dont dispose l&rsquo;Alg\u00e9rie et des projets prometteurs dans les domaines de l&rsquo;hydrog\u00e8ne vert et de la gestion des d\u00e9chets\u00a0\u00bb.<\/p>\n\n\n\n<p class=\"wp-block-paragraph\">La revue conclut en relevant \u00ab\u00a0la pr\u00e9sence italienne notable en Alg\u00e9rie ces derni\u00e8res ann\u00e9es et l&rsquo;int\u00e9r\u00eat croissant des entreprises italiennes pour les projets nationaux visant \u00e0 diversifier l&rsquo;industrie et \u00e0 renforcer la production locale\u00a0\u00bb. Ce dossier refl\u00e8te l\u2019int\u00e9r\u00eat accord\u00e9 par Rome pour l&rsquo;approfondissement du partenariat \u00e9conomique alg\u00e9ro-italien, t\u00e9moignant de la place strat\u00e9gique qu&rsquo;occupe l&rsquo;Alg\u00e9rie dans sa politique m\u00e9diterran\u00e9enne et africaine.<\/p>\n\n\n\n<p class=\"wp-block-paragraph\">Salim Amokrane<\/p>\n","protected":false},"excerpt":{"rendered":"<p>Le minist\u00e8re italien des Affaires \u00e9trang\u00e8res a consacr\u00e9 un vaste dossier \u00e0 l&rsquo;Alg\u00e9rie dans sa revue \u00ab\u00a0Diplomazia Economica Italiana\u00a0\u00bb, soulignant<\/p>\n","protected":false},"author":6,"featured_media":34478,"comment_status":"open","ping_status":"closed","sticky":false,"template":"","format":"standard","meta":{"colormag_page_container_layout":"default_layout","colormag_page_sidebar_layout":"default_layout","om_disable_all_campaigns":false,"_monsterinsights_skip_tracking":false,"footnotes":"","_wpscppro_dont_share_socialmedia":false,"_wpscppro_custom_social_share_image":0,"_facebook_share_type":"default","_twitter_share_type":"default","_linkedin_share_type":"default","_pinterest_share_type":"default","_linkedin_share_type_page":"","_instagram_share_type":"default","_medium_share_type":"default","_threads_share_type":"default","_google_business_share_type":"default","_bluesky_share_type":"","_mastodon_share_type":"","_selected_social_profile":[],"_wpsp_enable_custom_social_template":false,"_wpsp_social_scheduling":{"enabled":false,"datetime":null,"platforms":[],"status":"template_only","dateOption":"today","timeOption":"now","customDays":"","customHours":"","customDate":"","customTime":"","schedulingType":"absolute"},"_wpsp_active_default_template":true},"categories":[27],"tags":[],"class_list":["post-76759","post","type-post","status-publish","format-standard","has-post-thumbnail","hentry","category-actualite"],"aioseo_notices":[],"aioseo_head":"\n\t\t<!-- All in One SEO 5.0.0.1 - aioseo.com -->\n\t<meta name=\"description\" content=\"Le minist\u00e8re italien des Affaires \u00e9trang\u00e8res a consacr\u00e9 un vaste dossier \u00e0 l&#039;Alg\u00e9rie dans sa revue &quot;Diplomazia Economica Italiana&quot;, soulignant les opportunit\u00e9s d&#039;investissement au-del\u00e0 des hydrocarbures. Cette publication t\u00e9moigne de l&#039;int\u00e9r\u00eat strat\u00e9gique accord\u00e9 par Rome \u00e0 son partenariat avec Alger, dans le cadre du Plan Mattei pour l&#039;Afrique. Intitul\u00e9 &quot;Alg\u00e9rie, des perspectives et des opportunit\u00e9s au-del\u00e0\" \/>\n\t<meta name=\"robots\" content=\"max-image-preview:large\" \/>\n\t<meta name=\"author\" content=\"admin\"\/>\n\t<link rel=\"canonical\" href=\"https:\/\/lasentinelle.dz\/index.php\/2025\/11\/25\/cooperation-litalie-place-lalgerie-au-coeur-de-sa-strategie-economique-en-afrique\/\" \/>\n\t<meta name=\"generator\" content=\"All in One SEO (AIOSEO) 5.0.0.1\" \/>\n\t\t<meta property=\"og:locale\" content=\"fr_FR\" \/>\n\t\t<meta property=\"og:site_name\" content=\"La Sentinelle - Quotidien national d&#039;information\" \/>\n\t\t<meta property=\"og:type\" content=\"article\" \/>\n\t\t<meta property=\"og:title\" content=\"Coop\u00e9ration : L\u2019Italie place l\u2019Alg\u00e9rie au c\u0153ur de sa strat\u00e9gie \u00e9conomique en Afrique - La Sentinelle\" \/>\n\t\t<meta property=\"og:description\" content=\"Le minist\u00e8re italien des Affaires \u00e9trang\u00e8res a consacr\u00e9 un vaste dossier \u00e0 l&#039;Alg\u00e9rie dans sa revue &quot;Diplomazia Economica Italiana&quot;, soulignant les opportunit\u00e9s d&#039;investissement au-del\u00e0 des hydrocarbures. Cette publication t\u00e9moigne de l&#039;int\u00e9r\u00eat strat\u00e9gique accord\u00e9 par Rome \u00e0 son partenariat avec Alger, dans le cadre du Plan Mattei pour l&#039;Afrique. Intitul\u00e9 &quot;Alg\u00e9rie, des perspectives et des opportunit\u00e9s au-del\u00e0\" \/>\n\t\t<meta property=\"og:url\" content=\"https:\/\/lasentinelle.dz\/index.php\/2025\/11\/25\/cooperation-litalie-place-lalgerie-au-coeur-de-sa-strategie-economique-en-afrique\/\" \/>\n\t\t<meta property=\"og:image\" content=\"https:\/\/lasentinelle.dz\/wp-content\/uploads\/2021\/09\/cropped-la-sentinelle-earth-golden-anima-5.gif\" \/>\n\t\t<meta property=\"og:image:secure_url\" content=\"https:\/\/lasentinelle.dz\/wp-content\/uploads\/2021\/09\/cropped-la-sentinelle-earth-golden-anima-5.gif\" \/>\n\t\t<meta property=\"og:image:width\" content=\"450\" \/>\n\t\t<meta property=\"og:image:height\" content=\"213\" \/>\n\t\t<meta property=\"article:published_time\" content=\"2025-11-25T11:49:57+00:00\" \/>\n\t\t<meta property=\"article:modified_time\" content=\"2025-11-25T11:49:58+00:00\" \/>\n\t\t<meta property=\"article:publisher\" content=\"https:\/\/www.facebook.com\/azzedine.lasentinelle.1\" \/>\n\t\t<meta name=\"twitter:card\" content=\"summary_large_image\" \/>\n\t\t<meta name=\"twitter:title\" content=\"Coop\u00e9ration : L\u2019Italie place l\u2019Alg\u00e9rie au c\u0153ur de sa strat\u00e9gie \u00e9conomique en Afrique - La Sentinelle\" \/>\n\t\t<meta name=\"twitter:description\" content=\"Le minist\u00e8re italien des Affaires \u00e9trang\u00e8res a consacr\u00e9 un vaste dossier \u00e0 l&#039;Alg\u00e9rie dans sa revue &quot;Diplomazia Economica Italiana&quot;, soulignant les opportunit\u00e9s d&#039;investissement au-del\u00e0 des hydrocarbures. Cette publication t\u00e9moigne de l&#039;int\u00e9r\u00eat strat\u00e9gique accord\u00e9 par Rome \u00e0 son partenariat avec Alger, dans le cadre du Plan Mattei pour l&#039;Afrique. Intitul\u00e9 &quot;Alg\u00e9rie, des perspectives et des opportunit\u00e9s au-del\u00e0\" \/>\n\t\t<meta name=\"twitter:image\" content=\"https:\/\/lasentinelle.dz\/wp-content\/uploads\/2021\/09\/cropped-la-sentinelle-earth-golden-anima-5.gif\" \/>\n\t\t<script type=\"application\/ld+json\" class=\"aioseo-schema\">\n\t\t\t{\"@context\":\"https:\\\/\\\/schema.org\",\"@graph\":[{\"@type\":\"BlogPosting\",\"@id\":\"https:\\\/\\\/lasentinelle.dz\\\/index.php\\\/2025\\\/11\\\/25\\\/cooperation-litalie-place-lalgerie-au-coeur-de-sa-strategie-economique-en-afrique\\\/#blogposting\",\"name\":\"Coop\\u00e9ration : L\\u2019Italie place l\\u2019Alg\\u00e9rie au c\\u0153ur de sa strat\\u00e9gie \\u00e9conomique en Afrique - La Sentinelle\",\"headline\":\"Coop\\u00e9ration\\u00a0: L&rsquo;Italie place l&rsquo;Alg\\u00e9rie au c\\u0153ur de sa strat\\u00e9gie \\u00e9conomique en Afrique\",\"author\":{\"@id\":\"https:\\\/\\\/lasentinelle.dz\\\/author\\\/admin\\\/#author\"},\"publisher\":{\"@id\":\"https:\\\/\\\/lasentinelle.dz\\\/#organization\"},\"image\":{\"@type\":\"ImageObject\",\"url\":\"https:\\\/\\\/lasentinelle.dz\\\/wp-content\\\/uploads\\\/2023\\\/01\\\/algerie-italie.png\",\"width\":1491,\"height\":900},\"datePublished\":\"2025-11-25T12:49:57+01:00\",\"dateModified\":\"2025-11-25T12:49:58+01:00\",\"inLanguage\":\"fr-FR\",\"mainEntityOfPage\":{\"@id\":\"https:\\\/\\\/lasentinelle.dz\\\/index.php\\\/2025\\\/11\\\/25\\\/cooperation-litalie-place-lalgerie-au-coeur-de-sa-strategie-economique-en-afrique\\\/#webpage\"},\"isPartOf\":{\"@id\":\"https:\\\/\\\/lasentinelle.dz\\\/index.php\\\/2025\\\/11\\\/25\\\/cooperation-litalie-place-lalgerie-au-coeur-de-sa-strategie-economique-en-afrique\\\/#webpage\"},\"articleSection\":\"Actualit\\u00e9\"},{\"@type\":\"BreadcrumbList\",\"@id\":\"https:\\\/\\\/lasentinelle.dz\\\/index.php\\\/2025\\\/11\\\/25\\\/cooperation-litalie-place-lalgerie-au-coeur-de-sa-strategie-economique-en-afrique\\\/#breadcrumblist\",\"itemListElement\":[{\"@type\":\"ListItem\",\"@id\":\"https:\\\/\\\/lasentinelle.dz#listItem\",\"position\":1,\"name\":\"Home\",\"item\":\"https:\\\/\\\/lasentinelle.dz\",\"nextItem\":{\"@type\":\"ListItem\",\"@id\":\"https:\\\/\\\/lasentinelle.dz\\\/index.php\\\/category\\\/actualite\\\/#listItem\",\"name\":\"Actualit\\u00e9\"}},{\"@type\":\"ListItem\",\"@id\":\"https:\\\/\\\/lasentinelle.dz\\\/index.php\\\/category\\\/actualite\\\/#listItem\",\"position\":2,\"name\":\"Actualit\\u00e9\",\"item\":\"https:\\\/\\\/lasentinelle.dz\\\/index.php\\\/category\\\/actualite\\\/\",\"nextItem\":{\"@type\":\"ListItem\",\"@id\":\"https:\\\/\\\/lasentinelle.dz\\\/index.php\\\/2025\\\/11\\\/25\\\/cooperation-litalie-place-lalgerie-au-coeur-de-sa-strategie-economique-en-afrique\\\/#listItem\",\"name\":\"Coop\\u00e9ration\\u00a0: L&rsquo;Italie place l&rsquo;Alg\\u00e9rie au c\\u0153ur de sa strat\\u00e9gie \\u00e9conomique en Afrique\"},\"previousItem\":{\"@type\":\"ListItem\",\"@id\":\"https:\\\/\\\/lasentinelle.dz#listItem\",\"name\":\"Home\"}},{\"@type\":\"ListItem\",\"@id\":\"https:\\\/\\\/lasentinelle.dz\\\/index.php\\\/2025\\\/11\\\/25\\\/cooperation-litalie-place-lalgerie-au-coeur-de-sa-strategie-economique-en-afrique\\\/#listItem\",\"position\":3,\"name\":\"Coop\\u00e9ration\\u00a0: L&rsquo;Italie place l&rsquo;Alg\\u00e9rie au c\\u0153ur de sa strat\\u00e9gie \\u00e9conomique en Afrique\",\"previousItem\":{\"@type\":\"ListItem\",\"@id\":\"https:\\\/\\\/lasentinelle.dz\\\/index.php\\\/category\\\/actualite\\\/#listItem\",\"name\":\"Actualit\\u00e9\"}}]},{\"@type\":\"Organization\",\"@id\":\"https:\\\/\\\/lasentinelle.dz\\\/#organization\",\"name\":\"La Sentinelle La Sentinelle\",\"description\":\"Quotidien national d'information\",\"url\":\"https:\\\/\\\/lasentinelle.dz\\\/\",\"logo\":{\"@type\":\"ImageObject\",\"url\":\"https:\\\/\\\/lasentinelle.dz\\\/wp-content\\\/uploads\\\/2021\\\/09\\\/cropped-la-sentinelle-earth-golden-anima-5.gif\",\"@id\":\"https:\\\/\\\/lasentinelle.dz\\\/index.php\\\/2025\\\/11\\\/25\\\/cooperation-litalie-place-lalgerie-au-coeur-de-sa-strategie-economique-en-afrique\\\/#organizationLogo\",\"width\":450,\"height\":213},\"image\":{\"@id\":\"https:\\\/\\\/lasentinelle.dz\\\/index.php\\\/2025\\\/11\\\/25\\\/cooperation-litalie-place-lalgerie-au-coeur-de-sa-strategie-economique-en-afrique\\\/#organizationLogo\"},\"sameAs\":[\"https:\\\/\\\/www.facebook.com\\\/azzedine.lasentinelle.1\"]},{\"@type\":\"Person\",\"@id\":\"https:\\\/\\\/lasentinelle.dz\\\/author\\\/admin\\\/#author\",\"url\":\"https:\\\/\\\/lasentinelle.dz\\\/author\\\/admin\\\/\",\"name\":\"admin\",\"image\":{\"@type\":\"ImageObject\",\"@id\":\"https:\\\/\\\/lasentinelle.dz\\\/index.php\\\/2025\\\/11\\\/25\\\/cooperation-litalie-place-lalgerie-au-coeur-de-sa-strategie-economique-en-afrique\\\/#authorImage\",\"url\":\"https:\\\/\\\/secure.gravatar.com\\\/avatar\\\/4c81fed838786e9b53f540bf46533e750f5d292099ae3b66cfc6fb1982e29df7?s=96&d=mm&r=g\",\"width\":96,\"height\":96,\"caption\":\"admin\"}},{\"@type\":\"WebPage\",\"@id\":\"https:\\\/\\\/lasentinelle.dz\\\/index.php\\\/2025\\\/11\\\/25\\\/cooperation-litalie-place-lalgerie-au-coeur-de-sa-strategie-economique-en-afrique\\\/#webpage\",\"url\":\"https:\\\/\\\/lasentinelle.dz\\\/index.php\\\/2025\\\/11\\\/25\\\/cooperation-litalie-place-lalgerie-au-coeur-de-sa-strategie-economique-en-afrique\\\/\",\"name\":\"Coop\\u00e9ration : L\\u2019Italie place l\\u2019Alg\\u00e9rie au c\\u0153ur de sa strat\\u00e9gie \\u00e9conomique en Afrique - La Sentinelle\",\"description\":\"Le minist\\u00e8re italien des Affaires \\u00e9trang\\u00e8res a consacr\\u00e9 un vaste dossier \\u00e0 l'Alg\\u00e9rie dans sa revue \\\"Diplomazia Economica Italiana\\\", soulignant les opportunit\\u00e9s d'investissement au-del\\u00e0 des hydrocarbures. Cette publication t\\u00e9moigne de l'int\\u00e9r\\u00eat strat\\u00e9gique accord\\u00e9 par Rome \\u00e0 son partenariat avec Alger, dans le cadre du Plan Mattei pour l'Afrique. Intitul\\u00e9 \\\"Alg\\u00e9rie, des perspectives et des opportunit\\u00e9s au-del\\u00e0\",\"inLanguage\":\"fr-FR\",\"isPartOf\":{\"@id\":\"https:\\\/\\\/lasentinelle.dz\\\/#website\"},\"breadcrumb\":{\"@id\":\"https:\\\/\\\/lasentinelle.dz\\\/index.php\\\/2025\\\/11\\\/25\\\/cooperation-litalie-place-lalgerie-au-coeur-de-sa-strategie-economique-en-afrique\\\/#breadcrumblist\"},\"author\":{\"@id\":\"https:\\\/\\\/lasentinelle.dz\\\/author\\\/admin\\\/#author\"},\"creator\":{\"@id\":\"https:\\\/\\\/lasentinelle.dz\\\/author\\\/admin\\\/#author\"},\"image\":{\"@type\":\"ImageObject\",\"url\":\"https:\\\/\\\/lasentinelle.dz\\\/wp-content\\\/uploads\\\/2023\\\/01\\\/algerie-italie.png\",\"@id\":\"https:\\\/\\\/lasentinelle.dz\\\/index.php\\\/2025\\\/11\\\/25\\\/cooperation-litalie-place-lalgerie-au-coeur-de-sa-strategie-economique-en-afrique\\\/#mainImage\",\"width\":1491,\"height\":900},\"primaryImageOfPage\":{\"@id\":\"https:\\\/\\\/lasentinelle.dz\\\/index.php\\\/2025\\\/11\\\/25\\\/cooperation-litalie-place-lalgerie-au-coeur-de-sa-strategie-economique-en-afrique\\\/#mainImage\"},\"datePublished\":\"2025-11-25T12:49:57+01:00\",\"dateModified\":\"2025-11-25T12:49:58+01:00\"},{\"@type\":\"WebSite\",\"@id\":\"https:\\\/\\\/lasentinelle.dz\\\/#website\",\"url\":\"https:\\\/\\\/lasentinelle.dz\\\/\",\"name\":\"La Sentinelle\",\"description\":\"Quotidien national d'information\",\"inLanguage\":\"fr-FR\",\"publisher\":{\"@id\":\"https:\\\/\\\/lasentinelle.dz\\\/#organization\"}}]}\n\t\t<\/script>\n\t\t<!-- All in One SEO -->\n\n","aioseo_head_json":{"title":"Coop\u00e9ration : L\u2019Italie place l\u2019Alg\u00e9rie au c\u0153ur de sa strat\u00e9gie \u00e9conomique en Afrique - La Sentinelle","description":"Le minist\u00e8re italien des Affaires \u00e9trang\u00e8res a consacr\u00e9 un vaste dossier \u00e0 l'Alg\u00e9rie dans sa revue \"Diplomazia Economica Italiana\", soulignant les opportunit\u00e9s d'investissement au-del\u00e0 des hydrocarbures. Cette publication t\u00e9moigne de l'int\u00e9r\u00eat strat\u00e9gique accord\u00e9 par Rome \u00e0 son partenariat avec Alger, dans le cadre du Plan Mattei pour l'Afrique. Intitul\u00e9 \"Alg\u00e9rie, des perspectives et des opportunit\u00e9s au-del\u00e0","canonical_url":"https:\/\/lasentinelle.dz\/index.php\/2025\/11\/25\/cooperation-litalie-place-lalgerie-au-coeur-de-sa-strategie-economique-en-afrique\/","robots":"max-image-preview:large","keywords":"","webmasterTools":{"miscellaneous":""},"schema":{"@context":"https:\/\/schema.org","@graph":[{"@type":"BlogPosting","@id":"https:\/\/lasentinelle.dz\/index.php\/2025\/11\/25\/cooperation-litalie-place-lalgerie-au-coeur-de-sa-strategie-economique-en-afrique\/#blogposting","name":"Coop\u00e9ration : L\u2019Italie place l\u2019Alg\u00e9rie au c\u0153ur de sa strat\u00e9gie \u00e9conomique en Afrique - La Sentinelle","headline":"Coop\u00e9ration\u00a0: L&rsquo;Italie place l&rsquo;Alg\u00e9rie au c\u0153ur de sa strat\u00e9gie \u00e9conomique en Afrique","author":{"@id":"https:\/\/lasentinelle.dz\/author\/admin\/#author"},"publisher":{"@id":"https:\/\/lasentinelle.dz\/#organization"},"image":{"@type":"ImageObject","url":"https:\/\/lasentinelle.dz\/wp-content\/uploads\/2023\/01\/algerie-italie.png","width":1491,"height":900},"datePublished":"2025-11-25T12:49:57+01:00","dateModified":"2025-11-25T12:49:58+01:00","inLanguage":"fr-FR","mainEntityOfPage":{"@id":"https:\/\/lasentinelle.dz\/index.php\/2025\/11\/25\/cooperation-litalie-place-lalgerie-au-coeur-de-sa-strategie-economique-en-afrique\/#webpage"},"isPartOf":{"@id":"https:\/\/lasentinelle.dz\/index.php\/2025\/11\/25\/cooperation-litalie-place-lalgerie-au-coeur-de-sa-strategie-economique-en-afrique\/#webpage"},"articleSection":"Actualit\u00e9"},{"@type":"BreadcrumbList","@id":"https:\/\/lasentinelle.dz\/index.php\/2025\/11\/25\/cooperation-litalie-place-lalgerie-au-coeur-de-sa-strategie-economique-en-afrique\/#breadcrumblist","itemListElement":[{"@type":"ListItem","@id":"https:\/\/lasentinelle.dz#listItem","position":1,"name":"Home","item":"https:\/\/lasentinelle.dz","nextItem":{"@type":"ListItem","@id":"https:\/\/lasentinelle.dz\/index.php\/category\/actualite\/#listItem","name":"Actualit\u00e9"}},{"@type":"ListItem","@id":"https:\/\/lasentinelle.dz\/index.php\/category\/actualite\/#listItem","position":2,"name":"Actualit\u00e9","item":"https:\/\/lasentinelle.dz\/index.php\/category\/actualite\/","nextItem":{"@type":"ListItem","@id":"https:\/\/lasentinelle.dz\/index.php\/2025\/11\/25\/cooperation-litalie-place-lalgerie-au-coeur-de-sa-strategie-economique-en-afrique\/#listItem","name":"Coop\u00e9ration\u00a0: L&rsquo;Italie place l&rsquo;Alg\u00e9rie au c\u0153ur de sa strat\u00e9gie \u00e9conomique en Afrique"},"previousItem":{"@type":"ListItem","@id":"https:\/\/lasentinelle.dz#listItem","name":"Home"}},{"@type":"ListItem","@id":"https:\/\/lasentinelle.dz\/index.php\/2025\/11\/25\/cooperation-litalie-place-lalgerie-au-coeur-de-sa-strategie-economique-en-afrique\/#listItem","position":3,"name":"Coop\u00e9ration\u00a0: L&rsquo;Italie place l&rsquo;Alg\u00e9rie au c\u0153ur de sa strat\u00e9gie \u00e9conomique en Afrique","previousItem":{"@type":"ListItem","@id":"https:\/\/lasentinelle.dz\/index.php\/category\/actualite\/#listItem","name":"Actualit\u00e9"}}]},{"@type":"Organization","@id":"https:\/\/lasentinelle.dz\/#organization","name":"La Sentinelle La Sentinelle","description":"Quotidien national d'information","url":"https:\/\/lasentinelle.dz\/","logo":{"@type":"ImageObject","url":"https:\/\/lasentinelle.dz\/wp-content\/uploads\/2021\/09\/cropped-la-sentinelle-earth-golden-anima-5.gif","@id":"https:\/\/lasentinelle.dz\/index.php\/2025\/11\/25\/cooperation-litalie-place-lalgerie-au-coeur-de-sa-strategie-economique-en-afrique\/#organizationLogo","width":450,"height":213},"image":{"@id":"https:\/\/lasentinelle.dz\/index.php\/2025\/11\/25\/cooperation-litalie-place-lalgerie-au-coeur-de-sa-strategie-economique-en-afrique\/#organizationLogo"},"sameAs":["https:\/\/www.facebook.com\/azzedine.lasentinelle.1"]},{"@type":"Person","@id":"https:\/\/lasentinelle.dz\/author\/admin\/#author","url":"https:\/\/lasentinelle.dz\/author\/admin\/","name":"admin","image":{"@type":"ImageObject","@id":"https:\/\/lasentinelle.dz\/index.php\/2025\/11\/25\/cooperation-litalie-place-lalgerie-au-coeur-de-sa-strategie-economique-en-afrique\/#authorImage","url":"https:\/\/secure.gravatar.com\/avatar\/4c81fed838786e9b53f540bf46533e750f5d292099ae3b66cfc6fb1982e29df7?s=96&d=mm&r=g","width":96,"height":96,"caption":"admin"}},{"@type":"WebPage","@id":"https:\/\/lasentinelle.dz\/index.php\/2025\/11\/25\/cooperation-litalie-place-lalgerie-au-coeur-de-sa-strategie-economique-en-afrique\/#webpage","url":"https:\/\/lasentinelle.dz\/index.php\/2025\/11\/25\/cooperation-litalie-place-lalgerie-au-coeur-de-sa-strategie-economique-en-afrique\/","name":"Coop\u00e9ration : L\u2019Italie place l\u2019Alg\u00e9rie au c\u0153ur de sa strat\u00e9gie \u00e9conomique en Afrique - La Sentinelle","description":"Le minist\u00e8re italien des Affaires \u00e9trang\u00e8res a consacr\u00e9 un vaste dossier \u00e0 l'Alg\u00e9rie dans sa revue \"Diplomazia Economica Italiana\", soulignant les opportunit\u00e9s d'investissement au-del\u00e0 des hydrocarbures. Cette publication t\u00e9moigne de l'int\u00e9r\u00eat strat\u00e9gique accord\u00e9 par Rome \u00e0 son partenariat avec Alger, dans le cadre du Plan Mattei pour l'Afrique. Intitul\u00e9 \"Alg\u00e9rie, des perspectives et des opportunit\u00e9s au-del\u00e0","inLanguage":"fr-FR","isPartOf":{"@id":"https:\/\/lasentinelle.dz\/#website"},"breadcrumb":{"@id":"https:\/\/lasentinelle.dz\/index.php\/2025\/11\/25\/cooperation-litalie-place-lalgerie-au-coeur-de-sa-strategie-economique-en-afrique\/#breadcrumblist"},"author":{"@id":"https:\/\/lasentinelle.dz\/author\/admin\/#author"},"creator":{"@id":"https:\/\/lasentinelle.dz\/author\/admin\/#author"},"image":{"@type":"ImageObject","url":"https:\/\/lasentinelle.dz\/wp-content\/uploads\/2023\/01\/algerie-italie.png","@id":"https:\/\/lasentinelle.dz\/index.php\/2025\/11\/25\/cooperation-litalie-place-lalgerie-au-coeur-de-sa-strategie-economique-en-afrique\/#mainImage","width":1491,"height":900},"primaryImageOfPage":{"@id":"https:\/\/lasentinelle.dz\/index.php\/2025\/11\/25\/cooperation-litalie-place-lalgerie-au-coeur-de-sa-strategie-economique-en-afrique\/#mainImage"},"datePublished":"2025-11-25T12:49:57+01:00","dateModified":"2025-11-25T12:49:58+01:00"},{"@type":"WebSite","@id":"https:\/\/lasentinelle.dz\/#website","url":"https:\/\/lasentinelle.dz\/","name":"La Sentinelle","description":"Quotidien national d'information","inLanguage":"fr-FR","publisher":{"@id":"https:\/\/lasentinelle.dz\/#organization"}}]},"og:locale":"fr_FR","og:site_name":"La Sentinelle - Quotidien national d'information","og:type":"article","og:title":"Coop\u00e9ration : L\u2019Italie place l\u2019Alg\u00e9rie au c\u0153ur de sa strat\u00e9gie \u00e9conomique en Afrique - La Sentinelle","og:description":"Le minist\u00e8re italien des Affaires \u00e9trang\u00e8res a consacr\u00e9 un vaste dossier \u00e0 l'Alg\u00e9rie dans sa revue &quot;Diplomazia Economica Italiana&quot;, soulignant les opportunit\u00e9s d'investissement au-del\u00e0 des hydrocarbures. Cette publication t\u00e9moigne de l'int\u00e9r\u00eat strat\u00e9gique accord\u00e9 par Rome \u00e0 son partenariat avec Alger, dans le cadre du Plan Mattei pour l'Afrique. Intitul\u00e9 &quot;Alg\u00e9rie, des perspectives et des opportunit\u00e9s au-del\u00e0","og:url":"https:\/\/lasentinelle.dz\/index.php\/2025\/11\/25\/cooperation-litalie-place-lalgerie-au-coeur-de-sa-strategie-economique-en-afrique\/","og:image":"https:\/\/lasentinelle.dz\/wp-content\/uploads\/2021\/09\/cropped-la-sentinelle-earth-golden-anima-5.gif","og:image:secure_url":"https:\/\/lasentinelle.dz\/wp-content\/uploads\/2021\/09\/cropped-la-sentinelle-earth-golden-anima-5.gif","og:image:width":450,"og:image:height":213,"article:published_time":"2025-11-25T11:49:57+00:00","article:modified_time":"2025-11-25T11:49:58+00:00","article:publisher":"https:\/\/www.facebook.com\/azzedine.lasentinelle.1","twitter:card":"summary_large_image","twitter:title":"Coop\u00e9ration : L\u2019Italie place l\u2019Alg\u00e9rie au c\u0153ur de sa strat\u00e9gie \u00e9conomique en Afrique - La Sentinelle","twitter:description":"Le minist\u00e8re italien des Affaires \u00e9trang\u00e8res a consacr\u00e9 un vaste dossier \u00e0 l'Alg\u00e9rie dans sa revue &quot;Diplomazia Economica Italiana&quot;, soulignant les opportunit\u00e9s d'investissement au-del\u00e0 des hydrocarbures. Cette publication t\u00e9moigne de l'int\u00e9r\u00eat strat\u00e9gique accord\u00e9 par Rome \u00e0 son partenariat avec Alger, dans le cadre du Plan Mattei pour l'Afrique. Intitul\u00e9 &quot;Alg\u00e9rie, des perspectives et des opportunit\u00e9s au-del\u00e0","twitter:image":"https:\/\/lasentinelle.dz\/wp-content\/uploads\/2021\/09\/cropped-la-sentinelle-earth-golden-anima-5.gif"},"aioseo_meta_data":{"post_id":"76759","title":null,"description":null,"keywords":null,"keyphrases":null,"primary_term":null,"canonical_url":null,"og_title":null,"og_description":null,"og_object_type":"default","og_image_type":"default","og_image_url":null,"og_image_width":null,"og_image_height":null,"og_image_custom_url":null,"og_image_custom_fields":null,"og_video":null,"og_custom_url":null,"og_article_section":null,"og_article_tags":null,"twitter_use_og":false,"twitter_card":"default","twitter_image_type":"default","twitter_image_url":null,"twitter_image_custom_url":null,"twitter_image_custom_fields":null,"twitter_title":null,"twitter_description":null,"schema":{"blockGraphs":[],"customGraphs":[],"default":{"data":{"Article":[],"Course":[],"Dataset":[],"FAQPage":[],"Movie":[],"Person":[],"Product":[],"ProductReview":[],"Car":[],"Recipe":[],"Service":[],"SoftwareApplication":[],"WebPage":[]},"graphName":"","isEnabled":true},"graphs":[]},"schema_type":"default","schema_type_options":null,"pillar_content":false,"robots_default":true,"robots_noindex":false,"robots_noarchive":false,"robots_nosnippet":false,"robots_nofollow":false,"robots_noimageindex":false,"robots_noodp":false,"robots_notranslate":false,"robots_max_snippet":null,"robots_max_videopreview":null,"robots_max_imagepreview":"large","priority":null,"frequency":null,"local_seo":null,"breadcrumb_settings":null,"limit_modified_date":false,"ai":null,"created":"2026-05-13 14:23:57","updated":"2026-05-13 14:23:57","focus_keyword":null,"additional_keywords":null,"truseo_locale":null,"seo_analyzer_scan_date":null},"aioseo_breadcrumb":"<div class=\"aioseo-breadcrumbs\"><span class=\"aioseo-breadcrumb\">\n\t\t\t<a href=\"https:\/\/lasentinelle.dz\" title=\"Home\">Home<\/a>\n\t\t<\/span><span class=\"aioseo-breadcrumb-separator\">&raquo;<\/span><span class=\"aioseo-breadcrumb\">\n\t\t\t<a href=\"https:\/\/lasentinelle.dz\/index.php\/category\/actualite\/\" title=\"Actualit\u00e9\">Actualit\u00e9<\/a>\n\t\t<\/span><span class=\"aioseo-breadcrumb-separator\">&raquo;<\/span><span class=\"aioseo-breadcrumb\">\n\t\t\tCoop\u00e9ration : L\u2019Italie place l\u2019Alg\u00e9rie au c\u0153ur de sa strat\u00e9gie \u00e9conomique en Afrique\n\t\t<\/span><\/div>","aioseo_breadcrumb_json":[{"label":"Home","link":"https:\/\/lasentinelle.dz"},{"label":"Actualit\u00e9","link":"https:\/\/lasentinelle.dz\/index.php\/category\/actualite\/"},{"label":"Coop\u00e9ration\u00a0: L&rsquo;Italie place l&rsquo;Alg\u00e9rie au c\u0153ur de sa strat\u00e9gie \u00e9conomique en Afrique","link":"https:\/\/lasentinelle.dz\/index.php\/2025\/11\/25\/cooperation-litalie-place-lalgerie-au-coeur-de-sa-strategie-economique-en-afrique\/"}],"yoast_head":"<!-- This site is optimized with the Yoast SEO plugin v28.3 - https:\/\/yoast.com\/product\/yoast-seo-wordpress\/ -->\n<title>Coop\u00e9ration\u00a0: L&rsquo;Italie place l&rsquo;Alg\u00e9rie au c\u0153ur de sa strat\u00e9gie \u00e9conomique en Afrique - La Sentinelle<\/title>\n<meta name=\"robots\" content=\"index, follow, max-snippet:-1, max-image-preview:large, max-video-preview:-1\" \/>\n<link rel=\"canonical\" href=\"https:\/\/lasentinelle.dz\/index.php\/2025\/11\/25\/cooperation-litalie-place-lalgerie-au-coeur-de-sa-strategie-economique-en-afrique\/\" \/>\n<meta property=\"og:locale\" content=\"fr_FR\" \/>\n<meta property=\"og:type\" content=\"article\" \/>\n<meta property=\"og:title\" content=\"Coop\u00e9ration\u00a0: L&rsquo;Italie place l&rsquo;Alg\u00e9rie au c\u0153ur de sa strat\u00e9gie \u00e9conomique en Afrique - La Sentinelle\" \/>\n<meta property=\"og:description\" content=\"Le minist\u00e8re italien des Affaires \u00e9trang\u00e8res a consacr\u00e9 un vaste dossier \u00e0 l&rsquo;Alg\u00e9rie dans sa revue \u00ab\u00a0Diplomazia Economica Italiana\u00a0\u00bb, soulignant\" \/>\n<meta property=\"og:url\" content=\"https:\/\/lasentinelle.dz\/index.php\/2025\/11\/25\/cooperation-litalie-place-lalgerie-au-coeur-de-sa-strategie-economique-en-afrique\/\" \/>\n<meta property=\"og:site_name\" content=\"La Sentinelle\" \/>\n<meta property=\"article:publisher\" content=\"https:\/\/www.facebook.com\/La-Sentinelle-104059864394773\" \/>\n<meta property=\"article:published_time\" content=\"2025-11-25T11:49:57+00:00\" \/>\n<meta property=\"article:modified_time\" content=\"2025-11-25T11:49:58+00:00\" \/>\n<meta property=\"og:image\" content=\"https:\/\/lasentinelle.dz\/wp-content\/uploads\/2023\/01\/algerie-italie.png\" \/>\n\t<meta property=\"og:image:width\" content=\"1491\" \/>\n\t<meta property=\"og:image:height\" content=\"900\" \/>\n\t<meta property=\"og:image:type\" content=\"image\/png\" \/>\n<meta name=\"author\" content=\"admin\" \/>\n<meta name=\"twitter:card\" content=\"summary_large_image\" \/>\n<meta name=\"twitter:label1\" content=\"\u00c9crit par\" \/>\n\t<meta name=\"twitter:data1\" content=\"admin\" \/>\n\t<meta name=\"twitter:label2\" content=\"Dur\u00e9e de lecture estim\u00e9e\" \/>\n\t<meta name=\"twitter:data2\" content=\"4 minutes\" \/>\n<script type=\"application\/ld+json\" class=\"yoast-schema-graph\">{\"@context\":\"https:\\\/\\\/schema.org\",\"@graph\":[{\"@type\":\"Article\",\"@id\":\"https:\\\/\\\/lasentinelle.dz\\\/index.php\\\/2025\\\/11\\\/25\\\/cooperation-litalie-place-lalgerie-au-coeur-de-sa-strategie-economique-en-afrique\\\/#article\",\"isPartOf\":{\"@id\":\"https:\\\/\\\/lasentinelle.dz\\\/index.php\\\/2025\\\/11\\\/25\\\/cooperation-litalie-place-lalgerie-au-coeur-de-sa-strategie-economique-en-afrique\\\/\"},\"author\":{\"name\":\"admin\",\"@id\":\"https:\\\/\\\/lasentinelle.dz\\\/#\\\/schema\\\/person\\\/729ee0024f24e0b8c5ec17232f8e8b41\"},\"headline\":\"Coop\u00e9ration\u00a0: L&rsquo;Italie place l&rsquo;Alg\u00e9rie au c\u0153ur de sa strat\u00e9gie \u00e9conomique en Afrique\",\"datePublished\":\"2025-11-25T11:49:57+00:00\",\"dateModified\":\"2025-11-25T11:49:58+00:00\",\"mainEntityOfPage\":{\"@id\":\"https:\\\/\\\/lasentinelle.dz\\\/index.php\\\/2025\\\/11\\\/25\\\/cooperation-litalie-place-lalgerie-au-coeur-de-sa-strategie-economique-en-afrique\\\/\"},\"wordCount\":690,\"commentCount\":0,\"publisher\":{\"@id\":\"https:\\\/\\\/lasentinelle.dz\\\/#organization\"},\"image\":{\"@id\":\"https:\\\/\\\/lasentinelle.dz\\\/index.php\\\/2025\\\/11\\\/25\\\/cooperation-litalie-place-lalgerie-au-coeur-de-sa-strategie-economique-en-afrique\\\/#primaryimage\"},\"thumbnailUrl\":\"https:\\\/\\\/lasentinelle.dz\\\/wp-content\\\/uploads\\\/2023\\\/01\\\/algerie-italie.png\",\"articleSection\":[\"Actualit\u00e9\"],\"inLanguage\":\"fr-FR\",\"potentialAction\":[{\"@type\":\"CommentAction\",\"name\":\"Comment\",\"target\":[\"https:\\\/\\\/lasentinelle.dz\\\/index.php\\\/2025\\\/11\\\/25\\\/cooperation-litalie-place-lalgerie-au-coeur-de-sa-strategie-economique-en-afrique\\\/#respond\"]}]},{\"@type\":\"WebPage\",\"@id\":\"https:\\\/\\\/lasentinelle.dz\\\/index.php\\\/2025\\\/11\\\/25\\\/cooperation-litalie-place-lalgerie-au-coeur-de-sa-strategie-economique-en-afrique\\\/\",\"url\":\"https:\\\/\\\/lasentinelle.dz\\\/index.php\\\/2025\\\/11\\\/25\\\/cooperation-litalie-place-lalgerie-au-coeur-de-sa-strategie-economique-en-afrique\\\/\",\"name\":\"Coop\u00e9ration\u00a0: L&rsquo;Italie place l&rsquo;Alg\u00e9rie au c\u0153ur de sa strat\u00e9gie \u00e9conomique en Afrique - La Sentinelle\",\"isPartOf\":{\"@id\":\"https:\\\/\\\/lasentinelle.dz\\\/#website\"},\"primaryImageOfPage\":{\"@id\":\"https:\\\/\\\/lasentinelle.dz\\\/index.php\\\/2025\\\/11\\\/25\\\/cooperation-litalie-place-lalgerie-au-coeur-de-sa-strategie-economique-en-afrique\\\/#primaryimage\"},\"image\":{\"@id\":\"https:\\\/\\\/lasentinelle.dz\\\/index.php\\\/2025\\\/11\\\/25\\\/cooperation-litalie-place-lalgerie-au-coeur-de-sa-strategie-economique-en-afrique\\\/#primaryimage\"},\"thumbnailUrl\":\"https:\\\/\\\/lasentinelle.dz\\\/wp-content\\\/uploads\\\/2023\\\/01\\\/algerie-italie.png\",\"datePublished\":\"2025-11-25T11:49:57+00:00\",\"dateModified\":\"2025-11-25T11:49:58+00:00\",\"breadcrumb\":{\"@id\":\"https:\\\/\\\/lasentinelle.dz\\\/index.php\\\/2025\\\/11\\\/25\\\/cooperation-litalie-place-lalgerie-au-coeur-de-sa-strategie-economique-en-afrique\\\/#breadcrumb\"},\"inLanguage\":\"fr-FR\",\"potentialAction\":[{\"@type\":\"ReadAction\",\"target\":[\"https:\\\/\\\/lasentinelle.dz\\\/index.php\\\/2025\\\/11\\\/25\\\/cooperation-litalie-place-lalgerie-au-coeur-de-sa-strategie-economique-en-afrique\\\/\"]}]},{\"@type\":\"ImageObject\",\"inLanguage\":\"fr-FR\",\"@id\":\"https:\\\/\\\/lasentinelle.dz\\\/index.php\\\/2025\\\/11\\\/25\\\/cooperation-litalie-place-lalgerie-au-coeur-de-sa-strategie-economique-en-afrique\\\/#primaryimage\",\"url\":\"https:\\\/\\\/lasentinelle.dz\\\/wp-content\\\/uploads\\\/2023\\\/01\\\/algerie-italie.png\",\"contentUrl\":\"https:\\\/\\\/lasentinelle.dz\\\/wp-content\\\/uploads\\\/2023\\\/01\\\/algerie-italie.png\",\"width\":1491,\"height\":900},{\"@type\":\"BreadcrumbList\",\"@id\":\"https:\\\/\\\/lasentinelle.dz\\\/index.php\\\/2025\\\/11\\\/25\\\/cooperation-litalie-place-lalgerie-au-coeur-de-sa-strategie-economique-en-afrique\\\/#breadcrumb\",\"itemListElement\":[{\"@type\":\"ListItem\",\"position\":1,\"name\":\"Accueil\",\"item\":\"https:\\\/\\\/lasentinelle.dz\\\/\"},{\"@type\":\"ListItem\",\"position\":2,\"name\":\"Coop\u00e9ration\u00a0: L&rsquo;Italie place l&rsquo;Alg\u00e9rie au c\u0153ur de sa strat\u00e9gie \u00e9conomique en Afrique\"}]},{\"@type\":\"WebSite\",\"@id\":\"https:\\\/\\\/lasentinelle.dz\\\/#website\",\"url\":\"https:\\\/\\\/lasentinelle.dz\\\/\",\"name\":\"La Sentinelle\",\"description\":\"Quotidien national d&#039;information\",\"publisher\":{\"@id\":\"https:\\\/\\\/lasentinelle.dz\\\/#organization\"},\"potentialAction\":[{\"@type\":\"SearchAction\",\"target\":{\"@type\":\"EntryPoint\",\"urlTemplate\":\"https:\\\/\\\/lasentinelle.dz\\\/?s={search_term_string}\"},\"query-input\":{\"@type\":\"PropertyValueSpecification\",\"valueRequired\":true,\"valueName\":\"search_term_string\"}}],\"inLanguage\":\"fr-FR\"},{\"@type\":\"Organization\",\"@id\":\"https:\\\/\\\/lasentinelle.dz\\\/#organization\",\"name\":\"Quotidien La Sentinelle\",\"url\":\"https:\\\/\\\/lasentinelle.dz\\\/\",\"logo\":{\"@type\":\"ImageObject\",\"inLanguage\":\"fr-FR\",\"@id\":\"https:\\\/\\\/lasentinelle.dz\\\/#\\\/schema\\\/logo\\\/image\\\/\",\"url\":\"https:\\\/\\\/lasentinelle.dz\\\/wp-content\\\/uploads\\\/2021\\\/09\\\/logo-sentinelleSLOGAN-1.png\",\"contentUrl\":\"https:\\\/\\\/lasentinelle.dz\\\/wp-content\\\/uploads\\\/2021\\\/09\\\/logo-sentinelleSLOGAN-1.png\",\"width\":615,\"height\":142,\"caption\":\"Quotidien La Sentinelle\"},\"image\":{\"@id\":\"https:\\\/\\\/lasentinelle.dz\\\/#\\\/schema\\\/logo\\\/image\\\/\"},\"sameAs\":[\"https:\\\/\\\/www.facebook.com\\\/La-Sentinelle-104059864394773\"]},{\"@type\":\"Person\",\"@id\":\"https:\\\/\\\/lasentinelle.dz\\\/#\\\/schema\\\/person\\\/729ee0024f24e0b8c5ec17232f8e8b41\",\"name\":\"admin\",\"image\":{\"@type\":\"ImageObject\",\"inLanguage\":\"fr-FR\",\"@id\":\"https:\\\/\\\/secure.gravatar.com\\\/avatar\\\/4c81fed838786e9b53f540bf46533e750f5d292099ae3b66cfc6fb1982e29df7?s=96&d=mm&r=g\",\"url\":\"https:\\\/\\\/secure.gravatar.com\\\/avatar\\\/4c81fed838786e9b53f540bf46533e750f5d292099ae3b66cfc6fb1982e29df7?s=96&d=mm&r=g\",\"contentUrl\":\"https:\\\/\\\/secure.gravatar.com\\\/avatar\\\/4c81fed838786e9b53f540bf46533e750f5d292099ae3b66cfc6fb1982e29df7?s=96&d=mm&r=g\",\"caption\":\"admin\"},\"description\":\"admin\",\"url\":\"https:\\\/\\\/lasentinelle.dz\\\/author\\\/admin\\\/\"}]}<\/script>\n<!-- \/ Yoast SEO plugin. -->","yoast_head_json":{"title":"Coop\u00e9ration\u00a0: L&rsquo;Italie place l&rsquo;Alg\u00e9rie au c\u0153ur de sa strat\u00e9gie \u00e9conomique en Afrique - La Sentinelle","robots":{"index":"index","follow":"follow","max-snippet":"max-snippet:-1","max-image-preview":"max-image-preview:large","max-video-preview":"max-video-preview:-1"},"canonical":"https:\/\/lasentinelle.dz\/index.php\/2025\/11\/25\/cooperation-litalie-place-lalgerie-au-coeur-de-sa-strategie-economique-en-afrique\/","og_locale":"fr_FR","og_type":"article","og_title":"Coop\u00e9ration\u00a0: L&rsquo;Italie place l&rsquo;Alg\u00e9rie au c\u0153ur de sa strat\u00e9gie \u00e9conomique en Afrique - La Sentinelle","og_description":"Le minist\u00e8re italien des Affaires \u00e9trang\u00e8res a consacr\u00e9 un vaste dossier \u00e0 l&rsquo;Alg\u00e9rie dans sa revue \u00ab\u00a0Diplomazia Economica Italiana\u00a0\u00bb, soulignant","og_url":"https:\/\/lasentinelle.dz\/index.php\/2025\/11\/25\/cooperation-litalie-place-lalgerie-au-coeur-de-sa-strategie-economique-en-afrique\/","og_site_name":"La Sentinelle","article_publisher":"https:\/\/www.facebook.com\/La-Sentinelle-104059864394773","article_published_time":"2025-11-25T11:49:57+00:00","article_modified_time":"2025-11-25T11:49:58+00:00","og_image":[{"width":1491,"height":900,"url":"https:\/\/lasentinelle.dz\/wp-content\/uploads\/2023\/01\/algerie-italie.png","type":"image\/png"}],"author":"admin","twitter_card":"summary_large_image","twitter_misc":{"\u00c9crit par":"admin","Dur\u00e9e de lecture estim\u00e9e":"4 minutes"},"schema":{"@context":"https:\/\/schema.org","@graph":[{"@type":"Article","@id":"https:\/\/lasentinelle.dz\/index.php\/2025\/11\/25\/cooperation-litalie-place-lalgerie-au-coeur-de-sa-strategie-economique-en-afrique\/#article","isPartOf":{"@id":"https:\/\/lasentinelle.dz\/index.php\/2025\/11\/25\/cooperation-litalie-place-lalgerie-au-coeur-de-sa-strategie-economique-en-afrique\/"},"author":{"name":"admin","@id":"https:\/\/lasentinelle.dz\/#\/schema\/person\/729ee0024f24e0b8c5ec17232f8e8b41"},"headline":"Coop\u00e9ration\u00a0: L&rsquo;Italie place l&rsquo;Alg\u00e9rie au c\u0153ur de sa strat\u00e9gie \u00e9conomique en Afrique","datePublished":"2025-11-25T11:49:57+00:00","dateModified":"2025-11-25T11:49:58+00:00","mainEntityOfPage":{"@id":"https:\/\/lasentinelle.dz\/index.php\/2025\/11\/25\/cooperation-litalie-place-lalgerie-au-coeur-de-sa-strategie-economique-en-afrique\/"},"wordCount":690,"commentCount":0,"publisher":{"@id":"https:\/\/lasentinelle.dz\/#organization"},"image":{"@id":"https:\/\/lasentinelle.dz\/index.php\/2025\/11\/25\/cooperation-litalie-place-lalgerie-au-coeur-de-sa-strategie-economique-en-afrique\/#primaryimage"},"thumbnailUrl":"https:\/\/lasentinelle.dz\/wp-content\/uploads\/2023\/01\/algerie-italie.png","articleSection":["Actualit\u00e9"],"inLanguage":"fr-FR","potentialAction":[{"@type":"CommentAction","name":"Comment","target":["https:\/\/lasentinelle.dz\/index.php\/2025\/11\/25\/cooperation-litalie-place-lalgerie-au-coeur-de-sa-strategie-economique-en-afrique\/#respond"]}]},{"@type":"WebPage","@id":"https:\/\/lasentinelle.dz\/index.php\/2025\/11\/25\/cooperation-litalie-place-lalgerie-au-coeur-de-sa-strategie-economique-en-afrique\/","url":"https:\/\/lasentinelle.dz\/index.php\/2025\/11\/25\/cooperation-litalie-place-lalgerie-au-coeur-de-sa-strategie-economique-en-afrique\/","name":"Coop\u00e9ration\u00a0: L&rsquo;Italie place l&rsquo;Alg\u00e9rie au c\u0153ur de sa strat\u00e9gie \u00e9conomique en Afrique - La Sentinelle","isPartOf":{"@id":"https:\/\/lasentinelle.dz\/#website"},"primaryImageOfPage":{"@id":"https:\/\/lasentinelle.dz\/index.php\/2025\/11\/25\/cooperation-litalie-place-lalgerie-au-coeur-de-sa-strategie-economique-en-afrique\/#primaryimage"},"image":{"@id":"https:\/\/lasentinelle.dz\/index.php\/2025\/11\/25\/cooperation-litalie-place-lalgerie-au-coeur-de-sa-strategie-economique-en-afrique\/#primaryimage"},"thumbnailUrl":"https:\/\/lasentinelle.dz\/wp-content\/uploads\/2023\/01\/algerie-italie.png","datePublished":"2025-11-25T11:49:57+00:00","dateModified":"2025-11-25T11:49:58+00:00","breadcrumb":{"@id":"https:\/\/lasentinelle.dz\/index.php\/2025\/11\/25\/cooperation-litalie-place-lalgerie-au-coeur-de-sa-strategie-economique-en-afrique\/#breadcrumb"},"inLanguage":"fr-FR","potentialAction":[{"@type":"ReadAction","target":["https:\/\/lasentinelle.dz\/index.php\/2025\/11\/25\/cooperation-litalie-place-lalgerie-au-coeur-de-sa-strategie-economique-en-afrique\/"]}]},{"@type":"ImageObject","inLanguage":"fr-FR","@id":"https:\/\/lasentinelle.dz\/index.php\/2025\/11\/25\/cooperation-litalie-place-lalgerie-au-coeur-de-sa-strategie-economique-en-afrique\/#primaryimage","url":"https:\/\/lasentinelle.dz\/wp-content\/uploads\/2023\/01\/algerie-italie.png","contentUrl":"https:\/\/lasentinelle.dz\/wp-content\/uploads\/2023\/01\/algerie-italie.png","width":1491,"height":900},{"@type":"BreadcrumbList","@id":"https:\/\/lasentinelle.dz\/index.php\/2025\/11\/25\/cooperation-litalie-place-lalgerie-au-coeur-de-sa-strategie-economique-en-afrique\/#breadcrumb","itemListElement":[{"@type":"ListItem","position":1,"name":"Accueil","item":"https:\/\/lasentinelle.dz\/"},{"@type":"ListItem","position":2,"name":"Coop\u00e9ration\u00a0: L&rsquo;Italie place l&rsquo;Alg\u00e9rie au c\u0153ur de sa strat\u00e9gie \u00e9conomique en Afrique"}]},{"@type":"WebSite","@id":"https:\/\/lasentinelle.dz\/#website","url":"https:\/\/lasentinelle.dz\/","name":"La Sentinelle","description":"Quotidien national d&#039;information","publisher":{"@id":"https:\/\/lasentinelle.dz\/#organization"},"potentialAction":[{"@type":"SearchAction","target":{"@type":"EntryPoint","urlTemplate":"https:\/\/lasentinelle.dz\/?s={search_term_string}"},"query-input":{"@type":"PropertyValueSpecification","valueRequired":true,"valueName":"search_term_string"}}],"inLanguage":"fr-FR"},{"@type":"Organization","@id":"https:\/\/lasentinelle.dz\/#organization","name":"Quotidien La Sentinelle","url":"https:\/\/lasentinelle.dz\/","logo":{"@type":"ImageObject","inLanguage":"fr-FR","@id":"https:\/\/lasentinelle.dz\/#\/schema\/logo\/image\/","url":"https:\/\/lasentinelle.dz\/wp-content\/uploads\/2021\/09\/logo-sentinelleSLOGAN-1.png","contentUrl":"https:\/\/lasentinelle.dz\/wp-content\/uploads\/2021\/09\/logo-sentinelleSLOGAN-1.png","width":615,"height":142,"caption":"Quotidien La Sentinelle"},"image":{"@id":"https:\/\/lasentinelle.dz\/#\/schema\/logo\/image\/"},"sameAs":["https:\/\/www.facebook.com\/La-Sentinelle-104059864394773"]},{"@type":"Person","@id":"https:\/\/lasentinelle.dz\/#\/schema\/person\/729ee0024f24e0b8c5ec17232f8e8b41","name":"admin","image":{"@type":"ImageObject","inLanguage":"fr-FR","@id":"https:\/\/secure.gravatar.com\/avatar\/4c81fed838786e9b53f540bf46533e750f5d292099ae3b66cfc6fb1982e29df7?s=96&d=mm&r=g","url":"https:\/\/secure.gravatar.com\/avatar\/4c81fed838786e9b53f540bf46533e750f5d292099ae3b66cfc6fb1982e29df7?s=96&d=mm&r=g","contentUrl":"https:\/\/secure.gravatar.com\/avatar\/4c81fed838786e9b53f540bf46533e750f5d292099ae3b66cfc6fb1982e29df7?s=96&d=mm&r=g","caption":"admin"},"description":"admin","url":"https:\/\/lasentinelle.dz\/author\/admin\/"}]}},"_links":{"self":[{"href":"https:\/\/lasentinelle.dz\/index.php\/wp-json\/wp\/v2\/posts\/76759","targetHints":{"allow":["GET"]}}],"collection":[{"href":"https:\/\/lasentinelle.dz\/index.php\/wp-json\/wp\/v2\/posts"}],"about":[{"href":"https:\/\/lasentinelle.dz\/index.php\/wp-json\/wp\/v2\/types\/post"}],"author":[{"embeddable":true,"href":"https:\/\/lasentinelle.dz\/index.php\/wp-json\/wp\/v2\/users\/6"}],"replies":[{"embeddable":true,"href":"https:\/\/lasentinelle.dz\/index.php\/wp-json\/wp\/v2\/comments?post=76759"}],"version-history":[{"count":2,"href":"https:\/\/lasentinelle.dz\/index.php\/wp-json\/wp\/v2\/posts\/76759\/revisions"}],"predecessor-version":[{"id":76761,"href":"https:\/\/lasentinelle.dz\/index.php\/wp-json\/wp\/v2\/posts\/76759\/revisions\/76761"}],"wp:featuredmedia":[{"embeddable":true,"href":"https:\/\/lasentinelle.dz\/index.php\/wp-json\/wp\/v2\/media\/34478"}],"wp:attachment":[{"href":"https:\/\/lasentinelle.dz\/index.php\/wp-json\/wp\/v2\/media?parent=76759"}],"wp:term":[{"taxonomy":"category","embeddable":true,"href":"https:\/\/lasentinelle.dz\/index.php\/wp-json\/wp\/v2\/categories?post=76759"},{"taxonomy":"post_tag","embeddable":true,"href":"https:\/\/lasentinelle.dz\/index.php\/wp-json\/wp\/v2\/tags?post=76759"}],"curies":[{"name":"wp","href":"https:\/\/api.w.org\/{rel}","templated":true}]}}