{"id":7684,"date":"2021-09-14T00:01:00","date_gmt":"2021-09-13T23:01:00","guid":{"rendered":"https:\/\/lasentinelle.dz\/?p=7684"},"modified":"2021-09-13T16:33:36","modified_gmt":"2021-09-13T15:33:36","slug":"sahara-occidental-le-pcf-reitere-sa-solidarite-avec-la-juste-lutte-du-peuple-sahraoui","status":"publish","type":"post","link":"https:\/\/lasentinelle.dz\/index.php\/2021\/09\/14\/sahara-occidental-le-pcf-reitere-sa-solidarite-avec-la-juste-lutte-du-peuple-sahraoui\/","title":{"rendered":"Sahara occidental : Le PCF r\u00e9it\u00e8re sa solidarit\u00e9 avec la juste lutte du peuple sahraoui"},"content":{"rendered":"\n<p>Le secr\u00e9taire national du Parti Communiste Fran\u00e7ais (PCF), Fabien Roussel, a r\u00e9it\u00e9r\u00e9 la solidarit\u00e9 de son parti avec \u00ab\u00a0la juste lutte du peuple sahraoui\u00a0\u00bb, apr\u00e8s avoir re\u00e7u dimanche \u00e0 Paris, une d\u00e9l\u00e9gation sahraouie conduite par Mohamed Sidati, membre du secr\u00e9tariat national et Repr\u00e9sentant du Front Polisario en France.Le responsable communiste a r\u00e9it\u00e9r\u00e9 la solidarit\u00e9 du PCF avec \u00ab\u00a0la juste lutte du peuple sahraoui\u00a0\u00bb, indique un communiqu\u00e9 du PCF, publi\u00e9 \u00e0 l&rsquo;issue de la r\u00e9ception organis\u00e9e par le parti \u00e0 l&rsquo;occasion de la F\u00eate de l&rsquo;Humanit\u00e9 \u00e0 laquelle la d\u00e9l\u00e9gation sahraouie a pris part.Il a, \u00e0 cette occasion, rappel\u00e9 que \u00ab\u00a0la politique fran\u00e7aise au Sahara occidental doit se d\u00e9partir d\u2019un parti pris en faveur de l\u2019occupation, un parti pris aux cons\u00e9quences n\u00e9fastes, et se conformer au droit international\u00a0\u00bb, avant d&rsquo;ajouter: \u00ab\u00a0car il y va de la paix et de la stabilit\u00e9 au Maghreb&#8230;\u00a0\u00bb, souligne le texte.<\/p>\n\n\n\n<p>D&rsquo;apr\u00e8s le communiqu\u00e9, le combat du peuple sahraoui a \u00e9t\u00e9 soulign\u00e9 par plusieurs intervenants lors des d\u00e9bats qui ont jalonn\u00e9 la F\u00eate de l&rsquo;Humanit\u00e9.<\/p>\n\n\n\n<p>Par ailleurs, des associations des communaut\u00e9s sahraouies en France ont anim\u00e9 des stands consacr\u00e9s au peuple sahraoui, \u00e0 sa culture et \u00e0 sa r\u00e9sistance contre l&rsquo;oppression et la r\u00e9pression dans le territoire du Sahara occidental ill\u00e9galement occup\u00e9 par le Maroc depuis 1975, selon la m\u00eame source.<\/p>\n\n\n\n<p>APS<\/p>\n","protected":false},"excerpt":{"rendered":"<p>Le secr\u00e9taire national du Parti Communiste Fran\u00e7ais (PCF), Fabien Roussel, a r\u00e9it\u00e9r\u00e9 la solidarit\u00e9 de son parti avec \u00ab\u00a0la juste<\/p>\n","protected":false},"author":3,"featured_media":7688,"comment_status":"open","ping_status":"closed","sticky":false,"template":"","format":"standard","meta":{"colormag_page_container_layout":"default_layout","colormag_page_sidebar_layout":"default_layout","om_disable_all_campaigns":false,"_monsterinsights_skip_tracking":false,"_monsterinsights_sitenote_active":false,"_monsterinsights_sitenote_note":"","_monsterinsights_sitenote_category":0,"footnotes":"","_wpscppro_dont_share_socialmedia":false,"_wpscppro_custom_social_share_image":0,"_facebook_share_type":"","_twitter_share_type":"","_linkedin_share_type":"","_pinterest_share_type":"","_linkedin_share_type_page":"","_instagram_share_type":"","_medium_share_type":"","_threads_share_type":"","_google_business_share_type":"","_selected_social_profile":[],"_wpsp_enable_custom_social_template":false,"_wpsp_social_scheduling":{"enabled":false,"datetime":null,"platforms":[],"status":"template_only","dateOption":"today","timeOption":"now","customDays":"","customHours":"","customDate":"","customTime":"","schedulingType":"absolute"},"_wpsp_active_default_template":true},"categories":[37],"tags":[],"class_list":["post-7684","post","type-post","status-publish","format-standard","has-post-thumbnail","hentry","category-monde"],"aioseo_notices":[],"yoast_head":"<!-- This site is optimized with the Yoast SEO plugin v27.5 - https:\/\/yoast.com\/product\/yoast-seo-wordpress\/ -->\n<title>Sahara occidental : Le PCF r\u00e9it\u00e8re sa solidarit\u00e9 avec la juste lutte du peuple sahraoui - La Sentinelle<\/title>\n<meta name=\"robots\" content=\"index, follow, max-snippet:-1, max-image-preview:large, max-video-preview:-1\" \/>\n<link rel=\"canonical\" href=\"https:\/\/lasentinelle.dz\/index.php\/2021\/09\/14\/sahara-occidental-le-pcf-reitere-sa-solidarite-avec-la-juste-lutte-du-peuple-sahraoui\/\" \/>\n<meta property=\"og:locale\" content=\"fr_FR\" \/>\n<meta property=\"og:type\" content=\"article\" \/>\n<meta property=\"og:title\" content=\"Sahara occidental : Le PCF r\u00e9it\u00e8re sa solidarit\u00e9 avec la juste lutte du peuple sahraoui - La Sentinelle\" \/>\n<meta property=\"og:description\" content=\"Le secr\u00e9taire national du Parti Communiste Fran\u00e7ais (PCF), Fabien Roussel, a r\u00e9it\u00e9r\u00e9 la solidarit\u00e9 de son parti avec \u00ab\u00a0la juste\" \/>\n<meta property=\"og:url\" content=\"https:\/\/lasentinelle.dz\/index.php\/2021\/09\/14\/sahara-occidental-le-pcf-reitere-sa-solidarite-avec-la-juste-lutte-du-peuple-sahraoui\/\" \/>\n<meta property=\"og:site_name\" content=\"La Sentinelle\" \/>\n<meta property=\"article:publisher\" content=\"https:\/\/www.facebook.com\/La-Sentinelle-104059864394773\" \/>\n<meta property=\"article:published_time\" content=\"2021-09-13T23:01:00+00:00\" \/>\n<meta property=\"og:image\" content=\"https:\/\/lasentinelle.dz\/wp-content\/uploads\/2021\/09\/image_2021-09-13_163323.png\" \/>\n\t<meta property=\"og:image:width\" content=\"745\" \/>\n\t<meta property=\"og:image:height\" content=\"470\" \/>\n\t<meta property=\"og:image:type\" content=\"image\/png\" \/>\n<meta name=\"author\" content=\"La Sentinelle\" \/>\n<meta name=\"twitter:card\" content=\"summary_large_image\" \/>\n<meta name=\"twitter:label1\" content=\"\u00c9crit par\" \/>\n\t<meta name=\"twitter:data1\" content=\"La Sentinelle\" \/>\n\t<meta name=\"twitter:label2\" content=\"Dur\u00e9e de lecture estim\u00e9e\" \/>\n\t<meta name=\"twitter:data2\" content=\"1 minute\" \/>\n<script type=\"application\/ld+json\" class=\"yoast-schema-graph\">{\"@context\":\"https:\\\/\\\/schema.org\",\"@graph\":[{\"@type\":\"Article\",\"@id\":\"https:\\\/\\\/lasentinelle.dz\\\/index.php\\\/2021\\\/09\\\/14\\\/sahara-occidental-le-pcf-reitere-sa-solidarite-avec-la-juste-lutte-du-peuple-sahraoui\\\/#article\",\"isPartOf\":{\"@id\":\"https:\\\/\\\/lasentinelle.dz\\\/index.php\\\/2021\\\/09\\\/14\\\/sahara-occidental-le-pcf-reitere-sa-solidarite-avec-la-juste-lutte-du-peuple-sahraoui\\\/\"},\"author\":{\"name\":\"La Sentinelle\",\"@id\":\"https:\\\/\\\/lasentinelle.dz\\\/#\\\/schema\\\/person\\\/d865044e22e70a75174ce8bcad3acfb3\"},\"headline\":\"Sahara occidental : Le PCF r\u00e9it\u00e8re sa solidarit\u00e9 avec la juste lutte du peuple sahraoui\",\"datePublished\":\"2021-09-13T23:01:00+00:00\",\"mainEntityOfPage\":{\"@id\":\"https:\\\/\\\/lasentinelle.dz\\\/index.php\\\/2021\\\/09\\\/14\\\/sahara-occidental-le-pcf-reitere-sa-solidarite-avec-la-juste-lutte-du-peuple-sahraoui\\\/\"},\"wordCount\":265,\"commentCount\":0,\"publisher\":{\"@id\":\"https:\\\/\\\/lasentinelle.dz\\\/#organization\"},\"image\":{\"@id\":\"https:\\\/\\\/lasentinelle.dz\\\/index.php\\\/2021\\\/09\\\/14\\\/sahara-occidental-le-pcf-reitere-sa-solidarite-avec-la-juste-lutte-du-peuple-sahraoui\\\/#primaryimage\"},\"thumbnailUrl\":\"https:\\\/\\\/lasentinelle.dz\\\/wp-content\\\/uploads\\\/2021\\\/09\\\/image_2021-09-13_163323.png\",\"articleSection\":[\"Monde\"],\"inLanguage\":\"fr-FR\",\"potentialAction\":[{\"@type\":\"CommentAction\",\"name\":\"Comment\",\"target\":[\"https:\\\/\\\/lasentinelle.dz\\\/index.php\\\/2021\\\/09\\\/14\\\/sahara-occidental-le-pcf-reitere-sa-solidarite-avec-la-juste-lutte-du-peuple-sahraoui\\\/#respond\"]}]},{\"@type\":\"WebPage\",\"@id\":\"https:\\\/\\\/lasentinelle.dz\\\/index.php\\\/2021\\\/09\\\/14\\\/sahara-occidental-le-pcf-reitere-sa-solidarite-avec-la-juste-lutte-du-peuple-sahraoui\\\/\",\"url\":\"https:\\\/\\\/lasentinelle.dz\\\/index.php\\\/2021\\\/09\\\/14\\\/sahara-occidental-le-pcf-reitere-sa-solidarite-avec-la-juste-lutte-du-peuple-sahraoui\\\/\",\"name\":\"Sahara occidental : Le PCF r\u00e9it\u00e8re sa solidarit\u00e9 avec la juste lutte du peuple sahraoui - La Sentinelle\",\"isPartOf\":{\"@id\":\"https:\\\/\\\/lasentinelle.dz\\\/#website\"},\"primaryImageOfPage\":{\"@id\":\"https:\\\/\\\/lasentinelle.dz\\\/index.php\\\/2021\\\/09\\\/14\\\/sahara-occidental-le-pcf-reitere-sa-solidarite-avec-la-juste-lutte-du-peuple-sahraoui\\\/#primaryimage\"},\"image\":{\"@id\":\"https:\\\/\\\/lasentinelle.dz\\\/index.php\\\/2021\\\/09\\\/14\\\/sahara-occidental-le-pcf-reitere-sa-solidarite-avec-la-juste-lutte-du-peuple-sahraoui\\\/#primaryimage\"},\"thumbnailUrl\":\"https:\\\/\\\/lasentinelle.dz\\\/wp-content\\\/uploads\\\/2021\\\/09\\\/image_2021-09-13_163323.png\",\"datePublished\":\"2021-09-13T23:01:00+00:00\",\"breadcrumb\":{\"@id\":\"https:\\\/\\\/lasentinelle.dz\\\/index.php\\\/2021\\\/09\\\/14\\\/sahara-occidental-le-pcf-reitere-sa-solidarite-avec-la-juste-lutte-du-peuple-sahraoui\\\/#breadcrumb\"},\"inLanguage\":\"fr-FR\",\"potentialAction\":[{\"@type\":\"ReadAction\",\"target\":[\"https:\\\/\\\/lasentinelle.dz\\\/index.php\\\/2021\\\/09\\\/14\\\/sahara-occidental-le-pcf-reitere-sa-solidarite-avec-la-juste-lutte-du-peuple-sahraoui\\\/\"]}]},{\"@type\":\"ImageObject\",\"inLanguage\":\"fr-FR\",\"@id\":\"https:\\\/\\\/lasentinelle.dz\\\/index.php\\\/2021\\\/09\\\/14\\\/sahara-occidental-le-pcf-reitere-sa-solidarite-avec-la-juste-lutte-du-peuple-sahraoui\\\/#primaryimage\",\"url\":\"https:\\\/\\\/lasentinelle.dz\\\/wp-content\\\/uploads\\\/2021\\\/09\\\/image_2021-09-13_163323.png\",\"contentUrl\":\"https:\\\/\\\/lasentinelle.dz\\\/wp-content\\\/uploads\\\/2021\\\/09\\\/image_2021-09-13_163323.png\",\"width\":745,\"height\":470},{\"@type\":\"BreadcrumbList\",\"@id\":\"https:\\\/\\\/lasentinelle.dz\\\/index.php\\\/2021\\\/09\\\/14\\\/sahara-occidental-le-pcf-reitere-sa-solidarite-avec-la-juste-lutte-du-peuple-sahraoui\\\/#breadcrumb\",\"itemListElement\":[{\"@type\":\"ListItem\",\"position\":1,\"name\":\"Accueil\",\"item\":\"https:\\\/\\\/lasentinelle.dz\\\/\"},{\"@type\":\"ListItem\",\"position\":2,\"name\":\"Sahara occidental : Le PCF r\u00e9it\u00e8re sa solidarit\u00e9 avec la juste lutte du peuple sahraoui\"}]},{\"@type\":\"WebSite\",\"@id\":\"https:\\\/\\\/lasentinelle.dz\\\/#website\",\"url\":\"https:\\\/\\\/lasentinelle.dz\\\/\",\"name\":\"La Sentinelle\",\"description\":\"Quotidien national d&#039;information\",\"publisher\":{\"@id\":\"https:\\\/\\\/lasentinelle.dz\\\/#organization\"},\"potentialAction\":[{\"@type\":\"SearchAction\",\"target\":{\"@type\":\"EntryPoint\",\"urlTemplate\":\"https:\\\/\\\/lasentinelle.dz\\\/?s={search_term_string}\"},\"query-input\":{\"@type\":\"PropertyValueSpecification\",\"valueRequired\":true,\"valueName\":\"search_term_string\"}}],\"inLanguage\":\"fr-FR\"},{\"@type\":\"Organization\",\"@id\":\"https:\\\/\\\/lasentinelle.dz\\\/#organization\",\"name\":\"Quotidien La Sentinelle\",\"url\":\"https:\\\/\\\/lasentinelle.dz\\\/\",\"logo\":{\"@type\":\"ImageObject\",\"inLanguage\":\"fr-FR\",\"@id\":\"https:\\\/\\\/lasentinelle.dz\\\/#\\\/schema\\\/logo\\\/image\\\/\",\"url\":\"https:\\\/\\\/lasentinelle.dz\\\/wp-content\\\/uploads\\\/2021\\\/09\\\/logo-sentinelleSLOGAN-1.png\",\"contentUrl\":\"https:\\\/\\\/lasentinelle.dz\\\/wp-content\\\/uploads\\\/2021\\\/09\\\/logo-sentinelleSLOGAN-1.png\",\"width\":615,\"height\":142,\"caption\":\"Quotidien La Sentinelle\"},\"image\":{\"@id\":\"https:\\\/\\\/lasentinelle.dz\\\/#\\\/schema\\\/logo\\\/image\\\/\"},\"sameAs\":[\"https:\\\/\\\/www.facebook.com\\\/La-Sentinelle-104059864394773\"]},{\"@type\":\"Person\",\"@id\":\"https:\\\/\\\/lasentinelle.dz\\\/#\\\/schema\\\/person\\\/d865044e22e70a75174ce8bcad3acfb3\",\"name\":\"La Sentinelle\",\"image\":{\"@type\":\"ImageObject\",\"inLanguage\":\"fr-FR\",\"@id\":\"https:\\\/\\\/secure.gravatar.com\\\/avatar\\\/57de8e5d4b15d43fb361a71fbb36338450fe67865b528a43dd10ef7c51a20392?s=96&d=mm&r=g\",\"url\":\"https:\\\/\\\/secure.gravatar.com\\\/avatar\\\/57de8e5d4b15d43fb361a71fbb36338450fe67865b528a43dd10ef7c51a20392?s=96&d=mm&r=g\",\"contentUrl\":\"https:\\\/\\\/secure.gravatar.com\\\/avatar\\\/57de8e5d4b15d43fb361a71fbb36338450fe67865b528a43dd10ef7c51a20392?s=96&d=mm&r=g\",\"caption\":\"La Sentinelle\"},\"sameAs\":[\"http:\\\/\\\/www.lasentinelle.dz\"],\"url\":\"https:\\\/\\\/lasentinelle.dz\\\/author\\\/redaction\\\/\"}]}<\/script>\n<!-- \/ Yoast SEO plugin. -->","yoast_head_json":{"title":"Sahara occidental : Le PCF r\u00e9it\u00e8re sa solidarit\u00e9 avec la juste lutte du peuple sahraoui - La Sentinelle","robots":{"index":"index","follow":"follow","max-snippet":"max-snippet:-1","max-image-preview":"max-image-preview:large","max-video-preview":"max-video-preview:-1"},"canonical":"https:\/\/lasentinelle.dz\/index.php\/2021\/09\/14\/sahara-occidental-le-pcf-reitere-sa-solidarite-avec-la-juste-lutte-du-peuple-sahraoui\/","og_locale":"fr_FR","og_type":"article","og_title":"Sahara occidental : Le PCF r\u00e9it\u00e8re sa solidarit\u00e9 avec la juste lutte du peuple sahraoui - La Sentinelle","og_description":"Le secr\u00e9taire national du Parti Communiste Fran\u00e7ais (PCF), Fabien Roussel, a r\u00e9it\u00e9r\u00e9 la solidarit\u00e9 de son parti avec \u00ab\u00a0la juste","og_url":"https:\/\/lasentinelle.dz\/index.php\/2021\/09\/14\/sahara-occidental-le-pcf-reitere-sa-solidarite-avec-la-juste-lutte-du-peuple-sahraoui\/","og_site_name":"La Sentinelle","article_publisher":"https:\/\/www.facebook.com\/La-Sentinelle-104059864394773","article_published_time":"2021-09-13T23:01:00+00:00","og_image":[{"width":745,"height":470,"url":"https:\/\/lasentinelle.dz\/wp-content\/uploads\/2021\/09\/image_2021-09-13_163323.png","type":"image\/png"}],"author":"La Sentinelle","twitter_card":"summary_large_image","twitter_misc":{"\u00c9crit par":"La Sentinelle","Dur\u00e9e de lecture estim\u00e9e":"1 minute"},"schema":{"@context":"https:\/\/schema.org","@graph":[{"@type":"Article","@id":"https:\/\/lasentinelle.dz\/index.php\/2021\/09\/14\/sahara-occidental-le-pcf-reitere-sa-solidarite-avec-la-juste-lutte-du-peuple-sahraoui\/#article","isPartOf":{"@id":"https:\/\/lasentinelle.dz\/index.php\/2021\/09\/14\/sahara-occidental-le-pcf-reitere-sa-solidarite-avec-la-juste-lutte-du-peuple-sahraoui\/"},"author":{"name":"La Sentinelle","@id":"https:\/\/lasentinelle.dz\/#\/schema\/person\/d865044e22e70a75174ce8bcad3acfb3"},"headline":"Sahara occidental : Le PCF r\u00e9it\u00e8re sa solidarit\u00e9 avec la juste lutte du peuple sahraoui","datePublished":"2021-09-13T23:01:00+00:00","mainEntityOfPage":{"@id":"https:\/\/lasentinelle.dz\/index.php\/2021\/09\/14\/sahara-occidental-le-pcf-reitere-sa-solidarite-avec-la-juste-lutte-du-peuple-sahraoui\/"},"wordCount":265,"commentCount":0,"publisher":{"@id":"https:\/\/lasentinelle.dz\/#organization"},"image":{"@id":"https:\/\/lasentinelle.dz\/index.php\/2021\/09\/14\/sahara-occidental-le-pcf-reitere-sa-solidarite-avec-la-juste-lutte-du-peuple-sahraoui\/#primaryimage"},"thumbnailUrl":"https:\/\/lasentinelle.dz\/wp-content\/uploads\/2021\/09\/image_2021-09-13_163323.png","articleSection":["Monde"],"inLanguage":"fr-FR","potentialAction":[{"@type":"CommentAction","name":"Comment","target":["https:\/\/lasentinelle.dz\/index.php\/2021\/09\/14\/sahara-occidental-le-pcf-reitere-sa-solidarite-avec-la-juste-lutte-du-peuple-sahraoui\/#respond"]}]},{"@type":"WebPage","@id":"https:\/\/lasentinelle.dz\/index.php\/2021\/09\/14\/sahara-occidental-le-pcf-reitere-sa-solidarite-avec-la-juste-lutte-du-peuple-sahraoui\/","url":"https:\/\/lasentinelle.dz\/index.php\/2021\/09\/14\/sahara-occidental-le-pcf-reitere-sa-solidarite-avec-la-juste-lutte-du-peuple-sahraoui\/","name":"Sahara occidental : Le PCF r\u00e9it\u00e8re sa solidarit\u00e9 avec la juste lutte du peuple sahraoui - La Sentinelle","isPartOf":{"@id":"https:\/\/lasentinelle.dz\/#website"},"primaryImageOfPage":{"@id":"https:\/\/lasentinelle.dz\/index.php\/2021\/09\/14\/sahara-occidental-le-pcf-reitere-sa-solidarite-avec-la-juste-lutte-du-peuple-sahraoui\/#primaryimage"},"image":{"@id":"https:\/\/lasentinelle.dz\/index.php\/2021\/09\/14\/sahara-occidental-le-pcf-reitere-sa-solidarite-avec-la-juste-lutte-du-peuple-sahraoui\/#primaryimage"},"thumbnailUrl":"https:\/\/lasentinelle.dz\/wp-content\/uploads\/2021\/09\/image_2021-09-13_163323.png","datePublished":"2021-09-13T23:01:00+00:00","breadcrumb":{"@id":"https:\/\/lasentinelle.dz\/index.php\/2021\/09\/14\/sahara-occidental-le-pcf-reitere-sa-solidarite-avec-la-juste-lutte-du-peuple-sahraoui\/#breadcrumb"},"inLanguage":"fr-FR","potentialAction":[{"@type":"ReadAction","target":["https:\/\/lasentinelle.dz\/index.php\/2021\/09\/14\/sahara-occidental-le-pcf-reitere-sa-solidarite-avec-la-juste-lutte-du-peuple-sahraoui\/"]}]},{"@type":"ImageObject","inLanguage":"fr-FR","@id":"https:\/\/lasentinelle.dz\/index.php\/2021\/09\/14\/sahara-occidental-le-pcf-reitere-sa-solidarite-avec-la-juste-lutte-du-peuple-sahraoui\/#primaryimage","url":"https:\/\/lasentinelle.dz\/wp-content\/uploads\/2021\/09\/image_2021-09-13_163323.png","contentUrl":"https:\/\/lasentinelle.dz\/wp-content\/uploads\/2021\/09\/image_2021-09-13_163323.png","width":745,"height":470},{"@type":"BreadcrumbList","@id":"https:\/\/lasentinelle.dz\/index.php\/2021\/09\/14\/sahara-occidental-le-pcf-reitere-sa-solidarite-avec-la-juste-lutte-du-peuple-sahraoui\/#breadcrumb","itemListElement":[{"@type":"ListItem","position":1,"name":"Accueil","item":"https:\/\/lasentinelle.dz\/"},{"@type":"ListItem","position":2,"name":"Sahara occidental : Le PCF r\u00e9it\u00e8re sa solidarit\u00e9 avec la juste lutte du peuple sahraoui"}]},{"@type":"WebSite","@id":"https:\/\/lasentinelle.dz\/#website","url":"https:\/\/lasentinelle.dz\/","name":"La Sentinelle","description":"Quotidien national d&#039;information","publisher":{"@id":"https:\/\/lasentinelle.dz\/#organization"},"potentialAction":[{"@type":"SearchAction","target":{"@type":"EntryPoint","urlTemplate":"https:\/\/lasentinelle.dz\/?s={search_term_string}"},"query-input":{"@type":"PropertyValueSpecification","valueRequired":true,"valueName":"search_term_string"}}],"inLanguage":"fr-FR"},{"@type":"Organization","@id":"https:\/\/lasentinelle.dz\/#organization","name":"Quotidien La Sentinelle","url":"https:\/\/lasentinelle.dz\/","logo":{"@type":"ImageObject","inLanguage":"fr-FR","@id":"https:\/\/lasentinelle.dz\/#\/schema\/logo\/image\/","url":"https:\/\/lasentinelle.dz\/wp-content\/uploads\/2021\/09\/logo-sentinelleSLOGAN-1.png","contentUrl":"https:\/\/lasentinelle.dz\/wp-content\/uploads\/2021\/09\/logo-sentinelleSLOGAN-1.png","width":615,"height":142,"caption":"Quotidien La Sentinelle"},"image":{"@id":"https:\/\/lasentinelle.dz\/#\/schema\/logo\/image\/"},"sameAs":["https:\/\/www.facebook.com\/La-Sentinelle-104059864394773"]},{"@type":"Person","@id":"https:\/\/lasentinelle.dz\/#\/schema\/person\/d865044e22e70a75174ce8bcad3acfb3","name":"La Sentinelle","image":{"@type":"ImageObject","inLanguage":"fr-FR","@id":"https:\/\/secure.gravatar.com\/avatar\/57de8e5d4b15d43fb361a71fbb36338450fe67865b528a43dd10ef7c51a20392?s=96&d=mm&r=g","url":"https:\/\/secure.gravatar.com\/avatar\/57de8e5d4b15d43fb361a71fbb36338450fe67865b528a43dd10ef7c51a20392?s=96&d=mm&r=g","contentUrl":"https:\/\/secure.gravatar.com\/avatar\/57de8e5d4b15d43fb361a71fbb36338450fe67865b528a43dd10ef7c51a20392?s=96&d=mm&r=g","caption":"La Sentinelle"},"sameAs":["http:\/\/www.lasentinelle.dz"],"url":"https:\/\/lasentinelle.dz\/author\/redaction\/"}]}},"_links":{"self":[{"href":"https:\/\/lasentinelle.dz\/index.php\/wp-json\/wp\/v2\/posts\/7684","targetHints":{"allow":["GET"]}}],"collection":[{"href":"https:\/\/lasentinelle.dz\/index.php\/wp-json\/wp\/v2\/posts"}],"about":[{"href":"https:\/\/lasentinelle.dz\/index.php\/wp-json\/wp\/v2\/types\/post"}],"author":[{"embeddable":true,"href":"https:\/\/lasentinelle.dz\/index.php\/wp-json\/wp\/v2\/users\/3"}],"replies":[{"embeddable":true,"href":"https:\/\/lasentinelle.dz\/index.php\/wp-json\/wp\/v2\/comments?post=7684"}],"version-history":[{"count":1,"href":"https:\/\/lasentinelle.dz\/index.php\/wp-json\/wp\/v2\/posts\/7684\/revisions"}],"predecessor-version":[{"id":7689,"href":"https:\/\/lasentinelle.dz\/index.php\/wp-json\/wp\/v2\/posts\/7684\/revisions\/7689"}],"wp:featuredmedia":[{"embeddable":true,"href":"https:\/\/lasentinelle.dz\/index.php\/wp-json\/wp\/v2\/media\/7688"}],"wp:attachment":[{"href":"https:\/\/lasentinelle.dz\/index.php\/wp-json\/wp\/v2\/media?parent=7684"}],"wp:term":[{"taxonomy":"category","embeddable":true,"href":"https:\/\/lasentinelle.dz\/index.php\/wp-json\/wp\/v2\/categories?post=7684"},{"taxonomy":"post_tag","embeddable":true,"href":"https:\/\/lasentinelle.dz\/index.php\/wp-json\/wp\/v2\/tags?post=7684"}],"curies":[{"name":"wp","href":"https:\/\/api.w.org\/{rel}","templated":true}]}}