{"id":7692,"date":"2021-09-14T00:01:00","date_gmt":"2021-09-13T23:01:00","guid":{"rendered":"https:\/\/lasentinelle.dz\/?p=7692"},"modified":"2021-09-13T17:27:07","modified_gmt":"2021-09-13T16:27:07","slug":"les-services-de-sante-militaire-participent-a-la-campagne-nationale-de-vaccination","status":"publish","type":"post","link":"https:\/\/lasentinelle.dz\/index.php\/2021\/09\/14\/les-services-de-sante-militaire-participent-a-la-campagne-nationale-de-vaccination\/","title":{"rendered":"Les services de sant\u00e9 militaire participent \u00e0 la campagne nationale de vaccination"},"content":{"rendered":"\n<p>La Direction centrale des services de sant\u00e9 militaire (DCSSM) du minist\u00e8re de la D\u00e9fense nationale (MDN) a particip\u00e9, samedi dernier, \u00e0 la campagne nationale de vaccination contre le coronavirus (Covid-19), \u00e0 travers la mobilisation de \u00ab\u00a0staffs m\u00e9dicaux qualifi\u00e9s\u00a0\u00bb compos\u00e9s de m\u00e9decins et d\u2019infirmiers relevant des services de sant\u00e9 militaire, \u00ab\u00a0dot\u00e9s de tous les moyens mat\u00e9riels n\u00e9cessaires \u00e0 la r\u00e9ussite de l\u2019op\u00e9ration\u00a0\u00bb, indique, hier, un communiqu\u00e9 du MDN.\u00a0\u00bbDans le cadre des efforts continus visant \u00e0 renforcer le syst\u00e8me de sant\u00e9 nationale, pour lutter contre la propagation du Coronavirus, et en ex\u00e9cution des instructions du Haut Commandement de l\u2019Arm\u00e9e nationale populaire, la DCSSM du MDN a particip\u00e9 \u00e0 la campagne nationale de vaccination, et ce en d\u00e9ployant samedi 11 septembre 2021, des points de vaccination dans les diff\u00e9rentes R\u00e9gions militaires, avec la mobilisation de staffs m\u00e9dicaux qualifi\u00e9s compos\u00e9s de m\u00e9decins et d\u2019infirmiers relevant des services de sant\u00e9 militaire, dot\u00e9s de tous les moyens mat\u00e9riels n\u00e9cessaires \u00e0 la r\u00e9ussite de l\u2019op\u00e9ration\u00a0\u00bb, pr\u00e9cise la m\u00eame source.\u00a0\u00bbD\u2019autre part, des caravanes m\u00e9dicales ont \u00e9t\u00e9 dirig\u00e9es aux diff\u00e9rents secteurs militaires \u00e0 travers l\u2019ensemble des R\u00e9gions militaires, notamment vers les zones recul\u00e9es afin de prendre en charge les citoyens, particuli\u00e8rement les nomades\u00a0\u00bb, ajoute le communiqu\u00e9, soulignant que cette campagne \u00ab\u00a0a permis, en sus de la vaccination des citoyens, de prodiguer des examens m\u00e9dicaux sp\u00e9cialis\u00e9s ainsi que de sensibiliser les citoyens sur les mesures de pr\u00e9vention des diff\u00e9rentes maladies pand\u00e9miques et infectieuses\u00a0\u00bb.Le MDN signale que \u00ab\u00a0les citoyens ayant b\u00e9n\u00e9fici\u00e9 de cette campagne m\u00e9dicale \u00e0 travers les r\u00e9gions du pays ont exprim\u00e9 leur satisfaction de cette initiative et leurs vifs remerciements pour les nobles efforts fournis par l&rsquo;ANP, en apportant aide et assistance aux diff\u00e9rentes franges de la population, et en se tenant \u00e0 leur cot\u00e9 en toutes circonstances\u00a0\u00bb.<\/p>\n\n\n\n<p>APS<\/p>\n","protected":false},"excerpt":{"rendered":"<p>La Direction centrale des services de sant\u00e9 militaire (DCSSM) du minist\u00e8re de la D\u00e9fense nationale (MDN) a particip\u00e9, samedi dernier,<\/p>\n","protected":false},"author":3,"featured_media":7700,"comment_status":"open","ping_status":"closed","sticky":false,"template":"","format":"standard","meta":{"colormag_page_container_layout":"default_layout","colormag_page_sidebar_layout":"default_layout","om_disable_all_campaigns":false,"_monsterinsights_skip_tracking":false,"_monsterinsights_sitenote_active":false,"_monsterinsights_sitenote_note":"","_monsterinsights_sitenote_category":0,"footnotes":"","_wpscppro_dont_share_socialmedia":false,"_wpscppro_custom_social_share_image":0,"_facebook_share_type":"","_twitter_share_type":"","_linkedin_share_type":"","_pinterest_share_type":"","_linkedin_share_type_page":"","_instagram_share_type":"","_medium_share_type":"","_threads_share_type":"","_google_business_share_type":"","_selected_social_profile":[],"_wpsp_enable_custom_social_template":false,"_wpsp_social_scheduling":{"enabled":false,"datetime":null,"platforms":[],"status":"template_only","dateOption":"today","timeOption":"now","customDays":"","customHours":"","customDate":"","customTime":"","schedulingType":"absolute"},"_wpsp_active_default_template":true},"categories":[27],"tags":[],"class_list":["post-7692","post","type-post","status-publish","format-standard","has-post-thumbnail","hentry","category-actualite"],"aioseo_notices":[],"yoast_head":"<!-- This site is optimized with the Yoast SEO plugin v27.5 - https:\/\/yoast.com\/product\/yoast-seo-wordpress\/ -->\n<title>Les services de sant\u00e9 militaire participent \u00e0 la campagne nationale de vaccination - La Sentinelle<\/title>\n<meta name=\"robots\" content=\"index, follow, max-snippet:-1, max-image-preview:large, max-video-preview:-1\" \/>\n<link rel=\"canonical\" href=\"https:\/\/lasentinelle.dz\/index.php\/2021\/09\/14\/les-services-de-sante-militaire-participent-a-la-campagne-nationale-de-vaccination\/\" \/>\n<meta property=\"og:locale\" content=\"fr_FR\" \/>\n<meta property=\"og:type\" content=\"article\" \/>\n<meta property=\"og:title\" content=\"Les services de sant\u00e9 militaire participent \u00e0 la campagne nationale de vaccination - La Sentinelle\" \/>\n<meta property=\"og:description\" content=\"La Direction centrale des services de sant\u00e9 militaire (DCSSM) du minist\u00e8re de la D\u00e9fense nationale (MDN) a particip\u00e9, samedi dernier,\" \/>\n<meta property=\"og:url\" content=\"https:\/\/lasentinelle.dz\/index.php\/2021\/09\/14\/les-services-de-sante-militaire-participent-a-la-campagne-nationale-de-vaccination\/\" \/>\n<meta property=\"og:site_name\" content=\"La Sentinelle\" \/>\n<meta property=\"article:publisher\" content=\"https:\/\/www.facebook.com\/La-Sentinelle-104059864394773\" \/>\n<meta property=\"article:published_time\" content=\"2021-09-13T23:01:00+00:00\" \/>\n<meta property=\"og:image\" content=\"https:\/\/lasentinelle.dz\/wp-content\/uploads\/2021\/09\/image_2021-09-13_172658.png\" \/>\n\t<meta property=\"og:image:width\" content=\"580\" \/>\n\t<meta property=\"og:image:height\" content=\"350\" \/>\n\t<meta property=\"og:image:type\" content=\"image\/png\" \/>\n<meta name=\"author\" content=\"La Sentinelle\" \/>\n<meta name=\"twitter:card\" content=\"summary_large_image\" \/>\n<meta name=\"twitter:label1\" content=\"\u00c9crit par\" \/>\n\t<meta name=\"twitter:data1\" content=\"La Sentinelle\" \/>\n\t<meta name=\"twitter:label2\" content=\"Dur\u00e9e de lecture estim\u00e9e\" \/>\n\t<meta name=\"twitter:data2\" content=\"2 minutes\" \/>\n<script type=\"application\/ld+json\" class=\"yoast-schema-graph\">{\"@context\":\"https:\\\/\\\/schema.org\",\"@graph\":[{\"@type\":\"Article\",\"@id\":\"https:\\\/\\\/lasentinelle.dz\\\/index.php\\\/2021\\\/09\\\/14\\\/les-services-de-sante-militaire-participent-a-la-campagne-nationale-de-vaccination\\\/#article\",\"isPartOf\":{\"@id\":\"https:\\\/\\\/lasentinelle.dz\\\/index.php\\\/2021\\\/09\\\/14\\\/les-services-de-sante-militaire-participent-a-la-campagne-nationale-de-vaccination\\\/\"},\"author\":{\"name\":\"La Sentinelle\",\"@id\":\"https:\\\/\\\/lasentinelle.dz\\\/#\\\/schema\\\/person\\\/d865044e22e70a75174ce8bcad3acfb3\"},\"headline\":\"Les services de sant\u00e9 militaire participent \u00e0 la campagne nationale de vaccination\",\"datePublished\":\"2021-09-13T23:01:00+00:00\",\"mainEntityOfPage\":{\"@id\":\"https:\\\/\\\/lasentinelle.dz\\\/index.php\\\/2021\\\/09\\\/14\\\/les-services-de-sante-militaire-participent-a-la-campagne-nationale-de-vaccination\\\/\"},\"wordCount\":346,\"commentCount\":0,\"publisher\":{\"@id\":\"https:\\\/\\\/lasentinelle.dz\\\/#organization\"},\"image\":{\"@id\":\"https:\\\/\\\/lasentinelle.dz\\\/index.php\\\/2021\\\/09\\\/14\\\/les-services-de-sante-militaire-participent-a-la-campagne-nationale-de-vaccination\\\/#primaryimage\"},\"thumbnailUrl\":\"https:\\\/\\\/lasentinelle.dz\\\/wp-content\\\/uploads\\\/2021\\\/09\\\/image_2021-09-13_172658.png\",\"articleSection\":[\"Actualit\u00e9\"],\"inLanguage\":\"fr-FR\",\"potentialAction\":[{\"@type\":\"CommentAction\",\"name\":\"Comment\",\"target\":[\"https:\\\/\\\/lasentinelle.dz\\\/index.php\\\/2021\\\/09\\\/14\\\/les-services-de-sante-militaire-participent-a-la-campagne-nationale-de-vaccination\\\/#respond\"]}]},{\"@type\":\"WebPage\",\"@id\":\"https:\\\/\\\/lasentinelle.dz\\\/index.php\\\/2021\\\/09\\\/14\\\/les-services-de-sante-militaire-participent-a-la-campagne-nationale-de-vaccination\\\/\",\"url\":\"https:\\\/\\\/lasentinelle.dz\\\/index.php\\\/2021\\\/09\\\/14\\\/les-services-de-sante-militaire-participent-a-la-campagne-nationale-de-vaccination\\\/\",\"name\":\"Les services de sant\u00e9 militaire participent \u00e0 la campagne nationale de vaccination - La Sentinelle\",\"isPartOf\":{\"@id\":\"https:\\\/\\\/lasentinelle.dz\\\/#website\"},\"primaryImageOfPage\":{\"@id\":\"https:\\\/\\\/lasentinelle.dz\\\/index.php\\\/2021\\\/09\\\/14\\\/les-services-de-sante-militaire-participent-a-la-campagne-nationale-de-vaccination\\\/#primaryimage\"},\"image\":{\"@id\":\"https:\\\/\\\/lasentinelle.dz\\\/index.php\\\/2021\\\/09\\\/14\\\/les-services-de-sante-militaire-participent-a-la-campagne-nationale-de-vaccination\\\/#primaryimage\"},\"thumbnailUrl\":\"https:\\\/\\\/lasentinelle.dz\\\/wp-content\\\/uploads\\\/2021\\\/09\\\/image_2021-09-13_172658.png\",\"datePublished\":\"2021-09-13T23:01:00+00:00\",\"breadcrumb\":{\"@id\":\"https:\\\/\\\/lasentinelle.dz\\\/index.php\\\/2021\\\/09\\\/14\\\/les-services-de-sante-militaire-participent-a-la-campagne-nationale-de-vaccination\\\/#breadcrumb\"},\"inLanguage\":\"fr-FR\",\"potentialAction\":[{\"@type\":\"ReadAction\",\"target\":[\"https:\\\/\\\/lasentinelle.dz\\\/index.php\\\/2021\\\/09\\\/14\\\/les-services-de-sante-militaire-participent-a-la-campagne-nationale-de-vaccination\\\/\"]}]},{\"@type\":\"ImageObject\",\"inLanguage\":\"fr-FR\",\"@id\":\"https:\\\/\\\/lasentinelle.dz\\\/index.php\\\/2021\\\/09\\\/14\\\/les-services-de-sante-militaire-participent-a-la-campagne-nationale-de-vaccination\\\/#primaryimage\",\"url\":\"https:\\\/\\\/lasentinelle.dz\\\/wp-content\\\/uploads\\\/2021\\\/09\\\/image_2021-09-13_172658.png\",\"contentUrl\":\"https:\\\/\\\/lasentinelle.dz\\\/wp-content\\\/uploads\\\/2021\\\/09\\\/image_2021-09-13_172658.png\",\"width\":580,\"height\":350},{\"@type\":\"BreadcrumbList\",\"@id\":\"https:\\\/\\\/lasentinelle.dz\\\/index.php\\\/2021\\\/09\\\/14\\\/les-services-de-sante-militaire-participent-a-la-campagne-nationale-de-vaccination\\\/#breadcrumb\",\"itemListElement\":[{\"@type\":\"ListItem\",\"position\":1,\"name\":\"Accueil\",\"item\":\"https:\\\/\\\/lasentinelle.dz\\\/\"},{\"@type\":\"ListItem\",\"position\":2,\"name\":\"Les services de sant\u00e9 militaire participent \u00e0 la campagne nationale de vaccination\"}]},{\"@type\":\"WebSite\",\"@id\":\"https:\\\/\\\/lasentinelle.dz\\\/#website\",\"url\":\"https:\\\/\\\/lasentinelle.dz\\\/\",\"name\":\"La Sentinelle\",\"description\":\"Quotidien national d&#039;information\",\"publisher\":{\"@id\":\"https:\\\/\\\/lasentinelle.dz\\\/#organization\"},\"potentialAction\":[{\"@type\":\"SearchAction\",\"target\":{\"@type\":\"EntryPoint\",\"urlTemplate\":\"https:\\\/\\\/lasentinelle.dz\\\/?s={search_term_string}\"},\"query-input\":{\"@type\":\"PropertyValueSpecification\",\"valueRequired\":true,\"valueName\":\"search_term_string\"}}],\"inLanguage\":\"fr-FR\"},{\"@type\":\"Organization\",\"@id\":\"https:\\\/\\\/lasentinelle.dz\\\/#organization\",\"name\":\"Quotidien La Sentinelle\",\"url\":\"https:\\\/\\\/lasentinelle.dz\\\/\",\"logo\":{\"@type\":\"ImageObject\",\"inLanguage\":\"fr-FR\",\"@id\":\"https:\\\/\\\/lasentinelle.dz\\\/#\\\/schema\\\/logo\\\/image\\\/\",\"url\":\"https:\\\/\\\/lasentinelle.dz\\\/wp-content\\\/uploads\\\/2021\\\/09\\\/logo-sentinelleSLOGAN-1.png\",\"contentUrl\":\"https:\\\/\\\/lasentinelle.dz\\\/wp-content\\\/uploads\\\/2021\\\/09\\\/logo-sentinelleSLOGAN-1.png\",\"width\":615,\"height\":142,\"caption\":\"Quotidien La Sentinelle\"},\"image\":{\"@id\":\"https:\\\/\\\/lasentinelle.dz\\\/#\\\/schema\\\/logo\\\/image\\\/\"},\"sameAs\":[\"https:\\\/\\\/www.facebook.com\\\/La-Sentinelle-104059864394773\"]},{\"@type\":\"Person\",\"@id\":\"https:\\\/\\\/lasentinelle.dz\\\/#\\\/schema\\\/person\\\/d865044e22e70a75174ce8bcad3acfb3\",\"name\":\"La Sentinelle\",\"image\":{\"@type\":\"ImageObject\",\"inLanguage\":\"fr-FR\",\"@id\":\"https:\\\/\\\/secure.gravatar.com\\\/avatar\\\/57de8e5d4b15d43fb361a71fbb36338450fe67865b528a43dd10ef7c51a20392?s=96&d=mm&r=g\",\"url\":\"https:\\\/\\\/secure.gravatar.com\\\/avatar\\\/57de8e5d4b15d43fb361a71fbb36338450fe67865b528a43dd10ef7c51a20392?s=96&d=mm&r=g\",\"contentUrl\":\"https:\\\/\\\/secure.gravatar.com\\\/avatar\\\/57de8e5d4b15d43fb361a71fbb36338450fe67865b528a43dd10ef7c51a20392?s=96&d=mm&r=g\",\"caption\":\"La Sentinelle\"},\"sameAs\":[\"http:\\\/\\\/www.lasentinelle.dz\"],\"url\":\"https:\\\/\\\/lasentinelle.dz\\\/author\\\/redaction\\\/\"}]}<\/script>\n<!-- \/ Yoast SEO plugin. -->","yoast_head_json":{"title":"Les services de sant\u00e9 militaire participent \u00e0 la campagne nationale de vaccination - La Sentinelle","robots":{"index":"index","follow":"follow","max-snippet":"max-snippet:-1","max-image-preview":"max-image-preview:large","max-video-preview":"max-video-preview:-1"},"canonical":"https:\/\/lasentinelle.dz\/index.php\/2021\/09\/14\/les-services-de-sante-militaire-participent-a-la-campagne-nationale-de-vaccination\/","og_locale":"fr_FR","og_type":"article","og_title":"Les services de sant\u00e9 militaire participent \u00e0 la campagne nationale de vaccination - La Sentinelle","og_description":"La Direction centrale des services de sant\u00e9 militaire (DCSSM) du minist\u00e8re de la D\u00e9fense nationale (MDN) a particip\u00e9, samedi dernier,","og_url":"https:\/\/lasentinelle.dz\/index.php\/2021\/09\/14\/les-services-de-sante-militaire-participent-a-la-campagne-nationale-de-vaccination\/","og_site_name":"La Sentinelle","article_publisher":"https:\/\/www.facebook.com\/La-Sentinelle-104059864394773","article_published_time":"2021-09-13T23:01:00+00:00","og_image":[{"width":580,"height":350,"url":"https:\/\/lasentinelle.dz\/wp-content\/uploads\/2021\/09\/image_2021-09-13_172658.png","type":"image\/png"}],"author":"La Sentinelle","twitter_card":"summary_large_image","twitter_misc":{"\u00c9crit par":"La Sentinelle","Dur\u00e9e de lecture estim\u00e9e":"2 minutes"},"schema":{"@context":"https:\/\/schema.org","@graph":[{"@type":"Article","@id":"https:\/\/lasentinelle.dz\/index.php\/2021\/09\/14\/les-services-de-sante-militaire-participent-a-la-campagne-nationale-de-vaccination\/#article","isPartOf":{"@id":"https:\/\/lasentinelle.dz\/index.php\/2021\/09\/14\/les-services-de-sante-militaire-participent-a-la-campagne-nationale-de-vaccination\/"},"author":{"name":"La Sentinelle","@id":"https:\/\/lasentinelle.dz\/#\/schema\/person\/d865044e22e70a75174ce8bcad3acfb3"},"headline":"Les services de sant\u00e9 militaire participent \u00e0 la campagne nationale de vaccination","datePublished":"2021-09-13T23:01:00+00:00","mainEntityOfPage":{"@id":"https:\/\/lasentinelle.dz\/index.php\/2021\/09\/14\/les-services-de-sante-militaire-participent-a-la-campagne-nationale-de-vaccination\/"},"wordCount":346,"commentCount":0,"publisher":{"@id":"https:\/\/lasentinelle.dz\/#organization"},"image":{"@id":"https:\/\/lasentinelle.dz\/index.php\/2021\/09\/14\/les-services-de-sante-militaire-participent-a-la-campagne-nationale-de-vaccination\/#primaryimage"},"thumbnailUrl":"https:\/\/lasentinelle.dz\/wp-content\/uploads\/2021\/09\/image_2021-09-13_172658.png","articleSection":["Actualit\u00e9"],"inLanguage":"fr-FR","potentialAction":[{"@type":"CommentAction","name":"Comment","target":["https:\/\/lasentinelle.dz\/index.php\/2021\/09\/14\/les-services-de-sante-militaire-participent-a-la-campagne-nationale-de-vaccination\/#respond"]}]},{"@type":"WebPage","@id":"https:\/\/lasentinelle.dz\/index.php\/2021\/09\/14\/les-services-de-sante-militaire-participent-a-la-campagne-nationale-de-vaccination\/","url":"https:\/\/lasentinelle.dz\/index.php\/2021\/09\/14\/les-services-de-sante-militaire-participent-a-la-campagne-nationale-de-vaccination\/","name":"Les services de sant\u00e9 militaire participent \u00e0 la campagne nationale de vaccination - La Sentinelle","isPartOf":{"@id":"https:\/\/lasentinelle.dz\/#website"},"primaryImageOfPage":{"@id":"https:\/\/lasentinelle.dz\/index.php\/2021\/09\/14\/les-services-de-sante-militaire-participent-a-la-campagne-nationale-de-vaccination\/#primaryimage"},"image":{"@id":"https:\/\/lasentinelle.dz\/index.php\/2021\/09\/14\/les-services-de-sante-militaire-participent-a-la-campagne-nationale-de-vaccination\/#primaryimage"},"thumbnailUrl":"https:\/\/lasentinelle.dz\/wp-content\/uploads\/2021\/09\/image_2021-09-13_172658.png","datePublished":"2021-09-13T23:01:00+00:00","breadcrumb":{"@id":"https:\/\/lasentinelle.dz\/index.php\/2021\/09\/14\/les-services-de-sante-militaire-participent-a-la-campagne-nationale-de-vaccination\/#breadcrumb"},"inLanguage":"fr-FR","potentialAction":[{"@type":"ReadAction","target":["https:\/\/lasentinelle.dz\/index.php\/2021\/09\/14\/les-services-de-sante-militaire-participent-a-la-campagne-nationale-de-vaccination\/"]}]},{"@type":"ImageObject","inLanguage":"fr-FR","@id":"https:\/\/lasentinelle.dz\/index.php\/2021\/09\/14\/les-services-de-sante-militaire-participent-a-la-campagne-nationale-de-vaccination\/#primaryimage","url":"https:\/\/lasentinelle.dz\/wp-content\/uploads\/2021\/09\/image_2021-09-13_172658.png","contentUrl":"https:\/\/lasentinelle.dz\/wp-content\/uploads\/2021\/09\/image_2021-09-13_172658.png","width":580,"height":350},{"@type":"BreadcrumbList","@id":"https:\/\/lasentinelle.dz\/index.php\/2021\/09\/14\/les-services-de-sante-militaire-participent-a-la-campagne-nationale-de-vaccination\/#breadcrumb","itemListElement":[{"@type":"ListItem","position":1,"name":"Accueil","item":"https:\/\/lasentinelle.dz\/"},{"@type":"ListItem","position":2,"name":"Les services de sant\u00e9 militaire participent \u00e0 la campagne nationale de vaccination"}]},{"@type":"WebSite","@id":"https:\/\/lasentinelle.dz\/#website","url":"https:\/\/lasentinelle.dz\/","name":"La Sentinelle","description":"Quotidien national d&#039;information","publisher":{"@id":"https:\/\/lasentinelle.dz\/#organization"},"potentialAction":[{"@type":"SearchAction","target":{"@type":"EntryPoint","urlTemplate":"https:\/\/lasentinelle.dz\/?s={search_term_string}"},"query-input":{"@type":"PropertyValueSpecification","valueRequired":true,"valueName":"search_term_string"}}],"inLanguage":"fr-FR"},{"@type":"Organization","@id":"https:\/\/lasentinelle.dz\/#organization","name":"Quotidien La Sentinelle","url":"https:\/\/lasentinelle.dz\/","logo":{"@type":"ImageObject","inLanguage":"fr-FR","@id":"https:\/\/lasentinelle.dz\/#\/schema\/logo\/image\/","url":"https:\/\/lasentinelle.dz\/wp-content\/uploads\/2021\/09\/logo-sentinelleSLOGAN-1.png","contentUrl":"https:\/\/lasentinelle.dz\/wp-content\/uploads\/2021\/09\/logo-sentinelleSLOGAN-1.png","width":615,"height":142,"caption":"Quotidien La Sentinelle"},"image":{"@id":"https:\/\/lasentinelle.dz\/#\/schema\/logo\/image\/"},"sameAs":["https:\/\/www.facebook.com\/La-Sentinelle-104059864394773"]},{"@type":"Person","@id":"https:\/\/lasentinelle.dz\/#\/schema\/person\/d865044e22e70a75174ce8bcad3acfb3","name":"La Sentinelle","image":{"@type":"ImageObject","inLanguage":"fr-FR","@id":"https:\/\/secure.gravatar.com\/avatar\/57de8e5d4b15d43fb361a71fbb36338450fe67865b528a43dd10ef7c51a20392?s=96&d=mm&r=g","url":"https:\/\/secure.gravatar.com\/avatar\/57de8e5d4b15d43fb361a71fbb36338450fe67865b528a43dd10ef7c51a20392?s=96&d=mm&r=g","contentUrl":"https:\/\/secure.gravatar.com\/avatar\/57de8e5d4b15d43fb361a71fbb36338450fe67865b528a43dd10ef7c51a20392?s=96&d=mm&r=g","caption":"La Sentinelle"},"sameAs":["http:\/\/www.lasentinelle.dz"],"url":"https:\/\/lasentinelle.dz\/author\/redaction\/"}]}},"_links":{"self":[{"href":"https:\/\/lasentinelle.dz\/index.php\/wp-json\/wp\/v2\/posts\/7692","targetHints":{"allow":["GET"]}}],"collection":[{"href":"https:\/\/lasentinelle.dz\/index.php\/wp-json\/wp\/v2\/posts"}],"about":[{"href":"https:\/\/lasentinelle.dz\/index.php\/wp-json\/wp\/v2\/types\/post"}],"author":[{"embeddable":true,"href":"https:\/\/lasentinelle.dz\/index.php\/wp-json\/wp\/v2\/users\/3"}],"replies":[{"embeddable":true,"href":"https:\/\/lasentinelle.dz\/index.php\/wp-json\/wp\/v2\/comments?post=7692"}],"version-history":[{"count":1,"href":"https:\/\/lasentinelle.dz\/index.php\/wp-json\/wp\/v2\/posts\/7692\/revisions"}],"predecessor-version":[{"id":7701,"href":"https:\/\/lasentinelle.dz\/index.php\/wp-json\/wp\/v2\/posts\/7692\/revisions\/7701"}],"wp:featuredmedia":[{"embeddable":true,"href":"https:\/\/lasentinelle.dz\/index.php\/wp-json\/wp\/v2\/media\/7700"}],"wp:attachment":[{"href":"https:\/\/lasentinelle.dz\/index.php\/wp-json\/wp\/v2\/media?parent=7692"}],"wp:term":[{"taxonomy":"category","embeddable":true,"href":"https:\/\/lasentinelle.dz\/index.php\/wp-json\/wp\/v2\/categories?post=7692"},{"taxonomy":"post_tag","embeddable":true,"href":"https:\/\/lasentinelle.dz\/index.php\/wp-json\/wp\/v2\/tags?post=7692"}],"curies":[{"name":"wp","href":"https:\/\/api.w.org\/{rel}","templated":true}]}}