{"id":77030,"date":"2025-12-01T12:05:24","date_gmt":"2025-12-01T11:05:24","guid":{"rendered":"https:\/\/lasentinelle.dz\/?p=77030"},"modified":"2025-12-01T12:05:25","modified_gmt":"2025-12-01T11:05:25","slug":"annaba-un-deficit-en-poches-de-sang-qui-inquiete","status":"publish","type":"post","link":"https:\/\/lasentinelle.dz\/index.php\/2025\/12\/01\/annaba-un-deficit-en-poches-de-sang-qui-inquiete\/","title":{"rendered":"Annaba\u00a0: Un d\u00e9ficit en poches de sang qui inqui\u00e8te"},"content":{"rendered":"\n<p class=\"wp-block-paragraph\">La p\u00e9nurie de poches de sang s&rsquo;est r\u00e9percut\u00e9e sur les op\u00e9rations chirurgicales dans les h\u00f4pitaux d&rsquo;Annaba. Une situation qui a engendr\u00e9 un arr\u00eat des interventions chirurgicales, sauf pour les cas urgents.<\/p>\n\n\n\n<p class=\"wp-block-paragraph\">\u00c0 peine une quinzaine de jours apr\u00e8s la tenue du congr\u00e8s international sur la transfusion sanguine, organis\u00e9 \u00e0 l&rsquo;h\u00f4tel Sheraton d&rsquo;Annaba, la p\u00e9nurie de poches de sang s\u2019est fait sentir \u00e0 Annaba. La baisse de l&rsquo;approvisionnement en poches de collecte de sang met les \u00e9tablissements de sant\u00e9 d&rsquo;Annaba dans une situation d&rsquo;urgence qui inqui\u00e8te.<\/p>\n\n\n\n<p class=\"wp-block-paragraph\">Jusqu&rsquo;\u00e0 la mise sous presse, plusieurs services hospitaliers relevant du secteur public, dont le Centre hospitalo-universitaire Ibn Rochd et celui d&rsquo;El Hadjar, fonctionnent depuis plusieurs jours avec des stocks quasi nuls. Une situation qui a influ\u00e9 n\u00e9gativement sur le calendrier des interventions chirurgicales, d\u00e9j\u00e0 tr\u00e8s charg\u00e9. La cons\u00e9quence a donn\u00e9 lieu \u00e0 l&rsquo;arr\u00eat des op\u00e9rations chirurgicales programm\u00e9es, \u00e0 l&rsquo;exception des cas urgents o\u00f9 le pronostic vital des patients est en jeu. Cette p\u00e9nurie, ou plus exactement cette crise, s&rsquo;explique, selon des sources relevant du CHU Ibn Rochd d&rsquo;Annaba, par la r\u00e9ception d&rsquo;un lot de poches de collecte d\u00e9clar\u00e9 non conforme apr\u00e8s inspection technique. Le mat\u00e9riel a \u00e9t\u00e9 renvoy\u00e9 \u00e0 la pharmacie centrale, laissant les centres de transfusion sans moyens d&rsquo;assurer les pr\u00e9l\u00e8vements, ont expliqu\u00e9 nos sources. Selon ces derni\u00e8res, le probl\u00e8me d\u00e9passe par ailleurs les fronti\u00e8res de la wilaya. Il s&rsquo;agit, a-t-on ajout\u00e9, d&rsquo;une difficult\u00e9 d&rsquo;ampleur nationale qui affecte l&rsquo;ensemble de la cha\u00eene d&rsquo;approvisionnement.<\/p>\n\n\n\n<p class=\"wp-block-paragraph\">N\u00e9anmoins, les services en charge du secteur de la sant\u00e9 \u00e0 Annaba ont aussit\u00f4t r\u00e9agi \u00e0 cette urgence d&rsquo;importance capitale. En effet, la direction de la sant\u00e9 et de la population (DSP) de la wilaya d&rsquo;Annaba, en coordination avec la direction du CHU, a engag\u00e9 une mesure exceptionnelle avec l&rsquo;acquisition de plus de 300 poches de sang aupr\u00e8s d&rsquo;un fournisseur alternatif, dans l&rsquo;attente d&rsquo;une solution durable au niveau national. Pour la direction du CHU d&rsquo;Annaba, la vie des patients prime et leur devoir est d&rsquo;assurer des poches de sang, notamment pour les cas tr\u00e8s urgents n\u00e9cessitant une intervention chirurgicale imm\u00e9diate.<\/p>\n\n\n\n<p class=\"wp-block-paragraph\">Autres cas inqui\u00e9tants g\u00e9n\u00e9r\u00e9s par cette p\u00e9nurie de sang : les malades atteints de pathologies n\u00e9cessitant des transfusions r\u00e9guli\u00e8res, tels les cas d&rsquo;insuffisance r\u00e9nale, d&rsquo;an\u00e9mie chronique s\u00e9v\u00e8re, les cancers et la dr\u00e9panocytose. Pour ne citer que ces cas, dont les patients pour qui l&rsquo;acc\u00e8s au sang est une question de survie. Car, est-il soulign\u00e9, cette rupture d&rsquo;approvisionnement en poches de sang peut entra\u00eener des complications rapides et parfois irr\u00e9versibles chez les patients les plus vuln\u00e9rables.<\/p>\n\n\n\n<p class=\"wp-block-paragraph\">Par ailleurs, et pour parer \u00e0 cette crise pour laquelle la direction du CHU et la DSP \u00e0 Annaba n&rsquo;ont m\u00e9nag\u00e9 aucun effort pour assurer un tant soit peu de poches de sang aupr\u00e8s de quelques proches des patients eux-m\u00eames, les services m\u00e9dicaux ont d\u00e9sormais \u00e9tabli des priorit\u00e9s extr\u00eamement strictes. Certains patients peuvent, dans les cas les plus d\u00e9licats, recevoir le sang directement \u00e0 la seringue lorsque la situation l&rsquo;autorise. Une action m\u00e9dicale (m\u00e9thode) utilis\u00e9e uniquement en ultime recours pour gagner du temps avant la disponibilit\u00e9 de poches conformes. Cette strat\u00e9gie refl\u00e8te l&rsquo;ampleur de la crise et les efforts d\u00e9ploy\u00e9s par les responsables du secteur de la sant\u00e9 \u00e0 Annaba afin d&rsquo;\u00e9viter la d\u00e9gradation de l&rsquo;\u00e9tat de sant\u00e9 des malades.<\/p>\n\n\n\n<p class=\"wp-block-paragraph\"><strong>Sofia Chahine<\/strong><\/p>\n","protected":false},"excerpt":{"rendered":"<p>La p\u00e9nurie de poches de sang s&rsquo;est r\u00e9percut\u00e9e sur les op\u00e9rations chirurgicales dans les h\u00f4pitaux d&rsquo;Annaba. Une situation qui a<\/p>\n","protected":false},"author":6,"featured_media":77031,"comment_status":"open","ping_status":"closed","sticky":false,"template":"","format":"standard","meta":{"colormag_page_container_layout":"default_layout","colormag_page_sidebar_layout":"default_layout","om_disable_all_campaigns":false,"_monsterinsights_skip_tracking":false,"footnotes":"","_wpscppro_dont_share_socialmedia":false,"_wpscppro_custom_social_share_image":0,"_facebook_share_type":"default","_twitter_share_type":"default","_linkedin_share_type":"default","_pinterest_share_type":"default","_linkedin_share_type_page":"","_instagram_share_type":"default","_medium_share_type":"default","_threads_share_type":"default","_google_business_share_type":"default","_bluesky_share_type":"","_mastodon_share_type":"","_selected_social_profile":[],"_wpsp_enable_custom_social_template":false,"_wpsp_social_scheduling":{"enabled":false,"datetime":null,"platforms":[],"status":"template_only","dateOption":"today","timeOption":"now","customDays":"","customHours":"","customDate":"","customTime":"","schedulingType":"absolute"},"_wpsp_active_default_template":true},"categories":[31],"tags":[],"class_list":["post-77030","post","type-post","status-publish","format-standard","has-post-thumbnail","hentry","category-regions"],"aioseo_notices":[],"aioseo_head":"\n\t\t<!-- All in One SEO 5.0.0.1 - aioseo.com -->\n\t<meta name=\"description\" content=\"La p\u00e9nurie de poches de sang s&#039;est r\u00e9percut\u00e9e sur les op\u00e9rations chirurgicales dans les h\u00f4pitaux d&#039;Annaba. Une situation qui a engendr\u00e9 un arr\u00eat des interventions chirurgicales, sauf pour les cas urgents. \u00c0 peine une quinzaine de jours apr\u00e8s la tenue du congr\u00e8s international sur la transfusion sanguine, organis\u00e9 \u00e0 l&#039;h\u00f4tel Sheraton d&#039;Annaba, la p\u00e9nurie de\" \/>\n\t<meta name=\"robots\" content=\"max-image-preview:large\" \/>\n\t<meta name=\"author\" content=\"admin\"\/>\n\t<link rel=\"canonical\" href=\"https:\/\/lasentinelle.dz\/index.php\/2025\/12\/01\/annaba-un-deficit-en-poches-de-sang-qui-inquiete\/\" \/>\n\t<meta name=\"generator\" content=\"All in One SEO (AIOSEO) 5.0.0.1\" \/>\n\t\t<meta property=\"og:locale\" content=\"fr_FR\" \/>\n\t\t<meta property=\"og:site_name\" content=\"La Sentinelle - Quotidien national d&#039;information\" \/>\n\t\t<meta property=\"og:type\" content=\"article\" \/>\n\t\t<meta property=\"og:title\" content=\"Annaba : Un d\u00e9ficit en poches de sang qui inqui\u00e8te - La Sentinelle\" \/>\n\t\t<meta property=\"og:description\" content=\"La p\u00e9nurie de poches de sang s&#039;est r\u00e9percut\u00e9e sur les op\u00e9rations chirurgicales dans les h\u00f4pitaux d&#039;Annaba. Une situation qui a engendr\u00e9 un arr\u00eat des interventions chirurgicales, sauf pour les cas urgents. \u00c0 peine une quinzaine de jours apr\u00e8s la tenue du congr\u00e8s international sur la transfusion sanguine, organis\u00e9 \u00e0 l&#039;h\u00f4tel Sheraton d&#039;Annaba, la p\u00e9nurie de\" \/>\n\t\t<meta property=\"og:url\" content=\"https:\/\/lasentinelle.dz\/index.php\/2025\/12\/01\/annaba-un-deficit-en-poches-de-sang-qui-inquiete\/\" \/>\n\t\t<meta property=\"og:image\" content=\"https:\/\/lasentinelle.dz\/wp-content\/uploads\/2021\/09\/cropped-la-sentinelle-earth-golden-anima-5.gif\" \/>\n\t\t<meta property=\"og:image:secure_url\" content=\"https:\/\/lasentinelle.dz\/wp-content\/uploads\/2021\/09\/cropped-la-sentinelle-earth-golden-anima-5.gif\" \/>\n\t\t<meta property=\"og:image:width\" content=\"450\" \/>\n\t\t<meta property=\"og:image:height\" content=\"213\" \/>\n\t\t<meta property=\"article:published_time\" content=\"2025-12-01T11:05:24+00:00\" \/>\n\t\t<meta property=\"article:modified_time\" content=\"2025-12-01T11:05:25+00:00\" \/>\n\t\t<meta property=\"article:publisher\" content=\"https:\/\/www.facebook.com\/azzedine.lasentinelle.1\" \/>\n\t\t<meta name=\"twitter:card\" content=\"summary_large_image\" \/>\n\t\t<meta name=\"twitter:title\" content=\"Annaba : Un d\u00e9ficit en poches de sang qui inqui\u00e8te - La Sentinelle\" \/>\n\t\t<meta name=\"twitter:description\" content=\"La p\u00e9nurie de poches de sang s&#039;est r\u00e9percut\u00e9e sur les op\u00e9rations chirurgicales dans les h\u00f4pitaux d&#039;Annaba. Une situation qui a engendr\u00e9 un arr\u00eat des interventions chirurgicales, sauf pour les cas urgents. \u00c0 peine une quinzaine de jours apr\u00e8s la tenue du congr\u00e8s international sur la transfusion sanguine, organis\u00e9 \u00e0 l&#039;h\u00f4tel Sheraton d&#039;Annaba, la p\u00e9nurie de\" \/>\n\t\t<meta name=\"twitter:image\" content=\"https:\/\/lasentinelle.dz\/wp-content\/uploads\/2021\/09\/cropped-la-sentinelle-earth-golden-anima-5.gif\" \/>\n\t\t<script type=\"application\/ld+json\" class=\"aioseo-schema\">\n\t\t\t{\"@context\":\"https:\\\/\\\/schema.org\",\"@graph\":[{\"@type\":\"BlogPosting\",\"@id\":\"https:\\\/\\\/lasentinelle.dz\\\/index.php\\\/2025\\\/12\\\/01\\\/annaba-un-deficit-en-poches-de-sang-qui-inquiete\\\/#blogposting\",\"name\":\"Annaba : Un d\\u00e9ficit en poches de sang qui inqui\\u00e8te - La Sentinelle\",\"headline\":\"Annaba\\u00a0: Un d\\u00e9ficit en poches de sang qui inqui\\u00e8te\",\"author\":{\"@id\":\"https:\\\/\\\/lasentinelle.dz\\\/author\\\/admin\\\/#author\"},\"publisher\":{\"@id\":\"https:\\\/\\\/lasentinelle.dz\\\/#organization\"},\"image\":{\"@type\":\"ImageObject\",\"url\":\"https:\\\/\\\/lasentinelle.dz\\\/wp-content\\\/uploads\\\/2025\\\/12\\\/transfusion.jpg\",\"width\":615,\"height\":555,\"caption\":\"Intravenous drip in operation room, blood transfusion during surgery, hospital\"},\"datePublished\":\"2025-12-01T12:05:24+01:00\",\"dateModified\":\"2025-12-01T12:05:25+01:00\",\"inLanguage\":\"fr-FR\",\"mainEntityOfPage\":{\"@id\":\"https:\\\/\\\/lasentinelle.dz\\\/index.php\\\/2025\\\/12\\\/01\\\/annaba-un-deficit-en-poches-de-sang-qui-inquiete\\\/#webpage\"},\"isPartOf\":{\"@id\":\"https:\\\/\\\/lasentinelle.dz\\\/index.php\\\/2025\\\/12\\\/01\\\/annaba-un-deficit-en-poches-de-sang-qui-inquiete\\\/#webpage\"},\"articleSection\":\"R\\u00e9gions\"},{\"@type\":\"BreadcrumbList\",\"@id\":\"https:\\\/\\\/lasentinelle.dz\\\/index.php\\\/2025\\\/12\\\/01\\\/annaba-un-deficit-en-poches-de-sang-qui-inquiete\\\/#breadcrumblist\",\"itemListElement\":[{\"@type\":\"ListItem\",\"@id\":\"https:\\\/\\\/lasentinelle.dz#listItem\",\"position\":1,\"name\":\"Home\",\"item\":\"https:\\\/\\\/lasentinelle.dz\",\"nextItem\":{\"@type\":\"ListItem\",\"@id\":\"https:\\\/\\\/lasentinelle.dz\\\/index.php\\\/category\\\/regions\\\/#listItem\",\"name\":\"R\\u00e9gions\"}},{\"@type\":\"ListItem\",\"@id\":\"https:\\\/\\\/lasentinelle.dz\\\/index.php\\\/category\\\/regions\\\/#listItem\",\"position\":2,\"name\":\"R\\u00e9gions\",\"item\":\"https:\\\/\\\/lasentinelle.dz\\\/index.php\\\/category\\\/regions\\\/\",\"nextItem\":{\"@type\":\"ListItem\",\"@id\":\"https:\\\/\\\/lasentinelle.dz\\\/index.php\\\/2025\\\/12\\\/01\\\/annaba-un-deficit-en-poches-de-sang-qui-inquiete\\\/#listItem\",\"name\":\"Annaba\\u00a0: Un d\\u00e9ficit en poches de sang qui inqui\\u00e8te\"},\"previousItem\":{\"@type\":\"ListItem\",\"@id\":\"https:\\\/\\\/lasentinelle.dz#listItem\",\"name\":\"Home\"}},{\"@type\":\"ListItem\",\"@id\":\"https:\\\/\\\/lasentinelle.dz\\\/index.php\\\/2025\\\/12\\\/01\\\/annaba-un-deficit-en-poches-de-sang-qui-inquiete\\\/#listItem\",\"position\":3,\"name\":\"Annaba\\u00a0: Un d\\u00e9ficit en poches de sang qui inqui\\u00e8te\",\"previousItem\":{\"@type\":\"ListItem\",\"@id\":\"https:\\\/\\\/lasentinelle.dz\\\/index.php\\\/category\\\/regions\\\/#listItem\",\"name\":\"R\\u00e9gions\"}}]},{\"@type\":\"Organization\",\"@id\":\"https:\\\/\\\/lasentinelle.dz\\\/#organization\",\"name\":\"La Sentinelle La Sentinelle\",\"description\":\"Quotidien national d'information\",\"url\":\"https:\\\/\\\/lasentinelle.dz\\\/\",\"logo\":{\"@type\":\"ImageObject\",\"url\":\"https:\\\/\\\/lasentinelle.dz\\\/wp-content\\\/uploads\\\/2021\\\/09\\\/cropped-la-sentinelle-earth-golden-anima-5.gif\",\"@id\":\"https:\\\/\\\/lasentinelle.dz\\\/index.php\\\/2025\\\/12\\\/01\\\/annaba-un-deficit-en-poches-de-sang-qui-inquiete\\\/#organizationLogo\",\"width\":450,\"height\":213},\"image\":{\"@id\":\"https:\\\/\\\/lasentinelle.dz\\\/index.php\\\/2025\\\/12\\\/01\\\/annaba-un-deficit-en-poches-de-sang-qui-inquiete\\\/#organizationLogo\"},\"sameAs\":[\"https:\\\/\\\/www.facebook.com\\\/azzedine.lasentinelle.1\"]},{\"@type\":\"Person\",\"@id\":\"https:\\\/\\\/lasentinelle.dz\\\/author\\\/admin\\\/#author\",\"url\":\"https:\\\/\\\/lasentinelle.dz\\\/author\\\/admin\\\/\",\"name\":\"admin\",\"image\":{\"@type\":\"ImageObject\",\"@id\":\"https:\\\/\\\/lasentinelle.dz\\\/index.php\\\/2025\\\/12\\\/01\\\/annaba-un-deficit-en-poches-de-sang-qui-inquiete\\\/#authorImage\",\"url\":\"https:\\\/\\\/secure.gravatar.com\\\/avatar\\\/4c81fed838786e9b53f540bf46533e750f5d292099ae3b66cfc6fb1982e29df7?s=96&d=mm&r=g\",\"width\":96,\"height\":96,\"caption\":\"admin\"}},{\"@type\":\"WebPage\",\"@id\":\"https:\\\/\\\/lasentinelle.dz\\\/index.php\\\/2025\\\/12\\\/01\\\/annaba-un-deficit-en-poches-de-sang-qui-inquiete\\\/#webpage\",\"url\":\"https:\\\/\\\/lasentinelle.dz\\\/index.php\\\/2025\\\/12\\\/01\\\/annaba-un-deficit-en-poches-de-sang-qui-inquiete\\\/\",\"name\":\"Annaba : Un d\\u00e9ficit en poches de sang qui inqui\\u00e8te - La Sentinelle\",\"description\":\"La p\\u00e9nurie de poches de sang s'est r\\u00e9percut\\u00e9e sur les op\\u00e9rations chirurgicales dans les h\\u00f4pitaux d'Annaba. Une situation qui a engendr\\u00e9 un arr\\u00eat des interventions chirurgicales, sauf pour les cas urgents. \\u00c0 peine une quinzaine de jours apr\\u00e8s la tenue du congr\\u00e8s international sur la transfusion sanguine, organis\\u00e9 \\u00e0 l'h\\u00f4tel Sheraton d'Annaba, la p\\u00e9nurie de\",\"inLanguage\":\"fr-FR\",\"isPartOf\":{\"@id\":\"https:\\\/\\\/lasentinelle.dz\\\/#website\"},\"breadcrumb\":{\"@id\":\"https:\\\/\\\/lasentinelle.dz\\\/index.php\\\/2025\\\/12\\\/01\\\/annaba-un-deficit-en-poches-de-sang-qui-inquiete\\\/#breadcrumblist\"},\"author\":{\"@id\":\"https:\\\/\\\/lasentinelle.dz\\\/author\\\/admin\\\/#author\"},\"creator\":{\"@id\":\"https:\\\/\\\/lasentinelle.dz\\\/author\\\/admin\\\/#author\"},\"image\":{\"@type\":\"ImageObject\",\"url\":\"https:\\\/\\\/lasentinelle.dz\\\/wp-content\\\/uploads\\\/2025\\\/12\\\/transfusion.jpg\",\"@id\":\"https:\\\/\\\/lasentinelle.dz\\\/index.php\\\/2025\\\/12\\\/01\\\/annaba-un-deficit-en-poches-de-sang-qui-inquiete\\\/#mainImage\",\"width\":615,\"height\":555,\"caption\":\"Intravenous drip in operation room, blood transfusion during surgery, hospital\"},\"primaryImageOfPage\":{\"@id\":\"https:\\\/\\\/lasentinelle.dz\\\/index.php\\\/2025\\\/12\\\/01\\\/annaba-un-deficit-en-poches-de-sang-qui-inquiete\\\/#mainImage\"},\"datePublished\":\"2025-12-01T12:05:24+01:00\",\"dateModified\":\"2025-12-01T12:05:25+01:00\"},{\"@type\":\"WebSite\",\"@id\":\"https:\\\/\\\/lasentinelle.dz\\\/#website\",\"url\":\"https:\\\/\\\/lasentinelle.dz\\\/\",\"name\":\"La Sentinelle\",\"description\":\"Quotidien national d'information\",\"inLanguage\":\"fr-FR\",\"publisher\":{\"@id\":\"https:\\\/\\\/lasentinelle.dz\\\/#organization\"}}]}\n\t\t<\/script>\n\t\t<!-- All in One SEO -->\n\n","aioseo_head_json":{"title":"Annaba : Un d\u00e9ficit en poches de sang qui inqui\u00e8te - La Sentinelle","description":"La p\u00e9nurie de poches de sang s'est r\u00e9percut\u00e9e sur les op\u00e9rations chirurgicales dans les h\u00f4pitaux d'Annaba. Une situation qui a engendr\u00e9 un arr\u00eat des interventions chirurgicales, sauf pour les cas urgents. \u00c0 peine une quinzaine de jours apr\u00e8s la tenue du congr\u00e8s international sur la transfusion sanguine, organis\u00e9 \u00e0 l'h\u00f4tel Sheraton d'Annaba, la p\u00e9nurie de","canonical_url":"https:\/\/lasentinelle.dz\/index.php\/2025\/12\/01\/annaba-un-deficit-en-poches-de-sang-qui-inquiete\/","robots":"max-image-preview:large","keywords":"","webmasterTools":{"miscellaneous":""},"schema":{"@context":"https:\/\/schema.org","@graph":[{"@type":"BlogPosting","@id":"https:\/\/lasentinelle.dz\/index.php\/2025\/12\/01\/annaba-un-deficit-en-poches-de-sang-qui-inquiete\/#blogposting","name":"Annaba : Un d\u00e9ficit en poches de sang qui inqui\u00e8te - La Sentinelle","headline":"Annaba\u00a0: Un d\u00e9ficit en poches de sang qui inqui\u00e8te","author":{"@id":"https:\/\/lasentinelle.dz\/author\/admin\/#author"},"publisher":{"@id":"https:\/\/lasentinelle.dz\/#organization"},"image":{"@type":"ImageObject","url":"https:\/\/lasentinelle.dz\/wp-content\/uploads\/2025\/12\/transfusion.jpg","width":615,"height":555,"caption":"Intravenous drip in operation room, blood transfusion during surgery, hospital"},"datePublished":"2025-12-01T12:05:24+01:00","dateModified":"2025-12-01T12:05:25+01:00","inLanguage":"fr-FR","mainEntityOfPage":{"@id":"https:\/\/lasentinelle.dz\/index.php\/2025\/12\/01\/annaba-un-deficit-en-poches-de-sang-qui-inquiete\/#webpage"},"isPartOf":{"@id":"https:\/\/lasentinelle.dz\/index.php\/2025\/12\/01\/annaba-un-deficit-en-poches-de-sang-qui-inquiete\/#webpage"},"articleSection":"R\u00e9gions"},{"@type":"BreadcrumbList","@id":"https:\/\/lasentinelle.dz\/index.php\/2025\/12\/01\/annaba-un-deficit-en-poches-de-sang-qui-inquiete\/#breadcrumblist","itemListElement":[{"@type":"ListItem","@id":"https:\/\/lasentinelle.dz#listItem","position":1,"name":"Home","item":"https:\/\/lasentinelle.dz","nextItem":{"@type":"ListItem","@id":"https:\/\/lasentinelle.dz\/index.php\/category\/regions\/#listItem","name":"R\u00e9gions"}},{"@type":"ListItem","@id":"https:\/\/lasentinelle.dz\/index.php\/category\/regions\/#listItem","position":2,"name":"R\u00e9gions","item":"https:\/\/lasentinelle.dz\/index.php\/category\/regions\/","nextItem":{"@type":"ListItem","@id":"https:\/\/lasentinelle.dz\/index.php\/2025\/12\/01\/annaba-un-deficit-en-poches-de-sang-qui-inquiete\/#listItem","name":"Annaba\u00a0: Un d\u00e9ficit en poches de sang qui inqui\u00e8te"},"previousItem":{"@type":"ListItem","@id":"https:\/\/lasentinelle.dz#listItem","name":"Home"}},{"@type":"ListItem","@id":"https:\/\/lasentinelle.dz\/index.php\/2025\/12\/01\/annaba-un-deficit-en-poches-de-sang-qui-inquiete\/#listItem","position":3,"name":"Annaba\u00a0: Un d\u00e9ficit en poches de sang qui inqui\u00e8te","previousItem":{"@type":"ListItem","@id":"https:\/\/lasentinelle.dz\/index.php\/category\/regions\/#listItem","name":"R\u00e9gions"}}]},{"@type":"Organization","@id":"https:\/\/lasentinelle.dz\/#organization","name":"La Sentinelle La Sentinelle","description":"Quotidien national d'information","url":"https:\/\/lasentinelle.dz\/","logo":{"@type":"ImageObject","url":"https:\/\/lasentinelle.dz\/wp-content\/uploads\/2021\/09\/cropped-la-sentinelle-earth-golden-anima-5.gif","@id":"https:\/\/lasentinelle.dz\/index.php\/2025\/12\/01\/annaba-un-deficit-en-poches-de-sang-qui-inquiete\/#organizationLogo","width":450,"height":213},"image":{"@id":"https:\/\/lasentinelle.dz\/index.php\/2025\/12\/01\/annaba-un-deficit-en-poches-de-sang-qui-inquiete\/#organizationLogo"},"sameAs":["https:\/\/www.facebook.com\/azzedine.lasentinelle.1"]},{"@type":"Person","@id":"https:\/\/lasentinelle.dz\/author\/admin\/#author","url":"https:\/\/lasentinelle.dz\/author\/admin\/","name":"admin","image":{"@type":"ImageObject","@id":"https:\/\/lasentinelle.dz\/index.php\/2025\/12\/01\/annaba-un-deficit-en-poches-de-sang-qui-inquiete\/#authorImage","url":"https:\/\/secure.gravatar.com\/avatar\/4c81fed838786e9b53f540bf46533e750f5d292099ae3b66cfc6fb1982e29df7?s=96&d=mm&r=g","width":96,"height":96,"caption":"admin"}},{"@type":"WebPage","@id":"https:\/\/lasentinelle.dz\/index.php\/2025\/12\/01\/annaba-un-deficit-en-poches-de-sang-qui-inquiete\/#webpage","url":"https:\/\/lasentinelle.dz\/index.php\/2025\/12\/01\/annaba-un-deficit-en-poches-de-sang-qui-inquiete\/","name":"Annaba : Un d\u00e9ficit en poches de sang qui inqui\u00e8te - La Sentinelle","description":"La p\u00e9nurie de poches de sang s'est r\u00e9percut\u00e9e sur les op\u00e9rations chirurgicales dans les h\u00f4pitaux d'Annaba. Une situation qui a engendr\u00e9 un arr\u00eat des interventions chirurgicales, sauf pour les cas urgents. \u00c0 peine une quinzaine de jours apr\u00e8s la tenue du congr\u00e8s international sur la transfusion sanguine, organis\u00e9 \u00e0 l'h\u00f4tel Sheraton d'Annaba, la p\u00e9nurie de","inLanguage":"fr-FR","isPartOf":{"@id":"https:\/\/lasentinelle.dz\/#website"},"breadcrumb":{"@id":"https:\/\/lasentinelle.dz\/index.php\/2025\/12\/01\/annaba-un-deficit-en-poches-de-sang-qui-inquiete\/#breadcrumblist"},"author":{"@id":"https:\/\/lasentinelle.dz\/author\/admin\/#author"},"creator":{"@id":"https:\/\/lasentinelle.dz\/author\/admin\/#author"},"image":{"@type":"ImageObject","url":"https:\/\/lasentinelle.dz\/wp-content\/uploads\/2025\/12\/transfusion.jpg","@id":"https:\/\/lasentinelle.dz\/index.php\/2025\/12\/01\/annaba-un-deficit-en-poches-de-sang-qui-inquiete\/#mainImage","width":615,"height":555,"caption":"Intravenous drip in operation room, blood transfusion during surgery, hospital"},"primaryImageOfPage":{"@id":"https:\/\/lasentinelle.dz\/index.php\/2025\/12\/01\/annaba-un-deficit-en-poches-de-sang-qui-inquiete\/#mainImage"},"datePublished":"2025-12-01T12:05:24+01:00","dateModified":"2025-12-01T12:05:25+01:00"},{"@type":"WebSite","@id":"https:\/\/lasentinelle.dz\/#website","url":"https:\/\/lasentinelle.dz\/","name":"La Sentinelle","description":"Quotidien national d'information","inLanguage":"fr-FR","publisher":{"@id":"https:\/\/lasentinelle.dz\/#organization"}}]},"og:locale":"fr_FR","og:site_name":"La Sentinelle - Quotidien national d'information","og:type":"article","og:title":"Annaba : Un d\u00e9ficit en poches de sang qui inqui\u00e8te - La Sentinelle","og:description":"La p\u00e9nurie de poches de sang s'est r\u00e9percut\u00e9e sur les op\u00e9rations chirurgicales dans les h\u00f4pitaux d'Annaba. Une situation qui a engendr\u00e9 un arr\u00eat des interventions chirurgicales, sauf pour les cas urgents. \u00c0 peine une quinzaine de jours apr\u00e8s la tenue du congr\u00e8s international sur la transfusion sanguine, organis\u00e9 \u00e0 l'h\u00f4tel Sheraton d'Annaba, la p\u00e9nurie de","og:url":"https:\/\/lasentinelle.dz\/index.php\/2025\/12\/01\/annaba-un-deficit-en-poches-de-sang-qui-inquiete\/","og:image":"https:\/\/lasentinelle.dz\/wp-content\/uploads\/2021\/09\/cropped-la-sentinelle-earth-golden-anima-5.gif","og:image:secure_url":"https:\/\/lasentinelle.dz\/wp-content\/uploads\/2021\/09\/cropped-la-sentinelle-earth-golden-anima-5.gif","og:image:width":450,"og:image:height":213,"article:published_time":"2025-12-01T11:05:24+00:00","article:modified_time":"2025-12-01T11:05:25+00:00","article:publisher":"https:\/\/www.facebook.com\/azzedine.lasentinelle.1","twitter:card":"summary_large_image","twitter:title":"Annaba : Un d\u00e9ficit en poches de sang qui inqui\u00e8te - La Sentinelle","twitter:description":"La p\u00e9nurie de poches de sang s'est r\u00e9percut\u00e9e sur les op\u00e9rations chirurgicales dans les h\u00f4pitaux d'Annaba. Une situation qui a engendr\u00e9 un arr\u00eat des interventions chirurgicales, sauf pour les cas urgents. \u00c0 peine une quinzaine de jours apr\u00e8s la tenue du congr\u00e8s international sur la transfusion sanguine, organis\u00e9 \u00e0 l'h\u00f4tel Sheraton d'Annaba, la p\u00e9nurie de","twitter:image":"https:\/\/lasentinelle.dz\/wp-content\/uploads\/2021\/09\/cropped-la-sentinelle-earth-golden-anima-5.gif"},"aioseo_meta_data":{"post_id":"77030","title":null,"description":null,"keywords":null,"keyphrases":null,"primary_term":null,"canonical_url":null,"og_title":null,"og_description":null,"og_object_type":"default","og_image_type":"default","og_image_url":null,"og_image_width":null,"og_image_height":null,"og_image_custom_url":null,"og_image_custom_fields":null,"og_video":null,"og_custom_url":null,"og_article_section":null,"og_article_tags":null,"twitter_use_og":false,"twitter_card":"default","twitter_image_type":"default","twitter_image_url":null,"twitter_image_custom_url":null,"twitter_image_custom_fields":null,"twitter_title":null,"twitter_description":null,"schema":{"blockGraphs":[],"customGraphs":[],"default":{"data":{"Article":[],"Course":[],"Dataset":[],"FAQPage":[],"Movie":[],"Person":[],"Product":[],"ProductReview":[],"Car":[],"Recipe":[],"Service":[],"SoftwareApplication":[],"WebPage":[]},"graphName":"","isEnabled":true},"graphs":[]},"schema_type":"default","schema_type_options":null,"pillar_content":false,"robots_default":true,"robots_noindex":false,"robots_noarchive":false,"robots_nosnippet":false,"robots_nofollow":false,"robots_noimageindex":false,"robots_noodp":false,"robots_notranslate":false,"robots_max_snippet":null,"robots_max_videopreview":null,"robots_max_imagepreview":"large","priority":null,"frequency":null,"local_seo":null,"breadcrumb_settings":null,"limit_modified_date":false,"ai":null,"created":"2026-05-13 16:24:14","updated":"2026-05-13 16:24:14","focus_keyword":null,"additional_keywords":null,"truseo_locale":null,"seo_analyzer_scan_date":null},"aioseo_breadcrumb":"<div class=\"aioseo-breadcrumbs\"><span class=\"aioseo-breadcrumb\">\n\t\t\t<a href=\"https:\/\/lasentinelle.dz\" title=\"Home\">Home<\/a>\n\t\t<\/span><span class=\"aioseo-breadcrumb-separator\">&raquo;<\/span><span class=\"aioseo-breadcrumb\">\n\t\t\t<a href=\"https:\/\/lasentinelle.dz\/index.php\/category\/regions\/\" title=\"R\u00e9gions\">R\u00e9gions<\/a>\n\t\t<\/span><span class=\"aioseo-breadcrumb-separator\">&raquo;<\/span><span class=\"aioseo-breadcrumb\">\n\t\t\tAnnaba : Un d\u00e9ficit en poches de sang qui inqui\u00e8te\n\t\t<\/span><\/div>","aioseo_breadcrumb_json":[{"label":"Home","link":"https:\/\/lasentinelle.dz"},{"label":"R\u00e9gions","link":"https:\/\/lasentinelle.dz\/index.php\/category\/regions\/"},{"label":"Annaba\u00a0: Un d\u00e9ficit en poches de sang qui inqui\u00e8te","link":"https:\/\/lasentinelle.dz\/index.php\/2025\/12\/01\/annaba-un-deficit-en-poches-de-sang-qui-inquiete\/"}],"yoast_head":"<!-- This site is optimized with the Yoast SEO plugin v28.4 - https:\/\/yoast.com\/product\/yoast-seo-wordpress\/ -->\n<title>Annaba\u00a0: Un d\u00e9ficit en poches de sang qui inqui\u00e8te - La Sentinelle<\/title>\n<meta name=\"robots\" content=\"index, follow, max-snippet:-1, max-image-preview:large, max-video-preview:-1\" \/>\n<link rel=\"canonical\" href=\"https:\/\/lasentinelle.dz\/index.php\/2025\/12\/01\/annaba-un-deficit-en-poches-de-sang-qui-inquiete\/\" \/>\n<meta property=\"og:locale\" content=\"fr_FR\" \/>\n<meta property=\"og:type\" content=\"article\" \/>\n<meta property=\"og:title\" content=\"Annaba\u00a0: Un d\u00e9ficit en poches de sang qui inqui\u00e8te - La Sentinelle\" \/>\n<meta property=\"og:description\" content=\"La p\u00e9nurie de poches de sang s&rsquo;est r\u00e9percut\u00e9e sur les op\u00e9rations chirurgicales dans les h\u00f4pitaux d&rsquo;Annaba. Une situation qui a\" \/>\n<meta property=\"og:url\" content=\"https:\/\/lasentinelle.dz\/index.php\/2025\/12\/01\/annaba-un-deficit-en-poches-de-sang-qui-inquiete\/\" \/>\n<meta property=\"og:site_name\" content=\"La Sentinelle\" \/>\n<meta property=\"article:publisher\" content=\"https:\/\/www.facebook.com\/La-Sentinelle-104059864394773\" \/>\n<meta property=\"article:published_time\" content=\"2025-12-01T11:05:24+00:00\" \/>\n<meta property=\"article:modified_time\" content=\"2025-12-01T11:05:25+00:00\" \/>\n<meta property=\"og:image\" content=\"https:\/\/lasentinelle.dz\/wp-content\/uploads\/2025\/12\/transfusion.jpg\" \/>\n\t<meta property=\"og:image:width\" content=\"615\" \/>\n\t<meta property=\"og:image:height\" content=\"555\" \/>\n\t<meta property=\"og:image:type\" content=\"image\/jpeg\" \/>\n<meta name=\"author\" content=\"admin\" \/>\n<meta name=\"twitter:card\" content=\"summary_large_image\" \/>\n<meta name=\"twitter:label1\" content=\"\u00c9crit par\" \/>\n\t<meta name=\"twitter:data1\" content=\"admin\" \/>\n\t<meta name=\"twitter:label2\" content=\"Dur\u00e9e de lecture estim\u00e9e\" \/>\n\t<meta name=\"twitter:data2\" content=\"3 minutes\" \/>\n<script type=\"application\/ld+json\" class=\"yoast-schema-graph\">{\"@context\":\"https:\\\/\\\/schema.org\",\"@graph\":[{\"@type\":\"Article\",\"@id\":\"https:\\\/\\\/lasentinelle.dz\\\/index.php\\\/2025\\\/12\\\/01\\\/annaba-un-deficit-en-poches-de-sang-qui-inquiete\\\/#article\",\"isPartOf\":{\"@id\":\"https:\\\/\\\/lasentinelle.dz\\\/index.php\\\/2025\\\/12\\\/01\\\/annaba-un-deficit-en-poches-de-sang-qui-inquiete\\\/\"},\"author\":{\"name\":\"admin\",\"@id\":\"https:\\\/\\\/lasentinelle.dz\\\/#\\\/schema\\\/person\\\/729ee0024f24e0b8c5ec17232f8e8b41\"},\"headline\":\"Annaba\u00a0: Un d\u00e9ficit en poches de sang qui inqui\u00e8te\",\"datePublished\":\"2025-12-01T11:05:24+00:00\",\"dateModified\":\"2025-12-01T11:05:25+00:00\",\"mainEntityOfPage\":{\"@id\":\"https:\\\/\\\/lasentinelle.dz\\\/index.php\\\/2025\\\/12\\\/01\\\/annaba-un-deficit-en-poches-de-sang-qui-inquiete\\\/\"},\"wordCount\":640,\"commentCount\":0,\"publisher\":{\"@id\":\"https:\\\/\\\/lasentinelle.dz\\\/#organization\"},\"image\":{\"@id\":\"https:\\\/\\\/lasentinelle.dz\\\/index.php\\\/2025\\\/12\\\/01\\\/annaba-un-deficit-en-poches-de-sang-qui-inquiete\\\/#primaryimage\"},\"thumbnailUrl\":\"https:\\\/\\\/lasentinelle.dz\\\/wp-content\\\/uploads\\\/2025\\\/12\\\/transfusion.jpg\",\"articleSection\":[\"R\u00e9gions\"],\"inLanguage\":\"fr-FR\",\"potentialAction\":[{\"@type\":\"CommentAction\",\"name\":\"Comment\",\"target\":[\"https:\\\/\\\/lasentinelle.dz\\\/index.php\\\/2025\\\/12\\\/01\\\/annaba-un-deficit-en-poches-de-sang-qui-inquiete\\\/#respond\"]}]},{\"@type\":\"WebPage\",\"@id\":\"https:\\\/\\\/lasentinelle.dz\\\/index.php\\\/2025\\\/12\\\/01\\\/annaba-un-deficit-en-poches-de-sang-qui-inquiete\\\/\",\"url\":\"https:\\\/\\\/lasentinelle.dz\\\/index.php\\\/2025\\\/12\\\/01\\\/annaba-un-deficit-en-poches-de-sang-qui-inquiete\\\/\",\"name\":\"Annaba\u00a0: Un d\u00e9ficit en poches de sang qui inqui\u00e8te - La Sentinelle\",\"isPartOf\":{\"@id\":\"https:\\\/\\\/lasentinelle.dz\\\/#website\"},\"primaryImageOfPage\":{\"@id\":\"https:\\\/\\\/lasentinelle.dz\\\/index.php\\\/2025\\\/12\\\/01\\\/annaba-un-deficit-en-poches-de-sang-qui-inquiete\\\/#primaryimage\"},\"image\":{\"@id\":\"https:\\\/\\\/lasentinelle.dz\\\/index.php\\\/2025\\\/12\\\/01\\\/annaba-un-deficit-en-poches-de-sang-qui-inquiete\\\/#primaryimage\"},\"thumbnailUrl\":\"https:\\\/\\\/lasentinelle.dz\\\/wp-content\\\/uploads\\\/2025\\\/12\\\/transfusion.jpg\",\"datePublished\":\"2025-12-01T11:05:24+00:00\",\"dateModified\":\"2025-12-01T11:05:25+00:00\",\"breadcrumb\":{\"@id\":\"https:\\\/\\\/lasentinelle.dz\\\/index.php\\\/2025\\\/12\\\/01\\\/annaba-un-deficit-en-poches-de-sang-qui-inquiete\\\/#breadcrumb\"},\"inLanguage\":\"fr-FR\",\"potentialAction\":[{\"@type\":\"ReadAction\",\"target\":[\"https:\\\/\\\/lasentinelle.dz\\\/index.php\\\/2025\\\/12\\\/01\\\/annaba-un-deficit-en-poches-de-sang-qui-inquiete\\\/\"]}]},{\"@type\":\"ImageObject\",\"inLanguage\":\"fr-FR\",\"@id\":\"https:\\\/\\\/lasentinelle.dz\\\/index.php\\\/2025\\\/12\\\/01\\\/annaba-un-deficit-en-poches-de-sang-qui-inquiete\\\/#primaryimage\",\"url\":\"https:\\\/\\\/lasentinelle.dz\\\/wp-content\\\/uploads\\\/2025\\\/12\\\/transfusion.jpg\",\"contentUrl\":\"https:\\\/\\\/lasentinelle.dz\\\/wp-content\\\/uploads\\\/2025\\\/12\\\/transfusion.jpg\",\"width\":615,\"height\":555,\"caption\":\"Intravenous drip in operation room, blood transfusion during surgery, hospital\"},{\"@type\":\"BreadcrumbList\",\"@id\":\"https:\\\/\\\/lasentinelle.dz\\\/index.php\\\/2025\\\/12\\\/01\\\/annaba-un-deficit-en-poches-de-sang-qui-inquiete\\\/#breadcrumb\",\"itemListElement\":[{\"@type\":\"ListItem\",\"position\":1,\"name\":\"Accueil\",\"item\":\"https:\\\/\\\/lasentinelle.dz\\\/\"},{\"@type\":\"ListItem\",\"position\":2,\"name\":\"Annaba\u00a0: Un d\u00e9ficit en poches de sang qui inqui\u00e8te\"}]},{\"@type\":\"WebSite\",\"@id\":\"https:\\\/\\\/lasentinelle.dz\\\/#website\",\"url\":\"https:\\\/\\\/lasentinelle.dz\\\/\",\"name\":\"La Sentinelle\",\"description\":\"Quotidien national d&#039;information\",\"publisher\":{\"@id\":\"https:\\\/\\\/lasentinelle.dz\\\/#organization\"},\"potentialAction\":[{\"@type\":\"SearchAction\",\"target\":{\"@type\":\"EntryPoint\",\"urlTemplate\":\"https:\\\/\\\/lasentinelle.dz\\\/?s={search_term_string}\"},\"query-input\":{\"@type\":\"PropertyValueSpecification\",\"valueRequired\":true,\"valueName\":\"search_term_string\"}}],\"inLanguage\":\"fr-FR\"},{\"@type\":\"Organization\",\"@id\":\"https:\\\/\\\/lasentinelle.dz\\\/#organization\",\"name\":\"Quotidien La Sentinelle\",\"url\":\"https:\\\/\\\/lasentinelle.dz\\\/\",\"logo\":{\"@type\":\"ImageObject\",\"inLanguage\":\"fr-FR\",\"@id\":\"https:\\\/\\\/lasentinelle.dz\\\/#\\\/schema\\\/logo\\\/image\\\/\",\"url\":\"https:\\\/\\\/lasentinelle.dz\\\/wp-content\\\/uploads\\\/2021\\\/09\\\/logo-sentinelleSLOGAN-1.png\",\"contentUrl\":\"https:\\\/\\\/lasentinelle.dz\\\/wp-content\\\/uploads\\\/2021\\\/09\\\/logo-sentinelleSLOGAN-1.png\",\"width\":615,\"height\":142,\"caption\":\"Quotidien La Sentinelle\"},\"image\":{\"@id\":\"https:\\\/\\\/lasentinelle.dz\\\/#\\\/schema\\\/logo\\\/image\\\/\"},\"sameAs\":[\"https:\\\/\\\/www.facebook.com\\\/La-Sentinelle-104059864394773\"]},{\"@type\":\"Person\",\"@id\":\"https:\\\/\\\/lasentinelle.dz\\\/#\\\/schema\\\/person\\\/729ee0024f24e0b8c5ec17232f8e8b41\",\"name\":\"admin\",\"image\":{\"@type\":\"ImageObject\",\"inLanguage\":\"fr-FR\",\"@id\":\"https:\\\/\\\/secure.gravatar.com\\\/avatar\\\/4c81fed838786e9b53f540bf46533e750f5d292099ae3b66cfc6fb1982e29df7?s=96&d=mm&r=g\",\"url\":\"https:\\\/\\\/secure.gravatar.com\\\/avatar\\\/4c81fed838786e9b53f540bf46533e750f5d292099ae3b66cfc6fb1982e29df7?s=96&d=mm&r=g\",\"contentUrl\":\"https:\\\/\\\/secure.gravatar.com\\\/avatar\\\/4c81fed838786e9b53f540bf46533e750f5d292099ae3b66cfc6fb1982e29df7?s=96&d=mm&r=g\",\"caption\":\"admin\"},\"description\":\"admin\",\"url\":\"https:\\\/\\\/lasentinelle.dz\\\/author\\\/admin\\\/\"}]}<\/script>\n<!-- \/ Yoast SEO plugin. -->","yoast_head_json":{"title":"Annaba\u00a0: Un d\u00e9ficit en poches de sang qui inqui\u00e8te - La Sentinelle","robots":{"index":"index","follow":"follow","max-snippet":"max-snippet:-1","max-image-preview":"max-image-preview:large","max-video-preview":"max-video-preview:-1"},"canonical":"https:\/\/lasentinelle.dz\/index.php\/2025\/12\/01\/annaba-un-deficit-en-poches-de-sang-qui-inquiete\/","og_locale":"fr_FR","og_type":"article","og_title":"Annaba\u00a0: Un d\u00e9ficit en poches de sang qui inqui\u00e8te - La Sentinelle","og_description":"La p\u00e9nurie de poches de sang s&rsquo;est r\u00e9percut\u00e9e sur les op\u00e9rations chirurgicales dans les h\u00f4pitaux d&rsquo;Annaba. Une situation qui a","og_url":"https:\/\/lasentinelle.dz\/index.php\/2025\/12\/01\/annaba-un-deficit-en-poches-de-sang-qui-inquiete\/","og_site_name":"La Sentinelle","article_publisher":"https:\/\/www.facebook.com\/La-Sentinelle-104059864394773","article_published_time":"2025-12-01T11:05:24+00:00","article_modified_time":"2025-12-01T11:05:25+00:00","og_image":[{"width":615,"height":555,"url":"https:\/\/lasentinelle.dz\/wp-content\/uploads\/2025\/12\/transfusion.jpg","type":"image\/jpeg"}],"author":"admin","twitter_card":"summary_large_image","twitter_misc":{"\u00c9crit par":"admin","Dur\u00e9e de lecture estim\u00e9e":"3 minutes"},"schema":{"@context":"https:\/\/schema.org","@graph":[{"@type":"Article","@id":"https:\/\/lasentinelle.dz\/index.php\/2025\/12\/01\/annaba-un-deficit-en-poches-de-sang-qui-inquiete\/#article","isPartOf":{"@id":"https:\/\/lasentinelle.dz\/index.php\/2025\/12\/01\/annaba-un-deficit-en-poches-de-sang-qui-inquiete\/"},"author":{"name":"admin","@id":"https:\/\/lasentinelle.dz\/#\/schema\/person\/729ee0024f24e0b8c5ec17232f8e8b41"},"headline":"Annaba\u00a0: Un d\u00e9ficit en poches de sang qui inqui\u00e8te","datePublished":"2025-12-01T11:05:24+00:00","dateModified":"2025-12-01T11:05:25+00:00","mainEntityOfPage":{"@id":"https:\/\/lasentinelle.dz\/index.php\/2025\/12\/01\/annaba-un-deficit-en-poches-de-sang-qui-inquiete\/"},"wordCount":640,"commentCount":0,"publisher":{"@id":"https:\/\/lasentinelle.dz\/#organization"},"image":{"@id":"https:\/\/lasentinelle.dz\/index.php\/2025\/12\/01\/annaba-un-deficit-en-poches-de-sang-qui-inquiete\/#primaryimage"},"thumbnailUrl":"https:\/\/lasentinelle.dz\/wp-content\/uploads\/2025\/12\/transfusion.jpg","articleSection":["R\u00e9gions"],"inLanguage":"fr-FR","potentialAction":[{"@type":"CommentAction","name":"Comment","target":["https:\/\/lasentinelle.dz\/index.php\/2025\/12\/01\/annaba-un-deficit-en-poches-de-sang-qui-inquiete\/#respond"]}]},{"@type":"WebPage","@id":"https:\/\/lasentinelle.dz\/index.php\/2025\/12\/01\/annaba-un-deficit-en-poches-de-sang-qui-inquiete\/","url":"https:\/\/lasentinelle.dz\/index.php\/2025\/12\/01\/annaba-un-deficit-en-poches-de-sang-qui-inquiete\/","name":"Annaba\u00a0: Un d\u00e9ficit en poches de sang qui inqui\u00e8te - La Sentinelle","isPartOf":{"@id":"https:\/\/lasentinelle.dz\/#website"},"primaryImageOfPage":{"@id":"https:\/\/lasentinelle.dz\/index.php\/2025\/12\/01\/annaba-un-deficit-en-poches-de-sang-qui-inquiete\/#primaryimage"},"image":{"@id":"https:\/\/lasentinelle.dz\/index.php\/2025\/12\/01\/annaba-un-deficit-en-poches-de-sang-qui-inquiete\/#primaryimage"},"thumbnailUrl":"https:\/\/lasentinelle.dz\/wp-content\/uploads\/2025\/12\/transfusion.jpg","datePublished":"2025-12-01T11:05:24+00:00","dateModified":"2025-12-01T11:05:25+00:00","breadcrumb":{"@id":"https:\/\/lasentinelle.dz\/index.php\/2025\/12\/01\/annaba-un-deficit-en-poches-de-sang-qui-inquiete\/#breadcrumb"},"inLanguage":"fr-FR","potentialAction":[{"@type":"ReadAction","target":["https:\/\/lasentinelle.dz\/index.php\/2025\/12\/01\/annaba-un-deficit-en-poches-de-sang-qui-inquiete\/"]}]},{"@type":"ImageObject","inLanguage":"fr-FR","@id":"https:\/\/lasentinelle.dz\/index.php\/2025\/12\/01\/annaba-un-deficit-en-poches-de-sang-qui-inquiete\/#primaryimage","url":"https:\/\/lasentinelle.dz\/wp-content\/uploads\/2025\/12\/transfusion.jpg","contentUrl":"https:\/\/lasentinelle.dz\/wp-content\/uploads\/2025\/12\/transfusion.jpg","width":615,"height":555,"caption":"Intravenous drip in operation room, blood transfusion during surgery, hospital"},{"@type":"BreadcrumbList","@id":"https:\/\/lasentinelle.dz\/index.php\/2025\/12\/01\/annaba-un-deficit-en-poches-de-sang-qui-inquiete\/#breadcrumb","itemListElement":[{"@type":"ListItem","position":1,"name":"Accueil","item":"https:\/\/lasentinelle.dz\/"},{"@type":"ListItem","position":2,"name":"Annaba\u00a0: Un d\u00e9ficit en poches de sang qui inqui\u00e8te"}]},{"@type":"WebSite","@id":"https:\/\/lasentinelle.dz\/#website","url":"https:\/\/lasentinelle.dz\/","name":"La Sentinelle","description":"Quotidien national d&#039;information","publisher":{"@id":"https:\/\/lasentinelle.dz\/#organization"},"potentialAction":[{"@type":"SearchAction","target":{"@type":"EntryPoint","urlTemplate":"https:\/\/lasentinelle.dz\/?s={search_term_string}"},"query-input":{"@type":"PropertyValueSpecification","valueRequired":true,"valueName":"search_term_string"}}],"inLanguage":"fr-FR"},{"@type":"Organization","@id":"https:\/\/lasentinelle.dz\/#organization","name":"Quotidien La Sentinelle","url":"https:\/\/lasentinelle.dz\/","logo":{"@type":"ImageObject","inLanguage":"fr-FR","@id":"https:\/\/lasentinelle.dz\/#\/schema\/logo\/image\/","url":"https:\/\/lasentinelle.dz\/wp-content\/uploads\/2021\/09\/logo-sentinelleSLOGAN-1.png","contentUrl":"https:\/\/lasentinelle.dz\/wp-content\/uploads\/2021\/09\/logo-sentinelleSLOGAN-1.png","width":615,"height":142,"caption":"Quotidien La Sentinelle"},"image":{"@id":"https:\/\/lasentinelle.dz\/#\/schema\/logo\/image\/"},"sameAs":["https:\/\/www.facebook.com\/La-Sentinelle-104059864394773"]},{"@type":"Person","@id":"https:\/\/lasentinelle.dz\/#\/schema\/person\/729ee0024f24e0b8c5ec17232f8e8b41","name":"admin","image":{"@type":"ImageObject","inLanguage":"fr-FR","@id":"https:\/\/secure.gravatar.com\/avatar\/4c81fed838786e9b53f540bf46533e750f5d292099ae3b66cfc6fb1982e29df7?s=96&d=mm&r=g","url":"https:\/\/secure.gravatar.com\/avatar\/4c81fed838786e9b53f540bf46533e750f5d292099ae3b66cfc6fb1982e29df7?s=96&d=mm&r=g","contentUrl":"https:\/\/secure.gravatar.com\/avatar\/4c81fed838786e9b53f540bf46533e750f5d292099ae3b66cfc6fb1982e29df7?s=96&d=mm&r=g","caption":"admin"},"description":"admin","url":"https:\/\/lasentinelle.dz\/author\/admin\/"}]}},"_links":{"self":[{"href":"https:\/\/lasentinelle.dz\/index.php\/wp-json\/wp\/v2\/posts\/77030","targetHints":{"allow":["GET"]}}],"collection":[{"href":"https:\/\/lasentinelle.dz\/index.php\/wp-json\/wp\/v2\/posts"}],"about":[{"href":"https:\/\/lasentinelle.dz\/index.php\/wp-json\/wp\/v2\/types\/post"}],"author":[{"embeddable":true,"href":"https:\/\/lasentinelle.dz\/index.php\/wp-json\/wp\/v2\/users\/6"}],"replies":[{"embeddable":true,"href":"https:\/\/lasentinelle.dz\/index.php\/wp-json\/wp\/v2\/comments?post=77030"}],"version-history":[{"count":1,"href":"https:\/\/lasentinelle.dz\/index.php\/wp-json\/wp\/v2\/posts\/77030\/revisions"}],"predecessor-version":[{"id":77032,"href":"https:\/\/lasentinelle.dz\/index.php\/wp-json\/wp\/v2\/posts\/77030\/revisions\/77032"}],"wp:featuredmedia":[{"embeddable":true,"href":"https:\/\/lasentinelle.dz\/index.php\/wp-json\/wp\/v2\/media\/77031"}],"wp:attachment":[{"href":"https:\/\/lasentinelle.dz\/index.php\/wp-json\/wp\/v2\/media?parent=77030"}],"wp:term":[{"taxonomy":"category","embeddable":true,"href":"https:\/\/lasentinelle.dz\/index.php\/wp-json\/wp\/v2\/categories?post=77030"},{"taxonomy":"post_tag","embeddable":true,"href":"https:\/\/lasentinelle.dz\/index.php\/wp-json\/wp\/v2\/tags?post=77030"}],"curies":[{"name":"wp","href":"https:\/\/api.w.org\/{rel}","templated":true}]}}