{"id":7708,"date":"2021-09-14T00:05:00","date_gmt":"2021-09-13T23:05:00","guid":{"rendered":"https:\/\/lasentinelle.dz\/?p=7708"},"modified":"2021-09-13T18:34:02","modified_gmt":"2021-09-13T17:34:02","slug":"transports-la-modernisation-des-compagnies-maritimes-en-question","status":"publish","type":"post","link":"https:\/\/lasentinelle.dz\/index.php\/2021\/09\/14\/transports-la-modernisation-des-compagnies-maritimes-en-question\/","title":{"rendered":"Transports : La modernisation des compagnies maritimes en question"},"content":{"rendered":"\n<p>Le ministre des Transports, A\u00efssa Bekka\u00ef, a appel\u00e9 les directeurs et gestionnaires des soci\u00e9t\u00e9s nationales du transport maritime \u00e0 revoir le mode de gestion de ces compagnies, \u00e0 moderniser leurs syst\u00e8mes et \u00e0 les rendre plus rentables, loin des aides du Tr\u00e9sor public, \u00e0 travers la rationalisation des d\u00e9penses et l&rsquo;exploitation des moyens disponibles.<\/p>\n\n\n\n<p>C\u2019est ce qu\u2019a indiqu\u00e9, hier, un communiqu\u00e9 du minist\u00e8re des Transports cit\u00e9 par l\u2019APS. Ces instructions sont intervenues lors d&rsquo;une r\u00e9union qu\u2019il a pr\u00e9sid\u00e9 samedi, en pr\u00e9sence de cadres du minist\u00e8re, du directeur g\u00e9n\u00e9ral par int\u00e9rim du Groupe alg\u00e9rien de transport maritime (GATMA), de la directrice g\u00e9n\u00e9rale par int\u00e9rim de CNAN-MED, du directeur g\u00e9n\u00e9ral de CNAN-NORD, du Pr\u00e9sident-Directeur g\u00e9n\u00e9ral (PDG) de la Soci\u00e9t\u00e9 nationale Shipping Company (Nashco), ainsi que de leurs cadres et d&rsquo;op\u00e9rateurs du secteur priv\u00e9 national.<\/p>\n\n\n\n<p>Au terme de l&rsquo;expos\u00e9 pr\u00e9sent\u00e9 par les directeurs portant situation des compagnies au plan organisationnel et op\u00e9rationnel, ainsi que certains obstacles auxquels elles sont confront\u00e9es, \u00e0 l&rsquo;instar du manque de la main d&rsquo;\u0153uvre sp\u00e9cialis\u00e9e en la mati\u00e8re, de la maintenance des navires et du probl\u00e8me des conteneurs, le ministre a appel\u00e9 \u00e0 \u00ab\u00a0revoir le mode de gestion de ces entreprises vitales, \u00e0 moderniser leurs syst\u00e8mes et \u00e0 les rendre plus rentables, loin des aides du Tr\u00e9sor public, \u00e0 travers la rationalisation des d\u00e9penses et l&rsquo;exploitation des moyens disponibles\u00a0\u00bb.<\/p>\n\n\n\n<p>M. Bekka\u00ef a demand\u00e9 aux directeurs de coordonner de fa\u00e7on permanente entre les diff\u00e9rents acteurs dans le fret maritime, y compris les op\u00e9rateurs priv\u00e9s, ajoute la m\u00eame source. Aussi, le ministre a instruit les directeurs et responsables des compagnies nationales de transport maritime d&rsquo;\u00e9laborer un plan d&rsquo;action et une vision globale pour aplanir les obstacles dress\u00e9s devant ces \u00e9tablissements, les appelant \u00e0 exploiter les capacit\u00e9s nationales disponibles en mati\u00e8re de fabrication de conteneurs en vue de booster l&rsquo;\u00e9conomie nationale et pr\u00e9server la devise. A la question de la main d&rsquo;\u0153uvre, le ministre a insist\u00e9 sur la coordination permanente avec l&rsquo;Ecole sup\u00e9rieure maritime de Bousmail (Tipasa) qui offre des formations dans les diff\u00e9rentes sp\u00e9cialit\u00e9s permettant de r\u00e9pondre aux besoins nationaux en termes de ressources humaines sp\u00e9cialis\u00e9es et d&rsquo;\u00e9tablir des bilans p\u00e9riodiques sur l&rsquo;\u00e9tat de la flotte et l&rsquo;\u00e9volution de son activit\u00e9. La rencontre a permis, selon ce communiqu\u00e9 aux responsables de ces entreprises de formuler une s\u00e9rie de propositions pour le d\u00e9veloppement de la performance des soci\u00e9t\u00e9s et la promotion de leurs activit\u00e9s \u00e0 travers la prospection des opportunit\u00e9s de partenariat avec les op\u00e9rateurs locaux et internationaux ainsi que le renforcement des structures de formation pour assurer une main d&rsquo;\u0153uvre qualifi\u00e9e. Par ailleurs, les op\u00e9rateurs priv\u00e9s ont expos\u00e9 leurs exp\u00e9riences en mati\u00e8re de transport maritime \u00e0 l&rsquo;\u00e9chelle internationale et leur vision future, \u00e9voquant les possibilit\u00e9s de coop\u00e9ration et de partenariat gagnant-gagnant avec les compagnies publiques.<\/p>\n\n\n\n<p><strong>Fai\u00e7al Bedjaoui<\/strong><\/p>\n","protected":false},"excerpt":{"rendered":"<p>Le ministre des Transports, A\u00efssa Bekka\u00ef, a appel\u00e9 les directeurs et gestionnaires des soci\u00e9t\u00e9s nationales du transport maritime \u00e0 revoir<\/p>\n","protected":false},"author":3,"featured_media":7714,"comment_status":"open","ping_status":"closed","sticky":false,"template":"","format":"standard","meta":{"colormag_page_container_layout":"default_layout","colormag_page_sidebar_layout":"default_layout","om_disable_all_campaigns":false,"_monsterinsights_skip_tracking":false,"_monsterinsights_sitenote_active":false,"_monsterinsights_sitenote_note":"","_monsterinsights_sitenote_category":0,"footnotes":"","_wpscppro_dont_share_socialmedia":false,"_wpscppro_custom_social_share_image":0,"_facebook_share_type":"","_twitter_share_type":"","_linkedin_share_type":"","_pinterest_share_type":"","_linkedin_share_type_page":"","_instagram_share_type":"","_medium_share_type":"","_threads_share_type":"","_google_business_share_type":"","_selected_social_profile":[],"_wpsp_enable_custom_social_template":false,"_wpsp_social_scheduling":{"enabled":false,"datetime":null,"platforms":[],"status":"template_only","dateOption":"today","timeOption":"now","customDays":"","customHours":"","customDate":"","customTime":"","schedulingType":"absolute"},"_wpsp_active_default_template":true},"categories":[52,27],"tags":[],"class_list":["post-7708","post","type-post","status-publish","format-standard","has-post-thumbnail","hentry","category-a-la-une","category-actualite"],"aioseo_notices":[],"yoast_head":"<!-- This site is optimized with the Yoast SEO plugin v27.5 - https:\/\/yoast.com\/product\/yoast-seo-wordpress\/ -->\n<title>Transports : La modernisation des compagnies maritimes en question - La Sentinelle<\/title>\n<meta name=\"robots\" content=\"index, follow, max-snippet:-1, max-image-preview:large, max-video-preview:-1\" \/>\n<link rel=\"canonical\" href=\"https:\/\/lasentinelle.dz\/index.php\/2021\/09\/14\/transports-la-modernisation-des-compagnies-maritimes-en-question\/\" \/>\n<meta property=\"og:locale\" content=\"fr_FR\" \/>\n<meta property=\"og:type\" content=\"article\" \/>\n<meta property=\"og:title\" content=\"Transports : La modernisation des compagnies maritimes en question - La Sentinelle\" \/>\n<meta property=\"og:description\" content=\"Le ministre des Transports, A\u00efssa Bekka\u00ef, a appel\u00e9 les directeurs et gestionnaires des soci\u00e9t\u00e9s nationales du transport maritime \u00e0 revoir\" \/>\n<meta property=\"og:url\" content=\"https:\/\/lasentinelle.dz\/index.php\/2021\/09\/14\/transports-la-modernisation-des-compagnies-maritimes-en-question\/\" \/>\n<meta property=\"og:site_name\" content=\"La Sentinelle\" \/>\n<meta property=\"article:publisher\" content=\"https:\/\/www.facebook.com\/La-Sentinelle-104059864394773\" \/>\n<meta property=\"article:published_time\" content=\"2021-09-13T23:05:00+00:00\" \/>\n<meta property=\"og:image\" content=\"https:\/\/lasentinelle.dz\/wp-content\/uploads\/2021\/09\/image_2021-09-13_180234.png\" \/>\n\t<meta property=\"og:image:width\" content=\"660\" \/>\n\t<meta property=\"og:image:height\" content=\"349\" \/>\n\t<meta property=\"og:image:type\" content=\"image\/png\" \/>\n<meta name=\"author\" content=\"La Sentinelle\" \/>\n<meta name=\"twitter:card\" content=\"summary_large_image\" \/>\n<meta name=\"twitter:label1\" content=\"\u00c9crit par\" \/>\n\t<meta name=\"twitter:data1\" content=\"La Sentinelle\" \/>\n\t<meta name=\"twitter:label2\" content=\"Dur\u00e9e de lecture estim\u00e9e\" \/>\n\t<meta name=\"twitter:data2\" content=\"2 minutes\" \/>\n<script type=\"application\/ld+json\" class=\"yoast-schema-graph\">{\"@context\":\"https:\\\/\\\/schema.org\",\"@graph\":[{\"@type\":\"Article\",\"@id\":\"https:\\\/\\\/lasentinelle.dz\\\/index.php\\\/2021\\\/09\\\/14\\\/transports-la-modernisation-des-compagnies-maritimes-en-question\\\/#article\",\"isPartOf\":{\"@id\":\"https:\\\/\\\/lasentinelle.dz\\\/index.php\\\/2021\\\/09\\\/14\\\/transports-la-modernisation-des-compagnies-maritimes-en-question\\\/\"},\"author\":{\"name\":\"La Sentinelle\",\"@id\":\"https:\\\/\\\/lasentinelle.dz\\\/#\\\/schema\\\/person\\\/d865044e22e70a75174ce8bcad3acfb3\"},\"headline\":\"Transports : La modernisation des compagnies maritimes en question\",\"datePublished\":\"2021-09-13T23:05:00+00:00\",\"mainEntityOfPage\":{\"@id\":\"https:\\\/\\\/lasentinelle.dz\\\/index.php\\\/2021\\\/09\\\/14\\\/transports-la-modernisation-des-compagnies-maritimes-en-question\\\/\"},\"wordCount\":540,\"commentCount\":0,\"publisher\":{\"@id\":\"https:\\\/\\\/lasentinelle.dz\\\/#organization\"},\"image\":{\"@id\":\"https:\\\/\\\/lasentinelle.dz\\\/index.php\\\/2021\\\/09\\\/14\\\/transports-la-modernisation-des-compagnies-maritimes-en-question\\\/#primaryimage\"},\"thumbnailUrl\":\"https:\\\/\\\/lasentinelle.dz\\\/wp-content\\\/uploads\\\/2021\\\/09\\\/image_2021-09-13_180234.png\",\"articleSection\":[\"\u00c0 la Une\",\"Actualit\u00e9\"],\"inLanguage\":\"fr-FR\",\"potentialAction\":[{\"@type\":\"CommentAction\",\"name\":\"Comment\",\"target\":[\"https:\\\/\\\/lasentinelle.dz\\\/index.php\\\/2021\\\/09\\\/14\\\/transports-la-modernisation-des-compagnies-maritimes-en-question\\\/#respond\"]}]},{\"@type\":\"WebPage\",\"@id\":\"https:\\\/\\\/lasentinelle.dz\\\/index.php\\\/2021\\\/09\\\/14\\\/transports-la-modernisation-des-compagnies-maritimes-en-question\\\/\",\"url\":\"https:\\\/\\\/lasentinelle.dz\\\/index.php\\\/2021\\\/09\\\/14\\\/transports-la-modernisation-des-compagnies-maritimes-en-question\\\/\",\"name\":\"Transports : La modernisation des compagnies maritimes en question - La Sentinelle\",\"isPartOf\":{\"@id\":\"https:\\\/\\\/lasentinelle.dz\\\/#website\"},\"primaryImageOfPage\":{\"@id\":\"https:\\\/\\\/lasentinelle.dz\\\/index.php\\\/2021\\\/09\\\/14\\\/transports-la-modernisation-des-compagnies-maritimes-en-question\\\/#primaryimage\"},\"image\":{\"@id\":\"https:\\\/\\\/lasentinelle.dz\\\/index.php\\\/2021\\\/09\\\/14\\\/transports-la-modernisation-des-compagnies-maritimes-en-question\\\/#primaryimage\"},\"thumbnailUrl\":\"https:\\\/\\\/lasentinelle.dz\\\/wp-content\\\/uploads\\\/2021\\\/09\\\/image_2021-09-13_180234.png\",\"datePublished\":\"2021-09-13T23:05:00+00:00\",\"breadcrumb\":{\"@id\":\"https:\\\/\\\/lasentinelle.dz\\\/index.php\\\/2021\\\/09\\\/14\\\/transports-la-modernisation-des-compagnies-maritimes-en-question\\\/#breadcrumb\"},\"inLanguage\":\"fr-FR\",\"potentialAction\":[{\"@type\":\"ReadAction\",\"target\":[\"https:\\\/\\\/lasentinelle.dz\\\/index.php\\\/2021\\\/09\\\/14\\\/transports-la-modernisation-des-compagnies-maritimes-en-question\\\/\"]}]},{\"@type\":\"ImageObject\",\"inLanguage\":\"fr-FR\",\"@id\":\"https:\\\/\\\/lasentinelle.dz\\\/index.php\\\/2021\\\/09\\\/14\\\/transports-la-modernisation-des-compagnies-maritimes-en-question\\\/#primaryimage\",\"url\":\"https:\\\/\\\/lasentinelle.dz\\\/wp-content\\\/uploads\\\/2021\\\/09\\\/image_2021-09-13_180234.png\",\"contentUrl\":\"https:\\\/\\\/lasentinelle.dz\\\/wp-content\\\/uploads\\\/2021\\\/09\\\/image_2021-09-13_180234.png\",\"width\":660,\"height\":349},{\"@type\":\"BreadcrumbList\",\"@id\":\"https:\\\/\\\/lasentinelle.dz\\\/index.php\\\/2021\\\/09\\\/14\\\/transports-la-modernisation-des-compagnies-maritimes-en-question\\\/#breadcrumb\",\"itemListElement\":[{\"@type\":\"ListItem\",\"position\":1,\"name\":\"Accueil\",\"item\":\"https:\\\/\\\/lasentinelle.dz\\\/\"},{\"@type\":\"ListItem\",\"position\":2,\"name\":\"Transports : La modernisation des compagnies maritimes en question\"}]},{\"@type\":\"WebSite\",\"@id\":\"https:\\\/\\\/lasentinelle.dz\\\/#website\",\"url\":\"https:\\\/\\\/lasentinelle.dz\\\/\",\"name\":\"La Sentinelle\",\"description\":\"Quotidien national d&#039;information\",\"publisher\":{\"@id\":\"https:\\\/\\\/lasentinelle.dz\\\/#organization\"},\"potentialAction\":[{\"@type\":\"SearchAction\",\"target\":{\"@type\":\"EntryPoint\",\"urlTemplate\":\"https:\\\/\\\/lasentinelle.dz\\\/?s={search_term_string}\"},\"query-input\":{\"@type\":\"PropertyValueSpecification\",\"valueRequired\":true,\"valueName\":\"search_term_string\"}}],\"inLanguage\":\"fr-FR\"},{\"@type\":\"Organization\",\"@id\":\"https:\\\/\\\/lasentinelle.dz\\\/#organization\",\"name\":\"Quotidien La Sentinelle\",\"url\":\"https:\\\/\\\/lasentinelle.dz\\\/\",\"logo\":{\"@type\":\"ImageObject\",\"inLanguage\":\"fr-FR\",\"@id\":\"https:\\\/\\\/lasentinelle.dz\\\/#\\\/schema\\\/logo\\\/image\\\/\",\"url\":\"https:\\\/\\\/lasentinelle.dz\\\/wp-content\\\/uploads\\\/2021\\\/09\\\/logo-sentinelleSLOGAN-1.png\",\"contentUrl\":\"https:\\\/\\\/lasentinelle.dz\\\/wp-content\\\/uploads\\\/2021\\\/09\\\/logo-sentinelleSLOGAN-1.png\",\"width\":615,\"height\":142,\"caption\":\"Quotidien La Sentinelle\"},\"image\":{\"@id\":\"https:\\\/\\\/lasentinelle.dz\\\/#\\\/schema\\\/logo\\\/image\\\/\"},\"sameAs\":[\"https:\\\/\\\/www.facebook.com\\\/La-Sentinelle-104059864394773\"]},{\"@type\":\"Person\",\"@id\":\"https:\\\/\\\/lasentinelle.dz\\\/#\\\/schema\\\/person\\\/d865044e22e70a75174ce8bcad3acfb3\",\"name\":\"La Sentinelle\",\"image\":{\"@type\":\"ImageObject\",\"inLanguage\":\"fr-FR\",\"@id\":\"https:\\\/\\\/secure.gravatar.com\\\/avatar\\\/57de8e5d4b15d43fb361a71fbb36338450fe67865b528a43dd10ef7c51a20392?s=96&d=mm&r=g\",\"url\":\"https:\\\/\\\/secure.gravatar.com\\\/avatar\\\/57de8e5d4b15d43fb361a71fbb36338450fe67865b528a43dd10ef7c51a20392?s=96&d=mm&r=g\",\"contentUrl\":\"https:\\\/\\\/secure.gravatar.com\\\/avatar\\\/57de8e5d4b15d43fb361a71fbb36338450fe67865b528a43dd10ef7c51a20392?s=96&d=mm&r=g\",\"caption\":\"La Sentinelle\"},\"sameAs\":[\"http:\\\/\\\/www.lasentinelle.dz\"],\"url\":\"https:\\\/\\\/lasentinelle.dz\\\/author\\\/redaction\\\/\"}]}<\/script>\n<!-- \/ Yoast SEO plugin. -->","yoast_head_json":{"title":"Transports : La modernisation des compagnies maritimes en question - La Sentinelle","robots":{"index":"index","follow":"follow","max-snippet":"max-snippet:-1","max-image-preview":"max-image-preview:large","max-video-preview":"max-video-preview:-1"},"canonical":"https:\/\/lasentinelle.dz\/index.php\/2021\/09\/14\/transports-la-modernisation-des-compagnies-maritimes-en-question\/","og_locale":"fr_FR","og_type":"article","og_title":"Transports : La modernisation des compagnies maritimes en question - La Sentinelle","og_description":"Le ministre des Transports, A\u00efssa Bekka\u00ef, a appel\u00e9 les directeurs et gestionnaires des soci\u00e9t\u00e9s nationales du transport maritime \u00e0 revoir","og_url":"https:\/\/lasentinelle.dz\/index.php\/2021\/09\/14\/transports-la-modernisation-des-compagnies-maritimes-en-question\/","og_site_name":"La Sentinelle","article_publisher":"https:\/\/www.facebook.com\/La-Sentinelle-104059864394773","article_published_time":"2021-09-13T23:05:00+00:00","og_image":[{"width":660,"height":349,"url":"https:\/\/lasentinelle.dz\/wp-content\/uploads\/2021\/09\/image_2021-09-13_180234.png","type":"image\/png"}],"author":"La Sentinelle","twitter_card":"summary_large_image","twitter_misc":{"\u00c9crit par":"La Sentinelle","Dur\u00e9e de lecture estim\u00e9e":"2 minutes"},"schema":{"@context":"https:\/\/schema.org","@graph":[{"@type":"Article","@id":"https:\/\/lasentinelle.dz\/index.php\/2021\/09\/14\/transports-la-modernisation-des-compagnies-maritimes-en-question\/#article","isPartOf":{"@id":"https:\/\/lasentinelle.dz\/index.php\/2021\/09\/14\/transports-la-modernisation-des-compagnies-maritimes-en-question\/"},"author":{"name":"La Sentinelle","@id":"https:\/\/lasentinelle.dz\/#\/schema\/person\/d865044e22e70a75174ce8bcad3acfb3"},"headline":"Transports : La modernisation des compagnies maritimes en question","datePublished":"2021-09-13T23:05:00+00:00","mainEntityOfPage":{"@id":"https:\/\/lasentinelle.dz\/index.php\/2021\/09\/14\/transports-la-modernisation-des-compagnies-maritimes-en-question\/"},"wordCount":540,"commentCount":0,"publisher":{"@id":"https:\/\/lasentinelle.dz\/#organization"},"image":{"@id":"https:\/\/lasentinelle.dz\/index.php\/2021\/09\/14\/transports-la-modernisation-des-compagnies-maritimes-en-question\/#primaryimage"},"thumbnailUrl":"https:\/\/lasentinelle.dz\/wp-content\/uploads\/2021\/09\/image_2021-09-13_180234.png","articleSection":["\u00c0 la Une","Actualit\u00e9"],"inLanguage":"fr-FR","potentialAction":[{"@type":"CommentAction","name":"Comment","target":["https:\/\/lasentinelle.dz\/index.php\/2021\/09\/14\/transports-la-modernisation-des-compagnies-maritimes-en-question\/#respond"]}]},{"@type":"WebPage","@id":"https:\/\/lasentinelle.dz\/index.php\/2021\/09\/14\/transports-la-modernisation-des-compagnies-maritimes-en-question\/","url":"https:\/\/lasentinelle.dz\/index.php\/2021\/09\/14\/transports-la-modernisation-des-compagnies-maritimes-en-question\/","name":"Transports : La modernisation des compagnies maritimes en question - La Sentinelle","isPartOf":{"@id":"https:\/\/lasentinelle.dz\/#website"},"primaryImageOfPage":{"@id":"https:\/\/lasentinelle.dz\/index.php\/2021\/09\/14\/transports-la-modernisation-des-compagnies-maritimes-en-question\/#primaryimage"},"image":{"@id":"https:\/\/lasentinelle.dz\/index.php\/2021\/09\/14\/transports-la-modernisation-des-compagnies-maritimes-en-question\/#primaryimage"},"thumbnailUrl":"https:\/\/lasentinelle.dz\/wp-content\/uploads\/2021\/09\/image_2021-09-13_180234.png","datePublished":"2021-09-13T23:05:00+00:00","breadcrumb":{"@id":"https:\/\/lasentinelle.dz\/index.php\/2021\/09\/14\/transports-la-modernisation-des-compagnies-maritimes-en-question\/#breadcrumb"},"inLanguage":"fr-FR","potentialAction":[{"@type":"ReadAction","target":["https:\/\/lasentinelle.dz\/index.php\/2021\/09\/14\/transports-la-modernisation-des-compagnies-maritimes-en-question\/"]}]},{"@type":"ImageObject","inLanguage":"fr-FR","@id":"https:\/\/lasentinelle.dz\/index.php\/2021\/09\/14\/transports-la-modernisation-des-compagnies-maritimes-en-question\/#primaryimage","url":"https:\/\/lasentinelle.dz\/wp-content\/uploads\/2021\/09\/image_2021-09-13_180234.png","contentUrl":"https:\/\/lasentinelle.dz\/wp-content\/uploads\/2021\/09\/image_2021-09-13_180234.png","width":660,"height":349},{"@type":"BreadcrumbList","@id":"https:\/\/lasentinelle.dz\/index.php\/2021\/09\/14\/transports-la-modernisation-des-compagnies-maritimes-en-question\/#breadcrumb","itemListElement":[{"@type":"ListItem","position":1,"name":"Accueil","item":"https:\/\/lasentinelle.dz\/"},{"@type":"ListItem","position":2,"name":"Transports : La modernisation des compagnies maritimes en question"}]},{"@type":"WebSite","@id":"https:\/\/lasentinelle.dz\/#website","url":"https:\/\/lasentinelle.dz\/","name":"La Sentinelle","description":"Quotidien national d&#039;information","publisher":{"@id":"https:\/\/lasentinelle.dz\/#organization"},"potentialAction":[{"@type":"SearchAction","target":{"@type":"EntryPoint","urlTemplate":"https:\/\/lasentinelle.dz\/?s={search_term_string}"},"query-input":{"@type":"PropertyValueSpecification","valueRequired":true,"valueName":"search_term_string"}}],"inLanguage":"fr-FR"},{"@type":"Organization","@id":"https:\/\/lasentinelle.dz\/#organization","name":"Quotidien La Sentinelle","url":"https:\/\/lasentinelle.dz\/","logo":{"@type":"ImageObject","inLanguage":"fr-FR","@id":"https:\/\/lasentinelle.dz\/#\/schema\/logo\/image\/","url":"https:\/\/lasentinelle.dz\/wp-content\/uploads\/2021\/09\/logo-sentinelleSLOGAN-1.png","contentUrl":"https:\/\/lasentinelle.dz\/wp-content\/uploads\/2021\/09\/logo-sentinelleSLOGAN-1.png","width":615,"height":142,"caption":"Quotidien La Sentinelle"},"image":{"@id":"https:\/\/lasentinelle.dz\/#\/schema\/logo\/image\/"},"sameAs":["https:\/\/www.facebook.com\/La-Sentinelle-104059864394773"]},{"@type":"Person","@id":"https:\/\/lasentinelle.dz\/#\/schema\/person\/d865044e22e70a75174ce8bcad3acfb3","name":"La Sentinelle","image":{"@type":"ImageObject","inLanguage":"fr-FR","@id":"https:\/\/secure.gravatar.com\/avatar\/57de8e5d4b15d43fb361a71fbb36338450fe67865b528a43dd10ef7c51a20392?s=96&d=mm&r=g","url":"https:\/\/secure.gravatar.com\/avatar\/57de8e5d4b15d43fb361a71fbb36338450fe67865b528a43dd10ef7c51a20392?s=96&d=mm&r=g","contentUrl":"https:\/\/secure.gravatar.com\/avatar\/57de8e5d4b15d43fb361a71fbb36338450fe67865b528a43dd10ef7c51a20392?s=96&d=mm&r=g","caption":"La Sentinelle"},"sameAs":["http:\/\/www.lasentinelle.dz"],"url":"https:\/\/lasentinelle.dz\/author\/redaction\/"}]}},"_links":{"self":[{"href":"https:\/\/lasentinelle.dz\/index.php\/wp-json\/wp\/v2\/posts\/7708","targetHints":{"allow":["GET"]}}],"collection":[{"href":"https:\/\/lasentinelle.dz\/index.php\/wp-json\/wp\/v2\/posts"}],"about":[{"href":"https:\/\/lasentinelle.dz\/index.php\/wp-json\/wp\/v2\/types\/post"}],"author":[{"embeddable":true,"href":"https:\/\/lasentinelle.dz\/index.php\/wp-json\/wp\/v2\/users\/3"}],"replies":[{"embeddable":true,"href":"https:\/\/lasentinelle.dz\/index.php\/wp-json\/wp\/v2\/comments?post=7708"}],"version-history":[{"count":1,"href":"https:\/\/lasentinelle.dz\/index.php\/wp-json\/wp\/v2\/posts\/7708\/revisions"}],"predecessor-version":[{"id":7715,"href":"https:\/\/lasentinelle.dz\/index.php\/wp-json\/wp\/v2\/posts\/7708\/revisions\/7715"}],"wp:featuredmedia":[{"embeddable":true,"href":"https:\/\/lasentinelle.dz\/index.php\/wp-json\/wp\/v2\/media\/7714"}],"wp:attachment":[{"href":"https:\/\/lasentinelle.dz\/index.php\/wp-json\/wp\/v2\/media?parent=7708"}],"wp:term":[{"taxonomy":"category","embeddable":true,"href":"https:\/\/lasentinelle.dz\/index.php\/wp-json\/wp\/v2\/categories?post=7708"},{"taxonomy":"post_tag","embeddable":true,"href":"https:\/\/lasentinelle.dz\/index.php\/wp-json\/wp\/v2\/tags?post=7708"}],"curies":[{"name":"wp","href":"https:\/\/api.w.org\/{rel}","templated":true}]}}