{"id":77082,"date":"2025-12-02T12:07:21","date_gmt":"2025-12-02T11:07:21","guid":{"rendered":"https:\/\/lasentinelle.dz\/?p=77082"},"modified":"2025-12-02T12:07:22","modified_gmt":"2025-12-02T11:07:22","slug":"le-haut-commissariat-a-lamazighite-plaide-pour-une-securite-culturelle","status":"publish","type":"post","link":"https:\/\/lasentinelle.dz\/index.php\/2025\/12\/02\/le-haut-commissariat-a-lamazighite-plaide-pour-une-securite-culturelle\/","title":{"rendered":"Le Haut-commissariat \u00e0 l&rsquo;amazighit\u00e9 plaide pour une s\u00e9curit\u00e9 culturelle\u00a0"},"content":{"rendered":"\n<p>L&rsquo;Universit\u00e9 Hamma Lakhdar d&rsquo;El-Oued a accueilli dimanche un s\u00e9minaire national d&rsquo;envergure consacr\u00e9 \u00e0 une th\u00e9matique aussi sensible que fondamentale : la s\u00e9curit\u00e9 culturelle en Alg\u00e9rie et le r\u00f4le de la langue amazighe dans la pr\u00e9servation de l&rsquo;identit\u00e9 nationale. Organis\u00e9e sous l&rsquo;\u00e9gide du Haut-commissariat \u00e0 l&rsquo;amazighit\u00e9, cette rencontre scientifique de deux jours a r\u00e9uni chercheurs, universitaires et responsables autour d&rsquo;une question centrale : comment la diversit\u00e9 linguistique peut-elle constituer un rempart pour l&rsquo;identit\u00e9 alg\u00e9rienne face aux d\u00e9fis contemporains ? Intervenant lors de la s\u00e9ance d&rsquo;ouverture, le secr\u00e9taire g\u00e9n\u00e9ral du HCA, Si El-Hachemi Assad, a d&#8217;embl\u00e9e pos\u00e9 les jalons d&rsquo;une r\u00e9flexion qui d\u00e9passe la simple question linguistique pour toucher au c\u0153ur m\u00eame du projet national alg\u00e9rien. Il a notamment soulign\u00e9 l&rsquo;importance de \u00ab la fusion des langues arabe et amazighe dans un espace culturel o\u00f9 la religion authentique, l&rsquo;Islam, constitue le r\u00e9f\u00e9rent spirituel et culturel rassembleur, qui a uni les Alg\u00e9riens dans leur diversit\u00e9 linguistique \u00bb. Cette vision inclusive t\u00e9moigne d&rsquo;une approche qui refuse toute opposition binaire entre les composantes de l&rsquo;identit\u00e9 nationale, pr\u00e9f\u00e9rant y voir une compl\u00e9mentarit\u00e9 enrichissante.<\/p>\n\n\n\n<p>Poursuivant son analyse, Si El-Hachemi Assad a rappel\u00e9 que l&rsquo;identit\u00e9 alg\u00e9rienne est, dans son essence, \u00ab le r\u00e9sultat d&rsquo;une convergence de plusieurs courants culturels, \u00e0 leur t\u00eate la langue et la culture, ayant donn\u00e9 lieu \u00e0 un mod\u00e8le de coexistence bas\u00e9 sur l&rsquo;ouverture, la compl\u00e9mentarit\u00e9 et le respect mutuel \u00bb. Cette conception de l&rsquo;identit\u00e9 comme construction historique et culturelle dynamique s&rsquo;inscrit en rupture avec les discours essentialistes qui ont longtemps marqu\u00e9 le d\u00e9bat public sur cette question. Le responsable du HCA a insist\u00e9 sur le fait que la pluralit\u00e9 linguistique doit \u00eatre consid\u00e9r\u00e9e comme \u00ab une des composantes de la s\u00e9curit\u00e9 culturelle nationale \u00bb, \u00e9levant ainsi la question linguistique au rang de priorit\u00e9 strat\u00e9gique pour l&rsquo;\u00c9tat Cette approche trouve sa traduction concr\u00e8te dans l&rsquo;\u00e9volution du cadre juridique alg\u00e9rien. Si El-Hachemi Assad a rappel\u00e9 que la vision du l\u00e9gislateur concernant la pluralit\u00e9 linguistique en Alg\u00e9rie \u00e9mane de sa conviction qu&rsquo;il s&rsquo;agit \u00ab d&rsquo;une des composantes de la s\u00e9curit\u00e9 culturelle nationale \u00bb, ce qui a conduit \u00ab \u00e0 la reconnaissance constitutionnelle de la langue amazighe, dans une premi\u00e8re phase, puis sa d\u00e9signation comme langue nationale aux c\u00f4t\u00e9s de la langue arabe \u00bb. Cette cons\u00e9cration constitutionnelle s&rsquo;accompagne, selon lui, de \u00ab la mise en place de m\u00e9canismes visant sa promotion, dans une d\u00e9marche exprimant le respect de la diversit\u00e9, en synergie avec les engagements et orientations de l&rsquo;\u00c9tat national \u00bb.<\/p>\n\n\n\n<p>Au-del\u00e0 des aspects institutionnels, le secr\u00e9taire g\u00e9n\u00e9ral du HCA a soulign\u00e9 la responsabilit\u00e9 particuli\u00e8re qui incombe au monde universitaire dans ce processus. M. Assad a mis l&rsquo;accent \u00ab sur l&rsquo;importance du r\u00f4le pivot de l&rsquo;\u00e9lite universitaire dans le renforcement de la conscience nationale et l&rsquo;immunisation de la soci\u00e9t\u00e9 de toute tentative de mise en doute ou de ciblage du pays \u00bb. Il a appel\u00e9 \u00e0 \u00ab davantage de vigilance et de mobilisation face aux tentatives de semer la discorde ou de porter atteinte \u00e0 la s\u00e9curit\u00e9 de la nation \u00bb, inscrivant ainsi la production intellectuelle dans une dimension \u00e0 la fois scientifique et citoyenne.<\/p>\n\n\n\n<p>De son c\u00f4t\u00e9, la pr\u00e9sidente du s\u00e9minaire, Mme Dalal Ouch\u00e8ne, doyenne de la Facult\u00e9 des lettres et des langues, a pr\u00e9cis\u00e9 que cette rencontre vise \u00e0 \u00ab apporter une contribution de l&rsquo;Universit\u00e9 \u00e0 la production d&rsquo;un discours scientifique mature, qui consolide les constantes et consacre l&rsquo;immunit\u00e9 intellectuelle de la soci\u00e9t\u00e9 \u00bb. Les travaux du s\u00e9minaire, articul\u00e9s autour de seize communications, explorent diff\u00e9rentes facettes de la probl\u00e9matique : la s\u00e9curit\u00e9 culturelle et la langue amazighe, l&rsquo;identit\u00e9 nationale, l&rsquo;\u00e9ducation et l&rsquo;enseignement, ainsi que le r\u00f4le des m\u00e9dias et de la communication au service de la s\u00e9curit\u00e9 culturelle. Cette approche pluridisciplinaire permet d&rsquo;appr\u00e9hender dans toute sa complexit\u00e9 la question de l&rsquo;identit\u00e9 nationale, loin des simplifications r\u00e9ductrices, en affirmant que la diversit\u00e9 linguistique et culturelle constitue non pas une menace, mais un atout strat\u00e9gique pour la nation.<\/p>\n\n\n\n<p>M.S.<\/p>\n","protected":false},"excerpt":{"rendered":"<p>L&rsquo;Universit\u00e9 Hamma Lakhdar d&rsquo;El-Oued a accueilli dimanche un s\u00e9minaire national d&rsquo;envergure consacr\u00e9 \u00e0 une th\u00e9matique aussi sensible que fondamentale :<\/p>\n","protected":false},"author":6,"featured_media":3540,"comment_status":"open","ping_status":"closed","sticky":false,"template":"","format":"standard","meta":{"colormag_page_container_layout":"default_layout","colormag_page_sidebar_layout":"default_layout","om_disable_all_campaigns":false,"_monsterinsights_skip_tracking":false,"_monsterinsights_sitenote_active":false,"_monsterinsights_sitenote_note":"","_monsterinsights_sitenote_category":0,"footnotes":"","_wpscppro_dont_share_socialmedia":false,"_wpscppro_custom_social_share_image":0,"_facebook_share_type":"default","_twitter_share_type":"default","_linkedin_share_type":"default","_pinterest_share_type":"default","_linkedin_share_type_page":"","_instagram_share_type":"default","_medium_share_type":"default","_threads_share_type":"default","_google_business_share_type":"default","_selected_social_profile":[],"_wpsp_enable_custom_social_template":false,"_wpsp_social_scheduling":{"enabled":false,"datetime":null,"platforms":[],"status":"template_only","dateOption":"today","timeOption":"now","customDays":"","customHours":"","customDate":"","customTime":"","schedulingType":"absolute"},"_wpsp_active_default_template":true},"categories":[36],"tags":[],"class_list":["post-77082","post","type-post","status-publish","format-standard","has-post-thumbnail","hentry","category-culture"],"aioseo_notices":[],"yoast_head":"<!-- This site is optimized with the Yoast SEO plugin v27.4 - https:\/\/yoast.com\/product\/yoast-seo-wordpress\/ -->\n<title>Le Haut-commissariat \u00e0 l&rsquo;amazighit\u00e9 plaide pour une s\u00e9curit\u00e9 culturelle\u00a0 - La Sentinelle<\/title>\n<meta name=\"robots\" content=\"index, follow, max-snippet:-1, max-image-preview:large, max-video-preview:-1\" \/>\n<link rel=\"canonical\" href=\"https:\/\/lasentinelle.dz\/index.php\/2025\/12\/02\/le-haut-commissariat-a-lamazighite-plaide-pour-une-securite-culturelle\/\" \/>\n<meta property=\"og:locale\" content=\"fr_FR\" \/>\n<meta property=\"og:type\" content=\"article\" \/>\n<meta property=\"og:title\" content=\"Le Haut-commissariat \u00e0 l&rsquo;amazighit\u00e9 plaide pour une s\u00e9curit\u00e9 culturelle\u00a0 - La Sentinelle\" \/>\n<meta property=\"og:description\" content=\"L&rsquo;Universit\u00e9 Hamma Lakhdar d&rsquo;El-Oued a accueilli dimanche un s\u00e9minaire national d&rsquo;envergure consacr\u00e9 \u00e0 une th\u00e9matique aussi sensible que fondamentale :\" \/>\n<meta property=\"og:url\" content=\"https:\/\/lasentinelle.dz\/index.php\/2025\/12\/02\/le-haut-commissariat-a-lamazighite-plaide-pour-une-securite-culturelle\/\" \/>\n<meta property=\"og:site_name\" content=\"La Sentinelle\" \/>\n<meta property=\"article:publisher\" content=\"https:\/\/www.facebook.com\/La-Sentinelle-104059864394773\" \/>\n<meta property=\"article:published_time\" content=\"2025-12-02T11:07:21+00:00\" \/>\n<meta property=\"article:modified_time\" content=\"2025-12-02T11:07:22+00:00\" \/>\n<meta property=\"og:image\" content=\"https:\/\/lasentinelle.dz\/wp-content\/uploads\/2021\/08\/HCA.png\" \/>\n\t<meta property=\"og:image:width\" content=\"1351\" \/>\n\t<meta property=\"og:image:height\" content=\"900\" \/>\n\t<meta property=\"og:image:type\" content=\"image\/png\" \/>\n<meta name=\"author\" content=\"admin\" \/>\n<meta name=\"twitter:card\" content=\"summary_large_image\" \/>\n<meta name=\"twitter:label1\" content=\"\u00c9crit par\" \/>\n\t<meta name=\"twitter:data1\" content=\"admin\" \/>\n\t<meta name=\"twitter:label2\" content=\"Dur\u00e9e de lecture estim\u00e9e\" \/>\n\t<meta name=\"twitter:data2\" content=\"4 minutes\" \/>\n<script type=\"application\/ld+json\" class=\"yoast-schema-graph\">{\"@context\":\"https:\\\/\\\/schema.org\",\"@graph\":[{\"@type\":\"Article\",\"@id\":\"https:\\\/\\\/lasentinelle.dz\\\/index.php\\\/2025\\\/12\\\/02\\\/le-haut-commissariat-a-lamazighite-plaide-pour-une-securite-culturelle\\\/#article\",\"isPartOf\":{\"@id\":\"https:\\\/\\\/lasentinelle.dz\\\/index.php\\\/2025\\\/12\\\/02\\\/le-haut-commissariat-a-lamazighite-plaide-pour-une-securite-culturelle\\\/\"},\"author\":{\"name\":\"admin\",\"@id\":\"https:\\\/\\\/lasentinelle.dz\\\/#\\\/schema\\\/person\\\/729ee0024f24e0b8c5ec17232f8e8b41\"},\"headline\":\"Le Haut-commissariat \u00e0 l&rsquo;amazighit\u00e9 plaide pour une s\u00e9curit\u00e9 culturelle\u00a0\",\"datePublished\":\"2025-12-02T11:07:21+00:00\",\"dateModified\":\"2025-12-02T11:07:22+00:00\",\"mainEntityOfPage\":{\"@id\":\"https:\\\/\\\/lasentinelle.dz\\\/index.php\\\/2025\\\/12\\\/02\\\/le-haut-commissariat-a-lamazighite-plaide-pour-une-securite-culturelle\\\/\"},\"wordCount\":734,\"commentCount\":0,\"publisher\":{\"@id\":\"https:\\\/\\\/lasentinelle.dz\\\/#organization\"},\"image\":{\"@id\":\"https:\\\/\\\/lasentinelle.dz\\\/index.php\\\/2025\\\/12\\\/02\\\/le-haut-commissariat-a-lamazighite-plaide-pour-une-securite-culturelle\\\/#primaryimage\"},\"thumbnailUrl\":\"https:\\\/\\\/lasentinelle.dz\\\/wp-content\\\/uploads\\\/2021\\\/08\\\/HCA.png\",\"articleSection\":[\"Culture\"],\"inLanguage\":\"fr-FR\",\"potentialAction\":[{\"@type\":\"CommentAction\",\"name\":\"Comment\",\"target\":[\"https:\\\/\\\/lasentinelle.dz\\\/index.php\\\/2025\\\/12\\\/02\\\/le-haut-commissariat-a-lamazighite-plaide-pour-une-securite-culturelle\\\/#respond\"]}]},{\"@type\":\"WebPage\",\"@id\":\"https:\\\/\\\/lasentinelle.dz\\\/index.php\\\/2025\\\/12\\\/02\\\/le-haut-commissariat-a-lamazighite-plaide-pour-une-securite-culturelle\\\/\",\"url\":\"https:\\\/\\\/lasentinelle.dz\\\/index.php\\\/2025\\\/12\\\/02\\\/le-haut-commissariat-a-lamazighite-plaide-pour-une-securite-culturelle\\\/\",\"name\":\"Le Haut-commissariat \u00e0 l&rsquo;amazighit\u00e9 plaide pour une s\u00e9curit\u00e9 culturelle\u00a0 - La Sentinelle\",\"isPartOf\":{\"@id\":\"https:\\\/\\\/lasentinelle.dz\\\/#website\"},\"primaryImageOfPage\":{\"@id\":\"https:\\\/\\\/lasentinelle.dz\\\/index.php\\\/2025\\\/12\\\/02\\\/le-haut-commissariat-a-lamazighite-plaide-pour-une-securite-culturelle\\\/#primaryimage\"},\"image\":{\"@id\":\"https:\\\/\\\/lasentinelle.dz\\\/index.php\\\/2025\\\/12\\\/02\\\/le-haut-commissariat-a-lamazighite-plaide-pour-une-securite-culturelle\\\/#primaryimage\"},\"thumbnailUrl\":\"https:\\\/\\\/lasentinelle.dz\\\/wp-content\\\/uploads\\\/2021\\\/08\\\/HCA.png\",\"datePublished\":\"2025-12-02T11:07:21+00:00\",\"dateModified\":\"2025-12-02T11:07:22+00:00\",\"breadcrumb\":{\"@id\":\"https:\\\/\\\/lasentinelle.dz\\\/index.php\\\/2025\\\/12\\\/02\\\/le-haut-commissariat-a-lamazighite-plaide-pour-une-securite-culturelle\\\/#breadcrumb\"},\"inLanguage\":\"fr-FR\",\"potentialAction\":[{\"@type\":\"ReadAction\",\"target\":[\"https:\\\/\\\/lasentinelle.dz\\\/index.php\\\/2025\\\/12\\\/02\\\/le-haut-commissariat-a-lamazighite-plaide-pour-une-securite-culturelle\\\/\"]}]},{\"@type\":\"ImageObject\",\"inLanguage\":\"fr-FR\",\"@id\":\"https:\\\/\\\/lasentinelle.dz\\\/index.php\\\/2025\\\/12\\\/02\\\/le-haut-commissariat-a-lamazighite-plaide-pour-une-securite-culturelle\\\/#primaryimage\",\"url\":\"https:\\\/\\\/lasentinelle.dz\\\/wp-content\\\/uploads\\\/2021\\\/08\\\/HCA.png\",\"contentUrl\":\"https:\\\/\\\/lasentinelle.dz\\\/wp-content\\\/uploads\\\/2021\\\/08\\\/HCA.png\",\"width\":1351,\"height\":900},{\"@type\":\"BreadcrumbList\",\"@id\":\"https:\\\/\\\/lasentinelle.dz\\\/index.php\\\/2025\\\/12\\\/02\\\/le-haut-commissariat-a-lamazighite-plaide-pour-une-securite-culturelle\\\/#breadcrumb\",\"itemListElement\":[{\"@type\":\"ListItem\",\"position\":1,\"name\":\"Accueil\",\"item\":\"https:\\\/\\\/lasentinelle.dz\\\/\"},{\"@type\":\"ListItem\",\"position\":2,\"name\":\"Le Haut-commissariat \u00e0 l&rsquo;amazighit\u00e9 plaide pour une s\u00e9curit\u00e9 culturelle\u00a0\"}]},{\"@type\":\"WebSite\",\"@id\":\"https:\\\/\\\/lasentinelle.dz\\\/#website\",\"url\":\"https:\\\/\\\/lasentinelle.dz\\\/\",\"name\":\"La Sentinelle\",\"description\":\"Quotidien national d&#039;information\",\"publisher\":{\"@id\":\"https:\\\/\\\/lasentinelle.dz\\\/#organization\"},\"potentialAction\":[{\"@type\":\"SearchAction\",\"target\":{\"@type\":\"EntryPoint\",\"urlTemplate\":\"https:\\\/\\\/lasentinelle.dz\\\/?s={search_term_string}\"},\"query-input\":{\"@type\":\"PropertyValueSpecification\",\"valueRequired\":true,\"valueName\":\"search_term_string\"}}],\"inLanguage\":\"fr-FR\"},{\"@type\":\"Organization\",\"@id\":\"https:\\\/\\\/lasentinelle.dz\\\/#organization\",\"name\":\"Quotidien La Sentinelle\",\"url\":\"https:\\\/\\\/lasentinelle.dz\\\/\",\"logo\":{\"@type\":\"ImageObject\",\"inLanguage\":\"fr-FR\",\"@id\":\"https:\\\/\\\/lasentinelle.dz\\\/#\\\/schema\\\/logo\\\/image\\\/\",\"url\":\"https:\\\/\\\/lasentinelle.dz\\\/wp-content\\\/uploads\\\/2021\\\/09\\\/logo-sentinelleSLOGAN-1.png\",\"contentUrl\":\"https:\\\/\\\/lasentinelle.dz\\\/wp-content\\\/uploads\\\/2021\\\/09\\\/logo-sentinelleSLOGAN-1.png\",\"width\":615,\"height\":142,\"caption\":\"Quotidien La Sentinelle\"},\"image\":{\"@id\":\"https:\\\/\\\/lasentinelle.dz\\\/#\\\/schema\\\/logo\\\/image\\\/\"},\"sameAs\":[\"https:\\\/\\\/www.facebook.com\\\/La-Sentinelle-104059864394773\"]},{\"@type\":\"Person\",\"@id\":\"https:\\\/\\\/lasentinelle.dz\\\/#\\\/schema\\\/person\\\/729ee0024f24e0b8c5ec17232f8e8b41\",\"name\":\"admin\",\"image\":{\"@type\":\"ImageObject\",\"inLanguage\":\"fr-FR\",\"@id\":\"https:\\\/\\\/secure.gravatar.com\\\/avatar\\\/4c81fed838786e9b53f540bf46533e750f5d292099ae3b66cfc6fb1982e29df7?s=96&d=mm&r=g\",\"url\":\"https:\\\/\\\/secure.gravatar.com\\\/avatar\\\/4c81fed838786e9b53f540bf46533e750f5d292099ae3b66cfc6fb1982e29df7?s=96&d=mm&r=g\",\"contentUrl\":\"https:\\\/\\\/secure.gravatar.com\\\/avatar\\\/4c81fed838786e9b53f540bf46533e750f5d292099ae3b66cfc6fb1982e29df7?s=96&d=mm&r=g\",\"caption\":\"admin\"},\"description\":\"admin\",\"url\":\"https:\\\/\\\/lasentinelle.dz\\\/author\\\/admin\\\/\"}]}<\/script>\n<!-- \/ Yoast SEO plugin. -->","yoast_head_json":{"title":"Le Haut-commissariat \u00e0 l&rsquo;amazighit\u00e9 plaide pour une s\u00e9curit\u00e9 culturelle\u00a0 - La Sentinelle","robots":{"index":"index","follow":"follow","max-snippet":"max-snippet:-1","max-image-preview":"max-image-preview:large","max-video-preview":"max-video-preview:-1"},"canonical":"https:\/\/lasentinelle.dz\/index.php\/2025\/12\/02\/le-haut-commissariat-a-lamazighite-plaide-pour-une-securite-culturelle\/","og_locale":"fr_FR","og_type":"article","og_title":"Le Haut-commissariat \u00e0 l&rsquo;amazighit\u00e9 plaide pour une s\u00e9curit\u00e9 culturelle\u00a0 - La Sentinelle","og_description":"L&rsquo;Universit\u00e9 Hamma Lakhdar d&rsquo;El-Oued a accueilli dimanche un s\u00e9minaire national d&rsquo;envergure consacr\u00e9 \u00e0 une th\u00e9matique aussi sensible que fondamentale :","og_url":"https:\/\/lasentinelle.dz\/index.php\/2025\/12\/02\/le-haut-commissariat-a-lamazighite-plaide-pour-une-securite-culturelle\/","og_site_name":"La Sentinelle","article_publisher":"https:\/\/www.facebook.com\/La-Sentinelle-104059864394773","article_published_time":"2025-12-02T11:07:21+00:00","article_modified_time":"2025-12-02T11:07:22+00:00","og_image":[{"width":1351,"height":900,"url":"https:\/\/lasentinelle.dz\/wp-content\/uploads\/2021\/08\/HCA.png","type":"image\/png"}],"author":"admin","twitter_card":"summary_large_image","twitter_misc":{"\u00c9crit par":"admin","Dur\u00e9e de lecture estim\u00e9e":"4 minutes"},"schema":{"@context":"https:\/\/schema.org","@graph":[{"@type":"Article","@id":"https:\/\/lasentinelle.dz\/index.php\/2025\/12\/02\/le-haut-commissariat-a-lamazighite-plaide-pour-une-securite-culturelle\/#article","isPartOf":{"@id":"https:\/\/lasentinelle.dz\/index.php\/2025\/12\/02\/le-haut-commissariat-a-lamazighite-plaide-pour-une-securite-culturelle\/"},"author":{"name":"admin","@id":"https:\/\/lasentinelle.dz\/#\/schema\/person\/729ee0024f24e0b8c5ec17232f8e8b41"},"headline":"Le Haut-commissariat \u00e0 l&rsquo;amazighit\u00e9 plaide pour une s\u00e9curit\u00e9 culturelle\u00a0","datePublished":"2025-12-02T11:07:21+00:00","dateModified":"2025-12-02T11:07:22+00:00","mainEntityOfPage":{"@id":"https:\/\/lasentinelle.dz\/index.php\/2025\/12\/02\/le-haut-commissariat-a-lamazighite-plaide-pour-une-securite-culturelle\/"},"wordCount":734,"commentCount":0,"publisher":{"@id":"https:\/\/lasentinelle.dz\/#organization"},"image":{"@id":"https:\/\/lasentinelle.dz\/index.php\/2025\/12\/02\/le-haut-commissariat-a-lamazighite-plaide-pour-une-securite-culturelle\/#primaryimage"},"thumbnailUrl":"https:\/\/lasentinelle.dz\/wp-content\/uploads\/2021\/08\/HCA.png","articleSection":["Culture"],"inLanguage":"fr-FR","potentialAction":[{"@type":"CommentAction","name":"Comment","target":["https:\/\/lasentinelle.dz\/index.php\/2025\/12\/02\/le-haut-commissariat-a-lamazighite-plaide-pour-une-securite-culturelle\/#respond"]}]},{"@type":"WebPage","@id":"https:\/\/lasentinelle.dz\/index.php\/2025\/12\/02\/le-haut-commissariat-a-lamazighite-plaide-pour-une-securite-culturelle\/","url":"https:\/\/lasentinelle.dz\/index.php\/2025\/12\/02\/le-haut-commissariat-a-lamazighite-plaide-pour-une-securite-culturelle\/","name":"Le Haut-commissariat \u00e0 l&rsquo;amazighit\u00e9 plaide pour une s\u00e9curit\u00e9 culturelle\u00a0 - La Sentinelle","isPartOf":{"@id":"https:\/\/lasentinelle.dz\/#website"},"primaryImageOfPage":{"@id":"https:\/\/lasentinelle.dz\/index.php\/2025\/12\/02\/le-haut-commissariat-a-lamazighite-plaide-pour-une-securite-culturelle\/#primaryimage"},"image":{"@id":"https:\/\/lasentinelle.dz\/index.php\/2025\/12\/02\/le-haut-commissariat-a-lamazighite-plaide-pour-une-securite-culturelle\/#primaryimage"},"thumbnailUrl":"https:\/\/lasentinelle.dz\/wp-content\/uploads\/2021\/08\/HCA.png","datePublished":"2025-12-02T11:07:21+00:00","dateModified":"2025-12-02T11:07:22+00:00","breadcrumb":{"@id":"https:\/\/lasentinelle.dz\/index.php\/2025\/12\/02\/le-haut-commissariat-a-lamazighite-plaide-pour-une-securite-culturelle\/#breadcrumb"},"inLanguage":"fr-FR","potentialAction":[{"@type":"ReadAction","target":["https:\/\/lasentinelle.dz\/index.php\/2025\/12\/02\/le-haut-commissariat-a-lamazighite-plaide-pour-une-securite-culturelle\/"]}]},{"@type":"ImageObject","inLanguage":"fr-FR","@id":"https:\/\/lasentinelle.dz\/index.php\/2025\/12\/02\/le-haut-commissariat-a-lamazighite-plaide-pour-une-securite-culturelle\/#primaryimage","url":"https:\/\/lasentinelle.dz\/wp-content\/uploads\/2021\/08\/HCA.png","contentUrl":"https:\/\/lasentinelle.dz\/wp-content\/uploads\/2021\/08\/HCA.png","width":1351,"height":900},{"@type":"BreadcrumbList","@id":"https:\/\/lasentinelle.dz\/index.php\/2025\/12\/02\/le-haut-commissariat-a-lamazighite-plaide-pour-une-securite-culturelle\/#breadcrumb","itemListElement":[{"@type":"ListItem","position":1,"name":"Accueil","item":"https:\/\/lasentinelle.dz\/"},{"@type":"ListItem","position":2,"name":"Le Haut-commissariat \u00e0 l&rsquo;amazighit\u00e9 plaide pour une s\u00e9curit\u00e9 culturelle\u00a0"}]},{"@type":"WebSite","@id":"https:\/\/lasentinelle.dz\/#website","url":"https:\/\/lasentinelle.dz\/","name":"La Sentinelle","description":"Quotidien national d&#039;information","publisher":{"@id":"https:\/\/lasentinelle.dz\/#organization"},"potentialAction":[{"@type":"SearchAction","target":{"@type":"EntryPoint","urlTemplate":"https:\/\/lasentinelle.dz\/?s={search_term_string}"},"query-input":{"@type":"PropertyValueSpecification","valueRequired":true,"valueName":"search_term_string"}}],"inLanguage":"fr-FR"},{"@type":"Organization","@id":"https:\/\/lasentinelle.dz\/#organization","name":"Quotidien La Sentinelle","url":"https:\/\/lasentinelle.dz\/","logo":{"@type":"ImageObject","inLanguage":"fr-FR","@id":"https:\/\/lasentinelle.dz\/#\/schema\/logo\/image\/","url":"https:\/\/lasentinelle.dz\/wp-content\/uploads\/2021\/09\/logo-sentinelleSLOGAN-1.png","contentUrl":"https:\/\/lasentinelle.dz\/wp-content\/uploads\/2021\/09\/logo-sentinelleSLOGAN-1.png","width":615,"height":142,"caption":"Quotidien La Sentinelle"},"image":{"@id":"https:\/\/lasentinelle.dz\/#\/schema\/logo\/image\/"},"sameAs":["https:\/\/www.facebook.com\/La-Sentinelle-104059864394773"]},{"@type":"Person","@id":"https:\/\/lasentinelle.dz\/#\/schema\/person\/729ee0024f24e0b8c5ec17232f8e8b41","name":"admin","image":{"@type":"ImageObject","inLanguage":"fr-FR","@id":"https:\/\/secure.gravatar.com\/avatar\/4c81fed838786e9b53f540bf46533e750f5d292099ae3b66cfc6fb1982e29df7?s=96&d=mm&r=g","url":"https:\/\/secure.gravatar.com\/avatar\/4c81fed838786e9b53f540bf46533e750f5d292099ae3b66cfc6fb1982e29df7?s=96&d=mm&r=g","contentUrl":"https:\/\/secure.gravatar.com\/avatar\/4c81fed838786e9b53f540bf46533e750f5d292099ae3b66cfc6fb1982e29df7?s=96&d=mm&r=g","caption":"admin"},"description":"admin","url":"https:\/\/lasentinelle.dz\/author\/admin\/"}]}},"_links":{"self":[{"href":"https:\/\/lasentinelle.dz\/index.php\/wp-json\/wp\/v2\/posts\/77082","targetHints":{"allow":["GET"]}}],"collection":[{"href":"https:\/\/lasentinelle.dz\/index.php\/wp-json\/wp\/v2\/posts"}],"about":[{"href":"https:\/\/lasentinelle.dz\/index.php\/wp-json\/wp\/v2\/types\/post"}],"author":[{"embeddable":true,"href":"https:\/\/lasentinelle.dz\/index.php\/wp-json\/wp\/v2\/users\/6"}],"replies":[{"embeddable":true,"href":"https:\/\/lasentinelle.dz\/index.php\/wp-json\/wp\/v2\/comments?post=77082"}],"version-history":[{"count":2,"href":"https:\/\/lasentinelle.dz\/index.php\/wp-json\/wp\/v2\/posts\/77082\/revisions"}],"predecessor-version":[{"id":77084,"href":"https:\/\/lasentinelle.dz\/index.php\/wp-json\/wp\/v2\/posts\/77082\/revisions\/77084"}],"wp:featuredmedia":[{"embeddable":true,"href":"https:\/\/lasentinelle.dz\/index.php\/wp-json\/wp\/v2\/media\/3540"}],"wp:attachment":[{"href":"https:\/\/lasentinelle.dz\/index.php\/wp-json\/wp\/v2\/media?parent=77082"}],"wp:term":[{"taxonomy":"category","embeddable":true,"href":"https:\/\/lasentinelle.dz\/index.php\/wp-json\/wp\/v2\/categories?post=77082"},{"taxonomy":"post_tag","embeddable":true,"href":"https:\/\/lasentinelle.dz\/index.php\/wp-json\/wp\/v2\/tags?post=77082"}],"curies":[{"name":"wp","href":"https:\/\/api.w.org\/{rel}","templated":true}]}}