{"id":7710,"date":"2021-09-14T00:01:00","date_gmt":"2021-09-13T23:01:00","guid":{"rendered":"https:\/\/lasentinelle.dz\/?p=7710"},"modified":"2021-09-13T18:30:33","modified_gmt":"2021-09-13T17:30:33","slug":"propos-racistes-et-haineux-lauteur-de-la-video-ecope-de-8-mois-de-prison-ferme","status":"publish","type":"post","link":"https:\/\/lasentinelle.dz\/index.php\/2021\/09\/14\/propos-racistes-et-haineux-lauteur-de-la-video-ecope-de-8-mois-de-prison-ferme\/","title":{"rendered":"Propos racistes et haineux : L\u2019auteur de la vid\u00e9o \u00e9cope de 8 mois de prison ferme"},"content":{"rendered":"\n<p>Le&nbsp; tribunal correctionnel de Annaba a condamn\u00e9, hier,&nbsp; le l\u2019auteur d\u2019une vid\u00e9o incitant \u00e0 la violence, et r\u00e9pondant au surnom de \u00ab&nbsp;Rayfa&nbsp;\u00bb \u00e0 huit mois de prison ferme assortie d\u2019une amende de 100.000 DA, apprend-on de source judiciaire. Notre source \u00e0 fait savoir que le mis en cause a \u00e9t\u00e9 poursuivi et reconnu coupable pour l\u2019incitation \u00e0 la haine et la diffusion d\u2019un discours de haine et de violence contre les citoyens de la Kabylie. Quant \u00e0 la seconde affaire, relative \u00e0&nbsp; \u00ab&nbsp;vol&nbsp;\u00bb et aux \u00ab&nbsp;troubles \u00e0 l\u2019ordre public&nbsp;\u00bb, Rayfa a b\u00e9n\u00e9fici\u00e9 de la relaxe. Rappelons que, que l\u2019auteur de la vid\u00e9o appelant \u00e0 la haine raciale a \u00e9t\u00e9 plac\u00e9 sous mandat de d\u00e9p\u00f4t, le 23 ao\u00fbt dernier par le juge charg\u00e9 de la section correctionnelle pr\u00e8s le tribunal d\u2019Annaba. La vid\u00e9o film\u00e9e quelques jours apr\u00e8s la mise \u00e0 mort de Djamel Bensemail \u00e0 Larbaa Nath Irathen a \u00e9t\u00e9 massivement relay\u00e9e sur les r\u00e9seaux sociaux. Lors de son r\u00e9quisitoire, le minist\u00e8re public relevant du m\u00eame tribunal avait requis&nbsp; de lourdes&nbsp; peines de prison \u00e0 l\u2019encontre de cet internaute&nbsp; et principal accus\u00e9 dans deux affaires, \u00e0 savoir \u00ab&nbsp;appel \u00e0 la haine raciale&nbsp;\u00bb et \u00ab&nbsp;incitation au crime et atteinte \u00e0 l\u2019ordre public&nbsp;\u00bb. Pour la premi\u00e8re affaire le minist\u00e8re public a requis 5 ans de prison ferme, tandis que pour la seconde, il a requis une ann\u00e9e de prison ferme assortie d\u2019une amende&nbsp; d\u2019un dinar symbolique.&nbsp; Le mis en cause, un repris de justice, \u00e2g\u00e9 de 32 ans&nbsp; avait \u00e9t\u00e9, rappelons-le, mis en examen et plac\u00e9 en garde \u00e0 vue \u00e0 l&rsquo;issue de son audition par les enqu\u00eateurs de la brigade scientifique de la police judiciaire, relevant de la s\u00fbret\u00e9 de la wilaya d\u2019Annaba. Le lendemain, il a \u00e9t\u00e9 mis sous mandat de d\u00e9p\u00f4t par le magistrat instructeur en charge du dossier. La g\u00e9n\u00e8se de cette affaire qui a secou\u00e9 le pays et fait couler beaucoup d\u2019encre, remonte au 17 ao\u00fbt dernier, soit quelque jours apr\u00e8s la diffusion sur les r\u00e9seaux sociaux (Facebook, Instagram et Tiktok) d\u2019une vid\u00e9o appelant \u00e0 la haine raciale, par des auteurs qui se faisaient passer pour des Annabis. Un scandale auquel la Ligue Alg\u00e9rienne des Droits de l\u2019Homme (LADH) a aussit\u00f4t r\u00e9agi, en introduisant quelques heures plus tard, une plainte contre&nbsp;&nbsp; \u2018\u2019X\u2019\u2019 aupr\u00e8s du procureur de la R\u00e9publique pr\u00e8s le tribunal d\u2019Annaba afin que tous les individus ayant pris part \u00e0 cette vid\u00e9o soient identifi\u00e9s et jug\u00e9s pour \u00ab&nbsp;discours de la haine comprenant un appel \u00e0 la violence&nbsp;\u00bb.Ladite vid\u00e9o a \u00e9t\u00e9 diffus\u00e9e apr\u00e8s le meurtre ignoble et abject perp\u00e9tr\u00e9 contre le d\u00e9funt Djamel Bensemail, et est devenue en quelques heures virale. Sur la vid\u00e9o on voyait trois jeunes,&nbsp; se disant d\u2019Annaba, appeler \u00e0 rayer la Kabylie de la carte de l\u2019Alg\u00e9rie.&nbsp; Pour la LADH bureau d\u2019Annaba, ces individus tentent d\u2019utiliser la trag\u00e9die nationale et l\u2019effet de choc provoqu\u00e9 par l\u2019horrible assassinat de Djamel Bensmaine, pour cracher leur venin et distiller leur haine. Aussit\u00f4t la machine judiciaire mise en marche, l\u2019auteur de la vid\u00e9o identifi\u00e9 a \u00e9t\u00e9 convoqu\u00e9&nbsp; par les services de s\u00e9curit\u00e9. Cet ancien \u00ab&nbsp;parkingueur&nbsp;\u00bb et repris de justice, surnomm\u00e9 \u00ab&nbsp;Rayfa&nbsp;\u00bb avait \u00e9galement \u00e9t\u00e9 poursuivi pour incitation au crime et atteinte \u00e0 l\u2019ordre public suite \u00e0 des propos tenus dans une vid\u00e9o adress\u00e9e au pr\u00e9sident de la R\u00e9publique, et post\u00e9e sur les r\u00e9seaux sociaux au lendemain de la fermeture des parkings sauvages impos\u00e9e sur le littoral \u00e0 la veille de l\u2019ouverture de la saison estivale en cours.<\/p>\n\n\n\n<p><strong>Sofia Chahine<\/strong><\/p>\n","protected":false},"excerpt":{"rendered":"<p>Le&nbsp; tribunal correctionnel de Annaba a condamn\u00e9, hier,&nbsp; le l\u2019auteur d\u2019une vid\u00e9o incitant \u00e0 la violence, et r\u00e9pondant au surnom<\/p>\n","protected":false},"author":3,"featured_media":7723,"comment_status":"open","ping_status":"closed","sticky":false,"template":"","format":"standard","meta":{"colormag_page_container_layout":"default_layout","colormag_page_sidebar_layout":"default_layout","om_disable_all_campaigns":false,"_monsterinsights_skip_tracking":false,"_monsterinsights_sitenote_active":false,"_monsterinsights_sitenote_note":"","_monsterinsights_sitenote_category":0,"footnotes":"","_wpscppro_dont_share_socialmedia":false,"_wpscppro_custom_social_share_image":0,"_facebook_share_type":"","_twitter_share_type":"","_linkedin_share_type":"","_pinterest_share_type":"","_linkedin_share_type_page":"","_instagram_share_type":"","_medium_share_type":"","_threads_share_type":"","_google_business_share_type":"","_selected_social_profile":[],"_wpsp_enable_custom_social_template":false,"_wpsp_social_scheduling":{"enabled":false,"datetime":null,"platforms":[],"status":"template_only","dateOption":"today","timeOption":"now","customDays":"","customHours":"","customDate":"","customTime":"","schedulingType":"absolute"},"_wpsp_active_default_template":true},"categories":[27],"tags":[],"class_list":["post-7710","post","type-post","status-publish","format-standard","has-post-thumbnail","hentry","category-actualite"],"aioseo_notices":[],"yoast_head":"<!-- This site is optimized with the Yoast SEO plugin v27.5 - https:\/\/yoast.com\/product\/yoast-seo-wordpress\/ -->\n<title>Propos racistes et haineux : L\u2019auteur de la vid\u00e9o \u00e9cope de 8 mois de prison ferme - La Sentinelle<\/title>\n<meta name=\"robots\" content=\"index, follow, max-snippet:-1, max-image-preview:large, max-video-preview:-1\" \/>\n<link rel=\"canonical\" href=\"https:\/\/lasentinelle.dz\/index.php\/2021\/09\/14\/propos-racistes-et-haineux-lauteur-de-la-video-ecope-de-8-mois-de-prison-ferme\/\" \/>\n<meta property=\"og:locale\" content=\"fr_FR\" \/>\n<meta property=\"og:type\" content=\"article\" \/>\n<meta property=\"og:title\" content=\"Propos racistes et haineux : L\u2019auteur de la vid\u00e9o \u00e9cope de 8 mois de prison ferme - La Sentinelle\" \/>\n<meta property=\"og:description\" content=\"Le&nbsp; tribunal correctionnel de Annaba a condamn\u00e9, hier,&nbsp; le l\u2019auteur d\u2019une vid\u00e9o incitant \u00e0 la violence, et r\u00e9pondant au surnom\" \/>\n<meta property=\"og:url\" content=\"https:\/\/lasentinelle.dz\/index.php\/2021\/09\/14\/propos-racistes-et-haineux-lauteur-de-la-video-ecope-de-8-mois-de-prison-ferme\/\" \/>\n<meta property=\"og:site_name\" content=\"La Sentinelle\" \/>\n<meta property=\"article:publisher\" content=\"https:\/\/www.facebook.com\/La-Sentinelle-104059864394773\" \/>\n<meta property=\"article:published_time\" content=\"2021-09-13T23:01:00+00:00\" \/>\n<meta property=\"og:image\" content=\"https:\/\/lasentinelle.dz\/wp-content\/uploads\/2021\/09\/image_2021-09-13_183027.png\" \/>\n\t<meta property=\"og:image:width\" content=\"350\" \/>\n\t<meta property=\"og:image:height\" content=\"262\" \/>\n\t<meta property=\"og:image:type\" content=\"image\/png\" \/>\n<meta name=\"author\" content=\"La Sentinelle\" \/>\n<meta name=\"twitter:card\" content=\"summary_large_image\" \/>\n<meta name=\"twitter:label1\" content=\"\u00c9crit par\" \/>\n\t<meta name=\"twitter:data1\" content=\"La Sentinelle\" \/>\n\t<meta name=\"twitter:label2\" content=\"Dur\u00e9e de lecture estim\u00e9e\" \/>\n\t<meta name=\"twitter:data2\" content=\"3 minutes\" \/>\n<script type=\"application\/ld+json\" class=\"yoast-schema-graph\">{\"@context\":\"https:\\\/\\\/schema.org\",\"@graph\":[{\"@type\":\"Article\",\"@id\":\"https:\\\/\\\/lasentinelle.dz\\\/index.php\\\/2021\\\/09\\\/14\\\/propos-racistes-et-haineux-lauteur-de-la-video-ecope-de-8-mois-de-prison-ferme\\\/#article\",\"isPartOf\":{\"@id\":\"https:\\\/\\\/lasentinelle.dz\\\/index.php\\\/2021\\\/09\\\/14\\\/propos-racistes-et-haineux-lauteur-de-la-video-ecope-de-8-mois-de-prison-ferme\\\/\"},\"author\":{\"name\":\"La Sentinelle\",\"@id\":\"https:\\\/\\\/lasentinelle.dz\\\/#\\\/schema\\\/person\\\/d865044e22e70a75174ce8bcad3acfb3\"},\"headline\":\"Propos racistes et haineux : L\u2019auteur de la vid\u00e9o \u00e9cope de 8 mois de prison ferme\",\"datePublished\":\"2021-09-13T23:01:00+00:00\",\"mainEntityOfPage\":{\"@id\":\"https:\\\/\\\/lasentinelle.dz\\\/index.php\\\/2021\\\/09\\\/14\\\/propos-racistes-et-haineux-lauteur-de-la-video-ecope-de-8-mois-de-prison-ferme\\\/\"},\"wordCount\":674,\"commentCount\":0,\"publisher\":{\"@id\":\"https:\\\/\\\/lasentinelle.dz\\\/#organization\"},\"image\":{\"@id\":\"https:\\\/\\\/lasentinelle.dz\\\/index.php\\\/2021\\\/09\\\/14\\\/propos-racistes-et-haineux-lauteur-de-la-video-ecope-de-8-mois-de-prison-ferme\\\/#primaryimage\"},\"thumbnailUrl\":\"https:\\\/\\\/lasentinelle.dz\\\/wp-content\\\/uploads\\\/2021\\\/09\\\/image_2021-09-13_183027.png\",\"articleSection\":[\"Actualit\u00e9\"],\"inLanguage\":\"fr-FR\",\"potentialAction\":[{\"@type\":\"CommentAction\",\"name\":\"Comment\",\"target\":[\"https:\\\/\\\/lasentinelle.dz\\\/index.php\\\/2021\\\/09\\\/14\\\/propos-racistes-et-haineux-lauteur-de-la-video-ecope-de-8-mois-de-prison-ferme\\\/#respond\"]}]},{\"@type\":\"WebPage\",\"@id\":\"https:\\\/\\\/lasentinelle.dz\\\/index.php\\\/2021\\\/09\\\/14\\\/propos-racistes-et-haineux-lauteur-de-la-video-ecope-de-8-mois-de-prison-ferme\\\/\",\"url\":\"https:\\\/\\\/lasentinelle.dz\\\/index.php\\\/2021\\\/09\\\/14\\\/propos-racistes-et-haineux-lauteur-de-la-video-ecope-de-8-mois-de-prison-ferme\\\/\",\"name\":\"Propos racistes et haineux : L\u2019auteur de la vid\u00e9o \u00e9cope de 8 mois de prison ferme - La Sentinelle\",\"isPartOf\":{\"@id\":\"https:\\\/\\\/lasentinelle.dz\\\/#website\"},\"primaryImageOfPage\":{\"@id\":\"https:\\\/\\\/lasentinelle.dz\\\/index.php\\\/2021\\\/09\\\/14\\\/propos-racistes-et-haineux-lauteur-de-la-video-ecope-de-8-mois-de-prison-ferme\\\/#primaryimage\"},\"image\":{\"@id\":\"https:\\\/\\\/lasentinelle.dz\\\/index.php\\\/2021\\\/09\\\/14\\\/propos-racistes-et-haineux-lauteur-de-la-video-ecope-de-8-mois-de-prison-ferme\\\/#primaryimage\"},\"thumbnailUrl\":\"https:\\\/\\\/lasentinelle.dz\\\/wp-content\\\/uploads\\\/2021\\\/09\\\/image_2021-09-13_183027.png\",\"datePublished\":\"2021-09-13T23:01:00+00:00\",\"breadcrumb\":{\"@id\":\"https:\\\/\\\/lasentinelle.dz\\\/index.php\\\/2021\\\/09\\\/14\\\/propos-racistes-et-haineux-lauteur-de-la-video-ecope-de-8-mois-de-prison-ferme\\\/#breadcrumb\"},\"inLanguage\":\"fr-FR\",\"potentialAction\":[{\"@type\":\"ReadAction\",\"target\":[\"https:\\\/\\\/lasentinelle.dz\\\/index.php\\\/2021\\\/09\\\/14\\\/propos-racistes-et-haineux-lauteur-de-la-video-ecope-de-8-mois-de-prison-ferme\\\/\"]}]},{\"@type\":\"ImageObject\",\"inLanguage\":\"fr-FR\",\"@id\":\"https:\\\/\\\/lasentinelle.dz\\\/index.php\\\/2021\\\/09\\\/14\\\/propos-racistes-et-haineux-lauteur-de-la-video-ecope-de-8-mois-de-prison-ferme\\\/#primaryimage\",\"url\":\"https:\\\/\\\/lasentinelle.dz\\\/wp-content\\\/uploads\\\/2021\\\/09\\\/image_2021-09-13_183027.png\",\"contentUrl\":\"https:\\\/\\\/lasentinelle.dz\\\/wp-content\\\/uploads\\\/2021\\\/09\\\/image_2021-09-13_183027.png\",\"width\":350,\"height\":262},{\"@type\":\"BreadcrumbList\",\"@id\":\"https:\\\/\\\/lasentinelle.dz\\\/index.php\\\/2021\\\/09\\\/14\\\/propos-racistes-et-haineux-lauteur-de-la-video-ecope-de-8-mois-de-prison-ferme\\\/#breadcrumb\",\"itemListElement\":[{\"@type\":\"ListItem\",\"position\":1,\"name\":\"Accueil\",\"item\":\"https:\\\/\\\/lasentinelle.dz\\\/\"},{\"@type\":\"ListItem\",\"position\":2,\"name\":\"Propos racistes et haineux : L\u2019auteur de la vid\u00e9o \u00e9cope de 8 mois de prison ferme\"}]},{\"@type\":\"WebSite\",\"@id\":\"https:\\\/\\\/lasentinelle.dz\\\/#website\",\"url\":\"https:\\\/\\\/lasentinelle.dz\\\/\",\"name\":\"La Sentinelle\",\"description\":\"Quotidien national d&#039;information\",\"publisher\":{\"@id\":\"https:\\\/\\\/lasentinelle.dz\\\/#organization\"},\"potentialAction\":[{\"@type\":\"SearchAction\",\"target\":{\"@type\":\"EntryPoint\",\"urlTemplate\":\"https:\\\/\\\/lasentinelle.dz\\\/?s={search_term_string}\"},\"query-input\":{\"@type\":\"PropertyValueSpecification\",\"valueRequired\":true,\"valueName\":\"search_term_string\"}}],\"inLanguage\":\"fr-FR\"},{\"@type\":\"Organization\",\"@id\":\"https:\\\/\\\/lasentinelle.dz\\\/#organization\",\"name\":\"Quotidien La Sentinelle\",\"url\":\"https:\\\/\\\/lasentinelle.dz\\\/\",\"logo\":{\"@type\":\"ImageObject\",\"inLanguage\":\"fr-FR\",\"@id\":\"https:\\\/\\\/lasentinelle.dz\\\/#\\\/schema\\\/logo\\\/image\\\/\",\"url\":\"https:\\\/\\\/lasentinelle.dz\\\/wp-content\\\/uploads\\\/2021\\\/09\\\/logo-sentinelleSLOGAN-1.png\",\"contentUrl\":\"https:\\\/\\\/lasentinelle.dz\\\/wp-content\\\/uploads\\\/2021\\\/09\\\/logo-sentinelleSLOGAN-1.png\",\"width\":615,\"height\":142,\"caption\":\"Quotidien La Sentinelle\"},\"image\":{\"@id\":\"https:\\\/\\\/lasentinelle.dz\\\/#\\\/schema\\\/logo\\\/image\\\/\"},\"sameAs\":[\"https:\\\/\\\/www.facebook.com\\\/La-Sentinelle-104059864394773\"]},{\"@type\":\"Person\",\"@id\":\"https:\\\/\\\/lasentinelle.dz\\\/#\\\/schema\\\/person\\\/d865044e22e70a75174ce8bcad3acfb3\",\"name\":\"La Sentinelle\",\"image\":{\"@type\":\"ImageObject\",\"inLanguage\":\"fr-FR\",\"@id\":\"https:\\\/\\\/secure.gravatar.com\\\/avatar\\\/57de8e5d4b15d43fb361a71fbb36338450fe67865b528a43dd10ef7c51a20392?s=96&d=mm&r=g\",\"url\":\"https:\\\/\\\/secure.gravatar.com\\\/avatar\\\/57de8e5d4b15d43fb361a71fbb36338450fe67865b528a43dd10ef7c51a20392?s=96&d=mm&r=g\",\"contentUrl\":\"https:\\\/\\\/secure.gravatar.com\\\/avatar\\\/57de8e5d4b15d43fb361a71fbb36338450fe67865b528a43dd10ef7c51a20392?s=96&d=mm&r=g\",\"caption\":\"La Sentinelle\"},\"sameAs\":[\"http:\\\/\\\/www.lasentinelle.dz\"],\"url\":\"https:\\\/\\\/lasentinelle.dz\\\/author\\\/redaction\\\/\"}]}<\/script>\n<!-- \/ Yoast SEO plugin. -->","yoast_head_json":{"title":"Propos racistes et haineux : L\u2019auteur de la vid\u00e9o \u00e9cope de 8 mois de prison ferme - La Sentinelle","robots":{"index":"index","follow":"follow","max-snippet":"max-snippet:-1","max-image-preview":"max-image-preview:large","max-video-preview":"max-video-preview:-1"},"canonical":"https:\/\/lasentinelle.dz\/index.php\/2021\/09\/14\/propos-racistes-et-haineux-lauteur-de-la-video-ecope-de-8-mois-de-prison-ferme\/","og_locale":"fr_FR","og_type":"article","og_title":"Propos racistes et haineux : L\u2019auteur de la vid\u00e9o \u00e9cope de 8 mois de prison ferme - La Sentinelle","og_description":"Le&nbsp; tribunal correctionnel de Annaba a condamn\u00e9, hier,&nbsp; le l\u2019auteur d\u2019une vid\u00e9o incitant \u00e0 la violence, et r\u00e9pondant au surnom","og_url":"https:\/\/lasentinelle.dz\/index.php\/2021\/09\/14\/propos-racistes-et-haineux-lauteur-de-la-video-ecope-de-8-mois-de-prison-ferme\/","og_site_name":"La Sentinelle","article_publisher":"https:\/\/www.facebook.com\/La-Sentinelle-104059864394773","article_published_time":"2021-09-13T23:01:00+00:00","og_image":[{"width":350,"height":262,"url":"https:\/\/lasentinelle.dz\/wp-content\/uploads\/2021\/09\/image_2021-09-13_183027.png","type":"image\/png"}],"author":"La Sentinelle","twitter_card":"summary_large_image","twitter_misc":{"\u00c9crit par":"La Sentinelle","Dur\u00e9e de lecture estim\u00e9e":"3 minutes"},"schema":{"@context":"https:\/\/schema.org","@graph":[{"@type":"Article","@id":"https:\/\/lasentinelle.dz\/index.php\/2021\/09\/14\/propos-racistes-et-haineux-lauteur-de-la-video-ecope-de-8-mois-de-prison-ferme\/#article","isPartOf":{"@id":"https:\/\/lasentinelle.dz\/index.php\/2021\/09\/14\/propos-racistes-et-haineux-lauteur-de-la-video-ecope-de-8-mois-de-prison-ferme\/"},"author":{"name":"La Sentinelle","@id":"https:\/\/lasentinelle.dz\/#\/schema\/person\/d865044e22e70a75174ce8bcad3acfb3"},"headline":"Propos racistes et haineux : L\u2019auteur de la vid\u00e9o \u00e9cope de 8 mois de prison ferme","datePublished":"2021-09-13T23:01:00+00:00","mainEntityOfPage":{"@id":"https:\/\/lasentinelle.dz\/index.php\/2021\/09\/14\/propos-racistes-et-haineux-lauteur-de-la-video-ecope-de-8-mois-de-prison-ferme\/"},"wordCount":674,"commentCount":0,"publisher":{"@id":"https:\/\/lasentinelle.dz\/#organization"},"image":{"@id":"https:\/\/lasentinelle.dz\/index.php\/2021\/09\/14\/propos-racistes-et-haineux-lauteur-de-la-video-ecope-de-8-mois-de-prison-ferme\/#primaryimage"},"thumbnailUrl":"https:\/\/lasentinelle.dz\/wp-content\/uploads\/2021\/09\/image_2021-09-13_183027.png","articleSection":["Actualit\u00e9"],"inLanguage":"fr-FR","potentialAction":[{"@type":"CommentAction","name":"Comment","target":["https:\/\/lasentinelle.dz\/index.php\/2021\/09\/14\/propos-racistes-et-haineux-lauteur-de-la-video-ecope-de-8-mois-de-prison-ferme\/#respond"]}]},{"@type":"WebPage","@id":"https:\/\/lasentinelle.dz\/index.php\/2021\/09\/14\/propos-racistes-et-haineux-lauteur-de-la-video-ecope-de-8-mois-de-prison-ferme\/","url":"https:\/\/lasentinelle.dz\/index.php\/2021\/09\/14\/propos-racistes-et-haineux-lauteur-de-la-video-ecope-de-8-mois-de-prison-ferme\/","name":"Propos racistes et haineux : L\u2019auteur de la vid\u00e9o \u00e9cope de 8 mois de prison ferme - La Sentinelle","isPartOf":{"@id":"https:\/\/lasentinelle.dz\/#website"},"primaryImageOfPage":{"@id":"https:\/\/lasentinelle.dz\/index.php\/2021\/09\/14\/propos-racistes-et-haineux-lauteur-de-la-video-ecope-de-8-mois-de-prison-ferme\/#primaryimage"},"image":{"@id":"https:\/\/lasentinelle.dz\/index.php\/2021\/09\/14\/propos-racistes-et-haineux-lauteur-de-la-video-ecope-de-8-mois-de-prison-ferme\/#primaryimage"},"thumbnailUrl":"https:\/\/lasentinelle.dz\/wp-content\/uploads\/2021\/09\/image_2021-09-13_183027.png","datePublished":"2021-09-13T23:01:00+00:00","breadcrumb":{"@id":"https:\/\/lasentinelle.dz\/index.php\/2021\/09\/14\/propos-racistes-et-haineux-lauteur-de-la-video-ecope-de-8-mois-de-prison-ferme\/#breadcrumb"},"inLanguage":"fr-FR","potentialAction":[{"@type":"ReadAction","target":["https:\/\/lasentinelle.dz\/index.php\/2021\/09\/14\/propos-racistes-et-haineux-lauteur-de-la-video-ecope-de-8-mois-de-prison-ferme\/"]}]},{"@type":"ImageObject","inLanguage":"fr-FR","@id":"https:\/\/lasentinelle.dz\/index.php\/2021\/09\/14\/propos-racistes-et-haineux-lauteur-de-la-video-ecope-de-8-mois-de-prison-ferme\/#primaryimage","url":"https:\/\/lasentinelle.dz\/wp-content\/uploads\/2021\/09\/image_2021-09-13_183027.png","contentUrl":"https:\/\/lasentinelle.dz\/wp-content\/uploads\/2021\/09\/image_2021-09-13_183027.png","width":350,"height":262},{"@type":"BreadcrumbList","@id":"https:\/\/lasentinelle.dz\/index.php\/2021\/09\/14\/propos-racistes-et-haineux-lauteur-de-la-video-ecope-de-8-mois-de-prison-ferme\/#breadcrumb","itemListElement":[{"@type":"ListItem","position":1,"name":"Accueil","item":"https:\/\/lasentinelle.dz\/"},{"@type":"ListItem","position":2,"name":"Propos racistes et haineux : L\u2019auteur de la vid\u00e9o \u00e9cope de 8 mois de prison ferme"}]},{"@type":"WebSite","@id":"https:\/\/lasentinelle.dz\/#website","url":"https:\/\/lasentinelle.dz\/","name":"La Sentinelle","description":"Quotidien national d&#039;information","publisher":{"@id":"https:\/\/lasentinelle.dz\/#organization"},"potentialAction":[{"@type":"SearchAction","target":{"@type":"EntryPoint","urlTemplate":"https:\/\/lasentinelle.dz\/?s={search_term_string}"},"query-input":{"@type":"PropertyValueSpecification","valueRequired":true,"valueName":"search_term_string"}}],"inLanguage":"fr-FR"},{"@type":"Organization","@id":"https:\/\/lasentinelle.dz\/#organization","name":"Quotidien La Sentinelle","url":"https:\/\/lasentinelle.dz\/","logo":{"@type":"ImageObject","inLanguage":"fr-FR","@id":"https:\/\/lasentinelle.dz\/#\/schema\/logo\/image\/","url":"https:\/\/lasentinelle.dz\/wp-content\/uploads\/2021\/09\/logo-sentinelleSLOGAN-1.png","contentUrl":"https:\/\/lasentinelle.dz\/wp-content\/uploads\/2021\/09\/logo-sentinelleSLOGAN-1.png","width":615,"height":142,"caption":"Quotidien La Sentinelle"},"image":{"@id":"https:\/\/lasentinelle.dz\/#\/schema\/logo\/image\/"},"sameAs":["https:\/\/www.facebook.com\/La-Sentinelle-104059864394773"]},{"@type":"Person","@id":"https:\/\/lasentinelle.dz\/#\/schema\/person\/d865044e22e70a75174ce8bcad3acfb3","name":"La Sentinelle","image":{"@type":"ImageObject","inLanguage":"fr-FR","@id":"https:\/\/secure.gravatar.com\/avatar\/57de8e5d4b15d43fb361a71fbb36338450fe67865b528a43dd10ef7c51a20392?s=96&d=mm&r=g","url":"https:\/\/secure.gravatar.com\/avatar\/57de8e5d4b15d43fb361a71fbb36338450fe67865b528a43dd10ef7c51a20392?s=96&d=mm&r=g","contentUrl":"https:\/\/secure.gravatar.com\/avatar\/57de8e5d4b15d43fb361a71fbb36338450fe67865b528a43dd10ef7c51a20392?s=96&d=mm&r=g","caption":"La Sentinelle"},"sameAs":["http:\/\/www.lasentinelle.dz"],"url":"https:\/\/lasentinelle.dz\/author\/redaction\/"}]}},"_links":{"self":[{"href":"https:\/\/lasentinelle.dz\/index.php\/wp-json\/wp\/v2\/posts\/7710","targetHints":{"allow":["GET"]}}],"collection":[{"href":"https:\/\/lasentinelle.dz\/index.php\/wp-json\/wp\/v2\/posts"}],"about":[{"href":"https:\/\/lasentinelle.dz\/index.php\/wp-json\/wp\/v2\/types\/post"}],"author":[{"embeddable":true,"href":"https:\/\/lasentinelle.dz\/index.php\/wp-json\/wp\/v2\/users\/3"}],"replies":[{"embeddable":true,"href":"https:\/\/lasentinelle.dz\/index.php\/wp-json\/wp\/v2\/comments?post=7710"}],"version-history":[{"count":1,"href":"https:\/\/lasentinelle.dz\/index.php\/wp-json\/wp\/v2\/posts\/7710\/revisions"}],"predecessor-version":[{"id":7724,"href":"https:\/\/lasentinelle.dz\/index.php\/wp-json\/wp\/v2\/posts\/7710\/revisions\/7724"}],"wp:featuredmedia":[{"embeddable":true,"href":"https:\/\/lasentinelle.dz\/index.php\/wp-json\/wp\/v2\/media\/7723"}],"wp:attachment":[{"href":"https:\/\/lasentinelle.dz\/index.php\/wp-json\/wp\/v2\/media?parent=7710"}],"wp:term":[{"taxonomy":"category","embeddable":true,"href":"https:\/\/lasentinelle.dz\/index.php\/wp-json\/wp\/v2\/categories?post=7710"},{"taxonomy":"post_tag","embeddable":true,"href":"https:\/\/lasentinelle.dz\/index.php\/wp-json\/wp\/v2\/tags?post=7710"}],"curies":[{"name":"wp","href":"https:\/\/api.w.org\/{rel}","templated":true}]}}