{"id":77284,"date":"2025-12-06T19:03:19","date_gmt":"2025-12-06T18:03:19","guid":{"rendered":"https:\/\/lasentinelle.dz\/?p=77284"},"modified":"2025-12-06T19:03:20","modified_gmt":"2025-12-06T18:03:20","slug":"soudan-79-morts-dont-43-enfants-dans-un-bombardement-de-zones-civiles","status":"publish","type":"post","link":"https:\/\/lasentinelle.dz\/index.php\/2025\/12\/06\/soudan-79-morts-dont-43-enfants-dans-un-bombardement-de-zones-civiles\/","title":{"rendered":"Soudan\u00a0:\u00a079 morts dont 43 enfants dans un bombardement de zones civiles"},"content":{"rendered":"\n<p>Le bilan d&rsquo;un bombardement men\u00e9 par des drones contre des sites civils dans la ville de Kalogi, dans l&rsquo;\u00c9tat du Kordofan du Sud, s&rsquo;est alourdi \u00e0 79 morts, dont 43 enfants, et 38 bless\u00e9s, ont annonc\u00e9 les autorit\u00e9s soudanaises. L&rsquo;attaque, attribu\u00e9e aux Forces de soutien rapide et \u00e0 un mouvement alli\u00e9, a cibl\u00e9 une \u00e9cole maternelle, un h\u00f4pital et des zones dens\u00e9ment peupl\u00e9es.&nbsp;Dans un communiqu\u00e9 diffus\u00e9 vendredi, le gouvernement de l&rsquo;\u00c9tat a condamn\u00e9 dans les termes les plus forts ce qu&rsquo;il a qualifi\u00e9 de crime odieux perp\u00e9tr\u00e9 par le Mouvement populaire de lib\u00e9ration du Soudan-Nord, en coordination avec les Forces de soutien rapide. L&rsquo;attaque a \u00e9t\u00e9 men\u00e9e au moyen de quatre missiles tir\u00e9s par un drone, visant sp\u00e9cifiquement l&rsquo;\u00e9cole maternelle, l&rsquo;h\u00f4pital de Gadeer et des quartiers r\u00e9sidentiels de Kalogi.&nbsp;Le communiqu\u00e9 pr\u00e9cise que le bombardement a entra\u00een\u00e9 la mort de 79 citoyens, dont 43 enfants et 4 femmes, ainsi que 38 bless\u00e9s, parmi lesquels figurent 11 enfants et 6 femmes. Ces chiffres marquent une r\u00e9vision dramatique du bilan initial communiqu\u00e9 jeudi par les autorit\u00e9s, qui faisaient \u00e9tat de 8 personnes tu\u00e9es, dont 6 enfants et une enseignante, suite au ciblage de l&rsquo;\u00e9cole maternelle et de l&rsquo;h\u00f4pital.&nbsp;&nbsp;Le R\u00e9seau des m\u00e9decins soudanais avait de son c\u00f4t\u00e9 accus\u00e9 jeudi les Forces de soutien rapide et leur mouvement alli\u00e9 d&rsquo;avoir caus\u00e9 la mort de 9 personnes et bless\u00e9 7 autres lors de cette attaque de drones contre des installations civiles \u00e0 Kalogi. Le gouvernement r\u00e9gional a lanc\u00e9 un appel \u00e0 la communaut\u00e9 internationale et aux organisations de d\u00e9fense des droits de l&rsquo;homme pour qu&rsquo;elles adoptent une position ferme face \u00e0 ces violations. Il demande que les Forces de soutien rapide soient class\u00e9es comme organisation terroriste et que des comptes soient demand\u00e9s \u00e0 leurs alli\u00e9s pour ces crimes qu&rsquo;il a qualifi\u00e9s d&rsquo;inhumains.<\/p>\n\n\n\n<p>Par ailleurs, le Syndicat des m\u00e9decins soudanais a r\u00e9v\u00e9l\u00e9 samedi que les Forces de soutien rapide retiennent de force au moins 100 familles, dont des femmes et des enfants, dans la ville de Babanusa, situ\u00e9e dans l&rsquo;\u00c9tat du Kordofan occidental. Selon les professionnels de la sant\u00e9, ces personnes sont d\u00e9tenues dans des conditions extr\u00eamement dangereuses. Le syndicat indique que plusieurs d\u00e9tenus, dont des femmes, ont subi des passages \u00e0 tabac et des humiliations sous l&rsquo;accusation que leurs proches appartenaient \u00e0 l&rsquo;arm\u00e9e r\u00e9guli\u00e8re.<\/p>\n\n\n\n<p>L&rsquo;organisation a soulign\u00e9 que les d\u00e9tentions de civils, en particulier de femmes et d&rsquo;enfants, et les mauvais traitements qui leur sont inflig\u00e9s, ainsi que leur utilisation comme levier de pression ou pour exiger une ran\u00e7on, constituent une violation flagrante du droit international humanitaire et aggravent la catastrophe humanitaire dans la r\u00e9gion. Dans ce contexte, le Syndicat des m\u00e9decins soudanais a appel\u00e9 la communaut\u00e9 internationale et les organisations des Nations unies \u00e0 condamner ces actes, \u00e0 imposer des sanctions aux responsables et \u00e0 prendre des mesures urgentes pour prot\u00e9ger et lib\u00e9rer imm\u00e9diatement les personnes d\u00e9tenues.&nbsp;Ces \u00e9v\u00e9nements s&rsquo;inscrivent dans le cadre de la souffrance humanitaire croissante caus\u00e9e par le conflit entre l&rsquo;arm\u00e9e soudanaise et les Forces de soutien rapide, qui a \u00e9clat\u00e9 en avril 2023. Ce conflit a d\u00e9j\u00e0 caus\u00e9 la mort de dizaines de milliers de personnes et provoqu\u00e9 le d\u00e9placement d&rsquo;environ 13 millions de personnes \u00e0 travers le pays.<\/p>\n\n\n\n<p>L.S.<\/p>\n","protected":false},"excerpt":{"rendered":"<p>Le bilan d&rsquo;un bombardement men\u00e9 par des drones contre des sites civils dans la ville de Kalogi, dans l&rsquo;\u00c9tat du<\/p>\n","protected":false},"author":6,"featured_media":61596,"comment_status":"open","ping_status":"closed","sticky":false,"template":"","format":"standard","meta":{"colormag_page_container_layout":"default_layout","colormag_page_sidebar_layout":"default_layout","om_disable_all_campaigns":false,"_monsterinsights_skip_tracking":false,"_monsterinsights_sitenote_active":false,"_monsterinsights_sitenote_note":"","_monsterinsights_sitenote_category":0,"footnotes":"","_wpscppro_dont_share_socialmedia":false,"_wpscppro_custom_social_share_image":0,"_facebook_share_type":"default","_twitter_share_type":"default","_linkedin_share_type":"default","_pinterest_share_type":"default","_linkedin_share_type_page":"","_instagram_share_type":"default","_medium_share_type":"default","_threads_share_type":"default","_google_business_share_type":"default","_selected_social_profile":[],"_wpsp_enable_custom_social_template":false,"_wpsp_social_scheduling":{"enabled":false,"datetime":null,"platforms":[],"status":"template_only","dateOption":"today","timeOption":"now","customDays":"","customHours":"","customDate":"","customTime":"","schedulingType":"absolute"},"_wpsp_active_default_template":true},"categories":[37],"tags":[],"class_list":["post-77284","post","type-post","status-publish","format-standard","has-post-thumbnail","hentry","category-monde"],"aioseo_notices":[],"yoast_head":"<!-- This site is optimized with the Yoast SEO plugin v27.4 - https:\/\/yoast.com\/product\/yoast-seo-wordpress\/ -->\n<title>Soudan\u00a0:\u00a079 morts dont 43 enfants dans un bombardement de zones civiles - La Sentinelle<\/title>\n<meta name=\"robots\" content=\"index, follow, max-snippet:-1, max-image-preview:large, max-video-preview:-1\" \/>\n<link rel=\"canonical\" href=\"https:\/\/lasentinelle.dz\/index.php\/2025\/12\/06\/soudan-79-morts-dont-43-enfants-dans-un-bombardement-de-zones-civiles\/\" \/>\n<meta property=\"og:locale\" content=\"fr_FR\" \/>\n<meta property=\"og:type\" content=\"article\" \/>\n<meta property=\"og:title\" content=\"Soudan\u00a0:\u00a079 morts dont 43 enfants dans un bombardement de zones civiles - La Sentinelle\" \/>\n<meta property=\"og:description\" content=\"Le bilan d&rsquo;un bombardement men\u00e9 par des drones contre des sites civils dans la ville de Kalogi, dans l&rsquo;\u00c9tat du\" \/>\n<meta property=\"og:url\" content=\"https:\/\/lasentinelle.dz\/index.php\/2025\/12\/06\/soudan-79-morts-dont-43-enfants-dans-un-bombardement-de-zones-civiles\/\" \/>\n<meta property=\"og:site_name\" content=\"La Sentinelle\" \/>\n<meta property=\"article:publisher\" content=\"https:\/\/www.facebook.com\/La-Sentinelle-104059864394773\" \/>\n<meta property=\"article:published_time\" content=\"2025-12-06T18:03:19+00:00\" \/>\n<meta property=\"article:modified_time\" content=\"2025-12-06T18:03:20+00:00\" \/>\n<meta property=\"og:image\" content=\"https:\/\/lasentinelle.dz\/wp-content\/uploads\/2025\/01\/al-fasher.jpeg\" \/>\n\t<meta property=\"og:image:width\" content=\"946\" \/>\n\t<meta property=\"og:image:height\" content=\"710\" \/>\n\t<meta property=\"og:image:type\" content=\"image\/jpeg\" \/>\n<meta name=\"author\" content=\"admin\" \/>\n<meta name=\"twitter:card\" content=\"summary_large_image\" \/>\n<meta name=\"twitter:label1\" content=\"\u00c9crit par\" \/>\n\t<meta name=\"twitter:data1\" content=\"admin\" \/>\n\t<meta name=\"twitter:label2\" content=\"Dur\u00e9e de lecture estim\u00e9e\" \/>\n\t<meta name=\"twitter:data2\" content=\"3 minutes\" \/>\n<script type=\"application\/ld+json\" class=\"yoast-schema-graph\">{\"@context\":\"https:\\\/\\\/schema.org\",\"@graph\":[{\"@type\":\"Article\",\"@id\":\"https:\\\/\\\/lasentinelle.dz\\\/index.php\\\/2025\\\/12\\\/06\\\/soudan-79-morts-dont-43-enfants-dans-un-bombardement-de-zones-civiles\\\/#article\",\"isPartOf\":{\"@id\":\"https:\\\/\\\/lasentinelle.dz\\\/index.php\\\/2025\\\/12\\\/06\\\/soudan-79-morts-dont-43-enfants-dans-un-bombardement-de-zones-civiles\\\/\"},\"author\":{\"name\":\"admin\",\"@id\":\"https:\\\/\\\/lasentinelle.dz\\\/#\\\/schema\\\/person\\\/729ee0024f24e0b8c5ec17232f8e8b41\"},\"headline\":\"Soudan\u00a0:\u00a079 morts dont 43 enfants dans un bombardement de zones civiles\",\"datePublished\":\"2025-12-06T18:03:19+00:00\",\"dateModified\":\"2025-12-06T18:03:20+00:00\",\"mainEntityOfPage\":{\"@id\":\"https:\\\/\\\/lasentinelle.dz\\\/index.php\\\/2025\\\/12\\\/06\\\/soudan-79-morts-dont-43-enfants-dans-un-bombardement-de-zones-civiles\\\/\"},\"wordCount\":597,\"commentCount\":0,\"publisher\":{\"@id\":\"https:\\\/\\\/lasentinelle.dz\\\/#organization\"},\"image\":{\"@id\":\"https:\\\/\\\/lasentinelle.dz\\\/index.php\\\/2025\\\/12\\\/06\\\/soudan-79-morts-dont-43-enfants-dans-un-bombardement-de-zones-civiles\\\/#primaryimage\"},\"thumbnailUrl\":\"https:\\\/\\\/lasentinelle.dz\\\/wp-content\\\/uploads\\\/2025\\\/01\\\/al-fasher.jpeg\",\"articleSection\":[\"Monde\"],\"inLanguage\":\"fr-FR\",\"potentialAction\":[{\"@type\":\"CommentAction\",\"name\":\"Comment\",\"target\":[\"https:\\\/\\\/lasentinelle.dz\\\/index.php\\\/2025\\\/12\\\/06\\\/soudan-79-morts-dont-43-enfants-dans-un-bombardement-de-zones-civiles\\\/#respond\"]}]},{\"@type\":\"WebPage\",\"@id\":\"https:\\\/\\\/lasentinelle.dz\\\/index.php\\\/2025\\\/12\\\/06\\\/soudan-79-morts-dont-43-enfants-dans-un-bombardement-de-zones-civiles\\\/\",\"url\":\"https:\\\/\\\/lasentinelle.dz\\\/index.php\\\/2025\\\/12\\\/06\\\/soudan-79-morts-dont-43-enfants-dans-un-bombardement-de-zones-civiles\\\/\",\"name\":\"Soudan\u00a0:\u00a079 morts dont 43 enfants dans un bombardement de zones civiles - La Sentinelle\",\"isPartOf\":{\"@id\":\"https:\\\/\\\/lasentinelle.dz\\\/#website\"},\"primaryImageOfPage\":{\"@id\":\"https:\\\/\\\/lasentinelle.dz\\\/index.php\\\/2025\\\/12\\\/06\\\/soudan-79-morts-dont-43-enfants-dans-un-bombardement-de-zones-civiles\\\/#primaryimage\"},\"image\":{\"@id\":\"https:\\\/\\\/lasentinelle.dz\\\/index.php\\\/2025\\\/12\\\/06\\\/soudan-79-morts-dont-43-enfants-dans-un-bombardement-de-zones-civiles\\\/#primaryimage\"},\"thumbnailUrl\":\"https:\\\/\\\/lasentinelle.dz\\\/wp-content\\\/uploads\\\/2025\\\/01\\\/al-fasher.jpeg\",\"datePublished\":\"2025-12-06T18:03:19+00:00\",\"dateModified\":\"2025-12-06T18:03:20+00:00\",\"breadcrumb\":{\"@id\":\"https:\\\/\\\/lasentinelle.dz\\\/index.php\\\/2025\\\/12\\\/06\\\/soudan-79-morts-dont-43-enfants-dans-un-bombardement-de-zones-civiles\\\/#breadcrumb\"},\"inLanguage\":\"fr-FR\",\"potentialAction\":[{\"@type\":\"ReadAction\",\"target\":[\"https:\\\/\\\/lasentinelle.dz\\\/index.php\\\/2025\\\/12\\\/06\\\/soudan-79-morts-dont-43-enfants-dans-un-bombardement-de-zones-civiles\\\/\"]}]},{\"@type\":\"ImageObject\",\"inLanguage\":\"fr-FR\",\"@id\":\"https:\\\/\\\/lasentinelle.dz\\\/index.php\\\/2025\\\/12\\\/06\\\/soudan-79-morts-dont-43-enfants-dans-un-bombardement-de-zones-civiles\\\/#primaryimage\",\"url\":\"https:\\\/\\\/lasentinelle.dz\\\/wp-content\\\/uploads\\\/2025\\\/01\\\/al-fasher.jpeg\",\"contentUrl\":\"https:\\\/\\\/lasentinelle.dz\\\/wp-content\\\/uploads\\\/2025\\\/01\\\/al-fasher.jpeg\",\"width\":946,\"height\":710},{\"@type\":\"BreadcrumbList\",\"@id\":\"https:\\\/\\\/lasentinelle.dz\\\/index.php\\\/2025\\\/12\\\/06\\\/soudan-79-morts-dont-43-enfants-dans-un-bombardement-de-zones-civiles\\\/#breadcrumb\",\"itemListElement\":[{\"@type\":\"ListItem\",\"position\":1,\"name\":\"Accueil\",\"item\":\"https:\\\/\\\/lasentinelle.dz\\\/\"},{\"@type\":\"ListItem\",\"position\":2,\"name\":\"Soudan\u00a0:\u00a079 morts dont 43 enfants dans un bombardement de zones civiles\"}]},{\"@type\":\"WebSite\",\"@id\":\"https:\\\/\\\/lasentinelle.dz\\\/#website\",\"url\":\"https:\\\/\\\/lasentinelle.dz\\\/\",\"name\":\"La Sentinelle\",\"description\":\"Quotidien national d&#039;information\",\"publisher\":{\"@id\":\"https:\\\/\\\/lasentinelle.dz\\\/#organization\"},\"potentialAction\":[{\"@type\":\"SearchAction\",\"target\":{\"@type\":\"EntryPoint\",\"urlTemplate\":\"https:\\\/\\\/lasentinelle.dz\\\/?s={search_term_string}\"},\"query-input\":{\"@type\":\"PropertyValueSpecification\",\"valueRequired\":true,\"valueName\":\"search_term_string\"}}],\"inLanguage\":\"fr-FR\"},{\"@type\":\"Organization\",\"@id\":\"https:\\\/\\\/lasentinelle.dz\\\/#organization\",\"name\":\"Quotidien La Sentinelle\",\"url\":\"https:\\\/\\\/lasentinelle.dz\\\/\",\"logo\":{\"@type\":\"ImageObject\",\"inLanguage\":\"fr-FR\",\"@id\":\"https:\\\/\\\/lasentinelle.dz\\\/#\\\/schema\\\/logo\\\/image\\\/\",\"url\":\"https:\\\/\\\/lasentinelle.dz\\\/wp-content\\\/uploads\\\/2021\\\/09\\\/logo-sentinelleSLOGAN-1.png\",\"contentUrl\":\"https:\\\/\\\/lasentinelle.dz\\\/wp-content\\\/uploads\\\/2021\\\/09\\\/logo-sentinelleSLOGAN-1.png\",\"width\":615,\"height\":142,\"caption\":\"Quotidien La Sentinelle\"},\"image\":{\"@id\":\"https:\\\/\\\/lasentinelle.dz\\\/#\\\/schema\\\/logo\\\/image\\\/\"},\"sameAs\":[\"https:\\\/\\\/www.facebook.com\\\/La-Sentinelle-104059864394773\"]},{\"@type\":\"Person\",\"@id\":\"https:\\\/\\\/lasentinelle.dz\\\/#\\\/schema\\\/person\\\/729ee0024f24e0b8c5ec17232f8e8b41\",\"name\":\"admin\",\"image\":{\"@type\":\"ImageObject\",\"inLanguage\":\"fr-FR\",\"@id\":\"https:\\\/\\\/secure.gravatar.com\\\/avatar\\\/4c81fed838786e9b53f540bf46533e750f5d292099ae3b66cfc6fb1982e29df7?s=96&d=mm&r=g\",\"url\":\"https:\\\/\\\/secure.gravatar.com\\\/avatar\\\/4c81fed838786e9b53f540bf46533e750f5d292099ae3b66cfc6fb1982e29df7?s=96&d=mm&r=g\",\"contentUrl\":\"https:\\\/\\\/secure.gravatar.com\\\/avatar\\\/4c81fed838786e9b53f540bf46533e750f5d292099ae3b66cfc6fb1982e29df7?s=96&d=mm&r=g\",\"caption\":\"admin\"},\"description\":\"admin\",\"url\":\"https:\\\/\\\/lasentinelle.dz\\\/author\\\/admin\\\/\"}]}<\/script>\n<!-- \/ Yoast SEO plugin. -->","yoast_head_json":{"title":"Soudan\u00a0:\u00a079 morts dont 43 enfants dans un bombardement de zones civiles - La Sentinelle","robots":{"index":"index","follow":"follow","max-snippet":"max-snippet:-1","max-image-preview":"max-image-preview:large","max-video-preview":"max-video-preview:-1"},"canonical":"https:\/\/lasentinelle.dz\/index.php\/2025\/12\/06\/soudan-79-morts-dont-43-enfants-dans-un-bombardement-de-zones-civiles\/","og_locale":"fr_FR","og_type":"article","og_title":"Soudan\u00a0:\u00a079 morts dont 43 enfants dans un bombardement de zones civiles - La Sentinelle","og_description":"Le bilan d&rsquo;un bombardement men\u00e9 par des drones contre des sites civils dans la ville de Kalogi, dans l&rsquo;\u00c9tat du","og_url":"https:\/\/lasentinelle.dz\/index.php\/2025\/12\/06\/soudan-79-morts-dont-43-enfants-dans-un-bombardement-de-zones-civiles\/","og_site_name":"La Sentinelle","article_publisher":"https:\/\/www.facebook.com\/La-Sentinelle-104059864394773","article_published_time":"2025-12-06T18:03:19+00:00","article_modified_time":"2025-12-06T18:03:20+00:00","og_image":[{"width":946,"height":710,"url":"https:\/\/lasentinelle.dz\/wp-content\/uploads\/2025\/01\/al-fasher.jpeg","type":"image\/jpeg"}],"author":"admin","twitter_card":"summary_large_image","twitter_misc":{"\u00c9crit par":"admin","Dur\u00e9e de lecture estim\u00e9e":"3 minutes"},"schema":{"@context":"https:\/\/schema.org","@graph":[{"@type":"Article","@id":"https:\/\/lasentinelle.dz\/index.php\/2025\/12\/06\/soudan-79-morts-dont-43-enfants-dans-un-bombardement-de-zones-civiles\/#article","isPartOf":{"@id":"https:\/\/lasentinelle.dz\/index.php\/2025\/12\/06\/soudan-79-morts-dont-43-enfants-dans-un-bombardement-de-zones-civiles\/"},"author":{"name":"admin","@id":"https:\/\/lasentinelle.dz\/#\/schema\/person\/729ee0024f24e0b8c5ec17232f8e8b41"},"headline":"Soudan\u00a0:\u00a079 morts dont 43 enfants dans un bombardement de zones civiles","datePublished":"2025-12-06T18:03:19+00:00","dateModified":"2025-12-06T18:03:20+00:00","mainEntityOfPage":{"@id":"https:\/\/lasentinelle.dz\/index.php\/2025\/12\/06\/soudan-79-morts-dont-43-enfants-dans-un-bombardement-de-zones-civiles\/"},"wordCount":597,"commentCount":0,"publisher":{"@id":"https:\/\/lasentinelle.dz\/#organization"},"image":{"@id":"https:\/\/lasentinelle.dz\/index.php\/2025\/12\/06\/soudan-79-morts-dont-43-enfants-dans-un-bombardement-de-zones-civiles\/#primaryimage"},"thumbnailUrl":"https:\/\/lasentinelle.dz\/wp-content\/uploads\/2025\/01\/al-fasher.jpeg","articleSection":["Monde"],"inLanguage":"fr-FR","potentialAction":[{"@type":"CommentAction","name":"Comment","target":["https:\/\/lasentinelle.dz\/index.php\/2025\/12\/06\/soudan-79-morts-dont-43-enfants-dans-un-bombardement-de-zones-civiles\/#respond"]}]},{"@type":"WebPage","@id":"https:\/\/lasentinelle.dz\/index.php\/2025\/12\/06\/soudan-79-morts-dont-43-enfants-dans-un-bombardement-de-zones-civiles\/","url":"https:\/\/lasentinelle.dz\/index.php\/2025\/12\/06\/soudan-79-morts-dont-43-enfants-dans-un-bombardement-de-zones-civiles\/","name":"Soudan\u00a0:\u00a079 morts dont 43 enfants dans un bombardement de zones civiles - La Sentinelle","isPartOf":{"@id":"https:\/\/lasentinelle.dz\/#website"},"primaryImageOfPage":{"@id":"https:\/\/lasentinelle.dz\/index.php\/2025\/12\/06\/soudan-79-morts-dont-43-enfants-dans-un-bombardement-de-zones-civiles\/#primaryimage"},"image":{"@id":"https:\/\/lasentinelle.dz\/index.php\/2025\/12\/06\/soudan-79-morts-dont-43-enfants-dans-un-bombardement-de-zones-civiles\/#primaryimage"},"thumbnailUrl":"https:\/\/lasentinelle.dz\/wp-content\/uploads\/2025\/01\/al-fasher.jpeg","datePublished":"2025-12-06T18:03:19+00:00","dateModified":"2025-12-06T18:03:20+00:00","breadcrumb":{"@id":"https:\/\/lasentinelle.dz\/index.php\/2025\/12\/06\/soudan-79-morts-dont-43-enfants-dans-un-bombardement-de-zones-civiles\/#breadcrumb"},"inLanguage":"fr-FR","potentialAction":[{"@type":"ReadAction","target":["https:\/\/lasentinelle.dz\/index.php\/2025\/12\/06\/soudan-79-morts-dont-43-enfants-dans-un-bombardement-de-zones-civiles\/"]}]},{"@type":"ImageObject","inLanguage":"fr-FR","@id":"https:\/\/lasentinelle.dz\/index.php\/2025\/12\/06\/soudan-79-morts-dont-43-enfants-dans-un-bombardement-de-zones-civiles\/#primaryimage","url":"https:\/\/lasentinelle.dz\/wp-content\/uploads\/2025\/01\/al-fasher.jpeg","contentUrl":"https:\/\/lasentinelle.dz\/wp-content\/uploads\/2025\/01\/al-fasher.jpeg","width":946,"height":710},{"@type":"BreadcrumbList","@id":"https:\/\/lasentinelle.dz\/index.php\/2025\/12\/06\/soudan-79-morts-dont-43-enfants-dans-un-bombardement-de-zones-civiles\/#breadcrumb","itemListElement":[{"@type":"ListItem","position":1,"name":"Accueil","item":"https:\/\/lasentinelle.dz\/"},{"@type":"ListItem","position":2,"name":"Soudan\u00a0:\u00a079 morts dont 43 enfants dans un bombardement de zones civiles"}]},{"@type":"WebSite","@id":"https:\/\/lasentinelle.dz\/#website","url":"https:\/\/lasentinelle.dz\/","name":"La Sentinelle","description":"Quotidien national d&#039;information","publisher":{"@id":"https:\/\/lasentinelle.dz\/#organization"},"potentialAction":[{"@type":"SearchAction","target":{"@type":"EntryPoint","urlTemplate":"https:\/\/lasentinelle.dz\/?s={search_term_string}"},"query-input":{"@type":"PropertyValueSpecification","valueRequired":true,"valueName":"search_term_string"}}],"inLanguage":"fr-FR"},{"@type":"Organization","@id":"https:\/\/lasentinelle.dz\/#organization","name":"Quotidien La Sentinelle","url":"https:\/\/lasentinelle.dz\/","logo":{"@type":"ImageObject","inLanguage":"fr-FR","@id":"https:\/\/lasentinelle.dz\/#\/schema\/logo\/image\/","url":"https:\/\/lasentinelle.dz\/wp-content\/uploads\/2021\/09\/logo-sentinelleSLOGAN-1.png","contentUrl":"https:\/\/lasentinelle.dz\/wp-content\/uploads\/2021\/09\/logo-sentinelleSLOGAN-1.png","width":615,"height":142,"caption":"Quotidien La Sentinelle"},"image":{"@id":"https:\/\/lasentinelle.dz\/#\/schema\/logo\/image\/"},"sameAs":["https:\/\/www.facebook.com\/La-Sentinelle-104059864394773"]},{"@type":"Person","@id":"https:\/\/lasentinelle.dz\/#\/schema\/person\/729ee0024f24e0b8c5ec17232f8e8b41","name":"admin","image":{"@type":"ImageObject","inLanguage":"fr-FR","@id":"https:\/\/secure.gravatar.com\/avatar\/4c81fed838786e9b53f540bf46533e750f5d292099ae3b66cfc6fb1982e29df7?s=96&d=mm&r=g","url":"https:\/\/secure.gravatar.com\/avatar\/4c81fed838786e9b53f540bf46533e750f5d292099ae3b66cfc6fb1982e29df7?s=96&d=mm&r=g","contentUrl":"https:\/\/secure.gravatar.com\/avatar\/4c81fed838786e9b53f540bf46533e750f5d292099ae3b66cfc6fb1982e29df7?s=96&d=mm&r=g","caption":"admin"},"description":"admin","url":"https:\/\/lasentinelle.dz\/author\/admin\/"}]}},"_links":{"self":[{"href":"https:\/\/lasentinelle.dz\/index.php\/wp-json\/wp\/v2\/posts\/77284","targetHints":{"allow":["GET"]}}],"collection":[{"href":"https:\/\/lasentinelle.dz\/index.php\/wp-json\/wp\/v2\/posts"}],"about":[{"href":"https:\/\/lasentinelle.dz\/index.php\/wp-json\/wp\/v2\/types\/post"}],"author":[{"embeddable":true,"href":"https:\/\/lasentinelle.dz\/index.php\/wp-json\/wp\/v2\/users\/6"}],"replies":[{"embeddable":true,"href":"https:\/\/lasentinelle.dz\/index.php\/wp-json\/wp\/v2\/comments?post=77284"}],"version-history":[{"count":1,"href":"https:\/\/lasentinelle.dz\/index.php\/wp-json\/wp\/v2\/posts\/77284\/revisions"}],"predecessor-version":[{"id":77285,"href":"https:\/\/lasentinelle.dz\/index.php\/wp-json\/wp\/v2\/posts\/77284\/revisions\/77285"}],"wp:featuredmedia":[{"embeddable":true,"href":"https:\/\/lasentinelle.dz\/index.php\/wp-json\/wp\/v2\/media\/61596"}],"wp:attachment":[{"href":"https:\/\/lasentinelle.dz\/index.php\/wp-json\/wp\/v2\/media?parent=77284"}],"wp:term":[{"taxonomy":"category","embeddable":true,"href":"https:\/\/lasentinelle.dz\/index.php\/wp-json\/wp\/v2\/categories?post=77284"},{"taxonomy":"post_tag","embeddable":true,"href":"https:\/\/lasentinelle.dz\/index.php\/wp-json\/wp\/v2\/tags?post=77284"}],"curies":[{"name":"wp","href":"https:\/\/api.w.org\/{rel}","templated":true}]}}