{"id":77286,"date":"2025-12-06T19:04:10","date_gmt":"2025-12-06T18:04:10","guid":{"rendered":"https:\/\/lasentinelle.dz\/?p=77286"},"modified":"2025-12-06T19:04:11","modified_gmt":"2025-12-06T18:04:11","slug":"palestine-occupee-lonu-adopte-cinq-resolutions-historiques","status":"publish","type":"post","link":"https:\/\/lasentinelle.dz\/index.php\/2025\/12\/06\/palestine-occupee-lonu-adopte-cinq-resolutions-historiques\/","title":{"rendered":"Palestine\u00a0occup\u00e9e\u00a0: L&rsquo;ONU adopte cinq r\u00e9solutions historiques\u00a0"},"content":{"rendered":"\n<p>L&rsquo;Assembl\u00e9e g\u00e9n\u00e9rale des Nations unies a adopt\u00e9 vendredi \u00e0 une \u00e9crasante majorit\u00e9 cinq r\u00e9solutions en faveur de la Palestine, dans un contexte marqu\u00e9 par l&rsquo;intensification des violations de l&rsquo;occupation sioniste en Cisjordanie et \u00e0 Ghaza, o\u00f9 le bilan de l&rsquo;agression g\u00e9nocidaire a atteint 70.354 martyrs depuis octobre 2023. Ces votes interviennent alors que la communaut\u00e9 internationale multiplie les appels au respect du cessez-le-feu et au retrait des forces d&rsquo;occupation.<\/p>\n\n\n\n<p>Le soutien massif de la communaut\u00e9 internationale \u00e0 la cause palestinienne s&rsquo;est manifest\u00e9 \u00e0 travers l&rsquo;adoption de cinq r\u00e9solutions cruciales par l&rsquo;Assembl\u00e9e g\u00e9n\u00e9rale des Nations unies. La premi\u00e8re r\u00e9solution, concernant l&rsquo;aide aux r\u00e9fugi\u00e9s palestiniens, a re\u00e7u l&rsquo;approbation de 151 pays, contre seulement 10 objections et 14 abstentions, selon l&rsquo;agence de presse palestinienne Wafa. Ce vote t\u00e9moigne d&rsquo;une sympathie croissante envers les droits du peuple palestinien face \u00e0 l&rsquo;agression sioniste continue.&nbsp;La deuxi\u00e8me r\u00e9solution, portant sur les op\u00e9rations de l&rsquo;Office de secours et de travaux des Nations unies pour les r\u00e9fugi\u00e9s de Palestine dans le Proche-Orient, a obtenu un large consensus avec 145 votes favorables. Cette r\u00e9solution comprend notamment le renouvellement du mandat de l&rsquo;UNRWA pour trois ann\u00e9es suppl\u00e9mentaires, garantissant ainsi la poursuite de l&rsquo;assistance vitale aux millions de r\u00e9fugi\u00e9s palestiniens. Dix pays se sont oppos\u00e9s \u00e0 ce texte tandis que 18 se sont abstenus.<\/p>\n\n\n\n<p>Les trois autres r\u00e9solutions ont \u00e9galement b\u00e9n\u00e9fici\u00e9 d&rsquo;un soutien substantiel. La r\u00e9solution relative aux biens des r\u00e9fugi\u00e9s palestiniens et aux revenus qui en d\u00e9coulent a \u00e9t\u00e9 adopt\u00e9e par 157 pays, avec 10 votes contre et 9 abstentions. La quatri\u00e8me r\u00e9solution, concernant les travaux du Comit\u00e9 sp\u00e9cial charg\u00e9 d&rsquo;enqu\u00eater sur les exactions sionistes portant atteinte aux droits de l&rsquo;homme du peuple palestinien et des habitants des territoires occup\u00e9s, a recueilli 88 voix favorables, 19 votes contre et 64 abstentions. Enfin, la cinqui\u00e8me r\u00e9solution, traitant des colonies sionistes dans les territoires palestiniens occup\u00e9s, y compris El Qods-Est, et le Golan syrien occup\u00e9, a \u00e9t\u00e9 approuv\u00e9e par 146 pays, avec 13 oppositions et 17 abstentions.<\/p>\n\n\n\n<p>Le repr\u00e9sentant permanent de la Palestine aupr\u00e8s des Nations unies, Riyad Mansour, a exprim\u00e9 sa gratitude pour ce soutien consid\u00e9rable, soulignant qu&rsquo;il refl\u00e8te la sympathie croissante de la communaut\u00e9 internationale. Il a particuli\u00e8rement insist\u00e9 sur l&rsquo;importance de ces r\u00e9solutions dans un contexte d&rsquo;agression sioniste barbare contre le peuple palestinien dans la bande de Ghaza et en Cisjordanie.&nbsp;Philippe Lazzarini, commissaire g\u00e9n\u00e9ral de l&rsquo;UNRWA, s&rsquo;est f\u00e9licit\u00e9 du vote massif de l&rsquo;Assembl\u00e9e g\u00e9n\u00e9rale en faveur du renouvellement du mandat de l&rsquo;office onusien. Il a soulign\u00e9 que cette d\u00e9cision t\u00e9moigne d&rsquo;une large solidarit\u00e9 internationale avec les r\u00e9fugi\u00e9s palestiniens et reconna\u00eet la responsabilit\u00e9 de la communaut\u00e9 internationale de r\u00e9pondre aux besoins humanitaires et de d\u00e9veloppement humain des r\u00e9fugi\u00e9s palestiniens, jusqu&rsquo;\u00e0 ce qu&rsquo;une solution juste et durable soit trouv\u00e9e \u00e0 leurs souffrances qui perdurent depuis des d\u00e9cennies. Le commissaire g\u00e9n\u00e9ral a toutefois insist\u00e9 sur la n\u00e9cessit\u00e9 de traduire ce vote en un engagement concret et de fournir les ressources n\u00e9cessaires \u00e0 la r\u00e9alisation de ce mandat.<\/p>\n\n\n\n<p>Sur le terrain, la situation demeure alarmante. Les autorit\u00e9s sanitaires palestiniennes ont communiqu\u00e9 samedi un nouveau bilan faisant \u00e9tat de 70.354 martyrs et 171.030 bless\u00e9s, en majorit\u00e9 des femmes et des enfants, depuis le d\u00e9but de l&rsquo;agression g\u00e9nocidaire sioniste le 7 octobre 2023. Au cours des derni\u00e8res 24 heures, les corps de six martyrs ainsi que quinze bless\u00e9s ont \u00e9t\u00e9 transf\u00e9r\u00e9s vers les h\u00f4pitaux de Ghaza, tandis que les corps de nombreuses victimes demeurent encore sous les d\u00e9combres. Depuis l&rsquo;entr\u00e9e en vigueur du cessez-le-feu en octobre dernier, pas moins de 367 Palestiniens sont tomb\u00e9s en martyrs et 953 autres ont \u00e9t\u00e9 bless\u00e9s, tandis que les corps de 624 martyrs ont \u00e9t\u00e9 r\u00e9cup\u00e9r\u00e9s.<\/p>\n\n\n\n<p>En Cisjordanie occup\u00e9e, l&rsquo;ONU a tir\u00e9 la sonnette d&rsquo;alarme face \u00e0 l&rsquo;intensification des attaques de colons sionistes. Lors d&rsquo;un point de presse vendredi, le porte-parole du secr\u00e9taire g\u00e9n\u00e9ral de l&rsquo;ONU, St\u00e9phane Dujarric, a indiqu\u00e9 que les op\u00e9rations des forces d&rsquo;occupation sioniste s&rsquo;intensifient dans le nord de la Cisjordanie, provoquant de nouveaux d\u00e9placements, des restrictions de mouvement, des fermetures d&rsquo;\u00e9coles et des perturbations des services essentiels. Plus de 95.000 Palestiniens ont \u00e9t\u00e9 affect\u00e9s depuis 2025 en raison des op\u00e9rations des forces d&rsquo;occupation, des couvre-feux, des restrictions de mouvement, ainsi que des dommages inflig\u00e9s aux biens priv\u00e9s et aux infrastructures publiques.<\/p>\n\n\n\n<p>Dujarric a d\u00e9nonc\u00e9 la poursuite sans rel\u00e2che des attaques de colons. S&rsquo;appuyant sur les donn\u00e9es du Bureau de la coordination des affaires humanitaires de l&rsquo;ONU, il a r\u00e9v\u00e9l\u00e9 qu&rsquo;au moins 1.680 attaques de colons ayant caus\u00e9 des martyrs ou des d\u00e9g\u00e2ts mat\u00e9riels ont \u00e9t\u00e9 recens\u00e9es dans plus de 270 communaut\u00e9s de Cisjordanie en 2025, soit une moyenne de cinq incidents par jour.<\/p>\n\n\n\n<p>La fragilit\u00e9 du cessez-le-feu \u00e0 Ghaza a \u00e9t\u00e9 soulign\u00e9e par le premier ministre du Qatar, Cheikh Mohammed ben Abdelrahmane al-Thani, qui a d\u00e9clar\u00e9 samedi lors d&rsquo;une conf\u00e9rence \u00e0 Doha que le cessez-le-feu reste incomplet sans un retrait total des forces d&rsquo;occupation sionistes du territoire palestinien. Il a affirm\u00e9 que la communaut\u00e9 internationale se trouve \u00e0 un moment critique et qu&rsquo;un cessez-le-feu ne peut \u00eatre complet qu&rsquo;avec le retrait total des forces sionistes et un retour de la stabilit\u00e9 \u00e0 Ghaza. Le premier ministre qatari a pr\u00e9cis\u00e9 que le Qatar, la Turquie, l&rsquo;\u00c9gypte et les \u00c9tats-Unis se r\u00e9unissent actuellement pour faire avancer la prochaine phase de l&rsquo;accord en trois \u00e9tapes, tout en soulignant que cette phase demeure temporaire dans l&rsquo;attente d&rsquo;une solution durable.<\/p>\n\n\n\n<p>Au Liban, le pr\u00e9sident Joseph Aoun a rencontr\u00e9 vendredi une d\u00e9l\u00e9gation d&rsquo;ambassadeurs aupr\u00e8s du Conseil de s\u00e9curit\u00e9 de l&rsquo;ONU, les exhortant \u00e0 faire pression sur l&rsquo;entit\u00e9 sioniste pour qu&rsquo;elle respecte le cessez-le-feu et se conforme aux r\u00e9solutions internationales. Aoun a soulign\u00e9 que le r\u00e9tablissement de la stabilit\u00e9 exigeait des pressions sur l&rsquo;entit\u00e9 sioniste pour qu&rsquo;elle applique un cessez-le-feu et retire ses troupes, ajoutant que le Liban comptait sur l&rsquo;engagement international pour garantir le respect de l&rsquo;accord. Selon le minist\u00e8re libanais de la Sant\u00e9, au moins 335 personnes sont tomb\u00e9es en martyrs et 973 autres ont \u00e9t\u00e9 bless\u00e9es lors de 1.038 attaques sionistes depuis l&rsquo;entr\u00e9e en vigueur de l&rsquo;accord de cessez-le-feu en novembre 2024, apr\u00e8s plus d&rsquo;un an de guerre sioniste qui a fait plus de 4.000 martyrs et 17.000 bless\u00e9s.<\/p>\n\n\n\n<p>Lyes Sa\u00efdi<\/p>\n","protected":false},"excerpt":{"rendered":"<p>L&rsquo;Assembl\u00e9e g\u00e9n\u00e9rale des Nations unies a adopt\u00e9 vendredi \u00e0 une \u00e9crasante majorit\u00e9 cinq r\u00e9solutions en faveur de la Palestine, dans<\/p>\n","protected":false},"author":6,"featured_media":52275,"comment_status":"open","ping_status":"closed","sticky":false,"template":"","format":"standard","meta":{"colormag_page_container_layout":"default_layout","colormag_page_sidebar_layout":"default_layout","om_disable_all_campaigns":false,"_monsterinsights_skip_tracking":false,"_monsterinsights_sitenote_active":false,"_monsterinsights_sitenote_note":"","_monsterinsights_sitenote_category":0,"footnotes":"","_wpscppro_dont_share_socialmedia":false,"_wpscppro_custom_social_share_image":0,"_facebook_share_type":"default","_twitter_share_type":"default","_linkedin_share_type":"default","_pinterest_share_type":"default","_linkedin_share_type_page":"","_instagram_share_type":"default","_medium_share_type":"default","_threads_share_type":"default","_google_business_share_type":"default","_selected_social_profile":[],"_wpsp_enable_custom_social_template":false,"_wpsp_social_scheduling":{"enabled":false,"datetime":null,"platforms":[],"status":"template_only","dateOption":"today","timeOption":"now","customDays":"","customHours":"","customDate":"","customTime":"","schedulingType":"absolute"},"_wpsp_active_default_template":true},"categories":[52,37],"tags":[],"class_list":["post-77286","post","type-post","status-publish","format-standard","has-post-thumbnail","hentry","category-a-la-une","category-monde"],"aioseo_notices":[],"yoast_head":"<!-- This site is optimized with the Yoast SEO plugin v27.4 - https:\/\/yoast.com\/product\/yoast-seo-wordpress\/ -->\n<title>Palestine\u00a0occup\u00e9e\u00a0: L&rsquo;ONU adopte cinq r\u00e9solutions historiques\u00a0 - La Sentinelle<\/title>\n<meta name=\"robots\" content=\"index, follow, max-snippet:-1, max-image-preview:large, max-video-preview:-1\" \/>\n<link rel=\"canonical\" href=\"https:\/\/lasentinelle.dz\/index.php\/2025\/12\/06\/palestine-occupee-lonu-adopte-cinq-resolutions-historiques\/\" \/>\n<meta property=\"og:locale\" content=\"fr_FR\" \/>\n<meta property=\"og:type\" content=\"article\" \/>\n<meta property=\"og:title\" content=\"Palestine\u00a0occup\u00e9e\u00a0: L&rsquo;ONU adopte cinq r\u00e9solutions historiques\u00a0 - La Sentinelle\" \/>\n<meta property=\"og:description\" content=\"L&rsquo;Assembl\u00e9e g\u00e9n\u00e9rale des Nations unies a adopt\u00e9 vendredi \u00e0 une \u00e9crasante majorit\u00e9 cinq r\u00e9solutions en faveur de la Palestine, dans\" \/>\n<meta property=\"og:url\" content=\"https:\/\/lasentinelle.dz\/index.php\/2025\/12\/06\/palestine-occupee-lonu-adopte-cinq-resolutions-historiques\/\" \/>\n<meta property=\"og:site_name\" content=\"La Sentinelle\" \/>\n<meta property=\"article:publisher\" content=\"https:\/\/www.facebook.com\/La-Sentinelle-104059864394773\" \/>\n<meta property=\"article:published_time\" content=\"2025-12-06T18:04:10+00:00\" \/>\n<meta property=\"article:modified_time\" content=\"2025-12-06T18:04:11+00:00\" \/>\n<meta property=\"og:image\" content=\"https:\/\/lasentinelle.dz\/wp-content\/uploads\/2024\/05\/ONU.jpeg\" \/>\n\t<meta property=\"og:image:width\" content=\"560\" \/>\n\t<meta property=\"og:image:height\" content=\"340\" \/>\n\t<meta property=\"og:image:type\" content=\"image\/jpeg\" \/>\n<meta name=\"author\" content=\"admin\" \/>\n<meta name=\"twitter:card\" content=\"summary_large_image\" \/>\n<meta name=\"twitter:label1\" content=\"\u00c9crit par\" \/>\n\t<meta name=\"twitter:data1\" content=\"admin\" \/>\n\t<meta name=\"twitter:label2\" content=\"Dur\u00e9e de lecture estim\u00e9e\" \/>\n\t<meta name=\"twitter:data2\" content=\"6 minutes\" \/>\n<script type=\"application\/ld+json\" class=\"yoast-schema-graph\">{\"@context\":\"https:\\\/\\\/schema.org\",\"@graph\":[{\"@type\":\"Article\",\"@id\":\"https:\\\/\\\/lasentinelle.dz\\\/index.php\\\/2025\\\/12\\\/06\\\/palestine-occupee-lonu-adopte-cinq-resolutions-historiques\\\/#article\",\"isPartOf\":{\"@id\":\"https:\\\/\\\/lasentinelle.dz\\\/index.php\\\/2025\\\/12\\\/06\\\/palestine-occupee-lonu-adopte-cinq-resolutions-historiques\\\/\"},\"author\":{\"name\":\"admin\",\"@id\":\"https:\\\/\\\/lasentinelle.dz\\\/#\\\/schema\\\/person\\\/729ee0024f24e0b8c5ec17232f8e8b41\"},\"headline\":\"Palestine\u00a0occup\u00e9e\u00a0: L&rsquo;ONU adopte cinq r\u00e9solutions historiques\u00a0\",\"datePublished\":\"2025-12-06T18:04:10+00:00\",\"dateModified\":\"2025-12-06T18:04:11+00:00\",\"mainEntityOfPage\":{\"@id\":\"https:\\\/\\\/lasentinelle.dz\\\/index.php\\\/2025\\\/12\\\/06\\\/palestine-occupee-lonu-adopte-cinq-resolutions-historiques\\\/\"},\"wordCount\":1165,\"commentCount\":0,\"publisher\":{\"@id\":\"https:\\\/\\\/lasentinelle.dz\\\/#organization\"},\"image\":{\"@id\":\"https:\\\/\\\/lasentinelle.dz\\\/index.php\\\/2025\\\/12\\\/06\\\/palestine-occupee-lonu-adopte-cinq-resolutions-historiques\\\/#primaryimage\"},\"thumbnailUrl\":\"https:\\\/\\\/lasentinelle.dz\\\/wp-content\\\/uploads\\\/2024\\\/05\\\/ONU.jpeg\",\"articleSection\":[\"\u00c0 la Une\",\"Monde\"],\"inLanguage\":\"fr-FR\",\"potentialAction\":[{\"@type\":\"CommentAction\",\"name\":\"Comment\",\"target\":[\"https:\\\/\\\/lasentinelle.dz\\\/index.php\\\/2025\\\/12\\\/06\\\/palestine-occupee-lonu-adopte-cinq-resolutions-historiques\\\/#respond\"]}]},{\"@type\":\"WebPage\",\"@id\":\"https:\\\/\\\/lasentinelle.dz\\\/index.php\\\/2025\\\/12\\\/06\\\/palestine-occupee-lonu-adopte-cinq-resolutions-historiques\\\/\",\"url\":\"https:\\\/\\\/lasentinelle.dz\\\/index.php\\\/2025\\\/12\\\/06\\\/palestine-occupee-lonu-adopte-cinq-resolutions-historiques\\\/\",\"name\":\"Palestine\u00a0occup\u00e9e\u00a0: L&rsquo;ONU adopte cinq r\u00e9solutions historiques\u00a0 - La Sentinelle\",\"isPartOf\":{\"@id\":\"https:\\\/\\\/lasentinelle.dz\\\/#website\"},\"primaryImageOfPage\":{\"@id\":\"https:\\\/\\\/lasentinelle.dz\\\/index.php\\\/2025\\\/12\\\/06\\\/palestine-occupee-lonu-adopte-cinq-resolutions-historiques\\\/#primaryimage\"},\"image\":{\"@id\":\"https:\\\/\\\/lasentinelle.dz\\\/index.php\\\/2025\\\/12\\\/06\\\/palestine-occupee-lonu-adopte-cinq-resolutions-historiques\\\/#primaryimage\"},\"thumbnailUrl\":\"https:\\\/\\\/lasentinelle.dz\\\/wp-content\\\/uploads\\\/2024\\\/05\\\/ONU.jpeg\",\"datePublished\":\"2025-12-06T18:04:10+00:00\",\"dateModified\":\"2025-12-06T18:04:11+00:00\",\"breadcrumb\":{\"@id\":\"https:\\\/\\\/lasentinelle.dz\\\/index.php\\\/2025\\\/12\\\/06\\\/palestine-occupee-lonu-adopte-cinq-resolutions-historiques\\\/#breadcrumb\"},\"inLanguage\":\"fr-FR\",\"potentialAction\":[{\"@type\":\"ReadAction\",\"target\":[\"https:\\\/\\\/lasentinelle.dz\\\/index.php\\\/2025\\\/12\\\/06\\\/palestine-occupee-lonu-adopte-cinq-resolutions-historiques\\\/\"]}]},{\"@type\":\"ImageObject\",\"inLanguage\":\"fr-FR\",\"@id\":\"https:\\\/\\\/lasentinelle.dz\\\/index.php\\\/2025\\\/12\\\/06\\\/palestine-occupee-lonu-adopte-cinq-resolutions-historiques\\\/#primaryimage\",\"url\":\"https:\\\/\\\/lasentinelle.dz\\\/wp-content\\\/uploads\\\/2024\\\/05\\\/ONU.jpeg\",\"contentUrl\":\"https:\\\/\\\/lasentinelle.dz\\\/wp-content\\\/uploads\\\/2024\\\/05\\\/ONU.jpeg\",\"width\":560,\"height\":340},{\"@type\":\"BreadcrumbList\",\"@id\":\"https:\\\/\\\/lasentinelle.dz\\\/index.php\\\/2025\\\/12\\\/06\\\/palestine-occupee-lonu-adopte-cinq-resolutions-historiques\\\/#breadcrumb\",\"itemListElement\":[{\"@type\":\"ListItem\",\"position\":1,\"name\":\"Accueil\",\"item\":\"https:\\\/\\\/lasentinelle.dz\\\/\"},{\"@type\":\"ListItem\",\"position\":2,\"name\":\"Palestine\u00a0occup\u00e9e\u00a0: L&rsquo;ONU adopte cinq r\u00e9solutions historiques\u00a0\"}]},{\"@type\":\"WebSite\",\"@id\":\"https:\\\/\\\/lasentinelle.dz\\\/#website\",\"url\":\"https:\\\/\\\/lasentinelle.dz\\\/\",\"name\":\"La Sentinelle\",\"description\":\"Quotidien national d&#039;information\",\"publisher\":{\"@id\":\"https:\\\/\\\/lasentinelle.dz\\\/#organization\"},\"potentialAction\":[{\"@type\":\"SearchAction\",\"target\":{\"@type\":\"EntryPoint\",\"urlTemplate\":\"https:\\\/\\\/lasentinelle.dz\\\/?s={search_term_string}\"},\"query-input\":{\"@type\":\"PropertyValueSpecification\",\"valueRequired\":true,\"valueName\":\"search_term_string\"}}],\"inLanguage\":\"fr-FR\"},{\"@type\":\"Organization\",\"@id\":\"https:\\\/\\\/lasentinelle.dz\\\/#organization\",\"name\":\"Quotidien La Sentinelle\",\"url\":\"https:\\\/\\\/lasentinelle.dz\\\/\",\"logo\":{\"@type\":\"ImageObject\",\"inLanguage\":\"fr-FR\",\"@id\":\"https:\\\/\\\/lasentinelle.dz\\\/#\\\/schema\\\/logo\\\/image\\\/\",\"url\":\"https:\\\/\\\/lasentinelle.dz\\\/wp-content\\\/uploads\\\/2021\\\/09\\\/logo-sentinelleSLOGAN-1.png\",\"contentUrl\":\"https:\\\/\\\/lasentinelle.dz\\\/wp-content\\\/uploads\\\/2021\\\/09\\\/logo-sentinelleSLOGAN-1.png\",\"width\":615,\"height\":142,\"caption\":\"Quotidien La Sentinelle\"},\"image\":{\"@id\":\"https:\\\/\\\/lasentinelle.dz\\\/#\\\/schema\\\/logo\\\/image\\\/\"},\"sameAs\":[\"https:\\\/\\\/www.facebook.com\\\/La-Sentinelle-104059864394773\"]},{\"@type\":\"Person\",\"@id\":\"https:\\\/\\\/lasentinelle.dz\\\/#\\\/schema\\\/person\\\/729ee0024f24e0b8c5ec17232f8e8b41\",\"name\":\"admin\",\"image\":{\"@type\":\"ImageObject\",\"inLanguage\":\"fr-FR\",\"@id\":\"https:\\\/\\\/secure.gravatar.com\\\/avatar\\\/4c81fed838786e9b53f540bf46533e750f5d292099ae3b66cfc6fb1982e29df7?s=96&d=mm&r=g\",\"url\":\"https:\\\/\\\/secure.gravatar.com\\\/avatar\\\/4c81fed838786e9b53f540bf46533e750f5d292099ae3b66cfc6fb1982e29df7?s=96&d=mm&r=g\",\"contentUrl\":\"https:\\\/\\\/secure.gravatar.com\\\/avatar\\\/4c81fed838786e9b53f540bf46533e750f5d292099ae3b66cfc6fb1982e29df7?s=96&d=mm&r=g\",\"caption\":\"admin\"},\"description\":\"admin\",\"url\":\"https:\\\/\\\/lasentinelle.dz\\\/author\\\/admin\\\/\"}]}<\/script>\n<!-- \/ Yoast SEO plugin. -->","yoast_head_json":{"title":"Palestine\u00a0occup\u00e9e\u00a0: L&rsquo;ONU adopte cinq r\u00e9solutions historiques\u00a0 - La Sentinelle","robots":{"index":"index","follow":"follow","max-snippet":"max-snippet:-1","max-image-preview":"max-image-preview:large","max-video-preview":"max-video-preview:-1"},"canonical":"https:\/\/lasentinelle.dz\/index.php\/2025\/12\/06\/palestine-occupee-lonu-adopte-cinq-resolutions-historiques\/","og_locale":"fr_FR","og_type":"article","og_title":"Palestine\u00a0occup\u00e9e\u00a0: L&rsquo;ONU adopte cinq r\u00e9solutions historiques\u00a0 - La Sentinelle","og_description":"L&rsquo;Assembl\u00e9e g\u00e9n\u00e9rale des Nations unies a adopt\u00e9 vendredi \u00e0 une \u00e9crasante majorit\u00e9 cinq r\u00e9solutions en faveur de la Palestine, dans","og_url":"https:\/\/lasentinelle.dz\/index.php\/2025\/12\/06\/palestine-occupee-lonu-adopte-cinq-resolutions-historiques\/","og_site_name":"La Sentinelle","article_publisher":"https:\/\/www.facebook.com\/La-Sentinelle-104059864394773","article_published_time":"2025-12-06T18:04:10+00:00","article_modified_time":"2025-12-06T18:04:11+00:00","og_image":[{"width":560,"height":340,"url":"https:\/\/lasentinelle.dz\/wp-content\/uploads\/2024\/05\/ONU.jpeg","type":"image\/jpeg"}],"author":"admin","twitter_card":"summary_large_image","twitter_misc":{"\u00c9crit par":"admin","Dur\u00e9e de lecture estim\u00e9e":"6 minutes"},"schema":{"@context":"https:\/\/schema.org","@graph":[{"@type":"Article","@id":"https:\/\/lasentinelle.dz\/index.php\/2025\/12\/06\/palestine-occupee-lonu-adopte-cinq-resolutions-historiques\/#article","isPartOf":{"@id":"https:\/\/lasentinelle.dz\/index.php\/2025\/12\/06\/palestine-occupee-lonu-adopte-cinq-resolutions-historiques\/"},"author":{"name":"admin","@id":"https:\/\/lasentinelle.dz\/#\/schema\/person\/729ee0024f24e0b8c5ec17232f8e8b41"},"headline":"Palestine\u00a0occup\u00e9e\u00a0: L&rsquo;ONU adopte cinq r\u00e9solutions historiques\u00a0","datePublished":"2025-12-06T18:04:10+00:00","dateModified":"2025-12-06T18:04:11+00:00","mainEntityOfPage":{"@id":"https:\/\/lasentinelle.dz\/index.php\/2025\/12\/06\/palestine-occupee-lonu-adopte-cinq-resolutions-historiques\/"},"wordCount":1165,"commentCount":0,"publisher":{"@id":"https:\/\/lasentinelle.dz\/#organization"},"image":{"@id":"https:\/\/lasentinelle.dz\/index.php\/2025\/12\/06\/palestine-occupee-lonu-adopte-cinq-resolutions-historiques\/#primaryimage"},"thumbnailUrl":"https:\/\/lasentinelle.dz\/wp-content\/uploads\/2024\/05\/ONU.jpeg","articleSection":["\u00c0 la Une","Monde"],"inLanguage":"fr-FR","potentialAction":[{"@type":"CommentAction","name":"Comment","target":["https:\/\/lasentinelle.dz\/index.php\/2025\/12\/06\/palestine-occupee-lonu-adopte-cinq-resolutions-historiques\/#respond"]}]},{"@type":"WebPage","@id":"https:\/\/lasentinelle.dz\/index.php\/2025\/12\/06\/palestine-occupee-lonu-adopte-cinq-resolutions-historiques\/","url":"https:\/\/lasentinelle.dz\/index.php\/2025\/12\/06\/palestine-occupee-lonu-adopte-cinq-resolutions-historiques\/","name":"Palestine\u00a0occup\u00e9e\u00a0: L&rsquo;ONU adopte cinq r\u00e9solutions historiques\u00a0 - La Sentinelle","isPartOf":{"@id":"https:\/\/lasentinelle.dz\/#website"},"primaryImageOfPage":{"@id":"https:\/\/lasentinelle.dz\/index.php\/2025\/12\/06\/palestine-occupee-lonu-adopte-cinq-resolutions-historiques\/#primaryimage"},"image":{"@id":"https:\/\/lasentinelle.dz\/index.php\/2025\/12\/06\/palestine-occupee-lonu-adopte-cinq-resolutions-historiques\/#primaryimage"},"thumbnailUrl":"https:\/\/lasentinelle.dz\/wp-content\/uploads\/2024\/05\/ONU.jpeg","datePublished":"2025-12-06T18:04:10+00:00","dateModified":"2025-12-06T18:04:11+00:00","breadcrumb":{"@id":"https:\/\/lasentinelle.dz\/index.php\/2025\/12\/06\/palestine-occupee-lonu-adopte-cinq-resolutions-historiques\/#breadcrumb"},"inLanguage":"fr-FR","potentialAction":[{"@type":"ReadAction","target":["https:\/\/lasentinelle.dz\/index.php\/2025\/12\/06\/palestine-occupee-lonu-adopte-cinq-resolutions-historiques\/"]}]},{"@type":"ImageObject","inLanguage":"fr-FR","@id":"https:\/\/lasentinelle.dz\/index.php\/2025\/12\/06\/palestine-occupee-lonu-adopte-cinq-resolutions-historiques\/#primaryimage","url":"https:\/\/lasentinelle.dz\/wp-content\/uploads\/2024\/05\/ONU.jpeg","contentUrl":"https:\/\/lasentinelle.dz\/wp-content\/uploads\/2024\/05\/ONU.jpeg","width":560,"height":340},{"@type":"BreadcrumbList","@id":"https:\/\/lasentinelle.dz\/index.php\/2025\/12\/06\/palestine-occupee-lonu-adopte-cinq-resolutions-historiques\/#breadcrumb","itemListElement":[{"@type":"ListItem","position":1,"name":"Accueil","item":"https:\/\/lasentinelle.dz\/"},{"@type":"ListItem","position":2,"name":"Palestine\u00a0occup\u00e9e\u00a0: L&rsquo;ONU adopte cinq r\u00e9solutions historiques\u00a0"}]},{"@type":"WebSite","@id":"https:\/\/lasentinelle.dz\/#website","url":"https:\/\/lasentinelle.dz\/","name":"La Sentinelle","description":"Quotidien national d&#039;information","publisher":{"@id":"https:\/\/lasentinelle.dz\/#organization"},"potentialAction":[{"@type":"SearchAction","target":{"@type":"EntryPoint","urlTemplate":"https:\/\/lasentinelle.dz\/?s={search_term_string}"},"query-input":{"@type":"PropertyValueSpecification","valueRequired":true,"valueName":"search_term_string"}}],"inLanguage":"fr-FR"},{"@type":"Organization","@id":"https:\/\/lasentinelle.dz\/#organization","name":"Quotidien La Sentinelle","url":"https:\/\/lasentinelle.dz\/","logo":{"@type":"ImageObject","inLanguage":"fr-FR","@id":"https:\/\/lasentinelle.dz\/#\/schema\/logo\/image\/","url":"https:\/\/lasentinelle.dz\/wp-content\/uploads\/2021\/09\/logo-sentinelleSLOGAN-1.png","contentUrl":"https:\/\/lasentinelle.dz\/wp-content\/uploads\/2021\/09\/logo-sentinelleSLOGAN-1.png","width":615,"height":142,"caption":"Quotidien La Sentinelle"},"image":{"@id":"https:\/\/lasentinelle.dz\/#\/schema\/logo\/image\/"},"sameAs":["https:\/\/www.facebook.com\/La-Sentinelle-104059864394773"]},{"@type":"Person","@id":"https:\/\/lasentinelle.dz\/#\/schema\/person\/729ee0024f24e0b8c5ec17232f8e8b41","name":"admin","image":{"@type":"ImageObject","inLanguage":"fr-FR","@id":"https:\/\/secure.gravatar.com\/avatar\/4c81fed838786e9b53f540bf46533e750f5d292099ae3b66cfc6fb1982e29df7?s=96&d=mm&r=g","url":"https:\/\/secure.gravatar.com\/avatar\/4c81fed838786e9b53f540bf46533e750f5d292099ae3b66cfc6fb1982e29df7?s=96&d=mm&r=g","contentUrl":"https:\/\/secure.gravatar.com\/avatar\/4c81fed838786e9b53f540bf46533e750f5d292099ae3b66cfc6fb1982e29df7?s=96&d=mm&r=g","caption":"admin"},"description":"admin","url":"https:\/\/lasentinelle.dz\/author\/admin\/"}]}},"_links":{"self":[{"href":"https:\/\/lasentinelle.dz\/index.php\/wp-json\/wp\/v2\/posts\/77286","targetHints":{"allow":["GET"]}}],"collection":[{"href":"https:\/\/lasentinelle.dz\/index.php\/wp-json\/wp\/v2\/posts"}],"about":[{"href":"https:\/\/lasentinelle.dz\/index.php\/wp-json\/wp\/v2\/types\/post"}],"author":[{"embeddable":true,"href":"https:\/\/lasentinelle.dz\/index.php\/wp-json\/wp\/v2\/users\/6"}],"replies":[{"embeddable":true,"href":"https:\/\/lasentinelle.dz\/index.php\/wp-json\/wp\/v2\/comments?post=77286"}],"version-history":[{"count":2,"href":"https:\/\/lasentinelle.dz\/index.php\/wp-json\/wp\/v2\/posts\/77286\/revisions"}],"predecessor-version":[{"id":77288,"href":"https:\/\/lasentinelle.dz\/index.php\/wp-json\/wp\/v2\/posts\/77286\/revisions\/77288"}],"wp:featuredmedia":[{"embeddable":true,"href":"https:\/\/lasentinelle.dz\/index.php\/wp-json\/wp\/v2\/media\/52275"}],"wp:attachment":[{"href":"https:\/\/lasentinelle.dz\/index.php\/wp-json\/wp\/v2\/media?parent=77286"}],"wp:term":[{"taxonomy":"category","embeddable":true,"href":"https:\/\/lasentinelle.dz\/index.php\/wp-json\/wp\/v2\/categories?post=77286"},{"taxonomy":"post_tag","embeddable":true,"href":"https:\/\/lasentinelle.dz\/index.php\/wp-json\/wp\/v2\/tags?post=77286"}],"curies":[{"name":"wp","href":"https:\/\/api.w.org\/{rel}","templated":true}]}}