{"id":77289,"date":"2025-12-06T19:05:20","date_gmt":"2025-12-06T18:05:20","guid":{"rendered":"https:\/\/lasentinelle.dz\/?p=77289"},"modified":"2025-12-06T19:05:21","modified_gmt":"2025-12-06T18:05:21","slug":"le-festival-dadrar-celebre-lart-militant-le-theatre-comme-arme-de-resistance","status":"publish","type":"post","link":"https:\/\/lasentinelle.dz\/index.php\/2025\/12\/06\/le-festival-dadrar-celebre-lart-militant-le-theatre-comme-arme-de-resistance\/","title":{"rendered":"Le Festival d&rsquo;Adrar c\u00e9l\u00e8bre l&rsquo;art militant\u00a0:\u00a0Le th\u00e9\u00e2tre comme arme de r\u00e9sistance\u00a0"},"content":{"rendered":"\n<p>Le th\u00e9\u00e2tre s&rsquo;affirme comme un outil puissant de r\u00e9sistance et de soutien aux causes de lib\u00e9ration dans le monde. C&rsquo;est le message central d&rsquo;une rencontre intellectuelle organis\u00e9e dans le cadre du Festival international du th\u00e9\u00e2tre du Sahara, qui se tient du 1er au 7 d\u00e9cembre \u00e0 Adrar, r\u00e9unissant artistes, universitaires et chercheurs autour de la dimension politique et militante du quatri\u00e8me art.&nbsp;La biblioth\u00e8que principale de lecture publique d&rsquo;Adrar a accueilli cette rencontre consacr\u00e9e au r\u00f4le historique du th\u00e9\u00e2tre dans les luttes anticoloniales et les mouvements de lib\u00e9ration nationale. Les intervenants, venus de diff\u00e9rents horizons, ont d\u00e9montr\u00e9 comment cet art sc\u00e9nique a accompagn\u00e9 les peuples dans leur qu\u00eate d&rsquo;ind\u00e9pendance et de dignit\u00e9, servant de tribune \u00e0 l&rsquo;\u00e9veil des consciences et \u00e0 la pr\u00e9servation des identit\u00e9s menac\u00e9es.&nbsp;Dr Mohamed Sayed Ahmed, universitaire soudanais, a ouvert les d\u00e9bats avec une communication intitul\u00e9e \u00ab\u00a0Le th\u00e9\u00e2tre r\u00e9sistant au colonialisme et aux dictatures\u00a0\u00bb. Il a retrac\u00e9 les grandes \u00e9tapes de l&rsquo;\u00e9mergence du th\u00e9\u00e2tre dans les pays arabes, accordant une attention particuli\u00e8re au cas soudanais. Son intervention a mis en lumi\u00e8re la contribution d\u00e9cisive du th\u00e9\u00e2tre dans la lutte contre le colonialisme et son r\u00f4le dans l&rsquo;\u00e9veil de l&rsquo;esprit de lib\u00e9ration chez les peuples opprim\u00e9s, rappelant que la sc\u00e8ne th\u00e9\u00e2trale a souvent pr\u00e9c\u00e9d\u00e9 les soul\u00e8vements populaires en formulant les aspirations collectives.&nbsp;La question palestinienne a occup\u00e9 une place centrale dans cette rencontre. Ahmed El-Bassiouni, enseignant palestinien \u00e0 l&rsquo;Universit\u00e9 de Chlef, a analys\u00e9 les sp\u00e9cificit\u00e9s du th\u00e9\u00e2tre palestinien, n\u00e9 dans des conditions d&rsquo;occupation et d&rsquo;exil.&nbsp;Il a soulign\u00e9 la dimension nationale, r\u00e9volutionnaire et militante de cette production artistique qui r\u00e9siste aux tentatives de division des rangs du peuple palestinien. Prenant l&rsquo;exemple de la pi\u00e8ce \u00ab\u00a0Des cris de Ghaza\u00a0\u00bb, l&rsquo;intervenant a illustr\u00e9 comment le th\u00e9\u00e2tre palestinien t\u00e9moigne des souffrances du peuple tout en maintenant vivante la flamme de la r\u00e9sistance. Ahmed El-Bassiouni a salu\u00e9 l&rsquo;organisation de cette manifestation culturelle et son hommage \u00e0 la Palestine, y voyant \u00ab\u00a0une traduction de la ferme conviction de l&rsquo;Alg\u00e9rie dans son soutien \u00e0 la cause palestinienne\u00a0\u00bb.<\/p>\n\n\n\n<p>Du c\u00f4t\u00e9 alg\u00e9rien, Dr Achour Serga de l&rsquo;Universit\u00e9 de Gharda\u00efa a enrichi le d\u00e9bat en mettant en exergue le r\u00f4le du th\u00e9\u00e2tre dans la confrontation au colonialisme et la pr\u00e9servation de l&rsquo;identit\u00e9 nationale sous ses dimensions psychologiques, sociales et anthropologiques.&nbsp;L&rsquo;universitaire a insist\u00e9 sur l&rsquo;importance de porter \u00e0 la sc\u00e8ne des \u0153uvres puisant dans la m\u00e9moire nationale alg\u00e9rienne, citant notamment les explosions nucl\u00e9aires fran\u00e7aises \u00e0 Reggane dans la wilaya d&rsquo;Adrar, un traumatisme historique qui m\u00e9rite d&rsquo;\u00eatre trait\u00e9 th\u00e9\u00e2tralement pour ne pas sombrer dans l&rsquo;oubli. Il a \u00e9galement soulign\u00e9 la n\u00e9cessit\u00e9 d&rsquo;accompagner le d\u00e9veloppement des nouvelles technologies dans le domaine th\u00e9\u00e2tral, afin que cet art ancestral reste en phase avec son \u00e9poque.<\/p>\n\n\n\n<p>L&rsquo;artiste Mohamed Cherchal a apport\u00e9 un t\u00e9moignage pr\u00e9cieux sur l&rsquo;exp\u00e9rience alg\u00e9rienne r\u00e9cente, rappelant le r\u00f4le crucial du th\u00e9\u00e2tre alg\u00e9rien dans la promotion de la conscience nationale et la lutte contre toutes les formes de violence et d&rsquo;extr\u00e9misme durant la D\u00e9cennie noire des ann\u00e9es 1990. Il a \u00e9voqu\u00e9 des performances marquantes telles que \u00ab\u00a0Bit Ennar\u00a0\u00bb et \u00ab\u00a0Melodia\u00a0\u00bb, qui ont accompagn\u00e9 la soci\u00e9t\u00e9 alg\u00e9rienne dans sa travers\u00e9e d&rsquo;une des p\u00e9riodes les plus sombres de son histoire contemporaine. Pour Cherchal, le th\u00e9\u00e2tre demeure un mode de r\u00e9sistance continu face aux aspects n\u00e9gatifs de la vie quotidienne, une affirmation qui \u00e9largit le concept de r\u00e9sistance au-del\u00e0 de la seule dimension politique pour englober les combats sociaux et culturels.<\/p>\n\n\n\n<p>Cette rencontre s&rsquo;inscrit dans le programme riche du Festival international du th\u00e9\u00e2tre du Sahara, qui se poursuit par une s\u00e9rie de repr\u00e9sentations th\u00e9\u00e2trales et de rencontres \u00e0 travers diff\u00e9rents espaces culturels de la wilaya d&rsquo;Adrar. L&rsquo;\u00e9v\u00e9nement confirme la vitalit\u00e9 du th\u00e9\u00e2tre maghr\u00e9bin et arabe, qui continue de jouer son r\u00f4le de miroir critique des soci\u00e9t\u00e9s et de vecteur des aspirations populaires, tout en rendant hommage aux luttes de lib\u00e9ration pass\u00e9es et pr\u00e9sentes.<\/p>\n\n\n\n<p>M.S.<\/p>\n","protected":false},"excerpt":{"rendered":"<p>Le th\u00e9\u00e2tre s&rsquo;affirme comme un outil puissant de r\u00e9sistance et de soutien aux causes de lib\u00e9ration dans le monde. C&rsquo;est<\/p>\n","protected":false},"author":6,"featured_media":69967,"comment_status":"open","ping_status":"closed","sticky":false,"template":"","format":"standard","meta":{"colormag_page_container_layout":"default_layout","colormag_page_sidebar_layout":"default_layout","om_disable_all_campaigns":false,"_monsterinsights_skip_tracking":false,"_monsterinsights_sitenote_active":false,"_monsterinsights_sitenote_note":"","_monsterinsights_sitenote_category":0,"footnotes":"","_wpscppro_dont_share_socialmedia":false,"_wpscppro_custom_social_share_image":0,"_facebook_share_type":"default","_twitter_share_type":"default","_linkedin_share_type":"default","_pinterest_share_type":"default","_linkedin_share_type_page":"","_instagram_share_type":"default","_medium_share_type":"default","_threads_share_type":"default","_google_business_share_type":"default","_selected_social_profile":[],"_wpsp_enable_custom_social_template":false,"_wpsp_social_scheduling":{"enabled":false,"datetime":null,"platforms":[],"status":"template_only","dateOption":"today","timeOption":"now","customDays":"","customHours":"","customDate":"","customTime":"","schedulingType":"absolute"},"_wpsp_active_default_template":true},"categories":[36],"tags":[],"class_list":["post-77289","post","type-post","status-publish","format-standard","has-post-thumbnail","hentry","category-culture"],"aioseo_notices":[],"yoast_head":"<!-- This site is optimized with the Yoast SEO plugin v27.4 - https:\/\/yoast.com\/product\/yoast-seo-wordpress\/ -->\n<title>Le Festival d&rsquo;Adrar c\u00e9l\u00e8bre l&rsquo;art militant\u00a0:\u00a0Le th\u00e9\u00e2tre comme arme de r\u00e9sistance\u00a0 - La Sentinelle<\/title>\n<meta name=\"robots\" content=\"index, follow, max-snippet:-1, max-image-preview:large, max-video-preview:-1\" \/>\n<link rel=\"canonical\" href=\"https:\/\/lasentinelle.dz\/index.php\/2025\/12\/06\/le-festival-dadrar-celebre-lart-militant-le-theatre-comme-arme-de-resistance\/\" \/>\n<meta property=\"og:locale\" content=\"fr_FR\" \/>\n<meta property=\"og:type\" content=\"article\" \/>\n<meta property=\"og:title\" content=\"Le Festival d&rsquo;Adrar c\u00e9l\u00e8bre l&rsquo;art militant\u00a0:\u00a0Le th\u00e9\u00e2tre comme arme de r\u00e9sistance\u00a0 - La Sentinelle\" \/>\n<meta property=\"og:description\" content=\"Le th\u00e9\u00e2tre s&rsquo;affirme comme un outil puissant de r\u00e9sistance et de soutien aux causes de lib\u00e9ration dans le monde. C&rsquo;est\" \/>\n<meta property=\"og:url\" content=\"https:\/\/lasentinelle.dz\/index.php\/2025\/12\/06\/le-festival-dadrar-celebre-lart-militant-le-theatre-comme-arme-de-resistance\/\" \/>\n<meta property=\"og:site_name\" content=\"La Sentinelle\" \/>\n<meta property=\"article:publisher\" content=\"https:\/\/www.facebook.com\/La-Sentinelle-104059864394773\" \/>\n<meta property=\"article:published_time\" content=\"2025-12-06T18:05:20+00:00\" \/>\n<meta property=\"article:modified_time\" content=\"2025-12-06T18:05:21+00:00\" \/>\n<meta property=\"og:image\" content=\"https:\/\/lasentinelle.dz\/wp-content\/uploads\/2025\/07\/theatre.jpeg\" \/>\n\t<meta property=\"og:image:width\" content=\"1000\" \/>\n\t<meta property=\"og:image:height\" content=\"700\" \/>\n\t<meta property=\"og:image:type\" content=\"image\/jpeg\" \/>\n<meta name=\"author\" content=\"admin\" \/>\n<meta name=\"twitter:card\" content=\"summary_large_image\" \/>\n<meta name=\"twitter:label1\" content=\"\u00c9crit par\" \/>\n\t<meta name=\"twitter:data1\" content=\"admin\" \/>\n\t<meta name=\"twitter:label2\" content=\"Dur\u00e9e de lecture estim\u00e9e\" \/>\n\t<meta name=\"twitter:data2\" content=\"4 minutes\" \/>\n<script type=\"application\/ld+json\" class=\"yoast-schema-graph\">{\"@context\":\"https:\\\/\\\/schema.org\",\"@graph\":[{\"@type\":\"Article\",\"@id\":\"https:\\\/\\\/lasentinelle.dz\\\/index.php\\\/2025\\\/12\\\/06\\\/le-festival-dadrar-celebre-lart-militant-le-theatre-comme-arme-de-resistance\\\/#article\",\"isPartOf\":{\"@id\":\"https:\\\/\\\/lasentinelle.dz\\\/index.php\\\/2025\\\/12\\\/06\\\/le-festival-dadrar-celebre-lart-militant-le-theatre-comme-arme-de-resistance\\\/\"},\"author\":{\"name\":\"admin\",\"@id\":\"https:\\\/\\\/lasentinelle.dz\\\/#\\\/schema\\\/person\\\/729ee0024f24e0b8c5ec17232f8e8b41\"},\"headline\":\"Le Festival d&rsquo;Adrar c\u00e9l\u00e8bre l&rsquo;art militant\u00a0:\u00a0Le th\u00e9\u00e2tre comme arme de r\u00e9sistance\u00a0\",\"datePublished\":\"2025-12-06T18:05:20+00:00\",\"dateModified\":\"2025-12-06T18:05:21+00:00\",\"mainEntityOfPage\":{\"@id\":\"https:\\\/\\\/lasentinelle.dz\\\/index.php\\\/2025\\\/12\\\/06\\\/le-festival-dadrar-celebre-lart-militant-le-theatre-comme-arme-de-resistance\\\/\"},\"wordCount\":776,\"commentCount\":0,\"publisher\":{\"@id\":\"https:\\\/\\\/lasentinelle.dz\\\/#organization\"},\"image\":{\"@id\":\"https:\\\/\\\/lasentinelle.dz\\\/index.php\\\/2025\\\/12\\\/06\\\/le-festival-dadrar-celebre-lart-militant-le-theatre-comme-arme-de-resistance\\\/#primaryimage\"},\"thumbnailUrl\":\"https:\\\/\\\/lasentinelle.dz\\\/wp-content\\\/uploads\\\/2025\\\/07\\\/theatre.jpeg\",\"articleSection\":[\"Culture\"],\"inLanguage\":\"fr-FR\",\"potentialAction\":[{\"@type\":\"CommentAction\",\"name\":\"Comment\",\"target\":[\"https:\\\/\\\/lasentinelle.dz\\\/index.php\\\/2025\\\/12\\\/06\\\/le-festival-dadrar-celebre-lart-militant-le-theatre-comme-arme-de-resistance\\\/#respond\"]}]},{\"@type\":\"WebPage\",\"@id\":\"https:\\\/\\\/lasentinelle.dz\\\/index.php\\\/2025\\\/12\\\/06\\\/le-festival-dadrar-celebre-lart-militant-le-theatre-comme-arme-de-resistance\\\/\",\"url\":\"https:\\\/\\\/lasentinelle.dz\\\/index.php\\\/2025\\\/12\\\/06\\\/le-festival-dadrar-celebre-lart-militant-le-theatre-comme-arme-de-resistance\\\/\",\"name\":\"Le Festival d&rsquo;Adrar c\u00e9l\u00e8bre l&rsquo;art militant\u00a0:\u00a0Le th\u00e9\u00e2tre comme arme de r\u00e9sistance\u00a0 - La Sentinelle\",\"isPartOf\":{\"@id\":\"https:\\\/\\\/lasentinelle.dz\\\/#website\"},\"primaryImageOfPage\":{\"@id\":\"https:\\\/\\\/lasentinelle.dz\\\/index.php\\\/2025\\\/12\\\/06\\\/le-festival-dadrar-celebre-lart-militant-le-theatre-comme-arme-de-resistance\\\/#primaryimage\"},\"image\":{\"@id\":\"https:\\\/\\\/lasentinelle.dz\\\/index.php\\\/2025\\\/12\\\/06\\\/le-festival-dadrar-celebre-lart-militant-le-theatre-comme-arme-de-resistance\\\/#primaryimage\"},\"thumbnailUrl\":\"https:\\\/\\\/lasentinelle.dz\\\/wp-content\\\/uploads\\\/2025\\\/07\\\/theatre.jpeg\",\"datePublished\":\"2025-12-06T18:05:20+00:00\",\"dateModified\":\"2025-12-06T18:05:21+00:00\",\"breadcrumb\":{\"@id\":\"https:\\\/\\\/lasentinelle.dz\\\/index.php\\\/2025\\\/12\\\/06\\\/le-festival-dadrar-celebre-lart-militant-le-theatre-comme-arme-de-resistance\\\/#breadcrumb\"},\"inLanguage\":\"fr-FR\",\"potentialAction\":[{\"@type\":\"ReadAction\",\"target\":[\"https:\\\/\\\/lasentinelle.dz\\\/index.php\\\/2025\\\/12\\\/06\\\/le-festival-dadrar-celebre-lart-militant-le-theatre-comme-arme-de-resistance\\\/\"]}]},{\"@type\":\"ImageObject\",\"inLanguage\":\"fr-FR\",\"@id\":\"https:\\\/\\\/lasentinelle.dz\\\/index.php\\\/2025\\\/12\\\/06\\\/le-festival-dadrar-celebre-lart-militant-le-theatre-comme-arme-de-resistance\\\/#primaryimage\",\"url\":\"https:\\\/\\\/lasentinelle.dz\\\/wp-content\\\/uploads\\\/2025\\\/07\\\/theatre.jpeg\",\"contentUrl\":\"https:\\\/\\\/lasentinelle.dz\\\/wp-content\\\/uploads\\\/2025\\\/07\\\/theatre.jpeg\",\"width\":1000,\"height\":700},{\"@type\":\"BreadcrumbList\",\"@id\":\"https:\\\/\\\/lasentinelle.dz\\\/index.php\\\/2025\\\/12\\\/06\\\/le-festival-dadrar-celebre-lart-militant-le-theatre-comme-arme-de-resistance\\\/#breadcrumb\",\"itemListElement\":[{\"@type\":\"ListItem\",\"position\":1,\"name\":\"Accueil\",\"item\":\"https:\\\/\\\/lasentinelle.dz\\\/\"},{\"@type\":\"ListItem\",\"position\":2,\"name\":\"Le Festival d&rsquo;Adrar c\u00e9l\u00e8bre l&rsquo;art militant\u00a0:\u00a0Le th\u00e9\u00e2tre comme arme de r\u00e9sistance\u00a0\"}]},{\"@type\":\"WebSite\",\"@id\":\"https:\\\/\\\/lasentinelle.dz\\\/#website\",\"url\":\"https:\\\/\\\/lasentinelle.dz\\\/\",\"name\":\"La Sentinelle\",\"description\":\"Quotidien national d&#039;information\",\"publisher\":{\"@id\":\"https:\\\/\\\/lasentinelle.dz\\\/#organization\"},\"potentialAction\":[{\"@type\":\"SearchAction\",\"target\":{\"@type\":\"EntryPoint\",\"urlTemplate\":\"https:\\\/\\\/lasentinelle.dz\\\/?s={search_term_string}\"},\"query-input\":{\"@type\":\"PropertyValueSpecification\",\"valueRequired\":true,\"valueName\":\"search_term_string\"}}],\"inLanguage\":\"fr-FR\"},{\"@type\":\"Organization\",\"@id\":\"https:\\\/\\\/lasentinelle.dz\\\/#organization\",\"name\":\"Quotidien La Sentinelle\",\"url\":\"https:\\\/\\\/lasentinelle.dz\\\/\",\"logo\":{\"@type\":\"ImageObject\",\"inLanguage\":\"fr-FR\",\"@id\":\"https:\\\/\\\/lasentinelle.dz\\\/#\\\/schema\\\/logo\\\/image\\\/\",\"url\":\"https:\\\/\\\/lasentinelle.dz\\\/wp-content\\\/uploads\\\/2021\\\/09\\\/logo-sentinelleSLOGAN-1.png\",\"contentUrl\":\"https:\\\/\\\/lasentinelle.dz\\\/wp-content\\\/uploads\\\/2021\\\/09\\\/logo-sentinelleSLOGAN-1.png\",\"width\":615,\"height\":142,\"caption\":\"Quotidien La Sentinelle\"},\"image\":{\"@id\":\"https:\\\/\\\/lasentinelle.dz\\\/#\\\/schema\\\/logo\\\/image\\\/\"},\"sameAs\":[\"https:\\\/\\\/www.facebook.com\\\/La-Sentinelle-104059864394773\"]},{\"@type\":\"Person\",\"@id\":\"https:\\\/\\\/lasentinelle.dz\\\/#\\\/schema\\\/person\\\/729ee0024f24e0b8c5ec17232f8e8b41\",\"name\":\"admin\",\"image\":{\"@type\":\"ImageObject\",\"inLanguage\":\"fr-FR\",\"@id\":\"https:\\\/\\\/secure.gravatar.com\\\/avatar\\\/4c81fed838786e9b53f540bf46533e750f5d292099ae3b66cfc6fb1982e29df7?s=96&d=mm&r=g\",\"url\":\"https:\\\/\\\/secure.gravatar.com\\\/avatar\\\/4c81fed838786e9b53f540bf46533e750f5d292099ae3b66cfc6fb1982e29df7?s=96&d=mm&r=g\",\"contentUrl\":\"https:\\\/\\\/secure.gravatar.com\\\/avatar\\\/4c81fed838786e9b53f540bf46533e750f5d292099ae3b66cfc6fb1982e29df7?s=96&d=mm&r=g\",\"caption\":\"admin\"},\"description\":\"admin\",\"url\":\"https:\\\/\\\/lasentinelle.dz\\\/author\\\/admin\\\/\"}]}<\/script>\n<!-- \/ Yoast SEO plugin. -->","yoast_head_json":{"title":"Le Festival d&rsquo;Adrar c\u00e9l\u00e8bre l&rsquo;art militant\u00a0:\u00a0Le th\u00e9\u00e2tre comme arme de r\u00e9sistance\u00a0 - La Sentinelle","robots":{"index":"index","follow":"follow","max-snippet":"max-snippet:-1","max-image-preview":"max-image-preview:large","max-video-preview":"max-video-preview:-1"},"canonical":"https:\/\/lasentinelle.dz\/index.php\/2025\/12\/06\/le-festival-dadrar-celebre-lart-militant-le-theatre-comme-arme-de-resistance\/","og_locale":"fr_FR","og_type":"article","og_title":"Le Festival d&rsquo;Adrar c\u00e9l\u00e8bre l&rsquo;art militant\u00a0:\u00a0Le th\u00e9\u00e2tre comme arme de r\u00e9sistance\u00a0 - La Sentinelle","og_description":"Le th\u00e9\u00e2tre s&rsquo;affirme comme un outil puissant de r\u00e9sistance et de soutien aux causes de lib\u00e9ration dans le monde. C&rsquo;est","og_url":"https:\/\/lasentinelle.dz\/index.php\/2025\/12\/06\/le-festival-dadrar-celebre-lart-militant-le-theatre-comme-arme-de-resistance\/","og_site_name":"La Sentinelle","article_publisher":"https:\/\/www.facebook.com\/La-Sentinelle-104059864394773","article_published_time":"2025-12-06T18:05:20+00:00","article_modified_time":"2025-12-06T18:05:21+00:00","og_image":[{"width":1000,"height":700,"url":"https:\/\/lasentinelle.dz\/wp-content\/uploads\/2025\/07\/theatre.jpeg","type":"image\/jpeg"}],"author":"admin","twitter_card":"summary_large_image","twitter_misc":{"\u00c9crit par":"admin","Dur\u00e9e de lecture estim\u00e9e":"4 minutes"},"schema":{"@context":"https:\/\/schema.org","@graph":[{"@type":"Article","@id":"https:\/\/lasentinelle.dz\/index.php\/2025\/12\/06\/le-festival-dadrar-celebre-lart-militant-le-theatre-comme-arme-de-resistance\/#article","isPartOf":{"@id":"https:\/\/lasentinelle.dz\/index.php\/2025\/12\/06\/le-festival-dadrar-celebre-lart-militant-le-theatre-comme-arme-de-resistance\/"},"author":{"name":"admin","@id":"https:\/\/lasentinelle.dz\/#\/schema\/person\/729ee0024f24e0b8c5ec17232f8e8b41"},"headline":"Le Festival d&rsquo;Adrar c\u00e9l\u00e8bre l&rsquo;art militant\u00a0:\u00a0Le th\u00e9\u00e2tre comme arme de r\u00e9sistance\u00a0","datePublished":"2025-12-06T18:05:20+00:00","dateModified":"2025-12-06T18:05:21+00:00","mainEntityOfPage":{"@id":"https:\/\/lasentinelle.dz\/index.php\/2025\/12\/06\/le-festival-dadrar-celebre-lart-militant-le-theatre-comme-arme-de-resistance\/"},"wordCount":776,"commentCount":0,"publisher":{"@id":"https:\/\/lasentinelle.dz\/#organization"},"image":{"@id":"https:\/\/lasentinelle.dz\/index.php\/2025\/12\/06\/le-festival-dadrar-celebre-lart-militant-le-theatre-comme-arme-de-resistance\/#primaryimage"},"thumbnailUrl":"https:\/\/lasentinelle.dz\/wp-content\/uploads\/2025\/07\/theatre.jpeg","articleSection":["Culture"],"inLanguage":"fr-FR","potentialAction":[{"@type":"CommentAction","name":"Comment","target":["https:\/\/lasentinelle.dz\/index.php\/2025\/12\/06\/le-festival-dadrar-celebre-lart-militant-le-theatre-comme-arme-de-resistance\/#respond"]}]},{"@type":"WebPage","@id":"https:\/\/lasentinelle.dz\/index.php\/2025\/12\/06\/le-festival-dadrar-celebre-lart-militant-le-theatre-comme-arme-de-resistance\/","url":"https:\/\/lasentinelle.dz\/index.php\/2025\/12\/06\/le-festival-dadrar-celebre-lart-militant-le-theatre-comme-arme-de-resistance\/","name":"Le Festival d&rsquo;Adrar c\u00e9l\u00e8bre l&rsquo;art militant\u00a0:\u00a0Le th\u00e9\u00e2tre comme arme de r\u00e9sistance\u00a0 - La Sentinelle","isPartOf":{"@id":"https:\/\/lasentinelle.dz\/#website"},"primaryImageOfPage":{"@id":"https:\/\/lasentinelle.dz\/index.php\/2025\/12\/06\/le-festival-dadrar-celebre-lart-militant-le-theatre-comme-arme-de-resistance\/#primaryimage"},"image":{"@id":"https:\/\/lasentinelle.dz\/index.php\/2025\/12\/06\/le-festival-dadrar-celebre-lart-militant-le-theatre-comme-arme-de-resistance\/#primaryimage"},"thumbnailUrl":"https:\/\/lasentinelle.dz\/wp-content\/uploads\/2025\/07\/theatre.jpeg","datePublished":"2025-12-06T18:05:20+00:00","dateModified":"2025-12-06T18:05:21+00:00","breadcrumb":{"@id":"https:\/\/lasentinelle.dz\/index.php\/2025\/12\/06\/le-festival-dadrar-celebre-lart-militant-le-theatre-comme-arme-de-resistance\/#breadcrumb"},"inLanguage":"fr-FR","potentialAction":[{"@type":"ReadAction","target":["https:\/\/lasentinelle.dz\/index.php\/2025\/12\/06\/le-festival-dadrar-celebre-lart-militant-le-theatre-comme-arme-de-resistance\/"]}]},{"@type":"ImageObject","inLanguage":"fr-FR","@id":"https:\/\/lasentinelle.dz\/index.php\/2025\/12\/06\/le-festival-dadrar-celebre-lart-militant-le-theatre-comme-arme-de-resistance\/#primaryimage","url":"https:\/\/lasentinelle.dz\/wp-content\/uploads\/2025\/07\/theatre.jpeg","contentUrl":"https:\/\/lasentinelle.dz\/wp-content\/uploads\/2025\/07\/theatre.jpeg","width":1000,"height":700},{"@type":"BreadcrumbList","@id":"https:\/\/lasentinelle.dz\/index.php\/2025\/12\/06\/le-festival-dadrar-celebre-lart-militant-le-theatre-comme-arme-de-resistance\/#breadcrumb","itemListElement":[{"@type":"ListItem","position":1,"name":"Accueil","item":"https:\/\/lasentinelle.dz\/"},{"@type":"ListItem","position":2,"name":"Le Festival d&rsquo;Adrar c\u00e9l\u00e8bre l&rsquo;art militant\u00a0:\u00a0Le th\u00e9\u00e2tre comme arme de r\u00e9sistance\u00a0"}]},{"@type":"WebSite","@id":"https:\/\/lasentinelle.dz\/#website","url":"https:\/\/lasentinelle.dz\/","name":"La Sentinelle","description":"Quotidien national d&#039;information","publisher":{"@id":"https:\/\/lasentinelle.dz\/#organization"},"potentialAction":[{"@type":"SearchAction","target":{"@type":"EntryPoint","urlTemplate":"https:\/\/lasentinelle.dz\/?s={search_term_string}"},"query-input":{"@type":"PropertyValueSpecification","valueRequired":true,"valueName":"search_term_string"}}],"inLanguage":"fr-FR"},{"@type":"Organization","@id":"https:\/\/lasentinelle.dz\/#organization","name":"Quotidien La Sentinelle","url":"https:\/\/lasentinelle.dz\/","logo":{"@type":"ImageObject","inLanguage":"fr-FR","@id":"https:\/\/lasentinelle.dz\/#\/schema\/logo\/image\/","url":"https:\/\/lasentinelle.dz\/wp-content\/uploads\/2021\/09\/logo-sentinelleSLOGAN-1.png","contentUrl":"https:\/\/lasentinelle.dz\/wp-content\/uploads\/2021\/09\/logo-sentinelleSLOGAN-1.png","width":615,"height":142,"caption":"Quotidien La Sentinelle"},"image":{"@id":"https:\/\/lasentinelle.dz\/#\/schema\/logo\/image\/"},"sameAs":["https:\/\/www.facebook.com\/La-Sentinelle-104059864394773"]},{"@type":"Person","@id":"https:\/\/lasentinelle.dz\/#\/schema\/person\/729ee0024f24e0b8c5ec17232f8e8b41","name":"admin","image":{"@type":"ImageObject","inLanguage":"fr-FR","@id":"https:\/\/secure.gravatar.com\/avatar\/4c81fed838786e9b53f540bf46533e750f5d292099ae3b66cfc6fb1982e29df7?s=96&d=mm&r=g","url":"https:\/\/secure.gravatar.com\/avatar\/4c81fed838786e9b53f540bf46533e750f5d292099ae3b66cfc6fb1982e29df7?s=96&d=mm&r=g","contentUrl":"https:\/\/secure.gravatar.com\/avatar\/4c81fed838786e9b53f540bf46533e750f5d292099ae3b66cfc6fb1982e29df7?s=96&d=mm&r=g","caption":"admin"},"description":"admin","url":"https:\/\/lasentinelle.dz\/author\/admin\/"}]}},"_links":{"self":[{"href":"https:\/\/lasentinelle.dz\/index.php\/wp-json\/wp\/v2\/posts\/77289","targetHints":{"allow":["GET"]}}],"collection":[{"href":"https:\/\/lasentinelle.dz\/index.php\/wp-json\/wp\/v2\/posts"}],"about":[{"href":"https:\/\/lasentinelle.dz\/index.php\/wp-json\/wp\/v2\/types\/post"}],"author":[{"embeddable":true,"href":"https:\/\/lasentinelle.dz\/index.php\/wp-json\/wp\/v2\/users\/6"}],"replies":[{"embeddable":true,"href":"https:\/\/lasentinelle.dz\/index.php\/wp-json\/wp\/v2\/comments?post=77289"}],"version-history":[{"count":2,"href":"https:\/\/lasentinelle.dz\/index.php\/wp-json\/wp\/v2\/posts\/77289\/revisions"}],"predecessor-version":[{"id":77291,"href":"https:\/\/lasentinelle.dz\/index.php\/wp-json\/wp\/v2\/posts\/77289\/revisions\/77291"}],"wp:featuredmedia":[{"embeddable":true,"href":"https:\/\/lasentinelle.dz\/index.php\/wp-json\/wp\/v2\/media\/69967"}],"wp:attachment":[{"href":"https:\/\/lasentinelle.dz\/index.php\/wp-json\/wp\/v2\/media?parent=77289"}],"wp:term":[{"taxonomy":"category","embeddable":true,"href":"https:\/\/lasentinelle.dz\/index.php\/wp-json\/wp\/v2\/categories?post=77289"},{"taxonomy":"post_tag","embeddable":true,"href":"https:\/\/lasentinelle.dz\/index.php\/wp-json\/wp\/v2\/tags?post=77289"}],"curies":[{"name":"wp","href":"https:\/\/api.w.org\/{rel}","templated":true}]}}