{"id":77292,"date":"2025-12-06T19:06:17","date_gmt":"2025-12-06T18:06:17","guid":{"rendered":"https:\/\/lasentinelle.dz\/?p=77292"},"modified":"2025-12-06T19:06:18","modified_gmt":"2025-12-06T18:06:18","slug":"12e-festival-international-du-film-dalger-sous-le-signe-du-dialogue-interculturel","status":"publish","type":"post","link":"https:\/\/lasentinelle.dz\/index.php\/2025\/12\/06\/12e-festival-international-du-film-dalger-sous-le-signe-du-dialogue-interculturel\/","title":{"rendered":"12e Festival international du film d&rsquo;Alger\u00a0: Sous le signe\u00a0du dialogue interculturel"},"content":{"rendered":"\n<p>La ministre de la Culture et des Arts, Malika Bendouda, a inaugur\u00e9 jeudi soir la douzi\u00e8me \u00e9dition du Festival international du film d&rsquo;Alger (AIFF), qui se tiendra jusqu&rsquo;au 10 d\u00e9cembre au Th\u00e9\u00e2tre national alg\u00e9rien Mahieddine-Bachtarzi. Cette \u00e9dition, qui accueille Cuba comme invit\u00e9 d&rsquo;honneur, r\u00e9unit plus de 100 films provenant d&rsquo;Alg\u00e9rie et de 28 pays participants.<\/p>\n\n\n\n<p>La c\u00e9r\u00e9monie d&rsquo;ouverture s&rsquo;est d\u00e9roul\u00e9e en pr\u00e9sence de personnalit\u00e9s officielles de premier plan, dont Kamel Sidi Said, conseiller aupr\u00e8s du pr\u00e9sident de la R\u00e9publique charg\u00e9 de la Direction g\u00e9n\u00e9rale de la communication, Amar Bendjedda, pr\u00e9sident de l&rsquo;Autorit\u00e9 nationale ind\u00e9pendante de r\u00e9gulation de l&rsquo;audiovisuel, et Mohamed Baghali, Directeur g\u00e9n\u00e9ral de l&rsquo;\u00c9tablissement public de la T\u00e9l\u00e9vision alg\u00e9rienne. L&rsquo;ambassadeur de Cuba en Alg\u00e9rie, Hector Igarza Cabrera, ainsi que de nombreux repr\u00e9sentants du corps diplomatique accr\u00e9dit\u00e9 en Alg\u00e9rie et des artistes ont \u00e9galement assist\u00e9 \u00e0 cette soir\u00e9e inaugurale, t\u00e9moignant du rayonnement international de l&rsquo;\u00e9v\u00e9nement.&nbsp;Dans son allocution d&rsquo;ouverture, Malika Bendouda a d\u00e9fendu une vision du cin\u00e9ma comme vecteur de transformation sociale et de dialogue interculturel. Elle a affirm\u00e9 que \u00ab\u00a0le Festival incarne aujourd&rsquo;hui une vision qui fait de la cr\u00e9ativit\u00e9 une force de construction sociale, permettant la multiplicit\u00e9 des voix et pr\u00e9servant la place de la pens\u00e9e critique dans la vie publique\u00a0\u00bb. La ministre a poursuivi en soulignant que \u00ab\u00a0lorsque la culture accueille la diversit\u00e9 des exp\u00e9riences et des approches, l&rsquo;acte artistique devient un outil de consolidation des valeurs d&rsquo;ouverture, de justice et de respect mutuel\u00a0\u00bb.&nbsp;Selon Malika Bendouda, les \u0153uvres cin\u00e9matographiques pr\u00e9sent\u00e9es lors de ce festival constituent bien plus qu&rsquo;un simple divertissement. Elle a expliqu\u00e9 que \u00ab\u00a0les \u0153uvres participant \u00e0 ce Festival portent la m\u00e9moire de leurs peuples, ainsi que leurs interrogations et r\u00e9flexions sur le monde\u00a0\u00bb, permettant aux spectateurs de \u00ab\u00a0d\u00e9couvrir de nouvelles exp\u00e9riences et red\u00e9couvrir leur capacit\u00e9 d&#8217;empathie, gr\u00e2ce \u00e0 une lecture plus profonde et plus ouverte des \u00e9v\u00e9nements\u00a0\u00bb. La ministre a \u00e9galement rappel\u00e9 l&rsquo;engagement constant de l&rsquo;Alg\u00e9rie envers les arts, pr\u00e9cisant que \u00ab\u00a0l&rsquo;Alg\u00e9rie, avec son riche patrimoine culturel et son r\u00f4le civilisationnel, poursuit son soutien aux arts\u00a0\u00bb et que \u00ab\u00a0chaque film projet\u00e9 ici s&rsquo;ajoute \u00e0 notre actif symbolique et au projet culturel et humain qui croit que la connaissance se renouvelle par l&rsquo;interaction avec la cr\u00e9ativit\u00e9, et que le dialogue prosp\u00e8re lorsqu&rsquo;il trouve sa langue dans l&rsquo;image et le son\u00a0\u00bb.<\/p>\n\n\n\n<p>Le commissaire du Festival, Mehdi Benaissa, a pour sa part \u00e9voqu\u00e9 la r\u00e9silience du septi\u00e8me art face aux mutations technologiques et sociales contemporaines. Il a observ\u00e9 que \u00ab\u00a0le cin\u00e9ma qui fait face aujourd&rsquo;hui \u00e0 de nombreux d\u00e9fis, a travers\u00e9 les fronti\u00e8res, connu les guerres, et coexist\u00e9 avec la t\u00e9l\u00e9vision, les g\u00e9n\u00e9rations et les nouvelles technologies\u00a0\u00bb. Dans une formule qui inscrit le festival dans une perspective m\u00e9morielle et prospective, il a estim\u00e9 que \u00ab\u00a0les films d&rsquo;aujourd&rsquo;hui sont la m\u00e9moire de demain et l&rsquo;histoire de l&rsquo;avenir\u00a0\u00bb.<\/p>\n\n\n\n<p>Le choix de Cuba comme invit\u00e9 d&rsquo;honneur rev\u00eat une dimension symbolique forte, refl\u00e9tant les liens historiques privil\u00e9gi\u00e9s entre les deux nations. L&rsquo;ambassadeur cubain Hector Igarza Cabrera a salu\u00e9 cette d\u00e9cision qui, selon lui, t\u00e9moigne de \u00ab\u00a0la profondeur et l&rsquo;excellence des relations historiques entre l&rsquo;Alg\u00e9rie et Cuba\u00a0\u00bb. Il a exprim\u00e9 le souhait que le Festival puisse \u00ab\u00a0renforcer la coop\u00e9ration cin\u00e9matographique, la coproduction, la formation artistique et l&rsquo;\u00e9change technique, compte tenu que le cin\u00e9ma est un pont entre les soci\u00e9t\u00e9s et les g\u00e9n\u00e9rations et un outil de cr\u00e9ativit\u00e9 et de r\u00e9sistance\u00a0\u00bb.<\/p>\n\n\n\n<p>La soir\u00e9e inaugurale a \u00e9t\u00e9 marqu\u00e9e par un moment d&rsquo;\u00e9motion particuli\u00e8re avec la projection du film \u00ab\u00a0Plongeurs du D\u00e9sert\u00a0\u00bb r\u00e9alis\u00e9 par le regrett\u00e9 Tahar Hannache en 1952. Cette \u0153uvre, r\u00e9cemment restaur\u00e9e \u00e0 l&rsquo;occasion du 70e anniversaire&nbsp;du d\u00e9clenchement&nbsp;de la&nbsp;Guerre&nbsp;de lib\u00e9ration&nbsp;nationale, t\u00e9moigne de la richesse du patrimoine cin\u00e9matographique national et de la volont\u00e9 des organisateurs de pr\u00e9server cette m\u00e9moire collective.&nbsp;Des hommages poignants ont \u00e9galement \u00e9t\u00e9 rendus \u00e0 plusieurs figures marquantes du cin\u00e9ma et de la culture, disparues r\u00e9cemment. Parmi elles, le r\u00e9alisateur Mohamed Lakhdar Hamina, l&rsquo;artiste Baya Bouzar, plus connue sous son nom de sc\u00e8ne \u00ab\u00a0Biyouna\u00a0\u00bb, et Faouzi Saichi ont \u00e9t\u00e9 c\u00e9l\u00e9br\u00e9s pour leur contribution inestimable au patrimoine artistique alg\u00e9rien. Le festival a \u00e9galement honor\u00e9 des artistes toujours en activit\u00e9, notamment Salah Aougrout et la cin\u00e9aste cubaine Lizette Vila, reconnaissant ainsi leur parcours et leur engagement dans le monde du cin\u00e9ma.<\/p>\n\n\n\n<p>La programmation de cette douzi\u00e8me \u00e9dition s&rsquo;annonce particuli\u00e8rement riche et diversifi\u00e9e. Plus de 100 films seront projet\u00e9s durant les six jours du festival, dont 50 \u0153uvres en comp\u00e9tition officielle r\u00e9parties entre longs m\u00e9trages, courts m\u00e9trages et documentaires. Hors comp\u00e9tition, 51 films seront \u00e9galement pr\u00e9sent\u00e9s dans diff\u00e9rentes sections th\u00e9matiques, notamment \u00ab\u00a0films cubains\u00a0\u00bb, \u00ab\u00a0portes ouvertes sur la Palestine\u00a0\u00bb, \u00ab\u00a0Panorama cin\u00e9ma alg\u00e9rien\u00a0\u00bb et \u00ab\u00a0Panorama Sud Global\u00a0\u00bb, offrant ainsi un panorama \u00e9tendu de la production cin\u00e9matographique contemporaine.&nbsp;Au-del\u00e0 des projections, le festival propose une dimension professionnelle et formative importante avec l&rsquo;organisation du \u00ab\u00a0March\u00e9 du festival international du film d&rsquo;Alger\u00a0\u00bb, un espace d&rsquo;\u00e9changes et de rencontres pour les professionnels du secteur. Le laboratoire \u00ab\u00a0Cini Lab\u00a0\u00bb proposera \u00e9galement des cours et des ateliers de formation destin\u00e9s aux \u00e9tudiants, couvrant des domaines aussi vari\u00e9s que les effets sonores, l&rsquo;\u00e9criture de sc\u00e9narios et d&rsquo;autres aspects techniques de la production cin\u00e9matographique, contribuant ainsi \u00e0 la transmission des savoir-faire et au d\u00e9veloppement de la prochaine g\u00e9n\u00e9ration de cin\u00e9astes.<\/p>\n\n\n\n<p>Mohand Seghir<\/p>\n","protected":false},"excerpt":{"rendered":"<p>La ministre de la Culture et des Arts, Malika Bendouda, a inaugur\u00e9 jeudi soir la douzi\u00e8me \u00e9dition du Festival international<\/p>\n","protected":false},"author":6,"featured_media":77293,"comment_status":"open","ping_status":"closed","sticky":false,"template":"","format":"standard","meta":{"colormag_page_container_layout":"default_layout","colormag_page_sidebar_layout":"default_layout","om_disable_all_campaigns":false,"_monsterinsights_skip_tracking":false,"_monsterinsights_sitenote_active":false,"_monsterinsights_sitenote_note":"","_monsterinsights_sitenote_category":0,"footnotes":"","_wpscppro_dont_share_socialmedia":false,"_wpscppro_custom_social_share_image":0,"_facebook_share_type":"default","_twitter_share_type":"default","_linkedin_share_type":"default","_pinterest_share_type":"default","_linkedin_share_type_page":"","_instagram_share_type":"default","_medium_share_type":"default","_threads_share_type":"default","_google_business_share_type":"default","_selected_social_profile":[],"_wpsp_enable_custom_social_template":false,"_wpsp_social_scheduling":{"enabled":false,"datetime":null,"platforms":[],"status":"template_only","dateOption":"today","timeOption":"now","customDays":"","customHours":"","customDate":"","customTime":"","schedulingType":"absolute"},"_wpsp_active_default_template":true},"categories":[36],"tags":[],"class_list":["post-77292","post","type-post","status-publish","format-standard","has-post-thumbnail","hentry","category-culture"],"aioseo_notices":[],"yoast_head":"<!-- This site is optimized with the Yoast SEO plugin v27.4 - https:\/\/yoast.com\/product\/yoast-seo-wordpress\/ -->\n<title>12e Festival international du film d&rsquo;Alger\u00a0: Sous le signe\u00a0du dialogue interculturel - La Sentinelle<\/title>\n<meta name=\"robots\" content=\"index, follow, max-snippet:-1, max-image-preview:large, max-video-preview:-1\" \/>\n<link rel=\"canonical\" href=\"https:\/\/lasentinelle.dz\/index.php\/2025\/12\/06\/12e-festival-international-du-film-dalger-sous-le-signe-du-dialogue-interculturel\/\" \/>\n<meta property=\"og:locale\" content=\"fr_FR\" \/>\n<meta property=\"og:type\" content=\"article\" \/>\n<meta property=\"og:title\" content=\"12e Festival international du film d&rsquo;Alger\u00a0: Sous le signe\u00a0du dialogue interculturel - La Sentinelle\" \/>\n<meta property=\"og:description\" content=\"La ministre de la Culture et des Arts, Malika Bendouda, a inaugur\u00e9 jeudi soir la douzi\u00e8me \u00e9dition du Festival international\" \/>\n<meta property=\"og:url\" content=\"https:\/\/lasentinelle.dz\/index.php\/2025\/12\/06\/12e-festival-international-du-film-dalger-sous-le-signe-du-dialogue-interculturel\/\" \/>\n<meta property=\"og:site_name\" content=\"La Sentinelle\" \/>\n<meta property=\"article:publisher\" content=\"https:\/\/www.facebook.com\/La-Sentinelle-104059864394773\" \/>\n<meta property=\"article:published_time\" content=\"2025-12-06T18:06:17+00:00\" \/>\n<meta property=\"article:modified_time\" content=\"2025-12-06T18:06:18+00:00\" \/>\n<meta property=\"og:image\" content=\"https:\/\/lasentinelle.dz\/wp-content\/uploads\/2025\/12\/festila-film-alger.jpeg\" \/>\n\t<meta property=\"og:image:width\" content=\"780\" \/>\n\t<meta property=\"og:image:height\" content=\"470\" \/>\n\t<meta property=\"og:image:type\" content=\"image\/jpeg\" \/>\n<meta name=\"author\" content=\"admin\" \/>\n<meta name=\"twitter:card\" content=\"summary_large_image\" \/>\n<meta name=\"twitter:label1\" content=\"\u00c9crit par\" \/>\n\t<meta name=\"twitter:data1\" content=\"admin\" \/>\n\t<meta name=\"twitter:label2\" content=\"Dur\u00e9e de lecture estim\u00e9e\" \/>\n\t<meta name=\"twitter:data2\" content=\"5 minutes\" \/>\n<script type=\"application\/ld+json\" class=\"yoast-schema-graph\">{\"@context\":\"https:\\\/\\\/schema.org\",\"@graph\":[{\"@type\":\"Article\",\"@id\":\"https:\\\/\\\/lasentinelle.dz\\\/index.php\\\/2025\\\/12\\\/06\\\/12e-festival-international-du-film-dalger-sous-le-signe-du-dialogue-interculturel\\\/#article\",\"isPartOf\":{\"@id\":\"https:\\\/\\\/lasentinelle.dz\\\/index.php\\\/2025\\\/12\\\/06\\\/12e-festival-international-du-film-dalger-sous-le-signe-du-dialogue-interculturel\\\/\"},\"author\":{\"name\":\"admin\",\"@id\":\"https:\\\/\\\/lasentinelle.dz\\\/#\\\/schema\\\/person\\\/729ee0024f24e0b8c5ec17232f8e8b41\"},\"headline\":\"12e Festival international du film d&rsquo;Alger\u00a0: Sous le signe\u00a0du dialogue interculturel\",\"datePublished\":\"2025-12-06T18:06:17+00:00\",\"dateModified\":\"2025-12-06T18:06:18+00:00\",\"mainEntityOfPage\":{\"@id\":\"https:\\\/\\\/lasentinelle.dz\\\/index.php\\\/2025\\\/12\\\/06\\\/12e-festival-international-du-film-dalger-sous-le-signe-du-dialogue-interculturel\\\/\"},\"wordCount\":1032,\"commentCount\":0,\"publisher\":{\"@id\":\"https:\\\/\\\/lasentinelle.dz\\\/#organization\"},\"image\":{\"@id\":\"https:\\\/\\\/lasentinelle.dz\\\/index.php\\\/2025\\\/12\\\/06\\\/12e-festival-international-du-film-dalger-sous-le-signe-du-dialogue-interculturel\\\/#primaryimage\"},\"thumbnailUrl\":\"https:\\\/\\\/lasentinelle.dz\\\/wp-content\\\/uploads\\\/2025\\\/12\\\/festila-film-alger.jpeg\",\"articleSection\":[\"Culture\"],\"inLanguage\":\"fr-FR\",\"potentialAction\":[{\"@type\":\"CommentAction\",\"name\":\"Comment\",\"target\":[\"https:\\\/\\\/lasentinelle.dz\\\/index.php\\\/2025\\\/12\\\/06\\\/12e-festival-international-du-film-dalger-sous-le-signe-du-dialogue-interculturel\\\/#respond\"]}]},{\"@type\":\"WebPage\",\"@id\":\"https:\\\/\\\/lasentinelle.dz\\\/index.php\\\/2025\\\/12\\\/06\\\/12e-festival-international-du-film-dalger-sous-le-signe-du-dialogue-interculturel\\\/\",\"url\":\"https:\\\/\\\/lasentinelle.dz\\\/index.php\\\/2025\\\/12\\\/06\\\/12e-festival-international-du-film-dalger-sous-le-signe-du-dialogue-interculturel\\\/\",\"name\":\"12e Festival international du film d&rsquo;Alger\u00a0: Sous le signe\u00a0du dialogue interculturel - La Sentinelle\",\"isPartOf\":{\"@id\":\"https:\\\/\\\/lasentinelle.dz\\\/#website\"},\"primaryImageOfPage\":{\"@id\":\"https:\\\/\\\/lasentinelle.dz\\\/index.php\\\/2025\\\/12\\\/06\\\/12e-festival-international-du-film-dalger-sous-le-signe-du-dialogue-interculturel\\\/#primaryimage\"},\"image\":{\"@id\":\"https:\\\/\\\/lasentinelle.dz\\\/index.php\\\/2025\\\/12\\\/06\\\/12e-festival-international-du-film-dalger-sous-le-signe-du-dialogue-interculturel\\\/#primaryimage\"},\"thumbnailUrl\":\"https:\\\/\\\/lasentinelle.dz\\\/wp-content\\\/uploads\\\/2025\\\/12\\\/festila-film-alger.jpeg\",\"datePublished\":\"2025-12-06T18:06:17+00:00\",\"dateModified\":\"2025-12-06T18:06:18+00:00\",\"breadcrumb\":{\"@id\":\"https:\\\/\\\/lasentinelle.dz\\\/index.php\\\/2025\\\/12\\\/06\\\/12e-festival-international-du-film-dalger-sous-le-signe-du-dialogue-interculturel\\\/#breadcrumb\"},\"inLanguage\":\"fr-FR\",\"potentialAction\":[{\"@type\":\"ReadAction\",\"target\":[\"https:\\\/\\\/lasentinelle.dz\\\/index.php\\\/2025\\\/12\\\/06\\\/12e-festival-international-du-film-dalger-sous-le-signe-du-dialogue-interculturel\\\/\"]}]},{\"@type\":\"ImageObject\",\"inLanguage\":\"fr-FR\",\"@id\":\"https:\\\/\\\/lasentinelle.dz\\\/index.php\\\/2025\\\/12\\\/06\\\/12e-festival-international-du-film-dalger-sous-le-signe-du-dialogue-interculturel\\\/#primaryimage\",\"url\":\"https:\\\/\\\/lasentinelle.dz\\\/wp-content\\\/uploads\\\/2025\\\/12\\\/festila-film-alger.jpeg\",\"contentUrl\":\"https:\\\/\\\/lasentinelle.dz\\\/wp-content\\\/uploads\\\/2025\\\/12\\\/festila-film-alger.jpeg\",\"width\":780,\"height\":470},{\"@type\":\"BreadcrumbList\",\"@id\":\"https:\\\/\\\/lasentinelle.dz\\\/index.php\\\/2025\\\/12\\\/06\\\/12e-festival-international-du-film-dalger-sous-le-signe-du-dialogue-interculturel\\\/#breadcrumb\",\"itemListElement\":[{\"@type\":\"ListItem\",\"position\":1,\"name\":\"Accueil\",\"item\":\"https:\\\/\\\/lasentinelle.dz\\\/\"},{\"@type\":\"ListItem\",\"position\":2,\"name\":\"12e Festival international du film d&rsquo;Alger\u00a0: Sous le signe\u00a0du dialogue interculturel\"}]},{\"@type\":\"WebSite\",\"@id\":\"https:\\\/\\\/lasentinelle.dz\\\/#website\",\"url\":\"https:\\\/\\\/lasentinelle.dz\\\/\",\"name\":\"La Sentinelle\",\"description\":\"Quotidien national d&#039;information\",\"publisher\":{\"@id\":\"https:\\\/\\\/lasentinelle.dz\\\/#organization\"},\"potentialAction\":[{\"@type\":\"SearchAction\",\"target\":{\"@type\":\"EntryPoint\",\"urlTemplate\":\"https:\\\/\\\/lasentinelle.dz\\\/?s={search_term_string}\"},\"query-input\":{\"@type\":\"PropertyValueSpecification\",\"valueRequired\":true,\"valueName\":\"search_term_string\"}}],\"inLanguage\":\"fr-FR\"},{\"@type\":\"Organization\",\"@id\":\"https:\\\/\\\/lasentinelle.dz\\\/#organization\",\"name\":\"Quotidien La Sentinelle\",\"url\":\"https:\\\/\\\/lasentinelle.dz\\\/\",\"logo\":{\"@type\":\"ImageObject\",\"inLanguage\":\"fr-FR\",\"@id\":\"https:\\\/\\\/lasentinelle.dz\\\/#\\\/schema\\\/logo\\\/image\\\/\",\"url\":\"https:\\\/\\\/lasentinelle.dz\\\/wp-content\\\/uploads\\\/2021\\\/09\\\/logo-sentinelleSLOGAN-1.png\",\"contentUrl\":\"https:\\\/\\\/lasentinelle.dz\\\/wp-content\\\/uploads\\\/2021\\\/09\\\/logo-sentinelleSLOGAN-1.png\",\"width\":615,\"height\":142,\"caption\":\"Quotidien La Sentinelle\"},\"image\":{\"@id\":\"https:\\\/\\\/lasentinelle.dz\\\/#\\\/schema\\\/logo\\\/image\\\/\"},\"sameAs\":[\"https:\\\/\\\/www.facebook.com\\\/La-Sentinelle-104059864394773\"]},{\"@type\":\"Person\",\"@id\":\"https:\\\/\\\/lasentinelle.dz\\\/#\\\/schema\\\/person\\\/729ee0024f24e0b8c5ec17232f8e8b41\",\"name\":\"admin\",\"image\":{\"@type\":\"ImageObject\",\"inLanguage\":\"fr-FR\",\"@id\":\"https:\\\/\\\/secure.gravatar.com\\\/avatar\\\/4c81fed838786e9b53f540bf46533e750f5d292099ae3b66cfc6fb1982e29df7?s=96&d=mm&r=g\",\"url\":\"https:\\\/\\\/secure.gravatar.com\\\/avatar\\\/4c81fed838786e9b53f540bf46533e750f5d292099ae3b66cfc6fb1982e29df7?s=96&d=mm&r=g\",\"contentUrl\":\"https:\\\/\\\/secure.gravatar.com\\\/avatar\\\/4c81fed838786e9b53f540bf46533e750f5d292099ae3b66cfc6fb1982e29df7?s=96&d=mm&r=g\",\"caption\":\"admin\"},\"description\":\"admin\",\"url\":\"https:\\\/\\\/lasentinelle.dz\\\/author\\\/admin\\\/\"}]}<\/script>\n<!-- \/ Yoast SEO plugin. -->","yoast_head_json":{"title":"12e Festival international du film d&rsquo;Alger\u00a0: Sous le signe\u00a0du dialogue interculturel - La Sentinelle","robots":{"index":"index","follow":"follow","max-snippet":"max-snippet:-1","max-image-preview":"max-image-preview:large","max-video-preview":"max-video-preview:-1"},"canonical":"https:\/\/lasentinelle.dz\/index.php\/2025\/12\/06\/12e-festival-international-du-film-dalger-sous-le-signe-du-dialogue-interculturel\/","og_locale":"fr_FR","og_type":"article","og_title":"12e Festival international du film d&rsquo;Alger\u00a0: Sous le signe\u00a0du dialogue interculturel - La Sentinelle","og_description":"La ministre de la Culture et des Arts, Malika Bendouda, a inaugur\u00e9 jeudi soir la douzi\u00e8me \u00e9dition du Festival international","og_url":"https:\/\/lasentinelle.dz\/index.php\/2025\/12\/06\/12e-festival-international-du-film-dalger-sous-le-signe-du-dialogue-interculturel\/","og_site_name":"La Sentinelle","article_publisher":"https:\/\/www.facebook.com\/La-Sentinelle-104059864394773","article_published_time":"2025-12-06T18:06:17+00:00","article_modified_time":"2025-12-06T18:06:18+00:00","og_image":[{"width":780,"height":470,"url":"https:\/\/lasentinelle.dz\/wp-content\/uploads\/2025\/12\/festila-film-alger.jpeg","type":"image\/jpeg"}],"author":"admin","twitter_card":"summary_large_image","twitter_misc":{"\u00c9crit par":"admin","Dur\u00e9e de lecture estim\u00e9e":"5 minutes"},"schema":{"@context":"https:\/\/schema.org","@graph":[{"@type":"Article","@id":"https:\/\/lasentinelle.dz\/index.php\/2025\/12\/06\/12e-festival-international-du-film-dalger-sous-le-signe-du-dialogue-interculturel\/#article","isPartOf":{"@id":"https:\/\/lasentinelle.dz\/index.php\/2025\/12\/06\/12e-festival-international-du-film-dalger-sous-le-signe-du-dialogue-interculturel\/"},"author":{"name":"admin","@id":"https:\/\/lasentinelle.dz\/#\/schema\/person\/729ee0024f24e0b8c5ec17232f8e8b41"},"headline":"12e Festival international du film d&rsquo;Alger\u00a0: Sous le signe\u00a0du dialogue interculturel","datePublished":"2025-12-06T18:06:17+00:00","dateModified":"2025-12-06T18:06:18+00:00","mainEntityOfPage":{"@id":"https:\/\/lasentinelle.dz\/index.php\/2025\/12\/06\/12e-festival-international-du-film-dalger-sous-le-signe-du-dialogue-interculturel\/"},"wordCount":1032,"commentCount":0,"publisher":{"@id":"https:\/\/lasentinelle.dz\/#organization"},"image":{"@id":"https:\/\/lasentinelle.dz\/index.php\/2025\/12\/06\/12e-festival-international-du-film-dalger-sous-le-signe-du-dialogue-interculturel\/#primaryimage"},"thumbnailUrl":"https:\/\/lasentinelle.dz\/wp-content\/uploads\/2025\/12\/festila-film-alger.jpeg","articleSection":["Culture"],"inLanguage":"fr-FR","potentialAction":[{"@type":"CommentAction","name":"Comment","target":["https:\/\/lasentinelle.dz\/index.php\/2025\/12\/06\/12e-festival-international-du-film-dalger-sous-le-signe-du-dialogue-interculturel\/#respond"]}]},{"@type":"WebPage","@id":"https:\/\/lasentinelle.dz\/index.php\/2025\/12\/06\/12e-festival-international-du-film-dalger-sous-le-signe-du-dialogue-interculturel\/","url":"https:\/\/lasentinelle.dz\/index.php\/2025\/12\/06\/12e-festival-international-du-film-dalger-sous-le-signe-du-dialogue-interculturel\/","name":"12e Festival international du film d&rsquo;Alger\u00a0: Sous le signe\u00a0du dialogue interculturel - La Sentinelle","isPartOf":{"@id":"https:\/\/lasentinelle.dz\/#website"},"primaryImageOfPage":{"@id":"https:\/\/lasentinelle.dz\/index.php\/2025\/12\/06\/12e-festival-international-du-film-dalger-sous-le-signe-du-dialogue-interculturel\/#primaryimage"},"image":{"@id":"https:\/\/lasentinelle.dz\/index.php\/2025\/12\/06\/12e-festival-international-du-film-dalger-sous-le-signe-du-dialogue-interculturel\/#primaryimage"},"thumbnailUrl":"https:\/\/lasentinelle.dz\/wp-content\/uploads\/2025\/12\/festila-film-alger.jpeg","datePublished":"2025-12-06T18:06:17+00:00","dateModified":"2025-12-06T18:06:18+00:00","breadcrumb":{"@id":"https:\/\/lasentinelle.dz\/index.php\/2025\/12\/06\/12e-festival-international-du-film-dalger-sous-le-signe-du-dialogue-interculturel\/#breadcrumb"},"inLanguage":"fr-FR","potentialAction":[{"@type":"ReadAction","target":["https:\/\/lasentinelle.dz\/index.php\/2025\/12\/06\/12e-festival-international-du-film-dalger-sous-le-signe-du-dialogue-interculturel\/"]}]},{"@type":"ImageObject","inLanguage":"fr-FR","@id":"https:\/\/lasentinelle.dz\/index.php\/2025\/12\/06\/12e-festival-international-du-film-dalger-sous-le-signe-du-dialogue-interculturel\/#primaryimage","url":"https:\/\/lasentinelle.dz\/wp-content\/uploads\/2025\/12\/festila-film-alger.jpeg","contentUrl":"https:\/\/lasentinelle.dz\/wp-content\/uploads\/2025\/12\/festila-film-alger.jpeg","width":780,"height":470},{"@type":"BreadcrumbList","@id":"https:\/\/lasentinelle.dz\/index.php\/2025\/12\/06\/12e-festival-international-du-film-dalger-sous-le-signe-du-dialogue-interculturel\/#breadcrumb","itemListElement":[{"@type":"ListItem","position":1,"name":"Accueil","item":"https:\/\/lasentinelle.dz\/"},{"@type":"ListItem","position":2,"name":"12e Festival international du film d&rsquo;Alger\u00a0: Sous le signe\u00a0du dialogue interculturel"}]},{"@type":"WebSite","@id":"https:\/\/lasentinelle.dz\/#website","url":"https:\/\/lasentinelle.dz\/","name":"La Sentinelle","description":"Quotidien national d&#039;information","publisher":{"@id":"https:\/\/lasentinelle.dz\/#organization"},"potentialAction":[{"@type":"SearchAction","target":{"@type":"EntryPoint","urlTemplate":"https:\/\/lasentinelle.dz\/?s={search_term_string}"},"query-input":{"@type":"PropertyValueSpecification","valueRequired":true,"valueName":"search_term_string"}}],"inLanguage":"fr-FR"},{"@type":"Organization","@id":"https:\/\/lasentinelle.dz\/#organization","name":"Quotidien La Sentinelle","url":"https:\/\/lasentinelle.dz\/","logo":{"@type":"ImageObject","inLanguage":"fr-FR","@id":"https:\/\/lasentinelle.dz\/#\/schema\/logo\/image\/","url":"https:\/\/lasentinelle.dz\/wp-content\/uploads\/2021\/09\/logo-sentinelleSLOGAN-1.png","contentUrl":"https:\/\/lasentinelle.dz\/wp-content\/uploads\/2021\/09\/logo-sentinelleSLOGAN-1.png","width":615,"height":142,"caption":"Quotidien La Sentinelle"},"image":{"@id":"https:\/\/lasentinelle.dz\/#\/schema\/logo\/image\/"},"sameAs":["https:\/\/www.facebook.com\/La-Sentinelle-104059864394773"]},{"@type":"Person","@id":"https:\/\/lasentinelle.dz\/#\/schema\/person\/729ee0024f24e0b8c5ec17232f8e8b41","name":"admin","image":{"@type":"ImageObject","inLanguage":"fr-FR","@id":"https:\/\/secure.gravatar.com\/avatar\/4c81fed838786e9b53f540bf46533e750f5d292099ae3b66cfc6fb1982e29df7?s=96&d=mm&r=g","url":"https:\/\/secure.gravatar.com\/avatar\/4c81fed838786e9b53f540bf46533e750f5d292099ae3b66cfc6fb1982e29df7?s=96&d=mm&r=g","contentUrl":"https:\/\/secure.gravatar.com\/avatar\/4c81fed838786e9b53f540bf46533e750f5d292099ae3b66cfc6fb1982e29df7?s=96&d=mm&r=g","caption":"admin"},"description":"admin","url":"https:\/\/lasentinelle.dz\/author\/admin\/"}]}},"_links":{"self":[{"href":"https:\/\/lasentinelle.dz\/index.php\/wp-json\/wp\/v2\/posts\/77292","targetHints":{"allow":["GET"]}}],"collection":[{"href":"https:\/\/lasentinelle.dz\/index.php\/wp-json\/wp\/v2\/posts"}],"about":[{"href":"https:\/\/lasentinelle.dz\/index.php\/wp-json\/wp\/v2\/types\/post"}],"author":[{"embeddable":true,"href":"https:\/\/lasentinelle.dz\/index.php\/wp-json\/wp\/v2\/users\/6"}],"replies":[{"embeddable":true,"href":"https:\/\/lasentinelle.dz\/index.php\/wp-json\/wp\/v2\/comments?post=77292"}],"version-history":[{"count":2,"href":"https:\/\/lasentinelle.dz\/index.php\/wp-json\/wp\/v2\/posts\/77292\/revisions"}],"predecessor-version":[{"id":77295,"href":"https:\/\/lasentinelle.dz\/index.php\/wp-json\/wp\/v2\/posts\/77292\/revisions\/77295"}],"wp:featuredmedia":[{"embeddable":true,"href":"https:\/\/lasentinelle.dz\/index.php\/wp-json\/wp\/v2\/media\/77293"}],"wp:attachment":[{"href":"https:\/\/lasentinelle.dz\/index.php\/wp-json\/wp\/v2\/media?parent=77292"}],"wp:term":[{"taxonomy":"category","embeddable":true,"href":"https:\/\/lasentinelle.dz\/index.php\/wp-json\/wp\/v2\/categories?post=77292"},{"taxonomy":"post_tag","embeddable":true,"href":"https:\/\/lasentinelle.dz\/index.php\/wp-json\/wp\/v2\/tags?post=77292"}],"curies":[{"name":"wp","href":"https:\/\/api.w.org\/{rel}","templated":true}]}}