{"id":77296,"date":"2025-12-06T19:07:25","date_gmt":"2025-12-06T18:07:25","guid":{"rendered":"https:\/\/lasentinelle.dz\/?p=77296"},"modified":"2025-12-06T19:07:26","modified_gmt":"2025-12-06T18:07:26","slug":"can-2026-de-handball-le-sept-national-intensifie-sa-preparation","status":"publish","type":"post","link":"https:\/\/lasentinelle.dz\/index.php\/2025\/12\/06\/can-2026-de-handball-le-sept-national-intensifie-sa-preparation\/","title":{"rendered":"CAN-2026\u00a0de handball\u00a0: Le Sept national intensifie sa pr\u00e9paration\u00a0"},"content":{"rendered":"\n<p>La s\u00e9lection alg\u00e9rienne masculine de handball poursuit sa pr\u00e9paration pour le Championnat d&rsquo;Afrique des nations pr\u00e9vu au Rwanda du 21 au 31 janvier 2026, \u00e0 travers un nouveau stage programm\u00e9 du 6 au 9 d\u00e9cembre \u00e0 Alger, a indiqu\u00e9 samedi la F\u00e9d\u00e9ration alg\u00e9rienne de handball. Ce regroupement constitue une \u00e9tape cruciale dans la mont\u00e9e en puissance du Sept national \u00e0 quelques semaines du rendez-vous continental.&nbsp;Pour ce stage de pr\u00e9paration, le s\u00e9lectionneur national Salah Bouchekriou a retenu 17 joueurs dont 16 \u00e9voluent dans le championnat local contre un seul expatri\u00e9, Benkaddour Ayoub, soci\u00e9taire de Naft Al-Basra en Irak. Ce regroupement s&rsquo;inscrit dans la continuit\u00e9 du travail entam\u00e9 lors du pr\u00e9c\u00e9dent stage tenu du 22 au 25 novembre \u00e0 Alger, qualifi\u00e9 de d\u00e9cisif dans la pr\u00e9paration de l&rsquo;\u00e9quipe nationale. Le cycle de travail actuel est ax\u00e9 sur l&rsquo;intensification de la charge physique, le renforcement de l&rsquo;homog\u00e9n\u00e9it\u00e9 du groupe et l&rsquo;ajustement des dispositifs tactiques en pr\u00e9vision du rendez-vous continental.&nbsp;Selon la F\u00e9d\u00e9ration alg\u00e9rienne de handball, le staff technique profitera de ce nouveau rassemblement pour \u00e9valuer l&rsquo;\u00e9volution du niveau des joueurs, consolider les automatismes collectifs et affiner les aspects techniques n\u00e9cessaires \u00e0 une entr\u00e9e en comp\u00e9tition dans les meilleures conditions. L&rsquo;objectif affich\u00e9 demeure de hisser la s\u00e9lection au niveau d&rsquo;exigence requis pour jouer les premiers r\u00f4les lors de la CAN au Rwanda. La mont\u00e9e en puissance progressive vise \u00e0 permettre aux Verts d&rsquo;aborder la comp\u00e9tition avec un maximum de certitudes et une coh\u00e9sion optimale.&nbsp;Lors du pr\u00e9c\u00e9dent regroupement de novembre, les joueurs avaient \u00e9t\u00e9 soumis \u00e0 une s\u00e9rie de s\u00e9ances \u00e0 haute intensit\u00e9, marqu\u00e9es par une rigueur accrue et un engagement total. Ces entra\u00eenements ont illustr\u00e9, selon la F\u00e9d\u00e9ration, la richesse technique et le potentiel \u00e9lev\u00e9 de la composante nationale issue en majorit\u00e9 du championnat local. Cette confiance accord\u00e9e aux joueurs locaux t\u00e9moigne de la volont\u00e9 du s\u00e9lectionneur de s&rsquo;appuyer sur un noyau dur connaissant parfaitement le handball alg\u00e9rien et ses exigences.<\/p>\n\n\n\n<p>Vers\u00e9e dans le groupe A de la vingt-septi\u00e8me \u00e9dition de la CAN, l&rsquo;Alg\u00e9rie affrontera le pays h\u00f4te, le Rwanda, ainsi que le Nigeria et la Zambie. Un tirage au sort qui place les Verts face \u00e0 des adversaires \u00e0 leur port\u00e9e, m\u00eame si la prudence reste de mise face \u00e0 une nation rwandaise galvanis\u00e9e par son statut de pays organisateur. La comp\u00e9tition offrira \u00e9galement des tickets qualificatifs pour le Mondial 2027 en Allemagne, une \u00e9ch\u00e9ance que les Verts ambitionnent de retrouver apr\u00e8s avoir disput\u00e9 la finale de la CAN-2024 au Caire, perdue face \u00e0 l&rsquo;\u00c9gypte.&nbsp;Les dix-sept joueurs convoqu\u00e9s repr\u00e9sentent plusieurs clubs du championnat national. Le HBC El-Biar est repr\u00e9sent\u00e9 par Berkous Massoud, Abrous Rayan et Loucif Mohamed, tandis que le M Bordj Bou Arreridj compte dans ses rangs A\u00e2teq Youssef et Bouakkez Abdelraouf. Le CRB Mila a d\u00e9l\u00e9gu\u00e9 Bouziane Mohamed Marouane, l&rsquo;IC Ouargla Allaak Abdelghani, et l&rsquo;ES Ain Touta trois \u00e9l\u00e9ments avec Jemati Abdelwahab, Mehdi Ahmed Anis et Seghri Mohamed Islam. La JSE Skikda est repr\u00e9sent\u00e9e par Saker Redouane et Bounab Hani Abdelrafik, l&rsquo;AC Ras El Oued par Hamzaoui Ferhat, l&rsquo;Olympique El Oued par Hamdi Ayoub et Maamer Chaouach Abderrahmane, le CS Bir Mourad Ra\u00efs par Khelifati Mohamed Amine, et enfin Naft Al-Basra d&rsquo;Irak par Benkaddour Ayoub.<\/p>\n\n\n\n<p>M.D.<\/p>\n","protected":false},"excerpt":{"rendered":"<p>La s\u00e9lection alg\u00e9rienne masculine de handball poursuit sa pr\u00e9paration pour le Championnat d&rsquo;Afrique des nations pr\u00e9vu au Rwanda du 21<\/p>\n","protected":false},"author":6,"featured_media":75783,"comment_status":"open","ping_status":"closed","sticky":false,"template":"","format":"standard","meta":{"colormag_page_container_layout":"default_layout","colormag_page_sidebar_layout":"default_layout","om_disable_all_campaigns":false,"_monsterinsights_skip_tracking":false,"_monsterinsights_sitenote_active":false,"_monsterinsights_sitenote_note":"","_monsterinsights_sitenote_category":0,"footnotes":"","_wpscppro_dont_share_socialmedia":false,"_wpscppro_custom_social_share_image":0,"_facebook_share_type":"default","_twitter_share_type":"default","_linkedin_share_type":"default","_pinterest_share_type":"default","_linkedin_share_type_page":"","_instagram_share_type":"default","_medium_share_type":"default","_threads_share_type":"default","_google_business_share_type":"default","_selected_social_profile":[],"_wpsp_enable_custom_social_template":false,"_wpsp_social_scheduling":{"enabled":false,"datetime":null,"platforms":[],"status":"template_only","dateOption":"today","timeOption":"now","customDays":"","customHours":"","customDate":"","customTime":"","schedulingType":"absolute"},"_wpsp_active_default_template":true},"categories":[33],"tags":[],"class_list":["post-77296","post","type-post","status-publish","format-standard","has-post-thumbnail","hentry","category-sports"],"aioseo_notices":[],"yoast_head":"<!-- This site is optimized with the Yoast SEO plugin v27.4 - https:\/\/yoast.com\/product\/yoast-seo-wordpress\/ -->\n<title>CAN-2026\u00a0de handball\u00a0: Le Sept national intensifie sa pr\u00e9paration\u00a0 - La Sentinelle<\/title>\n<meta name=\"robots\" content=\"index, follow, max-snippet:-1, max-image-preview:large, max-video-preview:-1\" \/>\n<link rel=\"canonical\" href=\"https:\/\/lasentinelle.dz\/index.php\/2025\/12\/06\/can-2026-de-handball-le-sept-national-intensifie-sa-preparation\/\" \/>\n<meta property=\"og:locale\" content=\"fr_FR\" \/>\n<meta property=\"og:type\" content=\"article\" \/>\n<meta property=\"og:title\" content=\"CAN-2026\u00a0de handball\u00a0: Le Sept national intensifie sa pr\u00e9paration\u00a0 - La Sentinelle\" \/>\n<meta property=\"og:description\" content=\"La s\u00e9lection alg\u00e9rienne masculine de handball poursuit sa pr\u00e9paration pour le Championnat d&rsquo;Afrique des nations pr\u00e9vu au Rwanda du 21\" \/>\n<meta property=\"og:url\" content=\"https:\/\/lasentinelle.dz\/index.php\/2025\/12\/06\/can-2026-de-handball-le-sept-national-intensifie-sa-preparation\/\" \/>\n<meta property=\"og:site_name\" content=\"La Sentinelle\" \/>\n<meta property=\"article:publisher\" content=\"https:\/\/www.facebook.com\/La-Sentinelle-104059864394773\" \/>\n<meta property=\"article:published_time\" content=\"2025-12-06T18:07:25+00:00\" \/>\n<meta property=\"article:modified_time\" content=\"2025-12-06T18:07:26+00:00\" \/>\n<meta property=\"og:image\" content=\"https:\/\/lasentinelle.dz\/wp-content\/uploads\/2025\/11\/salah-bouchekriou.jpg\" \/>\n\t<meta property=\"og:image:width\" content=\"1458\" \/>\n\t<meta property=\"og:image:height\" content=\"1094\" \/>\n\t<meta property=\"og:image:type\" content=\"image\/jpeg\" \/>\n<meta name=\"author\" content=\"admin\" \/>\n<meta name=\"twitter:card\" content=\"summary_large_image\" \/>\n<meta name=\"twitter:label1\" content=\"\u00c9crit par\" \/>\n\t<meta name=\"twitter:data1\" content=\"admin\" \/>\n\t<meta name=\"twitter:label2\" content=\"Dur\u00e9e de lecture estim\u00e9e\" \/>\n\t<meta name=\"twitter:data2\" content=\"3 minutes\" \/>\n<script type=\"application\/ld+json\" class=\"yoast-schema-graph\">{\"@context\":\"https:\\\/\\\/schema.org\",\"@graph\":[{\"@type\":\"Article\",\"@id\":\"https:\\\/\\\/lasentinelle.dz\\\/index.php\\\/2025\\\/12\\\/06\\\/can-2026-de-handball-le-sept-national-intensifie-sa-preparation\\\/#article\",\"isPartOf\":{\"@id\":\"https:\\\/\\\/lasentinelle.dz\\\/index.php\\\/2025\\\/12\\\/06\\\/can-2026-de-handball-le-sept-national-intensifie-sa-preparation\\\/\"},\"author\":{\"name\":\"admin\",\"@id\":\"https:\\\/\\\/lasentinelle.dz\\\/#\\\/schema\\\/person\\\/729ee0024f24e0b8c5ec17232f8e8b41\"},\"headline\":\"CAN-2026\u00a0de handball\u00a0: Le Sept national intensifie sa pr\u00e9paration\u00a0\",\"datePublished\":\"2025-12-06T18:07:25+00:00\",\"dateModified\":\"2025-12-06T18:07:26+00:00\",\"mainEntityOfPage\":{\"@id\":\"https:\\\/\\\/lasentinelle.dz\\\/index.php\\\/2025\\\/12\\\/06\\\/can-2026-de-handball-le-sept-national-intensifie-sa-preparation\\\/\"},\"wordCount\":601,\"commentCount\":0,\"publisher\":{\"@id\":\"https:\\\/\\\/lasentinelle.dz\\\/#organization\"},\"image\":{\"@id\":\"https:\\\/\\\/lasentinelle.dz\\\/index.php\\\/2025\\\/12\\\/06\\\/can-2026-de-handball-le-sept-national-intensifie-sa-preparation\\\/#primaryimage\"},\"thumbnailUrl\":\"https:\\\/\\\/lasentinelle.dz\\\/wp-content\\\/uploads\\\/2025\\\/11\\\/salah-bouchekriou.jpg\",\"articleSection\":[\"Sports\"],\"inLanguage\":\"fr-FR\",\"potentialAction\":[{\"@type\":\"CommentAction\",\"name\":\"Comment\",\"target\":[\"https:\\\/\\\/lasentinelle.dz\\\/index.php\\\/2025\\\/12\\\/06\\\/can-2026-de-handball-le-sept-national-intensifie-sa-preparation\\\/#respond\"]}]},{\"@type\":\"WebPage\",\"@id\":\"https:\\\/\\\/lasentinelle.dz\\\/index.php\\\/2025\\\/12\\\/06\\\/can-2026-de-handball-le-sept-national-intensifie-sa-preparation\\\/\",\"url\":\"https:\\\/\\\/lasentinelle.dz\\\/index.php\\\/2025\\\/12\\\/06\\\/can-2026-de-handball-le-sept-national-intensifie-sa-preparation\\\/\",\"name\":\"CAN-2026\u00a0de handball\u00a0: Le Sept national intensifie sa pr\u00e9paration\u00a0 - La Sentinelle\",\"isPartOf\":{\"@id\":\"https:\\\/\\\/lasentinelle.dz\\\/#website\"},\"primaryImageOfPage\":{\"@id\":\"https:\\\/\\\/lasentinelle.dz\\\/index.php\\\/2025\\\/12\\\/06\\\/can-2026-de-handball-le-sept-national-intensifie-sa-preparation\\\/#primaryimage\"},\"image\":{\"@id\":\"https:\\\/\\\/lasentinelle.dz\\\/index.php\\\/2025\\\/12\\\/06\\\/can-2026-de-handball-le-sept-national-intensifie-sa-preparation\\\/#primaryimage\"},\"thumbnailUrl\":\"https:\\\/\\\/lasentinelle.dz\\\/wp-content\\\/uploads\\\/2025\\\/11\\\/salah-bouchekriou.jpg\",\"datePublished\":\"2025-12-06T18:07:25+00:00\",\"dateModified\":\"2025-12-06T18:07:26+00:00\",\"breadcrumb\":{\"@id\":\"https:\\\/\\\/lasentinelle.dz\\\/index.php\\\/2025\\\/12\\\/06\\\/can-2026-de-handball-le-sept-national-intensifie-sa-preparation\\\/#breadcrumb\"},\"inLanguage\":\"fr-FR\",\"potentialAction\":[{\"@type\":\"ReadAction\",\"target\":[\"https:\\\/\\\/lasentinelle.dz\\\/index.php\\\/2025\\\/12\\\/06\\\/can-2026-de-handball-le-sept-national-intensifie-sa-preparation\\\/\"]}]},{\"@type\":\"ImageObject\",\"inLanguage\":\"fr-FR\",\"@id\":\"https:\\\/\\\/lasentinelle.dz\\\/index.php\\\/2025\\\/12\\\/06\\\/can-2026-de-handball-le-sept-national-intensifie-sa-preparation\\\/#primaryimage\",\"url\":\"https:\\\/\\\/lasentinelle.dz\\\/wp-content\\\/uploads\\\/2025\\\/11\\\/salah-bouchekriou.jpg\",\"contentUrl\":\"https:\\\/\\\/lasentinelle.dz\\\/wp-content\\\/uploads\\\/2025\\\/11\\\/salah-bouchekriou.jpg\",\"width\":1458,\"height\":1094,\"caption\":\"Algeria's coach Salah Bouchekriou looks on during the 23rd Men's Handball World Championships preliminary round Group D match Hungary vs Algeria at the Caja Magica in Madrid on January 19, 2013. AFP PHOTO\\\/ JAVIER SORIANO (Photo credit should read JAVIER SORIANO\\\/AFP via Getty Images)\"},{\"@type\":\"BreadcrumbList\",\"@id\":\"https:\\\/\\\/lasentinelle.dz\\\/index.php\\\/2025\\\/12\\\/06\\\/can-2026-de-handball-le-sept-national-intensifie-sa-preparation\\\/#breadcrumb\",\"itemListElement\":[{\"@type\":\"ListItem\",\"position\":1,\"name\":\"Accueil\",\"item\":\"https:\\\/\\\/lasentinelle.dz\\\/\"},{\"@type\":\"ListItem\",\"position\":2,\"name\":\"CAN-2026\u00a0de handball\u00a0: Le Sept national intensifie sa pr\u00e9paration\u00a0\"}]},{\"@type\":\"WebSite\",\"@id\":\"https:\\\/\\\/lasentinelle.dz\\\/#website\",\"url\":\"https:\\\/\\\/lasentinelle.dz\\\/\",\"name\":\"La Sentinelle\",\"description\":\"Quotidien national d&#039;information\",\"publisher\":{\"@id\":\"https:\\\/\\\/lasentinelle.dz\\\/#organization\"},\"potentialAction\":[{\"@type\":\"SearchAction\",\"target\":{\"@type\":\"EntryPoint\",\"urlTemplate\":\"https:\\\/\\\/lasentinelle.dz\\\/?s={search_term_string}\"},\"query-input\":{\"@type\":\"PropertyValueSpecification\",\"valueRequired\":true,\"valueName\":\"search_term_string\"}}],\"inLanguage\":\"fr-FR\"},{\"@type\":\"Organization\",\"@id\":\"https:\\\/\\\/lasentinelle.dz\\\/#organization\",\"name\":\"Quotidien La Sentinelle\",\"url\":\"https:\\\/\\\/lasentinelle.dz\\\/\",\"logo\":{\"@type\":\"ImageObject\",\"inLanguage\":\"fr-FR\",\"@id\":\"https:\\\/\\\/lasentinelle.dz\\\/#\\\/schema\\\/logo\\\/image\\\/\",\"url\":\"https:\\\/\\\/lasentinelle.dz\\\/wp-content\\\/uploads\\\/2021\\\/09\\\/logo-sentinelleSLOGAN-1.png\",\"contentUrl\":\"https:\\\/\\\/lasentinelle.dz\\\/wp-content\\\/uploads\\\/2021\\\/09\\\/logo-sentinelleSLOGAN-1.png\",\"width\":615,\"height\":142,\"caption\":\"Quotidien La Sentinelle\"},\"image\":{\"@id\":\"https:\\\/\\\/lasentinelle.dz\\\/#\\\/schema\\\/logo\\\/image\\\/\"},\"sameAs\":[\"https:\\\/\\\/www.facebook.com\\\/La-Sentinelle-104059864394773\"]},{\"@type\":\"Person\",\"@id\":\"https:\\\/\\\/lasentinelle.dz\\\/#\\\/schema\\\/person\\\/729ee0024f24e0b8c5ec17232f8e8b41\",\"name\":\"admin\",\"image\":{\"@type\":\"ImageObject\",\"inLanguage\":\"fr-FR\",\"@id\":\"https:\\\/\\\/secure.gravatar.com\\\/avatar\\\/4c81fed838786e9b53f540bf46533e750f5d292099ae3b66cfc6fb1982e29df7?s=96&d=mm&r=g\",\"url\":\"https:\\\/\\\/secure.gravatar.com\\\/avatar\\\/4c81fed838786e9b53f540bf46533e750f5d292099ae3b66cfc6fb1982e29df7?s=96&d=mm&r=g\",\"contentUrl\":\"https:\\\/\\\/secure.gravatar.com\\\/avatar\\\/4c81fed838786e9b53f540bf46533e750f5d292099ae3b66cfc6fb1982e29df7?s=96&d=mm&r=g\",\"caption\":\"admin\"},\"description\":\"admin\",\"url\":\"https:\\\/\\\/lasentinelle.dz\\\/author\\\/admin\\\/\"}]}<\/script>\n<!-- \/ Yoast SEO plugin. -->","yoast_head_json":{"title":"CAN-2026\u00a0de handball\u00a0: Le Sept national intensifie sa pr\u00e9paration\u00a0 - La Sentinelle","robots":{"index":"index","follow":"follow","max-snippet":"max-snippet:-1","max-image-preview":"max-image-preview:large","max-video-preview":"max-video-preview:-1"},"canonical":"https:\/\/lasentinelle.dz\/index.php\/2025\/12\/06\/can-2026-de-handball-le-sept-national-intensifie-sa-preparation\/","og_locale":"fr_FR","og_type":"article","og_title":"CAN-2026\u00a0de handball\u00a0: Le Sept national intensifie sa pr\u00e9paration\u00a0 - La Sentinelle","og_description":"La s\u00e9lection alg\u00e9rienne masculine de handball poursuit sa pr\u00e9paration pour le Championnat d&rsquo;Afrique des nations pr\u00e9vu au Rwanda du 21","og_url":"https:\/\/lasentinelle.dz\/index.php\/2025\/12\/06\/can-2026-de-handball-le-sept-national-intensifie-sa-preparation\/","og_site_name":"La Sentinelle","article_publisher":"https:\/\/www.facebook.com\/La-Sentinelle-104059864394773","article_published_time":"2025-12-06T18:07:25+00:00","article_modified_time":"2025-12-06T18:07:26+00:00","og_image":[{"width":1458,"height":1094,"url":"https:\/\/lasentinelle.dz\/wp-content\/uploads\/2025\/11\/salah-bouchekriou.jpg","type":"image\/jpeg"}],"author":"admin","twitter_card":"summary_large_image","twitter_misc":{"\u00c9crit par":"admin","Dur\u00e9e de lecture estim\u00e9e":"3 minutes"},"schema":{"@context":"https:\/\/schema.org","@graph":[{"@type":"Article","@id":"https:\/\/lasentinelle.dz\/index.php\/2025\/12\/06\/can-2026-de-handball-le-sept-national-intensifie-sa-preparation\/#article","isPartOf":{"@id":"https:\/\/lasentinelle.dz\/index.php\/2025\/12\/06\/can-2026-de-handball-le-sept-national-intensifie-sa-preparation\/"},"author":{"name":"admin","@id":"https:\/\/lasentinelle.dz\/#\/schema\/person\/729ee0024f24e0b8c5ec17232f8e8b41"},"headline":"CAN-2026\u00a0de handball\u00a0: Le Sept national intensifie sa pr\u00e9paration\u00a0","datePublished":"2025-12-06T18:07:25+00:00","dateModified":"2025-12-06T18:07:26+00:00","mainEntityOfPage":{"@id":"https:\/\/lasentinelle.dz\/index.php\/2025\/12\/06\/can-2026-de-handball-le-sept-national-intensifie-sa-preparation\/"},"wordCount":601,"commentCount":0,"publisher":{"@id":"https:\/\/lasentinelle.dz\/#organization"},"image":{"@id":"https:\/\/lasentinelle.dz\/index.php\/2025\/12\/06\/can-2026-de-handball-le-sept-national-intensifie-sa-preparation\/#primaryimage"},"thumbnailUrl":"https:\/\/lasentinelle.dz\/wp-content\/uploads\/2025\/11\/salah-bouchekriou.jpg","articleSection":["Sports"],"inLanguage":"fr-FR","potentialAction":[{"@type":"CommentAction","name":"Comment","target":["https:\/\/lasentinelle.dz\/index.php\/2025\/12\/06\/can-2026-de-handball-le-sept-national-intensifie-sa-preparation\/#respond"]}]},{"@type":"WebPage","@id":"https:\/\/lasentinelle.dz\/index.php\/2025\/12\/06\/can-2026-de-handball-le-sept-national-intensifie-sa-preparation\/","url":"https:\/\/lasentinelle.dz\/index.php\/2025\/12\/06\/can-2026-de-handball-le-sept-national-intensifie-sa-preparation\/","name":"CAN-2026\u00a0de handball\u00a0: Le Sept national intensifie sa pr\u00e9paration\u00a0 - La Sentinelle","isPartOf":{"@id":"https:\/\/lasentinelle.dz\/#website"},"primaryImageOfPage":{"@id":"https:\/\/lasentinelle.dz\/index.php\/2025\/12\/06\/can-2026-de-handball-le-sept-national-intensifie-sa-preparation\/#primaryimage"},"image":{"@id":"https:\/\/lasentinelle.dz\/index.php\/2025\/12\/06\/can-2026-de-handball-le-sept-national-intensifie-sa-preparation\/#primaryimage"},"thumbnailUrl":"https:\/\/lasentinelle.dz\/wp-content\/uploads\/2025\/11\/salah-bouchekriou.jpg","datePublished":"2025-12-06T18:07:25+00:00","dateModified":"2025-12-06T18:07:26+00:00","breadcrumb":{"@id":"https:\/\/lasentinelle.dz\/index.php\/2025\/12\/06\/can-2026-de-handball-le-sept-national-intensifie-sa-preparation\/#breadcrumb"},"inLanguage":"fr-FR","potentialAction":[{"@type":"ReadAction","target":["https:\/\/lasentinelle.dz\/index.php\/2025\/12\/06\/can-2026-de-handball-le-sept-national-intensifie-sa-preparation\/"]}]},{"@type":"ImageObject","inLanguage":"fr-FR","@id":"https:\/\/lasentinelle.dz\/index.php\/2025\/12\/06\/can-2026-de-handball-le-sept-national-intensifie-sa-preparation\/#primaryimage","url":"https:\/\/lasentinelle.dz\/wp-content\/uploads\/2025\/11\/salah-bouchekriou.jpg","contentUrl":"https:\/\/lasentinelle.dz\/wp-content\/uploads\/2025\/11\/salah-bouchekriou.jpg","width":1458,"height":1094,"caption":"Algeria's coach Salah Bouchekriou looks on during the 23rd Men's Handball World Championships preliminary round Group D match Hungary vs Algeria at the Caja Magica in Madrid on January 19, 2013. AFP PHOTO\/ JAVIER SORIANO (Photo credit should read JAVIER SORIANO\/AFP via Getty Images)"},{"@type":"BreadcrumbList","@id":"https:\/\/lasentinelle.dz\/index.php\/2025\/12\/06\/can-2026-de-handball-le-sept-national-intensifie-sa-preparation\/#breadcrumb","itemListElement":[{"@type":"ListItem","position":1,"name":"Accueil","item":"https:\/\/lasentinelle.dz\/"},{"@type":"ListItem","position":2,"name":"CAN-2026\u00a0de handball\u00a0: Le Sept national intensifie sa pr\u00e9paration\u00a0"}]},{"@type":"WebSite","@id":"https:\/\/lasentinelle.dz\/#website","url":"https:\/\/lasentinelle.dz\/","name":"La Sentinelle","description":"Quotidien national d&#039;information","publisher":{"@id":"https:\/\/lasentinelle.dz\/#organization"},"potentialAction":[{"@type":"SearchAction","target":{"@type":"EntryPoint","urlTemplate":"https:\/\/lasentinelle.dz\/?s={search_term_string}"},"query-input":{"@type":"PropertyValueSpecification","valueRequired":true,"valueName":"search_term_string"}}],"inLanguage":"fr-FR"},{"@type":"Organization","@id":"https:\/\/lasentinelle.dz\/#organization","name":"Quotidien La Sentinelle","url":"https:\/\/lasentinelle.dz\/","logo":{"@type":"ImageObject","inLanguage":"fr-FR","@id":"https:\/\/lasentinelle.dz\/#\/schema\/logo\/image\/","url":"https:\/\/lasentinelle.dz\/wp-content\/uploads\/2021\/09\/logo-sentinelleSLOGAN-1.png","contentUrl":"https:\/\/lasentinelle.dz\/wp-content\/uploads\/2021\/09\/logo-sentinelleSLOGAN-1.png","width":615,"height":142,"caption":"Quotidien La Sentinelle"},"image":{"@id":"https:\/\/lasentinelle.dz\/#\/schema\/logo\/image\/"},"sameAs":["https:\/\/www.facebook.com\/La-Sentinelle-104059864394773"]},{"@type":"Person","@id":"https:\/\/lasentinelle.dz\/#\/schema\/person\/729ee0024f24e0b8c5ec17232f8e8b41","name":"admin","image":{"@type":"ImageObject","inLanguage":"fr-FR","@id":"https:\/\/secure.gravatar.com\/avatar\/4c81fed838786e9b53f540bf46533e750f5d292099ae3b66cfc6fb1982e29df7?s=96&d=mm&r=g","url":"https:\/\/secure.gravatar.com\/avatar\/4c81fed838786e9b53f540bf46533e750f5d292099ae3b66cfc6fb1982e29df7?s=96&d=mm&r=g","contentUrl":"https:\/\/secure.gravatar.com\/avatar\/4c81fed838786e9b53f540bf46533e750f5d292099ae3b66cfc6fb1982e29df7?s=96&d=mm&r=g","caption":"admin"},"description":"admin","url":"https:\/\/lasentinelle.dz\/author\/admin\/"}]}},"_links":{"self":[{"href":"https:\/\/lasentinelle.dz\/index.php\/wp-json\/wp\/v2\/posts\/77296","targetHints":{"allow":["GET"]}}],"collection":[{"href":"https:\/\/lasentinelle.dz\/index.php\/wp-json\/wp\/v2\/posts"}],"about":[{"href":"https:\/\/lasentinelle.dz\/index.php\/wp-json\/wp\/v2\/types\/post"}],"author":[{"embeddable":true,"href":"https:\/\/lasentinelle.dz\/index.php\/wp-json\/wp\/v2\/users\/6"}],"replies":[{"embeddable":true,"href":"https:\/\/lasentinelle.dz\/index.php\/wp-json\/wp\/v2\/comments?post=77296"}],"version-history":[{"count":1,"href":"https:\/\/lasentinelle.dz\/index.php\/wp-json\/wp\/v2\/posts\/77296\/revisions"}],"predecessor-version":[{"id":77297,"href":"https:\/\/lasentinelle.dz\/index.php\/wp-json\/wp\/v2\/posts\/77296\/revisions\/77297"}],"wp:featuredmedia":[{"embeddable":true,"href":"https:\/\/lasentinelle.dz\/index.php\/wp-json\/wp\/v2\/media\/75783"}],"wp:attachment":[{"href":"https:\/\/lasentinelle.dz\/index.php\/wp-json\/wp\/v2\/media?parent=77296"}],"wp:term":[{"taxonomy":"category","embeddable":true,"href":"https:\/\/lasentinelle.dz\/index.php\/wp-json\/wp\/v2\/categories?post=77296"},{"taxonomy":"post_tag","embeddable":true,"href":"https:\/\/lasentinelle.dz\/index.php\/wp-json\/wp\/v2\/tags?post=77296"}],"curies":[{"name":"wp","href":"https:\/\/api.w.org\/{rel}","templated":true}]}}