{"id":77376,"date":"2025-12-08T13:00:44","date_gmt":"2025-12-08T12:00:44","guid":{"rendered":"https:\/\/lasentinelle.dz\/?p=77376"},"modified":"2025-12-08T13:00:45","modified_gmt":"2025-12-08T12:00:45","slug":"mohamed-taher-fergani-lheritage-dun-geant-du-malouf-perdure","status":"publish","type":"post","link":"https:\/\/lasentinelle.dz\/index.php\/2025\/12\/08\/mohamed-taher-fergani-lheritage-dun-geant-du-malouf-perdure\/","title":{"rendered":"Mohamed Taher Fergani : L&rsquo;h\u00e9ritage d&rsquo;un g\u00e9ant du Malouf perdure"},"content":{"rendered":"\n<p>Neuf ann\u00e9es se sont \u00e9coul\u00e9es depuis la disparition de Mohamed Taher Fergani, ma\u00eetre incontest\u00e9 du Malouf constantinois, survenue le 7 d\u00e9cembre 2016. Loin de s&rsquo;estomper, son \u0153uvre continue d&rsquo;irriguer la sc\u00e8ne musicale alg\u00e9rienne et d&rsquo;inspirer les nouvelles g\u00e9n\u00e9rations d&rsquo;artistes qui perp\u00e9tuent cet art savant s\u00e9culaire.<\/p>\n\n\n\n<p>Le 7 d\u00e9cembre 2016, l&rsquo;Alg\u00e9rie perdait bien plus qu&rsquo;un artiste de renom. Elle voyait s&rsquo;\u00e9teindre un gardien passionn\u00e9 d&rsquo;un patrimoine musical ancestral, un homme dont chaque note portait en elle l&rsquo;\u00e2me de Constantine. Pour les artistes et m\u00e9lomanes qui ont c\u00f4toy\u00e9 son \u0153uvre, Mohamed Taher Fergani incarnait l&rsquo;essence m\u00eame du Malouf, cette musique andalouse qui traverse les si\u00e8cles. \u00ab Ce n&rsquo;est pas seulement l&rsquo;homme que l&rsquo;on honore, mais l&rsquo;h\u00e9ritage vivant qu&rsquo;il a laiss\u00e9 \u00bb, estime l&rsquo;artiste du Malouf Malek Chellougue. Ce dernier souligne que l&rsquo;\u0153uvre du ma\u00eetre continue d&rsquo;inspirer les nouvelles g\u00e9n\u00e9rations et nourrit en elles la vitalit\u00e9 de cette musique savante qui fait la fiert\u00e9 de Constantine. Cette transmission prend aujourd&rsquo;hui des formes multiples et se perp\u00e9tue notamment au sein de la famille Fergani elle-m\u00eame. Une lign\u00e9e qui porte l&rsquo;art constantinois depuis 1906 et qui compte d\u00e9sormais quatre g\u00e9n\u00e9rations d&rsquo;artistes d\u00e9vou\u00e9s au Malouf. Salim Fergani, fils du ma\u00eetre, demeure l&rsquo;un des piliers de cette lign\u00e9e musicale. Fid\u00e8le au style constantinois le plus authentique, il reste l&rsquo;un des principaux porte-voix du Malouf, faisant rayonner cet art sur les sc\u00e8nes nationales et internationales.<\/p>\n\n\n\n<p>La rel\u00e8ve s&rsquo;incarne \u00e9galement \u00e0 travers Adl\u00e8ne Fergani, petit-fils du maestro, qui s&rsquo;affirme comme l&rsquo;un des porte-\u00e9tendards les plus prometteurs de cette tradition. Pr\u00e9sent sur de nombreuses sc\u00e8nes \u00e0 l&rsquo;\u00e9tranger comme au niveau national, le jeune artiste voit sa r\u00e9putation cro\u00eetre graduellement et occuper une place de plus en plus importante dans le paysage musical alg\u00e9rien. Avec \u00e9motion, Adl\u00e8ne Fergani \u00e9voque ses d\u00e9buts aux c\u00f4t\u00e9s de son illustre a\u00efeul : \u00ab Mes d\u00e9buts ont \u00e9t\u00e9 guid\u00e9s par le g\u00e9ant du Malouf qu&rsquo;\u00e9tait mon grand-p\u00e8re. Il a cru en moi, a soutenu mon talent et \u00e9tait fier de me voir repr\u00e9senter la quatri\u00e8me g\u00e9n\u00e9ration d&rsquo;une famille qui porte l&rsquo;art constantinois alg\u00e9rien depuis 1906. \u00bb<\/p>\n\n\n\n<p><strong>Constantine, gardienne de la m\u00e9moire<\/strong><\/p>\n\n\n\n<p>\u00c0 Constantine, la ville qui l&rsquo;a vu na\u00eetre et briller, la m\u00e9moire de Mohamed Taher Fergani est scrupuleusement pr\u00e9serv\u00e9e. Le Th\u00e9\u00e2tre r\u00e9gional, qui porte d\u00e9sormais son nom, perp\u00e9tue son h\u00e9ritage en accueillant de grands \u00e9v\u00e9nements culturels, dont le prestigieux Festival international du Malouf. Ces manifestations rappellent \u00e0 chaque \u00e9dition combien l&rsquo;influence du ma\u00eetre demeure au c\u0153ur de la sc\u00e8ne culturelle alg\u00e9rienne. Chaque hommage, chaque nouba interpr\u00e9t\u00e9e, chaque repr\u00e9sentation donn\u00e9e en son honneur t\u00e9moigne de la vivacit\u00e9 d&rsquo;une \u0153uvre qui refuse de se figer dans le pass\u00e9. Au contraire, elle continue d&rsquo;accompagner les artistes contemporains, d&rsquo;\u00e9clairer leur pratique et de nourrir leur cr\u00e9ativit\u00e9.<\/p>\n\n\n\n<p>Plus vivante que jamais, l&rsquo;\u0153uvre de Mohamed Taher Fergani continue d&rsquo;accompagner chaque nouba, chaque repr\u00e9sentation, chaque voix qui s&rsquo;\u00e9l\u00e8ve pour d\u00e9fendre ce patrimoine d&rsquo;exception. Elle irrigue le pr\u00e9sent tout en \u00e9clairant l&rsquo;avenir d&rsquo;une musique qui lui doit tant. Mohamed Taher Fergani reste, aujourd&rsquo;hui encore, l&rsquo;une des grandes figures artistiques de l&rsquo;Alg\u00e9rie et une r\u00e9f\u00e9rence intemporelle du Malouf constantinois. Sa voix magistrale, capt\u00e9e dans de nombreux enregistrements, continue d&rsquo;enchanter les c\u0153urs et de rappeler aux g\u00e9n\u00e9rations pr\u00e9sentes et futures la richesse d&rsquo;un patrimoine qu&rsquo;il a consacr\u00e9 sa vie \u00e0 pr\u00e9server et \u00e0 faire rayonner. Neuf ans apr\u00e8s sa disparition, son nom r\u00e9sonne toujours avec la m\u00eame force dans les cercles musicaux, symbole d&rsquo;une excellence artistique et d&rsquo;un d\u00e9vouement sans faille \u00e0 la tradition andalouse alg\u00e9rienne.<\/p>\n\n\n\n<p>Mohand Seghir<\/p>\n","protected":false},"excerpt":{"rendered":"<p>Neuf ann\u00e9es se sont \u00e9coul\u00e9es depuis la disparition de Mohamed Taher Fergani, ma\u00eetre incontest\u00e9 du Malouf constantinois, survenue le 7<\/p>\n","protected":false},"author":6,"featured_media":77377,"comment_status":"open","ping_status":"closed","sticky":false,"template":"","format":"standard","meta":{"colormag_page_container_layout":"default_layout","colormag_page_sidebar_layout":"default_layout","om_disable_all_campaigns":false,"_monsterinsights_skip_tracking":false,"_monsterinsights_sitenote_active":false,"_monsterinsights_sitenote_note":"","_monsterinsights_sitenote_category":0,"footnotes":"","_wpscppro_dont_share_socialmedia":false,"_wpscppro_custom_social_share_image":0,"_facebook_share_type":"default","_twitter_share_type":"default","_linkedin_share_type":"default","_pinterest_share_type":"default","_linkedin_share_type_page":"","_instagram_share_type":"default","_medium_share_type":"default","_threads_share_type":"default","_google_business_share_type":"default","_selected_social_profile":[],"_wpsp_enable_custom_social_template":false,"_wpsp_social_scheduling":{"enabled":false,"datetime":null,"platforms":[],"status":"template_only","dateOption":"today","timeOption":"now","customDays":"","customHours":"","customDate":"","customTime":"","schedulingType":"absolute"},"_wpsp_active_default_template":true},"categories":[36],"tags":[],"class_list":["post-77376","post","type-post","status-publish","format-standard","has-post-thumbnail","hentry","category-culture"],"aioseo_notices":[],"yoast_head":"<!-- This site is optimized with the Yoast SEO plugin v27.4 - https:\/\/yoast.com\/product\/yoast-seo-wordpress\/ -->\n<title>Mohamed Taher Fergani : L&rsquo;h\u00e9ritage d&rsquo;un g\u00e9ant du Malouf perdure - La Sentinelle<\/title>\n<meta name=\"robots\" content=\"index, follow, max-snippet:-1, max-image-preview:large, max-video-preview:-1\" \/>\n<link rel=\"canonical\" href=\"https:\/\/lasentinelle.dz\/index.php\/2025\/12\/08\/mohamed-taher-fergani-lheritage-dun-geant-du-malouf-perdure\/\" \/>\n<meta property=\"og:locale\" content=\"fr_FR\" \/>\n<meta property=\"og:type\" content=\"article\" \/>\n<meta property=\"og:title\" content=\"Mohamed Taher Fergani : L&rsquo;h\u00e9ritage d&rsquo;un g\u00e9ant du Malouf perdure - La Sentinelle\" \/>\n<meta property=\"og:description\" content=\"Neuf ann\u00e9es se sont \u00e9coul\u00e9es depuis la disparition de Mohamed Taher Fergani, ma\u00eetre incontest\u00e9 du Malouf constantinois, survenue le 7\" \/>\n<meta property=\"og:url\" content=\"https:\/\/lasentinelle.dz\/index.php\/2025\/12\/08\/mohamed-taher-fergani-lheritage-dun-geant-du-malouf-perdure\/\" \/>\n<meta property=\"og:site_name\" content=\"La Sentinelle\" \/>\n<meta property=\"article:publisher\" content=\"https:\/\/www.facebook.com\/La-Sentinelle-104059864394773\" \/>\n<meta property=\"article:published_time\" content=\"2025-12-08T12:00:44+00:00\" \/>\n<meta property=\"article:modified_time\" content=\"2025-12-08T12:00:45+00:00\" \/>\n<meta property=\"og:image\" content=\"https:\/\/lasentinelle.dz\/wp-content\/uploads\/2025\/12\/fergani.jpg\" \/>\n\t<meta property=\"og:image:width\" content=\"900\" \/>\n\t<meta property=\"og:image:height\" content=\"900\" \/>\n\t<meta property=\"og:image:type\" content=\"image\/jpeg\" \/>\n<meta name=\"author\" content=\"admin\" \/>\n<meta name=\"twitter:card\" content=\"summary_large_image\" \/>\n<meta name=\"twitter:label1\" content=\"\u00c9crit par\" \/>\n\t<meta name=\"twitter:data1\" content=\"admin\" \/>\n\t<meta name=\"twitter:label2\" content=\"Dur\u00e9e de lecture estim\u00e9e\" \/>\n\t<meta name=\"twitter:data2\" content=\"4 minutes\" \/>\n<script type=\"application\/ld+json\" class=\"yoast-schema-graph\">{\"@context\":\"https:\\\/\\\/schema.org\",\"@graph\":[{\"@type\":\"Article\",\"@id\":\"https:\\\/\\\/lasentinelle.dz\\\/index.php\\\/2025\\\/12\\\/08\\\/mohamed-taher-fergani-lheritage-dun-geant-du-malouf-perdure\\\/#article\",\"isPartOf\":{\"@id\":\"https:\\\/\\\/lasentinelle.dz\\\/index.php\\\/2025\\\/12\\\/08\\\/mohamed-taher-fergani-lheritage-dun-geant-du-malouf-perdure\\\/\"},\"author\":{\"name\":\"admin\",\"@id\":\"https:\\\/\\\/lasentinelle.dz\\\/#\\\/schema\\\/person\\\/729ee0024f24e0b8c5ec17232f8e8b41\"},\"headline\":\"Mohamed Taher Fergani : L&rsquo;h\u00e9ritage d&rsquo;un g\u00e9ant du Malouf perdure\",\"datePublished\":\"2025-12-08T12:00:44+00:00\",\"dateModified\":\"2025-12-08T12:00:45+00:00\",\"mainEntityOfPage\":{\"@id\":\"https:\\\/\\\/lasentinelle.dz\\\/index.php\\\/2025\\\/12\\\/08\\\/mohamed-taher-fergani-lheritage-dun-geant-du-malouf-perdure\\\/\"},\"wordCount\":712,\"commentCount\":0,\"publisher\":{\"@id\":\"https:\\\/\\\/lasentinelle.dz\\\/#organization\"},\"image\":{\"@id\":\"https:\\\/\\\/lasentinelle.dz\\\/index.php\\\/2025\\\/12\\\/08\\\/mohamed-taher-fergani-lheritage-dun-geant-du-malouf-perdure\\\/#primaryimage\"},\"thumbnailUrl\":\"https:\\\/\\\/lasentinelle.dz\\\/wp-content\\\/uploads\\\/2025\\\/12\\\/fergani.jpg\",\"articleSection\":[\"Culture\"],\"inLanguage\":\"fr-FR\",\"potentialAction\":[{\"@type\":\"CommentAction\",\"name\":\"Comment\",\"target\":[\"https:\\\/\\\/lasentinelle.dz\\\/index.php\\\/2025\\\/12\\\/08\\\/mohamed-taher-fergani-lheritage-dun-geant-du-malouf-perdure\\\/#respond\"]}]},{\"@type\":\"WebPage\",\"@id\":\"https:\\\/\\\/lasentinelle.dz\\\/index.php\\\/2025\\\/12\\\/08\\\/mohamed-taher-fergani-lheritage-dun-geant-du-malouf-perdure\\\/\",\"url\":\"https:\\\/\\\/lasentinelle.dz\\\/index.php\\\/2025\\\/12\\\/08\\\/mohamed-taher-fergani-lheritage-dun-geant-du-malouf-perdure\\\/\",\"name\":\"Mohamed Taher Fergani : L&rsquo;h\u00e9ritage d&rsquo;un g\u00e9ant du Malouf perdure - La Sentinelle\",\"isPartOf\":{\"@id\":\"https:\\\/\\\/lasentinelle.dz\\\/#website\"},\"primaryImageOfPage\":{\"@id\":\"https:\\\/\\\/lasentinelle.dz\\\/index.php\\\/2025\\\/12\\\/08\\\/mohamed-taher-fergani-lheritage-dun-geant-du-malouf-perdure\\\/#primaryimage\"},\"image\":{\"@id\":\"https:\\\/\\\/lasentinelle.dz\\\/index.php\\\/2025\\\/12\\\/08\\\/mohamed-taher-fergani-lheritage-dun-geant-du-malouf-perdure\\\/#primaryimage\"},\"thumbnailUrl\":\"https:\\\/\\\/lasentinelle.dz\\\/wp-content\\\/uploads\\\/2025\\\/12\\\/fergani.jpg\",\"datePublished\":\"2025-12-08T12:00:44+00:00\",\"dateModified\":\"2025-12-08T12:00:45+00:00\",\"breadcrumb\":{\"@id\":\"https:\\\/\\\/lasentinelle.dz\\\/index.php\\\/2025\\\/12\\\/08\\\/mohamed-taher-fergani-lheritage-dun-geant-du-malouf-perdure\\\/#breadcrumb\"},\"inLanguage\":\"fr-FR\",\"potentialAction\":[{\"@type\":\"ReadAction\",\"target\":[\"https:\\\/\\\/lasentinelle.dz\\\/index.php\\\/2025\\\/12\\\/08\\\/mohamed-taher-fergani-lheritage-dun-geant-du-malouf-perdure\\\/\"]}]},{\"@type\":\"ImageObject\",\"inLanguage\":\"fr-FR\",\"@id\":\"https:\\\/\\\/lasentinelle.dz\\\/index.php\\\/2025\\\/12\\\/08\\\/mohamed-taher-fergani-lheritage-dun-geant-du-malouf-perdure\\\/#primaryimage\",\"url\":\"https:\\\/\\\/lasentinelle.dz\\\/wp-content\\\/uploads\\\/2025\\\/12\\\/fergani.jpg\",\"contentUrl\":\"https:\\\/\\\/lasentinelle.dz\\\/wp-content\\\/uploads\\\/2025\\\/12\\\/fergani.jpg\",\"width\":900,\"height\":900},{\"@type\":\"BreadcrumbList\",\"@id\":\"https:\\\/\\\/lasentinelle.dz\\\/index.php\\\/2025\\\/12\\\/08\\\/mohamed-taher-fergani-lheritage-dun-geant-du-malouf-perdure\\\/#breadcrumb\",\"itemListElement\":[{\"@type\":\"ListItem\",\"position\":1,\"name\":\"Accueil\",\"item\":\"https:\\\/\\\/lasentinelle.dz\\\/\"},{\"@type\":\"ListItem\",\"position\":2,\"name\":\"Mohamed Taher Fergani : L&rsquo;h\u00e9ritage d&rsquo;un g\u00e9ant du Malouf perdure\"}]},{\"@type\":\"WebSite\",\"@id\":\"https:\\\/\\\/lasentinelle.dz\\\/#website\",\"url\":\"https:\\\/\\\/lasentinelle.dz\\\/\",\"name\":\"La Sentinelle\",\"description\":\"Quotidien national d&#039;information\",\"publisher\":{\"@id\":\"https:\\\/\\\/lasentinelle.dz\\\/#organization\"},\"potentialAction\":[{\"@type\":\"SearchAction\",\"target\":{\"@type\":\"EntryPoint\",\"urlTemplate\":\"https:\\\/\\\/lasentinelle.dz\\\/?s={search_term_string}\"},\"query-input\":{\"@type\":\"PropertyValueSpecification\",\"valueRequired\":true,\"valueName\":\"search_term_string\"}}],\"inLanguage\":\"fr-FR\"},{\"@type\":\"Organization\",\"@id\":\"https:\\\/\\\/lasentinelle.dz\\\/#organization\",\"name\":\"Quotidien La Sentinelle\",\"url\":\"https:\\\/\\\/lasentinelle.dz\\\/\",\"logo\":{\"@type\":\"ImageObject\",\"inLanguage\":\"fr-FR\",\"@id\":\"https:\\\/\\\/lasentinelle.dz\\\/#\\\/schema\\\/logo\\\/image\\\/\",\"url\":\"https:\\\/\\\/lasentinelle.dz\\\/wp-content\\\/uploads\\\/2021\\\/09\\\/logo-sentinelleSLOGAN-1.png\",\"contentUrl\":\"https:\\\/\\\/lasentinelle.dz\\\/wp-content\\\/uploads\\\/2021\\\/09\\\/logo-sentinelleSLOGAN-1.png\",\"width\":615,\"height\":142,\"caption\":\"Quotidien La Sentinelle\"},\"image\":{\"@id\":\"https:\\\/\\\/lasentinelle.dz\\\/#\\\/schema\\\/logo\\\/image\\\/\"},\"sameAs\":[\"https:\\\/\\\/www.facebook.com\\\/La-Sentinelle-104059864394773\"]},{\"@type\":\"Person\",\"@id\":\"https:\\\/\\\/lasentinelle.dz\\\/#\\\/schema\\\/person\\\/729ee0024f24e0b8c5ec17232f8e8b41\",\"name\":\"admin\",\"image\":{\"@type\":\"ImageObject\",\"inLanguage\":\"fr-FR\",\"@id\":\"https:\\\/\\\/secure.gravatar.com\\\/avatar\\\/4c81fed838786e9b53f540bf46533e750f5d292099ae3b66cfc6fb1982e29df7?s=96&d=mm&r=g\",\"url\":\"https:\\\/\\\/secure.gravatar.com\\\/avatar\\\/4c81fed838786e9b53f540bf46533e750f5d292099ae3b66cfc6fb1982e29df7?s=96&d=mm&r=g\",\"contentUrl\":\"https:\\\/\\\/secure.gravatar.com\\\/avatar\\\/4c81fed838786e9b53f540bf46533e750f5d292099ae3b66cfc6fb1982e29df7?s=96&d=mm&r=g\",\"caption\":\"admin\"},\"description\":\"admin\",\"url\":\"https:\\\/\\\/lasentinelle.dz\\\/author\\\/admin\\\/\"}]}<\/script>\n<!-- \/ Yoast SEO plugin. -->","yoast_head_json":{"title":"Mohamed Taher Fergani : L&rsquo;h\u00e9ritage d&rsquo;un g\u00e9ant du Malouf perdure - La Sentinelle","robots":{"index":"index","follow":"follow","max-snippet":"max-snippet:-1","max-image-preview":"max-image-preview:large","max-video-preview":"max-video-preview:-1"},"canonical":"https:\/\/lasentinelle.dz\/index.php\/2025\/12\/08\/mohamed-taher-fergani-lheritage-dun-geant-du-malouf-perdure\/","og_locale":"fr_FR","og_type":"article","og_title":"Mohamed Taher Fergani : L&rsquo;h\u00e9ritage d&rsquo;un g\u00e9ant du Malouf perdure - La Sentinelle","og_description":"Neuf ann\u00e9es se sont \u00e9coul\u00e9es depuis la disparition de Mohamed Taher Fergani, ma\u00eetre incontest\u00e9 du Malouf constantinois, survenue le 7","og_url":"https:\/\/lasentinelle.dz\/index.php\/2025\/12\/08\/mohamed-taher-fergani-lheritage-dun-geant-du-malouf-perdure\/","og_site_name":"La Sentinelle","article_publisher":"https:\/\/www.facebook.com\/La-Sentinelle-104059864394773","article_published_time":"2025-12-08T12:00:44+00:00","article_modified_time":"2025-12-08T12:00:45+00:00","og_image":[{"width":900,"height":900,"url":"https:\/\/lasentinelle.dz\/wp-content\/uploads\/2025\/12\/fergani.jpg","type":"image\/jpeg"}],"author":"admin","twitter_card":"summary_large_image","twitter_misc":{"\u00c9crit par":"admin","Dur\u00e9e de lecture estim\u00e9e":"4 minutes"},"schema":{"@context":"https:\/\/schema.org","@graph":[{"@type":"Article","@id":"https:\/\/lasentinelle.dz\/index.php\/2025\/12\/08\/mohamed-taher-fergani-lheritage-dun-geant-du-malouf-perdure\/#article","isPartOf":{"@id":"https:\/\/lasentinelle.dz\/index.php\/2025\/12\/08\/mohamed-taher-fergani-lheritage-dun-geant-du-malouf-perdure\/"},"author":{"name":"admin","@id":"https:\/\/lasentinelle.dz\/#\/schema\/person\/729ee0024f24e0b8c5ec17232f8e8b41"},"headline":"Mohamed Taher Fergani : L&rsquo;h\u00e9ritage d&rsquo;un g\u00e9ant du Malouf perdure","datePublished":"2025-12-08T12:00:44+00:00","dateModified":"2025-12-08T12:00:45+00:00","mainEntityOfPage":{"@id":"https:\/\/lasentinelle.dz\/index.php\/2025\/12\/08\/mohamed-taher-fergani-lheritage-dun-geant-du-malouf-perdure\/"},"wordCount":712,"commentCount":0,"publisher":{"@id":"https:\/\/lasentinelle.dz\/#organization"},"image":{"@id":"https:\/\/lasentinelle.dz\/index.php\/2025\/12\/08\/mohamed-taher-fergani-lheritage-dun-geant-du-malouf-perdure\/#primaryimage"},"thumbnailUrl":"https:\/\/lasentinelle.dz\/wp-content\/uploads\/2025\/12\/fergani.jpg","articleSection":["Culture"],"inLanguage":"fr-FR","potentialAction":[{"@type":"CommentAction","name":"Comment","target":["https:\/\/lasentinelle.dz\/index.php\/2025\/12\/08\/mohamed-taher-fergani-lheritage-dun-geant-du-malouf-perdure\/#respond"]}]},{"@type":"WebPage","@id":"https:\/\/lasentinelle.dz\/index.php\/2025\/12\/08\/mohamed-taher-fergani-lheritage-dun-geant-du-malouf-perdure\/","url":"https:\/\/lasentinelle.dz\/index.php\/2025\/12\/08\/mohamed-taher-fergani-lheritage-dun-geant-du-malouf-perdure\/","name":"Mohamed Taher Fergani : L&rsquo;h\u00e9ritage d&rsquo;un g\u00e9ant du Malouf perdure - La Sentinelle","isPartOf":{"@id":"https:\/\/lasentinelle.dz\/#website"},"primaryImageOfPage":{"@id":"https:\/\/lasentinelle.dz\/index.php\/2025\/12\/08\/mohamed-taher-fergani-lheritage-dun-geant-du-malouf-perdure\/#primaryimage"},"image":{"@id":"https:\/\/lasentinelle.dz\/index.php\/2025\/12\/08\/mohamed-taher-fergani-lheritage-dun-geant-du-malouf-perdure\/#primaryimage"},"thumbnailUrl":"https:\/\/lasentinelle.dz\/wp-content\/uploads\/2025\/12\/fergani.jpg","datePublished":"2025-12-08T12:00:44+00:00","dateModified":"2025-12-08T12:00:45+00:00","breadcrumb":{"@id":"https:\/\/lasentinelle.dz\/index.php\/2025\/12\/08\/mohamed-taher-fergani-lheritage-dun-geant-du-malouf-perdure\/#breadcrumb"},"inLanguage":"fr-FR","potentialAction":[{"@type":"ReadAction","target":["https:\/\/lasentinelle.dz\/index.php\/2025\/12\/08\/mohamed-taher-fergani-lheritage-dun-geant-du-malouf-perdure\/"]}]},{"@type":"ImageObject","inLanguage":"fr-FR","@id":"https:\/\/lasentinelle.dz\/index.php\/2025\/12\/08\/mohamed-taher-fergani-lheritage-dun-geant-du-malouf-perdure\/#primaryimage","url":"https:\/\/lasentinelle.dz\/wp-content\/uploads\/2025\/12\/fergani.jpg","contentUrl":"https:\/\/lasentinelle.dz\/wp-content\/uploads\/2025\/12\/fergani.jpg","width":900,"height":900},{"@type":"BreadcrumbList","@id":"https:\/\/lasentinelle.dz\/index.php\/2025\/12\/08\/mohamed-taher-fergani-lheritage-dun-geant-du-malouf-perdure\/#breadcrumb","itemListElement":[{"@type":"ListItem","position":1,"name":"Accueil","item":"https:\/\/lasentinelle.dz\/"},{"@type":"ListItem","position":2,"name":"Mohamed Taher Fergani : L&rsquo;h\u00e9ritage d&rsquo;un g\u00e9ant du Malouf perdure"}]},{"@type":"WebSite","@id":"https:\/\/lasentinelle.dz\/#website","url":"https:\/\/lasentinelle.dz\/","name":"La Sentinelle","description":"Quotidien national d&#039;information","publisher":{"@id":"https:\/\/lasentinelle.dz\/#organization"},"potentialAction":[{"@type":"SearchAction","target":{"@type":"EntryPoint","urlTemplate":"https:\/\/lasentinelle.dz\/?s={search_term_string}"},"query-input":{"@type":"PropertyValueSpecification","valueRequired":true,"valueName":"search_term_string"}}],"inLanguage":"fr-FR"},{"@type":"Organization","@id":"https:\/\/lasentinelle.dz\/#organization","name":"Quotidien La Sentinelle","url":"https:\/\/lasentinelle.dz\/","logo":{"@type":"ImageObject","inLanguage":"fr-FR","@id":"https:\/\/lasentinelle.dz\/#\/schema\/logo\/image\/","url":"https:\/\/lasentinelle.dz\/wp-content\/uploads\/2021\/09\/logo-sentinelleSLOGAN-1.png","contentUrl":"https:\/\/lasentinelle.dz\/wp-content\/uploads\/2021\/09\/logo-sentinelleSLOGAN-1.png","width":615,"height":142,"caption":"Quotidien La Sentinelle"},"image":{"@id":"https:\/\/lasentinelle.dz\/#\/schema\/logo\/image\/"},"sameAs":["https:\/\/www.facebook.com\/La-Sentinelle-104059864394773"]},{"@type":"Person","@id":"https:\/\/lasentinelle.dz\/#\/schema\/person\/729ee0024f24e0b8c5ec17232f8e8b41","name":"admin","image":{"@type":"ImageObject","inLanguage":"fr-FR","@id":"https:\/\/secure.gravatar.com\/avatar\/4c81fed838786e9b53f540bf46533e750f5d292099ae3b66cfc6fb1982e29df7?s=96&d=mm&r=g","url":"https:\/\/secure.gravatar.com\/avatar\/4c81fed838786e9b53f540bf46533e750f5d292099ae3b66cfc6fb1982e29df7?s=96&d=mm&r=g","contentUrl":"https:\/\/secure.gravatar.com\/avatar\/4c81fed838786e9b53f540bf46533e750f5d292099ae3b66cfc6fb1982e29df7?s=96&d=mm&r=g","caption":"admin"},"description":"admin","url":"https:\/\/lasentinelle.dz\/author\/admin\/"}]}},"_links":{"self":[{"href":"https:\/\/lasentinelle.dz\/index.php\/wp-json\/wp\/v2\/posts\/77376","targetHints":{"allow":["GET"]}}],"collection":[{"href":"https:\/\/lasentinelle.dz\/index.php\/wp-json\/wp\/v2\/posts"}],"about":[{"href":"https:\/\/lasentinelle.dz\/index.php\/wp-json\/wp\/v2\/types\/post"}],"author":[{"embeddable":true,"href":"https:\/\/lasentinelle.dz\/index.php\/wp-json\/wp\/v2\/users\/6"}],"replies":[{"embeddable":true,"href":"https:\/\/lasentinelle.dz\/index.php\/wp-json\/wp\/v2\/comments?post=77376"}],"version-history":[{"count":2,"href":"https:\/\/lasentinelle.dz\/index.php\/wp-json\/wp\/v2\/posts\/77376\/revisions"}],"predecessor-version":[{"id":77379,"href":"https:\/\/lasentinelle.dz\/index.php\/wp-json\/wp\/v2\/posts\/77376\/revisions\/77379"}],"wp:featuredmedia":[{"embeddable":true,"href":"https:\/\/lasentinelle.dz\/index.php\/wp-json\/wp\/v2\/media\/77377"}],"wp:attachment":[{"href":"https:\/\/lasentinelle.dz\/index.php\/wp-json\/wp\/v2\/media?parent=77376"}],"wp:term":[{"taxonomy":"category","embeddable":true,"href":"https:\/\/lasentinelle.dz\/index.php\/wp-json\/wp\/v2\/categories?post=77376"},{"taxonomy":"post_tag","embeddable":true,"href":"https:\/\/lasentinelle.dz\/index.php\/wp-json\/wp\/v2\/tags?post=77376"}],"curies":[{"name":"wp","href":"https:\/\/api.w.org\/{rel}","templated":true}]}}