{"id":77395,"date":"2025-12-08T13:06:35","date_gmt":"2025-12-08T12:06:35","guid":{"rendered":"https:\/\/lasentinelle.dz\/?p=77395"},"modified":"2025-12-08T13:06:37","modified_gmt":"2025-12-08T12:06:37","slug":"mondial-2026-lalgerie-dans-le-groupe-de-la-mort","status":"publish","type":"post","link":"https:\/\/lasentinelle.dz\/index.php\/2025\/12\/08\/mondial-2026-lalgerie-dans-le-groupe-de-la-mort\/","title":{"rendered":"Mondial 2026\u00a0: L&rsquo;Alg\u00e9rie dans le groupe de la Mort !"},"content":{"rendered":"\n<p>La s\u00e9lection alg\u00e9rienne de football affrontera l&rsquo;Argentine, tenant du titre, l&rsquo;Autriche et la Jordanie lors de la phase de poules de la Coupe du Monde 2026 qui se d\u00e9roulera du 11 juin au 19 juillet aux \u00c9tats-Unis, au Canada et au Mexique. Selon l&rsquo;analyse data Opta, le groupe J des Fennecs constitue la poule la plus relev\u00e9e du tournoi avec une moyenne de 77,1 points sur 100.<\/p>\n\n\n\n<p>Le verdict est tomb\u00e9 ce vendredi \u00e0 Washington lors du tirage au sort de la premi\u00e8re Coupe du monde \u00e0 quarante-huit nations. L&rsquo;Alg\u00e9rie se retrouve dans une configuration redoutable qui ne laisse aucune place \u00e0 l&rsquo;approximation. Plac\u00e9s dans le groupe J aux c\u00f4t\u00e9s de l&rsquo;Argentine, double championne du monde en titre, de l&rsquo;Autriche, solide formation europ\u00e9enne, et de la Jordanie, n\u00e9ophyte mais qualifi\u00e9e au m\u00e9rite, les Verts devront sortir le grand jeu pour esp\u00e9rer franchir le cap de la phase de groupes. Les statistiques confirment d&rsquo;ailleurs la difficult\u00e9 de cette poule. L&rsquo;analyste sp\u00e9cialis\u00e9 Opta, qui \u00e9value les \u00e9quipes selon de nombreuses donn\u00e9es objectives, a attribu\u00e9 une note de 97,8 sur 100 \u00e0 l&rsquo;Argentine, d\u00e9montrant la supr\u00e9matie de l&rsquo;Albiceleste sur la sc\u00e8ne internationale. L&rsquo;Autriche obtient quant \u00e0 elle 75,3 points, tandis que l&rsquo;Alg\u00e9rie est cr\u00e9dit\u00e9e de 72,2 et la Jordanie de 63,1. Cette moyenne globale de 77,1 place le groupe J en t\u00eate du classement des poules les plus \u00e9quilibr\u00e9es et comp\u00e9titives du tournoi, devan\u00e7ant m\u00eame le groupe de la France qui affiche 76,7 points de moyenne avec la Norv\u00e8ge et le S\u00e9n\u00e9gal.<\/p>\n\n\n\n<p>Pour Vladimir Petkovic et ses hommes, le d\u00e9fi s&rsquo;annonce colossal. Affronter l&rsquo;Argentine de Lionel Messi, qui a conquis le titre au Qatar en 2022 et tentera de r\u00e9aliser un doubl\u00e9 historique, constitue un test grandeur nature d\u00e8s l&rsquo;entame de la comp\u00e9tition. L&rsquo;Autriche, formation en pleine progression sur la sc\u00e8ne europ\u00e9enne, ne facilitera pas non plus la t\u00e2che des Fennecs. Quant \u00e0 la Jordanie, si elle appara\u00eet comme l&rsquo;adversaire le plus abordable sur le papier, elle aura \u00e0 c\u0153ur de cr\u00e9er la surprise pour sa premi\u00e8re participation \u00e0 une phase finale mondiale. Dans ce contexte exigeant, seuls les deux premiers de chaque groupe ainsi que les huit meilleurs troisi\u00e8mes seront autoris\u00e9s \u00e0 poursuivre l&rsquo;aventure en seizi\u00e8mes de finale. Chaque point comptera donc doublement, et les Alg\u00e9riens devront faire preuve de r\u00e9alisme et d&rsquo;efficacit\u00e9 pour arracher leur qualification. Le souvenir de 2014 plane dans les esprits : lors de leur derni\u00e8re participation au Br\u00e9sil, les Verts avaient cr\u00e9\u00e9 la sensation en atteignant les huiti\u00e8mes de finale pour la premi\u00e8re fois de leur histoire, avant de s&rsquo;incliner contre la future championne, l&rsquo;Allemagne, apr\u00e8s prolongation.<\/p>\n\n\n\n<p><strong>Un match face \u00e0 l\u2019Argentine pour ouvrir le bal<\/strong><\/p>\n\n\n\n<p>La F\u00e9d\u00e9ration internationale de football a d\u00e9voil\u00e9 samedi le calendrier d\u00e9taill\u00e9 du tournoi, permettant aux Fennecs de visualiser pr\u00e9cis\u00e9ment leur parcours dans cette comp\u00e9tition continentale. L&rsquo;Alg\u00e9rie entamera son Mondial le mercredi 17 juin \u00e0 deux heures du matin, heure alg\u00e9rienne, face \u00e0 l&rsquo;Argentine au stade Arrowhead de Kansas City, dans le Missouri. Cette enceinte mythique, habituellement d\u00e9di\u00e9e au football am\u00e9ricain, accueillera donc le choc inaugural des Verts dans une atmosph\u00e8re qui s&rsquo;annonce \u00e9lectrique. Six jours plus tard, le mardi 23 juin \u00e0 quatre heures du matin selon le fuseau horaire alg\u00e9rien, les hommes de Petkovic se d\u00e9placeront sur la c\u00f4te ouest pour d\u00e9fier la Jordanie au stade Levi&rsquo;s de San Francisco, en Californie. Cette rencontre, cruciale pour les ambitions alg\u00e9riennes, devrait permettre aux Fennecs de lancer leur compteur de points face au plus accessible adversaire du groupe sur le papier. La confrontation se d\u00e9roulera dans l&rsquo;une des enceintes les plus modernes des \u00c9tats-Unis, situ\u00e9e dans la Silicon Valley.<\/p>\n\n\n\n<p>Enfin, les Verts boucleront la phase de poules le dimanche 28 juin \u00e0 trois heures du matin, heure d&rsquo;Alg\u00e9rie, de nouveau au stade Arrowhead de Kansas City. Face \u00e0 l&rsquo;Autriche, la s\u00e9lection alg\u00e9rienne aura peut-\u00eatre une revanche \u00e0 prendre apr\u00e8s l&rsquo;\u00e9limination subie lors des qualifications les huiti\u00e8mes de finale en 1982. Ce dernier match pourrait s&rsquo;av\u00e9rer d\u00e9cisif pour la qualification, les deux \u00e9quipes se disputant probablement une place parmi les premiers ou les meilleurs troisi\u00e8mes.nLe d\u00e9calage horaire imposera aux supporters alg\u00e9riens de vivre leur Mondial en pleine nuit ou aux premi\u00e8res heures du jour. Un sacrifice que beaucoup seront pr\u00eats \u00e0 consentir pour soutenir les Fennecs dans cette qu\u00eate de qualification qui s&rsquo;annonce p\u00e9rilleuse mais pas impossible. Avec de la d\u00e9termination, de la solidarit\u00e9 et un brin de r\u00e9ussite, l&rsquo;Alg\u00e9rie peut nourrir l&rsquo;espoir de cr\u00e9er l&rsquo;exploit dans ce groupe de la mort et de prolonger son aventure au-del\u00e0 du premier tour.<\/p>\n\n\n\n<p>Moncef Dahleb<\/p>\n","protected":false},"excerpt":{"rendered":"<p>La s\u00e9lection alg\u00e9rienne de football affrontera l&rsquo;Argentine, tenant du titre, l&rsquo;Autriche et la Jordanie lors de la phase de poules<\/p>\n","protected":false},"author":6,"featured_media":77396,"comment_status":"open","ping_status":"closed","sticky":false,"template":"","format":"standard","meta":{"colormag_page_container_layout":"default_layout","colormag_page_sidebar_layout":"default_layout","om_disable_all_campaigns":false,"_monsterinsights_skip_tracking":false,"_monsterinsights_sitenote_active":false,"_monsterinsights_sitenote_note":"","_monsterinsights_sitenote_category":0,"footnotes":"","_wpscppro_dont_share_socialmedia":false,"_wpscppro_custom_social_share_image":0,"_facebook_share_type":"default","_twitter_share_type":"default","_linkedin_share_type":"default","_pinterest_share_type":"default","_linkedin_share_type_page":"","_instagram_share_type":"default","_medium_share_type":"default","_threads_share_type":"default","_google_business_share_type":"default","_selected_social_profile":[],"_wpsp_enable_custom_social_template":false,"_wpsp_social_scheduling":{"enabled":false,"datetime":null,"platforms":[],"status":"template_only","dateOption":"today","timeOption":"now","customDays":"","customHours":"","customDate":"","customTime":"","schedulingType":"absolute"},"_wpsp_active_default_template":true},"categories":[52,33],"tags":[],"class_list":["post-77395","post","type-post","status-publish","format-standard","has-post-thumbnail","hentry","category-a-la-une","category-sports"],"aioseo_notices":[],"yoast_head":"<!-- This site is optimized with the Yoast SEO plugin v27.4 - https:\/\/yoast.com\/product\/yoast-seo-wordpress\/ -->\n<title>Mondial 2026\u00a0: L&rsquo;Alg\u00e9rie dans le groupe de la Mort ! - La Sentinelle<\/title>\n<meta name=\"robots\" content=\"index, follow, max-snippet:-1, max-image-preview:large, max-video-preview:-1\" \/>\n<link rel=\"canonical\" href=\"https:\/\/lasentinelle.dz\/index.php\/2025\/12\/08\/mondial-2026-lalgerie-dans-le-groupe-de-la-mort\/\" \/>\n<meta property=\"og:locale\" content=\"fr_FR\" \/>\n<meta property=\"og:type\" content=\"article\" \/>\n<meta property=\"og:title\" content=\"Mondial 2026\u00a0: L&rsquo;Alg\u00e9rie dans le groupe de la Mort ! - La Sentinelle\" \/>\n<meta property=\"og:description\" content=\"La s\u00e9lection alg\u00e9rienne de football affrontera l&rsquo;Argentine, tenant du titre, l&rsquo;Autriche et la Jordanie lors de la phase de poules\" \/>\n<meta property=\"og:url\" content=\"https:\/\/lasentinelle.dz\/index.php\/2025\/12\/08\/mondial-2026-lalgerie-dans-le-groupe-de-la-mort\/\" \/>\n<meta property=\"og:site_name\" content=\"La Sentinelle\" \/>\n<meta property=\"article:publisher\" content=\"https:\/\/www.facebook.com\/La-Sentinelle-104059864394773\" \/>\n<meta property=\"article:published_time\" content=\"2025-12-08T12:06:35+00:00\" \/>\n<meta property=\"article:modified_time\" content=\"2025-12-08T12:06:37+00:00\" \/>\n<meta property=\"og:image\" content=\"https:\/\/lasentinelle.dz\/wp-content\/uploads\/2025\/12\/fennecs-1.jpg\" \/>\n\t<meta property=\"og:image:width\" content=\"2400\" \/>\n\t<meta property=\"og:image:height\" content=\"1599\" \/>\n\t<meta property=\"og:image:type\" content=\"image\/jpeg\" \/>\n<meta name=\"author\" content=\"admin\" \/>\n<meta name=\"twitter:card\" content=\"summary_large_image\" \/>\n<meta name=\"twitter:label1\" content=\"\u00c9crit par\" \/>\n\t<meta name=\"twitter:data1\" content=\"admin\" \/>\n\t<meta name=\"twitter:label2\" content=\"Dur\u00e9e de lecture estim\u00e9e\" \/>\n\t<meta name=\"twitter:data2\" content=\"5 minutes\" \/>\n<script type=\"application\/ld+json\" class=\"yoast-schema-graph\">{\"@context\":\"https:\\\/\\\/schema.org\",\"@graph\":[{\"@type\":\"Article\",\"@id\":\"https:\\\/\\\/lasentinelle.dz\\\/index.php\\\/2025\\\/12\\\/08\\\/mondial-2026-lalgerie-dans-le-groupe-de-la-mort\\\/#article\",\"isPartOf\":{\"@id\":\"https:\\\/\\\/lasentinelle.dz\\\/index.php\\\/2025\\\/12\\\/08\\\/mondial-2026-lalgerie-dans-le-groupe-de-la-mort\\\/\"},\"author\":{\"name\":\"admin\",\"@id\":\"https:\\\/\\\/lasentinelle.dz\\\/#\\\/schema\\\/person\\\/729ee0024f24e0b8c5ec17232f8e8b41\"},\"headline\":\"Mondial 2026\u00a0: L&rsquo;Alg\u00e9rie dans le groupe de la Mort !\",\"datePublished\":\"2025-12-08T12:06:35+00:00\",\"dateModified\":\"2025-12-08T12:06:37+00:00\",\"mainEntityOfPage\":{\"@id\":\"https:\\\/\\\/lasentinelle.dz\\\/index.php\\\/2025\\\/12\\\/08\\\/mondial-2026-lalgerie-dans-le-groupe-de-la-mort\\\/\"},\"wordCount\":852,\"commentCount\":0,\"publisher\":{\"@id\":\"https:\\\/\\\/lasentinelle.dz\\\/#organization\"},\"image\":{\"@id\":\"https:\\\/\\\/lasentinelle.dz\\\/index.php\\\/2025\\\/12\\\/08\\\/mondial-2026-lalgerie-dans-le-groupe-de-la-mort\\\/#primaryimage\"},\"thumbnailUrl\":\"https:\\\/\\\/lasentinelle.dz\\\/wp-content\\\/uploads\\\/2025\\\/12\\\/fennecs-1.jpg\",\"articleSection\":[\"\u00c0 la Une\",\"Sports\"],\"inLanguage\":\"fr-FR\",\"potentialAction\":[{\"@type\":\"CommentAction\",\"name\":\"Comment\",\"target\":[\"https:\\\/\\\/lasentinelle.dz\\\/index.php\\\/2025\\\/12\\\/08\\\/mondial-2026-lalgerie-dans-le-groupe-de-la-mort\\\/#respond\"]}]},{\"@type\":\"WebPage\",\"@id\":\"https:\\\/\\\/lasentinelle.dz\\\/index.php\\\/2025\\\/12\\\/08\\\/mondial-2026-lalgerie-dans-le-groupe-de-la-mort\\\/\",\"url\":\"https:\\\/\\\/lasentinelle.dz\\\/index.php\\\/2025\\\/12\\\/08\\\/mondial-2026-lalgerie-dans-le-groupe-de-la-mort\\\/\",\"name\":\"Mondial 2026\u00a0: L&rsquo;Alg\u00e9rie dans le groupe de la Mort ! - La Sentinelle\",\"isPartOf\":{\"@id\":\"https:\\\/\\\/lasentinelle.dz\\\/#website\"},\"primaryImageOfPage\":{\"@id\":\"https:\\\/\\\/lasentinelle.dz\\\/index.php\\\/2025\\\/12\\\/08\\\/mondial-2026-lalgerie-dans-le-groupe-de-la-mort\\\/#primaryimage\"},\"image\":{\"@id\":\"https:\\\/\\\/lasentinelle.dz\\\/index.php\\\/2025\\\/12\\\/08\\\/mondial-2026-lalgerie-dans-le-groupe-de-la-mort\\\/#primaryimage\"},\"thumbnailUrl\":\"https:\\\/\\\/lasentinelle.dz\\\/wp-content\\\/uploads\\\/2025\\\/12\\\/fennecs-1.jpg\",\"datePublished\":\"2025-12-08T12:06:35+00:00\",\"dateModified\":\"2025-12-08T12:06:37+00:00\",\"breadcrumb\":{\"@id\":\"https:\\\/\\\/lasentinelle.dz\\\/index.php\\\/2025\\\/12\\\/08\\\/mondial-2026-lalgerie-dans-le-groupe-de-la-mort\\\/#breadcrumb\"},\"inLanguage\":\"fr-FR\",\"potentialAction\":[{\"@type\":\"ReadAction\",\"target\":[\"https:\\\/\\\/lasentinelle.dz\\\/index.php\\\/2025\\\/12\\\/08\\\/mondial-2026-lalgerie-dans-le-groupe-de-la-mort\\\/\"]}]},{\"@type\":\"ImageObject\",\"inLanguage\":\"fr-FR\",\"@id\":\"https:\\\/\\\/lasentinelle.dz\\\/index.php\\\/2025\\\/12\\\/08\\\/mondial-2026-lalgerie-dans-le-groupe-de-la-mort\\\/#primaryimage\",\"url\":\"https:\\\/\\\/lasentinelle.dz\\\/wp-content\\\/uploads\\\/2025\\\/12\\\/fennecs-1.jpg\",\"contentUrl\":\"https:\\\/\\\/lasentinelle.dz\\\/wp-content\\\/uploads\\\/2025\\\/12\\\/fennecs-1.jpg\",\"width\":2400,\"height\":1599},{\"@type\":\"BreadcrumbList\",\"@id\":\"https:\\\/\\\/lasentinelle.dz\\\/index.php\\\/2025\\\/12\\\/08\\\/mondial-2026-lalgerie-dans-le-groupe-de-la-mort\\\/#breadcrumb\",\"itemListElement\":[{\"@type\":\"ListItem\",\"position\":1,\"name\":\"Accueil\",\"item\":\"https:\\\/\\\/lasentinelle.dz\\\/\"},{\"@type\":\"ListItem\",\"position\":2,\"name\":\"Mondial 2026\u00a0: L&rsquo;Alg\u00e9rie dans le groupe de la Mort !\"}]},{\"@type\":\"WebSite\",\"@id\":\"https:\\\/\\\/lasentinelle.dz\\\/#website\",\"url\":\"https:\\\/\\\/lasentinelle.dz\\\/\",\"name\":\"La Sentinelle\",\"description\":\"Quotidien national d&#039;information\",\"publisher\":{\"@id\":\"https:\\\/\\\/lasentinelle.dz\\\/#organization\"},\"potentialAction\":[{\"@type\":\"SearchAction\",\"target\":{\"@type\":\"EntryPoint\",\"urlTemplate\":\"https:\\\/\\\/lasentinelle.dz\\\/?s={search_term_string}\"},\"query-input\":{\"@type\":\"PropertyValueSpecification\",\"valueRequired\":true,\"valueName\":\"search_term_string\"}}],\"inLanguage\":\"fr-FR\"},{\"@type\":\"Organization\",\"@id\":\"https:\\\/\\\/lasentinelle.dz\\\/#organization\",\"name\":\"Quotidien La Sentinelle\",\"url\":\"https:\\\/\\\/lasentinelle.dz\\\/\",\"logo\":{\"@type\":\"ImageObject\",\"inLanguage\":\"fr-FR\",\"@id\":\"https:\\\/\\\/lasentinelle.dz\\\/#\\\/schema\\\/logo\\\/image\\\/\",\"url\":\"https:\\\/\\\/lasentinelle.dz\\\/wp-content\\\/uploads\\\/2021\\\/09\\\/logo-sentinelleSLOGAN-1.png\",\"contentUrl\":\"https:\\\/\\\/lasentinelle.dz\\\/wp-content\\\/uploads\\\/2021\\\/09\\\/logo-sentinelleSLOGAN-1.png\",\"width\":615,\"height\":142,\"caption\":\"Quotidien La Sentinelle\"},\"image\":{\"@id\":\"https:\\\/\\\/lasentinelle.dz\\\/#\\\/schema\\\/logo\\\/image\\\/\"},\"sameAs\":[\"https:\\\/\\\/www.facebook.com\\\/La-Sentinelle-104059864394773\"]},{\"@type\":\"Person\",\"@id\":\"https:\\\/\\\/lasentinelle.dz\\\/#\\\/schema\\\/person\\\/729ee0024f24e0b8c5ec17232f8e8b41\",\"name\":\"admin\",\"image\":{\"@type\":\"ImageObject\",\"inLanguage\":\"fr-FR\",\"@id\":\"https:\\\/\\\/secure.gravatar.com\\\/avatar\\\/4c81fed838786e9b53f540bf46533e750f5d292099ae3b66cfc6fb1982e29df7?s=96&d=mm&r=g\",\"url\":\"https:\\\/\\\/secure.gravatar.com\\\/avatar\\\/4c81fed838786e9b53f540bf46533e750f5d292099ae3b66cfc6fb1982e29df7?s=96&d=mm&r=g\",\"contentUrl\":\"https:\\\/\\\/secure.gravatar.com\\\/avatar\\\/4c81fed838786e9b53f540bf46533e750f5d292099ae3b66cfc6fb1982e29df7?s=96&d=mm&r=g\",\"caption\":\"admin\"},\"description\":\"admin\",\"url\":\"https:\\\/\\\/lasentinelle.dz\\\/author\\\/admin\\\/\"}]}<\/script>\n<!-- \/ Yoast SEO plugin. -->","yoast_head_json":{"title":"Mondial 2026\u00a0: L&rsquo;Alg\u00e9rie dans le groupe de la Mort ! - La Sentinelle","robots":{"index":"index","follow":"follow","max-snippet":"max-snippet:-1","max-image-preview":"max-image-preview:large","max-video-preview":"max-video-preview:-1"},"canonical":"https:\/\/lasentinelle.dz\/index.php\/2025\/12\/08\/mondial-2026-lalgerie-dans-le-groupe-de-la-mort\/","og_locale":"fr_FR","og_type":"article","og_title":"Mondial 2026\u00a0: L&rsquo;Alg\u00e9rie dans le groupe de la Mort ! - La Sentinelle","og_description":"La s\u00e9lection alg\u00e9rienne de football affrontera l&rsquo;Argentine, tenant du titre, l&rsquo;Autriche et la Jordanie lors de la phase de poules","og_url":"https:\/\/lasentinelle.dz\/index.php\/2025\/12\/08\/mondial-2026-lalgerie-dans-le-groupe-de-la-mort\/","og_site_name":"La Sentinelle","article_publisher":"https:\/\/www.facebook.com\/La-Sentinelle-104059864394773","article_published_time":"2025-12-08T12:06:35+00:00","article_modified_time":"2025-12-08T12:06:37+00:00","og_image":[{"width":2400,"height":1599,"url":"https:\/\/lasentinelle.dz\/wp-content\/uploads\/2025\/12\/fennecs-1.jpg","type":"image\/jpeg"}],"author":"admin","twitter_card":"summary_large_image","twitter_misc":{"\u00c9crit par":"admin","Dur\u00e9e de lecture estim\u00e9e":"5 minutes"},"schema":{"@context":"https:\/\/schema.org","@graph":[{"@type":"Article","@id":"https:\/\/lasentinelle.dz\/index.php\/2025\/12\/08\/mondial-2026-lalgerie-dans-le-groupe-de-la-mort\/#article","isPartOf":{"@id":"https:\/\/lasentinelle.dz\/index.php\/2025\/12\/08\/mondial-2026-lalgerie-dans-le-groupe-de-la-mort\/"},"author":{"name":"admin","@id":"https:\/\/lasentinelle.dz\/#\/schema\/person\/729ee0024f24e0b8c5ec17232f8e8b41"},"headline":"Mondial 2026\u00a0: L&rsquo;Alg\u00e9rie dans le groupe de la Mort !","datePublished":"2025-12-08T12:06:35+00:00","dateModified":"2025-12-08T12:06:37+00:00","mainEntityOfPage":{"@id":"https:\/\/lasentinelle.dz\/index.php\/2025\/12\/08\/mondial-2026-lalgerie-dans-le-groupe-de-la-mort\/"},"wordCount":852,"commentCount":0,"publisher":{"@id":"https:\/\/lasentinelle.dz\/#organization"},"image":{"@id":"https:\/\/lasentinelle.dz\/index.php\/2025\/12\/08\/mondial-2026-lalgerie-dans-le-groupe-de-la-mort\/#primaryimage"},"thumbnailUrl":"https:\/\/lasentinelle.dz\/wp-content\/uploads\/2025\/12\/fennecs-1.jpg","articleSection":["\u00c0 la Une","Sports"],"inLanguage":"fr-FR","potentialAction":[{"@type":"CommentAction","name":"Comment","target":["https:\/\/lasentinelle.dz\/index.php\/2025\/12\/08\/mondial-2026-lalgerie-dans-le-groupe-de-la-mort\/#respond"]}]},{"@type":"WebPage","@id":"https:\/\/lasentinelle.dz\/index.php\/2025\/12\/08\/mondial-2026-lalgerie-dans-le-groupe-de-la-mort\/","url":"https:\/\/lasentinelle.dz\/index.php\/2025\/12\/08\/mondial-2026-lalgerie-dans-le-groupe-de-la-mort\/","name":"Mondial 2026\u00a0: L&rsquo;Alg\u00e9rie dans le groupe de la Mort ! - La Sentinelle","isPartOf":{"@id":"https:\/\/lasentinelle.dz\/#website"},"primaryImageOfPage":{"@id":"https:\/\/lasentinelle.dz\/index.php\/2025\/12\/08\/mondial-2026-lalgerie-dans-le-groupe-de-la-mort\/#primaryimage"},"image":{"@id":"https:\/\/lasentinelle.dz\/index.php\/2025\/12\/08\/mondial-2026-lalgerie-dans-le-groupe-de-la-mort\/#primaryimage"},"thumbnailUrl":"https:\/\/lasentinelle.dz\/wp-content\/uploads\/2025\/12\/fennecs-1.jpg","datePublished":"2025-12-08T12:06:35+00:00","dateModified":"2025-12-08T12:06:37+00:00","breadcrumb":{"@id":"https:\/\/lasentinelle.dz\/index.php\/2025\/12\/08\/mondial-2026-lalgerie-dans-le-groupe-de-la-mort\/#breadcrumb"},"inLanguage":"fr-FR","potentialAction":[{"@type":"ReadAction","target":["https:\/\/lasentinelle.dz\/index.php\/2025\/12\/08\/mondial-2026-lalgerie-dans-le-groupe-de-la-mort\/"]}]},{"@type":"ImageObject","inLanguage":"fr-FR","@id":"https:\/\/lasentinelle.dz\/index.php\/2025\/12\/08\/mondial-2026-lalgerie-dans-le-groupe-de-la-mort\/#primaryimage","url":"https:\/\/lasentinelle.dz\/wp-content\/uploads\/2025\/12\/fennecs-1.jpg","contentUrl":"https:\/\/lasentinelle.dz\/wp-content\/uploads\/2025\/12\/fennecs-1.jpg","width":2400,"height":1599},{"@type":"BreadcrumbList","@id":"https:\/\/lasentinelle.dz\/index.php\/2025\/12\/08\/mondial-2026-lalgerie-dans-le-groupe-de-la-mort\/#breadcrumb","itemListElement":[{"@type":"ListItem","position":1,"name":"Accueil","item":"https:\/\/lasentinelle.dz\/"},{"@type":"ListItem","position":2,"name":"Mondial 2026\u00a0: L&rsquo;Alg\u00e9rie dans le groupe de la Mort !"}]},{"@type":"WebSite","@id":"https:\/\/lasentinelle.dz\/#website","url":"https:\/\/lasentinelle.dz\/","name":"La Sentinelle","description":"Quotidien national d&#039;information","publisher":{"@id":"https:\/\/lasentinelle.dz\/#organization"},"potentialAction":[{"@type":"SearchAction","target":{"@type":"EntryPoint","urlTemplate":"https:\/\/lasentinelle.dz\/?s={search_term_string}"},"query-input":{"@type":"PropertyValueSpecification","valueRequired":true,"valueName":"search_term_string"}}],"inLanguage":"fr-FR"},{"@type":"Organization","@id":"https:\/\/lasentinelle.dz\/#organization","name":"Quotidien La Sentinelle","url":"https:\/\/lasentinelle.dz\/","logo":{"@type":"ImageObject","inLanguage":"fr-FR","@id":"https:\/\/lasentinelle.dz\/#\/schema\/logo\/image\/","url":"https:\/\/lasentinelle.dz\/wp-content\/uploads\/2021\/09\/logo-sentinelleSLOGAN-1.png","contentUrl":"https:\/\/lasentinelle.dz\/wp-content\/uploads\/2021\/09\/logo-sentinelleSLOGAN-1.png","width":615,"height":142,"caption":"Quotidien La Sentinelle"},"image":{"@id":"https:\/\/lasentinelle.dz\/#\/schema\/logo\/image\/"},"sameAs":["https:\/\/www.facebook.com\/La-Sentinelle-104059864394773"]},{"@type":"Person","@id":"https:\/\/lasentinelle.dz\/#\/schema\/person\/729ee0024f24e0b8c5ec17232f8e8b41","name":"admin","image":{"@type":"ImageObject","inLanguage":"fr-FR","@id":"https:\/\/secure.gravatar.com\/avatar\/4c81fed838786e9b53f540bf46533e750f5d292099ae3b66cfc6fb1982e29df7?s=96&d=mm&r=g","url":"https:\/\/secure.gravatar.com\/avatar\/4c81fed838786e9b53f540bf46533e750f5d292099ae3b66cfc6fb1982e29df7?s=96&d=mm&r=g","contentUrl":"https:\/\/secure.gravatar.com\/avatar\/4c81fed838786e9b53f540bf46533e750f5d292099ae3b66cfc6fb1982e29df7?s=96&d=mm&r=g","caption":"admin"},"description":"admin","url":"https:\/\/lasentinelle.dz\/author\/admin\/"}]}},"_links":{"self":[{"href":"https:\/\/lasentinelle.dz\/index.php\/wp-json\/wp\/v2\/posts\/77395","targetHints":{"allow":["GET"]}}],"collection":[{"href":"https:\/\/lasentinelle.dz\/index.php\/wp-json\/wp\/v2\/posts"}],"about":[{"href":"https:\/\/lasentinelle.dz\/index.php\/wp-json\/wp\/v2\/types\/post"}],"author":[{"embeddable":true,"href":"https:\/\/lasentinelle.dz\/index.php\/wp-json\/wp\/v2\/users\/6"}],"replies":[{"embeddable":true,"href":"https:\/\/lasentinelle.dz\/index.php\/wp-json\/wp\/v2\/comments?post=77395"}],"version-history":[{"count":2,"href":"https:\/\/lasentinelle.dz\/index.php\/wp-json\/wp\/v2\/posts\/77395\/revisions"}],"predecessor-version":[{"id":77398,"href":"https:\/\/lasentinelle.dz\/index.php\/wp-json\/wp\/v2\/posts\/77395\/revisions\/77398"}],"wp:featuredmedia":[{"embeddable":true,"href":"https:\/\/lasentinelle.dz\/index.php\/wp-json\/wp\/v2\/media\/77396"}],"wp:attachment":[{"href":"https:\/\/lasentinelle.dz\/index.php\/wp-json\/wp\/v2\/media?parent=77395"}],"wp:term":[{"taxonomy":"category","embeddable":true,"href":"https:\/\/lasentinelle.dz\/index.php\/wp-json\/wp\/v2\/categories?post=77395"},{"taxonomy":"post_tag","embeddable":true,"href":"https:\/\/lasentinelle.dz\/index.php\/wp-json\/wp\/v2\/tags?post=77395"}],"curies":[{"name":"wp","href":"https:\/\/api.w.org\/{rel}","templated":true}]}}