{"id":774,"date":"2021-07-11T13:50:24","date_gmt":"2021-07-11T12:50:24","guid":{"rendered":"https:\/\/lasentinelle.dz\/?p=774"},"modified":"2021-07-11T17:01:44","modified_gmt":"2021-07-11T16:01:44","slug":"les-coulisses-dune-decennie-algerienne-de-nasreddine-akkache","status":"publish","type":"post","link":"https:\/\/lasentinelle.dz\/index.php\/2021\/07\/11\/les-coulisses-dune-decennie-algerienne-de-nasreddine-akkache\/","title":{"rendered":"Les coulisses d\u2019une d\u00e9cennie alg\u00e9rienne de Nasreddine Akkache"},"content":{"rendered":"\n<p><strong>Retour sur la gouvernance d\u2019Ahmed Ouyahia<\/strong><\/p>\n\n\n\n<p>\u00abLes coulisses d\u2019une d\u00e9cennie alg\u00e9rienne\u00bb de Nasreddine Akkache, paru aux \u00e9ditions Non Lieu fait un portrait exhaustif de l&rsquo;ex-Premier Ministre et permet de comprendre le mode de gouvernance de la haute administration publique sous le r\u00e8gne d&rsquo;Ahmed Ouyahia. C\u2019est un v\u00e9ritable opus plein de r\u00e9v\u00e9lations sur les arcanes de la haute administration publique. Et pour cause, cet ouvrage est sign\u00e9 par un haut fonctionnaire de l\u2019Etat qui fut le directeur de cabinet de l\u2019ancien Premier Ministre, Ahmed Ouyahia. Il&nbsp; est pr\u00e9fac\u00e9 par l\u2019ancien ministre du Commerce, le d\u00e9funt Bakhti Belaib. Ce dernier a not\u00e9 : \u00abj\u2019ai particuli\u00e8rement appr\u00e9ci\u00e9, dans l\u2019analyse de cette p\u00e9riode, la force et la justesse des arguments, qui ont durablement permis \u00e0 l\u2019auteur de mettre en \u00e9vidence la duplicit\u00e9, la fausse sinc\u00e9rit\u00e9 ainsi que la pr\u00e9tention d\u00e9mesur\u00e9e, sans le nommer, d\u2019un responsable qui n\u2019a cess\u00e9 de croire \u00e0 son grand destin historique\u00bb. Et d\u2019ajouter : \u00abcet esprit brillant, doubl\u00e9 d\u2019un patriote sinc\u00e8re et convaincu, \u00e9tait estim\u00e9 et redout\u00e9, y compris par ses chefs. Ses prises de position d\u00e9rang\u00e8rent souvent les opportunistes de la 25<sup>e<\/sup> &nbsp;heure, ceux qui ne cessaient d\u2019\u00e9dulcorer les oukases du FMI pour mieux faire passer la pilule\u00bb.L\u2019auteur donnera un aper\u00e7u exhaustif sur le quotidien des hauts cadres sup\u00e9rieurs de l\u2019Etat qui \u00abdisparaissent en s\u2019enfermant \u00e0 double tour dans leurs bureaux et restent isol\u00e9s dans leur trou bouteille, en attendant les fum\u00e9es blanches comme lors de l\u2019\u00e9lection du Pape\u00bb.<\/p>\n\n\n\n<p>Evoquant l\u2019\u00e9tat d\u2019esprit des cadres sup\u00e9rieurs de l\u2019Etat, il pr\u00e9cisera : \u00abdans l\u2019intervalle, ils s\u2019abstiennent de tout commentaire ou de toute prise de position pouvant pr\u00eater \u00e0 \u00e9quivoque et leur valoir des d\u00e9sagr\u00e9ments, les petits rapporteurs \u00e9tant aux aguets d\u2019une attitude ou d\u2019une r\u00e9flexion n\u00e9gative\u00bb. Cette attitude est consid\u00e9r\u00e9e comme \u00e9tant \u00abla meilleure panac\u00e9e\u00bb pour la long\u00e9vit\u00e9 dans les rouages de la haute administration.<\/p>\n\n\n\n<p>Continuant sur sa lanc\u00e9e, il affirm\u00e9 que le programme du gouvernement sous l\u2019\u00e8re de l\u2019ancien Premier Ministre, Ahmed Ouyahia \u00ab fut l\u2019\u0153uvre solitaire d\u2019un homme plein de d\u00e9fiance \u00e0 l\u2019\u00e9gard de son entourage et jaloux de son vocabulaire qui se voulait dense mais exprim\u00e9 dans un style touffu, volontairement sinueux et plein d\u2019asp\u00e9rit\u00e9s. Toutes les circonvultions et les tournures qui ne laissent aucune chance \u00e0 la transparence et \u00e0 la clart\u00e9 refl\u00e8tent la complexit\u00e9 du personnage \u2026 \u00bb. Plus explicite, il a estim\u00e9 qu\u2019Ouyahia est loin d\u2019\u00eatre \u00abun tribun mais il avait le bagout et la logorrh\u00e9e du discoureur ainsi que l\u2019assurance du locuteur qui aime s\u2019\u00e9couter parler non pour faire passer un message utile mais pour tenter de produire une bonne impression sur l\u2019assistance\u00bb. Et pour ce faire, il jouait tour \u00e0 tour tous \u00ables personnages convenables et parfois enviables ; le prol\u00e9taire, le bon p\u00e8re de famille, le Ankaoui-disciple du grand maitre de la chanson ch\u00e2abi alg\u00e9roise- le belda, citadin pur et dur, le populiste et il lui arrive m\u00eame de prendre des airs boumedienniens alors que ses collaborateurs \u00e9taient r\u00e9duits au r\u00f4le de pense-b\u00eates\u00bb. L\u2019ancien chef de cabinet d\u2019Ahmed Ouyahia rel\u00e8ve que \u00abses discours monolithiques ne tenaient aucunement compte du niveau intellectuel de la composition sociologique, de la maturit\u00e9 politique d\u2019une assistance pas toujours apte \u00e0 saisir les nuances et les subtilit\u00e9s de sujets aussi sensibles touchant la politique et l\u2019\u00e9conomie\u00bb.<\/p>\n\n\n\n<p>Ces sorties lui ont permis de roder substantiellement son discours et de se construire un personnage qu\u2019il qualifiait avec un sourire au coin et en la jouant modeste, de saisonnier de la politique, insinuant qu\u2019il avait incontestablement la capacit\u00e9 de damer le pion aux plus chevronn\u00e9s des permanents de la politique, note-t-il.<\/p>\n\n\n\n<p>Evoquant la mesure relative \u00e0 la ponction sur les salaires, il a r\u00e9v\u00e9l\u00e9 que l\u2019ancien Premier Ministre annon\u00e7a \u00absa fameuse mesure de ponction sur les salaires sans entreprendre aucun tour de table. Nous l\u2019avons appris presque en m\u00eame temps que l\u2019opinion publique, si bien que nous \u00e9tions incapables d\u2019en expliquer la gen\u00e8se et de convaincre dans notre propre entourage. Avec le recul et connaissant parfaitement la roublardise du personnage, il est fort \u00e0 parier que cette histoire de ponction n\u2019\u00e9tait au d\u00e9part une id\u00e9e de lui, il l\u2019aurait saisie au vol bien avant son intronisation, ses talents incontestables d\u2019adaptateur ayant fait le reste\u00bb. Ce haut responsable \u00e0 la retraite a soulign\u00e9, par ailleurs, que \u00abla&nbsp; plupart de nos responsables, l\u2019orgueil \u00e0 fleurs de peau, sont toujours pi\u00e9g\u00e9s par des petits rapporteurs indignes qui attisent le feu des rapports conflictuels en inventant les d\u00e9tails les plus fantaisistes et les plus outrageants pour susciter leur col\u00e8re et leur r\u00e9action brutale\u00bb.<\/p>\n\n\n\n<p><strong>Fai\u00e7al Bedjaoui<\/strong><\/p>\n","protected":false},"excerpt":{"rendered":"<p>Retour sur la gouvernance d\u2019Ahmed Ouyahia \u00abLes coulisses d\u2019une d\u00e9cennie alg\u00e9rienne\u00bb de Nasreddine Akkache, paru aux \u00e9ditions Non Lieu fait<\/p>\n","protected":false},"author":3,"featured_media":776,"comment_status":"open","ping_status":"closed","sticky":false,"template":"","format":"standard","meta":{"colormag_page_container_layout":"default_layout","colormag_page_sidebar_layout":"default_layout","om_disable_all_campaigns":false,"_monsterinsights_skip_tracking":false,"_monsterinsights_sitenote_active":false,"_monsterinsights_sitenote_note":"","_monsterinsights_sitenote_category":0,"footnotes":"","_wpscppro_dont_share_socialmedia":false,"_wpscppro_custom_social_share_image":0,"_facebook_share_type":"","_twitter_share_type":"","_linkedin_share_type":"","_pinterest_share_type":"","_linkedin_share_type_page":"","_instagram_share_type":"","_medium_share_type":"","_threads_share_type":"","_google_business_share_type":"","_selected_social_profile":[],"_wpsp_enable_custom_social_template":false,"_wpsp_social_scheduling":{"enabled":false,"datetime":null,"platforms":[],"status":"template_only","dateOption":"today","timeOption":"now","customDays":"","customHours":"","customDate":"","customTime":"","schedulingType":"absolute"},"_wpsp_active_default_template":true},"categories":[52,28],"tags":[],"class_list":["post-774","post","type-post","status-publish","format-standard","has-post-thumbnail","hentry","category-a-la-une","category-politique"],"aioseo_notices":[],"yoast_head":"<!-- This site is optimized with the Yoast SEO plugin v27.5 - https:\/\/yoast.com\/product\/yoast-seo-wordpress\/ -->\n<title>Les coulisses d\u2019une d\u00e9cennie alg\u00e9rienne de Nasreddine Akkache - La Sentinelle<\/title>\n<meta name=\"robots\" content=\"index, follow, max-snippet:-1, max-image-preview:large, max-video-preview:-1\" \/>\n<link rel=\"canonical\" href=\"https:\/\/lasentinelle.dz\/index.php\/2021\/07\/11\/les-coulisses-dune-decennie-algerienne-de-nasreddine-akkache\/\" \/>\n<meta property=\"og:locale\" content=\"fr_FR\" \/>\n<meta property=\"og:type\" content=\"article\" \/>\n<meta property=\"og:title\" content=\"Les coulisses d\u2019une d\u00e9cennie alg\u00e9rienne de Nasreddine Akkache - La Sentinelle\" \/>\n<meta property=\"og:description\" content=\"Retour sur la gouvernance d\u2019Ahmed Ouyahia \u00abLes coulisses d\u2019une d\u00e9cennie alg\u00e9rienne\u00bb de Nasreddine Akkache, paru aux \u00e9ditions Non Lieu fait\" \/>\n<meta property=\"og:url\" content=\"https:\/\/lasentinelle.dz\/index.php\/2021\/07\/11\/les-coulisses-dune-decennie-algerienne-de-nasreddine-akkache\/\" \/>\n<meta property=\"og:site_name\" content=\"La Sentinelle\" \/>\n<meta property=\"article:publisher\" content=\"https:\/\/www.facebook.com\/La-Sentinelle-104059864394773\" \/>\n<meta property=\"article:published_time\" content=\"2021-07-11T12:50:24+00:00\" \/>\n<meta property=\"article:modified_time\" content=\"2021-07-11T16:01:44+00:00\" \/>\n<meta property=\"og:image\" content=\"https:\/\/lasentinelle.dz\/wp-content\/uploads\/2021\/07\/9782352701866_1_75.jpg\" \/>\n\t<meta property=\"og:image:width\" content=\"1000\" \/>\n\t<meta property=\"og:image:height\" content=\"1620\" \/>\n\t<meta property=\"og:image:type\" content=\"image\/jpeg\" \/>\n<meta name=\"author\" content=\"La Sentinelle\" \/>\n<meta name=\"twitter:card\" content=\"summary_large_image\" \/>\n<meta name=\"twitter:label1\" content=\"\u00c9crit par\" \/>\n\t<meta name=\"twitter:data1\" content=\"La Sentinelle\" \/>\n\t<meta name=\"twitter:label2\" content=\"Dur\u00e9e de lecture estim\u00e9e\" \/>\n\t<meta name=\"twitter:data2\" content=\"4 minutes\" \/>\n<script type=\"application\/ld+json\" class=\"yoast-schema-graph\">{\"@context\":\"https:\\\/\\\/schema.org\",\"@graph\":[{\"@type\":\"Article\",\"@id\":\"https:\\\/\\\/lasentinelle.dz\\\/index.php\\\/2021\\\/07\\\/11\\\/les-coulisses-dune-decennie-algerienne-de-nasreddine-akkache\\\/#article\",\"isPartOf\":{\"@id\":\"https:\\\/\\\/lasentinelle.dz\\\/index.php\\\/2021\\\/07\\\/11\\\/les-coulisses-dune-decennie-algerienne-de-nasreddine-akkache\\\/\"},\"author\":{\"name\":\"La Sentinelle\",\"@id\":\"https:\\\/\\\/lasentinelle.dz\\\/#\\\/schema\\\/person\\\/d865044e22e70a75174ce8bcad3acfb3\"},\"headline\":\"Les coulisses d\u2019une d\u00e9cennie alg\u00e9rienne de Nasreddine Akkache\",\"datePublished\":\"2021-07-11T12:50:24+00:00\",\"dateModified\":\"2021-07-11T16:01:44+00:00\",\"mainEntityOfPage\":{\"@id\":\"https:\\\/\\\/lasentinelle.dz\\\/index.php\\\/2021\\\/07\\\/11\\\/les-coulisses-dune-decennie-algerienne-de-nasreddine-akkache\\\/\"},\"wordCount\":860,\"commentCount\":0,\"publisher\":{\"@id\":\"https:\\\/\\\/lasentinelle.dz\\\/#organization\"},\"image\":{\"@id\":\"https:\\\/\\\/lasentinelle.dz\\\/index.php\\\/2021\\\/07\\\/11\\\/les-coulisses-dune-decennie-algerienne-de-nasreddine-akkache\\\/#primaryimage\"},\"thumbnailUrl\":\"https:\\\/\\\/lasentinelle.dz\\\/wp-content\\\/uploads\\\/2021\\\/07\\\/9782352701866_1_75.jpg\",\"articleSection\":[\"\u00c0 la Une\",\"Politique\"],\"inLanguage\":\"fr-FR\",\"potentialAction\":[{\"@type\":\"CommentAction\",\"name\":\"Comment\",\"target\":[\"https:\\\/\\\/lasentinelle.dz\\\/index.php\\\/2021\\\/07\\\/11\\\/les-coulisses-dune-decennie-algerienne-de-nasreddine-akkache\\\/#respond\"]}]},{\"@type\":\"WebPage\",\"@id\":\"https:\\\/\\\/lasentinelle.dz\\\/index.php\\\/2021\\\/07\\\/11\\\/les-coulisses-dune-decennie-algerienne-de-nasreddine-akkache\\\/\",\"url\":\"https:\\\/\\\/lasentinelle.dz\\\/index.php\\\/2021\\\/07\\\/11\\\/les-coulisses-dune-decennie-algerienne-de-nasreddine-akkache\\\/\",\"name\":\"Les coulisses d\u2019une d\u00e9cennie alg\u00e9rienne de Nasreddine Akkache - La Sentinelle\",\"isPartOf\":{\"@id\":\"https:\\\/\\\/lasentinelle.dz\\\/#website\"},\"primaryImageOfPage\":{\"@id\":\"https:\\\/\\\/lasentinelle.dz\\\/index.php\\\/2021\\\/07\\\/11\\\/les-coulisses-dune-decennie-algerienne-de-nasreddine-akkache\\\/#primaryimage\"},\"image\":{\"@id\":\"https:\\\/\\\/lasentinelle.dz\\\/index.php\\\/2021\\\/07\\\/11\\\/les-coulisses-dune-decennie-algerienne-de-nasreddine-akkache\\\/#primaryimage\"},\"thumbnailUrl\":\"https:\\\/\\\/lasentinelle.dz\\\/wp-content\\\/uploads\\\/2021\\\/07\\\/9782352701866_1_75.jpg\",\"datePublished\":\"2021-07-11T12:50:24+00:00\",\"dateModified\":\"2021-07-11T16:01:44+00:00\",\"breadcrumb\":{\"@id\":\"https:\\\/\\\/lasentinelle.dz\\\/index.php\\\/2021\\\/07\\\/11\\\/les-coulisses-dune-decennie-algerienne-de-nasreddine-akkache\\\/#breadcrumb\"},\"inLanguage\":\"fr-FR\",\"potentialAction\":[{\"@type\":\"ReadAction\",\"target\":[\"https:\\\/\\\/lasentinelle.dz\\\/index.php\\\/2021\\\/07\\\/11\\\/les-coulisses-dune-decennie-algerienne-de-nasreddine-akkache\\\/\"]}]},{\"@type\":\"ImageObject\",\"inLanguage\":\"fr-FR\",\"@id\":\"https:\\\/\\\/lasentinelle.dz\\\/index.php\\\/2021\\\/07\\\/11\\\/les-coulisses-dune-decennie-algerienne-de-nasreddine-akkache\\\/#primaryimage\",\"url\":\"https:\\\/\\\/lasentinelle.dz\\\/wp-content\\\/uploads\\\/2021\\\/07\\\/9782352701866_1_75.jpg\",\"contentUrl\":\"https:\\\/\\\/lasentinelle.dz\\\/wp-content\\\/uploads\\\/2021\\\/07\\\/9782352701866_1_75.jpg\",\"width\":1000,\"height\":1620},{\"@type\":\"BreadcrumbList\",\"@id\":\"https:\\\/\\\/lasentinelle.dz\\\/index.php\\\/2021\\\/07\\\/11\\\/les-coulisses-dune-decennie-algerienne-de-nasreddine-akkache\\\/#breadcrumb\",\"itemListElement\":[{\"@type\":\"ListItem\",\"position\":1,\"name\":\"Accueil\",\"item\":\"https:\\\/\\\/lasentinelle.dz\\\/\"},{\"@type\":\"ListItem\",\"position\":2,\"name\":\"Les coulisses d\u2019une d\u00e9cennie alg\u00e9rienne de Nasreddine Akkache\"}]},{\"@type\":\"WebSite\",\"@id\":\"https:\\\/\\\/lasentinelle.dz\\\/#website\",\"url\":\"https:\\\/\\\/lasentinelle.dz\\\/\",\"name\":\"La Sentinelle\",\"description\":\"Quotidien national d&#039;information\",\"publisher\":{\"@id\":\"https:\\\/\\\/lasentinelle.dz\\\/#organization\"},\"potentialAction\":[{\"@type\":\"SearchAction\",\"target\":{\"@type\":\"EntryPoint\",\"urlTemplate\":\"https:\\\/\\\/lasentinelle.dz\\\/?s={search_term_string}\"},\"query-input\":{\"@type\":\"PropertyValueSpecification\",\"valueRequired\":true,\"valueName\":\"search_term_string\"}}],\"inLanguage\":\"fr-FR\"},{\"@type\":\"Organization\",\"@id\":\"https:\\\/\\\/lasentinelle.dz\\\/#organization\",\"name\":\"Quotidien La Sentinelle\",\"url\":\"https:\\\/\\\/lasentinelle.dz\\\/\",\"logo\":{\"@type\":\"ImageObject\",\"inLanguage\":\"fr-FR\",\"@id\":\"https:\\\/\\\/lasentinelle.dz\\\/#\\\/schema\\\/logo\\\/image\\\/\",\"url\":\"https:\\\/\\\/lasentinelle.dz\\\/wp-content\\\/uploads\\\/2021\\\/09\\\/logo-sentinelleSLOGAN-1.png\",\"contentUrl\":\"https:\\\/\\\/lasentinelle.dz\\\/wp-content\\\/uploads\\\/2021\\\/09\\\/logo-sentinelleSLOGAN-1.png\",\"width\":615,\"height\":142,\"caption\":\"Quotidien La Sentinelle\"},\"image\":{\"@id\":\"https:\\\/\\\/lasentinelle.dz\\\/#\\\/schema\\\/logo\\\/image\\\/\"},\"sameAs\":[\"https:\\\/\\\/www.facebook.com\\\/La-Sentinelle-104059864394773\"]},{\"@type\":\"Person\",\"@id\":\"https:\\\/\\\/lasentinelle.dz\\\/#\\\/schema\\\/person\\\/d865044e22e70a75174ce8bcad3acfb3\",\"name\":\"La Sentinelle\",\"image\":{\"@type\":\"ImageObject\",\"inLanguage\":\"fr-FR\",\"@id\":\"https:\\\/\\\/secure.gravatar.com\\\/avatar\\\/57de8e5d4b15d43fb361a71fbb36338450fe67865b528a43dd10ef7c51a20392?s=96&d=mm&r=g\",\"url\":\"https:\\\/\\\/secure.gravatar.com\\\/avatar\\\/57de8e5d4b15d43fb361a71fbb36338450fe67865b528a43dd10ef7c51a20392?s=96&d=mm&r=g\",\"contentUrl\":\"https:\\\/\\\/secure.gravatar.com\\\/avatar\\\/57de8e5d4b15d43fb361a71fbb36338450fe67865b528a43dd10ef7c51a20392?s=96&d=mm&r=g\",\"caption\":\"La Sentinelle\"},\"sameAs\":[\"http:\\\/\\\/www.lasentinelle.dz\"],\"url\":\"https:\\\/\\\/lasentinelle.dz\\\/author\\\/redaction\\\/\"}]}<\/script>\n<!-- \/ Yoast SEO plugin. -->","yoast_head_json":{"title":"Les coulisses d\u2019une d\u00e9cennie alg\u00e9rienne de Nasreddine Akkache - La Sentinelle","robots":{"index":"index","follow":"follow","max-snippet":"max-snippet:-1","max-image-preview":"max-image-preview:large","max-video-preview":"max-video-preview:-1"},"canonical":"https:\/\/lasentinelle.dz\/index.php\/2021\/07\/11\/les-coulisses-dune-decennie-algerienne-de-nasreddine-akkache\/","og_locale":"fr_FR","og_type":"article","og_title":"Les coulisses d\u2019une d\u00e9cennie alg\u00e9rienne de Nasreddine Akkache - La Sentinelle","og_description":"Retour sur la gouvernance d\u2019Ahmed Ouyahia \u00abLes coulisses d\u2019une d\u00e9cennie alg\u00e9rienne\u00bb de Nasreddine Akkache, paru aux \u00e9ditions Non Lieu fait","og_url":"https:\/\/lasentinelle.dz\/index.php\/2021\/07\/11\/les-coulisses-dune-decennie-algerienne-de-nasreddine-akkache\/","og_site_name":"La Sentinelle","article_publisher":"https:\/\/www.facebook.com\/La-Sentinelle-104059864394773","article_published_time":"2021-07-11T12:50:24+00:00","article_modified_time":"2021-07-11T16:01:44+00:00","og_image":[{"width":1000,"height":1620,"url":"https:\/\/lasentinelle.dz\/wp-content\/uploads\/2021\/07\/9782352701866_1_75.jpg","type":"image\/jpeg"}],"author":"La Sentinelle","twitter_card":"summary_large_image","twitter_misc":{"\u00c9crit par":"La Sentinelle","Dur\u00e9e de lecture estim\u00e9e":"4 minutes"},"schema":{"@context":"https:\/\/schema.org","@graph":[{"@type":"Article","@id":"https:\/\/lasentinelle.dz\/index.php\/2021\/07\/11\/les-coulisses-dune-decennie-algerienne-de-nasreddine-akkache\/#article","isPartOf":{"@id":"https:\/\/lasentinelle.dz\/index.php\/2021\/07\/11\/les-coulisses-dune-decennie-algerienne-de-nasreddine-akkache\/"},"author":{"name":"La Sentinelle","@id":"https:\/\/lasentinelle.dz\/#\/schema\/person\/d865044e22e70a75174ce8bcad3acfb3"},"headline":"Les coulisses d\u2019une d\u00e9cennie alg\u00e9rienne de Nasreddine Akkache","datePublished":"2021-07-11T12:50:24+00:00","dateModified":"2021-07-11T16:01:44+00:00","mainEntityOfPage":{"@id":"https:\/\/lasentinelle.dz\/index.php\/2021\/07\/11\/les-coulisses-dune-decennie-algerienne-de-nasreddine-akkache\/"},"wordCount":860,"commentCount":0,"publisher":{"@id":"https:\/\/lasentinelle.dz\/#organization"},"image":{"@id":"https:\/\/lasentinelle.dz\/index.php\/2021\/07\/11\/les-coulisses-dune-decennie-algerienne-de-nasreddine-akkache\/#primaryimage"},"thumbnailUrl":"https:\/\/lasentinelle.dz\/wp-content\/uploads\/2021\/07\/9782352701866_1_75.jpg","articleSection":["\u00c0 la Une","Politique"],"inLanguage":"fr-FR","potentialAction":[{"@type":"CommentAction","name":"Comment","target":["https:\/\/lasentinelle.dz\/index.php\/2021\/07\/11\/les-coulisses-dune-decennie-algerienne-de-nasreddine-akkache\/#respond"]}]},{"@type":"WebPage","@id":"https:\/\/lasentinelle.dz\/index.php\/2021\/07\/11\/les-coulisses-dune-decennie-algerienne-de-nasreddine-akkache\/","url":"https:\/\/lasentinelle.dz\/index.php\/2021\/07\/11\/les-coulisses-dune-decennie-algerienne-de-nasreddine-akkache\/","name":"Les coulisses d\u2019une d\u00e9cennie alg\u00e9rienne de Nasreddine Akkache - La Sentinelle","isPartOf":{"@id":"https:\/\/lasentinelle.dz\/#website"},"primaryImageOfPage":{"@id":"https:\/\/lasentinelle.dz\/index.php\/2021\/07\/11\/les-coulisses-dune-decennie-algerienne-de-nasreddine-akkache\/#primaryimage"},"image":{"@id":"https:\/\/lasentinelle.dz\/index.php\/2021\/07\/11\/les-coulisses-dune-decennie-algerienne-de-nasreddine-akkache\/#primaryimage"},"thumbnailUrl":"https:\/\/lasentinelle.dz\/wp-content\/uploads\/2021\/07\/9782352701866_1_75.jpg","datePublished":"2021-07-11T12:50:24+00:00","dateModified":"2021-07-11T16:01:44+00:00","breadcrumb":{"@id":"https:\/\/lasentinelle.dz\/index.php\/2021\/07\/11\/les-coulisses-dune-decennie-algerienne-de-nasreddine-akkache\/#breadcrumb"},"inLanguage":"fr-FR","potentialAction":[{"@type":"ReadAction","target":["https:\/\/lasentinelle.dz\/index.php\/2021\/07\/11\/les-coulisses-dune-decennie-algerienne-de-nasreddine-akkache\/"]}]},{"@type":"ImageObject","inLanguage":"fr-FR","@id":"https:\/\/lasentinelle.dz\/index.php\/2021\/07\/11\/les-coulisses-dune-decennie-algerienne-de-nasreddine-akkache\/#primaryimage","url":"https:\/\/lasentinelle.dz\/wp-content\/uploads\/2021\/07\/9782352701866_1_75.jpg","contentUrl":"https:\/\/lasentinelle.dz\/wp-content\/uploads\/2021\/07\/9782352701866_1_75.jpg","width":1000,"height":1620},{"@type":"BreadcrumbList","@id":"https:\/\/lasentinelle.dz\/index.php\/2021\/07\/11\/les-coulisses-dune-decennie-algerienne-de-nasreddine-akkache\/#breadcrumb","itemListElement":[{"@type":"ListItem","position":1,"name":"Accueil","item":"https:\/\/lasentinelle.dz\/"},{"@type":"ListItem","position":2,"name":"Les coulisses d\u2019une d\u00e9cennie alg\u00e9rienne de Nasreddine Akkache"}]},{"@type":"WebSite","@id":"https:\/\/lasentinelle.dz\/#website","url":"https:\/\/lasentinelle.dz\/","name":"La Sentinelle","description":"Quotidien national d&#039;information","publisher":{"@id":"https:\/\/lasentinelle.dz\/#organization"},"potentialAction":[{"@type":"SearchAction","target":{"@type":"EntryPoint","urlTemplate":"https:\/\/lasentinelle.dz\/?s={search_term_string}"},"query-input":{"@type":"PropertyValueSpecification","valueRequired":true,"valueName":"search_term_string"}}],"inLanguage":"fr-FR"},{"@type":"Organization","@id":"https:\/\/lasentinelle.dz\/#organization","name":"Quotidien La Sentinelle","url":"https:\/\/lasentinelle.dz\/","logo":{"@type":"ImageObject","inLanguage":"fr-FR","@id":"https:\/\/lasentinelle.dz\/#\/schema\/logo\/image\/","url":"https:\/\/lasentinelle.dz\/wp-content\/uploads\/2021\/09\/logo-sentinelleSLOGAN-1.png","contentUrl":"https:\/\/lasentinelle.dz\/wp-content\/uploads\/2021\/09\/logo-sentinelleSLOGAN-1.png","width":615,"height":142,"caption":"Quotidien La Sentinelle"},"image":{"@id":"https:\/\/lasentinelle.dz\/#\/schema\/logo\/image\/"},"sameAs":["https:\/\/www.facebook.com\/La-Sentinelle-104059864394773"]},{"@type":"Person","@id":"https:\/\/lasentinelle.dz\/#\/schema\/person\/d865044e22e70a75174ce8bcad3acfb3","name":"La Sentinelle","image":{"@type":"ImageObject","inLanguage":"fr-FR","@id":"https:\/\/secure.gravatar.com\/avatar\/57de8e5d4b15d43fb361a71fbb36338450fe67865b528a43dd10ef7c51a20392?s=96&d=mm&r=g","url":"https:\/\/secure.gravatar.com\/avatar\/57de8e5d4b15d43fb361a71fbb36338450fe67865b528a43dd10ef7c51a20392?s=96&d=mm&r=g","contentUrl":"https:\/\/secure.gravatar.com\/avatar\/57de8e5d4b15d43fb361a71fbb36338450fe67865b528a43dd10ef7c51a20392?s=96&d=mm&r=g","caption":"La Sentinelle"},"sameAs":["http:\/\/www.lasentinelle.dz"],"url":"https:\/\/lasentinelle.dz\/author\/redaction\/"}]}},"_links":{"self":[{"href":"https:\/\/lasentinelle.dz\/index.php\/wp-json\/wp\/v2\/posts\/774","targetHints":{"allow":["GET"]}}],"collection":[{"href":"https:\/\/lasentinelle.dz\/index.php\/wp-json\/wp\/v2\/posts"}],"about":[{"href":"https:\/\/lasentinelle.dz\/index.php\/wp-json\/wp\/v2\/types\/post"}],"author":[{"embeddable":true,"href":"https:\/\/lasentinelle.dz\/index.php\/wp-json\/wp\/v2\/users\/3"}],"replies":[{"embeddable":true,"href":"https:\/\/lasentinelle.dz\/index.php\/wp-json\/wp\/v2\/comments?post=774"}],"version-history":[{"count":1,"href":"https:\/\/lasentinelle.dz\/index.php\/wp-json\/wp\/v2\/posts\/774\/revisions"}],"predecessor-version":[{"id":777,"href":"https:\/\/lasentinelle.dz\/index.php\/wp-json\/wp\/v2\/posts\/774\/revisions\/777"}],"wp:featuredmedia":[{"embeddable":true,"href":"https:\/\/lasentinelle.dz\/index.php\/wp-json\/wp\/v2\/media\/776"}],"wp:attachment":[{"href":"https:\/\/lasentinelle.dz\/index.php\/wp-json\/wp\/v2\/media?parent=774"}],"wp:term":[{"taxonomy":"category","embeddable":true,"href":"https:\/\/lasentinelle.dz\/index.php\/wp-json\/wp\/v2\/categories?post=774"},{"taxonomy":"post_tag","embeddable":true,"href":"https:\/\/lasentinelle.dz\/index.php\/wp-json\/wp\/v2\/tags?post=774"}],"curies":[{"name":"wp","href":"https:\/\/api.w.org\/{rel}","templated":true}]}}