{"id":77418,"date":"2025-12-08T13:14:45","date_gmt":"2025-12-08T12:14:45","guid":{"rendered":"https:\/\/lasentinelle.dz\/?p=77418"},"modified":"2025-12-08T13:14:46","modified_gmt":"2025-12-08T12:14:46","slug":"lalgerie-leader-dans-la-reduction-du-torchage-de-gaz","status":"publish","type":"post","link":"https:\/\/lasentinelle.dz\/index.php\/2025\/12\/08\/lalgerie-leader-dans-la-reduction-du-torchage-de-gaz\/","title":{"rendered":"L\u2019Alg\u00e9rie leader dans la r\u00e9duction du torchage de gaz"},"content":{"rendered":"\n<p>La Banque mondiale a plac\u00e9 l&rsquo;Alg\u00e9rie en t\u00eate des pays ayant r\u00e9alis\u00e9 les efforts les plus significatifs en mati\u00e8re de r\u00e9duction du torchage de gaz au niveau mondial, selon son dernier rapport de suivi de la situation \u00e9conomique publi\u00e9 en d\u00e9cembre 2025. Cette reconnaissance intervient dans un contexte o\u00f9 l&rsquo;institution de Bretton Woods appelle le pays \u00e0 poursuivre ses efforts de transition \u00e9nerg\u00e9tique et \u00e0 int\u00e9grer davantage les consid\u00e9rations climatiques dans sa strat\u00e9gie de d\u00e9veloppement \u00e9conomique \u00e0 long terme.<\/p>\n\n\n\n<p>Le rapport souligne que l&rsquo;Alg\u00e9rie a enregistr\u00e9 en 2024 la deuxi\u00e8me plus forte r\u00e9duction mondiale du torchage de gaz, avec une diminution de 5% du volume de gaz torch\u00e9 et une baisse de 3% de l&rsquo;intensit\u00e9 de torchage, soit la quantit\u00e9 de gaz br\u00fbl\u00e9e par unit\u00e9 de production. Ces r\u00e9sultats placent le pays en position de leader dans la lutte contre cette pratique particuli\u00e8rement dommageable pour l&rsquo;environnement. Alors que le torchage du gaz a augment\u00e9 \u00e0 l&rsquo;\u00e9chelle mondiale en 2023, l&rsquo;Alg\u00e9rie s&rsquo;est distingu\u00e9e par des progr\u00e8s notables qui refl\u00e8tent l&rsquo;engagement concret de Sonatrach dans la mise en \u0153uvre de projets ambitieux de r\u00e9cup\u00e9ration du gaz. Depuis 2020, la compagnie nationale des hydrocarbures a d\u00e9ploy\u00e9 plusieurs projets de r\u00e9cup\u00e9ration du gaz torch\u00e9 \u00e0 Hassi Messaoud, le plus grand champ p\u00e9trolier du pays, avant d&rsquo;\u00e9tendre ces initiatives en 2023 \u00e0 d&rsquo;autres gisements strat\u00e9giques, notamment \u00e0 Tiguentourine, Ohanet et Tin-Fouye-Tabankort. Ces projets, qui devraient entra\u00eener de nouvelles r\u00e9ductions substantielles des volumes de gaz torch\u00e9 dans les prochaines ann\u00e9es, t\u00e9moignent d&rsquo;une volont\u00e9 politique claire de transformer en ressource valorisable ce qui \u00e9tait auparavant consid\u00e9r\u00e9 comme un sous-produit g\u00eanant de l&rsquo;extraction p\u00e9troli\u00e8re.<\/p>\n\n\n\n<p><strong>Transformation du mod\u00e8le \u00e9conomique<\/strong><\/p>\n\n\n\n<p>Au-del\u00e0 de cette reconnaissance des efforts accomplis, la Banque mondiale formule dans son rapport plusieurs recommandations pour accompagner l&rsquo;Alg\u00e9rie dans sa transition vers une \u00e9conomie plus durable et moins d\u00e9pendante des hydrocarbures. L&rsquo;institution souligne que trois \u00e9volutions structurelles majeures mettent au d\u00e9fi le mod\u00e8le \u00e9conomique alg\u00e9rien fond\u00e9 sur les hydrocarbures et appellent \u00e0 une transformation en profondeur de la strat\u00e9gie de d\u00e9veloppement du pays. Premi\u00e8rement, \u00e0 mesure que l&rsquo;adoption de technologies propres et \u00e9conomes en \u00e9nergie s&rsquo;acc\u00e9l\u00e8re au niveau mondial, la demande internationale en hydrocarbures devrait ralentir, entra\u00eenant une baisse structurelle des prix. Deuxi\u00e8mement, l&rsquo;offre mondiale de p\u00e9trole continue d&rsquo;augmenter, ce qui contribue \u00e9galement \u00e0 la pression baissi\u00e8re sur les prix des hydrocarbures. Troisi\u00e8mement, les r\u00e9serves alg\u00e9riennes diminuent tandis que la demande domestique augmente, r\u00e9duisant les volumes disponibles \u00e0 l&rsquo;exportation. Si la r\u00e9forme des subventions \u00e9nerg\u00e9tiques et de nouvelles d\u00e9couvertes pourraient ralentir le rythme d&rsquo;\u00e9puisement des r\u00e9serves et accro\u00eetre les volumes exportables, le pays a d\u00e9j\u00e0 exploit\u00e9 plus de 60% de ses r\u00e9serves prouv\u00e9es, estime le rapport.<\/p>\n\n\n\n<p>Face \u00e0 ces d\u00e9fis structurels, la Banque mondiale recommande \u00e0 l&rsquo;Alg\u00e9rie de poursuivre la d\u00e9carbonation de ses industries existantes, notamment celles \u00e0 forte intensit\u00e9 carbone telles que les engrais, le fer, l&rsquo;acier et le ciment. Cette transition sera essentielle pour pr\u00e9server l&rsquo;acc\u00e8s des exportations alg\u00e9riennes au march\u00e9 europ\u00e9en dans le cadre du M\u00e9canisme d&rsquo;ajustement carbone aux fronti\u00e8res qui entrera en vigueur \u00e0 partir de 2026 et imposera des droits additionnels sur plusieurs produits \u00e0 forte intensit\u00e9 carbone import\u00e9s dans l&rsquo;Union europ\u00e9enne. Cette mesure devrait avoir un impact significatif sur les principales exportations alg\u00e9riennes hors hydrocarbures.<\/p>\n\n\n\n<p>L&rsquo;institution internationale appelle \u00e9galement \u00e0 la r\u00e9forme progressive des subventions \u00e9nerg\u00e9tiques qui favorisent les modes de production intensifs en \u00e9nergie. Aussi, selon la BM, l&rsquo;introduction d&rsquo;une fiscalit\u00e9 carbone en Alg\u00e9rie permettrait non seulement de r\u00e9duire les co\u00fbts li\u00e9s au m\u00e9canisme europ\u00e9en d&rsquo;ajustement carbone pour les exportations, mais aussi d&rsquo;am\u00e9liorer la mobilisation des recettes fiscales et d&rsquo;\u00e9largir l&rsquo;espace budg\u00e9taire du pays. Par ailleurs, le rapport souligne que l&rsquo;Alg\u00e9rie dispose d&rsquo;un potentiel consid\u00e9rable dans le domaine des \u00e9nergies solaire et \u00e9olienne, ainsi que dans le d\u00e9veloppement d&rsquo;exportations d&rsquo;hydrog\u00e8ne vert vers l&rsquo;Europe, des fili\u00e8res qui pourraient constituer des relais de croissance majeurs pour l&rsquo;\u00e9conomie nationale.<\/p>\n\n\n\n<p>La Banque mondiale insiste sur le fait que l&rsquo;adoption de strat\u00e9gies d&rsquo;att\u00e9nuation du changement climatique permettrait de r\u00e9pondre aux enjeux environnementaux tout en g\u00e9n\u00e9rant des b\u00e9n\u00e9fices concrets pour la population alg\u00e9rienne. Les \u00e9missions de dioxyde de carbone par habitant en Alg\u00e9rie ont atteint en moyenne 6,4 tonnes \u00e9quivalent CO2 entre 2013 et 2023, un niveau sup\u00e9rieur \u00e0 celui observ\u00e9 dans les autres pays d&rsquo;Afrique du Nord, mais nettement inf\u00e9rieur \u00e0 celui des principaux producteurs d&rsquo;hydrocarbures de la r\u00e9gion. L&rsquo;int\u00e9gration des consid\u00e9rations d&rsquo;att\u00e9nuation climatique dans la strat\u00e9gie de d\u00e9veloppement \u00e9conomique permettrait \u00e0 l&rsquo;Alg\u00e9rie, selon le rapport, de participer \u00e0 la r\u00e9duction mondiale des gaz \u00e0 effet de serre, tout en r\u00e9duisant la pollution atmosph\u00e9rique locale et en g\u00e9n\u00e9rant des gains de sant\u00e9 publique et de productivit\u00e9 pour la population.<\/p>\n\n\n\n<p>Samira Ghrib<\/p>\n","protected":false},"excerpt":{"rendered":"<p>La Banque mondiale a plac\u00e9 l&rsquo;Alg\u00e9rie en t\u00eate des pays ayant r\u00e9alis\u00e9 les efforts les plus significatifs en mati\u00e8re de<\/p>\n","protected":false},"author":6,"featured_media":77419,"comment_status":"open","ping_status":"closed","sticky":false,"template":"","format":"standard","meta":{"colormag_page_container_layout":"default_layout","colormag_page_sidebar_layout":"default_layout","om_disable_all_campaigns":false,"_monsterinsights_skip_tracking":false,"_monsterinsights_sitenote_active":false,"_monsterinsights_sitenote_note":"","_monsterinsights_sitenote_category":0,"footnotes":"","_wpscppro_dont_share_socialmedia":false,"_wpscppro_custom_social_share_image":0,"_facebook_share_type":"default","_twitter_share_type":"default","_linkedin_share_type":"default","_pinterest_share_type":"default","_linkedin_share_type_page":"","_instagram_share_type":"default","_medium_share_type":"default","_threads_share_type":"default","_google_business_share_type":"default","_selected_social_profile":[],"_wpsp_enable_custom_social_template":false,"_wpsp_social_scheduling":{"enabled":false,"datetime":null,"platforms":[],"status":"template_only","dateOption":"today","timeOption":"now","customDays":"","customHours":"","customDate":"","customTime":"","schedulingType":"absolute"},"_wpsp_active_default_template":true},"categories":[52,29],"tags":[],"class_list":["post-77418","post","type-post","status-publish","format-standard","has-post-thumbnail","hentry","category-a-la-une","category-economie"],"aioseo_notices":[],"yoast_head":"<!-- This site is optimized with the Yoast SEO plugin v27.4 - https:\/\/yoast.com\/product\/yoast-seo-wordpress\/ -->\n<title>L\u2019Alg\u00e9rie leader dans la r\u00e9duction du torchage de gaz - La Sentinelle<\/title>\n<meta name=\"robots\" content=\"index, follow, max-snippet:-1, max-image-preview:large, max-video-preview:-1\" \/>\n<link rel=\"canonical\" href=\"https:\/\/lasentinelle.dz\/index.php\/2025\/12\/08\/lalgerie-leader-dans-la-reduction-du-torchage-de-gaz\/\" \/>\n<meta property=\"og:locale\" content=\"fr_FR\" \/>\n<meta property=\"og:type\" content=\"article\" \/>\n<meta property=\"og:title\" content=\"L\u2019Alg\u00e9rie leader dans la r\u00e9duction du torchage de gaz - La Sentinelle\" \/>\n<meta property=\"og:description\" content=\"La Banque mondiale a plac\u00e9 l&rsquo;Alg\u00e9rie en t\u00eate des pays ayant r\u00e9alis\u00e9 les efforts les plus significatifs en mati\u00e8re de\" \/>\n<meta property=\"og:url\" content=\"https:\/\/lasentinelle.dz\/index.php\/2025\/12\/08\/lalgerie-leader-dans-la-reduction-du-torchage-de-gaz\/\" \/>\n<meta property=\"og:site_name\" content=\"La Sentinelle\" \/>\n<meta property=\"article:publisher\" content=\"https:\/\/www.facebook.com\/La-Sentinelle-104059864394773\" \/>\n<meta property=\"article:published_time\" content=\"2025-12-08T12:14:45+00:00\" \/>\n<meta property=\"article:modified_time\" content=\"2025-12-08T12:14:46+00:00\" \/>\n<meta property=\"og:image\" content=\"https:\/\/lasentinelle.dz\/wp-content\/uploads\/2025\/12\/gaz-sonatrach.jpg\" \/>\n\t<meta property=\"og:image:width\" content=\"600\" \/>\n\t<meta property=\"og:image:height\" content=\"368\" \/>\n\t<meta property=\"og:image:type\" content=\"image\/jpeg\" \/>\n<meta name=\"author\" content=\"admin\" \/>\n<meta name=\"twitter:card\" content=\"summary_large_image\" \/>\n<meta name=\"twitter:label1\" content=\"\u00c9crit par\" \/>\n\t<meta name=\"twitter:data1\" content=\"admin\" \/>\n\t<meta name=\"twitter:label2\" content=\"Dur\u00e9e de lecture estim\u00e9e\" \/>\n\t<meta name=\"twitter:data2\" content=\"5 minutes\" \/>\n<script type=\"application\/ld+json\" class=\"yoast-schema-graph\">{\"@context\":\"https:\\\/\\\/schema.org\",\"@graph\":[{\"@type\":\"Article\",\"@id\":\"https:\\\/\\\/lasentinelle.dz\\\/index.php\\\/2025\\\/12\\\/08\\\/lalgerie-leader-dans-la-reduction-du-torchage-de-gaz\\\/#article\",\"isPartOf\":{\"@id\":\"https:\\\/\\\/lasentinelle.dz\\\/index.php\\\/2025\\\/12\\\/08\\\/lalgerie-leader-dans-la-reduction-du-torchage-de-gaz\\\/\"},\"author\":{\"name\":\"admin\",\"@id\":\"https:\\\/\\\/lasentinelle.dz\\\/#\\\/schema\\\/person\\\/729ee0024f24e0b8c5ec17232f8e8b41\"},\"headline\":\"L\u2019Alg\u00e9rie leader dans la r\u00e9duction du torchage de gaz\",\"datePublished\":\"2025-12-08T12:14:45+00:00\",\"dateModified\":\"2025-12-08T12:14:46+00:00\",\"mainEntityOfPage\":{\"@id\":\"https:\\\/\\\/lasentinelle.dz\\\/index.php\\\/2025\\\/12\\\/08\\\/lalgerie-leader-dans-la-reduction-du-torchage-de-gaz\\\/\"},\"wordCount\":902,\"commentCount\":0,\"publisher\":{\"@id\":\"https:\\\/\\\/lasentinelle.dz\\\/#organization\"},\"image\":{\"@id\":\"https:\\\/\\\/lasentinelle.dz\\\/index.php\\\/2025\\\/12\\\/08\\\/lalgerie-leader-dans-la-reduction-du-torchage-de-gaz\\\/#primaryimage\"},\"thumbnailUrl\":\"https:\\\/\\\/lasentinelle.dz\\\/wp-content\\\/uploads\\\/2025\\\/12\\\/gaz-sonatrach.jpg\",\"articleSection\":[\"\u00c0 la Une\",\"\u00c9conomie\"],\"inLanguage\":\"fr-FR\",\"potentialAction\":[{\"@type\":\"CommentAction\",\"name\":\"Comment\",\"target\":[\"https:\\\/\\\/lasentinelle.dz\\\/index.php\\\/2025\\\/12\\\/08\\\/lalgerie-leader-dans-la-reduction-du-torchage-de-gaz\\\/#respond\"]}]},{\"@type\":\"WebPage\",\"@id\":\"https:\\\/\\\/lasentinelle.dz\\\/index.php\\\/2025\\\/12\\\/08\\\/lalgerie-leader-dans-la-reduction-du-torchage-de-gaz\\\/\",\"url\":\"https:\\\/\\\/lasentinelle.dz\\\/index.php\\\/2025\\\/12\\\/08\\\/lalgerie-leader-dans-la-reduction-du-torchage-de-gaz\\\/\",\"name\":\"L\u2019Alg\u00e9rie leader dans la r\u00e9duction du torchage de gaz - La Sentinelle\",\"isPartOf\":{\"@id\":\"https:\\\/\\\/lasentinelle.dz\\\/#website\"},\"primaryImageOfPage\":{\"@id\":\"https:\\\/\\\/lasentinelle.dz\\\/index.php\\\/2025\\\/12\\\/08\\\/lalgerie-leader-dans-la-reduction-du-torchage-de-gaz\\\/#primaryimage\"},\"image\":{\"@id\":\"https:\\\/\\\/lasentinelle.dz\\\/index.php\\\/2025\\\/12\\\/08\\\/lalgerie-leader-dans-la-reduction-du-torchage-de-gaz\\\/#primaryimage\"},\"thumbnailUrl\":\"https:\\\/\\\/lasentinelle.dz\\\/wp-content\\\/uploads\\\/2025\\\/12\\\/gaz-sonatrach.jpg\",\"datePublished\":\"2025-12-08T12:14:45+00:00\",\"dateModified\":\"2025-12-08T12:14:46+00:00\",\"breadcrumb\":{\"@id\":\"https:\\\/\\\/lasentinelle.dz\\\/index.php\\\/2025\\\/12\\\/08\\\/lalgerie-leader-dans-la-reduction-du-torchage-de-gaz\\\/#breadcrumb\"},\"inLanguage\":\"fr-FR\",\"potentialAction\":[{\"@type\":\"ReadAction\",\"target\":[\"https:\\\/\\\/lasentinelle.dz\\\/index.php\\\/2025\\\/12\\\/08\\\/lalgerie-leader-dans-la-reduction-du-torchage-de-gaz\\\/\"]}]},{\"@type\":\"ImageObject\",\"inLanguage\":\"fr-FR\",\"@id\":\"https:\\\/\\\/lasentinelle.dz\\\/index.php\\\/2025\\\/12\\\/08\\\/lalgerie-leader-dans-la-reduction-du-torchage-de-gaz\\\/#primaryimage\",\"url\":\"https:\\\/\\\/lasentinelle.dz\\\/wp-content\\\/uploads\\\/2025\\\/12\\\/gaz-sonatrach.jpg\",\"contentUrl\":\"https:\\\/\\\/lasentinelle.dz\\\/wp-content\\\/uploads\\\/2025\\\/12\\\/gaz-sonatrach.jpg\",\"width\":600,\"height\":368},{\"@type\":\"BreadcrumbList\",\"@id\":\"https:\\\/\\\/lasentinelle.dz\\\/index.php\\\/2025\\\/12\\\/08\\\/lalgerie-leader-dans-la-reduction-du-torchage-de-gaz\\\/#breadcrumb\",\"itemListElement\":[{\"@type\":\"ListItem\",\"position\":1,\"name\":\"Accueil\",\"item\":\"https:\\\/\\\/lasentinelle.dz\\\/\"},{\"@type\":\"ListItem\",\"position\":2,\"name\":\"L\u2019Alg\u00e9rie leader dans la r\u00e9duction du torchage de gaz\"}]},{\"@type\":\"WebSite\",\"@id\":\"https:\\\/\\\/lasentinelle.dz\\\/#website\",\"url\":\"https:\\\/\\\/lasentinelle.dz\\\/\",\"name\":\"La Sentinelle\",\"description\":\"Quotidien national d&#039;information\",\"publisher\":{\"@id\":\"https:\\\/\\\/lasentinelle.dz\\\/#organization\"},\"potentialAction\":[{\"@type\":\"SearchAction\",\"target\":{\"@type\":\"EntryPoint\",\"urlTemplate\":\"https:\\\/\\\/lasentinelle.dz\\\/?s={search_term_string}\"},\"query-input\":{\"@type\":\"PropertyValueSpecification\",\"valueRequired\":true,\"valueName\":\"search_term_string\"}}],\"inLanguage\":\"fr-FR\"},{\"@type\":\"Organization\",\"@id\":\"https:\\\/\\\/lasentinelle.dz\\\/#organization\",\"name\":\"Quotidien La Sentinelle\",\"url\":\"https:\\\/\\\/lasentinelle.dz\\\/\",\"logo\":{\"@type\":\"ImageObject\",\"inLanguage\":\"fr-FR\",\"@id\":\"https:\\\/\\\/lasentinelle.dz\\\/#\\\/schema\\\/logo\\\/image\\\/\",\"url\":\"https:\\\/\\\/lasentinelle.dz\\\/wp-content\\\/uploads\\\/2021\\\/09\\\/logo-sentinelleSLOGAN-1.png\",\"contentUrl\":\"https:\\\/\\\/lasentinelle.dz\\\/wp-content\\\/uploads\\\/2021\\\/09\\\/logo-sentinelleSLOGAN-1.png\",\"width\":615,\"height\":142,\"caption\":\"Quotidien La Sentinelle\"},\"image\":{\"@id\":\"https:\\\/\\\/lasentinelle.dz\\\/#\\\/schema\\\/logo\\\/image\\\/\"},\"sameAs\":[\"https:\\\/\\\/www.facebook.com\\\/La-Sentinelle-104059864394773\"]},{\"@type\":\"Person\",\"@id\":\"https:\\\/\\\/lasentinelle.dz\\\/#\\\/schema\\\/person\\\/729ee0024f24e0b8c5ec17232f8e8b41\",\"name\":\"admin\",\"image\":{\"@type\":\"ImageObject\",\"inLanguage\":\"fr-FR\",\"@id\":\"https:\\\/\\\/secure.gravatar.com\\\/avatar\\\/4c81fed838786e9b53f540bf46533e750f5d292099ae3b66cfc6fb1982e29df7?s=96&d=mm&r=g\",\"url\":\"https:\\\/\\\/secure.gravatar.com\\\/avatar\\\/4c81fed838786e9b53f540bf46533e750f5d292099ae3b66cfc6fb1982e29df7?s=96&d=mm&r=g\",\"contentUrl\":\"https:\\\/\\\/secure.gravatar.com\\\/avatar\\\/4c81fed838786e9b53f540bf46533e750f5d292099ae3b66cfc6fb1982e29df7?s=96&d=mm&r=g\",\"caption\":\"admin\"},\"description\":\"admin\",\"url\":\"https:\\\/\\\/lasentinelle.dz\\\/author\\\/admin\\\/\"}]}<\/script>\n<!-- \/ Yoast SEO plugin. -->","yoast_head_json":{"title":"L\u2019Alg\u00e9rie leader dans la r\u00e9duction du torchage de gaz - La Sentinelle","robots":{"index":"index","follow":"follow","max-snippet":"max-snippet:-1","max-image-preview":"max-image-preview:large","max-video-preview":"max-video-preview:-1"},"canonical":"https:\/\/lasentinelle.dz\/index.php\/2025\/12\/08\/lalgerie-leader-dans-la-reduction-du-torchage-de-gaz\/","og_locale":"fr_FR","og_type":"article","og_title":"L\u2019Alg\u00e9rie leader dans la r\u00e9duction du torchage de gaz - La Sentinelle","og_description":"La Banque mondiale a plac\u00e9 l&rsquo;Alg\u00e9rie en t\u00eate des pays ayant r\u00e9alis\u00e9 les efforts les plus significatifs en mati\u00e8re de","og_url":"https:\/\/lasentinelle.dz\/index.php\/2025\/12\/08\/lalgerie-leader-dans-la-reduction-du-torchage-de-gaz\/","og_site_name":"La Sentinelle","article_publisher":"https:\/\/www.facebook.com\/La-Sentinelle-104059864394773","article_published_time":"2025-12-08T12:14:45+00:00","article_modified_time":"2025-12-08T12:14:46+00:00","og_image":[{"width":600,"height":368,"url":"https:\/\/lasentinelle.dz\/wp-content\/uploads\/2025\/12\/gaz-sonatrach.jpg","type":"image\/jpeg"}],"author":"admin","twitter_card":"summary_large_image","twitter_misc":{"\u00c9crit par":"admin","Dur\u00e9e de lecture estim\u00e9e":"5 minutes"},"schema":{"@context":"https:\/\/schema.org","@graph":[{"@type":"Article","@id":"https:\/\/lasentinelle.dz\/index.php\/2025\/12\/08\/lalgerie-leader-dans-la-reduction-du-torchage-de-gaz\/#article","isPartOf":{"@id":"https:\/\/lasentinelle.dz\/index.php\/2025\/12\/08\/lalgerie-leader-dans-la-reduction-du-torchage-de-gaz\/"},"author":{"name":"admin","@id":"https:\/\/lasentinelle.dz\/#\/schema\/person\/729ee0024f24e0b8c5ec17232f8e8b41"},"headline":"L\u2019Alg\u00e9rie leader dans la r\u00e9duction du torchage de gaz","datePublished":"2025-12-08T12:14:45+00:00","dateModified":"2025-12-08T12:14:46+00:00","mainEntityOfPage":{"@id":"https:\/\/lasentinelle.dz\/index.php\/2025\/12\/08\/lalgerie-leader-dans-la-reduction-du-torchage-de-gaz\/"},"wordCount":902,"commentCount":0,"publisher":{"@id":"https:\/\/lasentinelle.dz\/#organization"},"image":{"@id":"https:\/\/lasentinelle.dz\/index.php\/2025\/12\/08\/lalgerie-leader-dans-la-reduction-du-torchage-de-gaz\/#primaryimage"},"thumbnailUrl":"https:\/\/lasentinelle.dz\/wp-content\/uploads\/2025\/12\/gaz-sonatrach.jpg","articleSection":["\u00c0 la Une","\u00c9conomie"],"inLanguage":"fr-FR","potentialAction":[{"@type":"CommentAction","name":"Comment","target":["https:\/\/lasentinelle.dz\/index.php\/2025\/12\/08\/lalgerie-leader-dans-la-reduction-du-torchage-de-gaz\/#respond"]}]},{"@type":"WebPage","@id":"https:\/\/lasentinelle.dz\/index.php\/2025\/12\/08\/lalgerie-leader-dans-la-reduction-du-torchage-de-gaz\/","url":"https:\/\/lasentinelle.dz\/index.php\/2025\/12\/08\/lalgerie-leader-dans-la-reduction-du-torchage-de-gaz\/","name":"L\u2019Alg\u00e9rie leader dans la r\u00e9duction du torchage de gaz - La Sentinelle","isPartOf":{"@id":"https:\/\/lasentinelle.dz\/#website"},"primaryImageOfPage":{"@id":"https:\/\/lasentinelle.dz\/index.php\/2025\/12\/08\/lalgerie-leader-dans-la-reduction-du-torchage-de-gaz\/#primaryimage"},"image":{"@id":"https:\/\/lasentinelle.dz\/index.php\/2025\/12\/08\/lalgerie-leader-dans-la-reduction-du-torchage-de-gaz\/#primaryimage"},"thumbnailUrl":"https:\/\/lasentinelle.dz\/wp-content\/uploads\/2025\/12\/gaz-sonatrach.jpg","datePublished":"2025-12-08T12:14:45+00:00","dateModified":"2025-12-08T12:14:46+00:00","breadcrumb":{"@id":"https:\/\/lasentinelle.dz\/index.php\/2025\/12\/08\/lalgerie-leader-dans-la-reduction-du-torchage-de-gaz\/#breadcrumb"},"inLanguage":"fr-FR","potentialAction":[{"@type":"ReadAction","target":["https:\/\/lasentinelle.dz\/index.php\/2025\/12\/08\/lalgerie-leader-dans-la-reduction-du-torchage-de-gaz\/"]}]},{"@type":"ImageObject","inLanguage":"fr-FR","@id":"https:\/\/lasentinelle.dz\/index.php\/2025\/12\/08\/lalgerie-leader-dans-la-reduction-du-torchage-de-gaz\/#primaryimage","url":"https:\/\/lasentinelle.dz\/wp-content\/uploads\/2025\/12\/gaz-sonatrach.jpg","contentUrl":"https:\/\/lasentinelle.dz\/wp-content\/uploads\/2025\/12\/gaz-sonatrach.jpg","width":600,"height":368},{"@type":"BreadcrumbList","@id":"https:\/\/lasentinelle.dz\/index.php\/2025\/12\/08\/lalgerie-leader-dans-la-reduction-du-torchage-de-gaz\/#breadcrumb","itemListElement":[{"@type":"ListItem","position":1,"name":"Accueil","item":"https:\/\/lasentinelle.dz\/"},{"@type":"ListItem","position":2,"name":"L\u2019Alg\u00e9rie leader dans la r\u00e9duction du torchage de gaz"}]},{"@type":"WebSite","@id":"https:\/\/lasentinelle.dz\/#website","url":"https:\/\/lasentinelle.dz\/","name":"La Sentinelle","description":"Quotidien national d&#039;information","publisher":{"@id":"https:\/\/lasentinelle.dz\/#organization"},"potentialAction":[{"@type":"SearchAction","target":{"@type":"EntryPoint","urlTemplate":"https:\/\/lasentinelle.dz\/?s={search_term_string}"},"query-input":{"@type":"PropertyValueSpecification","valueRequired":true,"valueName":"search_term_string"}}],"inLanguage":"fr-FR"},{"@type":"Organization","@id":"https:\/\/lasentinelle.dz\/#organization","name":"Quotidien La Sentinelle","url":"https:\/\/lasentinelle.dz\/","logo":{"@type":"ImageObject","inLanguage":"fr-FR","@id":"https:\/\/lasentinelle.dz\/#\/schema\/logo\/image\/","url":"https:\/\/lasentinelle.dz\/wp-content\/uploads\/2021\/09\/logo-sentinelleSLOGAN-1.png","contentUrl":"https:\/\/lasentinelle.dz\/wp-content\/uploads\/2021\/09\/logo-sentinelleSLOGAN-1.png","width":615,"height":142,"caption":"Quotidien La Sentinelle"},"image":{"@id":"https:\/\/lasentinelle.dz\/#\/schema\/logo\/image\/"},"sameAs":["https:\/\/www.facebook.com\/La-Sentinelle-104059864394773"]},{"@type":"Person","@id":"https:\/\/lasentinelle.dz\/#\/schema\/person\/729ee0024f24e0b8c5ec17232f8e8b41","name":"admin","image":{"@type":"ImageObject","inLanguage":"fr-FR","@id":"https:\/\/secure.gravatar.com\/avatar\/4c81fed838786e9b53f540bf46533e750f5d292099ae3b66cfc6fb1982e29df7?s=96&d=mm&r=g","url":"https:\/\/secure.gravatar.com\/avatar\/4c81fed838786e9b53f540bf46533e750f5d292099ae3b66cfc6fb1982e29df7?s=96&d=mm&r=g","contentUrl":"https:\/\/secure.gravatar.com\/avatar\/4c81fed838786e9b53f540bf46533e750f5d292099ae3b66cfc6fb1982e29df7?s=96&d=mm&r=g","caption":"admin"},"description":"admin","url":"https:\/\/lasentinelle.dz\/author\/admin\/"}]}},"_links":{"self":[{"href":"https:\/\/lasentinelle.dz\/index.php\/wp-json\/wp\/v2\/posts\/77418","targetHints":{"allow":["GET"]}}],"collection":[{"href":"https:\/\/lasentinelle.dz\/index.php\/wp-json\/wp\/v2\/posts"}],"about":[{"href":"https:\/\/lasentinelle.dz\/index.php\/wp-json\/wp\/v2\/types\/post"}],"author":[{"embeddable":true,"href":"https:\/\/lasentinelle.dz\/index.php\/wp-json\/wp\/v2\/users\/6"}],"replies":[{"embeddable":true,"href":"https:\/\/lasentinelle.dz\/index.php\/wp-json\/wp\/v2\/comments?post=77418"}],"version-history":[{"count":1,"href":"https:\/\/lasentinelle.dz\/index.php\/wp-json\/wp\/v2\/posts\/77418\/revisions"}],"predecessor-version":[{"id":77420,"href":"https:\/\/lasentinelle.dz\/index.php\/wp-json\/wp\/v2\/posts\/77418\/revisions\/77420"}],"wp:featuredmedia":[{"embeddable":true,"href":"https:\/\/lasentinelle.dz\/index.php\/wp-json\/wp\/v2\/media\/77419"}],"wp:attachment":[{"href":"https:\/\/lasentinelle.dz\/index.php\/wp-json\/wp\/v2\/media?parent=77418"}],"wp:term":[{"taxonomy":"category","embeddable":true,"href":"https:\/\/lasentinelle.dz\/index.php\/wp-json\/wp\/v2\/categories?post=77418"},{"taxonomy":"post_tag","embeddable":true,"href":"https:\/\/lasentinelle.dz\/index.php\/wp-json\/wp\/v2\/tags?post=77418"}],"curies":[{"name":"wp","href":"https:\/\/api.w.org\/{rel}","templated":true}]}}