{"id":77443,"date":"2025-12-09T12:44:00","date_gmt":"2025-12-09T11:44:00","guid":{"rendered":"https:\/\/lasentinelle.dz\/?p=77443"},"modified":"2025-12-09T12:44:01","modified_gmt":"2025-12-09T11:44:01","slug":"accidents-de-la-route-les-bus-et-les-camions-pointes-du-doigt","status":"publish","type":"post","link":"https:\/\/lasentinelle.dz\/index.php\/2025\/12\/09\/accidents-de-la-route-les-bus-et-les-camions-pointes-du-doigt\/","title":{"rendered":"Accidents de la Route\u00a0: Les bus et les camions point\u00e9s du doigt"},"content":{"rendered":"\n<p>La D\u00e9l\u00e9gation nationale \u00e0 la s\u00e9curit\u00e9 routi\u00e8re tire la sonnette d&rsquo;alarme face \u00e0 la recrudescence inqui\u00e9tante des accidents de la circulation en Alg\u00e9rie. Fatima Khellaf, charg\u00e9e de la communication au sein de cet organisme, a dress\u00e9 un bilan particuli\u00e8rement lourd lors de son intervention ce lundi sur la Cha\u00eene 1 de la Radio alg\u00e9rienne, pointant du doigt l&rsquo;implication croissante des v\u00e9hicules lourds dans cette h\u00e9catombe routi\u00e8re. Entre janvier et octobre de l&rsquo;ann\u00e9e en cours, l&rsquo;Alg\u00e9rie a enregistr\u00e9 3 223 accidents de la route, provoquant la mort de 3 256 personnes et faisant 31 998 bless\u00e9s. Ces chiffres traduisent une tendance \u00e0 la hausse par rapport \u00e0 la m\u00eame p\u00e9riode de 2024. \u00ab\u00a0En comparant ce bilan avec la p\u00e9riode similaire de l&rsquo;ann\u00e9e 2024, on constate une augmentation de tous les indicateurs : hausse des accidents de 3,15%, augmentation du nombre de bless\u00e9s de 4,42% et progression du nombre de tu\u00e9s de 1,31%\u00a0\u00bb, a pr\u00e9cis\u00e9 Fatima Khellaf, soulignant la gravit\u00e9 de la situation.<\/p>\n\n\n\n<p>L&rsquo;intervenante a particuli\u00e8rement insist\u00e9 sur le r\u00f4le des poids lourds dans cette d\u00e9t\u00e9rioration. Les bus de transport de voyageurs voient leur implication grimper de 2,63%, repr\u00e9sentant 787 accidents. Mais ce sont surtout les camions, qu&rsquo;ils soient tract\u00e9s ou semi-remorques, qui inqui\u00e8tent les autorit\u00e9s. \u00ab\u00a0L&rsquo;indicateur de leur implication dans les accidents a connu une hausse de 7%, et souvent ces accidents sont en cha\u00eene, ce qui augmente consid\u00e9rablement le nombre de morts et de bless\u00e9s\u00a0\u00bb, a-t-elle expliqu\u00e9, mettant en lumi\u00e8re la dangerosit\u00e9 particuli\u00e8re de ces v\u00e9hicules sur les routes alg\u00e9riennes. Cette flamb\u00e9e des accidents s&rsquo;inscrit dans un contexte plus large. Les experts en s\u00e9curit\u00e9 routi\u00e8re \u00e9tablissent un lien direct avec plusieurs facteurs structurels, notamment la croissance d\u00e9mographique, l&rsquo;expansion rapide du parc national de v\u00e9hicules et l&rsquo;extension du r\u00e9seau routier national, qui constitue le deuxi\u00e8me d&rsquo;Afrique. Pour Fatima Khellaf, les mesures r\u00e9pressives et l\u00e9gales, bien qu&rsquo;importantes, \u00ab\u00a0restent une partie de la bataille et non la solution compl\u00e8te\u00a0\u00bb, car elles sont fondamentalement li\u00e9es \u00e0 la mentalit\u00e9 et aux comportements des usagers de la route.<\/p>\n\n\n\n<p>La responsable a plaid\u00e9 pour une approche plus globale, pla\u00e7ant le conducteur, le propri\u00e9taire du v\u00e9hicule et l&rsquo;ensemble des usagers au c\u0153ur de la strat\u00e9gie de pr\u00e9vention. \u00ab\u00a0Ils doivent \u00eatre des acteurs principaux dans l&rsquo;\u00e9quation de la s\u00e9curit\u00e9 routi\u00e8re, et non de simples victimes des accidents\u00a0\u00bb, a-t-elle insist\u00e9, tout en saluant l&rsquo;impact positif de la culture du signalement dans la limitation des comportements dangereux de certains conducteurs.<\/p>\n\n\n\n<p>Fatima Khellaf a conclu en r\u00e9affirmant que le respect du code de la route constitue avant tout \u00ab\u00a0une culture, une \u00e9ducation et un processus de long terme\u00a0\u00bb, reposant sur l&rsquo;\u00e9ducation routi\u00e8re d\u00e8s le plus jeune \u00e2ge, la formation continue des conducteurs et leur recyclage r\u00e9gulier. Seule cette approche p\u00e9dagogique globale permettra, selon elle, d&rsquo;ancrer durablement la culture de la s\u00e9curit\u00e9 routi\u00e8re dans toutes les couches de la soci\u00e9t\u00e9 et de r\u00e9duire les pertes humaines et mat\u00e9rielles caus\u00e9es par les accidents de la route.<\/p>\n\n\n\n<p>Malik Meziane<\/p>\n","protected":false},"excerpt":{"rendered":"<p>La D\u00e9l\u00e9gation nationale \u00e0 la s\u00e9curit\u00e9 routi\u00e8re tire la sonnette d&rsquo;alarme face \u00e0 la recrudescence inqui\u00e9tante des accidents de la<\/p>\n","protected":false},"author":6,"featured_media":77360,"comment_status":"open","ping_status":"closed","sticky":false,"template":"","format":"standard","meta":{"colormag_page_container_layout":"default_layout","colormag_page_sidebar_layout":"default_layout","om_disable_all_campaigns":false,"_monsterinsights_skip_tracking":false,"_monsterinsights_sitenote_active":false,"_monsterinsights_sitenote_note":"","_monsterinsights_sitenote_category":0,"footnotes":"","_wpscppro_dont_share_socialmedia":false,"_wpscppro_custom_social_share_image":0,"_facebook_share_type":"default","_twitter_share_type":"default","_linkedin_share_type":"default","_pinterest_share_type":"default","_linkedin_share_type_page":"","_instagram_share_type":"default","_medium_share_type":"default","_threads_share_type":"default","_google_business_share_type":"default","_selected_social_profile":[],"_wpsp_enable_custom_social_template":false,"_wpsp_social_scheduling":{"enabled":false,"datetime":null,"platforms":[],"status":"template_only","dateOption":"today","timeOption":"now","customDays":"","customHours":"","customDate":"","customTime":"","schedulingType":"absolute"},"_wpsp_active_default_template":true},"categories":[52,27],"tags":[],"class_list":["post-77443","post","type-post","status-publish","format-standard","has-post-thumbnail","hentry","category-a-la-une","category-actualite"],"aioseo_notices":[],"yoast_head":"<!-- This site is optimized with the Yoast SEO plugin v27.5 - https:\/\/yoast.com\/product\/yoast-seo-wordpress\/ -->\n<title>Accidents de la Route\u00a0: Les bus et les camions point\u00e9s du doigt - La Sentinelle<\/title>\n<meta name=\"robots\" content=\"index, follow, max-snippet:-1, max-image-preview:large, max-video-preview:-1\" \/>\n<link rel=\"canonical\" href=\"https:\/\/lasentinelle.dz\/index.php\/2025\/12\/09\/accidents-de-la-route-les-bus-et-les-camions-pointes-du-doigt\/\" \/>\n<meta property=\"og:locale\" content=\"fr_FR\" \/>\n<meta property=\"og:type\" content=\"article\" \/>\n<meta property=\"og:title\" content=\"Accidents de la Route\u00a0: Les bus et les camions point\u00e9s du doigt - La Sentinelle\" \/>\n<meta property=\"og:description\" content=\"La D\u00e9l\u00e9gation nationale \u00e0 la s\u00e9curit\u00e9 routi\u00e8re tire la sonnette d&rsquo;alarme face \u00e0 la recrudescence inqui\u00e9tante des accidents de la\" \/>\n<meta property=\"og:url\" content=\"https:\/\/lasentinelle.dz\/index.php\/2025\/12\/09\/accidents-de-la-route-les-bus-et-les-camions-pointes-du-doigt\/\" \/>\n<meta property=\"og:site_name\" content=\"La Sentinelle\" \/>\n<meta property=\"article:publisher\" content=\"https:\/\/www.facebook.com\/La-Sentinelle-104059864394773\" \/>\n<meta property=\"article:published_time\" content=\"2025-12-09T11:44:00+00:00\" \/>\n<meta property=\"article:modified_time\" content=\"2025-12-09T11:44:01+00:00\" \/>\n<meta property=\"og:image\" content=\"https:\/\/lasentinelle.dz\/wp-content\/uploads\/2025\/12\/accident.jpeg\" \/>\n\t<meta property=\"og:image:width\" content=\"850\" \/>\n\t<meta property=\"og:image:height\" content=\"480\" \/>\n\t<meta property=\"og:image:type\" content=\"image\/jpeg\" \/>\n<meta name=\"author\" content=\"admin\" \/>\n<meta name=\"twitter:card\" content=\"summary_large_image\" \/>\n<meta name=\"twitter:label1\" content=\"\u00c9crit par\" \/>\n\t<meta name=\"twitter:data1\" content=\"admin\" \/>\n\t<meta name=\"twitter:label2\" content=\"Dur\u00e9e de lecture estim\u00e9e\" \/>\n\t<meta name=\"twitter:data2\" content=\"3 minutes\" \/>\n<script type=\"application\/ld+json\" class=\"yoast-schema-graph\">{\"@context\":\"https:\\\/\\\/schema.org\",\"@graph\":[{\"@type\":\"Article\",\"@id\":\"https:\\\/\\\/lasentinelle.dz\\\/index.php\\\/2025\\\/12\\\/09\\\/accidents-de-la-route-les-bus-et-les-camions-pointes-du-doigt\\\/#article\",\"isPartOf\":{\"@id\":\"https:\\\/\\\/lasentinelle.dz\\\/index.php\\\/2025\\\/12\\\/09\\\/accidents-de-la-route-les-bus-et-les-camions-pointes-du-doigt\\\/\"},\"author\":{\"name\":\"admin\",\"@id\":\"https:\\\/\\\/lasentinelle.dz\\\/#\\\/schema\\\/person\\\/729ee0024f24e0b8c5ec17232f8e8b41\"},\"headline\":\"Accidents de la Route\u00a0: Les bus et les camions point\u00e9s du doigt\",\"datePublished\":\"2025-12-09T11:44:00+00:00\",\"dateModified\":\"2025-12-09T11:44:01+00:00\",\"mainEntityOfPage\":{\"@id\":\"https:\\\/\\\/lasentinelle.dz\\\/index.php\\\/2025\\\/12\\\/09\\\/accidents-de-la-route-les-bus-et-les-camions-pointes-du-doigt\\\/\"},\"wordCount\":562,\"commentCount\":0,\"publisher\":{\"@id\":\"https:\\\/\\\/lasentinelle.dz\\\/#organization\"},\"image\":{\"@id\":\"https:\\\/\\\/lasentinelle.dz\\\/index.php\\\/2025\\\/12\\\/09\\\/accidents-de-la-route-les-bus-et-les-camions-pointes-du-doigt\\\/#primaryimage\"},\"thumbnailUrl\":\"https:\\\/\\\/lasentinelle.dz\\\/wp-content\\\/uploads\\\/2025\\\/12\\\/accident.jpeg\",\"articleSection\":[\"\u00c0 la Une\",\"Actualit\u00e9\"],\"inLanguage\":\"fr-FR\",\"potentialAction\":[{\"@type\":\"CommentAction\",\"name\":\"Comment\",\"target\":[\"https:\\\/\\\/lasentinelle.dz\\\/index.php\\\/2025\\\/12\\\/09\\\/accidents-de-la-route-les-bus-et-les-camions-pointes-du-doigt\\\/#respond\"]}]},{\"@type\":\"WebPage\",\"@id\":\"https:\\\/\\\/lasentinelle.dz\\\/index.php\\\/2025\\\/12\\\/09\\\/accidents-de-la-route-les-bus-et-les-camions-pointes-du-doigt\\\/\",\"url\":\"https:\\\/\\\/lasentinelle.dz\\\/index.php\\\/2025\\\/12\\\/09\\\/accidents-de-la-route-les-bus-et-les-camions-pointes-du-doigt\\\/\",\"name\":\"Accidents de la Route\u00a0: Les bus et les camions point\u00e9s du doigt - La Sentinelle\",\"isPartOf\":{\"@id\":\"https:\\\/\\\/lasentinelle.dz\\\/#website\"},\"primaryImageOfPage\":{\"@id\":\"https:\\\/\\\/lasentinelle.dz\\\/index.php\\\/2025\\\/12\\\/09\\\/accidents-de-la-route-les-bus-et-les-camions-pointes-du-doigt\\\/#primaryimage\"},\"image\":{\"@id\":\"https:\\\/\\\/lasentinelle.dz\\\/index.php\\\/2025\\\/12\\\/09\\\/accidents-de-la-route-les-bus-et-les-camions-pointes-du-doigt\\\/#primaryimage\"},\"thumbnailUrl\":\"https:\\\/\\\/lasentinelle.dz\\\/wp-content\\\/uploads\\\/2025\\\/12\\\/accident.jpeg\",\"datePublished\":\"2025-12-09T11:44:00+00:00\",\"dateModified\":\"2025-12-09T11:44:01+00:00\",\"breadcrumb\":{\"@id\":\"https:\\\/\\\/lasentinelle.dz\\\/index.php\\\/2025\\\/12\\\/09\\\/accidents-de-la-route-les-bus-et-les-camions-pointes-du-doigt\\\/#breadcrumb\"},\"inLanguage\":\"fr-FR\",\"potentialAction\":[{\"@type\":\"ReadAction\",\"target\":[\"https:\\\/\\\/lasentinelle.dz\\\/index.php\\\/2025\\\/12\\\/09\\\/accidents-de-la-route-les-bus-et-les-camions-pointes-du-doigt\\\/\"]}]},{\"@type\":\"ImageObject\",\"inLanguage\":\"fr-FR\",\"@id\":\"https:\\\/\\\/lasentinelle.dz\\\/index.php\\\/2025\\\/12\\\/09\\\/accidents-de-la-route-les-bus-et-les-camions-pointes-du-doigt\\\/#primaryimage\",\"url\":\"https:\\\/\\\/lasentinelle.dz\\\/wp-content\\\/uploads\\\/2025\\\/12\\\/accident.jpeg\",\"contentUrl\":\"https:\\\/\\\/lasentinelle.dz\\\/wp-content\\\/uploads\\\/2025\\\/12\\\/accident.jpeg\",\"width\":850,\"height\":480},{\"@type\":\"BreadcrumbList\",\"@id\":\"https:\\\/\\\/lasentinelle.dz\\\/index.php\\\/2025\\\/12\\\/09\\\/accidents-de-la-route-les-bus-et-les-camions-pointes-du-doigt\\\/#breadcrumb\",\"itemListElement\":[{\"@type\":\"ListItem\",\"position\":1,\"name\":\"Accueil\",\"item\":\"https:\\\/\\\/lasentinelle.dz\\\/\"},{\"@type\":\"ListItem\",\"position\":2,\"name\":\"Accidents de la Route\u00a0: Les bus et les camions point\u00e9s du doigt\"}]},{\"@type\":\"WebSite\",\"@id\":\"https:\\\/\\\/lasentinelle.dz\\\/#website\",\"url\":\"https:\\\/\\\/lasentinelle.dz\\\/\",\"name\":\"La Sentinelle\",\"description\":\"Quotidien national d&#039;information\",\"publisher\":{\"@id\":\"https:\\\/\\\/lasentinelle.dz\\\/#organization\"},\"potentialAction\":[{\"@type\":\"SearchAction\",\"target\":{\"@type\":\"EntryPoint\",\"urlTemplate\":\"https:\\\/\\\/lasentinelle.dz\\\/?s={search_term_string}\"},\"query-input\":{\"@type\":\"PropertyValueSpecification\",\"valueRequired\":true,\"valueName\":\"search_term_string\"}}],\"inLanguage\":\"fr-FR\"},{\"@type\":\"Organization\",\"@id\":\"https:\\\/\\\/lasentinelle.dz\\\/#organization\",\"name\":\"Quotidien La Sentinelle\",\"url\":\"https:\\\/\\\/lasentinelle.dz\\\/\",\"logo\":{\"@type\":\"ImageObject\",\"inLanguage\":\"fr-FR\",\"@id\":\"https:\\\/\\\/lasentinelle.dz\\\/#\\\/schema\\\/logo\\\/image\\\/\",\"url\":\"https:\\\/\\\/lasentinelle.dz\\\/wp-content\\\/uploads\\\/2021\\\/09\\\/logo-sentinelleSLOGAN-1.png\",\"contentUrl\":\"https:\\\/\\\/lasentinelle.dz\\\/wp-content\\\/uploads\\\/2021\\\/09\\\/logo-sentinelleSLOGAN-1.png\",\"width\":615,\"height\":142,\"caption\":\"Quotidien La Sentinelle\"},\"image\":{\"@id\":\"https:\\\/\\\/lasentinelle.dz\\\/#\\\/schema\\\/logo\\\/image\\\/\"},\"sameAs\":[\"https:\\\/\\\/www.facebook.com\\\/La-Sentinelle-104059864394773\"]},{\"@type\":\"Person\",\"@id\":\"https:\\\/\\\/lasentinelle.dz\\\/#\\\/schema\\\/person\\\/729ee0024f24e0b8c5ec17232f8e8b41\",\"name\":\"admin\",\"image\":{\"@type\":\"ImageObject\",\"inLanguage\":\"fr-FR\",\"@id\":\"https:\\\/\\\/secure.gravatar.com\\\/avatar\\\/4c81fed838786e9b53f540bf46533e750f5d292099ae3b66cfc6fb1982e29df7?s=96&d=mm&r=g\",\"url\":\"https:\\\/\\\/secure.gravatar.com\\\/avatar\\\/4c81fed838786e9b53f540bf46533e750f5d292099ae3b66cfc6fb1982e29df7?s=96&d=mm&r=g\",\"contentUrl\":\"https:\\\/\\\/secure.gravatar.com\\\/avatar\\\/4c81fed838786e9b53f540bf46533e750f5d292099ae3b66cfc6fb1982e29df7?s=96&d=mm&r=g\",\"caption\":\"admin\"},\"description\":\"admin\",\"url\":\"https:\\\/\\\/lasentinelle.dz\\\/author\\\/admin\\\/\"}]}<\/script>\n<!-- \/ Yoast SEO plugin. -->","yoast_head_json":{"title":"Accidents de la Route\u00a0: Les bus et les camions point\u00e9s du doigt - La Sentinelle","robots":{"index":"index","follow":"follow","max-snippet":"max-snippet:-1","max-image-preview":"max-image-preview:large","max-video-preview":"max-video-preview:-1"},"canonical":"https:\/\/lasentinelle.dz\/index.php\/2025\/12\/09\/accidents-de-la-route-les-bus-et-les-camions-pointes-du-doigt\/","og_locale":"fr_FR","og_type":"article","og_title":"Accidents de la Route\u00a0: Les bus et les camions point\u00e9s du doigt - La Sentinelle","og_description":"La D\u00e9l\u00e9gation nationale \u00e0 la s\u00e9curit\u00e9 routi\u00e8re tire la sonnette d&rsquo;alarme face \u00e0 la recrudescence inqui\u00e9tante des accidents de la","og_url":"https:\/\/lasentinelle.dz\/index.php\/2025\/12\/09\/accidents-de-la-route-les-bus-et-les-camions-pointes-du-doigt\/","og_site_name":"La Sentinelle","article_publisher":"https:\/\/www.facebook.com\/La-Sentinelle-104059864394773","article_published_time":"2025-12-09T11:44:00+00:00","article_modified_time":"2025-12-09T11:44:01+00:00","og_image":[{"width":850,"height":480,"url":"https:\/\/lasentinelle.dz\/wp-content\/uploads\/2025\/12\/accident.jpeg","type":"image\/jpeg"}],"author":"admin","twitter_card":"summary_large_image","twitter_misc":{"\u00c9crit par":"admin","Dur\u00e9e de lecture estim\u00e9e":"3 minutes"},"schema":{"@context":"https:\/\/schema.org","@graph":[{"@type":"Article","@id":"https:\/\/lasentinelle.dz\/index.php\/2025\/12\/09\/accidents-de-la-route-les-bus-et-les-camions-pointes-du-doigt\/#article","isPartOf":{"@id":"https:\/\/lasentinelle.dz\/index.php\/2025\/12\/09\/accidents-de-la-route-les-bus-et-les-camions-pointes-du-doigt\/"},"author":{"name":"admin","@id":"https:\/\/lasentinelle.dz\/#\/schema\/person\/729ee0024f24e0b8c5ec17232f8e8b41"},"headline":"Accidents de la Route\u00a0: Les bus et les camions point\u00e9s du doigt","datePublished":"2025-12-09T11:44:00+00:00","dateModified":"2025-12-09T11:44:01+00:00","mainEntityOfPage":{"@id":"https:\/\/lasentinelle.dz\/index.php\/2025\/12\/09\/accidents-de-la-route-les-bus-et-les-camions-pointes-du-doigt\/"},"wordCount":562,"commentCount":0,"publisher":{"@id":"https:\/\/lasentinelle.dz\/#organization"},"image":{"@id":"https:\/\/lasentinelle.dz\/index.php\/2025\/12\/09\/accidents-de-la-route-les-bus-et-les-camions-pointes-du-doigt\/#primaryimage"},"thumbnailUrl":"https:\/\/lasentinelle.dz\/wp-content\/uploads\/2025\/12\/accident.jpeg","articleSection":["\u00c0 la Une","Actualit\u00e9"],"inLanguage":"fr-FR","potentialAction":[{"@type":"CommentAction","name":"Comment","target":["https:\/\/lasentinelle.dz\/index.php\/2025\/12\/09\/accidents-de-la-route-les-bus-et-les-camions-pointes-du-doigt\/#respond"]}]},{"@type":"WebPage","@id":"https:\/\/lasentinelle.dz\/index.php\/2025\/12\/09\/accidents-de-la-route-les-bus-et-les-camions-pointes-du-doigt\/","url":"https:\/\/lasentinelle.dz\/index.php\/2025\/12\/09\/accidents-de-la-route-les-bus-et-les-camions-pointes-du-doigt\/","name":"Accidents de la Route\u00a0: Les bus et les camions point\u00e9s du doigt - La Sentinelle","isPartOf":{"@id":"https:\/\/lasentinelle.dz\/#website"},"primaryImageOfPage":{"@id":"https:\/\/lasentinelle.dz\/index.php\/2025\/12\/09\/accidents-de-la-route-les-bus-et-les-camions-pointes-du-doigt\/#primaryimage"},"image":{"@id":"https:\/\/lasentinelle.dz\/index.php\/2025\/12\/09\/accidents-de-la-route-les-bus-et-les-camions-pointes-du-doigt\/#primaryimage"},"thumbnailUrl":"https:\/\/lasentinelle.dz\/wp-content\/uploads\/2025\/12\/accident.jpeg","datePublished":"2025-12-09T11:44:00+00:00","dateModified":"2025-12-09T11:44:01+00:00","breadcrumb":{"@id":"https:\/\/lasentinelle.dz\/index.php\/2025\/12\/09\/accidents-de-la-route-les-bus-et-les-camions-pointes-du-doigt\/#breadcrumb"},"inLanguage":"fr-FR","potentialAction":[{"@type":"ReadAction","target":["https:\/\/lasentinelle.dz\/index.php\/2025\/12\/09\/accidents-de-la-route-les-bus-et-les-camions-pointes-du-doigt\/"]}]},{"@type":"ImageObject","inLanguage":"fr-FR","@id":"https:\/\/lasentinelle.dz\/index.php\/2025\/12\/09\/accidents-de-la-route-les-bus-et-les-camions-pointes-du-doigt\/#primaryimage","url":"https:\/\/lasentinelle.dz\/wp-content\/uploads\/2025\/12\/accident.jpeg","contentUrl":"https:\/\/lasentinelle.dz\/wp-content\/uploads\/2025\/12\/accident.jpeg","width":850,"height":480},{"@type":"BreadcrumbList","@id":"https:\/\/lasentinelle.dz\/index.php\/2025\/12\/09\/accidents-de-la-route-les-bus-et-les-camions-pointes-du-doigt\/#breadcrumb","itemListElement":[{"@type":"ListItem","position":1,"name":"Accueil","item":"https:\/\/lasentinelle.dz\/"},{"@type":"ListItem","position":2,"name":"Accidents de la Route\u00a0: Les bus et les camions point\u00e9s du doigt"}]},{"@type":"WebSite","@id":"https:\/\/lasentinelle.dz\/#website","url":"https:\/\/lasentinelle.dz\/","name":"La Sentinelle","description":"Quotidien national d&#039;information","publisher":{"@id":"https:\/\/lasentinelle.dz\/#organization"},"potentialAction":[{"@type":"SearchAction","target":{"@type":"EntryPoint","urlTemplate":"https:\/\/lasentinelle.dz\/?s={search_term_string}"},"query-input":{"@type":"PropertyValueSpecification","valueRequired":true,"valueName":"search_term_string"}}],"inLanguage":"fr-FR"},{"@type":"Organization","@id":"https:\/\/lasentinelle.dz\/#organization","name":"Quotidien La Sentinelle","url":"https:\/\/lasentinelle.dz\/","logo":{"@type":"ImageObject","inLanguage":"fr-FR","@id":"https:\/\/lasentinelle.dz\/#\/schema\/logo\/image\/","url":"https:\/\/lasentinelle.dz\/wp-content\/uploads\/2021\/09\/logo-sentinelleSLOGAN-1.png","contentUrl":"https:\/\/lasentinelle.dz\/wp-content\/uploads\/2021\/09\/logo-sentinelleSLOGAN-1.png","width":615,"height":142,"caption":"Quotidien La Sentinelle"},"image":{"@id":"https:\/\/lasentinelle.dz\/#\/schema\/logo\/image\/"},"sameAs":["https:\/\/www.facebook.com\/La-Sentinelle-104059864394773"]},{"@type":"Person","@id":"https:\/\/lasentinelle.dz\/#\/schema\/person\/729ee0024f24e0b8c5ec17232f8e8b41","name":"admin","image":{"@type":"ImageObject","inLanguage":"fr-FR","@id":"https:\/\/secure.gravatar.com\/avatar\/4c81fed838786e9b53f540bf46533e750f5d292099ae3b66cfc6fb1982e29df7?s=96&d=mm&r=g","url":"https:\/\/secure.gravatar.com\/avatar\/4c81fed838786e9b53f540bf46533e750f5d292099ae3b66cfc6fb1982e29df7?s=96&d=mm&r=g","contentUrl":"https:\/\/secure.gravatar.com\/avatar\/4c81fed838786e9b53f540bf46533e750f5d292099ae3b66cfc6fb1982e29df7?s=96&d=mm&r=g","caption":"admin"},"description":"admin","url":"https:\/\/lasentinelle.dz\/author\/admin\/"}]}},"_links":{"self":[{"href":"https:\/\/lasentinelle.dz\/index.php\/wp-json\/wp\/v2\/posts\/77443","targetHints":{"allow":["GET"]}}],"collection":[{"href":"https:\/\/lasentinelle.dz\/index.php\/wp-json\/wp\/v2\/posts"}],"about":[{"href":"https:\/\/lasentinelle.dz\/index.php\/wp-json\/wp\/v2\/types\/post"}],"author":[{"embeddable":true,"href":"https:\/\/lasentinelle.dz\/index.php\/wp-json\/wp\/v2\/users\/6"}],"replies":[{"embeddable":true,"href":"https:\/\/lasentinelle.dz\/index.php\/wp-json\/wp\/v2\/comments?post=77443"}],"version-history":[{"count":1,"href":"https:\/\/lasentinelle.dz\/index.php\/wp-json\/wp\/v2\/posts\/77443\/revisions"}],"predecessor-version":[{"id":77444,"href":"https:\/\/lasentinelle.dz\/index.php\/wp-json\/wp\/v2\/posts\/77443\/revisions\/77444"}],"wp:featuredmedia":[{"embeddable":true,"href":"https:\/\/lasentinelle.dz\/index.php\/wp-json\/wp\/v2\/media\/77360"}],"wp:attachment":[{"href":"https:\/\/lasentinelle.dz\/index.php\/wp-json\/wp\/v2\/media?parent=77443"}],"wp:term":[{"taxonomy":"category","embeddable":true,"href":"https:\/\/lasentinelle.dz\/index.php\/wp-json\/wp\/v2\/categories?post=77443"},{"taxonomy":"post_tag","embeddable":true,"href":"https:\/\/lasentinelle.dz\/index.php\/wp-json\/wp\/v2\/tags?post=77443"}],"curies":[{"name":"wp","href":"https:\/\/api.w.org\/{rel}","templated":true}]}}