{"id":77445,"date":"2025-12-09T12:45:41","date_gmt":"2025-12-09T11:45:41","guid":{"rendered":"https:\/\/lasentinelle.dz\/?p=77445"},"modified":"2025-12-09T12:45:42","modified_gmt":"2025-12-09T11:45:42","slug":"escalade-des-violations-sionistes-contre-le-peuple-palestinien","status":"publish","type":"post","link":"https:\/\/lasentinelle.dz\/index.php\/2025\/12\/09\/escalade-des-violations-sionistes-contre-le-peuple-palestinien\/","title":{"rendered":"Escalade des violations sionistes contre le peuple palestinien"},"content":{"rendered":"\n<p>La machine de r\u00e9pression de l&rsquo;occupation sioniste ne conna\u00eet aucun r\u00e9pit. Ce lundi, les forces d&rsquo;occupation ont multipli\u00e9 les actes d&rsquo;agression contre le peuple palestinien, de Ghaza \u00e0 la Cisjordanie en passant par Al-Qods occup\u00e9e, dans un m\u00e9pris total du droit international et des conventions onusiennes. Dans un acte qualifi\u00e9 de violation flagrante par Philippe Lazzarini, chef de l&rsquo;UNRWA, la police sioniste a fait irruption au si\u00e8ge de l&rsquo;agence onusienne \u00e0 Al-Qods-Est, saisissant meubles, \u00e9quipements informatiques et autres biens appartenant \u00e0 l&rsquo;organisation. Pr\u00e9textant le non-paiement d&rsquo;une taxe, l&rsquo;entit\u00e9 sioniste bafoue ouvertement le droit international qui, selon la convention de 1946, exempte l&rsquo;ONU et ses biens de toute imposition par les pays h\u00f4tes. Cette incursion survient apr\u00e8s l&rsquo;interdiction de l&rsquo;UNRWA par l&rsquo;occupation en janvier dernier, privant ainsi les r\u00e9fugi\u00e9s palestiniens des services essentiels de sant\u00e9 et d&rsquo;\u00e9ducation que l&rsquo;agence leur fournit depuis 1949 dans toute la r\u00e9gion.<\/p>\n\n\n\n<p>En Cisjordanie, l&rsquo;arm\u00e9e d&rsquo;occupation a intensifi\u00e9 sa campagne de destruction syst\u00e9matique des infrastructures palestiniennes.&nbsp;&nbsp;\u00c0 Ghaza, le bilan de l&rsquo;agression g\u00e9nocidaire continue de s&rsquo;alourdir de mani\u00e8re vertigineuse. Les autorit\u00e9s sanitaires palestiniennes ont annonc\u00e9 que le nombre de martyrs a atteint 70.365, tandis que 171.058&nbsp;&nbsp;personnes ont \u00e9t\u00e9 bless\u00e9es depuis le d\u00e9but de l&rsquo;offensive le 7 octobre 2023. La grande majorit\u00e9 des victimes sont des femmes et des enfants. Au cours des derni\u00e8res 24 heures, cinq nouveaux martyrs et onze bless\u00e9s ont \u00e9t\u00e9 transf\u00e9r\u00e9s vers les h\u00f4pitaux, alors que de nombreux corps demeurent ensevelis sous les d\u00e9combres, inaccessibles aux \u00e9quipes de secours en raison de l&rsquo;intensit\u00e9 des bombardements. Depuis l&rsquo;entr\u00e9e en vigueur du cessez-le-feu en octobre dernier, 376 Palestiniens sont tomb\u00e9s en martyrs et 981 autres ont \u00e9t\u00e9 bless\u00e9s, preuve que l&rsquo;agression ne s&rsquo;est jamais r\u00e9ellement arr\u00eat\u00e9e. Les bombardements se poursuivent quotidiennement, comme en t\u00e9moigne l&rsquo;attaque contre une maison de la famille Al-Jarou dans la zone d&rsquo;Al-Bassa, pr\u00e8s de Deir al-Balah, qui a fait plusieurs bless\u00e9s parmi les civils ce lundi. Les \u00e9quipes de d\u00e9fense civile restent impuissantes face \u00e0 l&rsquo;ampleur de la catastrophe humanitaire.<\/p>\n\n\n\n<p>Le secr\u00e9taire g\u00e9n\u00e9ral de la Ligue arabe, Ahmed Abou Al-Gheit, a lanc\u00e9 un appel pressant lors de la conf\u00e9rence g\u00e9n\u00e9rale de la FAO au Caire, exigeant la lev\u00e9e imm\u00e9diate de toutes les restrictions impos\u00e9es par l&rsquo;occupation sur l&rsquo;entr\u00e9e de l&rsquo;aide humanitaire \u00e0 Ghaza. Il a d\u00e9nonc\u00e9 l&rsquo;utilisation de la famine comme arme de guerre contre plus de deux millions de Palestiniens, qualifiant la situation de guerre d&rsquo;extermination men\u00e9e depuis deux ans. La destruction syst\u00e9matique des sources de production alimentaire vise, selon lui, \u00e0 rendre le territoire inhabitable et \u00e0 forcer les habitants \u00e0 l&rsquo;exode, constituant l&rsquo;une des violations les plus graves du droit international humanitaire.<\/p>\n\n\n\n<p>L.S.<\/p>\n","protected":false},"excerpt":{"rendered":"<p>La machine de r\u00e9pression de l&rsquo;occupation sioniste ne conna\u00eet aucun r\u00e9pit. Ce lundi, les forces d&rsquo;occupation ont multipli\u00e9 les actes<\/p>\n","protected":false},"author":6,"featured_media":76653,"comment_status":"open","ping_status":"closed","sticky":false,"template":"","format":"standard","meta":{"colormag_page_container_layout":"default_layout","colormag_page_sidebar_layout":"default_layout","om_disable_all_campaigns":false,"_monsterinsights_skip_tracking":false,"_monsterinsights_sitenote_active":false,"_monsterinsights_sitenote_note":"","_monsterinsights_sitenote_category":0,"footnotes":"","_wpscppro_dont_share_socialmedia":false,"_wpscppro_custom_social_share_image":0,"_facebook_share_type":"default","_twitter_share_type":"default","_linkedin_share_type":"default","_pinterest_share_type":"default","_linkedin_share_type_page":"","_instagram_share_type":"default","_medium_share_type":"default","_threads_share_type":"default","_google_business_share_type":"default","_selected_social_profile":[],"_wpsp_enable_custom_social_template":false,"_wpsp_social_scheduling":{"enabled":false,"datetime":null,"platforms":[],"status":"template_only","dateOption":"today","timeOption":"now","customDays":"","customHours":"","customDate":"","customTime":"","schedulingType":"absolute"},"_wpsp_active_default_template":true},"categories":[37],"tags":[],"class_list":["post-77445","post","type-post","status-publish","format-standard","has-post-thumbnail","hentry","category-monde"],"aioseo_notices":[],"yoast_head":"<!-- This site is optimized with the Yoast SEO plugin v27.5 - https:\/\/yoast.com\/product\/yoast-seo-wordpress\/ -->\n<title>Escalade des violations sionistes contre le peuple palestinien - La Sentinelle<\/title>\n<meta name=\"robots\" content=\"index, follow, max-snippet:-1, max-image-preview:large, max-video-preview:-1\" \/>\n<link rel=\"canonical\" href=\"https:\/\/lasentinelle.dz\/index.php\/2025\/12\/09\/escalade-des-violations-sionistes-contre-le-peuple-palestinien\/\" \/>\n<meta property=\"og:locale\" content=\"fr_FR\" \/>\n<meta property=\"og:type\" content=\"article\" \/>\n<meta property=\"og:title\" content=\"Escalade des violations sionistes contre le peuple palestinien - La Sentinelle\" \/>\n<meta property=\"og:description\" content=\"La machine de r\u00e9pression de l&rsquo;occupation sioniste ne conna\u00eet aucun r\u00e9pit. Ce lundi, les forces d&rsquo;occupation ont multipli\u00e9 les actes\" \/>\n<meta property=\"og:url\" content=\"https:\/\/lasentinelle.dz\/index.php\/2025\/12\/09\/escalade-des-violations-sionistes-contre-le-peuple-palestinien\/\" \/>\n<meta property=\"og:site_name\" content=\"La Sentinelle\" \/>\n<meta property=\"article:publisher\" content=\"https:\/\/www.facebook.com\/La-Sentinelle-104059864394773\" \/>\n<meta property=\"article:published_time\" content=\"2025-12-09T11:45:41+00:00\" \/>\n<meta property=\"article:modified_time\" content=\"2025-12-09T11:45:42+00:00\" \/>\n<meta property=\"og:image\" content=\"https:\/\/lasentinelle.dz\/wp-content\/uploads\/2025\/11\/Ghaza.jpg\" \/>\n\t<meta property=\"og:image:width\" content=\"1170\" \/>\n\t<meta property=\"og:image:height\" content=\"650\" \/>\n\t<meta property=\"og:image:type\" content=\"image\/jpeg\" \/>\n<meta name=\"author\" content=\"admin\" \/>\n<meta name=\"twitter:card\" content=\"summary_large_image\" \/>\n<meta name=\"twitter:label1\" content=\"\u00c9crit par\" \/>\n\t<meta name=\"twitter:data1\" content=\"admin\" \/>\n\t<meta name=\"twitter:label2\" content=\"Dur\u00e9e de lecture estim\u00e9e\" \/>\n\t<meta name=\"twitter:data2\" content=\"3 minutes\" \/>\n<script type=\"application\/ld+json\" class=\"yoast-schema-graph\">{\"@context\":\"https:\\\/\\\/schema.org\",\"@graph\":[{\"@type\":\"Article\",\"@id\":\"https:\\\/\\\/lasentinelle.dz\\\/index.php\\\/2025\\\/12\\\/09\\\/escalade-des-violations-sionistes-contre-le-peuple-palestinien\\\/#article\",\"isPartOf\":{\"@id\":\"https:\\\/\\\/lasentinelle.dz\\\/index.php\\\/2025\\\/12\\\/09\\\/escalade-des-violations-sionistes-contre-le-peuple-palestinien\\\/\"},\"author\":{\"name\":\"admin\",\"@id\":\"https:\\\/\\\/lasentinelle.dz\\\/#\\\/schema\\\/person\\\/729ee0024f24e0b8c5ec17232f8e8b41\"},\"headline\":\"Escalade des violations sionistes contre le peuple palestinien\",\"datePublished\":\"2025-12-09T11:45:41+00:00\",\"dateModified\":\"2025-12-09T11:45:42+00:00\",\"mainEntityOfPage\":{\"@id\":\"https:\\\/\\\/lasentinelle.dz\\\/index.php\\\/2025\\\/12\\\/09\\\/escalade-des-violations-sionistes-contre-le-peuple-palestinien\\\/\"},\"wordCount\":512,\"commentCount\":0,\"publisher\":{\"@id\":\"https:\\\/\\\/lasentinelle.dz\\\/#organization\"},\"image\":{\"@id\":\"https:\\\/\\\/lasentinelle.dz\\\/index.php\\\/2025\\\/12\\\/09\\\/escalade-des-violations-sionistes-contre-le-peuple-palestinien\\\/#primaryimage\"},\"thumbnailUrl\":\"https:\\\/\\\/lasentinelle.dz\\\/wp-content\\\/uploads\\\/2025\\\/11\\\/Ghaza.jpg\",\"articleSection\":[\"Monde\"],\"inLanguage\":\"fr-FR\",\"potentialAction\":[{\"@type\":\"CommentAction\",\"name\":\"Comment\",\"target\":[\"https:\\\/\\\/lasentinelle.dz\\\/index.php\\\/2025\\\/12\\\/09\\\/escalade-des-violations-sionistes-contre-le-peuple-palestinien\\\/#respond\"]}]},{\"@type\":\"WebPage\",\"@id\":\"https:\\\/\\\/lasentinelle.dz\\\/index.php\\\/2025\\\/12\\\/09\\\/escalade-des-violations-sionistes-contre-le-peuple-palestinien\\\/\",\"url\":\"https:\\\/\\\/lasentinelle.dz\\\/index.php\\\/2025\\\/12\\\/09\\\/escalade-des-violations-sionistes-contre-le-peuple-palestinien\\\/\",\"name\":\"Escalade des violations sionistes contre le peuple palestinien - La Sentinelle\",\"isPartOf\":{\"@id\":\"https:\\\/\\\/lasentinelle.dz\\\/#website\"},\"primaryImageOfPage\":{\"@id\":\"https:\\\/\\\/lasentinelle.dz\\\/index.php\\\/2025\\\/12\\\/09\\\/escalade-des-violations-sionistes-contre-le-peuple-palestinien\\\/#primaryimage\"},\"image\":{\"@id\":\"https:\\\/\\\/lasentinelle.dz\\\/index.php\\\/2025\\\/12\\\/09\\\/escalade-des-violations-sionistes-contre-le-peuple-palestinien\\\/#primaryimage\"},\"thumbnailUrl\":\"https:\\\/\\\/lasentinelle.dz\\\/wp-content\\\/uploads\\\/2025\\\/11\\\/Ghaza.jpg\",\"datePublished\":\"2025-12-09T11:45:41+00:00\",\"dateModified\":\"2025-12-09T11:45:42+00:00\",\"breadcrumb\":{\"@id\":\"https:\\\/\\\/lasentinelle.dz\\\/index.php\\\/2025\\\/12\\\/09\\\/escalade-des-violations-sionistes-contre-le-peuple-palestinien\\\/#breadcrumb\"},\"inLanguage\":\"fr-FR\",\"potentialAction\":[{\"@type\":\"ReadAction\",\"target\":[\"https:\\\/\\\/lasentinelle.dz\\\/index.php\\\/2025\\\/12\\\/09\\\/escalade-des-violations-sionistes-contre-le-peuple-palestinien\\\/\"]}]},{\"@type\":\"ImageObject\",\"inLanguage\":\"fr-FR\",\"@id\":\"https:\\\/\\\/lasentinelle.dz\\\/index.php\\\/2025\\\/12\\\/09\\\/escalade-des-violations-sionistes-contre-le-peuple-palestinien\\\/#primaryimage\",\"url\":\"https:\\\/\\\/lasentinelle.dz\\\/wp-content\\\/uploads\\\/2025\\\/11\\\/Ghaza.jpg\",\"contentUrl\":\"https:\\\/\\\/lasentinelle.dz\\\/wp-content\\\/uploads\\\/2025\\\/11\\\/Ghaza.jpg\",\"width\":1170,\"height\":650},{\"@type\":\"BreadcrumbList\",\"@id\":\"https:\\\/\\\/lasentinelle.dz\\\/index.php\\\/2025\\\/12\\\/09\\\/escalade-des-violations-sionistes-contre-le-peuple-palestinien\\\/#breadcrumb\",\"itemListElement\":[{\"@type\":\"ListItem\",\"position\":1,\"name\":\"Accueil\",\"item\":\"https:\\\/\\\/lasentinelle.dz\\\/\"},{\"@type\":\"ListItem\",\"position\":2,\"name\":\"Escalade des violations sionistes contre le peuple palestinien\"}]},{\"@type\":\"WebSite\",\"@id\":\"https:\\\/\\\/lasentinelle.dz\\\/#website\",\"url\":\"https:\\\/\\\/lasentinelle.dz\\\/\",\"name\":\"La Sentinelle\",\"description\":\"Quotidien national d&#039;information\",\"publisher\":{\"@id\":\"https:\\\/\\\/lasentinelle.dz\\\/#organization\"},\"potentialAction\":[{\"@type\":\"SearchAction\",\"target\":{\"@type\":\"EntryPoint\",\"urlTemplate\":\"https:\\\/\\\/lasentinelle.dz\\\/?s={search_term_string}\"},\"query-input\":{\"@type\":\"PropertyValueSpecification\",\"valueRequired\":true,\"valueName\":\"search_term_string\"}}],\"inLanguage\":\"fr-FR\"},{\"@type\":\"Organization\",\"@id\":\"https:\\\/\\\/lasentinelle.dz\\\/#organization\",\"name\":\"Quotidien La Sentinelle\",\"url\":\"https:\\\/\\\/lasentinelle.dz\\\/\",\"logo\":{\"@type\":\"ImageObject\",\"inLanguage\":\"fr-FR\",\"@id\":\"https:\\\/\\\/lasentinelle.dz\\\/#\\\/schema\\\/logo\\\/image\\\/\",\"url\":\"https:\\\/\\\/lasentinelle.dz\\\/wp-content\\\/uploads\\\/2021\\\/09\\\/logo-sentinelleSLOGAN-1.png\",\"contentUrl\":\"https:\\\/\\\/lasentinelle.dz\\\/wp-content\\\/uploads\\\/2021\\\/09\\\/logo-sentinelleSLOGAN-1.png\",\"width\":615,\"height\":142,\"caption\":\"Quotidien La Sentinelle\"},\"image\":{\"@id\":\"https:\\\/\\\/lasentinelle.dz\\\/#\\\/schema\\\/logo\\\/image\\\/\"},\"sameAs\":[\"https:\\\/\\\/www.facebook.com\\\/La-Sentinelle-104059864394773\"]},{\"@type\":\"Person\",\"@id\":\"https:\\\/\\\/lasentinelle.dz\\\/#\\\/schema\\\/person\\\/729ee0024f24e0b8c5ec17232f8e8b41\",\"name\":\"admin\",\"image\":{\"@type\":\"ImageObject\",\"inLanguage\":\"fr-FR\",\"@id\":\"https:\\\/\\\/secure.gravatar.com\\\/avatar\\\/4c81fed838786e9b53f540bf46533e750f5d292099ae3b66cfc6fb1982e29df7?s=96&d=mm&r=g\",\"url\":\"https:\\\/\\\/secure.gravatar.com\\\/avatar\\\/4c81fed838786e9b53f540bf46533e750f5d292099ae3b66cfc6fb1982e29df7?s=96&d=mm&r=g\",\"contentUrl\":\"https:\\\/\\\/secure.gravatar.com\\\/avatar\\\/4c81fed838786e9b53f540bf46533e750f5d292099ae3b66cfc6fb1982e29df7?s=96&d=mm&r=g\",\"caption\":\"admin\"},\"description\":\"admin\",\"url\":\"https:\\\/\\\/lasentinelle.dz\\\/author\\\/admin\\\/\"}]}<\/script>\n<!-- \/ Yoast SEO plugin. -->","yoast_head_json":{"title":"Escalade des violations sionistes contre le peuple palestinien - La Sentinelle","robots":{"index":"index","follow":"follow","max-snippet":"max-snippet:-1","max-image-preview":"max-image-preview:large","max-video-preview":"max-video-preview:-1"},"canonical":"https:\/\/lasentinelle.dz\/index.php\/2025\/12\/09\/escalade-des-violations-sionistes-contre-le-peuple-palestinien\/","og_locale":"fr_FR","og_type":"article","og_title":"Escalade des violations sionistes contre le peuple palestinien - La Sentinelle","og_description":"La machine de r\u00e9pression de l&rsquo;occupation sioniste ne conna\u00eet aucun r\u00e9pit. Ce lundi, les forces d&rsquo;occupation ont multipli\u00e9 les actes","og_url":"https:\/\/lasentinelle.dz\/index.php\/2025\/12\/09\/escalade-des-violations-sionistes-contre-le-peuple-palestinien\/","og_site_name":"La Sentinelle","article_publisher":"https:\/\/www.facebook.com\/La-Sentinelle-104059864394773","article_published_time":"2025-12-09T11:45:41+00:00","article_modified_time":"2025-12-09T11:45:42+00:00","og_image":[{"width":1170,"height":650,"url":"https:\/\/lasentinelle.dz\/wp-content\/uploads\/2025\/11\/Ghaza.jpg","type":"image\/jpeg"}],"author":"admin","twitter_card":"summary_large_image","twitter_misc":{"\u00c9crit par":"admin","Dur\u00e9e de lecture estim\u00e9e":"3 minutes"},"schema":{"@context":"https:\/\/schema.org","@graph":[{"@type":"Article","@id":"https:\/\/lasentinelle.dz\/index.php\/2025\/12\/09\/escalade-des-violations-sionistes-contre-le-peuple-palestinien\/#article","isPartOf":{"@id":"https:\/\/lasentinelle.dz\/index.php\/2025\/12\/09\/escalade-des-violations-sionistes-contre-le-peuple-palestinien\/"},"author":{"name":"admin","@id":"https:\/\/lasentinelle.dz\/#\/schema\/person\/729ee0024f24e0b8c5ec17232f8e8b41"},"headline":"Escalade des violations sionistes contre le peuple palestinien","datePublished":"2025-12-09T11:45:41+00:00","dateModified":"2025-12-09T11:45:42+00:00","mainEntityOfPage":{"@id":"https:\/\/lasentinelle.dz\/index.php\/2025\/12\/09\/escalade-des-violations-sionistes-contre-le-peuple-palestinien\/"},"wordCount":512,"commentCount":0,"publisher":{"@id":"https:\/\/lasentinelle.dz\/#organization"},"image":{"@id":"https:\/\/lasentinelle.dz\/index.php\/2025\/12\/09\/escalade-des-violations-sionistes-contre-le-peuple-palestinien\/#primaryimage"},"thumbnailUrl":"https:\/\/lasentinelle.dz\/wp-content\/uploads\/2025\/11\/Ghaza.jpg","articleSection":["Monde"],"inLanguage":"fr-FR","potentialAction":[{"@type":"CommentAction","name":"Comment","target":["https:\/\/lasentinelle.dz\/index.php\/2025\/12\/09\/escalade-des-violations-sionistes-contre-le-peuple-palestinien\/#respond"]}]},{"@type":"WebPage","@id":"https:\/\/lasentinelle.dz\/index.php\/2025\/12\/09\/escalade-des-violations-sionistes-contre-le-peuple-palestinien\/","url":"https:\/\/lasentinelle.dz\/index.php\/2025\/12\/09\/escalade-des-violations-sionistes-contre-le-peuple-palestinien\/","name":"Escalade des violations sionistes contre le peuple palestinien - La Sentinelle","isPartOf":{"@id":"https:\/\/lasentinelle.dz\/#website"},"primaryImageOfPage":{"@id":"https:\/\/lasentinelle.dz\/index.php\/2025\/12\/09\/escalade-des-violations-sionistes-contre-le-peuple-palestinien\/#primaryimage"},"image":{"@id":"https:\/\/lasentinelle.dz\/index.php\/2025\/12\/09\/escalade-des-violations-sionistes-contre-le-peuple-palestinien\/#primaryimage"},"thumbnailUrl":"https:\/\/lasentinelle.dz\/wp-content\/uploads\/2025\/11\/Ghaza.jpg","datePublished":"2025-12-09T11:45:41+00:00","dateModified":"2025-12-09T11:45:42+00:00","breadcrumb":{"@id":"https:\/\/lasentinelle.dz\/index.php\/2025\/12\/09\/escalade-des-violations-sionistes-contre-le-peuple-palestinien\/#breadcrumb"},"inLanguage":"fr-FR","potentialAction":[{"@type":"ReadAction","target":["https:\/\/lasentinelle.dz\/index.php\/2025\/12\/09\/escalade-des-violations-sionistes-contre-le-peuple-palestinien\/"]}]},{"@type":"ImageObject","inLanguage":"fr-FR","@id":"https:\/\/lasentinelle.dz\/index.php\/2025\/12\/09\/escalade-des-violations-sionistes-contre-le-peuple-palestinien\/#primaryimage","url":"https:\/\/lasentinelle.dz\/wp-content\/uploads\/2025\/11\/Ghaza.jpg","contentUrl":"https:\/\/lasentinelle.dz\/wp-content\/uploads\/2025\/11\/Ghaza.jpg","width":1170,"height":650},{"@type":"BreadcrumbList","@id":"https:\/\/lasentinelle.dz\/index.php\/2025\/12\/09\/escalade-des-violations-sionistes-contre-le-peuple-palestinien\/#breadcrumb","itemListElement":[{"@type":"ListItem","position":1,"name":"Accueil","item":"https:\/\/lasentinelle.dz\/"},{"@type":"ListItem","position":2,"name":"Escalade des violations sionistes contre le peuple palestinien"}]},{"@type":"WebSite","@id":"https:\/\/lasentinelle.dz\/#website","url":"https:\/\/lasentinelle.dz\/","name":"La Sentinelle","description":"Quotidien national d&#039;information","publisher":{"@id":"https:\/\/lasentinelle.dz\/#organization"},"potentialAction":[{"@type":"SearchAction","target":{"@type":"EntryPoint","urlTemplate":"https:\/\/lasentinelle.dz\/?s={search_term_string}"},"query-input":{"@type":"PropertyValueSpecification","valueRequired":true,"valueName":"search_term_string"}}],"inLanguage":"fr-FR"},{"@type":"Organization","@id":"https:\/\/lasentinelle.dz\/#organization","name":"Quotidien La Sentinelle","url":"https:\/\/lasentinelle.dz\/","logo":{"@type":"ImageObject","inLanguage":"fr-FR","@id":"https:\/\/lasentinelle.dz\/#\/schema\/logo\/image\/","url":"https:\/\/lasentinelle.dz\/wp-content\/uploads\/2021\/09\/logo-sentinelleSLOGAN-1.png","contentUrl":"https:\/\/lasentinelle.dz\/wp-content\/uploads\/2021\/09\/logo-sentinelleSLOGAN-1.png","width":615,"height":142,"caption":"Quotidien La Sentinelle"},"image":{"@id":"https:\/\/lasentinelle.dz\/#\/schema\/logo\/image\/"},"sameAs":["https:\/\/www.facebook.com\/La-Sentinelle-104059864394773"]},{"@type":"Person","@id":"https:\/\/lasentinelle.dz\/#\/schema\/person\/729ee0024f24e0b8c5ec17232f8e8b41","name":"admin","image":{"@type":"ImageObject","inLanguage":"fr-FR","@id":"https:\/\/secure.gravatar.com\/avatar\/4c81fed838786e9b53f540bf46533e750f5d292099ae3b66cfc6fb1982e29df7?s=96&d=mm&r=g","url":"https:\/\/secure.gravatar.com\/avatar\/4c81fed838786e9b53f540bf46533e750f5d292099ae3b66cfc6fb1982e29df7?s=96&d=mm&r=g","contentUrl":"https:\/\/secure.gravatar.com\/avatar\/4c81fed838786e9b53f540bf46533e750f5d292099ae3b66cfc6fb1982e29df7?s=96&d=mm&r=g","caption":"admin"},"description":"admin","url":"https:\/\/lasentinelle.dz\/author\/admin\/"}]}},"_links":{"self":[{"href":"https:\/\/lasentinelle.dz\/index.php\/wp-json\/wp\/v2\/posts\/77445","targetHints":{"allow":["GET"]}}],"collection":[{"href":"https:\/\/lasentinelle.dz\/index.php\/wp-json\/wp\/v2\/posts"}],"about":[{"href":"https:\/\/lasentinelle.dz\/index.php\/wp-json\/wp\/v2\/types\/post"}],"author":[{"embeddable":true,"href":"https:\/\/lasentinelle.dz\/index.php\/wp-json\/wp\/v2\/users\/6"}],"replies":[{"embeddable":true,"href":"https:\/\/lasentinelle.dz\/index.php\/wp-json\/wp\/v2\/comments?post=77445"}],"version-history":[{"count":1,"href":"https:\/\/lasentinelle.dz\/index.php\/wp-json\/wp\/v2\/posts\/77445\/revisions"}],"predecessor-version":[{"id":77446,"href":"https:\/\/lasentinelle.dz\/index.php\/wp-json\/wp\/v2\/posts\/77445\/revisions\/77446"}],"wp:featuredmedia":[{"embeddable":true,"href":"https:\/\/lasentinelle.dz\/index.php\/wp-json\/wp\/v2\/media\/76653"}],"wp:attachment":[{"href":"https:\/\/lasentinelle.dz\/index.php\/wp-json\/wp\/v2\/media?parent=77445"}],"wp:term":[{"taxonomy":"category","embeddable":true,"href":"https:\/\/lasentinelle.dz\/index.php\/wp-json\/wp\/v2\/categories?post=77445"},{"taxonomy":"post_tag","embeddable":true,"href":"https:\/\/lasentinelle.dz\/index.php\/wp-json\/wp\/v2\/tags?post=77445"}],"curies":[{"name":"wp","href":"https:\/\/api.w.org\/{rel}","templated":true}]}}