{"id":77447,"date":"2025-12-09T12:47:50","date_gmt":"2025-12-09T11:47:50","guid":{"rendered":"https:\/\/lasentinelle.dz\/?p=77447"},"modified":"2025-12-09T12:47:51","modified_gmt":"2025-12-09T11:47:51","slug":"syrie-al-charaa-reaffirme-son-engagement-pour-la-reconstruction","status":"publish","type":"post","link":"https:\/\/lasentinelle.dz\/index.php\/2025\/12\/09\/syrie-al-charaa-reaffirme-son-engagement-pour-la-reconstruction\/","title":{"rendered":"Syrie\u00a0: Al-Charaa r\u00e9affirme son engagement pour la reconstruction"},"content":{"rendered":"\n<p>Le pr\u00e9sident de la transition syrienne Ahmad al-Charaa et le secr\u00e9taire g\u00e9n\u00e9ral de l&rsquo;ONU Antonio Guterres ont r\u00e9it\u00e9r\u00e9 lundi leur engagement \u00e0 \u0153uvrer pour la reconstruction et la stabilisation de la Syrie, \u00e0 l&rsquo;occasion du premier anniversaire de l&rsquo;arriv\u00e9e des nouvelles autorit\u00e9s au pouvoir, le 8 d\u00e9cembre 2024.&nbsp;Dans une br\u00e8ve allocution prononc\u00e9e lundi et relay\u00e9e par l&rsquo;agence de presse Sana, le pr\u00e9sident syrien Ahmad al-Charaa a r\u00e9affirm\u00e9 la d\u00e9termination de son gouvernement \u00e0 tourner la page d&rsquo;une d\u00e9cennie de conflit. \u00ab\u00a0Nous r\u00e9it\u00e9rons l&rsquo;engagement de notre gouvernement \u00e0 servir le peuple et \u00e0 \u0153uvrer pour la construction d&rsquo;un pays stable\u00a0\u00bb, a-t-il d\u00e9clar\u00e9, soulignant que cette premi\u00e8re ann\u00e9e au pouvoir marque le d\u00e9but d&rsquo;une \u00e8re nouvelle pour la Syrie. Le chef de l&rsquo;\u00c9tat a insist\u00e9 sur la n\u00e9cessit\u00e9 d&rsquo;une mobilisation nationale pour relever les d\u00e9fis de la reconstruction. \u00ab\u00a0La nouvelle \u00e8re qui suit le r\u00e9tablissement de la pleine souverainet\u00e9 sur le territoire syrien exige l&rsquo;unit\u00e9 et la mobilisation de toutes les r\u00e9gions\u00a0\u00bb, a affirm\u00e9 al-Charaa, appelant \u00e0 la coh\u00e9sion de l&rsquo;ensemble du pays. \u00ab\u00a0Du nord au sud et de l&rsquo;est en ouest, nous reconstruirons une Syrie forte, digne de son pr\u00e9sent et de son pass\u00e9, une Syrie fi\u00e8re de son h\u00e9ritage ancestral\u00a0\u00bb, a-t-il ajout\u00e9. Le pr\u00e9sident de la transition a particuli\u00e8rement mis l&rsquo;accent sur la dimension sociale de la reconstruction, pla\u00e7ant la justice et le soutien aux plus vuln\u00e9rables au c\u0153ur de la strat\u00e9gie gouvernementale. \u00ab\u00a0La reconstruction doit reposer sur le soutien aux populations les plus vuln\u00e9rables et la consolidation de la justice pour tous les citoyens\u00a0\u00bb, a-t-il soulign\u00e9, pr\u00e9cisant : \u00ab\u00a0Nous reconstruirons le pays en soutenant les opprim\u00e9s et en instaurant la justice pour tous.\u00a0\u00bb De son c\u00f4t\u00e9, le secr\u00e9taire g\u00e9n\u00e9ral des Nations unies Antonio Guterres a r\u00e9affirm\u00e9, dans une d\u00e9claration publi\u00e9e dimanche soir, l&rsquo;engagement total de l&rsquo;organisation onusienne \u00e0 accompagner la Syrie dans cette phase cruciale. Le patron de l&rsquo;ONU a soulign\u00e9 l&rsquo;ampleur des enjeux qui d\u00e9passent largement le cadre politique. \u00ab\u00a0Ce qui attend la Syrie va bien au-del\u00e0 d&rsquo;une simple transition politique. C&rsquo;est une opportunit\u00e9 de reconstruire des communaut\u00e9s bris\u00e9es, de gu\u00e9rir de profondes divisions et de b\u00e2tir une patrie o\u00f9 chaque Syrien, sans distinction de race, de religion, de sexe ou d&rsquo;appartenance politique, puisse vivre en s\u00e9curit\u00e9, dans l&rsquo;\u00e9galit\u00e9 et la dignit\u00e9\u00a0\u00bb, a d\u00e9clar\u00e9 M. Guterres. Tout en reconnaissant l&rsquo;ampleur des d\u00e9fis, le secr\u00e9taire g\u00e9n\u00e9ral s&rsquo;est montr\u00e9 optimiste quant \u00e0 la possibilit\u00e9 de les surmonter. \u00ab\u00a0Les d\u00e9fis sont consid\u00e9rables, mais ils ne sont pas insurmontables\u00a0\u00bb, a-t-il affirm\u00e9, r\u00e9it\u00e9rant \u00ab\u00a0l&rsquo;engagement total des Nations unies \u00e0 \u0153uvrer avec les Syriens pour faire de cette transition une r\u00e9ussite\u00a0\u00bb. Antonio Guterres a \u00e9galement lanc\u00e9 un appel pressant \u00e0 la communaut\u00e9 internationale pour qu&rsquo;elle apporte un soutien concret et substantiel \u00e0 la transition syrienne. Il a exhort\u00e9 les pays membres \u00e0 \u00ab\u00a0soutenir fermement cette transition men\u00e9e et prise en charge par les Syriens, en garantissant le respect de la souverainet\u00e9 de la Syrie, en levant les obstacles \u00e0 la reconstruction, en finan\u00e7ant les appels humanitaires, en promouvant le d\u00e9veloppement \u00e9conomique et en veillant \u00e0 ce que la transition apporte des avantages concrets aux Syriens sur le terrain\u00a0\u00bb. Le secr\u00e9taire g\u00e9n\u00e9ral a conclu son message en soulignant l&rsquo;unit\u00e9 de la communaut\u00e9 internationale face \u00e0 cet enjeu majeur : \u00ab\u00a0En ce jour anniversaire, nous restons unis dans notre objectif de b\u00e2tir les fondements de la paix et de la prosp\u00e9rit\u00e9 et de renouveler notre engagement envers une Syrie libre, souveraine, unifi\u00e9e et inclusive.\u00a0\u00bb<\/p>\n\n\n\n<p>Lyes S.<\/p>\n","protected":false},"excerpt":{"rendered":"<p>Le pr\u00e9sident de la transition syrienne Ahmad al-Charaa et le secr\u00e9taire g\u00e9n\u00e9ral de l&rsquo;ONU Antonio Guterres ont r\u00e9it\u00e9r\u00e9 lundi leur<\/p>\n","protected":false},"author":6,"featured_media":77448,"comment_status":"open","ping_status":"closed","sticky":false,"template":"","format":"standard","meta":{"colormag_page_container_layout":"default_layout","colormag_page_sidebar_layout":"default_layout","om_disable_all_campaigns":false,"_monsterinsights_skip_tracking":false,"_monsterinsights_sitenote_active":false,"_monsterinsights_sitenote_note":"","_monsterinsights_sitenote_category":0,"footnotes":"","_wpscppro_dont_share_socialmedia":false,"_wpscppro_custom_social_share_image":0,"_facebook_share_type":"default","_twitter_share_type":"default","_linkedin_share_type":"default","_pinterest_share_type":"default","_linkedin_share_type_page":"","_instagram_share_type":"default","_medium_share_type":"default","_threads_share_type":"default","_google_business_share_type":"default","_selected_social_profile":[],"_wpsp_enable_custom_social_template":false,"_wpsp_social_scheduling":{"enabled":false,"datetime":null,"platforms":[],"status":"template_only","dateOption":"today","timeOption":"now","customDays":"","customHours":"","customDate":"","customTime":"","schedulingType":"absolute"},"_wpsp_active_default_template":true},"categories":[37],"tags":[],"class_list":["post-77447","post","type-post","status-publish","format-standard","has-post-thumbnail","hentry","category-monde"],"aioseo_notices":[],"yoast_head":"<!-- This site is optimized with the Yoast SEO plugin v27.5 - https:\/\/yoast.com\/product\/yoast-seo-wordpress\/ -->\n<title>Syrie\u00a0: Al-Charaa r\u00e9affirme son engagement pour la reconstruction - La Sentinelle<\/title>\n<meta name=\"robots\" content=\"index, follow, max-snippet:-1, max-image-preview:large, max-video-preview:-1\" \/>\n<link rel=\"canonical\" href=\"https:\/\/lasentinelle.dz\/index.php\/2025\/12\/09\/syrie-al-charaa-reaffirme-son-engagement-pour-la-reconstruction\/\" \/>\n<meta property=\"og:locale\" content=\"fr_FR\" \/>\n<meta property=\"og:type\" content=\"article\" \/>\n<meta property=\"og:title\" content=\"Syrie\u00a0: Al-Charaa r\u00e9affirme son engagement pour la reconstruction - La Sentinelle\" \/>\n<meta property=\"og:description\" content=\"Le pr\u00e9sident de la transition syrienne Ahmad al-Charaa et le secr\u00e9taire g\u00e9n\u00e9ral de l&rsquo;ONU Antonio Guterres ont r\u00e9it\u00e9r\u00e9 lundi leur\" \/>\n<meta property=\"og:url\" content=\"https:\/\/lasentinelle.dz\/index.php\/2025\/12\/09\/syrie-al-charaa-reaffirme-son-engagement-pour-la-reconstruction\/\" \/>\n<meta property=\"og:site_name\" content=\"La Sentinelle\" \/>\n<meta property=\"article:publisher\" content=\"https:\/\/www.facebook.com\/La-Sentinelle-104059864394773\" \/>\n<meta property=\"article:published_time\" content=\"2025-12-09T11:47:50+00:00\" \/>\n<meta property=\"article:modified_time\" content=\"2025-12-09T11:47:51+00:00\" \/>\n<meta property=\"og:image\" content=\"https:\/\/lasentinelle.dz\/wp-content\/uploads\/2025\/12\/Al-Charaa.jpeg\" \/>\n\t<meta property=\"og:image:width\" content=\"823\" \/>\n\t<meta property=\"og:image:height\" content=\"463\" \/>\n\t<meta property=\"og:image:type\" content=\"image\/jpeg\" \/>\n<meta name=\"author\" content=\"admin\" \/>\n<meta name=\"twitter:card\" content=\"summary_large_image\" \/>\n<meta name=\"twitter:label1\" content=\"\u00c9crit par\" \/>\n\t<meta name=\"twitter:data1\" content=\"admin\" \/>\n\t<meta name=\"twitter:label2\" content=\"Dur\u00e9e de lecture estim\u00e9e\" \/>\n\t<meta name=\"twitter:data2\" content=\"4 minutes\" \/>\n<script type=\"application\/ld+json\" class=\"yoast-schema-graph\">{\"@context\":\"https:\\\/\\\/schema.org\",\"@graph\":[{\"@type\":\"Article\",\"@id\":\"https:\\\/\\\/lasentinelle.dz\\\/index.php\\\/2025\\\/12\\\/09\\\/syrie-al-charaa-reaffirme-son-engagement-pour-la-reconstruction\\\/#article\",\"isPartOf\":{\"@id\":\"https:\\\/\\\/lasentinelle.dz\\\/index.php\\\/2025\\\/12\\\/09\\\/syrie-al-charaa-reaffirme-son-engagement-pour-la-reconstruction\\\/\"},\"author\":{\"name\":\"admin\",\"@id\":\"https:\\\/\\\/lasentinelle.dz\\\/#\\\/schema\\\/person\\\/729ee0024f24e0b8c5ec17232f8e8b41\"},\"headline\":\"Syrie\u00a0: Al-Charaa r\u00e9affirme son engagement pour la reconstruction\",\"datePublished\":\"2025-12-09T11:47:50+00:00\",\"dateModified\":\"2025-12-09T11:47:51+00:00\",\"mainEntityOfPage\":{\"@id\":\"https:\\\/\\\/lasentinelle.dz\\\/index.php\\\/2025\\\/12\\\/09\\\/syrie-al-charaa-reaffirme-son-engagement-pour-la-reconstruction\\\/\"},\"wordCount\":660,\"commentCount\":0,\"publisher\":{\"@id\":\"https:\\\/\\\/lasentinelle.dz\\\/#organization\"},\"image\":{\"@id\":\"https:\\\/\\\/lasentinelle.dz\\\/index.php\\\/2025\\\/12\\\/09\\\/syrie-al-charaa-reaffirme-son-engagement-pour-la-reconstruction\\\/#primaryimage\"},\"thumbnailUrl\":\"https:\\\/\\\/lasentinelle.dz\\\/wp-content\\\/uploads\\\/2025\\\/12\\\/Al-Charaa.jpeg\",\"articleSection\":[\"Monde\"],\"inLanguage\":\"fr-FR\",\"potentialAction\":[{\"@type\":\"CommentAction\",\"name\":\"Comment\",\"target\":[\"https:\\\/\\\/lasentinelle.dz\\\/index.php\\\/2025\\\/12\\\/09\\\/syrie-al-charaa-reaffirme-son-engagement-pour-la-reconstruction\\\/#respond\"]}]},{\"@type\":\"WebPage\",\"@id\":\"https:\\\/\\\/lasentinelle.dz\\\/index.php\\\/2025\\\/12\\\/09\\\/syrie-al-charaa-reaffirme-son-engagement-pour-la-reconstruction\\\/\",\"url\":\"https:\\\/\\\/lasentinelle.dz\\\/index.php\\\/2025\\\/12\\\/09\\\/syrie-al-charaa-reaffirme-son-engagement-pour-la-reconstruction\\\/\",\"name\":\"Syrie\u00a0: Al-Charaa r\u00e9affirme son engagement pour la reconstruction - La Sentinelle\",\"isPartOf\":{\"@id\":\"https:\\\/\\\/lasentinelle.dz\\\/#website\"},\"primaryImageOfPage\":{\"@id\":\"https:\\\/\\\/lasentinelle.dz\\\/index.php\\\/2025\\\/12\\\/09\\\/syrie-al-charaa-reaffirme-son-engagement-pour-la-reconstruction\\\/#primaryimage\"},\"image\":{\"@id\":\"https:\\\/\\\/lasentinelle.dz\\\/index.php\\\/2025\\\/12\\\/09\\\/syrie-al-charaa-reaffirme-son-engagement-pour-la-reconstruction\\\/#primaryimage\"},\"thumbnailUrl\":\"https:\\\/\\\/lasentinelle.dz\\\/wp-content\\\/uploads\\\/2025\\\/12\\\/Al-Charaa.jpeg\",\"datePublished\":\"2025-12-09T11:47:50+00:00\",\"dateModified\":\"2025-12-09T11:47:51+00:00\",\"breadcrumb\":{\"@id\":\"https:\\\/\\\/lasentinelle.dz\\\/index.php\\\/2025\\\/12\\\/09\\\/syrie-al-charaa-reaffirme-son-engagement-pour-la-reconstruction\\\/#breadcrumb\"},\"inLanguage\":\"fr-FR\",\"potentialAction\":[{\"@type\":\"ReadAction\",\"target\":[\"https:\\\/\\\/lasentinelle.dz\\\/index.php\\\/2025\\\/12\\\/09\\\/syrie-al-charaa-reaffirme-son-engagement-pour-la-reconstruction\\\/\"]}]},{\"@type\":\"ImageObject\",\"inLanguage\":\"fr-FR\",\"@id\":\"https:\\\/\\\/lasentinelle.dz\\\/index.php\\\/2025\\\/12\\\/09\\\/syrie-al-charaa-reaffirme-son-engagement-pour-la-reconstruction\\\/#primaryimage\",\"url\":\"https:\\\/\\\/lasentinelle.dz\\\/wp-content\\\/uploads\\\/2025\\\/12\\\/Al-Charaa.jpeg\",\"contentUrl\":\"https:\\\/\\\/lasentinelle.dz\\\/wp-content\\\/uploads\\\/2025\\\/12\\\/Al-Charaa.jpeg\",\"width\":823,\"height\":463},{\"@type\":\"BreadcrumbList\",\"@id\":\"https:\\\/\\\/lasentinelle.dz\\\/index.php\\\/2025\\\/12\\\/09\\\/syrie-al-charaa-reaffirme-son-engagement-pour-la-reconstruction\\\/#breadcrumb\",\"itemListElement\":[{\"@type\":\"ListItem\",\"position\":1,\"name\":\"Accueil\",\"item\":\"https:\\\/\\\/lasentinelle.dz\\\/\"},{\"@type\":\"ListItem\",\"position\":2,\"name\":\"Syrie\u00a0: Al-Charaa r\u00e9affirme son engagement pour la reconstruction\"}]},{\"@type\":\"WebSite\",\"@id\":\"https:\\\/\\\/lasentinelle.dz\\\/#website\",\"url\":\"https:\\\/\\\/lasentinelle.dz\\\/\",\"name\":\"La Sentinelle\",\"description\":\"Quotidien national d&#039;information\",\"publisher\":{\"@id\":\"https:\\\/\\\/lasentinelle.dz\\\/#organization\"},\"potentialAction\":[{\"@type\":\"SearchAction\",\"target\":{\"@type\":\"EntryPoint\",\"urlTemplate\":\"https:\\\/\\\/lasentinelle.dz\\\/?s={search_term_string}\"},\"query-input\":{\"@type\":\"PropertyValueSpecification\",\"valueRequired\":true,\"valueName\":\"search_term_string\"}}],\"inLanguage\":\"fr-FR\"},{\"@type\":\"Organization\",\"@id\":\"https:\\\/\\\/lasentinelle.dz\\\/#organization\",\"name\":\"Quotidien La Sentinelle\",\"url\":\"https:\\\/\\\/lasentinelle.dz\\\/\",\"logo\":{\"@type\":\"ImageObject\",\"inLanguage\":\"fr-FR\",\"@id\":\"https:\\\/\\\/lasentinelle.dz\\\/#\\\/schema\\\/logo\\\/image\\\/\",\"url\":\"https:\\\/\\\/lasentinelle.dz\\\/wp-content\\\/uploads\\\/2021\\\/09\\\/logo-sentinelleSLOGAN-1.png\",\"contentUrl\":\"https:\\\/\\\/lasentinelle.dz\\\/wp-content\\\/uploads\\\/2021\\\/09\\\/logo-sentinelleSLOGAN-1.png\",\"width\":615,\"height\":142,\"caption\":\"Quotidien La Sentinelle\"},\"image\":{\"@id\":\"https:\\\/\\\/lasentinelle.dz\\\/#\\\/schema\\\/logo\\\/image\\\/\"},\"sameAs\":[\"https:\\\/\\\/www.facebook.com\\\/La-Sentinelle-104059864394773\"]},{\"@type\":\"Person\",\"@id\":\"https:\\\/\\\/lasentinelle.dz\\\/#\\\/schema\\\/person\\\/729ee0024f24e0b8c5ec17232f8e8b41\",\"name\":\"admin\",\"image\":{\"@type\":\"ImageObject\",\"inLanguage\":\"fr-FR\",\"@id\":\"https:\\\/\\\/secure.gravatar.com\\\/avatar\\\/4c81fed838786e9b53f540bf46533e750f5d292099ae3b66cfc6fb1982e29df7?s=96&d=mm&r=g\",\"url\":\"https:\\\/\\\/secure.gravatar.com\\\/avatar\\\/4c81fed838786e9b53f540bf46533e750f5d292099ae3b66cfc6fb1982e29df7?s=96&d=mm&r=g\",\"contentUrl\":\"https:\\\/\\\/secure.gravatar.com\\\/avatar\\\/4c81fed838786e9b53f540bf46533e750f5d292099ae3b66cfc6fb1982e29df7?s=96&d=mm&r=g\",\"caption\":\"admin\"},\"description\":\"admin\",\"url\":\"https:\\\/\\\/lasentinelle.dz\\\/author\\\/admin\\\/\"}]}<\/script>\n<!-- \/ Yoast SEO plugin. -->","yoast_head_json":{"title":"Syrie\u00a0: Al-Charaa r\u00e9affirme son engagement pour la reconstruction - La Sentinelle","robots":{"index":"index","follow":"follow","max-snippet":"max-snippet:-1","max-image-preview":"max-image-preview:large","max-video-preview":"max-video-preview:-1"},"canonical":"https:\/\/lasentinelle.dz\/index.php\/2025\/12\/09\/syrie-al-charaa-reaffirme-son-engagement-pour-la-reconstruction\/","og_locale":"fr_FR","og_type":"article","og_title":"Syrie\u00a0: Al-Charaa r\u00e9affirme son engagement pour la reconstruction - La Sentinelle","og_description":"Le pr\u00e9sident de la transition syrienne Ahmad al-Charaa et le secr\u00e9taire g\u00e9n\u00e9ral de l&rsquo;ONU Antonio Guterres ont r\u00e9it\u00e9r\u00e9 lundi leur","og_url":"https:\/\/lasentinelle.dz\/index.php\/2025\/12\/09\/syrie-al-charaa-reaffirme-son-engagement-pour-la-reconstruction\/","og_site_name":"La Sentinelle","article_publisher":"https:\/\/www.facebook.com\/La-Sentinelle-104059864394773","article_published_time":"2025-12-09T11:47:50+00:00","article_modified_time":"2025-12-09T11:47:51+00:00","og_image":[{"width":823,"height":463,"url":"https:\/\/lasentinelle.dz\/wp-content\/uploads\/2025\/12\/Al-Charaa.jpeg","type":"image\/jpeg"}],"author":"admin","twitter_card":"summary_large_image","twitter_misc":{"\u00c9crit par":"admin","Dur\u00e9e de lecture estim\u00e9e":"4 minutes"},"schema":{"@context":"https:\/\/schema.org","@graph":[{"@type":"Article","@id":"https:\/\/lasentinelle.dz\/index.php\/2025\/12\/09\/syrie-al-charaa-reaffirme-son-engagement-pour-la-reconstruction\/#article","isPartOf":{"@id":"https:\/\/lasentinelle.dz\/index.php\/2025\/12\/09\/syrie-al-charaa-reaffirme-son-engagement-pour-la-reconstruction\/"},"author":{"name":"admin","@id":"https:\/\/lasentinelle.dz\/#\/schema\/person\/729ee0024f24e0b8c5ec17232f8e8b41"},"headline":"Syrie\u00a0: Al-Charaa r\u00e9affirme son engagement pour la reconstruction","datePublished":"2025-12-09T11:47:50+00:00","dateModified":"2025-12-09T11:47:51+00:00","mainEntityOfPage":{"@id":"https:\/\/lasentinelle.dz\/index.php\/2025\/12\/09\/syrie-al-charaa-reaffirme-son-engagement-pour-la-reconstruction\/"},"wordCount":660,"commentCount":0,"publisher":{"@id":"https:\/\/lasentinelle.dz\/#organization"},"image":{"@id":"https:\/\/lasentinelle.dz\/index.php\/2025\/12\/09\/syrie-al-charaa-reaffirme-son-engagement-pour-la-reconstruction\/#primaryimage"},"thumbnailUrl":"https:\/\/lasentinelle.dz\/wp-content\/uploads\/2025\/12\/Al-Charaa.jpeg","articleSection":["Monde"],"inLanguage":"fr-FR","potentialAction":[{"@type":"CommentAction","name":"Comment","target":["https:\/\/lasentinelle.dz\/index.php\/2025\/12\/09\/syrie-al-charaa-reaffirme-son-engagement-pour-la-reconstruction\/#respond"]}]},{"@type":"WebPage","@id":"https:\/\/lasentinelle.dz\/index.php\/2025\/12\/09\/syrie-al-charaa-reaffirme-son-engagement-pour-la-reconstruction\/","url":"https:\/\/lasentinelle.dz\/index.php\/2025\/12\/09\/syrie-al-charaa-reaffirme-son-engagement-pour-la-reconstruction\/","name":"Syrie\u00a0: Al-Charaa r\u00e9affirme son engagement pour la reconstruction - La Sentinelle","isPartOf":{"@id":"https:\/\/lasentinelle.dz\/#website"},"primaryImageOfPage":{"@id":"https:\/\/lasentinelle.dz\/index.php\/2025\/12\/09\/syrie-al-charaa-reaffirme-son-engagement-pour-la-reconstruction\/#primaryimage"},"image":{"@id":"https:\/\/lasentinelle.dz\/index.php\/2025\/12\/09\/syrie-al-charaa-reaffirme-son-engagement-pour-la-reconstruction\/#primaryimage"},"thumbnailUrl":"https:\/\/lasentinelle.dz\/wp-content\/uploads\/2025\/12\/Al-Charaa.jpeg","datePublished":"2025-12-09T11:47:50+00:00","dateModified":"2025-12-09T11:47:51+00:00","breadcrumb":{"@id":"https:\/\/lasentinelle.dz\/index.php\/2025\/12\/09\/syrie-al-charaa-reaffirme-son-engagement-pour-la-reconstruction\/#breadcrumb"},"inLanguage":"fr-FR","potentialAction":[{"@type":"ReadAction","target":["https:\/\/lasentinelle.dz\/index.php\/2025\/12\/09\/syrie-al-charaa-reaffirme-son-engagement-pour-la-reconstruction\/"]}]},{"@type":"ImageObject","inLanguage":"fr-FR","@id":"https:\/\/lasentinelle.dz\/index.php\/2025\/12\/09\/syrie-al-charaa-reaffirme-son-engagement-pour-la-reconstruction\/#primaryimage","url":"https:\/\/lasentinelle.dz\/wp-content\/uploads\/2025\/12\/Al-Charaa.jpeg","contentUrl":"https:\/\/lasentinelle.dz\/wp-content\/uploads\/2025\/12\/Al-Charaa.jpeg","width":823,"height":463},{"@type":"BreadcrumbList","@id":"https:\/\/lasentinelle.dz\/index.php\/2025\/12\/09\/syrie-al-charaa-reaffirme-son-engagement-pour-la-reconstruction\/#breadcrumb","itemListElement":[{"@type":"ListItem","position":1,"name":"Accueil","item":"https:\/\/lasentinelle.dz\/"},{"@type":"ListItem","position":2,"name":"Syrie\u00a0: Al-Charaa r\u00e9affirme son engagement pour la reconstruction"}]},{"@type":"WebSite","@id":"https:\/\/lasentinelle.dz\/#website","url":"https:\/\/lasentinelle.dz\/","name":"La Sentinelle","description":"Quotidien national d&#039;information","publisher":{"@id":"https:\/\/lasentinelle.dz\/#organization"},"potentialAction":[{"@type":"SearchAction","target":{"@type":"EntryPoint","urlTemplate":"https:\/\/lasentinelle.dz\/?s={search_term_string}"},"query-input":{"@type":"PropertyValueSpecification","valueRequired":true,"valueName":"search_term_string"}}],"inLanguage":"fr-FR"},{"@type":"Organization","@id":"https:\/\/lasentinelle.dz\/#organization","name":"Quotidien La Sentinelle","url":"https:\/\/lasentinelle.dz\/","logo":{"@type":"ImageObject","inLanguage":"fr-FR","@id":"https:\/\/lasentinelle.dz\/#\/schema\/logo\/image\/","url":"https:\/\/lasentinelle.dz\/wp-content\/uploads\/2021\/09\/logo-sentinelleSLOGAN-1.png","contentUrl":"https:\/\/lasentinelle.dz\/wp-content\/uploads\/2021\/09\/logo-sentinelleSLOGAN-1.png","width":615,"height":142,"caption":"Quotidien La Sentinelle"},"image":{"@id":"https:\/\/lasentinelle.dz\/#\/schema\/logo\/image\/"},"sameAs":["https:\/\/www.facebook.com\/La-Sentinelle-104059864394773"]},{"@type":"Person","@id":"https:\/\/lasentinelle.dz\/#\/schema\/person\/729ee0024f24e0b8c5ec17232f8e8b41","name":"admin","image":{"@type":"ImageObject","inLanguage":"fr-FR","@id":"https:\/\/secure.gravatar.com\/avatar\/4c81fed838786e9b53f540bf46533e750f5d292099ae3b66cfc6fb1982e29df7?s=96&d=mm&r=g","url":"https:\/\/secure.gravatar.com\/avatar\/4c81fed838786e9b53f540bf46533e750f5d292099ae3b66cfc6fb1982e29df7?s=96&d=mm&r=g","contentUrl":"https:\/\/secure.gravatar.com\/avatar\/4c81fed838786e9b53f540bf46533e750f5d292099ae3b66cfc6fb1982e29df7?s=96&d=mm&r=g","caption":"admin"},"description":"admin","url":"https:\/\/lasentinelle.dz\/author\/admin\/"}]}},"_links":{"self":[{"href":"https:\/\/lasentinelle.dz\/index.php\/wp-json\/wp\/v2\/posts\/77447","targetHints":{"allow":["GET"]}}],"collection":[{"href":"https:\/\/lasentinelle.dz\/index.php\/wp-json\/wp\/v2\/posts"}],"about":[{"href":"https:\/\/lasentinelle.dz\/index.php\/wp-json\/wp\/v2\/types\/post"}],"author":[{"embeddable":true,"href":"https:\/\/lasentinelle.dz\/index.php\/wp-json\/wp\/v2\/users\/6"}],"replies":[{"embeddable":true,"href":"https:\/\/lasentinelle.dz\/index.php\/wp-json\/wp\/v2\/comments?post=77447"}],"version-history":[{"count":1,"href":"https:\/\/lasentinelle.dz\/index.php\/wp-json\/wp\/v2\/posts\/77447\/revisions"}],"predecessor-version":[{"id":77449,"href":"https:\/\/lasentinelle.dz\/index.php\/wp-json\/wp\/v2\/posts\/77447\/revisions\/77449"}],"wp:featuredmedia":[{"embeddable":true,"href":"https:\/\/lasentinelle.dz\/index.php\/wp-json\/wp\/v2\/media\/77448"}],"wp:attachment":[{"href":"https:\/\/lasentinelle.dz\/index.php\/wp-json\/wp\/v2\/media?parent=77447"}],"wp:term":[{"taxonomy":"category","embeddable":true,"href":"https:\/\/lasentinelle.dz\/index.php\/wp-json\/wp\/v2\/categories?post=77447"},{"taxonomy":"post_tag","embeddable":true,"href":"https:\/\/lasentinelle.dz\/index.php\/wp-json\/wp\/v2\/tags?post=77447"}],"curies":[{"name":"wp","href":"https:\/\/api.w.org\/{rel}","templated":true}]}}