{"id":77450,"date":"2025-12-09T12:48:38","date_gmt":"2025-12-09T11:48:38","guid":{"rendered":"https:\/\/lasentinelle.dz\/?p=77450"},"modified":"2025-12-09T12:48:39","modified_gmt":"2025-12-09T11:48:39","slug":"la-jeunesse-marocaine-a-annonce-la-reprise-des-manifestations-la-colere-sociale-sintensifie-au-maroc","status":"publish","type":"post","link":"https:\/\/lasentinelle.dz\/index.php\/2025\/12\/09\/la-jeunesse-marocaine-a-annonce-la-reprise-des-manifestations-la-colere-sociale-sintensifie-au-maroc\/","title":{"rendered":"La jeunesse marocaine a annonc\u00e9 la reprise des manifestations\u00a0: La col\u00e8re sociale s&rsquo;intensifie au Maroc"},"content":{"rendered":"\n<p>Le mouvement de la jeunesse marocaine a annonc\u00e9 samedi la reprise des manifestations pour le 10 d\u00e9cembre, journ\u00e9e internationale des droits de l&rsquo;Homme, dans un contexte marqu\u00e9 par une r\u00e9pression f\u00e9roce et une d\u00e9t\u00e9rioration alarmante de la situation socio-\u00e9conomique du royaume.&nbsp;<\/p>\n\n\n\n<p>Avec pr\u00e8s de 1500 personnes emprisonn\u00e9es depuis le d\u00e9but des protestations fin septembre, dont 330 mineurs, et un rapport accablant de la Banque mondiale sur l&rsquo;endettement colossal du pays, le r\u00e9gime du Makhzen fait face \u00e0 une contestation qui s&rsquo;amplifie malgr\u00e9 la violence de sa r\u00e9ponse. Dans un communiqu\u00e9 publi\u00e9 ce samedi, le mouvement de la jeunesse qui porte les revendications populaires depuis trois mois a appel\u00e9 \u00e0 descendre massivement dans les rues mercredi prochain. Cette mobilisation intervient alors que 1.476 personnes croupissent dans les prisons marocaines pour avoir r\u00e9clam\u00e9 des r\u00e9formes dans les secteurs de l&rsquo;\u00e9ducation et de la sant\u00e9. Parmi elles, 330 mineurs qui, selon le mouvement, devraient \u00eatre dans leurs salles de classe plut\u00f4t que dans les cellules froides et surpeupl\u00e9es des ge\u00f4les du Makhzen ou devant les tribunaux. Le mouvement d\u00e9nonce avec v\u00e9h\u00e9mence l&rsquo;acharnement judiciaire dont sont victimes ces jeunes manifestants, condamn\u00e9s \u00e0 des peines allant jusqu&rsquo;\u00e0 quinze ans de prison ferme pour avoir simplement r\u00e9clam\u00e9 un h\u00f4pital qui soigne dignement, une \u00e9cole qui garantisse leur avenir et une justice qui sanctionne les corrompus. Cette r\u00e9pression brutale contraste violemment avec l&rsquo;image que tente de projeter le r\u00e9gime marocain sur la sc\u00e8ne internationale, alors m\u00eame que le royaume s&rsquo;appr\u00eate \u00e0 c\u00e9l\u00e9brer la Journ\u00e9e internationale des droits de l&rsquo;Homme et qu&rsquo;il se pr\u00e9vaut d&rsquo;avoir ratifi\u00e9 les conventions internationales relatives aux droits humains.<\/p>\n\n\n\n<p>Pour les organisateurs de la contestation, le 10 d\u00e9cembre ne sera pas un jour de slogans creux dans les h\u00f4tels o\u00f9 se r\u00e9unissent les officiels du r\u00e9gime, mais un jour de v\u00e9rit\u00e9 dans les places publiques o\u00f9 s&rsquo;exprime la souffrance d&rsquo;un peuple. Le comit\u00e9 de soutien aux familles des victimes de la r\u00e9pression a lanc\u00e9 un appel aux proches des d\u00e9tenus et des personnes poursuivies en libert\u00e9 provisoire, ainsi qu&rsquo;\u00e0 toutes les victimes de la r\u00e9pression, afin d&rsquo;\u00e9tablir un contact pour renforcer les efforts de suivi et d&rsquo;accompagnement. Il a \u00e9galement exhort\u00e9 toutes les forces politiques, les organisations de d\u00e9fense des droits humains et les syndicats \u00e0 cr\u00e9er des comit\u00e9s locaux de soutien pour coordonner l&rsquo;action en faveur des victimes des violations des droits de l&rsquo;homme aux niveaux national et international.<\/p>\n\n\n\n<p><strong>La Banque mondiale tire la sonnette d&rsquo;alarme&nbsp;<\/strong><\/p>\n\n\n\n<p>Au-del\u00e0 de la crise politique et de la r\u00e9pression qui s&rsquo;abat sur la jeunesse, c&rsquo;est toute la structure \u00e9conomique du Maroc qui vacille sous le poids d&rsquo;un endettement ext\u00e9rieur vertigineux. Selon le rapport 2025 de la Banque mondiale sur la dette, le royaume affiche une dette ext\u00e9rieure de 68 milliards de dollars en 2024, soit 45% de son revenu national brut et 99% de ses exportations. Cette situation place le Maroc parmi les pays les plus endett\u00e9s proportionnellement \u00e0 la taille de son \u00e9conomie.<\/p>\n\n\n\n<p>Le service de la dette ext\u00e9rieure repr\u00e9sente \u00e0 lui seul 13% des recettes des exportations et 6% du revenu national brut, engloutissant une part consid\u00e9rable des revenus du pays qui d\u00e9pense sans compter dans une politique de prestige et d&rsquo;armement. Cette dette est r\u00e9partie entre cr\u00e9anciers multilat\u00e9raux \u00e0 hauteur de 49%, dont la Banque mondiale qui d\u00e9tient 21% du total et la Banque africaine de d\u00e9veloppement 10%, des cr\u00e9anciers bilat\u00e9raux \u00e0 15%, principalement l&rsquo;Allemagne et la France, et des cr\u00e9anciers priv\u00e9s \u00e0 trente-six pour cent, essentiellement des obligataires. Dans son rapport d&rsquo;\u00e9valuation de l&rsquo;\u00e9conomie marocaine publi\u00e9 simultan\u00e9ment, la Banque mondiale souligne la persistance de la s\u00e9cheresse qui a frein\u00e9 la croissance du PIB \u00e0 3,2% et met en lumi\u00e8re de nombreux d\u00e9fis structurels, notamment en termes de ch\u00f4mage et d&rsquo;in\u00e9galit\u00e9s. L&rsquo;institution financi\u00e8re internationale pointe un \u00e9cart structurel en mati\u00e8re de cr\u00e9ation d&#8217;emplois particuli\u00e8rement pr\u00e9occupant : au cours de la derni\u00e8re d\u00e9cennie, la population en \u00e2ge de travailler a augment\u00e9 de plus de 10%&nbsp;&nbsp;tandis que l&#8217;emploi n&rsquo;a progress\u00e9 que de 1,5%.<\/p>\n\n\n\n<p>Cette cr\u00e9ation insuffisante d&#8217;emplois, que la Banque mondiale qualifie de d\u00e9fi fondamental, s&rsquo;explique par l&rsquo;impact cumul\u00e9 des chocs post-pand\u00e9miques, l&rsquo;effet encore limit\u00e9 des politiques et r\u00e9formes actuelles sur la croissance \u00e9conomique, ainsi que des normes sociales li\u00e9es au genre qui restreignent la participation des femmes au march\u00e9 du travail. Le rapport d\u00e9nonce \u00e9galement un manque de dynamisme du secteur priv\u00e9 avec peu d&rsquo;entreprises \u00e0 forte croissance, refl\u00e9tant des faiblesses structurelles dans l&rsquo;environnement des affaires.<\/p>\n\n\n\n<p>Le ch\u00f4mage constitue une v\u00e9ritable bombe sociale au Maroc, estim\u00e9 \u00e0 13% de la population active et atteignant le taux alarmant de 38% chez les jeunes. La Banque mondiale souligne par ailleurs que le royaume fait face \u00e0 des obstacles et des co\u00fbts \u00e9lev\u00e9s li\u00e9s \u00e0 l&#8217;embauche dans le secteur formel, ce qui favorise une forte pr\u00e9valence du travail informel et fragilise davantage l&rsquo;\u00e9conomie. C&rsquo;est pr\u00e9cis\u00e9ment cette situation explosive qui nourrit la col\u00e8re de la jeunesse marocaine et explique la persistance du mouvement de contestation malgr\u00e9 la r\u00e9pression.<\/p>\n\n\n\n<p>Lyes Sa\u00efdi<\/p>\n","protected":false},"excerpt":{"rendered":"<p>Le mouvement de la jeunesse marocaine a annonc\u00e9 samedi la reprise des manifestations pour le 10 d\u00e9cembre, journ\u00e9e internationale des<\/p>\n","protected":false},"author":6,"featured_media":74705,"comment_status":"open","ping_status":"closed","sticky":false,"template":"","format":"standard","meta":{"colormag_page_container_layout":"default_layout","colormag_page_sidebar_layout":"default_layout","om_disable_all_campaigns":false,"_monsterinsights_skip_tracking":false,"_monsterinsights_sitenote_active":false,"_monsterinsights_sitenote_note":"","_monsterinsights_sitenote_category":0,"footnotes":"","_wpscppro_dont_share_socialmedia":false,"_wpscppro_custom_social_share_image":0,"_facebook_share_type":"default","_twitter_share_type":"default","_linkedin_share_type":"default","_pinterest_share_type":"default","_linkedin_share_type_page":"","_instagram_share_type":"default","_medium_share_type":"default","_threads_share_type":"default","_google_business_share_type":"default","_selected_social_profile":[],"_wpsp_enable_custom_social_template":false,"_wpsp_social_scheduling":{"enabled":false,"datetime":null,"platforms":[],"status":"template_only","dateOption":"today","timeOption":"now","customDays":"","customHours":"","customDate":"","customTime":"","schedulingType":"absolute"},"_wpsp_active_default_template":true},"categories":[52,37],"tags":[],"class_list":["post-77450","post","type-post","status-publish","format-standard","has-post-thumbnail","hentry","category-a-la-une","category-monde"],"aioseo_notices":[],"yoast_head":"<!-- This site is optimized with the Yoast SEO plugin v27.5 - https:\/\/yoast.com\/product\/yoast-seo-wordpress\/ -->\n<title>La jeunesse marocaine a annonc\u00e9 la reprise des manifestations\u00a0: La col\u00e8re sociale s&rsquo;intensifie au Maroc - La Sentinelle<\/title>\n<meta name=\"robots\" content=\"index, follow, max-snippet:-1, max-image-preview:large, max-video-preview:-1\" \/>\n<link rel=\"canonical\" href=\"https:\/\/lasentinelle.dz\/index.php\/2025\/12\/09\/la-jeunesse-marocaine-a-annonce-la-reprise-des-manifestations-la-colere-sociale-sintensifie-au-maroc\/\" \/>\n<meta property=\"og:locale\" content=\"fr_FR\" \/>\n<meta property=\"og:type\" content=\"article\" \/>\n<meta property=\"og:title\" content=\"La jeunesse marocaine a annonc\u00e9 la reprise des manifestations\u00a0: La col\u00e8re sociale s&rsquo;intensifie au Maroc - La Sentinelle\" \/>\n<meta property=\"og:description\" content=\"Le mouvement de la jeunesse marocaine a annonc\u00e9 samedi la reprise des manifestations pour le 10 d\u00e9cembre, journ\u00e9e internationale des\" \/>\n<meta property=\"og:url\" content=\"https:\/\/lasentinelle.dz\/index.php\/2025\/12\/09\/la-jeunesse-marocaine-a-annonce-la-reprise-des-manifestations-la-colere-sociale-sintensifie-au-maroc\/\" \/>\n<meta property=\"og:site_name\" content=\"La Sentinelle\" \/>\n<meta property=\"article:publisher\" content=\"https:\/\/www.facebook.com\/La-Sentinelle-104059864394773\" \/>\n<meta property=\"article:published_time\" content=\"2025-12-09T11:48:38+00:00\" \/>\n<meta property=\"article:modified_time\" content=\"2025-12-09T11:48:39+00:00\" \/>\n<meta property=\"og:image\" content=\"https:\/\/lasentinelle.dz\/wp-content\/uploads\/2025\/10\/GENZ212.jpg\" \/>\n\t<meta property=\"og:image:width\" content=\"1280\" \/>\n\t<meta property=\"og:image:height\" content=\"720\" \/>\n\t<meta property=\"og:image:type\" content=\"image\/jpeg\" \/>\n<meta name=\"author\" content=\"admin\" \/>\n<meta name=\"twitter:card\" content=\"summary_large_image\" \/>\n<meta name=\"twitter:label1\" content=\"\u00c9crit par\" \/>\n\t<meta name=\"twitter:data1\" content=\"admin\" \/>\n\t<meta name=\"twitter:label2\" content=\"Dur\u00e9e de lecture estim\u00e9e\" \/>\n\t<meta name=\"twitter:data2\" content=\"5 minutes\" \/>\n<script type=\"application\/ld+json\" class=\"yoast-schema-graph\">{\"@context\":\"https:\\\/\\\/schema.org\",\"@graph\":[{\"@type\":\"Article\",\"@id\":\"https:\\\/\\\/lasentinelle.dz\\\/index.php\\\/2025\\\/12\\\/09\\\/la-jeunesse-marocaine-a-annonce-la-reprise-des-manifestations-la-colere-sociale-sintensifie-au-maroc\\\/#article\",\"isPartOf\":{\"@id\":\"https:\\\/\\\/lasentinelle.dz\\\/index.php\\\/2025\\\/12\\\/09\\\/la-jeunesse-marocaine-a-annonce-la-reprise-des-manifestations-la-colere-sociale-sintensifie-au-maroc\\\/\"},\"author\":{\"name\":\"admin\",\"@id\":\"https:\\\/\\\/lasentinelle.dz\\\/#\\\/schema\\\/person\\\/729ee0024f24e0b8c5ec17232f8e8b41\"},\"headline\":\"La jeunesse marocaine a annonc\u00e9 la reprise des manifestations\u00a0: La col\u00e8re sociale s&rsquo;intensifie au Maroc\",\"datePublished\":\"2025-12-09T11:48:38+00:00\",\"dateModified\":\"2025-12-09T11:48:39+00:00\",\"mainEntityOfPage\":{\"@id\":\"https:\\\/\\\/lasentinelle.dz\\\/index.php\\\/2025\\\/12\\\/09\\\/la-jeunesse-marocaine-a-annonce-la-reprise-des-manifestations-la-colere-sociale-sintensifie-au-maroc\\\/\"},\"wordCount\":936,\"commentCount\":0,\"publisher\":{\"@id\":\"https:\\\/\\\/lasentinelle.dz\\\/#organization\"},\"image\":{\"@id\":\"https:\\\/\\\/lasentinelle.dz\\\/index.php\\\/2025\\\/12\\\/09\\\/la-jeunesse-marocaine-a-annonce-la-reprise-des-manifestations-la-colere-sociale-sintensifie-au-maroc\\\/#primaryimage\"},\"thumbnailUrl\":\"https:\\\/\\\/lasentinelle.dz\\\/wp-content\\\/uploads\\\/2025\\\/10\\\/GENZ212.jpg\",\"articleSection\":[\"\u00c0 la Une\",\"Monde\"],\"inLanguage\":\"fr-FR\",\"potentialAction\":[{\"@type\":\"CommentAction\",\"name\":\"Comment\",\"target\":[\"https:\\\/\\\/lasentinelle.dz\\\/index.php\\\/2025\\\/12\\\/09\\\/la-jeunesse-marocaine-a-annonce-la-reprise-des-manifestations-la-colere-sociale-sintensifie-au-maroc\\\/#respond\"]}]},{\"@type\":\"WebPage\",\"@id\":\"https:\\\/\\\/lasentinelle.dz\\\/index.php\\\/2025\\\/12\\\/09\\\/la-jeunesse-marocaine-a-annonce-la-reprise-des-manifestations-la-colere-sociale-sintensifie-au-maroc\\\/\",\"url\":\"https:\\\/\\\/lasentinelle.dz\\\/index.php\\\/2025\\\/12\\\/09\\\/la-jeunesse-marocaine-a-annonce-la-reprise-des-manifestations-la-colere-sociale-sintensifie-au-maroc\\\/\",\"name\":\"La jeunesse marocaine a annonc\u00e9 la reprise des manifestations\u00a0: La col\u00e8re sociale s&rsquo;intensifie au Maroc - La Sentinelle\",\"isPartOf\":{\"@id\":\"https:\\\/\\\/lasentinelle.dz\\\/#website\"},\"primaryImageOfPage\":{\"@id\":\"https:\\\/\\\/lasentinelle.dz\\\/index.php\\\/2025\\\/12\\\/09\\\/la-jeunesse-marocaine-a-annonce-la-reprise-des-manifestations-la-colere-sociale-sintensifie-au-maroc\\\/#primaryimage\"},\"image\":{\"@id\":\"https:\\\/\\\/lasentinelle.dz\\\/index.php\\\/2025\\\/12\\\/09\\\/la-jeunesse-marocaine-a-annonce-la-reprise-des-manifestations-la-colere-sociale-sintensifie-au-maroc\\\/#primaryimage\"},\"thumbnailUrl\":\"https:\\\/\\\/lasentinelle.dz\\\/wp-content\\\/uploads\\\/2025\\\/10\\\/GENZ212.jpg\",\"datePublished\":\"2025-12-09T11:48:38+00:00\",\"dateModified\":\"2025-12-09T11:48:39+00:00\",\"breadcrumb\":{\"@id\":\"https:\\\/\\\/lasentinelle.dz\\\/index.php\\\/2025\\\/12\\\/09\\\/la-jeunesse-marocaine-a-annonce-la-reprise-des-manifestations-la-colere-sociale-sintensifie-au-maroc\\\/#breadcrumb\"},\"inLanguage\":\"fr-FR\",\"potentialAction\":[{\"@type\":\"ReadAction\",\"target\":[\"https:\\\/\\\/lasentinelle.dz\\\/index.php\\\/2025\\\/12\\\/09\\\/la-jeunesse-marocaine-a-annonce-la-reprise-des-manifestations-la-colere-sociale-sintensifie-au-maroc\\\/\"]}]},{\"@type\":\"ImageObject\",\"inLanguage\":\"fr-FR\",\"@id\":\"https:\\\/\\\/lasentinelle.dz\\\/index.php\\\/2025\\\/12\\\/09\\\/la-jeunesse-marocaine-a-annonce-la-reprise-des-manifestations-la-colere-sociale-sintensifie-au-maroc\\\/#primaryimage\",\"url\":\"https:\\\/\\\/lasentinelle.dz\\\/wp-content\\\/uploads\\\/2025\\\/10\\\/GENZ212.jpg\",\"contentUrl\":\"https:\\\/\\\/lasentinelle.dz\\\/wp-content\\\/uploads\\\/2025\\\/10\\\/GENZ212.jpg\",\"width\":1280,\"height\":720},{\"@type\":\"BreadcrumbList\",\"@id\":\"https:\\\/\\\/lasentinelle.dz\\\/index.php\\\/2025\\\/12\\\/09\\\/la-jeunesse-marocaine-a-annonce-la-reprise-des-manifestations-la-colere-sociale-sintensifie-au-maroc\\\/#breadcrumb\",\"itemListElement\":[{\"@type\":\"ListItem\",\"position\":1,\"name\":\"Accueil\",\"item\":\"https:\\\/\\\/lasentinelle.dz\\\/\"},{\"@type\":\"ListItem\",\"position\":2,\"name\":\"La jeunesse marocaine a annonc\u00e9 la reprise des manifestations\u00a0: La col\u00e8re sociale s&rsquo;intensifie au Maroc\"}]},{\"@type\":\"WebSite\",\"@id\":\"https:\\\/\\\/lasentinelle.dz\\\/#website\",\"url\":\"https:\\\/\\\/lasentinelle.dz\\\/\",\"name\":\"La Sentinelle\",\"description\":\"Quotidien national d&#039;information\",\"publisher\":{\"@id\":\"https:\\\/\\\/lasentinelle.dz\\\/#organization\"},\"potentialAction\":[{\"@type\":\"SearchAction\",\"target\":{\"@type\":\"EntryPoint\",\"urlTemplate\":\"https:\\\/\\\/lasentinelle.dz\\\/?s={search_term_string}\"},\"query-input\":{\"@type\":\"PropertyValueSpecification\",\"valueRequired\":true,\"valueName\":\"search_term_string\"}}],\"inLanguage\":\"fr-FR\"},{\"@type\":\"Organization\",\"@id\":\"https:\\\/\\\/lasentinelle.dz\\\/#organization\",\"name\":\"Quotidien La Sentinelle\",\"url\":\"https:\\\/\\\/lasentinelle.dz\\\/\",\"logo\":{\"@type\":\"ImageObject\",\"inLanguage\":\"fr-FR\",\"@id\":\"https:\\\/\\\/lasentinelle.dz\\\/#\\\/schema\\\/logo\\\/image\\\/\",\"url\":\"https:\\\/\\\/lasentinelle.dz\\\/wp-content\\\/uploads\\\/2021\\\/09\\\/logo-sentinelleSLOGAN-1.png\",\"contentUrl\":\"https:\\\/\\\/lasentinelle.dz\\\/wp-content\\\/uploads\\\/2021\\\/09\\\/logo-sentinelleSLOGAN-1.png\",\"width\":615,\"height\":142,\"caption\":\"Quotidien La Sentinelle\"},\"image\":{\"@id\":\"https:\\\/\\\/lasentinelle.dz\\\/#\\\/schema\\\/logo\\\/image\\\/\"},\"sameAs\":[\"https:\\\/\\\/www.facebook.com\\\/La-Sentinelle-104059864394773\"]},{\"@type\":\"Person\",\"@id\":\"https:\\\/\\\/lasentinelle.dz\\\/#\\\/schema\\\/person\\\/729ee0024f24e0b8c5ec17232f8e8b41\",\"name\":\"admin\",\"image\":{\"@type\":\"ImageObject\",\"inLanguage\":\"fr-FR\",\"@id\":\"https:\\\/\\\/secure.gravatar.com\\\/avatar\\\/4c81fed838786e9b53f540bf46533e750f5d292099ae3b66cfc6fb1982e29df7?s=96&d=mm&r=g\",\"url\":\"https:\\\/\\\/secure.gravatar.com\\\/avatar\\\/4c81fed838786e9b53f540bf46533e750f5d292099ae3b66cfc6fb1982e29df7?s=96&d=mm&r=g\",\"contentUrl\":\"https:\\\/\\\/secure.gravatar.com\\\/avatar\\\/4c81fed838786e9b53f540bf46533e750f5d292099ae3b66cfc6fb1982e29df7?s=96&d=mm&r=g\",\"caption\":\"admin\"},\"description\":\"admin\",\"url\":\"https:\\\/\\\/lasentinelle.dz\\\/author\\\/admin\\\/\"}]}<\/script>\n<!-- \/ Yoast SEO plugin. -->","yoast_head_json":{"title":"La jeunesse marocaine a annonc\u00e9 la reprise des manifestations\u00a0: La col\u00e8re sociale s&rsquo;intensifie au Maroc - La Sentinelle","robots":{"index":"index","follow":"follow","max-snippet":"max-snippet:-1","max-image-preview":"max-image-preview:large","max-video-preview":"max-video-preview:-1"},"canonical":"https:\/\/lasentinelle.dz\/index.php\/2025\/12\/09\/la-jeunesse-marocaine-a-annonce-la-reprise-des-manifestations-la-colere-sociale-sintensifie-au-maroc\/","og_locale":"fr_FR","og_type":"article","og_title":"La jeunesse marocaine a annonc\u00e9 la reprise des manifestations\u00a0: La col\u00e8re sociale s&rsquo;intensifie au Maroc - La Sentinelle","og_description":"Le mouvement de la jeunesse marocaine a annonc\u00e9 samedi la reprise des manifestations pour le 10 d\u00e9cembre, journ\u00e9e internationale des","og_url":"https:\/\/lasentinelle.dz\/index.php\/2025\/12\/09\/la-jeunesse-marocaine-a-annonce-la-reprise-des-manifestations-la-colere-sociale-sintensifie-au-maroc\/","og_site_name":"La Sentinelle","article_publisher":"https:\/\/www.facebook.com\/La-Sentinelle-104059864394773","article_published_time":"2025-12-09T11:48:38+00:00","article_modified_time":"2025-12-09T11:48:39+00:00","og_image":[{"width":1280,"height":720,"url":"https:\/\/lasentinelle.dz\/wp-content\/uploads\/2025\/10\/GENZ212.jpg","type":"image\/jpeg"}],"author":"admin","twitter_card":"summary_large_image","twitter_misc":{"\u00c9crit par":"admin","Dur\u00e9e de lecture estim\u00e9e":"5 minutes"},"schema":{"@context":"https:\/\/schema.org","@graph":[{"@type":"Article","@id":"https:\/\/lasentinelle.dz\/index.php\/2025\/12\/09\/la-jeunesse-marocaine-a-annonce-la-reprise-des-manifestations-la-colere-sociale-sintensifie-au-maroc\/#article","isPartOf":{"@id":"https:\/\/lasentinelle.dz\/index.php\/2025\/12\/09\/la-jeunesse-marocaine-a-annonce-la-reprise-des-manifestations-la-colere-sociale-sintensifie-au-maroc\/"},"author":{"name":"admin","@id":"https:\/\/lasentinelle.dz\/#\/schema\/person\/729ee0024f24e0b8c5ec17232f8e8b41"},"headline":"La jeunesse marocaine a annonc\u00e9 la reprise des manifestations\u00a0: La col\u00e8re sociale s&rsquo;intensifie au Maroc","datePublished":"2025-12-09T11:48:38+00:00","dateModified":"2025-12-09T11:48:39+00:00","mainEntityOfPage":{"@id":"https:\/\/lasentinelle.dz\/index.php\/2025\/12\/09\/la-jeunesse-marocaine-a-annonce-la-reprise-des-manifestations-la-colere-sociale-sintensifie-au-maroc\/"},"wordCount":936,"commentCount":0,"publisher":{"@id":"https:\/\/lasentinelle.dz\/#organization"},"image":{"@id":"https:\/\/lasentinelle.dz\/index.php\/2025\/12\/09\/la-jeunesse-marocaine-a-annonce-la-reprise-des-manifestations-la-colere-sociale-sintensifie-au-maroc\/#primaryimage"},"thumbnailUrl":"https:\/\/lasentinelle.dz\/wp-content\/uploads\/2025\/10\/GENZ212.jpg","articleSection":["\u00c0 la Une","Monde"],"inLanguage":"fr-FR","potentialAction":[{"@type":"CommentAction","name":"Comment","target":["https:\/\/lasentinelle.dz\/index.php\/2025\/12\/09\/la-jeunesse-marocaine-a-annonce-la-reprise-des-manifestations-la-colere-sociale-sintensifie-au-maroc\/#respond"]}]},{"@type":"WebPage","@id":"https:\/\/lasentinelle.dz\/index.php\/2025\/12\/09\/la-jeunesse-marocaine-a-annonce-la-reprise-des-manifestations-la-colere-sociale-sintensifie-au-maroc\/","url":"https:\/\/lasentinelle.dz\/index.php\/2025\/12\/09\/la-jeunesse-marocaine-a-annonce-la-reprise-des-manifestations-la-colere-sociale-sintensifie-au-maroc\/","name":"La jeunesse marocaine a annonc\u00e9 la reprise des manifestations\u00a0: La col\u00e8re sociale s&rsquo;intensifie au Maroc - La Sentinelle","isPartOf":{"@id":"https:\/\/lasentinelle.dz\/#website"},"primaryImageOfPage":{"@id":"https:\/\/lasentinelle.dz\/index.php\/2025\/12\/09\/la-jeunesse-marocaine-a-annonce-la-reprise-des-manifestations-la-colere-sociale-sintensifie-au-maroc\/#primaryimage"},"image":{"@id":"https:\/\/lasentinelle.dz\/index.php\/2025\/12\/09\/la-jeunesse-marocaine-a-annonce-la-reprise-des-manifestations-la-colere-sociale-sintensifie-au-maroc\/#primaryimage"},"thumbnailUrl":"https:\/\/lasentinelle.dz\/wp-content\/uploads\/2025\/10\/GENZ212.jpg","datePublished":"2025-12-09T11:48:38+00:00","dateModified":"2025-12-09T11:48:39+00:00","breadcrumb":{"@id":"https:\/\/lasentinelle.dz\/index.php\/2025\/12\/09\/la-jeunesse-marocaine-a-annonce-la-reprise-des-manifestations-la-colere-sociale-sintensifie-au-maroc\/#breadcrumb"},"inLanguage":"fr-FR","potentialAction":[{"@type":"ReadAction","target":["https:\/\/lasentinelle.dz\/index.php\/2025\/12\/09\/la-jeunesse-marocaine-a-annonce-la-reprise-des-manifestations-la-colere-sociale-sintensifie-au-maroc\/"]}]},{"@type":"ImageObject","inLanguage":"fr-FR","@id":"https:\/\/lasentinelle.dz\/index.php\/2025\/12\/09\/la-jeunesse-marocaine-a-annonce-la-reprise-des-manifestations-la-colere-sociale-sintensifie-au-maroc\/#primaryimage","url":"https:\/\/lasentinelle.dz\/wp-content\/uploads\/2025\/10\/GENZ212.jpg","contentUrl":"https:\/\/lasentinelle.dz\/wp-content\/uploads\/2025\/10\/GENZ212.jpg","width":1280,"height":720},{"@type":"BreadcrumbList","@id":"https:\/\/lasentinelle.dz\/index.php\/2025\/12\/09\/la-jeunesse-marocaine-a-annonce-la-reprise-des-manifestations-la-colere-sociale-sintensifie-au-maroc\/#breadcrumb","itemListElement":[{"@type":"ListItem","position":1,"name":"Accueil","item":"https:\/\/lasentinelle.dz\/"},{"@type":"ListItem","position":2,"name":"La jeunesse marocaine a annonc\u00e9 la reprise des manifestations\u00a0: La col\u00e8re sociale s&rsquo;intensifie au Maroc"}]},{"@type":"WebSite","@id":"https:\/\/lasentinelle.dz\/#website","url":"https:\/\/lasentinelle.dz\/","name":"La Sentinelle","description":"Quotidien national d&#039;information","publisher":{"@id":"https:\/\/lasentinelle.dz\/#organization"},"potentialAction":[{"@type":"SearchAction","target":{"@type":"EntryPoint","urlTemplate":"https:\/\/lasentinelle.dz\/?s={search_term_string}"},"query-input":{"@type":"PropertyValueSpecification","valueRequired":true,"valueName":"search_term_string"}}],"inLanguage":"fr-FR"},{"@type":"Organization","@id":"https:\/\/lasentinelle.dz\/#organization","name":"Quotidien La Sentinelle","url":"https:\/\/lasentinelle.dz\/","logo":{"@type":"ImageObject","inLanguage":"fr-FR","@id":"https:\/\/lasentinelle.dz\/#\/schema\/logo\/image\/","url":"https:\/\/lasentinelle.dz\/wp-content\/uploads\/2021\/09\/logo-sentinelleSLOGAN-1.png","contentUrl":"https:\/\/lasentinelle.dz\/wp-content\/uploads\/2021\/09\/logo-sentinelleSLOGAN-1.png","width":615,"height":142,"caption":"Quotidien La Sentinelle"},"image":{"@id":"https:\/\/lasentinelle.dz\/#\/schema\/logo\/image\/"},"sameAs":["https:\/\/www.facebook.com\/La-Sentinelle-104059864394773"]},{"@type":"Person","@id":"https:\/\/lasentinelle.dz\/#\/schema\/person\/729ee0024f24e0b8c5ec17232f8e8b41","name":"admin","image":{"@type":"ImageObject","inLanguage":"fr-FR","@id":"https:\/\/secure.gravatar.com\/avatar\/4c81fed838786e9b53f540bf46533e750f5d292099ae3b66cfc6fb1982e29df7?s=96&d=mm&r=g","url":"https:\/\/secure.gravatar.com\/avatar\/4c81fed838786e9b53f540bf46533e750f5d292099ae3b66cfc6fb1982e29df7?s=96&d=mm&r=g","contentUrl":"https:\/\/secure.gravatar.com\/avatar\/4c81fed838786e9b53f540bf46533e750f5d292099ae3b66cfc6fb1982e29df7?s=96&d=mm&r=g","caption":"admin"},"description":"admin","url":"https:\/\/lasentinelle.dz\/author\/admin\/"}]}},"_links":{"self":[{"href":"https:\/\/lasentinelle.dz\/index.php\/wp-json\/wp\/v2\/posts\/77450","targetHints":{"allow":["GET"]}}],"collection":[{"href":"https:\/\/lasentinelle.dz\/index.php\/wp-json\/wp\/v2\/posts"}],"about":[{"href":"https:\/\/lasentinelle.dz\/index.php\/wp-json\/wp\/v2\/types\/post"}],"author":[{"embeddable":true,"href":"https:\/\/lasentinelle.dz\/index.php\/wp-json\/wp\/v2\/users\/6"}],"replies":[{"embeddable":true,"href":"https:\/\/lasentinelle.dz\/index.php\/wp-json\/wp\/v2\/comments?post=77450"}],"version-history":[{"count":2,"href":"https:\/\/lasentinelle.dz\/index.php\/wp-json\/wp\/v2\/posts\/77450\/revisions"}],"predecessor-version":[{"id":77452,"href":"https:\/\/lasentinelle.dz\/index.php\/wp-json\/wp\/v2\/posts\/77450\/revisions\/77452"}],"wp:featuredmedia":[{"embeddable":true,"href":"https:\/\/lasentinelle.dz\/index.php\/wp-json\/wp\/v2\/media\/74705"}],"wp:attachment":[{"href":"https:\/\/lasentinelle.dz\/index.php\/wp-json\/wp\/v2\/media?parent=77450"}],"wp:term":[{"taxonomy":"category","embeddable":true,"href":"https:\/\/lasentinelle.dz\/index.php\/wp-json\/wp\/v2\/categories?post=77450"},{"taxonomy":"post_tag","embeddable":true,"href":"https:\/\/lasentinelle.dz\/index.php\/wp-json\/wp\/v2\/tags?post=77450"}],"curies":[{"name":"wp","href":"https:\/\/api.w.org\/{rel}","templated":true}]}}