{"id":77457,"date":"2025-12-09T12:52:11","date_gmt":"2025-12-09T11:52:11","guid":{"rendered":"https:\/\/lasentinelle.dz\/?p=77457"},"modified":"2025-12-09T12:52:12","modified_gmt":"2025-12-09T11:52:12","slug":"judo-imad-benazoug-sadjuge-la-medaille-dor-du-north-americain","status":"publish","type":"post","link":"https:\/\/lasentinelle.dz\/index.php\/2025\/12\/09\/judo-imad-benazoug-sadjuge-la-medaille-dor-du-north-americain\/","title":{"rendered":"Judo :\u00a0Imad Benazoug s\u2019adjuge la m\u00e9daille d\u2019or du North Americain\u00a0"},"content":{"rendered":"\n<p>Le judoka alg\u00e9rien Imad Benazoug a d\u00e9croch\u00e9 dimanche une nouvelle m\u00e9daille d&rsquo;or lors du tournoi du North American Judo disput\u00e9 \u00e0 Wayne (\u00c9tats-Unis), confirmant son statut d&rsquo;\u00e9toile montante de la discipline depuis son installation \u00e0 Philadelphie il y a moins de quatre mois pour donner un nouvel \u00e9lan \u00e0 sa carri\u00e8re internationale.<\/p>\n\n\n\n<p>Install\u00e9 dans la m\u00e9tropole de Pennsylvanie depuis septembre dernier apr\u00e8s avoir quitt\u00e9 l&rsquo;Alg\u00e9rie o\u00f9 il \u00e9voluait successivement \u00e0 El Harrach puis \u00e0 Ouled El Bahia \u00e0 Oran, l&rsquo;international alg\u00e9rien de la cat\u00e9gorie des moins de 73 kilogrammes encha\u00eene les performances de haut niveau sur les tatamis am\u00e9ricains avec une r\u00e9gularit\u00e9 impressionnante. Son dernier succ\u00e8s dominical vient s&rsquo;ajouter \u00e0 une s\u00e9rie remarquable de r\u00e9sultats qui t\u00e9moigne d&rsquo;une adaptation express \u00e0 son nouvel environnement sportif. Depuis son arriv\u00e9e outre-Atlantique en septembre, Benazoug totalise d\u00e9sormais quatre m\u00e9dailles d&rsquo;or et une m\u00e9daille de bronze obtenues dans plusieurs tournois r\u00e9gionaux et nationaux am\u00e9ricains, un bilan qui force le respect et confirme le bien-fond\u00e9 de son choix de s&rsquo;expatrier pour progresser. Dans une d\u00e9claration accord\u00e9e \u00e0 l&rsquo;APS, l&rsquo;international alg\u00e9rien a soulign\u00e9 que cette nouvelle victoire confirme son adaptation fulgurante au circuit am\u00e9ricain, lui qui est pass\u00e9 en quelques semaines seulement du statut de nouvel arrivant \u00e0 celui d&rsquo;adversaire redout\u00e9 par l&rsquo;ensemble de ses concurrents dans sa cat\u00e9gorie de poids. Cette reconnaissance rapide de ses qualit\u00e9s techniques et de sa combativit\u00e9 sur les tatamis t\u00e9moigne du niveau d\u00e9j\u00e0 \u00e9lev\u00e9 qu&rsquo;il poss\u00e9dait avant son d\u00e9part d&rsquo;Alg\u00e9rie, mais aussi de sa capacit\u00e9 \u00e0 s&rsquo;adapter rapidement aux codes et aux styles de combat diff\u00e9rents qu&rsquo;il rencontre aux \u00c9tats-Unis.<\/p>\n\n\n\n<p>Le palmar\u00e8s am\u00e9ricain de Benazoug commence \u00e0 prendre de l&rsquo;\u00e9paisseur et dessine les contours d&rsquo;une aventure outre-Atlantique particuli\u00e8rement r\u00e9ussie jusqu&rsquo;\u00e0 pr\u00e9sent. D\u00e9j\u00e0 laur\u00e9at du tournoi North American Judo le 7 septembre dernier lors de sa premi\u00e8re participation \u00e0 cette comp\u00e9tition, il avait encha\u00een\u00e9 moins de deux semaines plus tard avec un nouveau titre au Liberty Bell 2025 le 21 septembre, confirmant imm\u00e9diatement sa capacit\u00e9 \u00e0 performer au plus haut niveau. Le 5 octobre, il remportait le Princeton Judo Fall Invitational, ajoutant une troisi\u00e8me m\u00e9daille d&rsquo;or cons\u00e9cutive \u00e0 son tableau de chasse am\u00e9ricain, avant de conclure le mois de novembre en beaut\u00e9 avec le titre de champion Northeastern, s&rsquo;imposant face \u00e0 des adversaires r\u00e9gionaux de qualit\u00e9. Cette dynamique ascendante remarqu\u00e9e fait d\u00e9sormais de lui l&rsquo;un des judokas les plus en vue du circuit nord-am\u00e9ricain dans sa cat\u00e9gorie.<\/p>\n\n\n\n<p>Pour le judoka alg\u00e9rien \u00e2g\u00e9 de 24 ans, cette nouvelle m\u00e9daille d&rsquo;or d\u00e9croch\u00e9e dimanche dernier lors de sa deuxi\u00e8me participation au tournoi du North American Judo valide surtout le choix audacieux et assum\u00e9 de franchir l&rsquo;Atlantique pour se donner les moyens de progresser dans un environnement diff\u00e9rent, de se confronter quotidiennement \u00e0 de nouveaux styles de combat et d&rsquo;enrichir consid\u00e9rablement son exp\u00e9rience internationale en c\u00f4toyant des judokas venus d&rsquo;horizons vari\u00e9s.&nbsp;&nbsp;Imad Benazoug s&rsquo;impose d\u00e9sormais comme l&rsquo;un des espoirs les plus prometteurs du judo alg\u00e9rien sur la sc\u00e8ne internationale, port\u00e9 par une ambition claire et affich\u00e9e qu&rsquo;il a lui-m\u00eame formul\u00e9e dans sa d\u00e9claration \u00e0 l&rsquo;APS. Son objectif est double et parfaitement assum\u00e9: \u00ab\u00a0briller \u00e0 l&rsquo;\u00e9tranger tout en faisant rayonner les couleurs nationales\u00a0\u00bb, une devise qui r\u00e9sume parfaitement sa d\u00e9marche sportive actuelle et ses aspirations futures.&nbsp;<\/p>\n\n\n\n<p><strong>M. Dahleb<\/strong><\/p>\n","protected":false},"excerpt":{"rendered":"<p>Le judoka alg\u00e9rien Imad Benazoug a d\u00e9croch\u00e9 dimanche une nouvelle m\u00e9daille d&rsquo;or lors du tournoi du North American Judo disput\u00e9<\/p>\n","protected":false},"author":6,"featured_media":77458,"comment_status":"open","ping_status":"closed","sticky":false,"template":"","format":"standard","meta":{"colormag_page_container_layout":"default_layout","colormag_page_sidebar_layout":"default_layout","om_disable_all_campaigns":false,"_monsterinsights_skip_tracking":false,"_monsterinsights_sitenote_active":false,"_monsterinsights_sitenote_note":"","_monsterinsights_sitenote_category":0,"footnotes":"","_wpscppro_dont_share_socialmedia":false,"_wpscppro_custom_social_share_image":0,"_facebook_share_type":"default","_twitter_share_type":"default","_linkedin_share_type":"default","_pinterest_share_type":"default","_linkedin_share_type_page":"","_instagram_share_type":"default","_medium_share_type":"default","_threads_share_type":"default","_google_business_share_type":"default","_selected_social_profile":[],"_wpsp_enable_custom_social_template":false,"_wpsp_social_scheduling":{"enabled":false,"datetime":null,"platforms":[],"status":"template_only","dateOption":"today","timeOption":"now","customDays":"","customHours":"","customDate":"","customTime":"","schedulingType":"absolute"},"_wpsp_active_default_template":true},"categories":[33],"tags":[],"class_list":["post-77457","post","type-post","status-publish","format-standard","has-post-thumbnail","hentry","category-sports"],"aioseo_notices":[],"yoast_head":"<!-- This site is optimized with the Yoast SEO plugin v27.5 - https:\/\/yoast.com\/product\/yoast-seo-wordpress\/ -->\n<title>Judo :\u00a0Imad Benazoug s\u2019adjuge la m\u00e9daille d\u2019or du North Americain\u00a0 - La Sentinelle<\/title>\n<meta name=\"robots\" content=\"index, follow, max-snippet:-1, max-image-preview:large, max-video-preview:-1\" \/>\n<link rel=\"canonical\" href=\"https:\/\/lasentinelle.dz\/index.php\/2025\/12\/09\/judo-imad-benazoug-sadjuge-la-medaille-dor-du-north-americain\/\" \/>\n<meta property=\"og:locale\" content=\"fr_FR\" \/>\n<meta property=\"og:type\" content=\"article\" \/>\n<meta property=\"og:title\" content=\"Judo :\u00a0Imad Benazoug s\u2019adjuge la m\u00e9daille d\u2019or du North Americain\u00a0 - La Sentinelle\" \/>\n<meta property=\"og:description\" content=\"Le judoka alg\u00e9rien Imad Benazoug a d\u00e9croch\u00e9 dimanche une nouvelle m\u00e9daille d&rsquo;or lors du tournoi du North American Judo disput\u00e9\" \/>\n<meta property=\"og:url\" content=\"https:\/\/lasentinelle.dz\/index.php\/2025\/12\/09\/judo-imad-benazoug-sadjuge-la-medaille-dor-du-north-americain\/\" \/>\n<meta property=\"og:site_name\" content=\"La Sentinelle\" \/>\n<meta property=\"article:publisher\" content=\"https:\/\/www.facebook.com\/La-Sentinelle-104059864394773\" \/>\n<meta property=\"article:published_time\" content=\"2025-12-09T11:52:11+00:00\" \/>\n<meta property=\"article:modified_time\" content=\"2025-12-09T11:52:12+00:00\" \/>\n<meta property=\"og:image\" content=\"https:\/\/lasentinelle.dz\/wp-content\/uploads\/2025\/12\/Imad-Benazoug-.jpg\" \/>\n\t<meta property=\"og:image:width\" content=\"745\" \/>\n\t<meta property=\"og:image:height\" content=\"470\" \/>\n\t<meta property=\"og:image:type\" content=\"image\/jpeg\" \/>\n<meta name=\"author\" content=\"admin\" \/>\n<meta name=\"twitter:card\" content=\"summary_large_image\" \/>\n<meta name=\"twitter:label1\" content=\"\u00c9crit par\" \/>\n\t<meta name=\"twitter:data1\" content=\"admin\" \/>\n\t<meta name=\"twitter:label2\" content=\"Dur\u00e9e de lecture estim\u00e9e\" \/>\n\t<meta name=\"twitter:data2\" content=\"3 minutes\" \/>\n<script type=\"application\/ld+json\" class=\"yoast-schema-graph\">{\"@context\":\"https:\\\/\\\/schema.org\",\"@graph\":[{\"@type\":\"Article\",\"@id\":\"https:\\\/\\\/lasentinelle.dz\\\/index.php\\\/2025\\\/12\\\/09\\\/judo-imad-benazoug-sadjuge-la-medaille-dor-du-north-americain\\\/#article\",\"isPartOf\":{\"@id\":\"https:\\\/\\\/lasentinelle.dz\\\/index.php\\\/2025\\\/12\\\/09\\\/judo-imad-benazoug-sadjuge-la-medaille-dor-du-north-americain\\\/\"},\"author\":{\"name\":\"admin\",\"@id\":\"https:\\\/\\\/lasentinelle.dz\\\/#\\\/schema\\\/person\\\/729ee0024f24e0b8c5ec17232f8e8b41\"},\"headline\":\"Judo :\u00a0Imad Benazoug s\u2019adjuge la m\u00e9daille d\u2019or du North Americain\u00a0\",\"datePublished\":\"2025-12-09T11:52:11+00:00\",\"dateModified\":\"2025-12-09T11:52:12+00:00\",\"mainEntityOfPage\":{\"@id\":\"https:\\\/\\\/lasentinelle.dz\\\/index.php\\\/2025\\\/12\\\/09\\\/judo-imad-benazoug-sadjuge-la-medaille-dor-du-north-americain\\\/\"},\"wordCount\":626,\"commentCount\":0,\"publisher\":{\"@id\":\"https:\\\/\\\/lasentinelle.dz\\\/#organization\"},\"image\":{\"@id\":\"https:\\\/\\\/lasentinelle.dz\\\/index.php\\\/2025\\\/12\\\/09\\\/judo-imad-benazoug-sadjuge-la-medaille-dor-du-north-americain\\\/#primaryimage\"},\"thumbnailUrl\":\"https:\\\/\\\/lasentinelle.dz\\\/wp-content\\\/uploads\\\/2025\\\/12\\\/Imad-Benazoug-.jpg\",\"articleSection\":[\"Sports\"],\"inLanguage\":\"fr-FR\",\"potentialAction\":[{\"@type\":\"CommentAction\",\"name\":\"Comment\",\"target\":[\"https:\\\/\\\/lasentinelle.dz\\\/index.php\\\/2025\\\/12\\\/09\\\/judo-imad-benazoug-sadjuge-la-medaille-dor-du-north-americain\\\/#respond\"]}]},{\"@type\":\"WebPage\",\"@id\":\"https:\\\/\\\/lasentinelle.dz\\\/index.php\\\/2025\\\/12\\\/09\\\/judo-imad-benazoug-sadjuge-la-medaille-dor-du-north-americain\\\/\",\"url\":\"https:\\\/\\\/lasentinelle.dz\\\/index.php\\\/2025\\\/12\\\/09\\\/judo-imad-benazoug-sadjuge-la-medaille-dor-du-north-americain\\\/\",\"name\":\"Judo :\u00a0Imad Benazoug s\u2019adjuge la m\u00e9daille d\u2019or du North Americain\u00a0 - La Sentinelle\",\"isPartOf\":{\"@id\":\"https:\\\/\\\/lasentinelle.dz\\\/#website\"},\"primaryImageOfPage\":{\"@id\":\"https:\\\/\\\/lasentinelle.dz\\\/index.php\\\/2025\\\/12\\\/09\\\/judo-imad-benazoug-sadjuge-la-medaille-dor-du-north-americain\\\/#primaryimage\"},\"image\":{\"@id\":\"https:\\\/\\\/lasentinelle.dz\\\/index.php\\\/2025\\\/12\\\/09\\\/judo-imad-benazoug-sadjuge-la-medaille-dor-du-north-americain\\\/#primaryimage\"},\"thumbnailUrl\":\"https:\\\/\\\/lasentinelle.dz\\\/wp-content\\\/uploads\\\/2025\\\/12\\\/Imad-Benazoug-.jpg\",\"datePublished\":\"2025-12-09T11:52:11+00:00\",\"dateModified\":\"2025-12-09T11:52:12+00:00\",\"breadcrumb\":{\"@id\":\"https:\\\/\\\/lasentinelle.dz\\\/index.php\\\/2025\\\/12\\\/09\\\/judo-imad-benazoug-sadjuge-la-medaille-dor-du-north-americain\\\/#breadcrumb\"},\"inLanguage\":\"fr-FR\",\"potentialAction\":[{\"@type\":\"ReadAction\",\"target\":[\"https:\\\/\\\/lasentinelle.dz\\\/index.php\\\/2025\\\/12\\\/09\\\/judo-imad-benazoug-sadjuge-la-medaille-dor-du-north-americain\\\/\"]}]},{\"@type\":\"ImageObject\",\"inLanguage\":\"fr-FR\",\"@id\":\"https:\\\/\\\/lasentinelle.dz\\\/index.php\\\/2025\\\/12\\\/09\\\/judo-imad-benazoug-sadjuge-la-medaille-dor-du-north-americain\\\/#primaryimage\",\"url\":\"https:\\\/\\\/lasentinelle.dz\\\/wp-content\\\/uploads\\\/2025\\\/12\\\/Imad-Benazoug-.jpg\",\"contentUrl\":\"https:\\\/\\\/lasentinelle.dz\\\/wp-content\\\/uploads\\\/2025\\\/12\\\/Imad-Benazoug-.jpg\",\"width\":745,\"height\":470},{\"@type\":\"BreadcrumbList\",\"@id\":\"https:\\\/\\\/lasentinelle.dz\\\/index.php\\\/2025\\\/12\\\/09\\\/judo-imad-benazoug-sadjuge-la-medaille-dor-du-north-americain\\\/#breadcrumb\",\"itemListElement\":[{\"@type\":\"ListItem\",\"position\":1,\"name\":\"Accueil\",\"item\":\"https:\\\/\\\/lasentinelle.dz\\\/\"},{\"@type\":\"ListItem\",\"position\":2,\"name\":\"Judo :\u00a0Imad Benazoug s\u2019adjuge la m\u00e9daille d\u2019or du North Americain\u00a0\"}]},{\"@type\":\"WebSite\",\"@id\":\"https:\\\/\\\/lasentinelle.dz\\\/#website\",\"url\":\"https:\\\/\\\/lasentinelle.dz\\\/\",\"name\":\"La Sentinelle\",\"description\":\"Quotidien national d&#039;information\",\"publisher\":{\"@id\":\"https:\\\/\\\/lasentinelle.dz\\\/#organization\"},\"potentialAction\":[{\"@type\":\"SearchAction\",\"target\":{\"@type\":\"EntryPoint\",\"urlTemplate\":\"https:\\\/\\\/lasentinelle.dz\\\/?s={search_term_string}\"},\"query-input\":{\"@type\":\"PropertyValueSpecification\",\"valueRequired\":true,\"valueName\":\"search_term_string\"}}],\"inLanguage\":\"fr-FR\"},{\"@type\":\"Organization\",\"@id\":\"https:\\\/\\\/lasentinelle.dz\\\/#organization\",\"name\":\"Quotidien La Sentinelle\",\"url\":\"https:\\\/\\\/lasentinelle.dz\\\/\",\"logo\":{\"@type\":\"ImageObject\",\"inLanguage\":\"fr-FR\",\"@id\":\"https:\\\/\\\/lasentinelle.dz\\\/#\\\/schema\\\/logo\\\/image\\\/\",\"url\":\"https:\\\/\\\/lasentinelle.dz\\\/wp-content\\\/uploads\\\/2021\\\/09\\\/logo-sentinelleSLOGAN-1.png\",\"contentUrl\":\"https:\\\/\\\/lasentinelle.dz\\\/wp-content\\\/uploads\\\/2021\\\/09\\\/logo-sentinelleSLOGAN-1.png\",\"width\":615,\"height\":142,\"caption\":\"Quotidien La Sentinelle\"},\"image\":{\"@id\":\"https:\\\/\\\/lasentinelle.dz\\\/#\\\/schema\\\/logo\\\/image\\\/\"},\"sameAs\":[\"https:\\\/\\\/www.facebook.com\\\/La-Sentinelle-104059864394773\"]},{\"@type\":\"Person\",\"@id\":\"https:\\\/\\\/lasentinelle.dz\\\/#\\\/schema\\\/person\\\/729ee0024f24e0b8c5ec17232f8e8b41\",\"name\":\"admin\",\"image\":{\"@type\":\"ImageObject\",\"inLanguage\":\"fr-FR\",\"@id\":\"https:\\\/\\\/secure.gravatar.com\\\/avatar\\\/4c81fed838786e9b53f540bf46533e750f5d292099ae3b66cfc6fb1982e29df7?s=96&d=mm&r=g\",\"url\":\"https:\\\/\\\/secure.gravatar.com\\\/avatar\\\/4c81fed838786e9b53f540bf46533e750f5d292099ae3b66cfc6fb1982e29df7?s=96&d=mm&r=g\",\"contentUrl\":\"https:\\\/\\\/secure.gravatar.com\\\/avatar\\\/4c81fed838786e9b53f540bf46533e750f5d292099ae3b66cfc6fb1982e29df7?s=96&d=mm&r=g\",\"caption\":\"admin\"},\"description\":\"admin\",\"url\":\"https:\\\/\\\/lasentinelle.dz\\\/author\\\/admin\\\/\"}]}<\/script>\n<!-- \/ Yoast SEO plugin. -->","yoast_head_json":{"title":"Judo :\u00a0Imad Benazoug s\u2019adjuge la m\u00e9daille d\u2019or du North Americain\u00a0 - La Sentinelle","robots":{"index":"index","follow":"follow","max-snippet":"max-snippet:-1","max-image-preview":"max-image-preview:large","max-video-preview":"max-video-preview:-1"},"canonical":"https:\/\/lasentinelle.dz\/index.php\/2025\/12\/09\/judo-imad-benazoug-sadjuge-la-medaille-dor-du-north-americain\/","og_locale":"fr_FR","og_type":"article","og_title":"Judo :\u00a0Imad Benazoug s\u2019adjuge la m\u00e9daille d\u2019or du North Americain\u00a0 - La Sentinelle","og_description":"Le judoka alg\u00e9rien Imad Benazoug a d\u00e9croch\u00e9 dimanche une nouvelle m\u00e9daille d&rsquo;or lors du tournoi du North American Judo disput\u00e9","og_url":"https:\/\/lasentinelle.dz\/index.php\/2025\/12\/09\/judo-imad-benazoug-sadjuge-la-medaille-dor-du-north-americain\/","og_site_name":"La Sentinelle","article_publisher":"https:\/\/www.facebook.com\/La-Sentinelle-104059864394773","article_published_time":"2025-12-09T11:52:11+00:00","article_modified_time":"2025-12-09T11:52:12+00:00","og_image":[{"width":745,"height":470,"url":"https:\/\/lasentinelle.dz\/wp-content\/uploads\/2025\/12\/Imad-Benazoug-.jpg","type":"image\/jpeg"}],"author":"admin","twitter_card":"summary_large_image","twitter_misc":{"\u00c9crit par":"admin","Dur\u00e9e de lecture estim\u00e9e":"3 minutes"},"schema":{"@context":"https:\/\/schema.org","@graph":[{"@type":"Article","@id":"https:\/\/lasentinelle.dz\/index.php\/2025\/12\/09\/judo-imad-benazoug-sadjuge-la-medaille-dor-du-north-americain\/#article","isPartOf":{"@id":"https:\/\/lasentinelle.dz\/index.php\/2025\/12\/09\/judo-imad-benazoug-sadjuge-la-medaille-dor-du-north-americain\/"},"author":{"name":"admin","@id":"https:\/\/lasentinelle.dz\/#\/schema\/person\/729ee0024f24e0b8c5ec17232f8e8b41"},"headline":"Judo :\u00a0Imad Benazoug s\u2019adjuge la m\u00e9daille d\u2019or du North Americain\u00a0","datePublished":"2025-12-09T11:52:11+00:00","dateModified":"2025-12-09T11:52:12+00:00","mainEntityOfPage":{"@id":"https:\/\/lasentinelle.dz\/index.php\/2025\/12\/09\/judo-imad-benazoug-sadjuge-la-medaille-dor-du-north-americain\/"},"wordCount":626,"commentCount":0,"publisher":{"@id":"https:\/\/lasentinelle.dz\/#organization"},"image":{"@id":"https:\/\/lasentinelle.dz\/index.php\/2025\/12\/09\/judo-imad-benazoug-sadjuge-la-medaille-dor-du-north-americain\/#primaryimage"},"thumbnailUrl":"https:\/\/lasentinelle.dz\/wp-content\/uploads\/2025\/12\/Imad-Benazoug-.jpg","articleSection":["Sports"],"inLanguage":"fr-FR","potentialAction":[{"@type":"CommentAction","name":"Comment","target":["https:\/\/lasentinelle.dz\/index.php\/2025\/12\/09\/judo-imad-benazoug-sadjuge-la-medaille-dor-du-north-americain\/#respond"]}]},{"@type":"WebPage","@id":"https:\/\/lasentinelle.dz\/index.php\/2025\/12\/09\/judo-imad-benazoug-sadjuge-la-medaille-dor-du-north-americain\/","url":"https:\/\/lasentinelle.dz\/index.php\/2025\/12\/09\/judo-imad-benazoug-sadjuge-la-medaille-dor-du-north-americain\/","name":"Judo :\u00a0Imad Benazoug s\u2019adjuge la m\u00e9daille d\u2019or du North Americain\u00a0 - La Sentinelle","isPartOf":{"@id":"https:\/\/lasentinelle.dz\/#website"},"primaryImageOfPage":{"@id":"https:\/\/lasentinelle.dz\/index.php\/2025\/12\/09\/judo-imad-benazoug-sadjuge-la-medaille-dor-du-north-americain\/#primaryimage"},"image":{"@id":"https:\/\/lasentinelle.dz\/index.php\/2025\/12\/09\/judo-imad-benazoug-sadjuge-la-medaille-dor-du-north-americain\/#primaryimage"},"thumbnailUrl":"https:\/\/lasentinelle.dz\/wp-content\/uploads\/2025\/12\/Imad-Benazoug-.jpg","datePublished":"2025-12-09T11:52:11+00:00","dateModified":"2025-12-09T11:52:12+00:00","breadcrumb":{"@id":"https:\/\/lasentinelle.dz\/index.php\/2025\/12\/09\/judo-imad-benazoug-sadjuge-la-medaille-dor-du-north-americain\/#breadcrumb"},"inLanguage":"fr-FR","potentialAction":[{"@type":"ReadAction","target":["https:\/\/lasentinelle.dz\/index.php\/2025\/12\/09\/judo-imad-benazoug-sadjuge-la-medaille-dor-du-north-americain\/"]}]},{"@type":"ImageObject","inLanguage":"fr-FR","@id":"https:\/\/lasentinelle.dz\/index.php\/2025\/12\/09\/judo-imad-benazoug-sadjuge-la-medaille-dor-du-north-americain\/#primaryimage","url":"https:\/\/lasentinelle.dz\/wp-content\/uploads\/2025\/12\/Imad-Benazoug-.jpg","contentUrl":"https:\/\/lasentinelle.dz\/wp-content\/uploads\/2025\/12\/Imad-Benazoug-.jpg","width":745,"height":470},{"@type":"BreadcrumbList","@id":"https:\/\/lasentinelle.dz\/index.php\/2025\/12\/09\/judo-imad-benazoug-sadjuge-la-medaille-dor-du-north-americain\/#breadcrumb","itemListElement":[{"@type":"ListItem","position":1,"name":"Accueil","item":"https:\/\/lasentinelle.dz\/"},{"@type":"ListItem","position":2,"name":"Judo :\u00a0Imad Benazoug s\u2019adjuge la m\u00e9daille d\u2019or du North Americain\u00a0"}]},{"@type":"WebSite","@id":"https:\/\/lasentinelle.dz\/#website","url":"https:\/\/lasentinelle.dz\/","name":"La Sentinelle","description":"Quotidien national d&#039;information","publisher":{"@id":"https:\/\/lasentinelle.dz\/#organization"},"potentialAction":[{"@type":"SearchAction","target":{"@type":"EntryPoint","urlTemplate":"https:\/\/lasentinelle.dz\/?s={search_term_string}"},"query-input":{"@type":"PropertyValueSpecification","valueRequired":true,"valueName":"search_term_string"}}],"inLanguage":"fr-FR"},{"@type":"Organization","@id":"https:\/\/lasentinelle.dz\/#organization","name":"Quotidien La Sentinelle","url":"https:\/\/lasentinelle.dz\/","logo":{"@type":"ImageObject","inLanguage":"fr-FR","@id":"https:\/\/lasentinelle.dz\/#\/schema\/logo\/image\/","url":"https:\/\/lasentinelle.dz\/wp-content\/uploads\/2021\/09\/logo-sentinelleSLOGAN-1.png","contentUrl":"https:\/\/lasentinelle.dz\/wp-content\/uploads\/2021\/09\/logo-sentinelleSLOGAN-1.png","width":615,"height":142,"caption":"Quotidien La Sentinelle"},"image":{"@id":"https:\/\/lasentinelle.dz\/#\/schema\/logo\/image\/"},"sameAs":["https:\/\/www.facebook.com\/La-Sentinelle-104059864394773"]},{"@type":"Person","@id":"https:\/\/lasentinelle.dz\/#\/schema\/person\/729ee0024f24e0b8c5ec17232f8e8b41","name":"admin","image":{"@type":"ImageObject","inLanguage":"fr-FR","@id":"https:\/\/secure.gravatar.com\/avatar\/4c81fed838786e9b53f540bf46533e750f5d292099ae3b66cfc6fb1982e29df7?s=96&d=mm&r=g","url":"https:\/\/secure.gravatar.com\/avatar\/4c81fed838786e9b53f540bf46533e750f5d292099ae3b66cfc6fb1982e29df7?s=96&d=mm&r=g","contentUrl":"https:\/\/secure.gravatar.com\/avatar\/4c81fed838786e9b53f540bf46533e750f5d292099ae3b66cfc6fb1982e29df7?s=96&d=mm&r=g","caption":"admin"},"description":"admin","url":"https:\/\/lasentinelle.dz\/author\/admin\/"}]}},"_links":{"self":[{"href":"https:\/\/lasentinelle.dz\/index.php\/wp-json\/wp\/v2\/posts\/77457","targetHints":{"allow":["GET"]}}],"collection":[{"href":"https:\/\/lasentinelle.dz\/index.php\/wp-json\/wp\/v2\/posts"}],"about":[{"href":"https:\/\/lasentinelle.dz\/index.php\/wp-json\/wp\/v2\/types\/post"}],"author":[{"embeddable":true,"href":"https:\/\/lasentinelle.dz\/index.php\/wp-json\/wp\/v2\/users\/6"}],"replies":[{"embeddable":true,"href":"https:\/\/lasentinelle.dz\/index.php\/wp-json\/wp\/v2\/comments?post=77457"}],"version-history":[{"count":1,"href":"https:\/\/lasentinelle.dz\/index.php\/wp-json\/wp\/v2\/posts\/77457\/revisions"}],"predecessor-version":[{"id":77459,"href":"https:\/\/lasentinelle.dz\/index.php\/wp-json\/wp\/v2\/posts\/77457\/revisions\/77459"}],"wp:featuredmedia":[{"embeddable":true,"href":"https:\/\/lasentinelle.dz\/index.php\/wp-json\/wp\/v2\/media\/77458"}],"wp:attachment":[{"href":"https:\/\/lasentinelle.dz\/index.php\/wp-json\/wp\/v2\/media?parent=77457"}],"wp:term":[{"taxonomy":"category","embeddable":true,"href":"https:\/\/lasentinelle.dz\/index.php\/wp-json\/wp\/v2\/categories?post=77457"},{"taxonomy":"post_tag","embeddable":true,"href":"https:\/\/lasentinelle.dz\/index.php\/wp-json\/wp\/v2\/tags?post=77457"}],"curies":[{"name":"wp","href":"https:\/\/api.w.org\/{rel}","templated":true}]}}