{"id":77460,"date":"2025-12-09T12:53:40","date_gmt":"2025-12-09T11:53:40","guid":{"rendered":"https:\/\/lasentinelle.dz\/?p=77460"},"modified":"2025-12-09T12:53:41","modified_gmt":"2025-12-09T11:53:41","slug":"12e-aiff-le-film-palestinien-passing-dreams-projete-en-competition","status":"publish","type":"post","link":"https:\/\/lasentinelle.dz\/index.php\/2025\/12\/09\/12e-aiff-le-film-palestinien-passing-dreams-projete-en-competition\/","title":{"rendered":"12e AIFF\u00a0: Le film palestinien \u00ab\u00a0Passing dreams\u00a0\u00bb projet\u00e9 en comp\u00e9tition"},"content":{"rendered":"\n<p>La salle Ibn Zeydoun d&rsquo;Alger a accueilli dimanche soir la projection en comp\u00e9tition de \u00ab\u00a0Passing dreams\u00a0\u00bb (Songes), long m\u00e9trage de fiction du r\u00e9alisateur palestinien Rachid Masharawi, dans le cadre de la douzi\u00e8me \u00e9dition du Festival international du film d&rsquo;Alger. Cette \u0153uvre poignante, qui met en lumi\u00e8re le quotidien difficile des Palestiniens sous occupation et leurs aspirations \u00e0 une vie meilleure, s&rsquo;inscrit dans la riche programmation d&rsquo;un festival qui rassemble jusqu&rsquo;au 10 d\u00e9cembre une centaine de films issus de 28 pays, avec Cuba comme invit\u00e9 d&rsquo;honneur. D&rsquo;une dur\u00e9e de 85&nbsp;&nbsp;minutes, le film raconte l&rsquo;histoire touchante de Sami, un gar\u00e7on de 12 ans interpr\u00e9t\u00e9 par Adel Abou Ayache, qui se lance dans une aventure extraordinaire le menant de son camp de r\u00e9fugi\u00e9s de Kalandia, situ\u00e9 pr\u00e8s d&rsquo;El Qods occup\u00e9e, jusqu&rsquo;\u00e0 la ville c\u00f4ti\u00e8re de Ha\u00effa, dans l&rsquo;espoir de retrouver son pigeon disparu. Persuad\u00e9 que l&rsquo;oiseau que lui a offert son oncle est retourn\u00e9 \u00e0 son lieu de naissance, ce jeune gar\u00e7on ing\u00e9nu convainc son oncle Kamal, camp\u00e9 par l&rsquo;acteur Ashraf Barhoum, et sa fille Myriam de l&rsquo;accompagner dans ce p\u00e9riple \u00e0 la recherche du volatile perdu. Ce qui d\u00e9bute comme une simple qu\u00eate enfantine se transforme progressivement en un voyage initiatique qui r\u00e9v\u00e8le les multiples facettes de la r\u00e9alit\u00e9 palestinienne. De ce bref voyage initial se multiplient les distances, donnant naissance \u00e0 un v\u00e9ritable road-movie o\u00f9 les \u00e9v\u00e9nements et les sc\u00e8nes s&rsquo;encha\u00eenent dans un style rythm\u00e9 et harmonieux qui maintient l&rsquo;attention du spectateur tout au long du r\u00e9cit.<\/p>\n\n\n\n<p>Transcendant les limites d&rsquo;un seul espace g\u00e9ographique, le film s&rsquo;ouvre \u00e0 plusieurs zones situ\u00e9es dans les territoires occup\u00e9s, faisant ressortir des images qui traduisent avec force la complexit\u00e9 et les difficult\u00e9s auxquelles font face les Palestiniens rencontr\u00e9s en chemin. Le sc\u00e9nario, enti\u00e8rement \u00e9crit par Rachid Masharawi, brosse un tableau saisissant de la r\u00e9alit\u00e9 palestinienne sous occupation, d\u00e9crivant avec justesse des atmosph\u00e8res marqu\u00e9es par la haine, la peur et le rejet qui impr\u00e8gnent le quotidien des personnages. En filigrane, cette fiction t\u00e9moigne de la r\u00e9alit\u00e9 concr\u00e8te des relations entre Palestiniens et le colonisateur sioniste \u00e0 travers la repr\u00e9sentation des points de contr\u00f4le omnipr\u00e9sents, des fouilles humiliantes et de la pr\u00e9sence militaire constante qui rythme la vie des habitants.<\/p>\n\n\n\n<p>Mais le film ne se limite pas \u00e0 une vision sombre et d\u00e9sesp\u00e9r\u00e9e. Rachid Masharawi prend soin de montrer \u00e9galement de magnifiques plans des paysages rocailleux de la Palestine, ses march\u00e9s color\u00e9s et anim\u00e9s, ses ruelles pleines de vie et ses habitants \u00e0 travers des sc\u00e8nes quotidiennes qui laissent transpara\u00eetre l&#8217;empathie, la solidarit\u00e9 et la patience malgr\u00e9 des conditions d&rsquo;existence extr\u00eamement difficiles. Cette dualit\u00e9 entre la beaut\u00e9 naturelle du pays et la duret\u00e9 de l&rsquo;occupation conf\u00e8re au film une dimension po\u00e9tique qui ne verse jamais dans le mis\u00e9rabilisme.<\/p>\n\n\n\n<p>L&rsquo;innocence du regard enfantin de Sami sert de fil conducteur pour explorer les contradictions et les absurdit\u00e9s de la situation palestinienne. Sa qu\u00eate apparemment simple d&rsquo;un pigeon perdu devient une m\u00e9taphore puissante de la recherche d&rsquo;une libert\u00e9 confisqu\u00e9e, d&rsquo;un retour impossible et d&rsquo;un espoir qui persiste malgr\u00e9 tous les obstacles. Le choix d&rsquo;un enfant comme protagoniste permet au r\u00e9alisateur d&rsquo;aborder frontalement les questions politiques tout en maintenant une fra\u00eecheur narrative qui rend le propos accessible \u00e0 un large public. \u00ab\u00a0Passing dreams\u00a0\u00bb a d\u00e9j\u00e0 connu une reconnaissance internationale significative depuis sa sortie. Projet\u00e9 en avant-premi\u00e8re lors de la 45<sup>e<\/sup>&nbsp;\u00e9dition du Festival du film du Caire en \u00c9gypte en 2024, le film a \u00e9t\u00e9 distingu\u00e9 \u00e0 plusieurs reprises, notamment par le prix du meilleur film palestinien d\u00e9cern\u00e9 par l&rsquo;Union de la Radio et de la T\u00e9l\u00e9vision de l&rsquo;Organisation de la coop\u00e9ration islamique.&nbsp;<\/p>\n\n\n\n<p>M.S.<\/p>\n","protected":false},"excerpt":{"rendered":"<p>La salle Ibn Zeydoun d&rsquo;Alger a accueilli dimanche soir la projection en comp\u00e9tition de \u00ab\u00a0Passing dreams\u00a0\u00bb (Songes), long m\u00e9trage de<\/p>\n","protected":false},"author":6,"featured_media":77461,"comment_status":"open","ping_status":"closed","sticky":false,"template":"","format":"standard","meta":{"colormag_page_container_layout":"default_layout","colormag_page_sidebar_layout":"default_layout","om_disable_all_campaigns":false,"_monsterinsights_skip_tracking":false,"_monsterinsights_sitenote_active":false,"_monsterinsights_sitenote_note":"","_monsterinsights_sitenote_category":0,"footnotes":"","_wpscppro_dont_share_socialmedia":false,"_wpscppro_custom_social_share_image":0,"_facebook_share_type":"default","_twitter_share_type":"default","_linkedin_share_type":"default","_pinterest_share_type":"default","_linkedin_share_type_page":"","_instagram_share_type":"default","_medium_share_type":"default","_threads_share_type":"default","_google_business_share_type":"default","_selected_social_profile":[],"_wpsp_enable_custom_social_template":false,"_wpsp_social_scheduling":{"enabled":false,"datetime":null,"platforms":[],"status":"template_only","dateOption":"today","timeOption":"now","customDays":"","customHours":"","customDate":"","customTime":"","schedulingType":"absolute"},"_wpsp_active_default_template":true},"categories":[36],"tags":[],"class_list":["post-77460","post","type-post","status-publish","format-standard","has-post-thumbnail","hentry","category-culture"],"aioseo_notices":[],"yoast_head":"<!-- This site is optimized with the Yoast SEO plugin v27.5 - https:\/\/yoast.com\/product\/yoast-seo-wordpress\/ -->\n<title>12e AIFF\u00a0: Le film palestinien \u00ab\u00a0Passing dreams\u00a0\u00bb projet\u00e9 en comp\u00e9tition - La Sentinelle<\/title>\n<meta name=\"robots\" content=\"index, follow, max-snippet:-1, max-image-preview:large, max-video-preview:-1\" \/>\n<link rel=\"canonical\" href=\"https:\/\/lasentinelle.dz\/index.php\/2025\/12\/09\/12e-aiff-le-film-palestinien-passing-dreams-projete-en-competition\/\" \/>\n<meta property=\"og:locale\" content=\"fr_FR\" \/>\n<meta property=\"og:type\" content=\"article\" \/>\n<meta property=\"og:title\" content=\"12e AIFF\u00a0: Le film palestinien \u00ab\u00a0Passing dreams\u00a0\u00bb projet\u00e9 en comp\u00e9tition - La Sentinelle\" \/>\n<meta property=\"og:description\" content=\"La salle Ibn Zeydoun d&rsquo;Alger a accueilli dimanche soir la projection en comp\u00e9tition de \u00ab\u00a0Passing dreams\u00a0\u00bb (Songes), long m\u00e9trage de\" \/>\n<meta property=\"og:url\" content=\"https:\/\/lasentinelle.dz\/index.php\/2025\/12\/09\/12e-aiff-le-film-palestinien-passing-dreams-projete-en-competition\/\" \/>\n<meta property=\"og:site_name\" content=\"La Sentinelle\" \/>\n<meta property=\"article:publisher\" content=\"https:\/\/www.facebook.com\/La-Sentinelle-104059864394773\" \/>\n<meta property=\"article:published_time\" content=\"2025-12-09T11:53:40+00:00\" \/>\n<meta property=\"article:modified_time\" content=\"2025-12-09T11:53:41+00:00\" \/>\n<meta property=\"og:image\" content=\"https:\/\/lasentinelle.dz\/wp-content\/uploads\/2025\/12\/Passing-dreams.webp\" \/>\n\t<meta property=\"og:image:width\" content=\"1000\" \/>\n\t<meta property=\"og:image:height\" content=\"790\" \/>\n\t<meta property=\"og:image:type\" content=\"image\/webp\" \/>\n<meta name=\"author\" content=\"admin\" \/>\n<meta name=\"twitter:card\" content=\"summary_large_image\" \/>\n<meta name=\"twitter:label1\" content=\"\u00c9crit par\" \/>\n\t<meta name=\"twitter:data1\" content=\"admin\" \/>\n\t<meta name=\"twitter:label2\" content=\"Dur\u00e9e de lecture estim\u00e9e\" \/>\n\t<meta name=\"twitter:data2\" content=\"4 minutes\" \/>\n<script type=\"application\/ld+json\" class=\"yoast-schema-graph\">{\"@context\":\"https:\\\/\\\/schema.org\",\"@graph\":[{\"@type\":\"Article\",\"@id\":\"https:\\\/\\\/lasentinelle.dz\\\/index.php\\\/2025\\\/12\\\/09\\\/12e-aiff-le-film-palestinien-passing-dreams-projete-en-competition\\\/#article\",\"isPartOf\":{\"@id\":\"https:\\\/\\\/lasentinelle.dz\\\/index.php\\\/2025\\\/12\\\/09\\\/12e-aiff-le-film-palestinien-passing-dreams-projete-en-competition\\\/\"},\"author\":{\"name\":\"admin\",\"@id\":\"https:\\\/\\\/lasentinelle.dz\\\/#\\\/schema\\\/person\\\/729ee0024f24e0b8c5ec17232f8e8b41\"},\"headline\":\"12e AIFF\u00a0: Le film palestinien \u00ab\u00a0Passing dreams\u00a0\u00bb projet\u00e9 en comp\u00e9tition\",\"datePublished\":\"2025-12-09T11:53:40+00:00\",\"dateModified\":\"2025-12-09T11:53:41+00:00\",\"mainEntityOfPage\":{\"@id\":\"https:\\\/\\\/lasentinelle.dz\\\/index.php\\\/2025\\\/12\\\/09\\\/12e-aiff-le-film-palestinien-passing-dreams-projete-en-competition\\\/\"},\"wordCount\":696,\"commentCount\":0,\"publisher\":{\"@id\":\"https:\\\/\\\/lasentinelle.dz\\\/#organization\"},\"image\":{\"@id\":\"https:\\\/\\\/lasentinelle.dz\\\/index.php\\\/2025\\\/12\\\/09\\\/12e-aiff-le-film-palestinien-passing-dreams-projete-en-competition\\\/#primaryimage\"},\"thumbnailUrl\":\"https:\\\/\\\/lasentinelle.dz\\\/wp-content\\\/uploads\\\/2025\\\/12\\\/Passing-dreams.webp\",\"articleSection\":[\"Culture\"],\"inLanguage\":\"fr-FR\",\"potentialAction\":[{\"@type\":\"CommentAction\",\"name\":\"Comment\",\"target\":[\"https:\\\/\\\/lasentinelle.dz\\\/index.php\\\/2025\\\/12\\\/09\\\/12e-aiff-le-film-palestinien-passing-dreams-projete-en-competition\\\/#respond\"]}]},{\"@type\":\"WebPage\",\"@id\":\"https:\\\/\\\/lasentinelle.dz\\\/index.php\\\/2025\\\/12\\\/09\\\/12e-aiff-le-film-palestinien-passing-dreams-projete-en-competition\\\/\",\"url\":\"https:\\\/\\\/lasentinelle.dz\\\/index.php\\\/2025\\\/12\\\/09\\\/12e-aiff-le-film-palestinien-passing-dreams-projete-en-competition\\\/\",\"name\":\"12e AIFF\u00a0: Le film palestinien \u00ab\u00a0Passing dreams\u00a0\u00bb projet\u00e9 en comp\u00e9tition - La Sentinelle\",\"isPartOf\":{\"@id\":\"https:\\\/\\\/lasentinelle.dz\\\/#website\"},\"primaryImageOfPage\":{\"@id\":\"https:\\\/\\\/lasentinelle.dz\\\/index.php\\\/2025\\\/12\\\/09\\\/12e-aiff-le-film-palestinien-passing-dreams-projete-en-competition\\\/#primaryimage\"},\"image\":{\"@id\":\"https:\\\/\\\/lasentinelle.dz\\\/index.php\\\/2025\\\/12\\\/09\\\/12e-aiff-le-film-palestinien-passing-dreams-projete-en-competition\\\/#primaryimage\"},\"thumbnailUrl\":\"https:\\\/\\\/lasentinelle.dz\\\/wp-content\\\/uploads\\\/2025\\\/12\\\/Passing-dreams.webp\",\"datePublished\":\"2025-12-09T11:53:40+00:00\",\"dateModified\":\"2025-12-09T11:53:41+00:00\",\"breadcrumb\":{\"@id\":\"https:\\\/\\\/lasentinelle.dz\\\/index.php\\\/2025\\\/12\\\/09\\\/12e-aiff-le-film-palestinien-passing-dreams-projete-en-competition\\\/#breadcrumb\"},\"inLanguage\":\"fr-FR\",\"potentialAction\":[{\"@type\":\"ReadAction\",\"target\":[\"https:\\\/\\\/lasentinelle.dz\\\/index.php\\\/2025\\\/12\\\/09\\\/12e-aiff-le-film-palestinien-passing-dreams-projete-en-competition\\\/\"]}]},{\"@type\":\"ImageObject\",\"inLanguage\":\"fr-FR\",\"@id\":\"https:\\\/\\\/lasentinelle.dz\\\/index.php\\\/2025\\\/12\\\/09\\\/12e-aiff-le-film-palestinien-passing-dreams-projete-en-competition\\\/#primaryimage\",\"url\":\"https:\\\/\\\/lasentinelle.dz\\\/wp-content\\\/uploads\\\/2025\\\/12\\\/Passing-dreams.webp\",\"contentUrl\":\"https:\\\/\\\/lasentinelle.dz\\\/wp-content\\\/uploads\\\/2025\\\/12\\\/Passing-dreams.webp\",\"width\":1000,\"height\":790},{\"@type\":\"BreadcrumbList\",\"@id\":\"https:\\\/\\\/lasentinelle.dz\\\/index.php\\\/2025\\\/12\\\/09\\\/12e-aiff-le-film-palestinien-passing-dreams-projete-en-competition\\\/#breadcrumb\",\"itemListElement\":[{\"@type\":\"ListItem\",\"position\":1,\"name\":\"Accueil\",\"item\":\"https:\\\/\\\/lasentinelle.dz\\\/\"},{\"@type\":\"ListItem\",\"position\":2,\"name\":\"12e AIFF\u00a0: Le film palestinien \u00ab\u00a0Passing dreams\u00a0\u00bb projet\u00e9 en comp\u00e9tition\"}]},{\"@type\":\"WebSite\",\"@id\":\"https:\\\/\\\/lasentinelle.dz\\\/#website\",\"url\":\"https:\\\/\\\/lasentinelle.dz\\\/\",\"name\":\"La Sentinelle\",\"description\":\"Quotidien national d&#039;information\",\"publisher\":{\"@id\":\"https:\\\/\\\/lasentinelle.dz\\\/#organization\"},\"potentialAction\":[{\"@type\":\"SearchAction\",\"target\":{\"@type\":\"EntryPoint\",\"urlTemplate\":\"https:\\\/\\\/lasentinelle.dz\\\/?s={search_term_string}\"},\"query-input\":{\"@type\":\"PropertyValueSpecification\",\"valueRequired\":true,\"valueName\":\"search_term_string\"}}],\"inLanguage\":\"fr-FR\"},{\"@type\":\"Organization\",\"@id\":\"https:\\\/\\\/lasentinelle.dz\\\/#organization\",\"name\":\"Quotidien La Sentinelle\",\"url\":\"https:\\\/\\\/lasentinelle.dz\\\/\",\"logo\":{\"@type\":\"ImageObject\",\"inLanguage\":\"fr-FR\",\"@id\":\"https:\\\/\\\/lasentinelle.dz\\\/#\\\/schema\\\/logo\\\/image\\\/\",\"url\":\"https:\\\/\\\/lasentinelle.dz\\\/wp-content\\\/uploads\\\/2021\\\/09\\\/logo-sentinelleSLOGAN-1.png\",\"contentUrl\":\"https:\\\/\\\/lasentinelle.dz\\\/wp-content\\\/uploads\\\/2021\\\/09\\\/logo-sentinelleSLOGAN-1.png\",\"width\":615,\"height\":142,\"caption\":\"Quotidien La Sentinelle\"},\"image\":{\"@id\":\"https:\\\/\\\/lasentinelle.dz\\\/#\\\/schema\\\/logo\\\/image\\\/\"},\"sameAs\":[\"https:\\\/\\\/www.facebook.com\\\/La-Sentinelle-104059864394773\"]},{\"@type\":\"Person\",\"@id\":\"https:\\\/\\\/lasentinelle.dz\\\/#\\\/schema\\\/person\\\/729ee0024f24e0b8c5ec17232f8e8b41\",\"name\":\"admin\",\"image\":{\"@type\":\"ImageObject\",\"inLanguage\":\"fr-FR\",\"@id\":\"https:\\\/\\\/secure.gravatar.com\\\/avatar\\\/4c81fed838786e9b53f540bf46533e750f5d292099ae3b66cfc6fb1982e29df7?s=96&d=mm&r=g\",\"url\":\"https:\\\/\\\/secure.gravatar.com\\\/avatar\\\/4c81fed838786e9b53f540bf46533e750f5d292099ae3b66cfc6fb1982e29df7?s=96&d=mm&r=g\",\"contentUrl\":\"https:\\\/\\\/secure.gravatar.com\\\/avatar\\\/4c81fed838786e9b53f540bf46533e750f5d292099ae3b66cfc6fb1982e29df7?s=96&d=mm&r=g\",\"caption\":\"admin\"},\"description\":\"admin\",\"url\":\"https:\\\/\\\/lasentinelle.dz\\\/author\\\/admin\\\/\"}]}<\/script>\n<!-- \/ Yoast SEO plugin. -->","yoast_head_json":{"title":"12e AIFF\u00a0: Le film palestinien \u00ab\u00a0Passing dreams\u00a0\u00bb projet\u00e9 en comp\u00e9tition - La Sentinelle","robots":{"index":"index","follow":"follow","max-snippet":"max-snippet:-1","max-image-preview":"max-image-preview:large","max-video-preview":"max-video-preview:-1"},"canonical":"https:\/\/lasentinelle.dz\/index.php\/2025\/12\/09\/12e-aiff-le-film-palestinien-passing-dreams-projete-en-competition\/","og_locale":"fr_FR","og_type":"article","og_title":"12e AIFF\u00a0: Le film palestinien \u00ab\u00a0Passing dreams\u00a0\u00bb projet\u00e9 en comp\u00e9tition - La Sentinelle","og_description":"La salle Ibn Zeydoun d&rsquo;Alger a accueilli dimanche soir la projection en comp\u00e9tition de \u00ab\u00a0Passing dreams\u00a0\u00bb (Songes), long m\u00e9trage de","og_url":"https:\/\/lasentinelle.dz\/index.php\/2025\/12\/09\/12e-aiff-le-film-palestinien-passing-dreams-projete-en-competition\/","og_site_name":"La Sentinelle","article_publisher":"https:\/\/www.facebook.com\/La-Sentinelle-104059864394773","article_published_time":"2025-12-09T11:53:40+00:00","article_modified_time":"2025-12-09T11:53:41+00:00","og_image":[{"width":1000,"height":790,"url":"https:\/\/lasentinelle.dz\/wp-content\/uploads\/2025\/12\/Passing-dreams.webp","type":"image\/webp"}],"author":"admin","twitter_card":"summary_large_image","twitter_misc":{"\u00c9crit par":"admin","Dur\u00e9e de lecture estim\u00e9e":"4 minutes"},"schema":{"@context":"https:\/\/schema.org","@graph":[{"@type":"Article","@id":"https:\/\/lasentinelle.dz\/index.php\/2025\/12\/09\/12e-aiff-le-film-palestinien-passing-dreams-projete-en-competition\/#article","isPartOf":{"@id":"https:\/\/lasentinelle.dz\/index.php\/2025\/12\/09\/12e-aiff-le-film-palestinien-passing-dreams-projete-en-competition\/"},"author":{"name":"admin","@id":"https:\/\/lasentinelle.dz\/#\/schema\/person\/729ee0024f24e0b8c5ec17232f8e8b41"},"headline":"12e AIFF\u00a0: Le film palestinien \u00ab\u00a0Passing dreams\u00a0\u00bb projet\u00e9 en comp\u00e9tition","datePublished":"2025-12-09T11:53:40+00:00","dateModified":"2025-12-09T11:53:41+00:00","mainEntityOfPage":{"@id":"https:\/\/lasentinelle.dz\/index.php\/2025\/12\/09\/12e-aiff-le-film-palestinien-passing-dreams-projete-en-competition\/"},"wordCount":696,"commentCount":0,"publisher":{"@id":"https:\/\/lasentinelle.dz\/#organization"},"image":{"@id":"https:\/\/lasentinelle.dz\/index.php\/2025\/12\/09\/12e-aiff-le-film-palestinien-passing-dreams-projete-en-competition\/#primaryimage"},"thumbnailUrl":"https:\/\/lasentinelle.dz\/wp-content\/uploads\/2025\/12\/Passing-dreams.webp","articleSection":["Culture"],"inLanguage":"fr-FR","potentialAction":[{"@type":"CommentAction","name":"Comment","target":["https:\/\/lasentinelle.dz\/index.php\/2025\/12\/09\/12e-aiff-le-film-palestinien-passing-dreams-projete-en-competition\/#respond"]}]},{"@type":"WebPage","@id":"https:\/\/lasentinelle.dz\/index.php\/2025\/12\/09\/12e-aiff-le-film-palestinien-passing-dreams-projete-en-competition\/","url":"https:\/\/lasentinelle.dz\/index.php\/2025\/12\/09\/12e-aiff-le-film-palestinien-passing-dreams-projete-en-competition\/","name":"12e AIFF\u00a0: Le film palestinien \u00ab\u00a0Passing dreams\u00a0\u00bb projet\u00e9 en comp\u00e9tition - La Sentinelle","isPartOf":{"@id":"https:\/\/lasentinelle.dz\/#website"},"primaryImageOfPage":{"@id":"https:\/\/lasentinelle.dz\/index.php\/2025\/12\/09\/12e-aiff-le-film-palestinien-passing-dreams-projete-en-competition\/#primaryimage"},"image":{"@id":"https:\/\/lasentinelle.dz\/index.php\/2025\/12\/09\/12e-aiff-le-film-palestinien-passing-dreams-projete-en-competition\/#primaryimage"},"thumbnailUrl":"https:\/\/lasentinelle.dz\/wp-content\/uploads\/2025\/12\/Passing-dreams.webp","datePublished":"2025-12-09T11:53:40+00:00","dateModified":"2025-12-09T11:53:41+00:00","breadcrumb":{"@id":"https:\/\/lasentinelle.dz\/index.php\/2025\/12\/09\/12e-aiff-le-film-palestinien-passing-dreams-projete-en-competition\/#breadcrumb"},"inLanguage":"fr-FR","potentialAction":[{"@type":"ReadAction","target":["https:\/\/lasentinelle.dz\/index.php\/2025\/12\/09\/12e-aiff-le-film-palestinien-passing-dreams-projete-en-competition\/"]}]},{"@type":"ImageObject","inLanguage":"fr-FR","@id":"https:\/\/lasentinelle.dz\/index.php\/2025\/12\/09\/12e-aiff-le-film-palestinien-passing-dreams-projete-en-competition\/#primaryimage","url":"https:\/\/lasentinelle.dz\/wp-content\/uploads\/2025\/12\/Passing-dreams.webp","contentUrl":"https:\/\/lasentinelle.dz\/wp-content\/uploads\/2025\/12\/Passing-dreams.webp","width":1000,"height":790},{"@type":"BreadcrumbList","@id":"https:\/\/lasentinelle.dz\/index.php\/2025\/12\/09\/12e-aiff-le-film-palestinien-passing-dreams-projete-en-competition\/#breadcrumb","itemListElement":[{"@type":"ListItem","position":1,"name":"Accueil","item":"https:\/\/lasentinelle.dz\/"},{"@type":"ListItem","position":2,"name":"12e AIFF\u00a0: Le film palestinien \u00ab\u00a0Passing dreams\u00a0\u00bb projet\u00e9 en comp\u00e9tition"}]},{"@type":"WebSite","@id":"https:\/\/lasentinelle.dz\/#website","url":"https:\/\/lasentinelle.dz\/","name":"La Sentinelle","description":"Quotidien national d&#039;information","publisher":{"@id":"https:\/\/lasentinelle.dz\/#organization"},"potentialAction":[{"@type":"SearchAction","target":{"@type":"EntryPoint","urlTemplate":"https:\/\/lasentinelle.dz\/?s={search_term_string}"},"query-input":{"@type":"PropertyValueSpecification","valueRequired":true,"valueName":"search_term_string"}}],"inLanguage":"fr-FR"},{"@type":"Organization","@id":"https:\/\/lasentinelle.dz\/#organization","name":"Quotidien La Sentinelle","url":"https:\/\/lasentinelle.dz\/","logo":{"@type":"ImageObject","inLanguage":"fr-FR","@id":"https:\/\/lasentinelle.dz\/#\/schema\/logo\/image\/","url":"https:\/\/lasentinelle.dz\/wp-content\/uploads\/2021\/09\/logo-sentinelleSLOGAN-1.png","contentUrl":"https:\/\/lasentinelle.dz\/wp-content\/uploads\/2021\/09\/logo-sentinelleSLOGAN-1.png","width":615,"height":142,"caption":"Quotidien La Sentinelle"},"image":{"@id":"https:\/\/lasentinelle.dz\/#\/schema\/logo\/image\/"},"sameAs":["https:\/\/www.facebook.com\/La-Sentinelle-104059864394773"]},{"@type":"Person","@id":"https:\/\/lasentinelle.dz\/#\/schema\/person\/729ee0024f24e0b8c5ec17232f8e8b41","name":"admin","image":{"@type":"ImageObject","inLanguage":"fr-FR","@id":"https:\/\/secure.gravatar.com\/avatar\/4c81fed838786e9b53f540bf46533e750f5d292099ae3b66cfc6fb1982e29df7?s=96&d=mm&r=g","url":"https:\/\/secure.gravatar.com\/avatar\/4c81fed838786e9b53f540bf46533e750f5d292099ae3b66cfc6fb1982e29df7?s=96&d=mm&r=g","contentUrl":"https:\/\/secure.gravatar.com\/avatar\/4c81fed838786e9b53f540bf46533e750f5d292099ae3b66cfc6fb1982e29df7?s=96&d=mm&r=g","caption":"admin"},"description":"admin","url":"https:\/\/lasentinelle.dz\/author\/admin\/"}]}},"_links":{"self":[{"href":"https:\/\/lasentinelle.dz\/index.php\/wp-json\/wp\/v2\/posts\/77460","targetHints":{"allow":["GET"]}}],"collection":[{"href":"https:\/\/lasentinelle.dz\/index.php\/wp-json\/wp\/v2\/posts"}],"about":[{"href":"https:\/\/lasentinelle.dz\/index.php\/wp-json\/wp\/v2\/types\/post"}],"author":[{"embeddable":true,"href":"https:\/\/lasentinelle.dz\/index.php\/wp-json\/wp\/v2\/users\/6"}],"replies":[{"embeddable":true,"href":"https:\/\/lasentinelle.dz\/index.php\/wp-json\/wp\/v2\/comments?post=77460"}],"version-history":[{"count":2,"href":"https:\/\/lasentinelle.dz\/index.php\/wp-json\/wp\/v2\/posts\/77460\/revisions"}],"predecessor-version":[{"id":77463,"href":"https:\/\/lasentinelle.dz\/index.php\/wp-json\/wp\/v2\/posts\/77460\/revisions\/77463"}],"wp:featuredmedia":[{"embeddable":true,"href":"https:\/\/lasentinelle.dz\/index.php\/wp-json\/wp\/v2\/media\/77461"}],"wp:attachment":[{"href":"https:\/\/lasentinelle.dz\/index.php\/wp-json\/wp\/v2\/media?parent=77460"}],"wp:term":[{"taxonomy":"category","embeddable":true,"href":"https:\/\/lasentinelle.dz\/index.php\/wp-json\/wp\/v2\/categories?post=77460"},{"taxonomy":"post_tag","embeddable":true,"href":"https:\/\/lasentinelle.dz\/index.php\/wp-json\/wp\/v2\/tags?post=77460"}],"curies":[{"name":"wp","href":"https:\/\/api.w.org\/{rel}","templated":true}]}}