{"id":77464,"date":"2025-12-09T12:54:23","date_gmt":"2025-12-09T11:54:23","guid":{"rendered":"https:\/\/lasentinelle.dz\/?p=77464"},"modified":"2025-12-09T12:54:24","modified_gmt":"2025-12-09T11:54:24","slug":"documentaire-consacre-a-la-martyre-meriem-bouattoura-le-tournage-touche-a-sa-fin","status":"publish","type":"post","link":"https:\/\/lasentinelle.dz\/index.php\/2025\/12\/09\/documentaire-consacre-a-la-martyre-meriem-bouattoura-le-tournage-touche-a-sa-fin\/","title":{"rendered":"Documentaire consacr\u00e9 \u00e0 la martyre Meriem Bouattoura\u00a0: Le tournage touche \u00e0 sa fin"},"content":{"rendered":"\n<p>L&rsquo;histoire de la R\u00e9volution alg\u00e9rienne continue de s&rsquo;\u00e9crire sur grand \u00e9cran. Samedi soir, la ville de Batna a accueilli le tournage des derni\u00e8res sc\u00e8nes d&rsquo;un film historique documentaire retra\u00e7ant la vie et le parcours exceptionnel de Meriem Bouattoura, figure embl\u00e9matique de la lutte pour l&rsquo;ind\u00e9pendance tomb\u00e9e au champ d&rsquo;honneur \u00e0 l&rsquo;\u00e2ge de 22 ans. La cit\u00e9 Sidi-Hani, situ\u00e9e non loin du lyc\u00e9e des Fr\u00e8res Amrani dans le centre-ville, s&rsquo;est transform\u00e9e en plateau de cin\u00e9ma pour immortaliser les ultimes s\u00e9quences de cette \u0153uvre qui rend hommage \u00e0 une h\u00e9ro\u00efne m\u00e9connue du grand public. L&rsquo;\u00e9v\u00e9nement a rev\u00eatu une dimension particuli\u00e8rement \u00e9mouvante avec la pr\u00e9sence de Houria Toubal, connue sous le nom d&rsquo;El Guelmia, ancienne compagne de lutte de Meriem Bouattoura, qui s&rsquo;est d\u00e9plac\u00e9e depuis Alger pour assister aux prises de vue. Le wali de Batna, Riadh Benahmed, ainsi que de nombreuses personnalit\u00e9s culturelles et artistes ont \u00e9galement tenu \u00e0 \u00eatre pr\u00e9sents lors de ce moment de m\u00e9moire vivante, t\u00e9moignant de l&rsquo;importance accord\u00e9e \u00e0 la pr\u00e9servation du r\u00e9cit national et \u00e0 la transmission de l&rsquo;h\u00e9ritage r\u00e9volutionnaire aux nouvelles g\u00e9n\u00e9rations. Le r\u00e9alisateur Larbi Lakehal a expliqu\u00e9 que ce documentaire retrace l&rsquo;itin\u00e9raire de Meriem Bouattoura, n\u00e9e \u00e0 N&rsquo;gaous dans la wilaya de Batna en 1938. Selon lui, la r\u00e9alisation de ce film historique, produit par le minist\u00e8re des Moudjahidine et des Ayants droit, s&rsquo;inscrit dans le cadre de la comm\u00e9moration du soixante-dixi\u00e8me anniversaire du d\u00e9clenchement de la glorieuse R\u00e9volution alg\u00e9rienne. \u00ab\u00a0Le tournage a commenc\u00e9 depuis un certain temps dans les villes de Constantine et d&rsquo;El Madher, pr\u00e8s de Batna\u00a0\u00bb, a-t-il pr\u00e9cis\u00e9, soulignant l&rsquo;ampleur du travail de reconstitution historique entrepris pour rendre justice au parcours de cette martyre.<\/p>\n\n\n\n<p>La pr\u00e9sence de la moudjahida Houria Toubal, \u00e2g\u00e9e de 86 ans mais dont la m\u00e9moire est rest\u00e9e remarquablement intacte, a donn\u00e9 au tournage une profondeur testimoniale inestimable. Profitant de cette occasion, elle a livr\u00e9 un t\u00e9moignage poignant sur sa camarade qu&rsquo;elle a rencontr\u00e9e pour la premi\u00e8re fois dans un h\u00f4pital de la r\u00e9gion de Moudjo, dans les montagnes de Collo \u00e0 Skikda, en 1958. \u00ab\u00a0Meriem Bouattoura \u00e9tait une authentique h\u00e9ro\u00efne et une grande patriote qui a choisi de rejoindre les rangs de la R\u00e9volution, n&rsquo;h\u00e9sitant pas \u00e0 sacrifier la vie ais\u00e9e et confortable qu&rsquo;elle menait au sein de sa famille\u00a0\u00bb, a-t-elle d\u00e9clar\u00e9 avec \u00e9motion. Houria Toubal a racont\u00e9 comment elle est rest\u00e9e aux c\u00f4t\u00e9s de la martyre, partageant avec elle la lourde t\u00e2che de soigner et de secourir les bless\u00e9s dans les rangs des combattants alg\u00e9riens qui s\u00e9journaient dans cet h\u00f4pital de fortune pour panser leurs blessures, et ce jusqu&rsquo;en 1960. \u00c0 cette date, rappelle la moudjahida, \u00ab\u00a0Meriem choisit de rejoindre la ville de Constantine et le Fida \u00e0 la suite de la mort de la plupart des fedayines\u00a0\u00bb de la cit\u00e9 du Rocher. Les mots qui suivent r\u00e9sonnent encore dans sa m\u00e9moire avec une intensit\u00e9 particuli\u00e8re : \u00ab\u00a0Elle m&rsquo;avait dit \u00e0 l&rsquo;\u00e9poque : quand je mourrai au combat, tu resteras en vie pour te souvenir de moi et pouvoir affirmer que Meriem est morte pour l&rsquo;Alg\u00e9rie\u00a0\u00bb, raconte-t-elle en contenant difficilement son \u00e9motion, honorant ainsi la promesse faite \u00e0 son amie il y a plus de six d\u00e9cennies.<\/p>\n\n\n\n<p>Mohand S.<\/p>\n","protected":false},"excerpt":{"rendered":"<p>L&rsquo;histoire de la R\u00e9volution alg\u00e9rienne continue de s&rsquo;\u00e9crire sur grand \u00e9cran. Samedi soir, la ville de Batna a accueilli le<\/p>\n","protected":false},"author":6,"featured_media":6223,"comment_status":"open","ping_status":"closed","sticky":false,"template":"","format":"standard","meta":{"colormag_page_container_layout":"default_layout","colormag_page_sidebar_layout":"default_layout","om_disable_all_campaigns":false,"_monsterinsights_skip_tracking":false,"_monsterinsights_sitenote_active":false,"_monsterinsights_sitenote_note":"","_monsterinsights_sitenote_category":0,"footnotes":"","_wpscppro_dont_share_socialmedia":false,"_wpscppro_custom_social_share_image":0,"_facebook_share_type":"default","_twitter_share_type":"default","_linkedin_share_type":"default","_pinterest_share_type":"default","_linkedin_share_type_page":"","_instagram_share_type":"default","_medium_share_type":"default","_threads_share_type":"default","_google_business_share_type":"default","_selected_social_profile":[],"_wpsp_enable_custom_social_template":false,"_wpsp_social_scheduling":{"enabled":false,"datetime":null,"platforms":[],"status":"template_only","dateOption":"today","timeOption":"now","customDays":"","customHours":"","customDate":"","customTime":"","schedulingType":"absolute"},"_wpsp_active_default_template":true},"categories":[36],"tags":[],"class_list":["post-77464","post","type-post","status-publish","format-standard","has-post-thumbnail","hentry","category-culture"],"aioseo_notices":[],"yoast_head":"<!-- This site is optimized with the Yoast SEO plugin v27.5 - https:\/\/yoast.com\/product\/yoast-seo-wordpress\/ -->\n<title>Documentaire consacr\u00e9 \u00e0 la martyre Meriem Bouattoura\u00a0: Le tournage touche \u00e0 sa fin - La Sentinelle<\/title>\n<meta name=\"robots\" content=\"index, follow, max-snippet:-1, max-image-preview:large, max-video-preview:-1\" \/>\n<link rel=\"canonical\" href=\"https:\/\/lasentinelle.dz\/index.php\/2025\/12\/09\/documentaire-consacre-a-la-martyre-meriem-bouattoura-le-tournage-touche-a-sa-fin\/\" \/>\n<meta property=\"og:locale\" content=\"fr_FR\" \/>\n<meta property=\"og:type\" content=\"article\" \/>\n<meta property=\"og:title\" content=\"Documentaire consacr\u00e9 \u00e0 la martyre Meriem Bouattoura\u00a0: Le tournage touche \u00e0 sa fin - La Sentinelle\" \/>\n<meta property=\"og:description\" content=\"L&rsquo;histoire de la R\u00e9volution alg\u00e9rienne continue de s&rsquo;\u00e9crire sur grand \u00e9cran. Samedi soir, la ville de Batna a accueilli le\" \/>\n<meta property=\"og:url\" content=\"https:\/\/lasentinelle.dz\/index.php\/2025\/12\/09\/documentaire-consacre-a-la-martyre-meriem-bouattoura-le-tournage-touche-a-sa-fin\/\" \/>\n<meta property=\"og:site_name\" content=\"La Sentinelle\" \/>\n<meta property=\"article:publisher\" content=\"https:\/\/www.facebook.com\/La-Sentinelle-104059864394773\" \/>\n<meta property=\"article:published_time\" content=\"2025-12-09T11:54:23+00:00\" \/>\n<meta property=\"article:modified_time\" content=\"2025-12-09T11:54:24+00:00\" \/>\n<meta property=\"og:image\" content=\"https:\/\/lasentinelle.dz\/wp-content\/uploads\/2021\/09\/tournage.jpeg\" \/>\n\t<meta property=\"og:image:width\" content=\"580\" \/>\n\t<meta property=\"og:image:height\" content=\"350\" \/>\n\t<meta property=\"og:image:type\" content=\"image\/jpeg\" \/>\n<meta name=\"author\" content=\"admin\" \/>\n<meta name=\"twitter:card\" content=\"summary_large_image\" \/>\n<meta name=\"twitter:label1\" content=\"\u00c9crit par\" \/>\n\t<meta name=\"twitter:data1\" content=\"admin\" \/>\n\t<meta name=\"twitter:label2\" content=\"Dur\u00e9e de lecture estim\u00e9e\" \/>\n\t<meta name=\"twitter:data2\" content=\"3 minutes\" \/>\n<script type=\"application\/ld+json\" class=\"yoast-schema-graph\">{\"@context\":\"https:\\\/\\\/schema.org\",\"@graph\":[{\"@type\":\"Article\",\"@id\":\"https:\\\/\\\/lasentinelle.dz\\\/index.php\\\/2025\\\/12\\\/09\\\/documentaire-consacre-a-la-martyre-meriem-bouattoura-le-tournage-touche-a-sa-fin\\\/#article\",\"isPartOf\":{\"@id\":\"https:\\\/\\\/lasentinelle.dz\\\/index.php\\\/2025\\\/12\\\/09\\\/documentaire-consacre-a-la-martyre-meriem-bouattoura-le-tournage-touche-a-sa-fin\\\/\"},\"author\":{\"name\":\"admin\",\"@id\":\"https:\\\/\\\/lasentinelle.dz\\\/#\\\/schema\\\/person\\\/729ee0024f24e0b8c5ec17232f8e8b41\"},\"headline\":\"Documentaire consacr\u00e9 \u00e0 la martyre Meriem Bouattoura\u00a0: Le tournage touche \u00e0 sa fin\",\"datePublished\":\"2025-12-09T11:54:23+00:00\",\"dateModified\":\"2025-12-09T11:54:24+00:00\",\"mainEntityOfPage\":{\"@id\":\"https:\\\/\\\/lasentinelle.dz\\\/index.php\\\/2025\\\/12\\\/09\\\/documentaire-consacre-a-la-martyre-meriem-bouattoura-le-tournage-touche-a-sa-fin\\\/\"},\"wordCount\":612,\"commentCount\":0,\"publisher\":{\"@id\":\"https:\\\/\\\/lasentinelle.dz\\\/#organization\"},\"image\":{\"@id\":\"https:\\\/\\\/lasentinelle.dz\\\/index.php\\\/2025\\\/12\\\/09\\\/documentaire-consacre-a-la-martyre-meriem-bouattoura-le-tournage-touche-a-sa-fin\\\/#primaryimage\"},\"thumbnailUrl\":\"https:\\\/\\\/lasentinelle.dz\\\/wp-content\\\/uploads\\\/2021\\\/09\\\/tournage.jpeg\",\"articleSection\":[\"Culture\"],\"inLanguage\":\"fr-FR\",\"potentialAction\":[{\"@type\":\"CommentAction\",\"name\":\"Comment\",\"target\":[\"https:\\\/\\\/lasentinelle.dz\\\/index.php\\\/2025\\\/12\\\/09\\\/documentaire-consacre-a-la-martyre-meriem-bouattoura-le-tournage-touche-a-sa-fin\\\/#respond\"]}]},{\"@type\":\"WebPage\",\"@id\":\"https:\\\/\\\/lasentinelle.dz\\\/index.php\\\/2025\\\/12\\\/09\\\/documentaire-consacre-a-la-martyre-meriem-bouattoura-le-tournage-touche-a-sa-fin\\\/\",\"url\":\"https:\\\/\\\/lasentinelle.dz\\\/index.php\\\/2025\\\/12\\\/09\\\/documentaire-consacre-a-la-martyre-meriem-bouattoura-le-tournage-touche-a-sa-fin\\\/\",\"name\":\"Documentaire consacr\u00e9 \u00e0 la martyre Meriem Bouattoura\u00a0: Le tournage touche \u00e0 sa fin - La Sentinelle\",\"isPartOf\":{\"@id\":\"https:\\\/\\\/lasentinelle.dz\\\/#website\"},\"primaryImageOfPage\":{\"@id\":\"https:\\\/\\\/lasentinelle.dz\\\/index.php\\\/2025\\\/12\\\/09\\\/documentaire-consacre-a-la-martyre-meriem-bouattoura-le-tournage-touche-a-sa-fin\\\/#primaryimage\"},\"image\":{\"@id\":\"https:\\\/\\\/lasentinelle.dz\\\/index.php\\\/2025\\\/12\\\/09\\\/documentaire-consacre-a-la-martyre-meriem-bouattoura-le-tournage-touche-a-sa-fin\\\/#primaryimage\"},\"thumbnailUrl\":\"https:\\\/\\\/lasentinelle.dz\\\/wp-content\\\/uploads\\\/2021\\\/09\\\/tournage.jpeg\",\"datePublished\":\"2025-12-09T11:54:23+00:00\",\"dateModified\":\"2025-12-09T11:54:24+00:00\",\"breadcrumb\":{\"@id\":\"https:\\\/\\\/lasentinelle.dz\\\/index.php\\\/2025\\\/12\\\/09\\\/documentaire-consacre-a-la-martyre-meriem-bouattoura-le-tournage-touche-a-sa-fin\\\/#breadcrumb\"},\"inLanguage\":\"fr-FR\",\"potentialAction\":[{\"@type\":\"ReadAction\",\"target\":[\"https:\\\/\\\/lasentinelle.dz\\\/index.php\\\/2025\\\/12\\\/09\\\/documentaire-consacre-a-la-martyre-meriem-bouattoura-le-tournage-touche-a-sa-fin\\\/\"]}]},{\"@type\":\"ImageObject\",\"inLanguage\":\"fr-FR\",\"@id\":\"https:\\\/\\\/lasentinelle.dz\\\/index.php\\\/2025\\\/12\\\/09\\\/documentaire-consacre-a-la-martyre-meriem-bouattoura-le-tournage-touche-a-sa-fin\\\/#primaryimage\",\"url\":\"https:\\\/\\\/lasentinelle.dz\\\/wp-content\\\/uploads\\\/2021\\\/09\\\/tournage.jpeg\",\"contentUrl\":\"https:\\\/\\\/lasentinelle.dz\\\/wp-content\\\/uploads\\\/2021\\\/09\\\/tournage.jpeg\",\"width\":580,\"height\":350},{\"@type\":\"BreadcrumbList\",\"@id\":\"https:\\\/\\\/lasentinelle.dz\\\/index.php\\\/2025\\\/12\\\/09\\\/documentaire-consacre-a-la-martyre-meriem-bouattoura-le-tournage-touche-a-sa-fin\\\/#breadcrumb\",\"itemListElement\":[{\"@type\":\"ListItem\",\"position\":1,\"name\":\"Accueil\",\"item\":\"https:\\\/\\\/lasentinelle.dz\\\/\"},{\"@type\":\"ListItem\",\"position\":2,\"name\":\"Documentaire consacr\u00e9 \u00e0 la martyre Meriem Bouattoura\u00a0: Le tournage touche \u00e0 sa fin\"}]},{\"@type\":\"WebSite\",\"@id\":\"https:\\\/\\\/lasentinelle.dz\\\/#website\",\"url\":\"https:\\\/\\\/lasentinelle.dz\\\/\",\"name\":\"La Sentinelle\",\"description\":\"Quotidien national d&#039;information\",\"publisher\":{\"@id\":\"https:\\\/\\\/lasentinelle.dz\\\/#organization\"},\"potentialAction\":[{\"@type\":\"SearchAction\",\"target\":{\"@type\":\"EntryPoint\",\"urlTemplate\":\"https:\\\/\\\/lasentinelle.dz\\\/?s={search_term_string}\"},\"query-input\":{\"@type\":\"PropertyValueSpecification\",\"valueRequired\":true,\"valueName\":\"search_term_string\"}}],\"inLanguage\":\"fr-FR\"},{\"@type\":\"Organization\",\"@id\":\"https:\\\/\\\/lasentinelle.dz\\\/#organization\",\"name\":\"Quotidien La Sentinelle\",\"url\":\"https:\\\/\\\/lasentinelle.dz\\\/\",\"logo\":{\"@type\":\"ImageObject\",\"inLanguage\":\"fr-FR\",\"@id\":\"https:\\\/\\\/lasentinelle.dz\\\/#\\\/schema\\\/logo\\\/image\\\/\",\"url\":\"https:\\\/\\\/lasentinelle.dz\\\/wp-content\\\/uploads\\\/2021\\\/09\\\/logo-sentinelleSLOGAN-1.png\",\"contentUrl\":\"https:\\\/\\\/lasentinelle.dz\\\/wp-content\\\/uploads\\\/2021\\\/09\\\/logo-sentinelleSLOGAN-1.png\",\"width\":615,\"height\":142,\"caption\":\"Quotidien La Sentinelle\"},\"image\":{\"@id\":\"https:\\\/\\\/lasentinelle.dz\\\/#\\\/schema\\\/logo\\\/image\\\/\"},\"sameAs\":[\"https:\\\/\\\/www.facebook.com\\\/La-Sentinelle-104059864394773\"]},{\"@type\":\"Person\",\"@id\":\"https:\\\/\\\/lasentinelle.dz\\\/#\\\/schema\\\/person\\\/729ee0024f24e0b8c5ec17232f8e8b41\",\"name\":\"admin\",\"image\":{\"@type\":\"ImageObject\",\"inLanguage\":\"fr-FR\",\"@id\":\"https:\\\/\\\/secure.gravatar.com\\\/avatar\\\/4c81fed838786e9b53f540bf46533e750f5d292099ae3b66cfc6fb1982e29df7?s=96&d=mm&r=g\",\"url\":\"https:\\\/\\\/secure.gravatar.com\\\/avatar\\\/4c81fed838786e9b53f540bf46533e750f5d292099ae3b66cfc6fb1982e29df7?s=96&d=mm&r=g\",\"contentUrl\":\"https:\\\/\\\/secure.gravatar.com\\\/avatar\\\/4c81fed838786e9b53f540bf46533e750f5d292099ae3b66cfc6fb1982e29df7?s=96&d=mm&r=g\",\"caption\":\"admin\"},\"description\":\"admin\",\"url\":\"https:\\\/\\\/lasentinelle.dz\\\/author\\\/admin\\\/\"}]}<\/script>\n<!-- \/ Yoast SEO plugin. -->","yoast_head_json":{"title":"Documentaire consacr\u00e9 \u00e0 la martyre Meriem Bouattoura\u00a0: Le tournage touche \u00e0 sa fin - La Sentinelle","robots":{"index":"index","follow":"follow","max-snippet":"max-snippet:-1","max-image-preview":"max-image-preview:large","max-video-preview":"max-video-preview:-1"},"canonical":"https:\/\/lasentinelle.dz\/index.php\/2025\/12\/09\/documentaire-consacre-a-la-martyre-meriem-bouattoura-le-tournage-touche-a-sa-fin\/","og_locale":"fr_FR","og_type":"article","og_title":"Documentaire consacr\u00e9 \u00e0 la martyre Meriem Bouattoura\u00a0: Le tournage touche \u00e0 sa fin - La Sentinelle","og_description":"L&rsquo;histoire de la R\u00e9volution alg\u00e9rienne continue de s&rsquo;\u00e9crire sur grand \u00e9cran. Samedi soir, la ville de Batna a accueilli le","og_url":"https:\/\/lasentinelle.dz\/index.php\/2025\/12\/09\/documentaire-consacre-a-la-martyre-meriem-bouattoura-le-tournage-touche-a-sa-fin\/","og_site_name":"La Sentinelle","article_publisher":"https:\/\/www.facebook.com\/La-Sentinelle-104059864394773","article_published_time":"2025-12-09T11:54:23+00:00","article_modified_time":"2025-12-09T11:54:24+00:00","og_image":[{"width":580,"height":350,"url":"https:\/\/lasentinelle.dz\/wp-content\/uploads\/2021\/09\/tournage.jpeg","type":"image\/jpeg"}],"author":"admin","twitter_card":"summary_large_image","twitter_misc":{"\u00c9crit par":"admin","Dur\u00e9e de lecture estim\u00e9e":"3 minutes"},"schema":{"@context":"https:\/\/schema.org","@graph":[{"@type":"Article","@id":"https:\/\/lasentinelle.dz\/index.php\/2025\/12\/09\/documentaire-consacre-a-la-martyre-meriem-bouattoura-le-tournage-touche-a-sa-fin\/#article","isPartOf":{"@id":"https:\/\/lasentinelle.dz\/index.php\/2025\/12\/09\/documentaire-consacre-a-la-martyre-meriem-bouattoura-le-tournage-touche-a-sa-fin\/"},"author":{"name":"admin","@id":"https:\/\/lasentinelle.dz\/#\/schema\/person\/729ee0024f24e0b8c5ec17232f8e8b41"},"headline":"Documentaire consacr\u00e9 \u00e0 la martyre Meriem Bouattoura\u00a0: Le tournage touche \u00e0 sa fin","datePublished":"2025-12-09T11:54:23+00:00","dateModified":"2025-12-09T11:54:24+00:00","mainEntityOfPage":{"@id":"https:\/\/lasentinelle.dz\/index.php\/2025\/12\/09\/documentaire-consacre-a-la-martyre-meriem-bouattoura-le-tournage-touche-a-sa-fin\/"},"wordCount":612,"commentCount":0,"publisher":{"@id":"https:\/\/lasentinelle.dz\/#organization"},"image":{"@id":"https:\/\/lasentinelle.dz\/index.php\/2025\/12\/09\/documentaire-consacre-a-la-martyre-meriem-bouattoura-le-tournage-touche-a-sa-fin\/#primaryimage"},"thumbnailUrl":"https:\/\/lasentinelle.dz\/wp-content\/uploads\/2021\/09\/tournage.jpeg","articleSection":["Culture"],"inLanguage":"fr-FR","potentialAction":[{"@type":"CommentAction","name":"Comment","target":["https:\/\/lasentinelle.dz\/index.php\/2025\/12\/09\/documentaire-consacre-a-la-martyre-meriem-bouattoura-le-tournage-touche-a-sa-fin\/#respond"]}]},{"@type":"WebPage","@id":"https:\/\/lasentinelle.dz\/index.php\/2025\/12\/09\/documentaire-consacre-a-la-martyre-meriem-bouattoura-le-tournage-touche-a-sa-fin\/","url":"https:\/\/lasentinelle.dz\/index.php\/2025\/12\/09\/documentaire-consacre-a-la-martyre-meriem-bouattoura-le-tournage-touche-a-sa-fin\/","name":"Documentaire consacr\u00e9 \u00e0 la martyre Meriem Bouattoura\u00a0: Le tournage touche \u00e0 sa fin - La Sentinelle","isPartOf":{"@id":"https:\/\/lasentinelle.dz\/#website"},"primaryImageOfPage":{"@id":"https:\/\/lasentinelle.dz\/index.php\/2025\/12\/09\/documentaire-consacre-a-la-martyre-meriem-bouattoura-le-tournage-touche-a-sa-fin\/#primaryimage"},"image":{"@id":"https:\/\/lasentinelle.dz\/index.php\/2025\/12\/09\/documentaire-consacre-a-la-martyre-meriem-bouattoura-le-tournage-touche-a-sa-fin\/#primaryimage"},"thumbnailUrl":"https:\/\/lasentinelle.dz\/wp-content\/uploads\/2021\/09\/tournage.jpeg","datePublished":"2025-12-09T11:54:23+00:00","dateModified":"2025-12-09T11:54:24+00:00","breadcrumb":{"@id":"https:\/\/lasentinelle.dz\/index.php\/2025\/12\/09\/documentaire-consacre-a-la-martyre-meriem-bouattoura-le-tournage-touche-a-sa-fin\/#breadcrumb"},"inLanguage":"fr-FR","potentialAction":[{"@type":"ReadAction","target":["https:\/\/lasentinelle.dz\/index.php\/2025\/12\/09\/documentaire-consacre-a-la-martyre-meriem-bouattoura-le-tournage-touche-a-sa-fin\/"]}]},{"@type":"ImageObject","inLanguage":"fr-FR","@id":"https:\/\/lasentinelle.dz\/index.php\/2025\/12\/09\/documentaire-consacre-a-la-martyre-meriem-bouattoura-le-tournage-touche-a-sa-fin\/#primaryimage","url":"https:\/\/lasentinelle.dz\/wp-content\/uploads\/2021\/09\/tournage.jpeg","contentUrl":"https:\/\/lasentinelle.dz\/wp-content\/uploads\/2021\/09\/tournage.jpeg","width":580,"height":350},{"@type":"BreadcrumbList","@id":"https:\/\/lasentinelle.dz\/index.php\/2025\/12\/09\/documentaire-consacre-a-la-martyre-meriem-bouattoura-le-tournage-touche-a-sa-fin\/#breadcrumb","itemListElement":[{"@type":"ListItem","position":1,"name":"Accueil","item":"https:\/\/lasentinelle.dz\/"},{"@type":"ListItem","position":2,"name":"Documentaire consacr\u00e9 \u00e0 la martyre Meriem Bouattoura\u00a0: Le tournage touche \u00e0 sa fin"}]},{"@type":"WebSite","@id":"https:\/\/lasentinelle.dz\/#website","url":"https:\/\/lasentinelle.dz\/","name":"La Sentinelle","description":"Quotidien national d&#039;information","publisher":{"@id":"https:\/\/lasentinelle.dz\/#organization"},"potentialAction":[{"@type":"SearchAction","target":{"@type":"EntryPoint","urlTemplate":"https:\/\/lasentinelle.dz\/?s={search_term_string}"},"query-input":{"@type":"PropertyValueSpecification","valueRequired":true,"valueName":"search_term_string"}}],"inLanguage":"fr-FR"},{"@type":"Organization","@id":"https:\/\/lasentinelle.dz\/#organization","name":"Quotidien La Sentinelle","url":"https:\/\/lasentinelle.dz\/","logo":{"@type":"ImageObject","inLanguage":"fr-FR","@id":"https:\/\/lasentinelle.dz\/#\/schema\/logo\/image\/","url":"https:\/\/lasentinelle.dz\/wp-content\/uploads\/2021\/09\/logo-sentinelleSLOGAN-1.png","contentUrl":"https:\/\/lasentinelle.dz\/wp-content\/uploads\/2021\/09\/logo-sentinelleSLOGAN-1.png","width":615,"height":142,"caption":"Quotidien La Sentinelle"},"image":{"@id":"https:\/\/lasentinelle.dz\/#\/schema\/logo\/image\/"},"sameAs":["https:\/\/www.facebook.com\/La-Sentinelle-104059864394773"]},{"@type":"Person","@id":"https:\/\/lasentinelle.dz\/#\/schema\/person\/729ee0024f24e0b8c5ec17232f8e8b41","name":"admin","image":{"@type":"ImageObject","inLanguage":"fr-FR","@id":"https:\/\/secure.gravatar.com\/avatar\/4c81fed838786e9b53f540bf46533e750f5d292099ae3b66cfc6fb1982e29df7?s=96&d=mm&r=g","url":"https:\/\/secure.gravatar.com\/avatar\/4c81fed838786e9b53f540bf46533e750f5d292099ae3b66cfc6fb1982e29df7?s=96&d=mm&r=g","contentUrl":"https:\/\/secure.gravatar.com\/avatar\/4c81fed838786e9b53f540bf46533e750f5d292099ae3b66cfc6fb1982e29df7?s=96&d=mm&r=g","caption":"admin"},"description":"admin","url":"https:\/\/lasentinelle.dz\/author\/admin\/"}]}},"_links":{"self":[{"href":"https:\/\/lasentinelle.dz\/index.php\/wp-json\/wp\/v2\/posts\/77464","targetHints":{"allow":["GET"]}}],"collection":[{"href":"https:\/\/lasentinelle.dz\/index.php\/wp-json\/wp\/v2\/posts"}],"about":[{"href":"https:\/\/lasentinelle.dz\/index.php\/wp-json\/wp\/v2\/types\/post"}],"author":[{"embeddable":true,"href":"https:\/\/lasentinelle.dz\/index.php\/wp-json\/wp\/v2\/users\/6"}],"replies":[{"embeddable":true,"href":"https:\/\/lasentinelle.dz\/index.php\/wp-json\/wp\/v2\/comments?post=77464"}],"version-history":[{"count":1,"href":"https:\/\/lasentinelle.dz\/index.php\/wp-json\/wp\/v2\/posts\/77464\/revisions"}],"predecessor-version":[{"id":77465,"href":"https:\/\/lasentinelle.dz\/index.php\/wp-json\/wp\/v2\/posts\/77464\/revisions\/77465"}],"wp:featuredmedia":[{"embeddable":true,"href":"https:\/\/lasentinelle.dz\/index.php\/wp-json\/wp\/v2\/media\/6223"}],"wp:attachment":[{"href":"https:\/\/lasentinelle.dz\/index.php\/wp-json\/wp\/v2\/media?parent=77464"}],"wp:term":[{"taxonomy":"category","embeddable":true,"href":"https:\/\/lasentinelle.dz\/index.php\/wp-json\/wp\/v2\/categories?post=77464"},{"taxonomy":"post_tag","embeddable":true,"href":"https:\/\/lasentinelle.dz\/index.php\/wp-json\/wp\/v2\/tags?post=77464"}],"curies":[{"name":"wp","href":"https:\/\/api.w.org\/{rel}","templated":true}]}}