{"id":77466,"date":"2025-12-09T12:55:14","date_gmt":"2025-12-09T11:55:14","guid":{"rendered":"https:\/\/lasentinelle.dz\/?p=77466"},"modified":"2025-12-09T12:55:17","modified_gmt":"2025-12-09T11:55:17","slug":"lalgerie-elue-a-la-vice-presidence-du-comite-des-droits-dauteur-de-lompi","status":"publish","type":"post","link":"https:\/\/lasentinelle.dz\/index.php\/2025\/12\/09\/lalgerie-elue-a-la-vice-presidence-du-comite-des-droits-dauteur-de-lompi\/","title":{"rendered":"L&rsquo;Alg\u00e9rie \u00e9lue \u00e0 la vice-pr\u00e9sidence du Comit\u00e9 des droits d&rsquo;auteur de l&rsquo;OMPI\u00a0"},"content":{"rendered":"\n<p><strong>Pr\u00e9server les droits d\u2019auteurs \u00e0 l\u2019\u00e8re de l\u2019IA<\/strong><\/p>\n\n\n\n<p>L&rsquo;Alg\u00e9rie, repr\u00e9sent\u00e9e par Mehdi Dilmi, directeur g\u00e9n\u00e9ral adjoint de l&rsquo;Office national des droits d&rsquo;auteur et des droits voisins, a \u00e9t\u00e9 \u00e9lue vice-pr\u00e9sidente du Comit\u00e9 permanent des droits d&rsquo;auteur et des droits connexes de l&rsquo;Organisation mondiale de la propri\u00e9t\u00e9 intellectuelle pour un mandat de deux ans, repr\u00e9sentant le Groupe africain, lors de la cl\u00f4ture de la 47e session du Comit\u00e9 tenue \u00e0 Gen\u00e8ve.<\/p>\n\n\n\n<p>Cette \u00e9lection, intervenue en Suisse au terme de la 47e session du Comit\u00e9 permanent des droits d&rsquo;auteur et des droits connexes, marque une nouvelle \u00e9tape dans l&rsquo;engagement international de l&rsquo;Alg\u00e9rie en mati\u00e8re de propri\u00e9t\u00e9 intellectuelle. Pour la p\u00e9riode 2026-2027, Mehdi Dilmi portera la voix du continent africain au sein de cette instance strat\u00e9gique de l&rsquo;Organisation mondiale de la propri\u00e9t\u00e9 intellectuelle, aux c\u00f4t\u00e9s du pr\u00e9sident hongrois Peter Labody et du vice-pr\u00e9sident argentin Martin Augusto Cortese. Le Comit\u00e9 permanent des droits d&rsquo;auteur et des droits connexes occupe une position centrale dans l&rsquo;architecture mondiale de la propri\u00e9t\u00e9 intellectuelle. Selon le communiqu\u00e9 de l&rsquo;Office national des droits d&rsquo;auteur et des droits voisins, il s&rsquo;agit de \u00ab\u00a0l&rsquo;un des principaux organes intergouvernementaux charg\u00e9s de l&rsquo;\u00e9laboration et du d\u00e9veloppement des r\u00e8gles internationales dans les domaines des droits d&rsquo;auteur et des droits connexes, notamment \u00e0 la lumi\u00e8re des transformations num\u00e9riques et technologiques mondiales\u00a0\u00bb. Cette mission rev\u00eat une importance particuli\u00e8re \u00e0 l&rsquo;heure o\u00f9 l&rsquo;intelligence artificielle, les plateformes num\u00e9riques et les nouvelles technologies bouleversent profond\u00e9ment les modes de cr\u00e9ation, de diffusion et de protection des \u0153uvres.<\/p>\n\n\n\n<p>L&rsquo;accession de l&rsquo;Alg\u00e9rie \u00e0 cette vice-pr\u00e9sidence ne r\u00e9sulte pas du hasard. Elle consacre le travail de longue haleine men\u00e9 par les institutions alg\u00e9riennes dans le domaine de la propri\u00e9t\u00e9 intellectuelle et leur engagement constant au service de la protection des cr\u00e9ateurs. Dans son communiqu\u00e9, l&rsquo;ONDA consid\u00e8re cette \u00e9lection comme \u00ab\u00a0une reconnaissance internationale du r\u00f4le pionnier de l&rsquo;Alg\u00e9rie dans le soutien du syst\u00e8me des droits d&rsquo;auteur aux niveaux r\u00e9gional et international\u00a0\u00bb, ainsi que \u00ab\u00a0de la contribution technique et professionnelle de l&rsquo;ONDA au sein de cet espace multilat\u00e9ral\u00a0\u00bb. Cette reconnaissance d\u00e9passe le cadre purement institutionnel pour s&rsquo;inscrire dans une dynamique continentale. L&rsquo;Office national des droits d&rsquo;auteur et des droits voisins a tenu \u00e0 exprimer ses remerciements au Groupe africain pour son soutien sans faille \u00e0 la candidature alg\u00e9rienne, t\u00e9moignant ainsi de la confiance que les pays du continent accordent \u00e0 l&rsquo;expertise alg\u00e9rienne dans ce domaine sensible. L&rsquo;ONDA a \u00e9galement salu\u00e9 l&rsquo;accompagnement et l&rsquo;engagement de la mission permanente de l&rsquo;Alg\u00e9rie \u00e0 Gen\u00e8ve, dont le r\u00f4le s&rsquo;est r\u00e9v\u00e9l\u00e9 d\u00e9terminant dans le renforcement de la pr\u00e9sence alg\u00e9rienne au sein de l&rsquo;OMPI.<\/p>\n\n\n\n<p>Les d\u00e9fis qui attendent Mehdi Dilmi dans ses nouvelles fonctions sont nombreux et complexes. Selon les termes de l&rsquo;Office, le nouveau vice-pr\u00e9sident \u00ab\u00a0\u0153uvrera au d\u00e9veloppement des travaux du Comit\u00e9, \u00e0 la promotion du dialogue entre les \u00c9tats membres et des consensus n\u00e9cessaires\u00a0\u00bb pour progresser efficacement dans les dossiers li\u00e9s aux droits d&rsquo;auteur et aux droits connexes. Cette mission suppose une capacit\u00e9 \u00e0 concilier des int\u00e9r\u00eats parfois divergents entre pays d\u00e9velopp\u00e9s et pays en d\u00e9veloppement, entre d\u00e9tenteurs de droits et utilisateurs, entre protection et acc\u00e8s \u00e0 la culture. L&rsquo;\u00e9lection intervient alors que les questions de propri\u00e9t\u00e9 intellectuelle se situent au c\u0153ur des enjeux \u00e9conomiques et culturels mondiaux. Les industries cr\u00e9atives repr\u00e9sentent un poids \u00e9conomique consid\u00e9rable et constituent un vecteur essentiel de rayonnement culturel pour les nations. Dans ce contexte, l&rsquo;Office national des droits d&rsquo;auteur et des droits voisins a r\u00e9affirm\u00e9 \u00ab\u00a0son engagement \u00e0 \u0153uvrer pour la promotion des industries culturelles et cr\u00e9atives en Alg\u00e9rie, la protection des droits des cr\u00e9ateurs, et le renforcement de la coop\u00e9ration africaine et internationale dans ce domaine\u00a0\u00bb. Cette nomination ouvre \u00e9galement des perspectives pour l&rsquo;ensemble du continent africain, qui pourra compter sur une repr\u00e9sentation active de ses pr\u00e9occupations sp\u00e9cifiques au sein d&rsquo;une instance o\u00f9 se forgent les normes internationales.&nbsp;<\/p>\n\n\n\n<p>Mohand Seghir<\/p>\n","protected":false},"excerpt":{"rendered":"<p>Pr\u00e9server les droits d\u2019auteurs \u00e0 l\u2019\u00e8re de l\u2019IA L&rsquo;Alg\u00e9rie, repr\u00e9sent\u00e9e par Mehdi Dilmi, directeur g\u00e9n\u00e9ral adjoint de l&rsquo;Office national des<\/p>\n","protected":false},"author":6,"featured_media":68342,"comment_status":"open","ping_status":"closed","sticky":false,"template":"","format":"standard","meta":{"colormag_page_container_layout":"default_layout","colormag_page_sidebar_layout":"default_layout","om_disable_all_campaigns":false,"_monsterinsights_skip_tracking":false,"_monsterinsights_sitenote_active":false,"_monsterinsights_sitenote_note":"","_monsterinsights_sitenote_category":0,"footnotes":"","_wpscppro_dont_share_socialmedia":false,"_wpscppro_custom_social_share_image":0,"_facebook_share_type":"default","_twitter_share_type":"default","_linkedin_share_type":"default","_pinterest_share_type":"default","_linkedin_share_type_page":"","_instagram_share_type":"default","_medium_share_type":"default","_threads_share_type":"default","_google_business_share_type":"default","_selected_social_profile":[],"_wpsp_enable_custom_social_template":false,"_wpsp_social_scheduling":{"enabled":false,"datetime":null,"platforms":[],"status":"template_only","dateOption":"today","timeOption":"now","customDays":"","customHours":"","customDate":"","customTime":"","schedulingType":"absolute"},"_wpsp_active_default_template":true},"categories":[36],"tags":[],"class_list":["post-77466","post","type-post","status-publish","format-standard","has-post-thumbnail","hentry","category-culture"],"aioseo_notices":[],"yoast_head":"<!-- This site is optimized with the Yoast SEO plugin v27.5 - https:\/\/yoast.com\/product\/yoast-seo-wordpress\/ -->\n<title>L&rsquo;Alg\u00e9rie \u00e9lue \u00e0 la vice-pr\u00e9sidence du Comit\u00e9 des droits d&rsquo;auteur de l&rsquo;OMPI\u00a0 - La Sentinelle<\/title>\n<meta name=\"robots\" content=\"index, follow, max-snippet:-1, max-image-preview:large, max-video-preview:-1\" \/>\n<link rel=\"canonical\" href=\"https:\/\/lasentinelle.dz\/index.php\/2025\/12\/09\/lalgerie-elue-a-la-vice-presidence-du-comite-des-droits-dauteur-de-lompi\/\" \/>\n<meta property=\"og:locale\" content=\"fr_FR\" \/>\n<meta property=\"og:type\" content=\"article\" \/>\n<meta property=\"og:title\" content=\"L&rsquo;Alg\u00e9rie \u00e9lue \u00e0 la vice-pr\u00e9sidence du Comit\u00e9 des droits d&rsquo;auteur de l&rsquo;OMPI\u00a0 - La Sentinelle\" \/>\n<meta property=\"og:description\" content=\"Pr\u00e9server les droits d\u2019auteurs \u00e0 l\u2019\u00e8re de l\u2019IA L&rsquo;Alg\u00e9rie, repr\u00e9sent\u00e9e par Mehdi Dilmi, directeur g\u00e9n\u00e9ral adjoint de l&rsquo;Office national des\" \/>\n<meta property=\"og:url\" content=\"https:\/\/lasentinelle.dz\/index.php\/2025\/12\/09\/lalgerie-elue-a-la-vice-presidence-du-comite-des-droits-dauteur-de-lompi\/\" \/>\n<meta property=\"og:site_name\" content=\"La Sentinelle\" \/>\n<meta property=\"article:publisher\" content=\"https:\/\/www.facebook.com\/La-Sentinelle-104059864394773\" \/>\n<meta property=\"article:published_time\" content=\"2025-12-09T11:55:14+00:00\" \/>\n<meta property=\"article:modified_time\" content=\"2025-12-09T11:55:17+00:00\" \/>\n<meta property=\"og:image\" content=\"https:\/\/lasentinelle.dz\/wp-content\/uploads\/2025\/06\/ONDA.jpg\" \/>\n\t<meta property=\"og:image:width\" content=\"1000\" \/>\n\t<meta property=\"og:image:height\" content=\"600\" \/>\n\t<meta property=\"og:image:type\" content=\"image\/jpeg\" \/>\n<meta name=\"author\" content=\"admin\" \/>\n<meta name=\"twitter:card\" content=\"summary_large_image\" \/>\n<meta name=\"twitter:label1\" content=\"\u00c9crit par\" \/>\n\t<meta name=\"twitter:data1\" content=\"admin\" \/>\n\t<meta name=\"twitter:label2\" content=\"Dur\u00e9e de lecture estim\u00e9e\" \/>\n\t<meta name=\"twitter:data2\" content=\"4 minutes\" \/>\n<script type=\"application\/ld+json\" class=\"yoast-schema-graph\">{\"@context\":\"https:\\\/\\\/schema.org\",\"@graph\":[{\"@type\":\"Article\",\"@id\":\"https:\\\/\\\/lasentinelle.dz\\\/index.php\\\/2025\\\/12\\\/09\\\/lalgerie-elue-a-la-vice-presidence-du-comite-des-droits-dauteur-de-lompi\\\/#article\",\"isPartOf\":{\"@id\":\"https:\\\/\\\/lasentinelle.dz\\\/index.php\\\/2025\\\/12\\\/09\\\/lalgerie-elue-a-la-vice-presidence-du-comite-des-droits-dauteur-de-lompi\\\/\"},\"author\":{\"name\":\"admin\",\"@id\":\"https:\\\/\\\/lasentinelle.dz\\\/#\\\/schema\\\/person\\\/729ee0024f24e0b8c5ec17232f8e8b41\"},\"headline\":\"L&rsquo;Alg\u00e9rie \u00e9lue \u00e0 la vice-pr\u00e9sidence du Comit\u00e9 des droits d&rsquo;auteur de l&rsquo;OMPI\u00a0\",\"datePublished\":\"2025-12-09T11:55:14+00:00\",\"dateModified\":\"2025-12-09T11:55:17+00:00\",\"mainEntityOfPage\":{\"@id\":\"https:\\\/\\\/lasentinelle.dz\\\/index.php\\\/2025\\\/12\\\/09\\\/lalgerie-elue-a-la-vice-presidence-du-comite-des-droits-dauteur-de-lompi\\\/\"},\"wordCount\":760,\"commentCount\":0,\"publisher\":{\"@id\":\"https:\\\/\\\/lasentinelle.dz\\\/#organization\"},\"image\":{\"@id\":\"https:\\\/\\\/lasentinelle.dz\\\/index.php\\\/2025\\\/12\\\/09\\\/lalgerie-elue-a-la-vice-presidence-du-comite-des-droits-dauteur-de-lompi\\\/#primaryimage\"},\"thumbnailUrl\":\"https:\\\/\\\/lasentinelle.dz\\\/wp-content\\\/uploads\\\/2025\\\/06\\\/ONDA.jpg\",\"articleSection\":[\"Culture\"],\"inLanguage\":\"fr-FR\",\"potentialAction\":[{\"@type\":\"CommentAction\",\"name\":\"Comment\",\"target\":[\"https:\\\/\\\/lasentinelle.dz\\\/index.php\\\/2025\\\/12\\\/09\\\/lalgerie-elue-a-la-vice-presidence-du-comite-des-droits-dauteur-de-lompi\\\/#respond\"]}]},{\"@type\":\"WebPage\",\"@id\":\"https:\\\/\\\/lasentinelle.dz\\\/index.php\\\/2025\\\/12\\\/09\\\/lalgerie-elue-a-la-vice-presidence-du-comite-des-droits-dauteur-de-lompi\\\/\",\"url\":\"https:\\\/\\\/lasentinelle.dz\\\/index.php\\\/2025\\\/12\\\/09\\\/lalgerie-elue-a-la-vice-presidence-du-comite-des-droits-dauteur-de-lompi\\\/\",\"name\":\"L&rsquo;Alg\u00e9rie \u00e9lue \u00e0 la vice-pr\u00e9sidence du Comit\u00e9 des droits d&rsquo;auteur de l&rsquo;OMPI\u00a0 - La Sentinelle\",\"isPartOf\":{\"@id\":\"https:\\\/\\\/lasentinelle.dz\\\/#website\"},\"primaryImageOfPage\":{\"@id\":\"https:\\\/\\\/lasentinelle.dz\\\/index.php\\\/2025\\\/12\\\/09\\\/lalgerie-elue-a-la-vice-presidence-du-comite-des-droits-dauteur-de-lompi\\\/#primaryimage\"},\"image\":{\"@id\":\"https:\\\/\\\/lasentinelle.dz\\\/index.php\\\/2025\\\/12\\\/09\\\/lalgerie-elue-a-la-vice-presidence-du-comite-des-droits-dauteur-de-lompi\\\/#primaryimage\"},\"thumbnailUrl\":\"https:\\\/\\\/lasentinelle.dz\\\/wp-content\\\/uploads\\\/2025\\\/06\\\/ONDA.jpg\",\"datePublished\":\"2025-12-09T11:55:14+00:00\",\"dateModified\":\"2025-12-09T11:55:17+00:00\",\"breadcrumb\":{\"@id\":\"https:\\\/\\\/lasentinelle.dz\\\/index.php\\\/2025\\\/12\\\/09\\\/lalgerie-elue-a-la-vice-presidence-du-comite-des-droits-dauteur-de-lompi\\\/#breadcrumb\"},\"inLanguage\":\"fr-FR\",\"potentialAction\":[{\"@type\":\"ReadAction\",\"target\":[\"https:\\\/\\\/lasentinelle.dz\\\/index.php\\\/2025\\\/12\\\/09\\\/lalgerie-elue-a-la-vice-presidence-du-comite-des-droits-dauteur-de-lompi\\\/\"]}]},{\"@type\":\"ImageObject\",\"inLanguage\":\"fr-FR\",\"@id\":\"https:\\\/\\\/lasentinelle.dz\\\/index.php\\\/2025\\\/12\\\/09\\\/lalgerie-elue-a-la-vice-presidence-du-comite-des-droits-dauteur-de-lompi\\\/#primaryimage\",\"url\":\"https:\\\/\\\/lasentinelle.dz\\\/wp-content\\\/uploads\\\/2025\\\/06\\\/ONDA.jpg\",\"contentUrl\":\"https:\\\/\\\/lasentinelle.dz\\\/wp-content\\\/uploads\\\/2025\\\/06\\\/ONDA.jpg\",\"width\":1000,\"height\":600},{\"@type\":\"BreadcrumbList\",\"@id\":\"https:\\\/\\\/lasentinelle.dz\\\/index.php\\\/2025\\\/12\\\/09\\\/lalgerie-elue-a-la-vice-presidence-du-comite-des-droits-dauteur-de-lompi\\\/#breadcrumb\",\"itemListElement\":[{\"@type\":\"ListItem\",\"position\":1,\"name\":\"Accueil\",\"item\":\"https:\\\/\\\/lasentinelle.dz\\\/\"},{\"@type\":\"ListItem\",\"position\":2,\"name\":\"L&rsquo;Alg\u00e9rie \u00e9lue \u00e0 la vice-pr\u00e9sidence du Comit\u00e9 des droits d&rsquo;auteur de l&rsquo;OMPI\u00a0\"}]},{\"@type\":\"WebSite\",\"@id\":\"https:\\\/\\\/lasentinelle.dz\\\/#website\",\"url\":\"https:\\\/\\\/lasentinelle.dz\\\/\",\"name\":\"La Sentinelle\",\"description\":\"Quotidien national d&#039;information\",\"publisher\":{\"@id\":\"https:\\\/\\\/lasentinelle.dz\\\/#organization\"},\"potentialAction\":[{\"@type\":\"SearchAction\",\"target\":{\"@type\":\"EntryPoint\",\"urlTemplate\":\"https:\\\/\\\/lasentinelle.dz\\\/?s={search_term_string}\"},\"query-input\":{\"@type\":\"PropertyValueSpecification\",\"valueRequired\":true,\"valueName\":\"search_term_string\"}}],\"inLanguage\":\"fr-FR\"},{\"@type\":\"Organization\",\"@id\":\"https:\\\/\\\/lasentinelle.dz\\\/#organization\",\"name\":\"Quotidien La Sentinelle\",\"url\":\"https:\\\/\\\/lasentinelle.dz\\\/\",\"logo\":{\"@type\":\"ImageObject\",\"inLanguage\":\"fr-FR\",\"@id\":\"https:\\\/\\\/lasentinelle.dz\\\/#\\\/schema\\\/logo\\\/image\\\/\",\"url\":\"https:\\\/\\\/lasentinelle.dz\\\/wp-content\\\/uploads\\\/2021\\\/09\\\/logo-sentinelleSLOGAN-1.png\",\"contentUrl\":\"https:\\\/\\\/lasentinelle.dz\\\/wp-content\\\/uploads\\\/2021\\\/09\\\/logo-sentinelleSLOGAN-1.png\",\"width\":615,\"height\":142,\"caption\":\"Quotidien La Sentinelle\"},\"image\":{\"@id\":\"https:\\\/\\\/lasentinelle.dz\\\/#\\\/schema\\\/logo\\\/image\\\/\"},\"sameAs\":[\"https:\\\/\\\/www.facebook.com\\\/La-Sentinelle-104059864394773\"]},{\"@type\":\"Person\",\"@id\":\"https:\\\/\\\/lasentinelle.dz\\\/#\\\/schema\\\/person\\\/729ee0024f24e0b8c5ec17232f8e8b41\",\"name\":\"admin\",\"image\":{\"@type\":\"ImageObject\",\"inLanguage\":\"fr-FR\",\"@id\":\"https:\\\/\\\/secure.gravatar.com\\\/avatar\\\/4c81fed838786e9b53f540bf46533e750f5d292099ae3b66cfc6fb1982e29df7?s=96&d=mm&r=g\",\"url\":\"https:\\\/\\\/secure.gravatar.com\\\/avatar\\\/4c81fed838786e9b53f540bf46533e750f5d292099ae3b66cfc6fb1982e29df7?s=96&d=mm&r=g\",\"contentUrl\":\"https:\\\/\\\/secure.gravatar.com\\\/avatar\\\/4c81fed838786e9b53f540bf46533e750f5d292099ae3b66cfc6fb1982e29df7?s=96&d=mm&r=g\",\"caption\":\"admin\"},\"description\":\"admin\",\"url\":\"https:\\\/\\\/lasentinelle.dz\\\/author\\\/admin\\\/\"}]}<\/script>\n<!-- \/ Yoast SEO plugin. -->","yoast_head_json":{"title":"L&rsquo;Alg\u00e9rie \u00e9lue \u00e0 la vice-pr\u00e9sidence du Comit\u00e9 des droits d&rsquo;auteur de l&rsquo;OMPI\u00a0 - La Sentinelle","robots":{"index":"index","follow":"follow","max-snippet":"max-snippet:-1","max-image-preview":"max-image-preview:large","max-video-preview":"max-video-preview:-1"},"canonical":"https:\/\/lasentinelle.dz\/index.php\/2025\/12\/09\/lalgerie-elue-a-la-vice-presidence-du-comite-des-droits-dauteur-de-lompi\/","og_locale":"fr_FR","og_type":"article","og_title":"L&rsquo;Alg\u00e9rie \u00e9lue \u00e0 la vice-pr\u00e9sidence du Comit\u00e9 des droits d&rsquo;auteur de l&rsquo;OMPI\u00a0 - La Sentinelle","og_description":"Pr\u00e9server les droits d\u2019auteurs \u00e0 l\u2019\u00e8re de l\u2019IA L&rsquo;Alg\u00e9rie, repr\u00e9sent\u00e9e par Mehdi Dilmi, directeur g\u00e9n\u00e9ral adjoint de l&rsquo;Office national des","og_url":"https:\/\/lasentinelle.dz\/index.php\/2025\/12\/09\/lalgerie-elue-a-la-vice-presidence-du-comite-des-droits-dauteur-de-lompi\/","og_site_name":"La Sentinelle","article_publisher":"https:\/\/www.facebook.com\/La-Sentinelle-104059864394773","article_published_time":"2025-12-09T11:55:14+00:00","article_modified_time":"2025-12-09T11:55:17+00:00","og_image":[{"width":1000,"height":600,"url":"https:\/\/lasentinelle.dz\/wp-content\/uploads\/2025\/06\/ONDA.jpg","type":"image\/jpeg"}],"author":"admin","twitter_card":"summary_large_image","twitter_misc":{"\u00c9crit par":"admin","Dur\u00e9e de lecture estim\u00e9e":"4 minutes"},"schema":{"@context":"https:\/\/schema.org","@graph":[{"@type":"Article","@id":"https:\/\/lasentinelle.dz\/index.php\/2025\/12\/09\/lalgerie-elue-a-la-vice-presidence-du-comite-des-droits-dauteur-de-lompi\/#article","isPartOf":{"@id":"https:\/\/lasentinelle.dz\/index.php\/2025\/12\/09\/lalgerie-elue-a-la-vice-presidence-du-comite-des-droits-dauteur-de-lompi\/"},"author":{"name":"admin","@id":"https:\/\/lasentinelle.dz\/#\/schema\/person\/729ee0024f24e0b8c5ec17232f8e8b41"},"headline":"L&rsquo;Alg\u00e9rie \u00e9lue \u00e0 la vice-pr\u00e9sidence du Comit\u00e9 des droits d&rsquo;auteur de l&rsquo;OMPI\u00a0","datePublished":"2025-12-09T11:55:14+00:00","dateModified":"2025-12-09T11:55:17+00:00","mainEntityOfPage":{"@id":"https:\/\/lasentinelle.dz\/index.php\/2025\/12\/09\/lalgerie-elue-a-la-vice-presidence-du-comite-des-droits-dauteur-de-lompi\/"},"wordCount":760,"commentCount":0,"publisher":{"@id":"https:\/\/lasentinelle.dz\/#organization"},"image":{"@id":"https:\/\/lasentinelle.dz\/index.php\/2025\/12\/09\/lalgerie-elue-a-la-vice-presidence-du-comite-des-droits-dauteur-de-lompi\/#primaryimage"},"thumbnailUrl":"https:\/\/lasentinelle.dz\/wp-content\/uploads\/2025\/06\/ONDA.jpg","articleSection":["Culture"],"inLanguage":"fr-FR","potentialAction":[{"@type":"CommentAction","name":"Comment","target":["https:\/\/lasentinelle.dz\/index.php\/2025\/12\/09\/lalgerie-elue-a-la-vice-presidence-du-comite-des-droits-dauteur-de-lompi\/#respond"]}]},{"@type":"WebPage","@id":"https:\/\/lasentinelle.dz\/index.php\/2025\/12\/09\/lalgerie-elue-a-la-vice-presidence-du-comite-des-droits-dauteur-de-lompi\/","url":"https:\/\/lasentinelle.dz\/index.php\/2025\/12\/09\/lalgerie-elue-a-la-vice-presidence-du-comite-des-droits-dauteur-de-lompi\/","name":"L&rsquo;Alg\u00e9rie \u00e9lue \u00e0 la vice-pr\u00e9sidence du Comit\u00e9 des droits d&rsquo;auteur de l&rsquo;OMPI\u00a0 - La Sentinelle","isPartOf":{"@id":"https:\/\/lasentinelle.dz\/#website"},"primaryImageOfPage":{"@id":"https:\/\/lasentinelle.dz\/index.php\/2025\/12\/09\/lalgerie-elue-a-la-vice-presidence-du-comite-des-droits-dauteur-de-lompi\/#primaryimage"},"image":{"@id":"https:\/\/lasentinelle.dz\/index.php\/2025\/12\/09\/lalgerie-elue-a-la-vice-presidence-du-comite-des-droits-dauteur-de-lompi\/#primaryimage"},"thumbnailUrl":"https:\/\/lasentinelle.dz\/wp-content\/uploads\/2025\/06\/ONDA.jpg","datePublished":"2025-12-09T11:55:14+00:00","dateModified":"2025-12-09T11:55:17+00:00","breadcrumb":{"@id":"https:\/\/lasentinelle.dz\/index.php\/2025\/12\/09\/lalgerie-elue-a-la-vice-presidence-du-comite-des-droits-dauteur-de-lompi\/#breadcrumb"},"inLanguage":"fr-FR","potentialAction":[{"@type":"ReadAction","target":["https:\/\/lasentinelle.dz\/index.php\/2025\/12\/09\/lalgerie-elue-a-la-vice-presidence-du-comite-des-droits-dauteur-de-lompi\/"]}]},{"@type":"ImageObject","inLanguage":"fr-FR","@id":"https:\/\/lasentinelle.dz\/index.php\/2025\/12\/09\/lalgerie-elue-a-la-vice-presidence-du-comite-des-droits-dauteur-de-lompi\/#primaryimage","url":"https:\/\/lasentinelle.dz\/wp-content\/uploads\/2025\/06\/ONDA.jpg","contentUrl":"https:\/\/lasentinelle.dz\/wp-content\/uploads\/2025\/06\/ONDA.jpg","width":1000,"height":600},{"@type":"BreadcrumbList","@id":"https:\/\/lasentinelle.dz\/index.php\/2025\/12\/09\/lalgerie-elue-a-la-vice-presidence-du-comite-des-droits-dauteur-de-lompi\/#breadcrumb","itemListElement":[{"@type":"ListItem","position":1,"name":"Accueil","item":"https:\/\/lasentinelle.dz\/"},{"@type":"ListItem","position":2,"name":"L&rsquo;Alg\u00e9rie \u00e9lue \u00e0 la vice-pr\u00e9sidence du Comit\u00e9 des droits d&rsquo;auteur de l&rsquo;OMPI\u00a0"}]},{"@type":"WebSite","@id":"https:\/\/lasentinelle.dz\/#website","url":"https:\/\/lasentinelle.dz\/","name":"La Sentinelle","description":"Quotidien national d&#039;information","publisher":{"@id":"https:\/\/lasentinelle.dz\/#organization"},"potentialAction":[{"@type":"SearchAction","target":{"@type":"EntryPoint","urlTemplate":"https:\/\/lasentinelle.dz\/?s={search_term_string}"},"query-input":{"@type":"PropertyValueSpecification","valueRequired":true,"valueName":"search_term_string"}}],"inLanguage":"fr-FR"},{"@type":"Organization","@id":"https:\/\/lasentinelle.dz\/#organization","name":"Quotidien La Sentinelle","url":"https:\/\/lasentinelle.dz\/","logo":{"@type":"ImageObject","inLanguage":"fr-FR","@id":"https:\/\/lasentinelle.dz\/#\/schema\/logo\/image\/","url":"https:\/\/lasentinelle.dz\/wp-content\/uploads\/2021\/09\/logo-sentinelleSLOGAN-1.png","contentUrl":"https:\/\/lasentinelle.dz\/wp-content\/uploads\/2021\/09\/logo-sentinelleSLOGAN-1.png","width":615,"height":142,"caption":"Quotidien La Sentinelle"},"image":{"@id":"https:\/\/lasentinelle.dz\/#\/schema\/logo\/image\/"},"sameAs":["https:\/\/www.facebook.com\/La-Sentinelle-104059864394773"]},{"@type":"Person","@id":"https:\/\/lasentinelle.dz\/#\/schema\/person\/729ee0024f24e0b8c5ec17232f8e8b41","name":"admin","image":{"@type":"ImageObject","inLanguage":"fr-FR","@id":"https:\/\/secure.gravatar.com\/avatar\/4c81fed838786e9b53f540bf46533e750f5d292099ae3b66cfc6fb1982e29df7?s=96&d=mm&r=g","url":"https:\/\/secure.gravatar.com\/avatar\/4c81fed838786e9b53f540bf46533e750f5d292099ae3b66cfc6fb1982e29df7?s=96&d=mm&r=g","contentUrl":"https:\/\/secure.gravatar.com\/avatar\/4c81fed838786e9b53f540bf46533e750f5d292099ae3b66cfc6fb1982e29df7?s=96&d=mm&r=g","caption":"admin"},"description":"admin","url":"https:\/\/lasentinelle.dz\/author\/admin\/"}]}},"_links":{"self":[{"href":"https:\/\/lasentinelle.dz\/index.php\/wp-json\/wp\/v2\/posts\/77466","targetHints":{"allow":["GET"]}}],"collection":[{"href":"https:\/\/lasentinelle.dz\/index.php\/wp-json\/wp\/v2\/posts"}],"about":[{"href":"https:\/\/lasentinelle.dz\/index.php\/wp-json\/wp\/v2\/types\/post"}],"author":[{"embeddable":true,"href":"https:\/\/lasentinelle.dz\/index.php\/wp-json\/wp\/v2\/users\/6"}],"replies":[{"embeddable":true,"href":"https:\/\/lasentinelle.dz\/index.php\/wp-json\/wp\/v2\/comments?post=77466"}],"version-history":[{"count":2,"href":"https:\/\/lasentinelle.dz\/index.php\/wp-json\/wp\/v2\/posts\/77466\/revisions"}],"predecessor-version":[{"id":77468,"href":"https:\/\/lasentinelle.dz\/index.php\/wp-json\/wp\/v2\/posts\/77466\/revisions\/77468"}],"wp:featuredmedia":[{"embeddable":true,"href":"https:\/\/lasentinelle.dz\/index.php\/wp-json\/wp\/v2\/media\/68342"}],"wp:attachment":[{"href":"https:\/\/lasentinelle.dz\/index.php\/wp-json\/wp\/v2\/media?parent=77466"}],"wp:term":[{"taxonomy":"category","embeddable":true,"href":"https:\/\/lasentinelle.dz\/index.php\/wp-json\/wp\/v2\/categories?post=77466"},{"taxonomy":"post_tag","embeddable":true,"href":"https:\/\/lasentinelle.dz\/index.php\/wp-json\/wp\/v2\/tags?post=77466"}],"curies":[{"name":"wp","href":"https:\/\/api.w.org\/{rel}","templated":true}]}}