{"id":77469,"date":"2025-12-09T12:56:39","date_gmt":"2025-12-09T11:56:39","guid":{"rendered":"https:\/\/lasentinelle.dz\/?p=77469"},"modified":"2025-12-09T12:56:41","modified_gmt":"2025-12-09T11:56:41","slug":"petkovic-se-montre-confiant-avant-la-can-lalgerie-affichera-un-bon-niveau","status":"publish","type":"post","link":"https:\/\/lasentinelle.dz\/index.php\/2025\/12\/09\/petkovic-se-montre-confiant-avant-la-can-lalgerie-affichera-un-bon-niveau\/","title":{"rendered":"Petkovi\u0107 se montre confiant avant la CAN\u00a0: \u00ab\u00a0L&rsquo;Alg\u00e9rie affichera un bon niveau\u00a0\u00bb"},"content":{"rendered":"\n<p>\u00c0 quelques jours du coup d&rsquo;envoi de la Coupe d&rsquo;Afrique des Nations 2025 au Maroc, Vladimir Petkovi\u0107 a livr\u00e9 une analyse approfondie des d\u00e9fis qui attendent l&rsquo;\u00e9quipe nationale dans les mois \u00e0 venir.&nbsp;<\/p>\n\n\n\n<p>Entre la CAN imminente et la Coupe du monde 2026 o\u00f9 les Fennecs affronteront l&rsquo;Argentine, l&rsquo;Autriche et la Jordanie, le s\u00e9lectionneur national a affich\u00e9 sa confiance tout en appelant \u00e0 l&rsquo;unit\u00e9 et \u00e0 la coh\u00e9sion autour de son groupe. Dans une interview accord\u00e9e \u00e0 la cha\u00eene alg\u00e9rienne El Heddaf, le technicien suisse s&rsquo;est exprim\u00e9 sur plusieurs dossiers sensibles, de la composition de sa liste pour la CAN aux critiques visant certains joueurs, notamment Ramiz Zerrouki. Le technicien helv\u00e9tique a d&rsquo;abord \u00e9voqu\u00e9 avec satisfaction la qualification de l&rsquo;Alg\u00e9rie pour le Mondial 2026, se disant \u00ab tr\u00e8s satisfait que nous soyons pr\u00e9sents ici et que nous participions \u00e0 cette \u00e9dition de la Coupe du Monde \u00bb, une comp\u00e9tition qu&rsquo;il estime \u00ab parfaitement organis\u00e9e et rassemblant des \u00e9quipes tr\u00e8s solides et exp\u00e9riment\u00e9es \u00bb. Le tirage au sort a plac\u00e9 les Verts dans un groupe relev\u00e9 face \u00e0 trois adversaires de taille, mais Petkovi\u0107 y voit des opportunit\u00e9s \u00e0 saisir. Selon lui, l&rsquo;Alg\u00e9rie affrontera \u00ab trois \u00e9quipes de grande valeur et de grande renomm\u00e9e \u00bb, tout en identifiant \u00ab de r\u00e9elles opportunit\u00e9s pour que nous puissions non seulement sortir vainqueur, mais \u00e9galement progresser match apr\u00e8s match \u00bb. Le s\u00e9lectionneur national n&rsquo;\u00e9lude pas la difficult\u00e9 de la t\u00e2che, reconnaissant que \u00ab l&rsquo;Argentine reste bien entendu le grand favori \u00bb du groupe. L&rsquo;Albiceleste, championne du monde en titre et double tenante de la Copa Am\u00e9rica, repr\u00e9sente l&rsquo;obstacle le plus redoutable sur le parcours des Fennecs. Concernant l&rsquo;Autriche, Petkovi\u0107 souligne la qualit\u00e9 de jeu de cette \u00e9quipe europ\u00e9enne qui pratique un football \u00ab structur\u00e9, rapide et tr\u00e8s puissant \u00bb. Quant \u00e0 la Jordanie, il met en garde contre toute forme de sous-estimation, la d\u00e9crivant comme \u00ab une \u00e9quipe surprise qu&rsquo;il ne faut surtout jamais sous-estimer \u00bb, conscient que les surprises font partie int\u00e9grante du football international.<\/p>\n\n\n\n<p>Mais avant de penser au rendez-vous mondial, c&rsquo;est la Coupe d&rsquo;Afrique des Nations qui monopolise l&rsquo;attention. \u00c0 deux jours de la date limite d&rsquo;envoi de la liste d\u00e9finitive \u00e0 la Conf\u00e9d\u00e9ration africaine de football, Petkovi\u0107 reste prudent sur la composition de son effectif. \u00ab Parler de la liste d\u00e9finitive de la CAN est encore un peu t\u00f4t. Certains joueurs seront en forme, d&rsquo;autres moins, d&rsquo;autres encore pourraient se blesser. Je pr\u00e9f\u00e8re en discuter le moment venu \u00bb, a-t-il expliqu\u00e9, refusant de se pr\u00e9cipiter dans ses choix finaux. Cette prudence t\u00e9moigne de son souci de pr\u00e9server toutes les options jusqu&rsquo;au dernier moment, en fonction de l&rsquo;\u00e9tat de forme et de la condition physique de ses joueurs. Fid\u00e8le \u00e0 sa philosophie de jeu et \u00e0 son approche pragmatique, le s\u00e9lectionneur refuse de faire des promesses irr\u00e9alistes aux supporters alg\u00e9riens. \u00ab Je ne vous garantis rien mais je vous assure que l&rsquo;\u00e9quipe affichera un bon niveau \u00e0 la CAN et nous aurons de bons r\u00e9sultats \u00bb, a-t-il d\u00e9clar\u00e9 avec franchise. Pour Petkovi\u0107, l&rsquo;essentiel r\u00e9side dans la mani\u00e8re d&rsquo;aborder la comp\u00e9tition et chaque rencontre avec s\u00e9rieux et d\u00e9termination. \u00ab Nous voulons avant tout jouer notre football et chercher \u00e0 gagner chaque match \u00bb, a-t-il martel\u00e9, insistant sur l&rsquo;importance d&rsquo;une approche \u00e9quilibr\u00e9e et r\u00e9aliste. Le technicien suisse privil\u00e9gie la mesure dans ses analyses, rappelant qu&rsquo;il n&rsquo;a \u00ab jamais une approche qui va de 0 \u00e0 100 ou de 100 \u00e0 0 \u00bb, pr\u00e9f\u00e9rant garder une vision nuanc\u00e9e des situations. La question de l&rsquo;int\u00e9gration \u00e9ventuelle de joueurs brillant actuellement avec l&rsquo;\u00e9quipe A&rsquo; lors de la Coupe arabe, comme Victor Lekhal ou Adil Boulbina, a \u00e9galement \u00e9t\u00e9 abord\u00e9e. Petkovi\u0107 s&rsquo;est montr\u00e9 attentif mais mesur\u00e9 sur ce sujet d\u00e9licat. \u00ab Je suis ce qu&rsquo;ils font du mieux possible et je lis ce qui se dit \u00e0 leur propos. Bien s\u00fbr, je le fais avec parcimonie, car je n&rsquo;ai pas pour habitude de tout bouleverser. Je pr\u00e9f\u00e8re parler d&rsquo;un groupe plut\u00f4t que d&rsquo;un joueur ou deux. Ce qui est certain, c&rsquo;est que les portes de la s\u00e9lection restent ouvertes \u00e0 ceux qui prouvent qu&rsquo;ils le m\u00e9ritent \u00bb, a-t-il pr\u00e9cis\u00e9. Cette d\u00e9claration confirme que le s\u00e9lectionneur suit de pr\u00e8s les performances des joueurs locaux tout en maintenant la stabilit\u00e9 de son groupe principal, rappelant que \u00ab la porte de l&rsquo;\u00e9quipe nationale reste ouverte \u00e0 tout le monde \u00bb et que sa mission est de constituer \u00ab un groupe de 23 \u00e0 26 joueurs, les meilleurs possibles \u00bb.<\/p>\n\n\n\n<p>Le cas de Riyad Mahrez, capitaine embl\u00e9matique de la s\u00e9lection, a naturellement \u00e9t\u00e9 \u00e9voqu\u00e9. Petkovi\u0107 a tenu \u00e0 nuancer l&rsquo;id\u00e9e d&rsquo;une d\u00e9pendance excessive de l&rsquo;\u00e9quipe envers son meneur de jeu. \u00ab Il y a beaucoup de joueurs qui sont au m\u00eame niveau que Mahrez, mais il est normal de discuter davantage avec le capitaine, qui a tant apport\u00e9 \u00e0 l&rsquo;Alg\u00e9rie \u00bb, a-t-il soulign\u00e9, rendant hommage \u00e0 l&rsquo;apport consid\u00e9rable du joueur d&rsquo;Al-Ahli tout en rappelant que l&rsquo;\u00e9quipe dispose d&rsquo;autres talents capables de faire la diff\u00e9rence. Le s\u00e9lectionneur a \u00e9galement pris fermement la d\u00e9fense de Ramiz Zerrouki, milieu de terrain qui cristallise r\u00e9guli\u00e8rement les critiques d&rsquo;une partie du public et des observateurs. Souvent qualifi\u00e9 d&rsquo;ind\u00e9sirable par certains, le joueur de Feyenoord fait l&rsquo;objet de d\u00e9bats enflamm\u00e9s \u00e0 chaque fois qu&rsquo;il est convoqu\u00e9 en \u00e9quipe nationale. Pour Petkovi\u0107, ces attaques sont injustifi\u00e9es et ne refl\u00e8tent pas la r\u00e9alit\u00e9. \u00ab On peut reprocher une erreur \u00e0 Zerrouki, mais jamais son comportement, ce qu&rsquo;il apporte dans le jeu ni son engagement. C&rsquo;est un grand professionnel, un joueur respect\u00e9 et appr\u00e9ci\u00e9 au sein du groupe \u00bb, a assur\u00e9 le technicien avec conviction. Le s\u00e9lectionneur a \u00e9galement confi\u00e9 suivre attentivement les commentaires concernant l&rsquo;\u00e9quipe A&rsquo;, d\u00e9montrant son attention aux d\u00e9bats qui animent la sph\u00e8re footballistique alg\u00e9rienne. \u00ab Zerrouki est un grand professionnel, un joueur tr\u00e8s appr\u00e9ci\u00e9 dans notre \u00e9quipe \u00bb, a-t-il r\u00e9affirm\u00e9, mettant fin aux sp\u00e9culations sur une \u00e9ventuelle mise \u00e0 l&rsquo;\u00e9cart du milieu de terrain. Au-del\u00e0 des consid\u00e9rations tactiques et techniques, Petkovi\u0107 a insist\u00e9 sur l&rsquo;importance cruciale de l&rsquo;unit\u00e9 nationale autour de l&rsquo;\u00e9quipe. \u00ab Uniquement ensemble, tout le peuple, vous les journalistes et nous dans le football, nous pouvons faire de grandes choses. Si nous sommes divis\u00e9s, ce sera difficile \u00bb, a-t-il lanc\u00e9 comme un appel \u00e0 la mobilisation g\u00e9n\u00e9rale. Ce message s&rsquo;adresse autant aux supporters qu&rsquo;aux m\u00e9dias et aux diff\u00e9rents acteurs du football alg\u00e9rien, dans un contexte o\u00f9 les critiques et les pol\u00e9miques peuvent parfois parasiter la pr\u00e9paration de l&rsquo;\u00e9quipe nationale. Le s\u00e9lectionneur a \u00e9galement salu\u00e9 l&rsquo;implication exemplaire de son groupe et la qualit\u00e9 du travail accompli lors des derniers rassemblements, insistant sur le fait que c&rsquo;est la coh\u00e9sion collective qui fera la diff\u00e9rence lors des grandes \u00e9ch\u00e9ances. \u00c0 quelques jours du d\u00e9but de la CAN, le message de Vladimir Petkovi\u0107 est clair et sans ambigu\u00eft\u00e9 : fiert\u00e9 d&rsquo;appartenir \u00e0 la famille des Fennecs, travail acharn\u00e9 au quotidien, coh\u00e9sion sans faille entre tous les acteurs, et l&rsquo;ambition affich\u00e9e de ramener l&rsquo;Alg\u00e9rie au premier plan du football africain et mondial. Le technicien suisse entend bien faire taire les sceptiques en construisant un collectif solide capable de rivaliser avec les meilleures \u00e9quipes du continent et du monde.<\/p>\n\n\n\n<p>Moncef D.<\/p>\n","protected":false},"excerpt":{"rendered":"<p>\u00c0 quelques jours du coup d&rsquo;envoi de la Coupe d&rsquo;Afrique des Nations 2025 au Maroc, Vladimir Petkovi\u0107 a livr\u00e9 une<\/p>\n","protected":false},"author":6,"featured_media":76131,"comment_status":"open","ping_status":"closed","sticky":false,"template":"","format":"standard","meta":{"colormag_page_container_layout":"default_layout","colormag_page_sidebar_layout":"default_layout","om_disable_all_campaigns":false,"_monsterinsights_skip_tracking":false,"_monsterinsights_sitenote_active":false,"_monsterinsights_sitenote_note":"","_monsterinsights_sitenote_category":0,"footnotes":"","_wpscppro_dont_share_socialmedia":false,"_wpscppro_custom_social_share_image":0,"_facebook_share_type":"default","_twitter_share_type":"default","_linkedin_share_type":"default","_pinterest_share_type":"default","_linkedin_share_type_page":"","_instagram_share_type":"default","_medium_share_type":"default","_threads_share_type":"default","_google_business_share_type":"default","_selected_social_profile":[],"_wpsp_enable_custom_social_template":false,"_wpsp_social_scheduling":{"enabled":false,"datetime":null,"platforms":[],"status":"template_only","dateOption":"today","timeOption":"now","customDays":"","customHours":"","customDate":"","customTime":"","schedulingType":"absolute"},"_wpsp_active_default_template":true},"categories":[33],"tags":[],"class_list":["post-77469","post","type-post","status-publish","format-standard","has-post-thumbnail","hentry","category-sports"],"aioseo_notices":[],"yoast_head":"<!-- This site is optimized with the Yoast SEO plugin v27.5 - https:\/\/yoast.com\/product\/yoast-seo-wordpress\/ -->\n<title>Petkovi\u0107 se montre confiant avant la CAN\u00a0: \u00ab\u00a0L&rsquo;Alg\u00e9rie affichera un bon niveau\u00a0\u00bb - La Sentinelle<\/title>\n<meta name=\"robots\" content=\"index, follow, max-snippet:-1, max-image-preview:large, max-video-preview:-1\" \/>\n<link rel=\"canonical\" href=\"https:\/\/lasentinelle.dz\/index.php\/2025\/12\/09\/petkovic-se-montre-confiant-avant-la-can-lalgerie-affichera-un-bon-niveau\/\" \/>\n<meta property=\"og:locale\" content=\"fr_FR\" \/>\n<meta property=\"og:type\" content=\"article\" \/>\n<meta property=\"og:title\" content=\"Petkovi\u0107 se montre confiant avant la CAN\u00a0: \u00ab\u00a0L&rsquo;Alg\u00e9rie affichera un bon niveau\u00a0\u00bb - La Sentinelle\" \/>\n<meta property=\"og:description\" content=\"\u00c0 quelques jours du coup d&rsquo;envoi de la Coupe d&rsquo;Afrique des Nations 2025 au Maroc, Vladimir Petkovi\u0107 a livr\u00e9 une\" \/>\n<meta property=\"og:url\" content=\"https:\/\/lasentinelle.dz\/index.php\/2025\/12\/09\/petkovic-se-montre-confiant-avant-la-can-lalgerie-affichera-un-bon-niveau\/\" \/>\n<meta property=\"og:site_name\" content=\"La Sentinelle\" \/>\n<meta property=\"article:publisher\" content=\"https:\/\/www.facebook.com\/La-Sentinelle-104059864394773\" \/>\n<meta property=\"article:published_time\" content=\"2025-12-09T11:56:39+00:00\" \/>\n<meta property=\"article:modified_time\" content=\"2025-12-09T11:56:41+00:00\" \/>\n<meta property=\"og:image\" content=\"https:\/\/lasentinelle.dz\/wp-content\/uploads\/2025\/11\/Vladimir-Petkovic.jpeg\" \/>\n\t<meta property=\"og:image:width\" content=\"900\" \/>\n\t<meta property=\"og:image:height\" content=\"600\" \/>\n\t<meta property=\"og:image:type\" content=\"image\/jpeg\" \/>\n<meta name=\"author\" content=\"admin\" \/>\n<meta name=\"twitter:card\" content=\"summary_large_image\" \/>\n<meta name=\"twitter:label1\" content=\"\u00c9crit par\" \/>\n\t<meta name=\"twitter:data1\" content=\"admin\" \/>\n\t<meta name=\"twitter:label2\" content=\"Dur\u00e9e de lecture estim\u00e9e\" \/>\n\t<meta name=\"twitter:data2\" content=\"7 minutes\" \/>\n<script type=\"application\/ld+json\" class=\"yoast-schema-graph\">{\"@context\":\"https:\\\/\\\/schema.org\",\"@graph\":[{\"@type\":\"Article\",\"@id\":\"https:\\\/\\\/lasentinelle.dz\\\/index.php\\\/2025\\\/12\\\/09\\\/petkovic-se-montre-confiant-avant-la-can-lalgerie-affichera-un-bon-niveau\\\/#article\",\"isPartOf\":{\"@id\":\"https:\\\/\\\/lasentinelle.dz\\\/index.php\\\/2025\\\/12\\\/09\\\/petkovic-se-montre-confiant-avant-la-can-lalgerie-affichera-un-bon-niveau\\\/\"},\"author\":{\"name\":\"admin\",\"@id\":\"https:\\\/\\\/lasentinelle.dz\\\/#\\\/schema\\\/person\\\/729ee0024f24e0b8c5ec17232f8e8b41\"},\"headline\":\"Petkovi\u0107 se montre confiant avant la CAN\u00a0: \u00ab\u00a0L&rsquo;Alg\u00e9rie affichera un bon niveau\u00a0\u00bb\",\"datePublished\":\"2025-12-09T11:56:39+00:00\",\"dateModified\":\"2025-12-09T11:56:41+00:00\",\"mainEntityOfPage\":{\"@id\":\"https:\\\/\\\/lasentinelle.dz\\\/index.php\\\/2025\\\/12\\\/09\\\/petkovic-se-montre-confiant-avant-la-can-lalgerie-affichera-un-bon-niveau\\\/\"},\"wordCount\":1305,\"commentCount\":0,\"publisher\":{\"@id\":\"https:\\\/\\\/lasentinelle.dz\\\/#organization\"},\"image\":{\"@id\":\"https:\\\/\\\/lasentinelle.dz\\\/index.php\\\/2025\\\/12\\\/09\\\/petkovic-se-montre-confiant-avant-la-can-lalgerie-affichera-un-bon-niveau\\\/#primaryimage\"},\"thumbnailUrl\":\"https:\\\/\\\/lasentinelle.dz\\\/wp-content\\\/uploads\\\/2025\\\/11\\\/Vladimir-Petkovic.jpeg\",\"articleSection\":[\"Sports\"],\"inLanguage\":\"fr-FR\",\"potentialAction\":[{\"@type\":\"CommentAction\",\"name\":\"Comment\",\"target\":[\"https:\\\/\\\/lasentinelle.dz\\\/index.php\\\/2025\\\/12\\\/09\\\/petkovic-se-montre-confiant-avant-la-can-lalgerie-affichera-un-bon-niveau\\\/#respond\"]}]},{\"@type\":\"WebPage\",\"@id\":\"https:\\\/\\\/lasentinelle.dz\\\/index.php\\\/2025\\\/12\\\/09\\\/petkovic-se-montre-confiant-avant-la-can-lalgerie-affichera-un-bon-niveau\\\/\",\"url\":\"https:\\\/\\\/lasentinelle.dz\\\/index.php\\\/2025\\\/12\\\/09\\\/petkovic-se-montre-confiant-avant-la-can-lalgerie-affichera-un-bon-niveau\\\/\",\"name\":\"Petkovi\u0107 se montre confiant avant la CAN\u00a0: \u00ab\u00a0L&rsquo;Alg\u00e9rie affichera un bon niveau\u00a0\u00bb - La Sentinelle\",\"isPartOf\":{\"@id\":\"https:\\\/\\\/lasentinelle.dz\\\/#website\"},\"primaryImageOfPage\":{\"@id\":\"https:\\\/\\\/lasentinelle.dz\\\/index.php\\\/2025\\\/12\\\/09\\\/petkovic-se-montre-confiant-avant-la-can-lalgerie-affichera-un-bon-niveau\\\/#primaryimage\"},\"image\":{\"@id\":\"https:\\\/\\\/lasentinelle.dz\\\/index.php\\\/2025\\\/12\\\/09\\\/petkovic-se-montre-confiant-avant-la-can-lalgerie-affichera-un-bon-niveau\\\/#primaryimage\"},\"thumbnailUrl\":\"https:\\\/\\\/lasentinelle.dz\\\/wp-content\\\/uploads\\\/2025\\\/11\\\/Vladimir-Petkovic.jpeg\",\"datePublished\":\"2025-12-09T11:56:39+00:00\",\"dateModified\":\"2025-12-09T11:56:41+00:00\",\"breadcrumb\":{\"@id\":\"https:\\\/\\\/lasentinelle.dz\\\/index.php\\\/2025\\\/12\\\/09\\\/petkovic-se-montre-confiant-avant-la-can-lalgerie-affichera-un-bon-niveau\\\/#breadcrumb\"},\"inLanguage\":\"fr-FR\",\"potentialAction\":[{\"@type\":\"ReadAction\",\"target\":[\"https:\\\/\\\/lasentinelle.dz\\\/index.php\\\/2025\\\/12\\\/09\\\/petkovic-se-montre-confiant-avant-la-can-lalgerie-affichera-un-bon-niveau\\\/\"]}]},{\"@type\":\"ImageObject\",\"inLanguage\":\"fr-FR\",\"@id\":\"https:\\\/\\\/lasentinelle.dz\\\/index.php\\\/2025\\\/12\\\/09\\\/petkovic-se-montre-confiant-avant-la-can-lalgerie-affichera-un-bon-niveau\\\/#primaryimage\",\"url\":\"https:\\\/\\\/lasentinelle.dz\\\/wp-content\\\/uploads\\\/2025\\\/11\\\/Vladimir-Petkovic.jpeg\",\"contentUrl\":\"https:\\\/\\\/lasentinelle.dz\\\/wp-content\\\/uploads\\\/2025\\\/11\\\/Vladimir-Petkovic.jpeg\",\"width\":900,\"height\":600},{\"@type\":\"BreadcrumbList\",\"@id\":\"https:\\\/\\\/lasentinelle.dz\\\/index.php\\\/2025\\\/12\\\/09\\\/petkovic-se-montre-confiant-avant-la-can-lalgerie-affichera-un-bon-niveau\\\/#breadcrumb\",\"itemListElement\":[{\"@type\":\"ListItem\",\"position\":1,\"name\":\"Accueil\",\"item\":\"https:\\\/\\\/lasentinelle.dz\\\/\"},{\"@type\":\"ListItem\",\"position\":2,\"name\":\"Petkovi\u0107 se montre confiant avant la CAN\u00a0: \u00ab\u00a0L&rsquo;Alg\u00e9rie affichera un bon niveau\u00a0\u00bb\"}]},{\"@type\":\"WebSite\",\"@id\":\"https:\\\/\\\/lasentinelle.dz\\\/#website\",\"url\":\"https:\\\/\\\/lasentinelle.dz\\\/\",\"name\":\"La Sentinelle\",\"description\":\"Quotidien national d&#039;information\",\"publisher\":{\"@id\":\"https:\\\/\\\/lasentinelle.dz\\\/#organization\"},\"potentialAction\":[{\"@type\":\"SearchAction\",\"target\":{\"@type\":\"EntryPoint\",\"urlTemplate\":\"https:\\\/\\\/lasentinelle.dz\\\/?s={search_term_string}\"},\"query-input\":{\"@type\":\"PropertyValueSpecification\",\"valueRequired\":true,\"valueName\":\"search_term_string\"}}],\"inLanguage\":\"fr-FR\"},{\"@type\":\"Organization\",\"@id\":\"https:\\\/\\\/lasentinelle.dz\\\/#organization\",\"name\":\"Quotidien La Sentinelle\",\"url\":\"https:\\\/\\\/lasentinelle.dz\\\/\",\"logo\":{\"@type\":\"ImageObject\",\"inLanguage\":\"fr-FR\",\"@id\":\"https:\\\/\\\/lasentinelle.dz\\\/#\\\/schema\\\/logo\\\/image\\\/\",\"url\":\"https:\\\/\\\/lasentinelle.dz\\\/wp-content\\\/uploads\\\/2021\\\/09\\\/logo-sentinelleSLOGAN-1.png\",\"contentUrl\":\"https:\\\/\\\/lasentinelle.dz\\\/wp-content\\\/uploads\\\/2021\\\/09\\\/logo-sentinelleSLOGAN-1.png\",\"width\":615,\"height\":142,\"caption\":\"Quotidien La Sentinelle\"},\"image\":{\"@id\":\"https:\\\/\\\/lasentinelle.dz\\\/#\\\/schema\\\/logo\\\/image\\\/\"},\"sameAs\":[\"https:\\\/\\\/www.facebook.com\\\/La-Sentinelle-104059864394773\"]},{\"@type\":\"Person\",\"@id\":\"https:\\\/\\\/lasentinelle.dz\\\/#\\\/schema\\\/person\\\/729ee0024f24e0b8c5ec17232f8e8b41\",\"name\":\"admin\",\"image\":{\"@type\":\"ImageObject\",\"inLanguage\":\"fr-FR\",\"@id\":\"https:\\\/\\\/secure.gravatar.com\\\/avatar\\\/4c81fed838786e9b53f540bf46533e750f5d292099ae3b66cfc6fb1982e29df7?s=96&d=mm&r=g\",\"url\":\"https:\\\/\\\/secure.gravatar.com\\\/avatar\\\/4c81fed838786e9b53f540bf46533e750f5d292099ae3b66cfc6fb1982e29df7?s=96&d=mm&r=g\",\"contentUrl\":\"https:\\\/\\\/secure.gravatar.com\\\/avatar\\\/4c81fed838786e9b53f540bf46533e750f5d292099ae3b66cfc6fb1982e29df7?s=96&d=mm&r=g\",\"caption\":\"admin\"},\"description\":\"admin\",\"url\":\"https:\\\/\\\/lasentinelle.dz\\\/author\\\/admin\\\/\"}]}<\/script>\n<!-- \/ Yoast SEO plugin. -->","yoast_head_json":{"title":"Petkovi\u0107 se montre confiant avant la CAN\u00a0: \u00ab\u00a0L&rsquo;Alg\u00e9rie affichera un bon niveau\u00a0\u00bb - La Sentinelle","robots":{"index":"index","follow":"follow","max-snippet":"max-snippet:-1","max-image-preview":"max-image-preview:large","max-video-preview":"max-video-preview:-1"},"canonical":"https:\/\/lasentinelle.dz\/index.php\/2025\/12\/09\/petkovic-se-montre-confiant-avant-la-can-lalgerie-affichera-un-bon-niveau\/","og_locale":"fr_FR","og_type":"article","og_title":"Petkovi\u0107 se montre confiant avant la CAN\u00a0: \u00ab\u00a0L&rsquo;Alg\u00e9rie affichera un bon niveau\u00a0\u00bb - La Sentinelle","og_description":"\u00c0 quelques jours du coup d&rsquo;envoi de la Coupe d&rsquo;Afrique des Nations 2025 au Maroc, Vladimir Petkovi\u0107 a livr\u00e9 une","og_url":"https:\/\/lasentinelle.dz\/index.php\/2025\/12\/09\/petkovic-se-montre-confiant-avant-la-can-lalgerie-affichera-un-bon-niveau\/","og_site_name":"La Sentinelle","article_publisher":"https:\/\/www.facebook.com\/La-Sentinelle-104059864394773","article_published_time":"2025-12-09T11:56:39+00:00","article_modified_time":"2025-12-09T11:56:41+00:00","og_image":[{"width":900,"height":600,"url":"https:\/\/lasentinelle.dz\/wp-content\/uploads\/2025\/11\/Vladimir-Petkovic.jpeg","type":"image\/jpeg"}],"author":"admin","twitter_card":"summary_large_image","twitter_misc":{"\u00c9crit par":"admin","Dur\u00e9e de lecture estim\u00e9e":"7 minutes"},"schema":{"@context":"https:\/\/schema.org","@graph":[{"@type":"Article","@id":"https:\/\/lasentinelle.dz\/index.php\/2025\/12\/09\/petkovic-se-montre-confiant-avant-la-can-lalgerie-affichera-un-bon-niveau\/#article","isPartOf":{"@id":"https:\/\/lasentinelle.dz\/index.php\/2025\/12\/09\/petkovic-se-montre-confiant-avant-la-can-lalgerie-affichera-un-bon-niveau\/"},"author":{"name":"admin","@id":"https:\/\/lasentinelle.dz\/#\/schema\/person\/729ee0024f24e0b8c5ec17232f8e8b41"},"headline":"Petkovi\u0107 se montre confiant avant la CAN\u00a0: \u00ab\u00a0L&rsquo;Alg\u00e9rie affichera un bon niveau\u00a0\u00bb","datePublished":"2025-12-09T11:56:39+00:00","dateModified":"2025-12-09T11:56:41+00:00","mainEntityOfPage":{"@id":"https:\/\/lasentinelle.dz\/index.php\/2025\/12\/09\/petkovic-se-montre-confiant-avant-la-can-lalgerie-affichera-un-bon-niveau\/"},"wordCount":1305,"commentCount":0,"publisher":{"@id":"https:\/\/lasentinelle.dz\/#organization"},"image":{"@id":"https:\/\/lasentinelle.dz\/index.php\/2025\/12\/09\/petkovic-se-montre-confiant-avant-la-can-lalgerie-affichera-un-bon-niveau\/#primaryimage"},"thumbnailUrl":"https:\/\/lasentinelle.dz\/wp-content\/uploads\/2025\/11\/Vladimir-Petkovic.jpeg","articleSection":["Sports"],"inLanguage":"fr-FR","potentialAction":[{"@type":"CommentAction","name":"Comment","target":["https:\/\/lasentinelle.dz\/index.php\/2025\/12\/09\/petkovic-se-montre-confiant-avant-la-can-lalgerie-affichera-un-bon-niveau\/#respond"]}]},{"@type":"WebPage","@id":"https:\/\/lasentinelle.dz\/index.php\/2025\/12\/09\/petkovic-se-montre-confiant-avant-la-can-lalgerie-affichera-un-bon-niveau\/","url":"https:\/\/lasentinelle.dz\/index.php\/2025\/12\/09\/petkovic-se-montre-confiant-avant-la-can-lalgerie-affichera-un-bon-niveau\/","name":"Petkovi\u0107 se montre confiant avant la CAN\u00a0: \u00ab\u00a0L&rsquo;Alg\u00e9rie affichera un bon niveau\u00a0\u00bb - La Sentinelle","isPartOf":{"@id":"https:\/\/lasentinelle.dz\/#website"},"primaryImageOfPage":{"@id":"https:\/\/lasentinelle.dz\/index.php\/2025\/12\/09\/petkovic-se-montre-confiant-avant-la-can-lalgerie-affichera-un-bon-niveau\/#primaryimage"},"image":{"@id":"https:\/\/lasentinelle.dz\/index.php\/2025\/12\/09\/petkovic-se-montre-confiant-avant-la-can-lalgerie-affichera-un-bon-niveau\/#primaryimage"},"thumbnailUrl":"https:\/\/lasentinelle.dz\/wp-content\/uploads\/2025\/11\/Vladimir-Petkovic.jpeg","datePublished":"2025-12-09T11:56:39+00:00","dateModified":"2025-12-09T11:56:41+00:00","breadcrumb":{"@id":"https:\/\/lasentinelle.dz\/index.php\/2025\/12\/09\/petkovic-se-montre-confiant-avant-la-can-lalgerie-affichera-un-bon-niveau\/#breadcrumb"},"inLanguage":"fr-FR","potentialAction":[{"@type":"ReadAction","target":["https:\/\/lasentinelle.dz\/index.php\/2025\/12\/09\/petkovic-se-montre-confiant-avant-la-can-lalgerie-affichera-un-bon-niveau\/"]}]},{"@type":"ImageObject","inLanguage":"fr-FR","@id":"https:\/\/lasentinelle.dz\/index.php\/2025\/12\/09\/petkovic-se-montre-confiant-avant-la-can-lalgerie-affichera-un-bon-niveau\/#primaryimage","url":"https:\/\/lasentinelle.dz\/wp-content\/uploads\/2025\/11\/Vladimir-Petkovic.jpeg","contentUrl":"https:\/\/lasentinelle.dz\/wp-content\/uploads\/2025\/11\/Vladimir-Petkovic.jpeg","width":900,"height":600},{"@type":"BreadcrumbList","@id":"https:\/\/lasentinelle.dz\/index.php\/2025\/12\/09\/petkovic-se-montre-confiant-avant-la-can-lalgerie-affichera-un-bon-niveau\/#breadcrumb","itemListElement":[{"@type":"ListItem","position":1,"name":"Accueil","item":"https:\/\/lasentinelle.dz\/"},{"@type":"ListItem","position":2,"name":"Petkovi\u0107 se montre confiant avant la CAN\u00a0: \u00ab\u00a0L&rsquo;Alg\u00e9rie affichera un bon niveau\u00a0\u00bb"}]},{"@type":"WebSite","@id":"https:\/\/lasentinelle.dz\/#website","url":"https:\/\/lasentinelle.dz\/","name":"La Sentinelle","description":"Quotidien national d&#039;information","publisher":{"@id":"https:\/\/lasentinelle.dz\/#organization"},"potentialAction":[{"@type":"SearchAction","target":{"@type":"EntryPoint","urlTemplate":"https:\/\/lasentinelle.dz\/?s={search_term_string}"},"query-input":{"@type":"PropertyValueSpecification","valueRequired":true,"valueName":"search_term_string"}}],"inLanguage":"fr-FR"},{"@type":"Organization","@id":"https:\/\/lasentinelle.dz\/#organization","name":"Quotidien La Sentinelle","url":"https:\/\/lasentinelle.dz\/","logo":{"@type":"ImageObject","inLanguage":"fr-FR","@id":"https:\/\/lasentinelle.dz\/#\/schema\/logo\/image\/","url":"https:\/\/lasentinelle.dz\/wp-content\/uploads\/2021\/09\/logo-sentinelleSLOGAN-1.png","contentUrl":"https:\/\/lasentinelle.dz\/wp-content\/uploads\/2021\/09\/logo-sentinelleSLOGAN-1.png","width":615,"height":142,"caption":"Quotidien La Sentinelle"},"image":{"@id":"https:\/\/lasentinelle.dz\/#\/schema\/logo\/image\/"},"sameAs":["https:\/\/www.facebook.com\/La-Sentinelle-104059864394773"]},{"@type":"Person","@id":"https:\/\/lasentinelle.dz\/#\/schema\/person\/729ee0024f24e0b8c5ec17232f8e8b41","name":"admin","image":{"@type":"ImageObject","inLanguage":"fr-FR","@id":"https:\/\/secure.gravatar.com\/avatar\/4c81fed838786e9b53f540bf46533e750f5d292099ae3b66cfc6fb1982e29df7?s=96&d=mm&r=g","url":"https:\/\/secure.gravatar.com\/avatar\/4c81fed838786e9b53f540bf46533e750f5d292099ae3b66cfc6fb1982e29df7?s=96&d=mm&r=g","contentUrl":"https:\/\/secure.gravatar.com\/avatar\/4c81fed838786e9b53f540bf46533e750f5d292099ae3b66cfc6fb1982e29df7?s=96&d=mm&r=g","caption":"admin"},"description":"admin","url":"https:\/\/lasentinelle.dz\/author\/admin\/"}]}},"_links":{"self":[{"href":"https:\/\/lasentinelle.dz\/index.php\/wp-json\/wp\/v2\/posts\/77469","targetHints":{"allow":["GET"]}}],"collection":[{"href":"https:\/\/lasentinelle.dz\/index.php\/wp-json\/wp\/v2\/posts"}],"about":[{"href":"https:\/\/lasentinelle.dz\/index.php\/wp-json\/wp\/v2\/types\/post"}],"author":[{"embeddable":true,"href":"https:\/\/lasentinelle.dz\/index.php\/wp-json\/wp\/v2\/users\/6"}],"replies":[{"embeddable":true,"href":"https:\/\/lasentinelle.dz\/index.php\/wp-json\/wp\/v2\/comments?post=77469"}],"version-history":[{"count":2,"href":"https:\/\/lasentinelle.dz\/index.php\/wp-json\/wp\/v2\/posts\/77469\/revisions"}],"predecessor-version":[{"id":77471,"href":"https:\/\/lasentinelle.dz\/index.php\/wp-json\/wp\/v2\/posts\/77469\/revisions\/77471"}],"wp:featuredmedia":[{"embeddable":true,"href":"https:\/\/lasentinelle.dz\/index.php\/wp-json\/wp\/v2\/media\/76131"}],"wp:attachment":[{"href":"https:\/\/lasentinelle.dz\/index.php\/wp-json\/wp\/v2\/media?parent=77469"}],"wp:term":[{"taxonomy":"category","embeddable":true,"href":"https:\/\/lasentinelle.dz\/index.php\/wp-json\/wp\/v2\/categories?post=77469"},{"taxonomy":"post_tag","embeddable":true,"href":"https:\/\/lasentinelle.dz\/index.php\/wp-json\/wp\/v2\/tags?post=77469"}],"curies":[{"name":"wp","href":"https:\/\/api.w.org\/{rel}","templated":true}]}}