{"id":77476,"date":"2025-12-09T12:59:15","date_gmt":"2025-12-09T11:59:15","guid":{"rendered":"https:\/\/lasentinelle.dz\/?p=77476"},"modified":"2025-12-09T12:59:16","modified_gmt":"2025-12-09T11:59:16","slug":"el-bayadh-une-dynamique-de-developpement-dans-quatre-communes-quatre-communes","status":"publish","type":"post","link":"https:\/\/lasentinelle.dz\/index.php\/2025\/12\/09\/el-bayadh-une-dynamique-de-developpement-dans-quatre-communes-quatre-communes\/","title":{"rendered":"El-Bayadh\u00a0: Une dynamique de d\u00e9veloppement dans quatre communes Quatre communes\u00a0"},"content":{"rendered":"\n<p>Les autorit\u00e9s locales d&rsquo;El-Bayadh poursuivent leurs efforts de d\u00e9veloppement territorial avec la mise en \u0153uvre simultan\u00e9e de plusieurs projets d&rsquo;infrastructures dans les communes d&rsquo;El-Khe\u00efter, Bougtob, Tousmouline et El-Kef Lahmar. Cette dynamique s&rsquo;inscrit dans la volont\u00e9 de doter ces collectivit\u00e9s des \u00e9quipements n\u00e9cessaires pour r\u00e9pondre aux besoins croissants de leurs populations en mati\u00e8re d&rsquo;\u00e9ducation, de services publics et de s\u00e9curit\u00e9 alimentaire. \u00c0 El-Khe\u00efter, le projet phare qui retient l&rsquo;attention est le Centre de proximit\u00e9 pour le stockage des c\u00e9r\u00e9ales, dont les travaux affichent un taux d&rsquo;avancement remarquable de 95%. Cette infrastructure strat\u00e9gique arrive \u00e0 son terme et n\u00e9cessite d\u00e9sormais les derni\u00e8res finitions avant sa mise en service. Lors de sa visite, le wali Nourreddine Belaribi a soulign\u00e9 l&rsquo;importance de cette installation pour la wilaya et a insist\u00e9 sur la n\u00e9cessit\u00e9 de finaliser les derni\u00e8res retouches conform\u00e9ment aux normes techniques en vigueur, afin de permettre l&rsquo;exploitation de cette infrastructure et d&rsquo;en faire un support logistique essentiel pour renforcer les capacit\u00e9s de stockage de la wilaya. Dans la m\u00eame commune, le secteur de l&rsquo;\u00e9ducation n&rsquo;est pas en reste avec deux projets d&rsquo;envergure en cours de r\u00e9alisation. Le coll\u00e8ge d&rsquo;enseignement moyen portant le nom de Chahid Addadi Messaoud ainsi qu&rsquo;un groupe scolaire au quartier El-Moustakbel font l&rsquo;objet d&rsquo;un suivi rapproch\u00e9. Le premier responsable de l&rsquo;ex\u00e9cutif local a donn\u00e9 des instructions fermes pour acc\u00e9l\u00e9rer la cadence des travaux, soulignant l&rsquo;imp\u00e9ratif de livrer le groupe scolaire dans les d\u00e9lais contractuels fix\u00e9s, afin de permettre aux \u00e9l\u00e8ves de b\u00e9n\u00e9ficier au plus vite de ces nouvelles infrastructures \u00e9ducatives. La commune de Bougtob pr\u00e9sente \u00e9galement un tableau d&rsquo;avancement encourageant sur plusieurs fronts. La d\u00e9l\u00e9gation conduite par le wali a pu constater les progr\u00e8s r\u00e9alis\u00e9s sur le chantier du Centre de proximit\u00e9 pour le stockage des c\u00e9r\u00e9ales, dont le taux d&rsquo;avancement atteint 84%. Ce second centre de stockage viendra compl\u00e9ter le dispositif mis en place \u00e0 El-Khe\u00efter et renforcera davantage la capacit\u00e9 de la wilaya \u00e0 pr\u00e9server les r\u00e9coltes c\u00e9r\u00e9ali\u00e8res, secteur vital pour cette r\u00e9gion \u00e0 vocation agricole. Le volet s\u00e9curitaire n&rsquo;a pas \u00e9t\u00e9 n\u00e9glig\u00e9 \u00e0 Bougtob, o\u00f9 la construction du si\u00e8ge de la S\u00fbret\u00e9 urbaine au niveau du quartier des 1120 logements publics locatifs progresse \u00e0 un rythme soutenu avec 50% des travaux d\u00e9j\u00e0 r\u00e9alis\u00e9s. Cette infrastructure permettra d&rsquo;am\u00e9liorer la couverture s\u00e9curitaire dans ce quartier dens\u00e9ment peupl\u00e9 et de rapprocher les services de police des citoyens. L&rsquo;inspection s&rsquo;est \u00e9galement \u00e9tendue \u00e0 d&rsquo;autres projets en cours dans cette m\u00eame commune, notamment un groupe scolaire au quartier El-Qods et le projet de r\u00e9alisation d&rsquo;un Centre des imp\u00f4ts. Ce dernier \u00e9quipement administratif facilitera les d\u00e9marches fiscales des citoyens et des op\u00e9rateurs \u00e9conomiques locaux en leur \u00e9vitant des d\u00e9placements vers le chef-lieu de wilaya. Dans la commune de Tousmouline, les travaux de r\u00e9alisation du coll\u00e8ge d&rsquo;enseignement moyen baptis\u00e9 du nom du Moudjahid d\u00e9funt Barkat Djelloul se poursuivent selon le calendrier pr\u00e9vu. Cet \u00e9tablissement viendra enrichir l&rsquo;offre \u00e9ducative locale et r\u00e9pondre aux besoins d&rsquo;une population jeune en pleine croissance. Enfin, la tourn\u00e9e du wali s&rsquo;est achev\u00e9e \u00e0 El-Kef Lahmar, o\u00f9 un projet de groupe scolaire est en cours de r\u00e9alisation dans le quartier El-Thanawiya. Cette infrastructure \u00e9ducative suppl\u00e9mentaire t\u00e9moigne de la priorit\u00e9 accord\u00e9e par les pouvoirs publics au secteur de l&rsquo;\u00e9ducation dans l&rsquo;ensemble de la wilaya. Ces multiples projets refl\u00e8tent une approche globale du d\u00e9veloppement local, touchant aussi bien les infrastructures \u00e9conomiques que sociales et s\u00e9curitaires, dans l&rsquo;objectif d&rsquo;am\u00e9liorer les conditions de vie des populations de ces quatre communes.<\/p>\n\n\n\n<p>R.R.<\/p>\n","protected":false},"excerpt":{"rendered":"<p>Les autorit\u00e9s locales d&rsquo;El-Bayadh poursuivent leurs efforts de d\u00e9veloppement territorial avec la mise en \u0153uvre simultan\u00e9e de plusieurs projets d&rsquo;infrastructures<\/p>\n","protected":false},"author":6,"featured_media":77477,"comment_status":"open","ping_status":"closed","sticky":false,"template":"","format":"standard","meta":{"colormag_page_container_layout":"default_layout","colormag_page_sidebar_layout":"default_layout","om_disable_all_campaigns":false,"_monsterinsights_skip_tracking":false,"_monsterinsights_sitenote_active":false,"_monsterinsights_sitenote_note":"","_monsterinsights_sitenote_category":0,"footnotes":"","_wpscppro_dont_share_socialmedia":false,"_wpscppro_custom_social_share_image":0,"_facebook_share_type":"default","_twitter_share_type":"default","_linkedin_share_type":"default","_pinterest_share_type":"default","_linkedin_share_type_page":"","_instagram_share_type":"default","_medium_share_type":"default","_threads_share_type":"default","_google_business_share_type":"default","_selected_social_profile":[],"_wpsp_enable_custom_social_template":false,"_wpsp_social_scheduling":{"enabled":false,"datetime":null,"platforms":[],"status":"template_only","dateOption":"today","timeOption":"now","customDays":"","customHours":"","customDate":"","customTime":"","schedulingType":"absolute"},"_wpsp_active_default_template":true},"categories":[31],"tags":[],"class_list":["post-77476","post","type-post","status-publish","format-standard","has-post-thumbnail","hentry","category-regions"],"aioseo_notices":[],"yoast_head":"<!-- This site is optimized with the Yoast SEO plugin v27.5 - https:\/\/yoast.com\/product\/yoast-seo-wordpress\/ -->\n<title>El-Bayadh\u00a0: Une dynamique de d\u00e9veloppement dans quatre communes Quatre communes\u00a0 - La Sentinelle<\/title>\n<meta name=\"robots\" content=\"index, follow, max-snippet:-1, max-image-preview:large, max-video-preview:-1\" \/>\n<link rel=\"canonical\" href=\"https:\/\/lasentinelle.dz\/index.php\/2025\/12\/09\/el-bayadh-une-dynamique-de-developpement-dans-quatre-communes-quatre-communes\/\" \/>\n<meta property=\"og:locale\" content=\"fr_FR\" \/>\n<meta property=\"og:type\" content=\"article\" \/>\n<meta property=\"og:title\" content=\"El-Bayadh\u00a0: Une dynamique de d\u00e9veloppement dans quatre communes Quatre communes\u00a0 - La Sentinelle\" \/>\n<meta property=\"og:description\" content=\"Les autorit\u00e9s locales d&rsquo;El-Bayadh poursuivent leurs efforts de d\u00e9veloppement territorial avec la mise en \u0153uvre simultan\u00e9e de plusieurs projets d&rsquo;infrastructures\" \/>\n<meta property=\"og:url\" content=\"https:\/\/lasentinelle.dz\/index.php\/2025\/12\/09\/el-bayadh-une-dynamique-de-developpement-dans-quatre-communes-quatre-communes\/\" \/>\n<meta property=\"og:site_name\" content=\"La Sentinelle\" \/>\n<meta property=\"article:publisher\" content=\"https:\/\/www.facebook.com\/La-Sentinelle-104059864394773\" \/>\n<meta property=\"article:published_time\" content=\"2025-12-09T11:59:15+00:00\" \/>\n<meta property=\"article:modified_time\" content=\"2025-12-09T11:59:16+00:00\" \/>\n<meta property=\"og:image\" content=\"https:\/\/lasentinelle.dz\/wp-content\/uploads\/2025\/12\/El-Bayadh.jpeg\" \/>\n\t<meta property=\"og:image:width\" content=\"800\" \/>\n\t<meta property=\"og:image:height\" content=\"600\" \/>\n\t<meta property=\"og:image:type\" content=\"image\/jpeg\" \/>\n<meta name=\"author\" content=\"admin\" \/>\n<meta name=\"twitter:card\" content=\"summary_large_image\" \/>\n<meta name=\"twitter:label1\" content=\"\u00c9crit par\" \/>\n\t<meta name=\"twitter:data1\" content=\"admin\" \/>\n\t<meta name=\"twitter:label2\" content=\"Dur\u00e9e de lecture estim\u00e9e\" \/>\n\t<meta name=\"twitter:data2\" content=\"4 minutes\" \/>\n<script type=\"application\/ld+json\" class=\"yoast-schema-graph\">{\"@context\":\"https:\\\/\\\/schema.org\",\"@graph\":[{\"@type\":\"Article\",\"@id\":\"https:\\\/\\\/lasentinelle.dz\\\/index.php\\\/2025\\\/12\\\/09\\\/el-bayadh-une-dynamique-de-developpement-dans-quatre-communes-quatre-communes\\\/#article\",\"isPartOf\":{\"@id\":\"https:\\\/\\\/lasentinelle.dz\\\/index.php\\\/2025\\\/12\\\/09\\\/el-bayadh-une-dynamique-de-developpement-dans-quatre-communes-quatre-communes\\\/\"},\"author\":{\"name\":\"admin\",\"@id\":\"https:\\\/\\\/lasentinelle.dz\\\/#\\\/schema\\\/person\\\/729ee0024f24e0b8c5ec17232f8e8b41\"},\"headline\":\"El-Bayadh\u00a0: Une dynamique de d\u00e9veloppement dans quatre communes Quatre communes\u00a0\",\"datePublished\":\"2025-12-09T11:59:15+00:00\",\"dateModified\":\"2025-12-09T11:59:16+00:00\",\"mainEntityOfPage\":{\"@id\":\"https:\\\/\\\/lasentinelle.dz\\\/index.php\\\/2025\\\/12\\\/09\\\/el-bayadh-une-dynamique-de-developpement-dans-quatre-communes-quatre-communes\\\/\"},\"wordCount\":679,\"commentCount\":0,\"publisher\":{\"@id\":\"https:\\\/\\\/lasentinelle.dz\\\/#organization\"},\"image\":{\"@id\":\"https:\\\/\\\/lasentinelle.dz\\\/index.php\\\/2025\\\/12\\\/09\\\/el-bayadh-une-dynamique-de-developpement-dans-quatre-communes-quatre-communes\\\/#primaryimage\"},\"thumbnailUrl\":\"https:\\\/\\\/lasentinelle.dz\\\/wp-content\\\/uploads\\\/2025\\\/12\\\/El-Bayadh.jpeg\",\"articleSection\":[\"R\u00e9gions\"],\"inLanguage\":\"fr-FR\",\"potentialAction\":[{\"@type\":\"CommentAction\",\"name\":\"Comment\",\"target\":[\"https:\\\/\\\/lasentinelle.dz\\\/index.php\\\/2025\\\/12\\\/09\\\/el-bayadh-une-dynamique-de-developpement-dans-quatre-communes-quatre-communes\\\/#respond\"]}]},{\"@type\":\"WebPage\",\"@id\":\"https:\\\/\\\/lasentinelle.dz\\\/index.php\\\/2025\\\/12\\\/09\\\/el-bayadh-une-dynamique-de-developpement-dans-quatre-communes-quatre-communes\\\/\",\"url\":\"https:\\\/\\\/lasentinelle.dz\\\/index.php\\\/2025\\\/12\\\/09\\\/el-bayadh-une-dynamique-de-developpement-dans-quatre-communes-quatre-communes\\\/\",\"name\":\"El-Bayadh\u00a0: Une dynamique de d\u00e9veloppement dans quatre communes Quatre communes\u00a0 - La Sentinelle\",\"isPartOf\":{\"@id\":\"https:\\\/\\\/lasentinelle.dz\\\/#website\"},\"primaryImageOfPage\":{\"@id\":\"https:\\\/\\\/lasentinelle.dz\\\/index.php\\\/2025\\\/12\\\/09\\\/el-bayadh-une-dynamique-de-developpement-dans-quatre-communes-quatre-communes\\\/#primaryimage\"},\"image\":{\"@id\":\"https:\\\/\\\/lasentinelle.dz\\\/index.php\\\/2025\\\/12\\\/09\\\/el-bayadh-une-dynamique-de-developpement-dans-quatre-communes-quatre-communes\\\/#primaryimage\"},\"thumbnailUrl\":\"https:\\\/\\\/lasentinelle.dz\\\/wp-content\\\/uploads\\\/2025\\\/12\\\/El-Bayadh.jpeg\",\"datePublished\":\"2025-12-09T11:59:15+00:00\",\"dateModified\":\"2025-12-09T11:59:16+00:00\",\"breadcrumb\":{\"@id\":\"https:\\\/\\\/lasentinelle.dz\\\/index.php\\\/2025\\\/12\\\/09\\\/el-bayadh-une-dynamique-de-developpement-dans-quatre-communes-quatre-communes\\\/#breadcrumb\"},\"inLanguage\":\"fr-FR\",\"potentialAction\":[{\"@type\":\"ReadAction\",\"target\":[\"https:\\\/\\\/lasentinelle.dz\\\/index.php\\\/2025\\\/12\\\/09\\\/el-bayadh-une-dynamique-de-developpement-dans-quatre-communes-quatre-communes\\\/\"]}]},{\"@type\":\"ImageObject\",\"inLanguage\":\"fr-FR\",\"@id\":\"https:\\\/\\\/lasentinelle.dz\\\/index.php\\\/2025\\\/12\\\/09\\\/el-bayadh-une-dynamique-de-developpement-dans-quatre-communes-quatre-communes\\\/#primaryimage\",\"url\":\"https:\\\/\\\/lasentinelle.dz\\\/wp-content\\\/uploads\\\/2025\\\/12\\\/El-Bayadh.jpeg\",\"contentUrl\":\"https:\\\/\\\/lasentinelle.dz\\\/wp-content\\\/uploads\\\/2025\\\/12\\\/El-Bayadh.jpeg\",\"width\":800,\"height\":600},{\"@type\":\"BreadcrumbList\",\"@id\":\"https:\\\/\\\/lasentinelle.dz\\\/index.php\\\/2025\\\/12\\\/09\\\/el-bayadh-une-dynamique-de-developpement-dans-quatre-communes-quatre-communes\\\/#breadcrumb\",\"itemListElement\":[{\"@type\":\"ListItem\",\"position\":1,\"name\":\"Accueil\",\"item\":\"https:\\\/\\\/lasentinelle.dz\\\/\"},{\"@type\":\"ListItem\",\"position\":2,\"name\":\"El-Bayadh\u00a0: Une dynamique de d\u00e9veloppement dans quatre communes Quatre communes\u00a0\"}]},{\"@type\":\"WebSite\",\"@id\":\"https:\\\/\\\/lasentinelle.dz\\\/#website\",\"url\":\"https:\\\/\\\/lasentinelle.dz\\\/\",\"name\":\"La Sentinelle\",\"description\":\"Quotidien national d&#039;information\",\"publisher\":{\"@id\":\"https:\\\/\\\/lasentinelle.dz\\\/#organization\"},\"potentialAction\":[{\"@type\":\"SearchAction\",\"target\":{\"@type\":\"EntryPoint\",\"urlTemplate\":\"https:\\\/\\\/lasentinelle.dz\\\/?s={search_term_string}\"},\"query-input\":{\"@type\":\"PropertyValueSpecification\",\"valueRequired\":true,\"valueName\":\"search_term_string\"}}],\"inLanguage\":\"fr-FR\"},{\"@type\":\"Organization\",\"@id\":\"https:\\\/\\\/lasentinelle.dz\\\/#organization\",\"name\":\"Quotidien La Sentinelle\",\"url\":\"https:\\\/\\\/lasentinelle.dz\\\/\",\"logo\":{\"@type\":\"ImageObject\",\"inLanguage\":\"fr-FR\",\"@id\":\"https:\\\/\\\/lasentinelle.dz\\\/#\\\/schema\\\/logo\\\/image\\\/\",\"url\":\"https:\\\/\\\/lasentinelle.dz\\\/wp-content\\\/uploads\\\/2021\\\/09\\\/logo-sentinelleSLOGAN-1.png\",\"contentUrl\":\"https:\\\/\\\/lasentinelle.dz\\\/wp-content\\\/uploads\\\/2021\\\/09\\\/logo-sentinelleSLOGAN-1.png\",\"width\":615,\"height\":142,\"caption\":\"Quotidien La Sentinelle\"},\"image\":{\"@id\":\"https:\\\/\\\/lasentinelle.dz\\\/#\\\/schema\\\/logo\\\/image\\\/\"},\"sameAs\":[\"https:\\\/\\\/www.facebook.com\\\/La-Sentinelle-104059864394773\"]},{\"@type\":\"Person\",\"@id\":\"https:\\\/\\\/lasentinelle.dz\\\/#\\\/schema\\\/person\\\/729ee0024f24e0b8c5ec17232f8e8b41\",\"name\":\"admin\",\"image\":{\"@type\":\"ImageObject\",\"inLanguage\":\"fr-FR\",\"@id\":\"https:\\\/\\\/secure.gravatar.com\\\/avatar\\\/4c81fed838786e9b53f540bf46533e750f5d292099ae3b66cfc6fb1982e29df7?s=96&d=mm&r=g\",\"url\":\"https:\\\/\\\/secure.gravatar.com\\\/avatar\\\/4c81fed838786e9b53f540bf46533e750f5d292099ae3b66cfc6fb1982e29df7?s=96&d=mm&r=g\",\"contentUrl\":\"https:\\\/\\\/secure.gravatar.com\\\/avatar\\\/4c81fed838786e9b53f540bf46533e750f5d292099ae3b66cfc6fb1982e29df7?s=96&d=mm&r=g\",\"caption\":\"admin\"},\"description\":\"admin\",\"url\":\"https:\\\/\\\/lasentinelle.dz\\\/author\\\/admin\\\/\"}]}<\/script>\n<!-- \/ Yoast SEO plugin. -->","yoast_head_json":{"title":"El-Bayadh\u00a0: Une dynamique de d\u00e9veloppement dans quatre communes Quatre communes\u00a0 - La Sentinelle","robots":{"index":"index","follow":"follow","max-snippet":"max-snippet:-1","max-image-preview":"max-image-preview:large","max-video-preview":"max-video-preview:-1"},"canonical":"https:\/\/lasentinelle.dz\/index.php\/2025\/12\/09\/el-bayadh-une-dynamique-de-developpement-dans-quatre-communes-quatre-communes\/","og_locale":"fr_FR","og_type":"article","og_title":"El-Bayadh\u00a0: Une dynamique de d\u00e9veloppement dans quatre communes Quatre communes\u00a0 - La Sentinelle","og_description":"Les autorit\u00e9s locales d&rsquo;El-Bayadh poursuivent leurs efforts de d\u00e9veloppement territorial avec la mise en \u0153uvre simultan\u00e9e de plusieurs projets d&rsquo;infrastructures","og_url":"https:\/\/lasentinelle.dz\/index.php\/2025\/12\/09\/el-bayadh-une-dynamique-de-developpement-dans-quatre-communes-quatre-communes\/","og_site_name":"La Sentinelle","article_publisher":"https:\/\/www.facebook.com\/La-Sentinelle-104059864394773","article_published_time":"2025-12-09T11:59:15+00:00","article_modified_time":"2025-12-09T11:59:16+00:00","og_image":[{"width":800,"height":600,"url":"https:\/\/lasentinelle.dz\/wp-content\/uploads\/2025\/12\/El-Bayadh.jpeg","type":"image\/jpeg"}],"author":"admin","twitter_card":"summary_large_image","twitter_misc":{"\u00c9crit par":"admin","Dur\u00e9e de lecture estim\u00e9e":"4 minutes"},"schema":{"@context":"https:\/\/schema.org","@graph":[{"@type":"Article","@id":"https:\/\/lasentinelle.dz\/index.php\/2025\/12\/09\/el-bayadh-une-dynamique-de-developpement-dans-quatre-communes-quatre-communes\/#article","isPartOf":{"@id":"https:\/\/lasentinelle.dz\/index.php\/2025\/12\/09\/el-bayadh-une-dynamique-de-developpement-dans-quatre-communes-quatre-communes\/"},"author":{"name":"admin","@id":"https:\/\/lasentinelle.dz\/#\/schema\/person\/729ee0024f24e0b8c5ec17232f8e8b41"},"headline":"El-Bayadh\u00a0: Une dynamique de d\u00e9veloppement dans quatre communes Quatre communes\u00a0","datePublished":"2025-12-09T11:59:15+00:00","dateModified":"2025-12-09T11:59:16+00:00","mainEntityOfPage":{"@id":"https:\/\/lasentinelle.dz\/index.php\/2025\/12\/09\/el-bayadh-une-dynamique-de-developpement-dans-quatre-communes-quatre-communes\/"},"wordCount":679,"commentCount":0,"publisher":{"@id":"https:\/\/lasentinelle.dz\/#organization"},"image":{"@id":"https:\/\/lasentinelle.dz\/index.php\/2025\/12\/09\/el-bayadh-une-dynamique-de-developpement-dans-quatre-communes-quatre-communes\/#primaryimage"},"thumbnailUrl":"https:\/\/lasentinelle.dz\/wp-content\/uploads\/2025\/12\/El-Bayadh.jpeg","articleSection":["R\u00e9gions"],"inLanguage":"fr-FR","potentialAction":[{"@type":"CommentAction","name":"Comment","target":["https:\/\/lasentinelle.dz\/index.php\/2025\/12\/09\/el-bayadh-une-dynamique-de-developpement-dans-quatre-communes-quatre-communes\/#respond"]}]},{"@type":"WebPage","@id":"https:\/\/lasentinelle.dz\/index.php\/2025\/12\/09\/el-bayadh-une-dynamique-de-developpement-dans-quatre-communes-quatre-communes\/","url":"https:\/\/lasentinelle.dz\/index.php\/2025\/12\/09\/el-bayadh-une-dynamique-de-developpement-dans-quatre-communes-quatre-communes\/","name":"El-Bayadh\u00a0: Une dynamique de d\u00e9veloppement dans quatre communes Quatre communes\u00a0 - La Sentinelle","isPartOf":{"@id":"https:\/\/lasentinelle.dz\/#website"},"primaryImageOfPage":{"@id":"https:\/\/lasentinelle.dz\/index.php\/2025\/12\/09\/el-bayadh-une-dynamique-de-developpement-dans-quatre-communes-quatre-communes\/#primaryimage"},"image":{"@id":"https:\/\/lasentinelle.dz\/index.php\/2025\/12\/09\/el-bayadh-une-dynamique-de-developpement-dans-quatre-communes-quatre-communes\/#primaryimage"},"thumbnailUrl":"https:\/\/lasentinelle.dz\/wp-content\/uploads\/2025\/12\/El-Bayadh.jpeg","datePublished":"2025-12-09T11:59:15+00:00","dateModified":"2025-12-09T11:59:16+00:00","breadcrumb":{"@id":"https:\/\/lasentinelle.dz\/index.php\/2025\/12\/09\/el-bayadh-une-dynamique-de-developpement-dans-quatre-communes-quatre-communes\/#breadcrumb"},"inLanguage":"fr-FR","potentialAction":[{"@type":"ReadAction","target":["https:\/\/lasentinelle.dz\/index.php\/2025\/12\/09\/el-bayadh-une-dynamique-de-developpement-dans-quatre-communes-quatre-communes\/"]}]},{"@type":"ImageObject","inLanguage":"fr-FR","@id":"https:\/\/lasentinelle.dz\/index.php\/2025\/12\/09\/el-bayadh-une-dynamique-de-developpement-dans-quatre-communes-quatre-communes\/#primaryimage","url":"https:\/\/lasentinelle.dz\/wp-content\/uploads\/2025\/12\/El-Bayadh.jpeg","contentUrl":"https:\/\/lasentinelle.dz\/wp-content\/uploads\/2025\/12\/El-Bayadh.jpeg","width":800,"height":600},{"@type":"BreadcrumbList","@id":"https:\/\/lasentinelle.dz\/index.php\/2025\/12\/09\/el-bayadh-une-dynamique-de-developpement-dans-quatre-communes-quatre-communes\/#breadcrumb","itemListElement":[{"@type":"ListItem","position":1,"name":"Accueil","item":"https:\/\/lasentinelle.dz\/"},{"@type":"ListItem","position":2,"name":"El-Bayadh\u00a0: Une dynamique de d\u00e9veloppement dans quatre communes Quatre communes\u00a0"}]},{"@type":"WebSite","@id":"https:\/\/lasentinelle.dz\/#website","url":"https:\/\/lasentinelle.dz\/","name":"La Sentinelle","description":"Quotidien national d&#039;information","publisher":{"@id":"https:\/\/lasentinelle.dz\/#organization"},"potentialAction":[{"@type":"SearchAction","target":{"@type":"EntryPoint","urlTemplate":"https:\/\/lasentinelle.dz\/?s={search_term_string}"},"query-input":{"@type":"PropertyValueSpecification","valueRequired":true,"valueName":"search_term_string"}}],"inLanguage":"fr-FR"},{"@type":"Organization","@id":"https:\/\/lasentinelle.dz\/#organization","name":"Quotidien La Sentinelle","url":"https:\/\/lasentinelle.dz\/","logo":{"@type":"ImageObject","inLanguage":"fr-FR","@id":"https:\/\/lasentinelle.dz\/#\/schema\/logo\/image\/","url":"https:\/\/lasentinelle.dz\/wp-content\/uploads\/2021\/09\/logo-sentinelleSLOGAN-1.png","contentUrl":"https:\/\/lasentinelle.dz\/wp-content\/uploads\/2021\/09\/logo-sentinelleSLOGAN-1.png","width":615,"height":142,"caption":"Quotidien La Sentinelle"},"image":{"@id":"https:\/\/lasentinelle.dz\/#\/schema\/logo\/image\/"},"sameAs":["https:\/\/www.facebook.com\/La-Sentinelle-104059864394773"]},{"@type":"Person","@id":"https:\/\/lasentinelle.dz\/#\/schema\/person\/729ee0024f24e0b8c5ec17232f8e8b41","name":"admin","image":{"@type":"ImageObject","inLanguage":"fr-FR","@id":"https:\/\/secure.gravatar.com\/avatar\/4c81fed838786e9b53f540bf46533e750f5d292099ae3b66cfc6fb1982e29df7?s=96&d=mm&r=g","url":"https:\/\/secure.gravatar.com\/avatar\/4c81fed838786e9b53f540bf46533e750f5d292099ae3b66cfc6fb1982e29df7?s=96&d=mm&r=g","contentUrl":"https:\/\/secure.gravatar.com\/avatar\/4c81fed838786e9b53f540bf46533e750f5d292099ae3b66cfc6fb1982e29df7?s=96&d=mm&r=g","caption":"admin"},"description":"admin","url":"https:\/\/lasentinelle.dz\/author\/admin\/"}]}},"_links":{"self":[{"href":"https:\/\/lasentinelle.dz\/index.php\/wp-json\/wp\/v2\/posts\/77476","targetHints":{"allow":["GET"]}}],"collection":[{"href":"https:\/\/lasentinelle.dz\/index.php\/wp-json\/wp\/v2\/posts"}],"about":[{"href":"https:\/\/lasentinelle.dz\/index.php\/wp-json\/wp\/v2\/types\/post"}],"author":[{"embeddable":true,"href":"https:\/\/lasentinelle.dz\/index.php\/wp-json\/wp\/v2\/users\/6"}],"replies":[{"embeddable":true,"href":"https:\/\/lasentinelle.dz\/index.php\/wp-json\/wp\/v2\/comments?post=77476"}],"version-history":[{"count":1,"href":"https:\/\/lasentinelle.dz\/index.php\/wp-json\/wp\/v2\/posts\/77476\/revisions"}],"predecessor-version":[{"id":77478,"href":"https:\/\/lasentinelle.dz\/index.php\/wp-json\/wp\/v2\/posts\/77476\/revisions\/77478"}],"wp:featuredmedia":[{"embeddable":true,"href":"https:\/\/lasentinelle.dz\/index.php\/wp-json\/wp\/v2\/media\/77477"}],"wp:attachment":[{"href":"https:\/\/lasentinelle.dz\/index.php\/wp-json\/wp\/v2\/media?parent=77476"}],"wp:term":[{"taxonomy":"category","embeddable":true,"href":"https:\/\/lasentinelle.dz\/index.php\/wp-json\/wp\/v2\/categories?post=77476"},{"taxonomy":"post_tag","embeddable":true,"href":"https:\/\/lasentinelle.dz\/index.php\/wp-json\/wp\/v2\/tags?post=77476"}],"curies":[{"name":"wp","href":"https:\/\/api.w.org\/{rel}","templated":true}]}}