{"id":77481,"date":"2025-12-09T13:01:12","date_gmt":"2025-12-09T12:01:12","guid":{"rendered":"https:\/\/lasentinelle.dz\/?p=77481"},"modified":"2025-12-09T13:01:13","modified_gmt":"2025-12-09T12:01:13","slug":"inapi-hausse-de-20-des-demandes-de-brevets-en-2025","status":"publish","type":"post","link":"https:\/\/lasentinelle.dz\/index.php\/2025\/12\/09\/inapi-hausse-de-20-des-demandes-de-brevets-en-2025\/","title":{"rendered":"INAPI\u00a0: Hausse de 20 % des demandes de brevets en 2025\u00a0"},"content":{"rendered":"\n<p>Le directeur g\u00e9n\u00e9ral de l\u2019Institut national alg\u00e9rien de la propri\u00e9t\u00e9 industrielle (INAPI), Abdelhafid Belmehdi, a annonc\u00e9 lundi \u00e0 Oran une progression notable des d\u00e9p\u00f4ts de brevets en Alg\u00e9rie, confirmant la dynamique croissante de l\u2019innovation nationale au cours des derni\u00e8res ann\u00e9es. En marge du 15e Salon de l\u2019innovation, organis\u00e9 jusqu\u2019au 9 d\u00e9cembre \u00e0 l\u2019Ecole nationale polytechnique d\u2019Oran (ENPO), M. Belmehdi a fait \u00e9tat d\u2019une hausse de 20 % des demandes de brevets en 2025, avec 1 127 d\u00e9p\u00f4ts enregistr\u00e9s \u00e0 fin novembre, par rapport \u00e0 la m\u00eame p\u00e9riode de 2024. Le responsable a soulign\u00e9 que cette augmentation s\u2019inscrit dans une tendance durable : \u00ab\u00a0Les demandes de brevets d\u2019invention progressent r\u00e9guli\u00e8rement depuis plusieurs ann\u00e9es, t\u00e9moignant de l\u2019\u00e9mergence d\u2019une \u00e9conomie nationale davantage tourn\u00e9e vers la connaissance et l\u2019innovation\u00a0\u00bb, a-t-il d\u00e9clar\u00e9. Evoquant l\u2019\u00e9volution des chiffres, il a rappel\u00e9 que l\u2019ann\u00e9e 2024 avait franchi pour la premi\u00e8re fois le seuil des 1 400 demandes, majoritairement d\u00e9pos\u00e9es par des chercheurs et inventeurs alg\u00e9riens. En comparaison, 1 100 demandes avaient \u00e9t\u00e9 enregistr\u00e9es en 2023, contre 600 seulement en 2022. Selon M. Belmehdi, cette \u00e9volution est d\u2019autant plus significative qu\u2019\u00a0\u00bbentre 2012 et 2017, l\u2019INAPI ne recevait que 200 \u00e0 300 demandes par an\u00a0\u00bb. Il a attribu\u00e9 cette progression \u00e0 la cr\u00e9ation du minist\u00e8re charg\u00e9 de l\u2019\u00e9conomie de la connaissance et des startups, ainsi qu\u2019aux campagnes de sensibilisation men\u00e9es dans les universit\u00e9s, qui ont renforc\u00e9 la culture de la protection des inventions chez les chercheurs et jeunes innovateurs. Concernant les secteurs les plus dynamiques, il a indiqu\u00e9 que les produits parapharmaceutiques et cosm\u00e9tiques notamment les huiles essentielles et les nouveaux proc\u00e9d\u00e9s de fabrication arrivent en t\u00eate, suivis par la m\u00e9canique et l\u2019\u00e9lectronique. \u00ab\u00a0Ces r\u00e9sultats refl\u00e8tent les efforts d\u2019une nouvelle g\u00e9n\u00e9ration d\u2019ing\u00e9nieurs et d\u2019inventeurs alg\u00e9riens, particuli\u00e8rement active et cr\u00e9ative\u00a0\u00bb, a-t-il estim\u00e9. M. Belmehdi a enfin \u00e9voqu\u00e9 des perspectives \u00ab\u00a0encore plus prometteuses\u00a0\u00bb pour l\u2019ann\u00e9e 2026, relevant que les indicateurs du premier trimestre 2025 confirment une dynamique toujours orient\u00e9e \u00e0 la hausse.&nbsp;<\/p>\n\n\n\n<p>APS<\/p>\n","protected":false},"excerpt":{"rendered":"<p>Le directeur g\u00e9n\u00e9ral de l\u2019Institut national alg\u00e9rien de la propri\u00e9t\u00e9 industrielle (INAPI), Abdelhafid Belmehdi, a annonc\u00e9 lundi \u00e0 Oran une<\/p>\n","protected":false},"author":6,"featured_media":66760,"comment_status":"open","ping_status":"closed","sticky":false,"template":"","format":"standard","meta":{"colormag_page_container_layout":"default_layout","colormag_page_sidebar_layout":"default_layout","om_disable_all_campaigns":false,"_monsterinsights_skip_tracking":false,"_monsterinsights_sitenote_active":false,"_monsterinsights_sitenote_note":"","_monsterinsights_sitenote_category":0,"footnotes":"","_wpscppro_dont_share_socialmedia":false,"_wpscppro_custom_social_share_image":0,"_facebook_share_type":"default","_twitter_share_type":"default","_linkedin_share_type":"default","_pinterest_share_type":"default","_linkedin_share_type_page":"","_instagram_share_type":"default","_medium_share_type":"default","_threads_share_type":"default","_google_business_share_type":"default","_selected_social_profile":[],"_wpsp_enable_custom_social_template":false,"_wpsp_social_scheduling":{"enabled":false,"datetime":null,"platforms":[],"status":"template_only","dateOption":"today","timeOption":"now","customDays":"","customHours":"","customDate":"","customTime":"","schedulingType":"absolute"},"_wpsp_active_default_template":true},"categories":[29],"tags":[],"class_list":["post-77481","post","type-post","status-publish","format-standard","has-post-thumbnail","hentry","category-economie"],"aioseo_notices":[],"yoast_head":"<!-- This site is optimized with the Yoast SEO plugin v27.5 - https:\/\/yoast.com\/product\/yoast-seo-wordpress\/ -->\n<title>INAPI\u00a0: Hausse de 20 % des demandes de brevets en 2025\u00a0 - La Sentinelle<\/title>\n<meta name=\"robots\" content=\"index, follow, max-snippet:-1, max-image-preview:large, max-video-preview:-1\" \/>\n<link rel=\"canonical\" href=\"https:\/\/lasentinelle.dz\/index.php\/2025\/12\/09\/inapi-hausse-de-20-des-demandes-de-brevets-en-2025\/\" \/>\n<meta property=\"og:locale\" content=\"fr_FR\" \/>\n<meta property=\"og:type\" content=\"article\" \/>\n<meta property=\"og:title\" content=\"INAPI\u00a0: Hausse de 20 % des demandes de brevets en 2025\u00a0 - La Sentinelle\" \/>\n<meta property=\"og:description\" content=\"Le directeur g\u00e9n\u00e9ral de l\u2019Institut national alg\u00e9rien de la propri\u00e9t\u00e9 industrielle (INAPI), Abdelhafid Belmehdi, a annonc\u00e9 lundi \u00e0 Oran une\" \/>\n<meta property=\"og:url\" content=\"https:\/\/lasentinelle.dz\/index.php\/2025\/12\/09\/inapi-hausse-de-20-des-demandes-de-brevets-en-2025\/\" \/>\n<meta property=\"og:site_name\" content=\"La Sentinelle\" \/>\n<meta property=\"article:publisher\" content=\"https:\/\/www.facebook.com\/La-Sentinelle-104059864394773\" \/>\n<meta property=\"article:published_time\" content=\"2025-12-09T12:01:12+00:00\" \/>\n<meta property=\"article:modified_time\" content=\"2025-12-09T12:01:13+00:00\" \/>\n<meta property=\"og:image\" content=\"https:\/\/lasentinelle.dz\/wp-content\/uploads\/2025\/05\/INAPI.jpg\" \/>\n\t<meta property=\"og:image:width\" content=\"512\" \/>\n\t<meta property=\"og:image:height\" content=\"385\" \/>\n\t<meta property=\"og:image:type\" content=\"image\/jpeg\" \/>\n<meta name=\"author\" content=\"admin\" \/>\n<meta name=\"twitter:card\" content=\"summary_large_image\" \/>\n<meta name=\"twitter:label1\" content=\"\u00c9crit par\" \/>\n\t<meta name=\"twitter:data1\" content=\"admin\" \/>\n\t<meta name=\"twitter:label2\" content=\"Dur\u00e9e de lecture estim\u00e9e\" \/>\n\t<meta name=\"twitter:data2\" content=\"2 minutes\" \/>\n<script type=\"application\/ld+json\" class=\"yoast-schema-graph\">{\"@context\":\"https:\\\/\\\/schema.org\",\"@graph\":[{\"@type\":\"Article\",\"@id\":\"https:\\\/\\\/lasentinelle.dz\\\/index.php\\\/2025\\\/12\\\/09\\\/inapi-hausse-de-20-des-demandes-de-brevets-en-2025\\\/#article\",\"isPartOf\":{\"@id\":\"https:\\\/\\\/lasentinelle.dz\\\/index.php\\\/2025\\\/12\\\/09\\\/inapi-hausse-de-20-des-demandes-de-brevets-en-2025\\\/\"},\"author\":{\"name\":\"admin\",\"@id\":\"https:\\\/\\\/lasentinelle.dz\\\/#\\\/schema\\\/person\\\/729ee0024f24e0b8c5ec17232f8e8b41\"},\"headline\":\"INAPI\u00a0: Hausse de 20 % des demandes de brevets en 2025\u00a0\",\"datePublished\":\"2025-12-09T12:01:12+00:00\",\"dateModified\":\"2025-12-09T12:01:13+00:00\",\"mainEntityOfPage\":{\"@id\":\"https:\\\/\\\/lasentinelle.dz\\\/index.php\\\/2025\\\/12\\\/09\\\/inapi-hausse-de-20-des-demandes-de-brevets-en-2025\\\/\"},\"wordCount\":371,\"commentCount\":0,\"publisher\":{\"@id\":\"https:\\\/\\\/lasentinelle.dz\\\/#organization\"},\"image\":{\"@id\":\"https:\\\/\\\/lasentinelle.dz\\\/index.php\\\/2025\\\/12\\\/09\\\/inapi-hausse-de-20-des-demandes-de-brevets-en-2025\\\/#primaryimage\"},\"thumbnailUrl\":\"https:\\\/\\\/lasentinelle.dz\\\/wp-content\\\/uploads\\\/2025\\\/05\\\/INAPI.jpg\",\"articleSection\":[\"\u00c9conomie\"],\"inLanguage\":\"fr-FR\",\"potentialAction\":[{\"@type\":\"CommentAction\",\"name\":\"Comment\",\"target\":[\"https:\\\/\\\/lasentinelle.dz\\\/index.php\\\/2025\\\/12\\\/09\\\/inapi-hausse-de-20-des-demandes-de-brevets-en-2025\\\/#respond\"]}]},{\"@type\":\"WebPage\",\"@id\":\"https:\\\/\\\/lasentinelle.dz\\\/index.php\\\/2025\\\/12\\\/09\\\/inapi-hausse-de-20-des-demandes-de-brevets-en-2025\\\/\",\"url\":\"https:\\\/\\\/lasentinelle.dz\\\/index.php\\\/2025\\\/12\\\/09\\\/inapi-hausse-de-20-des-demandes-de-brevets-en-2025\\\/\",\"name\":\"INAPI\u00a0: Hausse de 20 % des demandes de brevets en 2025\u00a0 - La Sentinelle\",\"isPartOf\":{\"@id\":\"https:\\\/\\\/lasentinelle.dz\\\/#website\"},\"primaryImageOfPage\":{\"@id\":\"https:\\\/\\\/lasentinelle.dz\\\/index.php\\\/2025\\\/12\\\/09\\\/inapi-hausse-de-20-des-demandes-de-brevets-en-2025\\\/#primaryimage\"},\"image\":{\"@id\":\"https:\\\/\\\/lasentinelle.dz\\\/index.php\\\/2025\\\/12\\\/09\\\/inapi-hausse-de-20-des-demandes-de-brevets-en-2025\\\/#primaryimage\"},\"thumbnailUrl\":\"https:\\\/\\\/lasentinelle.dz\\\/wp-content\\\/uploads\\\/2025\\\/05\\\/INAPI.jpg\",\"datePublished\":\"2025-12-09T12:01:12+00:00\",\"dateModified\":\"2025-12-09T12:01:13+00:00\",\"breadcrumb\":{\"@id\":\"https:\\\/\\\/lasentinelle.dz\\\/index.php\\\/2025\\\/12\\\/09\\\/inapi-hausse-de-20-des-demandes-de-brevets-en-2025\\\/#breadcrumb\"},\"inLanguage\":\"fr-FR\",\"potentialAction\":[{\"@type\":\"ReadAction\",\"target\":[\"https:\\\/\\\/lasentinelle.dz\\\/index.php\\\/2025\\\/12\\\/09\\\/inapi-hausse-de-20-des-demandes-de-brevets-en-2025\\\/\"]}]},{\"@type\":\"ImageObject\",\"inLanguage\":\"fr-FR\",\"@id\":\"https:\\\/\\\/lasentinelle.dz\\\/index.php\\\/2025\\\/12\\\/09\\\/inapi-hausse-de-20-des-demandes-de-brevets-en-2025\\\/#primaryimage\",\"url\":\"https:\\\/\\\/lasentinelle.dz\\\/wp-content\\\/uploads\\\/2025\\\/05\\\/INAPI.jpg\",\"contentUrl\":\"https:\\\/\\\/lasentinelle.dz\\\/wp-content\\\/uploads\\\/2025\\\/05\\\/INAPI.jpg\",\"width\":512,\"height\":385},{\"@type\":\"BreadcrumbList\",\"@id\":\"https:\\\/\\\/lasentinelle.dz\\\/index.php\\\/2025\\\/12\\\/09\\\/inapi-hausse-de-20-des-demandes-de-brevets-en-2025\\\/#breadcrumb\",\"itemListElement\":[{\"@type\":\"ListItem\",\"position\":1,\"name\":\"Accueil\",\"item\":\"https:\\\/\\\/lasentinelle.dz\\\/\"},{\"@type\":\"ListItem\",\"position\":2,\"name\":\"INAPI\u00a0: Hausse de 20 % des demandes de brevets en 2025\u00a0\"}]},{\"@type\":\"WebSite\",\"@id\":\"https:\\\/\\\/lasentinelle.dz\\\/#website\",\"url\":\"https:\\\/\\\/lasentinelle.dz\\\/\",\"name\":\"La Sentinelle\",\"description\":\"Quotidien national d&#039;information\",\"publisher\":{\"@id\":\"https:\\\/\\\/lasentinelle.dz\\\/#organization\"},\"potentialAction\":[{\"@type\":\"SearchAction\",\"target\":{\"@type\":\"EntryPoint\",\"urlTemplate\":\"https:\\\/\\\/lasentinelle.dz\\\/?s={search_term_string}\"},\"query-input\":{\"@type\":\"PropertyValueSpecification\",\"valueRequired\":true,\"valueName\":\"search_term_string\"}}],\"inLanguage\":\"fr-FR\"},{\"@type\":\"Organization\",\"@id\":\"https:\\\/\\\/lasentinelle.dz\\\/#organization\",\"name\":\"Quotidien La Sentinelle\",\"url\":\"https:\\\/\\\/lasentinelle.dz\\\/\",\"logo\":{\"@type\":\"ImageObject\",\"inLanguage\":\"fr-FR\",\"@id\":\"https:\\\/\\\/lasentinelle.dz\\\/#\\\/schema\\\/logo\\\/image\\\/\",\"url\":\"https:\\\/\\\/lasentinelle.dz\\\/wp-content\\\/uploads\\\/2021\\\/09\\\/logo-sentinelleSLOGAN-1.png\",\"contentUrl\":\"https:\\\/\\\/lasentinelle.dz\\\/wp-content\\\/uploads\\\/2021\\\/09\\\/logo-sentinelleSLOGAN-1.png\",\"width\":615,\"height\":142,\"caption\":\"Quotidien La Sentinelle\"},\"image\":{\"@id\":\"https:\\\/\\\/lasentinelle.dz\\\/#\\\/schema\\\/logo\\\/image\\\/\"},\"sameAs\":[\"https:\\\/\\\/www.facebook.com\\\/La-Sentinelle-104059864394773\"]},{\"@type\":\"Person\",\"@id\":\"https:\\\/\\\/lasentinelle.dz\\\/#\\\/schema\\\/person\\\/729ee0024f24e0b8c5ec17232f8e8b41\",\"name\":\"admin\",\"image\":{\"@type\":\"ImageObject\",\"inLanguage\":\"fr-FR\",\"@id\":\"https:\\\/\\\/secure.gravatar.com\\\/avatar\\\/4c81fed838786e9b53f540bf46533e750f5d292099ae3b66cfc6fb1982e29df7?s=96&d=mm&r=g\",\"url\":\"https:\\\/\\\/secure.gravatar.com\\\/avatar\\\/4c81fed838786e9b53f540bf46533e750f5d292099ae3b66cfc6fb1982e29df7?s=96&d=mm&r=g\",\"contentUrl\":\"https:\\\/\\\/secure.gravatar.com\\\/avatar\\\/4c81fed838786e9b53f540bf46533e750f5d292099ae3b66cfc6fb1982e29df7?s=96&d=mm&r=g\",\"caption\":\"admin\"},\"description\":\"admin\",\"url\":\"https:\\\/\\\/lasentinelle.dz\\\/author\\\/admin\\\/\"}]}<\/script>\n<!-- \/ Yoast SEO plugin. -->","yoast_head_json":{"title":"INAPI\u00a0: Hausse de 20 % des demandes de brevets en 2025\u00a0 - La Sentinelle","robots":{"index":"index","follow":"follow","max-snippet":"max-snippet:-1","max-image-preview":"max-image-preview:large","max-video-preview":"max-video-preview:-1"},"canonical":"https:\/\/lasentinelle.dz\/index.php\/2025\/12\/09\/inapi-hausse-de-20-des-demandes-de-brevets-en-2025\/","og_locale":"fr_FR","og_type":"article","og_title":"INAPI\u00a0: Hausse de 20 % des demandes de brevets en 2025\u00a0 - La Sentinelle","og_description":"Le directeur g\u00e9n\u00e9ral de l\u2019Institut national alg\u00e9rien de la propri\u00e9t\u00e9 industrielle (INAPI), Abdelhafid Belmehdi, a annonc\u00e9 lundi \u00e0 Oran une","og_url":"https:\/\/lasentinelle.dz\/index.php\/2025\/12\/09\/inapi-hausse-de-20-des-demandes-de-brevets-en-2025\/","og_site_name":"La Sentinelle","article_publisher":"https:\/\/www.facebook.com\/La-Sentinelle-104059864394773","article_published_time":"2025-12-09T12:01:12+00:00","article_modified_time":"2025-12-09T12:01:13+00:00","og_image":[{"width":512,"height":385,"url":"https:\/\/lasentinelle.dz\/wp-content\/uploads\/2025\/05\/INAPI.jpg","type":"image\/jpeg"}],"author":"admin","twitter_card":"summary_large_image","twitter_misc":{"\u00c9crit par":"admin","Dur\u00e9e de lecture estim\u00e9e":"2 minutes"},"schema":{"@context":"https:\/\/schema.org","@graph":[{"@type":"Article","@id":"https:\/\/lasentinelle.dz\/index.php\/2025\/12\/09\/inapi-hausse-de-20-des-demandes-de-brevets-en-2025\/#article","isPartOf":{"@id":"https:\/\/lasentinelle.dz\/index.php\/2025\/12\/09\/inapi-hausse-de-20-des-demandes-de-brevets-en-2025\/"},"author":{"name":"admin","@id":"https:\/\/lasentinelle.dz\/#\/schema\/person\/729ee0024f24e0b8c5ec17232f8e8b41"},"headline":"INAPI\u00a0: Hausse de 20 % des demandes de brevets en 2025\u00a0","datePublished":"2025-12-09T12:01:12+00:00","dateModified":"2025-12-09T12:01:13+00:00","mainEntityOfPage":{"@id":"https:\/\/lasentinelle.dz\/index.php\/2025\/12\/09\/inapi-hausse-de-20-des-demandes-de-brevets-en-2025\/"},"wordCount":371,"commentCount":0,"publisher":{"@id":"https:\/\/lasentinelle.dz\/#organization"},"image":{"@id":"https:\/\/lasentinelle.dz\/index.php\/2025\/12\/09\/inapi-hausse-de-20-des-demandes-de-brevets-en-2025\/#primaryimage"},"thumbnailUrl":"https:\/\/lasentinelle.dz\/wp-content\/uploads\/2025\/05\/INAPI.jpg","articleSection":["\u00c9conomie"],"inLanguage":"fr-FR","potentialAction":[{"@type":"CommentAction","name":"Comment","target":["https:\/\/lasentinelle.dz\/index.php\/2025\/12\/09\/inapi-hausse-de-20-des-demandes-de-brevets-en-2025\/#respond"]}]},{"@type":"WebPage","@id":"https:\/\/lasentinelle.dz\/index.php\/2025\/12\/09\/inapi-hausse-de-20-des-demandes-de-brevets-en-2025\/","url":"https:\/\/lasentinelle.dz\/index.php\/2025\/12\/09\/inapi-hausse-de-20-des-demandes-de-brevets-en-2025\/","name":"INAPI\u00a0: Hausse de 20 % des demandes de brevets en 2025\u00a0 - La Sentinelle","isPartOf":{"@id":"https:\/\/lasentinelle.dz\/#website"},"primaryImageOfPage":{"@id":"https:\/\/lasentinelle.dz\/index.php\/2025\/12\/09\/inapi-hausse-de-20-des-demandes-de-brevets-en-2025\/#primaryimage"},"image":{"@id":"https:\/\/lasentinelle.dz\/index.php\/2025\/12\/09\/inapi-hausse-de-20-des-demandes-de-brevets-en-2025\/#primaryimage"},"thumbnailUrl":"https:\/\/lasentinelle.dz\/wp-content\/uploads\/2025\/05\/INAPI.jpg","datePublished":"2025-12-09T12:01:12+00:00","dateModified":"2025-12-09T12:01:13+00:00","breadcrumb":{"@id":"https:\/\/lasentinelle.dz\/index.php\/2025\/12\/09\/inapi-hausse-de-20-des-demandes-de-brevets-en-2025\/#breadcrumb"},"inLanguage":"fr-FR","potentialAction":[{"@type":"ReadAction","target":["https:\/\/lasentinelle.dz\/index.php\/2025\/12\/09\/inapi-hausse-de-20-des-demandes-de-brevets-en-2025\/"]}]},{"@type":"ImageObject","inLanguage":"fr-FR","@id":"https:\/\/lasentinelle.dz\/index.php\/2025\/12\/09\/inapi-hausse-de-20-des-demandes-de-brevets-en-2025\/#primaryimage","url":"https:\/\/lasentinelle.dz\/wp-content\/uploads\/2025\/05\/INAPI.jpg","contentUrl":"https:\/\/lasentinelle.dz\/wp-content\/uploads\/2025\/05\/INAPI.jpg","width":512,"height":385},{"@type":"BreadcrumbList","@id":"https:\/\/lasentinelle.dz\/index.php\/2025\/12\/09\/inapi-hausse-de-20-des-demandes-de-brevets-en-2025\/#breadcrumb","itemListElement":[{"@type":"ListItem","position":1,"name":"Accueil","item":"https:\/\/lasentinelle.dz\/"},{"@type":"ListItem","position":2,"name":"INAPI\u00a0: Hausse de 20 % des demandes de brevets en 2025\u00a0"}]},{"@type":"WebSite","@id":"https:\/\/lasentinelle.dz\/#website","url":"https:\/\/lasentinelle.dz\/","name":"La Sentinelle","description":"Quotidien national d&#039;information","publisher":{"@id":"https:\/\/lasentinelle.dz\/#organization"},"potentialAction":[{"@type":"SearchAction","target":{"@type":"EntryPoint","urlTemplate":"https:\/\/lasentinelle.dz\/?s={search_term_string}"},"query-input":{"@type":"PropertyValueSpecification","valueRequired":true,"valueName":"search_term_string"}}],"inLanguage":"fr-FR"},{"@type":"Organization","@id":"https:\/\/lasentinelle.dz\/#organization","name":"Quotidien La Sentinelle","url":"https:\/\/lasentinelle.dz\/","logo":{"@type":"ImageObject","inLanguage":"fr-FR","@id":"https:\/\/lasentinelle.dz\/#\/schema\/logo\/image\/","url":"https:\/\/lasentinelle.dz\/wp-content\/uploads\/2021\/09\/logo-sentinelleSLOGAN-1.png","contentUrl":"https:\/\/lasentinelle.dz\/wp-content\/uploads\/2021\/09\/logo-sentinelleSLOGAN-1.png","width":615,"height":142,"caption":"Quotidien La Sentinelle"},"image":{"@id":"https:\/\/lasentinelle.dz\/#\/schema\/logo\/image\/"},"sameAs":["https:\/\/www.facebook.com\/La-Sentinelle-104059864394773"]},{"@type":"Person","@id":"https:\/\/lasentinelle.dz\/#\/schema\/person\/729ee0024f24e0b8c5ec17232f8e8b41","name":"admin","image":{"@type":"ImageObject","inLanguage":"fr-FR","@id":"https:\/\/secure.gravatar.com\/avatar\/4c81fed838786e9b53f540bf46533e750f5d292099ae3b66cfc6fb1982e29df7?s=96&d=mm&r=g","url":"https:\/\/secure.gravatar.com\/avatar\/4c81fed838786e9b53f540bf46533e750f5d292099ae3b66cfc6fb1982e29df7?s=96&d=mm&r=g","contentUrl":"https:\/\/secure.gravatar.com\/avatar\/4c81fed838786e9b53f540bf46533e750f5d292099ae3b66cfc6fb1982e29df7?s=96&d=mm&r=g","caption":"admin"},"description":"admin","url":"https:\/\/lasentinelle.dz\/author\/admin\/"}]}},"_links":{"self":[{"href":"https:\/\/lasentinelle.dz\/index.php\/wp-json\/wp\/v2\/posts\/77481","targetHints":{"allow":["GET"]}}],"collection":[{"href":"https:\/\/lasentinelle.dz\/index.php\/wp-json\/wp\/v2\/posts"}],"about":[{"href":"https:\/\/lasentinelle.dz\/index.php\/wp-json\/wp\/v2\/types\/post"}],"author":[{"embeddable":true,"href":"https:\/\/lasentinelle.dz\/index.php\/wp-json\/wp\/v2\/users\/6"}],"replies":[{"embeddable":true,"href":"https:\/\/lasentinelle.dz\/index.php\/wp-json\/wp\/v2\/comments?post=77481"}],"version-history":[{"count":1,"href":"https:\/\/lasentinelle.dz\/index.php\/wp-json\/wp\/v2\/posts\/77481\/revisions"}],"predecessor-version":[{"id":77482,"href":"https:\/\/lasentinelle.dz\/index.php\/wp-json\/wp\/v2\/posts\/77481\/revisions\/77482"}],"wp:featuredmedia":[{"embeddable":true,"href":"https:\/\/lasentinelle.dz\/index.php\/wp-json\/wp\/v2\/media\/66760"}],"wp:attachment":[{"href":"https:\/\/lasentinelle.dz\/index.php\/wp-json\/wp\/v2\/media?parent=77481"}],"wp:term":[{"taxonomy":"category","embeddable":true,"href":"https:\/\/lasentinelle.dz\/index.php\/wp-json\/wp\/v2\/categories?post=77481"},{"taxonomy":"post_tag","embeddable":true,"href":"https:\/\/lasentinelle.dz\/index.php\/wp-json\/wp\/v2\/tags?post=77481"}],"curies":[{"name":"wp","href":"https:\/\/api.w.org\/{rel}","templated":true}]}}