{"id":77491,"date":"2025-12-09T13:05:48","date_gmt":"2025-12-09T12:05:48","guid":{"rendered":"https:\/\/lasentinelle.dz\/?p=77491"},"modified":"2025-12-09T13:05:49","modified_gmt":"2025-12-09T12:05:49","slug":"numerisation-un-nouveau-cadre-juridique-pour-securiser-les-transactions-electroniques","status":"publish","type":"post","link":"https:\/\/lasentinelle.dz\/index.php\/2025\/12\/09\/numerisation-un-nouveau-cadre-juridique-pour-securiser-les-transactions-electroniques\/","title":{"rendered":"Num\u00e9risation\u00a0: Un nouveau cadre juridique pour s\u00e9curiser les transactions \u00e9lectroniques\u00a0"},"content":{"rendered":"\n<p>Le ministre de la Poste et des T\u00e9l\u00e9communications, Sid Ali Zerrouki, a pr\u00e9sent\u00e9 lundi devant les membres de l&rsquo;Assembl\u00e9e populaire nationale un expos\u00e9 sur le projet de loi fixant les r\u00e8gles g\u00e9n\u00e9rales relatives aux services de confiance pour les transactions \u00e9lectroniques et \u00e0 l&rsquo;identification \u00e9lectronique. Ce texte, qui repr\u00e9sente une r\u00e9forme majeure du cadre juridique de la certification \u00e9lectronique, vise \u00e0 mettre en place un nouveau cadre national permettant d&rsquo;instaurer un environnement num\u00e9rique de confiance et de renforcer la s\u00e9curit\u00e9 des syst\u00e8mes d&rsquo;information nationaux, tout en levant les contraintes actuelles.<\/p>\n\n\n\n<p>M. Zerrouki a soulign\u00e9 que le pr\u00e9sent projet s&rsquo;inscrit dans \u00ab\u00a0le cadre de la dynamique de num\u00e9risation qui compte parmi les principaux engagements du pr\u00e9sident de la R\u00e9publique, M. Abdelmadjid Tebboune visant \u00e0 se mettre au diapason de l&rsquo;\u00e9volution technologique, \u00e0 encourager le d\u00e9veloppement et l&rsquo;utilisation s\u00e9curis\u00e9e des services num\u00e9riques, \u00e0 renforcer la souverainet\u00e9 num\u00e9rique nationale et \u00e0 construire une \u00e9conomie num\u00e9rique durable\u00a0\u00bb. Le ministre a indiqu\u00e9 que ce projet de loi propose un nouveau cadre organisationnel, bas\u00e9 sur une seule autorit\u00e9 nationale de certification \u00e9lectronique dans le but d&rsquo;unifier la gestion des services de confiance dans les domaines gouvernemental et \u00e9conomique. L&rsquo;enjeu central de ce texte r\u00e9side dans la s\u00e9curit\u00e9 juridique des documents \u00e9lectroniques. Le projet insiste sur la n\u00e9cessit\u00e9 de conserver ces documents de mani\u00e8re \u00e0 pr\u00e9server leur int\u00e9grit\u00e9 et fiabilit\u00e9 dans le temps, en utilisant des proc\u00e9dures et des techniques appropri\u00e9es. Il pr\u00e9voit \u00e9galement des dispositions relatives aux contrats \u00e9lectroniques, en reconnaissant leur validit\u00e9 et en d\u00e9finissant les conditions de leur formation, qu&rsquo;ils soient conclus entre des personnes ou des syst\u00e8mes automatis\u00e9s, ainsi que des dispositions relatives \u00e0 l&rsquo;attribution et \u00e0 la r\u00e9ception des documents \u00e9lectroniques pr\u00e9cisant les responsabilit\u00e9s des parties et les modalit\u00e9s de preuve. Le ministre a relev\u00e9 que ce projet de loi \u00ab\u00a0pose les bases de l&rsquo;identification \u00e9lectronique, afin d&rsquo;assurer un moyen fiable d&rsquo;\u00e9tablir l&rsquo;identit\u00e9 des personnes et des organismes et renforce le contr\u00f4le \u00e0 travers des dispositions qui concernent l&rsquo;audit et le contr\u00f4le des parties de confiance ainsi que la d\u00e9termination des modalit\u00e9s d&rsquo;agr\u00e9ment des prestataires de services d&rsquo;audit\u00a0\u00bb. Le texte pr\u00e9voit \u00e9galement \u00ab\u00a0la r\u00e9vision des sanctions financi\u00e8res et administratives impos\u00e9es aux prestataires de services de confiance, en cas de non-respect des conditions, ainsi que des sanctions p\u00e9nales en cas d&rsquo;infractions\u00a0\u00bb. Pour M. Zerrouki, ce projet de loi repr\u00e9sente \u00ab\u00a0une importante r\u00e9forme\u00a0\u00bb du cadre juridique de la certification \u00e9lectronique et constitue \u00ab\u00a0une \u00e9tape essentielle\u00a0\u00bb dans le d\u00e9veloppement d&rsquo;un environnement num\u00e9rique solide et s\u00e9curis\u00e9 ainsi qu&rsquo;un outil principal pour la modernisation des diff\u00e9rents services. A l&rsquo;issue de l&rsquo;expos\u00e9 du ministre, la commission des transports et des t\u00e9l\u00e9communications de l&rsquo;APN a indiqu\u00e9, dans son rapport pr\u00e9liminaire, que ce projet s&rsquo;inscrit dans la d\u00e9marche nationale visant \u00e0 renforcer la transition num\u00e9rique et \u00e0 assurer la s\u00e9curit\u00e9 et la fiabilit\u00e9 des transactions \u00e9lectroniques sur des bases transparentes.<\/p>\n\n\n\n<p>Samir Benisid<\/p>\n","protected":false},"excerpt":{"rendered":"<p>Le ministre de la Poste et des T\u00e9l\u00e9communications, Sid Ali Zerrouki, a pr\u00e9sent\u00e9 lundi devant les membres de l&rsquo;Assembl\u00e9e populaire<\/p>\n","protected":false},"author":6,"featured_media":77492,"comment_status":"open","ping_status":"closed","sticky":false,"template":"","format":"standard","meta":{"colormag_page_container_layout":"default_layout","colormag_page_sidebar_layout":"default_layout","om_disable_all_campaigns":false,"_monsterinsights_skip_tracking":false,"_monsterinsights_sitenote_active":false,"_monsterinsights_sitenote_note":"","_monsterinsights_sitenote_category":0,"footnotes":"","_wpscppro_dont_share_socialmedia":false,"_wpscppro_custom_social_share_image":0,"_facebook_share_type":"default","_twitter_share_type":"default","_linkedin_share_type":"default","_pinterest_share_type":"default","_linkedin_share_type_page":"","_instagram_share_type":"default","_medium_share_type":"default","_threads_share_type":"default","_google_business_share_type":"default","_selected_social_profile":[],"_wpsp_enable_custom_social_template":false,"_wpsp_social_scheduling":{"enabled":false,"datetime":null,"platforms":[],"status":"template_only","dateOption":"today","timeOption":"now","customDays":"","customHours":"","customDate":"","customTime":"","schedulingType":"absolute"},"_wpsp_active_default_template":true},"categories":[27],"tags":[],"class_list":["post-77491","post","type-post","status-publish","format-standard","has-post-thumbnail","hentry","category-actualite"],"aioseo_notices":[],"yoast_head":"<!-- This site is optimized with the Yoast SEO plugin v27.5 - https:\/\/yoast.com\/product\/yoast-seo-wordpress\/ -->\n<title>Num\u00e9risation\u00a0: Un nouveau cadre juridique pour s\u00e9curiser les transactions \u00e9lectroniques\u00a0 - La Sentinelle<\/title>\n<meta name=\"robots\" content=\"index, follow, max-snippet:-1, max-image-preview:large, max-video-preview:-1\" \/>\n<link rel=\"canonical\" href=\"https:\/\/lasentinelle.dz\/index.php\/2025\/12\/09\/numerisation-un-nouveau-cadre-juridique-pour-securiser-les-transactions-electroniques\/\" \/>\n<meta property=\"og:locale\" content=\"fr_FR\" \/>\n<meta property=\"og:type\" content=\"article\" \/>\n<meta property=\"og:title\" content=\"Num\u00e9risation\u00a0: Un nouveau cadre juridique pour s\u00e9curiser les transactions \u00e9lectroniques\u00a0 - La Sentinelle\" \/>\n<meta property=\"og:description\" content=\"Le ministre de la Poste et des T\u00e9l\u00e9communications, Sid Ali Zerrouki, a pr\u00e9sent\u00e9 lundi devant les membres de l&rsquo;Assembl\u00e9e populaire\" \/>\n<meta property=\"og:url\" content=\"https:\/\/lasentinelle.dz\/index.php\/2025\/12\/09\/numerisation-un-nouveau-cadre-juridique-pour-securiser-les-transactions-electroniques\/\" \/>\n<meta property=\"og:site_name\" content=\"La Sentinelle\" \/>\n<meta property=\"article:publisher\" content=\"https:\/\/www.facebook.com\/La-Sentinelle-104059864394773\" \/>\n<meta property=\"article:published_time\" content=\"2025-12-09T12:05:48+00:00\" \/>\n<meta property=\"article:modified_time\" content=\"2025-12-09T12:05:49+00:00\" \/>\n<meta property=\"og:image\" content=\"https:\/\/lasentinelle.dz\/wp-content\/uploads\/2025\/12\/zerrouki-apn.jpeg\" \/>\n\t<meta property=\"og:image:width\" content=\"1349\" \/>\n\t<meta property=\"og:image:height\" content=\"900\" \/>\n\t<meta property=\"og:image:type\" content=\"image\/jpeg\" \/>\n<meta name=\"author\" content=\"admin\" \/>\n<meta name=\"twitter:card\" content=\"summary_large_image\" \/>\n<meta name=\"twitter:label1\" content=\"\u00c9crit par\" \/>\n\t<meta name=\"twitter:data1\" content=\"admin\" \/>\n\t<meta name=\"twitter:label2\" content=\"Dur\u00e9e de lecture estim\u00e9e\" \/>\n\t<meta name=\"twitter:data2\" content=\"3 minutes\" \/>\n<script type=\"application\/ld+json\" class=\"yoast-schema-graph\">{\"@context\":\"https:\\\/\\\/schema.org\",\"@graph\":[{\"@type\":\"Article\",\"@id\":\"https:\\\/\\\/lasentinelle.dz\\\/index.php\\\/2025\\\/12\\\/09\\\/numerisation-un-nouveau-cadre-juridique-pour-securiser-les-transactions-electroniques\\\/#article\",\"isPartOf\":{\"@id\":\"https:\\\/\\\/lasentinelle.dz\\\/index.php\\\/2025\\\/12\\\/09\\\/numerisation-un-nouveau-cadre-juridique-pour-securiser-les-transactions-electroniques\\\/\"},\"author\":{\"name\":\"admin\",\"@id\":\"https:\\\/\\\/lasentinelle.dz\\\/#\\\/schema\\\/person\\\/729ee0024f24e0b8c5ec17232f8e8b41\"},\"headline\":\"Num\u00e9risation\u00a0: Un nouveau cadre juridique pour s\u00e9curiser les transactions \u00e9lectroniques\u00a0\",\"datePublished\":\"2025-12-09T12:05:48+00:00\",\"dateModified\":\"2025-12-09T12:05:49+00:00\",\"mainEntityOfPage\":{\"@id\":\"https:\\\/\\\/lasentinelle.dz\\\/index.php\\\/2025\\\/12\\\/09\\\/numerisation-un-nouveau-cadre-juridique-pour-securiser-les-transactions-electroniques\\\/\"},\"wordCount\":557,\"commentCount\":0,\"publisher\":{\"@id\":\"https:\\\/\\\/lasentinelle.dz\\\/#organization\"},\"image\":{\"@id\":\"https:\\\/\\\/lasentinelle.dz\\\/index.php\\\/2025\\\/12\\\/09\\\/numerisation-un-nouveau-cadre-juridique-pour-securiser-les-transactions-electroniques\\\/#primaryimage\"},\"thumbnailUrl\":\"https:\\\/\\\/lasentinelle.dz\\\/wp-content\\\/uploads\\\/2025\\\/12\\\/zerrouki-apn.jpeg\",\"articleSection\":[\"Actualit\u00e9\"],\"inLanguage\":\"fr-FR\",\"potentialAction\":[{\"@type\":\"CommentAction\",\"name\":\"Comment\",\"target\":[\"https:\\\/\\\/lasentinelle.dz\\\/index.php\\\/2025\\\/12\\\/09\\\/numerisation-un-nouveau-cadre-juridique-pour-securiser-les-transactions-electroniques\\\/#respond\"]}]},{\"@type\":\"WebPage\",\"@id\":\"https:\\\/\\\/lasentinelle.dz\\\/index.php\\\/2025\\\/12\\\/09\\\/numerisation-un-nouveau-cadre-juridique-pour-securiser-les-transactions-electroniques\\\/\",\"url\":\"https:\\\/\\\/lasentinelle.dz\\\/index.php\\\/2025\\\/12\\\/09\\\/numerisation-un-nouveau-cadre-juridique-pour-securiser-les-transactions-electroniques\\\/\",\"name\":\"Num\u00e9risation\u00a0: Un nouveau cadre juridique pour s\u00e9curiser les transactions \u00e9lectroniques\u00a0 - La Sentinelle\",\"isPartOf\":{\"@id\":\"https:\\\/\\\/lasentinelle.dz\\\/#website\"},\"primaryImageOfPage\":{\"@id\":\"https:\\\/\\\/lasentinelle.dz\\\/index.php\\\/2025\\\/12\\\/09\\\/numerisation-un-nouveau-cadre-juridique-pour-securiser-les-transactions-electroniques\\\/#primaryimage\"},\"image\":{\"@id\":\"https:\\\/\\\/lasentinelle.dz\\\/index.php\\\/2025\\\/12\\\/09\\\/numerisation-un-nouveau-cadre-juridique-pour-securiser-les-transactions-electroniques\\\/#primaryimage\"},\"thumbnailUrl\":\"https:\\\/\\\/lasentinelle.dz\\\/wp-content\\\/uploads\\\/2025\\\/12\\\/zerrouki-apn.jpeg\",\"datePublished\":\"2025-12-09T12:05:48+00:00\",\"dateModified\":\"2025-12-09T12:05:49+00:00\",\"breadcrumb\":{\"@id\":\"https:\\\/\\\/lasentinelle.dz\\\/index.php\\\/2025\\\/12\\\/09\\\/numerisation-un-nouveau-cadre-juridique-pour-securiser-les-transactions-electroniques\\\/#breadcrumb\"},\"inLanguage\":\"fr-FR\",\"potentialAction\":[{\"@type\":\"ReadAction\",\"target\":[\"https:\\\/\\\/lasentinelle.dz\\\/index.php\\\/2025\\\/12\\\/09\\\/numerisation-un-nouveau-cadre-juridique-pour-securiser-les-transactions-electroniques\\\/\"]}]},{\"@type\":\"ImageObject\",\"inLanguage\":\"fr-FR\",\"@id\":\"https:\\\/\\\/lasentinelle.dz\\\/index.php\\\/2025\\\/12\\\/09\\\/numerisation-un-nouveau-cadre-juridique-pour-securiser-les-transactions-electroniques\\\/#primaryimage\",\"url\":\"https:\\\/\\\/lasentinelle.dz\\\/wp-content\\\/uploads\\\/2025\\\/12\\\/zerrouki-apn.jpeg\",\"contentUrl\":\"https:\\\/\\\/lasentinelle.dz\\\/wp-content\\\/uploads\\\/2025\\\/12\\\/zerrouki-apn.jpeg\",\"width\":1349,\"height\":900},{\"@type\":\"BreadcrumbList\",\"@id\":\"https:\\\/\\\/lasentinelle.dz\\\/index.php\\\/2025\\\/12\\\/09\\\/numerisation-un-nouveau-cadre-juridique-pour-securiser-les-transactions-electroniques\\\/#breadcrumb\",\"itemListElement\":[{\"@type\":\"ListItem\",\"position\":1,\"name\":\"Accueil\",\"item\":\"https:\\\/\\\/lasentinelle.dz\\\/\"},{\"@type\":\"ListItem\",\"position\":2,\"name\":\"Num\u00e9risation\u00a0: Un nouveau cadre juridique pour s\u00e9curiser les transactions \u00e9lectroniques\u00a0\"}]},{\"@type\":\"WebSite\",\"@id\":\"https:\\\/\\\/lasentinelle.dz\\\/#website\",\"url\":\"https:\\\/\\\/lasentinelle.dz\\\/\",\"name\":\"La Sentinelle\",\"description\":\"Quotidien national d&#039;information\",\"publisher\":{\"@id\":\"https:\\\/\\\/lasentinelle.dz\\\/#organization\"},\"potentialAction\":[{\"@type\":\"SearchAction\",\"target\":{\"@type\":\"EntryPoint\",\"urlTemplate\":\"https:\\\/\\\/lasentinelle.dz\\\/?s={search_term_string}\"},\"query-input\":{\"@type\":\"PropertyValueSpecification\",\"valueRequired\":true,\"valueName\":\"search_term_string\"}}],\"inLanguage\":\"fr-FR\"},{\"@type\":\"Organization\",\"@id\":\"https:\\\/\\\/lasentinelle.dz\\\/#organization\",\"name\":\"Quotidien La Sentinelle\",\"url\":\"https:\\\/\\\/lasentinelle.dz\\\/\",\"logo\":{\"@type\":\"ImageObject\",\"inLanguage\":\"fr-FR\",\"@id\":\"https:\\\/\\\/lasentinelle.dz\\\/#\\\/schema\\\/logo\\\/image\\\/\",\"url\":\"https:\\\/\\\/lasentinelle.dz\\\/wp-content\\\/uploads\\\/2021\\\/09\\\/logo-sentinelleSLOGAN-1.png\",\"contentUrl\":\"https:\\\/\\\/lasentinelle.dz\\\/wp-content\\\/uploads\\\/2021\\\/09\\\/logo-sentinelleSLOGAN-1.png\",\"width\":615,\"height\":142,\"caption\":\"Quotidien La Sentinelle\"},\"image\":{\"@id\":\"https:\\\/\\\/lasentinelle.dz\\\/#\\\/schema\\\/logo\\\/image\\\/\"},\"sameAs\":[\"https:\\\/\\\/www.facebook.com\\\/La-Sentinelle-104059864394773\"]},{\"@type\":\"Person\",\"@id\":\"https:\\\/\\\/lasentinelle.dz\\\/#\\\/schema\\\/person\\\/729ee0024f24e0b8c5ec17232f8e8b41\",\"name\":\"admin\",\"image\":{\"@type\":\"ImageObject\",\"inLanguage\":\"fr-FR\",\"@id\":\"https:\\\/\\\/secure.gravatar.com\\\/avatar\\\/4c81fed838786e9b53f540bf46533e750f5d292099ae3b66cfc6fb1982e29df7?s=96&d=mm&r=g\",\"url\":\"https:\\\/\\\/secure.gravatar.com\\\/avatar\\\/4c81fed838786e9b53f540bf46533e750f5d292099ae3b66cfc6fb1982e29df7?s=96&d=mm&r=g\",\"contentUrl\":\"https:\\\/\\\/secure.gravatar.com\\\/avatar\\\/4c81fed838786e9b53f540bf46533e750f5d292099ae3b66cfc6fb1982e29df7?s=96&d=mm&r=g\",\"caption\":\"admin\"},\"description\":\"admin\",\"url\":\"https:\\\/\\\/lasentinelle.dz\\\/author\\\/admin\\\/\"}]}<\/script>\n<!-- \/ Yoast SEO plugin. -->","yoast_head_json":{"title":"Num\u00e9risation\u00a0: Un nouveau cadre juridique pour s\u00e9curiser les transactions \u00e9lectroniques\u00a0 - La Sentinelle","robots":{"index":"index","follow":"follow","max-snippet":"max-snippet:-1","max-image-preview":"max-image-preview:large","max-video-preview":"max-video-preview:-1"},"canonical":"https:\/\/lasentinelle.dz\/index.php\/2025\/12\/09\/numerisation-un-nouveau-cadre-juridique-pour-securiser-les-transactions-electroniques\/","og_locale":"fr_FR","og_type":"article","og_title":"Num\u00e9risation\u00a0: Un nouveau cadre juridique pour s\u00e9curiser les transactions \u00e9lectroniques\u00a0 - La Sentinelle","og_description":"Le ministre de la Poste et des T\u00e9l\u00e9communications, Sid Ali Zerrouki, a pr\u00e9sent\u00e9 lundi devant les membres de l&rsquo;Assembl\u00e9e populaire","og_url":"https:\/\/lasentinelle.dz\/index.php\/2025\/12\/09\/numerisation-un-nouveau-cadre-juridique-pour-securiser-les-transactions-electroniques\/","og_site_name":"La Sentinelle","article_publisher":"https:\/\/www.facebook.com\/La-Sentinelle-104059864394773","article_published_time":"2025-12-09T12:05:48+00:00","article_modified_time":"2025-12-09T12:05:49+00:00","og_image":[{"width":1349,"height":900,"url":"https:\/\/lasentinelle.dz\/wp-content\/uploads\/2025\/12\/zerrouki-apn.jpeg","type":"image\/jpeg"}],"author":"admin","twitter_card":"summary_large_image","twitter_misc":{"\u00c9crit par":"admin","Dur\u00e9e de lecture estim\u00e9e":"3 minutes"},"schema":{"@context":"https:\/\/schema.org","@graph":[{"@type":"Article","@id":"https:\/\/lasentinelle.dz\/index.php\/2025\/12\/09\/numerisation-un-nouveau-cadre-juridique-pour-securiser-les-transactions-electroniques\/#article","isPartOf":{"@id":"https:\/\/lasentinelle.dz\/index.php\/2025\/12\/09\/numerisation-un-nouveau-cadre-juridique-pour-securiser-les-transactions-electroniques\/"},"author":{"name":"admin","@id":"https:\/\/lasentinelle.dz\/#\/schema\/person\/729ee0024f24e0b8c5ec17232f8e8b41"},"headline":"Num\u00e9risation\u00a0: Un nouveau cadre juridique pour s\u00e9curiser les transactions \u00e9lectroniques\u00a0","datePublished":"2025-12-09T12:05:48+00:00","dateModified":"2025-12-09T12:05:49+00:00","mainEntityOfPage":{"@id":"https:\/\/lasentinelle.dz\/index.php\/2025\/12\/09\/numerisation-un-nouveau-cadre-juridique-pour-securiser-les-transactions-electroniques\/"},"wordCount":557,"commentCount":0,"publisher":{"@id":"https:\/\/lasentinelle.dz\/#organization"},"image":{"@id":"https:\/\/lasentinelle.dz\/index.php\/2025\/12\/09\/numerisation-un-nouveau-cadre-juridique-pour-securiser-les-transactions-electroniques\/#primaryimage"},"thumbnailUrl":"https:\/\/lasentinelle.dz\/wp-content\/uploads\/2025\/12\/zerrouki-apn.jpeg","articleSection":["Actualit\u00e9"],"inLanguage":"fr-FR","potentialAction":[{"@type":"CommentAction","name":"Comment","target":["https:\/\/lasentinelle.dz\/index.php\/2025\/12\/09\/numerisation-un-nouveau-cadre-juridique-pour-securiser-les-transactions-electroniques\/#respond"]}]},{"@type":"WebPage","@id":"https:\/\/lasentinelle.dz\/index.php\/2025\/12\/09\/numerisation-un-nouveau-cadre-juridique-pour-securiser-les-transactions-electroniques\/","url":"https:\/\/lasentinelle.dz\/index.php\/2025\/12\/09\/numerisation-un-nouveau-cadre-juridique-pour-securiser-les-transactions-electroniques\/","name":"Num\u00e9risation\u00a0: Un nouveau cadre juridique pour s\u00e9curiser les transactions \u00e9lectroniques\u00a0 - La Sentinelle","isPartOf":{"@id":"https:\/\/lasentinelle.dz\/#website"},"primaryImageOfPage":{"@id":"https:\/\/lasentinelle.dz\/index.php\/2025\/12\/09\/numerisation-un-nouveau-cadre-juridique-pour-securiser-les-transactions-electroniques\/#primaryimage"},"image":{"@id":"https:\/\/lasentinelle.dz\/index.php\/2025\/12\/09\/numerisation-un-nouveau-cadre-juridique-pour-securiser-les-transactions-electroniques\/#primaryimage"},"thumbnailUrl":"https:\/\/lasentinelle.dz\/wp-content\/uploads\/2025\/12\/zerrouki-apn.jpeg","datePublished":"2025-12-09T12:05:48+00:00","dateModified":"2025-12-09T12:05:49+00:00","breadcrumb":{"@id":"https:\/\/lasentinelle.dz\/index.php\/2025\/12\/09\/numerisation-un-nouveau-cadre-juridique-pour-securiser-les-transactions-electroniques\/#breadcrumb"},"inLanguage":"fr-FR","potentialAction":[{"@type":"ReadAction","target":["https:\/\/lasentinelle.dz\/index.php\/2025\/12\/09\/numerisation-un-nouveau-cadre-juridique-pour-securiser-les-transactions-electroniques\/"]}]},{"@type":"ImageObject","inLanguage":"fr-FR","@id":"https:\/\/lasentinelle.dz\/index.php\/2025\/12\/09\/numerisation-un-nouveau-cadre-juridique-pour-securiser-les-transactions-electroniques\/#primaryimage","url":"https:\/\/lasentinelle.dz\/wp-content\/uploads\/2025\/12\/zerrouki-apn.jpeg","contentUrl":"https:\/\/lasentinelle.dz\/wp-content\/uploads\/2025\/12\/zerrouki-apn.jpeg","width":1349,"height":900},{"@type":"BreadcrumbList","@id":"https:\/\/lasentinelle.dz\/index.php\/2025\/12\/09\/numerisation-un-nouveau-cadre-juridique-pour-securiser-les-transactions-electroniques\/#breadcrumb","itemListElement":[{"@type":"ListItem","position":1,"name":"Accueil","item":"https:\/\/lasentinelle.dz\/"},{"@type":"ListItem","position":2,"name":"Num\u00e9risation\u00a0: Un nouveau cadre juridique pour s\u00e9curiser les transactions \u00e9lectroniques\u00a0"}]},{"@type":"WebSite","@id":"https:\/\/lasentinelle.dz\/#website","url":"https:\/\/lasentinelle.dz\/","name":"La Sentinelle","description":"Quotidien national d&#039;information","publisher":{"@id":"https:\/\/lasentinelle.dz\/#organization"},"potentialAction":[{"@type":"SearchAction","target":{"@type":"EntryPoint","urlTemplate":"https:\/\/lasentinelle.dz\/?s={search_term_string}"},"query-input":{"@type":"PropertyValueSpecification","valueRequired":true,"valueName":"search_term_string"}}],"inLanguage":"fr-FR"},{"@type":"Organization","@id":"https:\/\/lasentinelle.dz\/#organization","name":"Quotidien La Sentinelle","url":"https:\/\/lasentinelle.dz\/","logo":{"@type":"ImageObject","inLanguage":"fr-FR","@id":"https:\/\/lasentinelle.dz\/#\/schema\/logo\/image\/","url":"https:\/\/lasentinelle.dz\/wp-content\/uploads\/2021\/09\/logo-sentinelleSLOGAN-1.png","contentUrl":"https:\/\/lasentinelle.dz\/wp-content\/uploads\/2021\/09\/logo-sentinelleSLOGAN-1.png","width":615,"height":142,"caption":"Quotidien La Sentinelle"},"image":{"@id":"https:\/\/lasentinelle.dz\/#\/schema\/logo\/image\/"},"sameAs":["https:\/\/www.facebook.com\/La-Sentinelle-104059864394773"]},{"@type":"Person","@id":"https:\/\/lasentinelle.dz\/#\/schema\/person\/729ee0024f24e0b8c5ec17232f8e8b41","name":"admin","image":{"@type":"ImageObject","inLanguage":"fr-FR","@id":"https:\/\/secure.gravatar.com\/avatar\/4c81fed838786e9b53f540bf46533e750f5d292099ae3b66cfc6fb1982e29df7?s=96&d=mm&r=g","url":"https:\/\/secure.gravatar.com\/avatar\/4c81fed838786e9b53f540bf46533e750f5d292099ae3b66cfc6fb1982e29df7?s=96&d=mm&r=g","contentUrl":"https:\/\/secure.gravatar.com\/avatar\/4c81fed838786e9b53f540bf46533e750f5d292099ae3b66cfc6fb1982e29df7?s=96&d=mm&r=g","caption":"admin"},"description":"admin","url":"https:\/\/lasentinelle.dz\/author\/admin\/"}]}},"_links":{"self":[{"href":"https:\/\/lasentinelle.dz\/index.php\/wp-json\/wp\/v2\/posts\/77491","targetHints":{"allow":["GET"]}}],"collection":[{"href":"https:\/\/lasentinelle.dz\/index.php\/wp-json\/wp\/v2\/posts"}],"about":[{"href":"https:\/\/lasentinelle.dz\/index.php\/wp-json\/wp\/v2\/types\/post"}],"author":[{"embeddable":true,"href":"https:\/\/lasentinelle.dz\/index.php\/wp-json\/wp\/v2\/users\/6"}],"replies":[{"embeddable":true,"href":"https:\/\/lasentinelle.dz\/index.php\/wp-json\/wp\/v2\/comments?post=77491"}],"version-history":[{"count":1,"href":"https:\/\/lasentinelle.dz\/index.php\/wp-json\/wp\/v2\/posts\/77491\/revisions"}],"predecessor-version":[{"id":77493,"href":"https:\/\/lasentinelle.dz\/index.php\/wp-json\/wp\/v2\/posts\/77491\/revisions\/77493"}],"wp:featuredmedia":[{"embeddable":true,"href":"https:\/\/lasentinelle.dz\/index.php\/wp-json\/wp\/v2\/media\/77492"}],"wp:attachment":[{"href":"https:\/\/lasentinelle.dz\/index.php\/wp-json\/wp\/v2\/media?parent=77491"}],"wp:term":[{"taxonomy":"category","embeddable":true,"href":"https:\/\/lasentinelle.dz\/index.php\/wp-json\/wp\/v2\/categories?post=77491"},{"taxonomy":"post_tag","embeddable":true,"href":"https:\/\/lasentinelle.dz\/index.php\/wp-json\/wp\/v2\/tags?post=77491"}],"curies":[{"name":"wp","href":"https:\/\/api.w.org\/{rel}","templated":true}]}}