{"id":77498,"date":"2025-12-09T13:08:09","date_gmt":"2025-12-09T12:08:09","guid":{"rendered":"https:\/\/lasentinelle.dz\/?p=77498"},"modified":"2025-12-09T13:08:10","modified_gmt":"2025-12-09T12:08:10","slug":"des-medias-nationaux-denoncent-une-campagne-francaise-contre-lalgerie","status":"publish","type":"post","link":"https:\/\/lasentinelle.dz\/index.php\/2025\/12\/09\/des-medias-nationaux-denoncent-une-campagne-francaise-contre-lalgerie\/","title":{"rendered":"Des m\u00e9dias nationaux d\u00e9noncent une campagne fran\u00e7aise contre l&rsquo;Alg\u00e9rie"},"content":{"rendered":"\n<p>Plusieurs titres de la presse nationale ont d\u00e9nonc\u00e9 les campagnes politique et m\u00e9diatique men\u00e9es par certains courants fran\u00e7ais hostiles \u00e0 l&rsquo;Alg\u00e9rie au lendemain de la confirmation par le tribunal de Tizi-Ouzou de la peine de prison contre le journaliste fran\u00e7ais Christophe Gleizes, venu en Alg\u00e9rie d\u00e9guis\u00e9 en touriste pour faire passer une fiction command\u00e9e par une organisation terroriste (MAK). Dans un article intitul\u00e9 : \u00ab\u00a0Quand Paris sombre dans sa propre hypocrisie!\u00a0\u00bb, Le Soir d&rsquo;Alg\u00e9rie \u00e9crit que \u00ab\u00a0la France, dans son costume de donneur de le\u00e7ons, critique une justice alg\u00e9rienne qui, elle, n&rsquo;a jamais arr\u00eat\u00e9 un diplomate fran\u00e7ais en pleine rue sur la base du signalement d&rsquo;un t\u00e9l\u00e9phone portable\u00a0\u00bb, faisant r\u00e9f\u00e9rence \u00e0 la honteuse arrestation d&rsquo;un agent consulaire alg\u00e9rien \u00e0 Paris le 11 avril dernier, dans un total irrespect des r\u00e8gles et us diplomatiques. Le Soir d&rsquo;Alg\u00e9rie, rappelant la condamnation du joueur de l&rsquo;\u00e9quipe nationale de football Youcef Attal \u00e0 six mois de prison avec sursis pour avoir post\u00e9 un commentaire de soutien \u00e0 Ghaza au pire moments des atrocit\u00e9s commises par l&rsquo;occupation sioniste, soutient qu\u00a0\u00bben France, la justice n&rsquo;est qu&rsquo;un outil politique, un instrument de r\u00e9pression et un paravent moral pour une \u00e9lite qui se croit encore maitresse du monde\u00a0\u00bb. Allant plus loin dans son analyse, le quotidien national d\u00e9plore que cette France ne r\u00e9ponde pas aux mandats internationaux envoy\u00e9s par l&rsquo;Alg\u00e9rie. \u00ab\u00a0Quand il s&rsquo;agit de criminels financiers ayant pill\u00e9 les richesses du peuple alg\u00e9rien, la France devient soudain amn\u00e9sique, sourde, aveugle. Les mandats internationaux \u00e9mis par Alger? Ignor\u00e9s. Bloqu\u00e9s. Enterr\u00e9s dans un tiroir\u00a0\u00bb, note Le Soir d&rsquo;Alg\u00e9rie. De son c\u00f4t\u00e9, le quotidien arabophone, El-Khabar d\u00e9nonce le soutien visible de la France au Mouvement terroriste MAK. \u00ab\u00a0La France ouvre grandes ses portes au MAK, organisation terroriste en Alg\u00e9rie, d\u00e9guis\u00e9e en \u00ab\u00a0innocente association, selon la loi (fran\u00e7aise relative aux associations, ndlr) de 1901, rel\u00e8ve ce m\u00e9dia, en indiquant que l&rsquo;affaire du journaliste Gleizes r\u00e9v\u00e8le \u00ab\u00a0la perfidie de la France\u00a0\u00bb. Selon El-Khabar, Christophe Gleizes a \u00e9t\u00e9 \u00ab\u00a0missionn\u00e9, financ\u00e9, pr\u00e9par\u00e9 par cette association (qui est le MAK), ce personnage est venu en Alg\u00e9rie d\u00e9guis\u00e9 en touriste pour faire passer une fiction s\u00e9paratiste pour de l&rsquo;information journalistique. Et quand la justice alg\u00e9rienne agit, Paris crie \u00e0 l&rsquo;injustice, joue la carte de la libert\u00e9 de la presse, comme si l&rsquo;espionnage politique habill\u00e9 en reportage \u00e9tait un droit sacr\u00e9\u00a0\u00bb, d\u00e9nonce le journal. \u00ab\u00a0L&rsquo;Alg\u00e9rie n&rsquo;a de le\u00e7ons \u00e0 recevoir de personne, et certainement pas d&rsquo;un pouvoir fran\u00e7ais en d\u00e9composition morale\u00a0\u00bb, poursuit ces titres, notant que Paris grince des dents parce qu&rsquo;Alg\u00e9rie avance, elle ne plie plus. Le peuple alg\u00e9rien a d\u00e9cid\u00e9 de regarder droit devant lui, sans permission, sans tutelle, sans chaines. Et c&rsquo;est pour cela que la France ne pardonne pas et ne pardonnera jamais.<\/p>\n\n\n\n<p>APS<\/p>\n","protected":false},"excerpt":{"rendered":"<p>Plusieurs titres de la presse nationale ont d\u00e9nonc\u00e9 les campagnes politique et m\u00e9diatique men\u00e9es par certains courants fran\u00e7ais hostiles \u00e0<\/p>\n","protected":false},"author":6,"featured_media":0,"comment_status":"open","ping_status":"closed","sticky":false,"template":"","format":"standard","meta":{"colormag_page_container_layout":"default_layout","colormag_page_sidebar_layout":"default_layout","om_disable_all_campaigns":false,"_monsterinsights_skip_tracking":false,"_monsterinsights_sitenote_active":false,"_monsterinsights_sitenote_note":"","_monsterinsights_sitenote_category":0,"footnotes":"","_wpscppro_dont_share_socialmedia":false,"_wpscppro_custom_social_share_image":0,"_facebook_share_type":"default","_twitter_share_type":"default","_linkedin_share_type":"default","_pinterest_share_type":"default","_linkedin_share_type_page":"","_instagram_share_type":"default","_medium_share_type":"default","_threads_share_type":"default","_google_business_share_type":"default","_selected_social_profile":[],"_wpsp_enable_custom_social_template":false,"_wpsp_social_scheduling":{"enabled":false,"datetime":null,"platforms":[],"status":"template_only","dateOption":"today","timeOption":"now","customDays":"","customHours":"","customDate":"","customTime":"","schedulingType":"absolute"},"_wpsp_active_default_template":true},"categories":[27],"tags":[],"class_list":["post-77498","post","type-post","status-publish","format-standard","hentry","category-actualite"],"aioseo_notices":[],"yoast_head":"<!-- This site is optimized with the Yoast SEO plugin v27.5 - https:\/\/yoast.com\/product\/yoast-seo-wordpress\/ -->\n<title>Des m\u00e9dias nationaux d\u00e9noncent une campagne fran\u00e7aise contre l&rsquo;Alg\u00e9rie - La Sentinelle<\/title>\n<meta name=\"robots\" content=\"index, follow, max-snippet:-1, max-image-preview:large, max-video-preview:-1\" \/>\n<link rel=\"canonical\" href=\"https:\/\/lasentinelle.dz\/index.php\/2025\/12\/09\/des-medias-nationaux-denoncent-une-campagne-francaise-contre-lalgerie\/\" \/>\n<meta property=\"og:locale\" content=\"fr_FR\" \/>\n<meta property=\"og:type\" content=\"article\" \/>\n<meta property=\"og:title\" content=\"Des m\u00e9dias nationaux d\u00e9noncent une campagne fran\u00e7aise contre l&rsquo;Alg\u00e9rie - La Sentinelle\" \/>\n<meta property=\"og:description\" content=\"Plusieurs titres de la presse nationale ont d\u00e9nonc\u00e9 les campagnes politique et m\u00e9diatique men\u00e9es par certains courants fran\u00e7ais hostiles \u00e0\" \/>\n<meta property=\"og:url\" content=\"https:\/\/lasentinelle.dz\/index.php\/2025\/12\/09\/des-medias-nationaux-denoncent-une-campagne-francaise-contre-lalgerie\/\" \/>\n<meta property=\"og:site_name\" content=\"La Sentinelle\" \/>\n<meta property=\"article:publisher\" content=\"https:\/\/www.facebook.com\/La-Sentinelle-104059864394773\" \/>\n<meta property=\"article:published_time\" content=\"2025-12-09T12:08:09+00:00\" \/>\n<meta property=\"article:modified_time\" content=\"2025-12-09T12:08:10+00:00\" \/>\n<meta name=\"author\" content=\"admin\" \/>\n<meta name=\"twitter:card\" content=\"summary_large_image\" \/>\n<meta name=\"twitter:label1\" content=\"\u00c9crit par\" \/>\n\t<meta name=\"twitter:data1\" content=\"admin\" \/>\n\t<meta name=\"twitter:label2\" content=\"Dur\u00e9e de lecture estim\u00e9e\" \/>\n\t<meta name=\"twitter:data2\" content=\"3 minutes\" \/>\n<script type=\"application\/ld+json\" class=\"yoast-schema-graph\">{\"@context\":\"https:\\\/\\\/schema.org\",\"@graph\":[{\"@type\":\"Article\",\"@id\":\"https:\\\/\\\/lasentinelle.dz\\\/index.php\\\/2025\\\/12\\\/09\\\/des-medias-nationaux-denoncent-une-campagne-francaise-contre-lalgerie\\\/#article\",\"isPartOf\":{\"@id\":\"https:\\\/\\\/lasentinelle.dz\\\/index.php\\\/2025\\\/12\\\/09\\\/des-medias-nationaux-denoncent-une-campagne-francaise-contre-lalgerie\\\/\"},\"author\":{\"name\":\"admin\",\"@id\":\"https:\\\/\\\/lasentinelle.dz\\\/#\\\/schema\\\/person\\\/729ee0024f24e0b8c5ec17232f8e8b41\"},\"headline\":\"Des m\u00e9dias nationaux d\u00e9noncent une campagne fran\u00e7aise contre l&rsquo;Alg\u00e9rie\",\"datePublished\":\"2025-12-09T12:08:09+00:00\",\"dateModified\":\"2025-12-09T12:08:10+00:00\",\"mainEntityOfPage\":{\"@id\":\"https:\\\/\\\/lasentinelle.dz\\\/index.php\\\/2025\\\/12\\\/09\\\/des-medias-nationaux-denoncent-une-campagne-francaise-contre-lalgerie\\\/\"},\"wordCount\":534,\"commentCount\":0,\"publisher\":{\"@id\":\"https:\\\/\\\/lasentinelle.dz\\\/#organization\"},\"articleSection\":[\"Actualit\u00e9\"],\"inLanguage\":\"fr-FR\",\"potentialAction\":[{\"@type\":\"CommentAction\",\"name\":\"Comment\",\"target\":[\"https:\\\/\\\/lasentinelle.dz\\\/index.php\\\/2025\\\/12\\\/09\\\/des-medias-nationaux-denoncent-une-campagne-francaise-contre-lalgerie\\\/#respond\"]}]},{\"@type\":\"WebPage\",\"@id\":\"https:\\\/\\\/lasentinelle.dz\\\/index.php\\\/2025\\\/12\\\/09\\\/des-medias-nationaux-denoncent-une-campagne-francaise-contre-lalgerie\\\/\",\"url\":\"https:\\\/\\\/lasentinelle.dz\\\/index.php\\\/2025\\\/12\\\/09\\\/des-medias-nationaux-denoncent-une-campagne-francaise-contre-lalgerie\\\/\",\"name\":\"Des m\u00e9dias nationaux d\u00e9noncent une campagne fran\u00e7aise contre l&rsquo;Alg\u00e9rie - La Sentinelle\",\"isPartOf\":{\"@id\":\"https:\\\/\\\/lasentinelle.dz\\\/#website\"},\"datePublished\":\"2025-12-09T12:08:09+00:00\",\"dateModified\":\"2025-12-09T12:08:10+00:00\",\"breadcrumb\":{\"@id\":\"https:\\\/\\\/lasentinelle.dz\\\/index.php\\\/2025\\\/12\\\/09\\\/des-medias-nationaux-denoncent-une-campagne-francaise-contre-lalgerie\\\/#breadcrumb\"},\"inLanguage\":\"fr-FR\",\"potentialAction\":[{\"@type\":\"ReadAction\",\"target\":[\"https:\\\/\\\/lasentinelle.dz\\\/index.php\\\/2025\\\/12\\\/09\\\/des-medias-nationaux-denoncent-une-campagne-francaise-contre-lalgerie\\\/\"]}]},{\"@type\":\"BreadcrumbList\",\"@id\":\"https:\\\/\\\/lasentinelle.dz\\\/index.php\\\/2025\\\/12\\\/09\\\/des-medias-nationaux-denoncent-une-campagne-francaise-contre-lalgerie\\\/#breadcrumb\",\"itemListElement\":[{\"@type\":\"ListItem\",\"position\":1,\"name\":\"Accueil\",\"item\":\"https:\\\/\\\/lasentinelle.dz\\\/\"},{\"@type\":\"ListItem\",\"position\":2,\"name\":\"Des m\u00e9dias nationaux d\u00e9noncent une campagne fran\u00e7aise contre l&rsquo;Alg\u00e9rie\"}]},{\"@type\":\"WebSite\",\"@id\":\"https:\\\/\\\/lasentinelle.dz\\\/#website\",\"url\":\"https:\\\/\\\/lasentinelle.dz\\\/\",\"name\":\"La Sentinelle\",\"description\":\"Quotidien national d&#039;information\",\"publisher\":{\"@id\":\"https:\\\/\\\/lasentinelle.dz\\\/#organization\"},\"potentialAction\":[{\"@type\":\"SearchAction\",\"target\":{\"@type\":\"EntryPoint\",\"urlTemplate\":\"https:\\\/\\\/lasentinelle.dz\\\/?s={search_term_string}\"},\"query-input\":{\"@type\":\"PropertyValueSpecification\",\"valueRequired\":true,\"valueName\":\"search_term_string\"}}],\"inLanguage\":\"fr-FR\"},{\"@type\":\"Organization\",\"@id\":\"https:\\\/\\\/lasentinelle.dz\\\/#organization\",\"name\":\"Quotidien La Sentinelle\",\"url\":\"https:\\\/\\\/lasentinelle.dz\\\/\",\"logo\":{\"@type\":\"ImageObject\",\"inLanguage\":\"fr-FR\",\"@id\":\"https:\\\/\\\/lasentinelle.dz\\\/#\\\/schema\\\/logo\\\/image\\\/\",\"url\":\"https:\\\/\\\/lasentinelle.dz\\\/wp-content\\\/uploads\\\/2021\\\/09\\\/logo-sentinelleSLOGAN-1.png\",\"contentUrl\":\"https:\\\/\\\/lasentinelle.dz\\\/wp-content\\\/uploads\\\/2021\\\/09\\\/logo-sentinelleSLOGAN-1.png\",\"width\":615,\"height\":142,\"caption\":\"Quotidien La Sentinelle\"},\"image\":{\"@id\":\"https:\\\/\\\/lasentinelle.dz\\\/#\\\/schema\\\/logo\\\/image\\\/\"},\"sameAs\":[\"https:\\\/\\\/www.facebook.com\\\/La-Sentinelle-104059864394773\"]},{\"@type\":\"Person\",\"@id\":\"https:\\\/\\\/lasentinelle.dz\\\/#\\\/schema\\\/person\\\/729ee0024f24e0b8c5ec17232f8e8b41\",\"name\":\"admin\",\"image\":{\"@type\":\"ImageObject\",\"inLanguage\":\"fr-FR\",\"@id\":\"https:\\\/\\\/secure.gravatar.com\\\/avatar\\\/4c81fed838786e9b53f540bf46533e750f5d292099ae3b66cfc6fb1982e29df7?s=96&d=mm&r=g\",\"url\":\"https:\\\/\\\/secure.gravatar.com\\\/avatar\\\/4c81fed838786e9b53f540bf46533e750f5d292099ae3b66cfc6fb1982e29df7?s=96&d=mm&r=g\",\"contentUrl\":\"https:\\\/\\\/secure.gravatar.com\\\/avatar\\\/4c81fed838786e9b53f540bf46533e750f5d292099ae3b66cfc6fb1982e29df7?s=96&d=mm&r=g\",\"caption\":\"admin\"},\"description\":\"admin\",\"url\":\"https:\\\/\\\/lasentinelle.dz\\\/author\\\/admin\\\/\"}]}<\/script>\n<!-- \/ Yoast SEO plugin. -->","yoast_head_json":{"title":"Des m\u00e9dias nationaux d\u00e9noncent une campagne fran\u00e7aise contre l&rsquo;Alg\u00e9rie - La Sentinelle","robots":{"index":"index","follow":"follow","max-snippet":"max-snippet:-1","max-image-preview":"max-image-preview:large","max-video-preview":"max-video-preview:-1"},"canonical":"https:\/\/lasentinelle.dz\/index.php\/2025\/12\/09\/des-medias-nationaux-denoncent-une-campagne-francaise-contre-lalgerie\/","og_locale":"fr_FR","og_type":"article","og_title":"Des m\u00e9dias nationaux d\u00e9noncent une campagne fran\u00e7aise contre l&rsquo;Alg\u00e9rie - La Sentinelle","og_description":"Plusieurs titres de la presse nationale ont d\u00e9nonc\u00e9 les campagnes politique et m\u00e9diatique men\u00e9es par certains courants fran\u00e7ais hostiles \u00e0","og_url":"https:\/\/lasentinelle.dz\/index.php\/2025\/12\/09\/des-medias-nationaux-denoncent-une-campagne-francaise-contre-lalgerie\/","og_site_name":"La Sentinelle","article_publisher":"https:\/\/www.facebook.com\/La-Sentinelle-104059864394773","article_published_time":"2025-12-09T12:08:09+00:00","article_modified_time":"2025-12-09T12:08:10+00:00","author":"admin","twitter_card":"summary_large_image","twitter_misc":{"\u00c9crit par":"admin","Dur\u00e9e de lecture estim\u00e9e":"3 minutes"},"schema":{"@context":"https:\/\/schema.org","@graph":[{"@type":"Article","@id":"https:\/\/lasentinelle.dz\/index.php\/2025\/12\/09\/des-medias-nationaux-denoncent-une-campagne-francaise-contre-lalgerie\/#article","isPartOf":{"@id":"https:\/\/lasentinelle.dz\/index.php\/2025\/12\/09\/des-medias-nationaux-denoncent-une-campagne-francaise-contre-lalgerie\/"},"author":{"name":"admin","@id":"https:\/\/lasentinelle.dz\/#\/schema\/person\/729ee0024f24e0b8c5ec17232f8e8b41"},"headline":"Des m\u00e9dias nationaux d\u00e9noncent une campagne fran\u00e7aise contre l&rsquo;Alg\u00e9rie","datePublished":"2025-12-09T12:08:09+00:00","dateModified":"2025-12-09T12:08:10+00:00","mainEntityOfPage":{"@id":"https:\/\/lasentinelle.dz\/index.php\/2025\/12\/09\/des-medias-nationaux-denoncent-une-campagne-francaise-contre-lalgerie\/"},"wordCount":534,"commentCount":0,"publisher":{"@id":"https:\/\/lasentinelle.dz\/#organization"},"articleSection":["Actualit\u00e9"],"inLanguage":"fr-FR","potentialAction":[{"@type":"CommentAction","name":"Comment","target":["https:\/\/lasentinelle.dz\/index.php\/2025\/12\/09\/des-medias-nationaux-denoncent-une-campagne-francaise-contre-lalgerie\/#respond"]}]},{"@type":"WebPage","@id":"https:\/\/lasentinelle.dz\/index.php\/2025\/12\/09\/des-medias-nationaux-denoncent-une-campagne-francaise-contre-lalgerie\/","url":"https:\/\/lasentinelle.dz\/index.php\/2025\/12\/09\/des-medias-nationaux-denoncent-une-campagne-francaise-contre-lalgerie\/","name":"Des m\u00e9dias nationaux d\u00e9noncent une campagne fran\u00e7aise contre l&rsquo;Alg\u00e9rie - La Sentinelle","isPartOf":{"@id":"https:\/\/lasentinelle.dz\/#website"},"datePublished":"2025-12-09T12:08:09+00:00","dateModified":"2025-12-09T12:08:10+00:00","breadcrumb":{"@id":"https:\/\/lasentinelle.dz\/index.php\/2025\/12\/09\/des-medias-nationaux-denoncent-une-campagne-francaise-contre-lalgerie\/#breadcrumb"},"inLanguage":"fr-FR","potentialAction":[{"@type":"ReadAction","target":["https:\/\/lasentinelle.dz\/index.php\/2025\/12\/09\/des-medias-nationaux-denoncent-une-campagne-francaise-contre-lalgerie\/"]}]},{"@type":"BreadcrumbList","@id":"https:\/\/lasentinelle.dz\/index.php\/2025\/12\/09\/des-medias-nationaux-denoncent-une-campagne-francaise-contre-lalgerie\/#breadcrumb","itemListElement":[{"@type":"ListItem","position":1,"name":"Accueil","item":"https:\/\/lasentinelle.dz\/"},{"@type":"ListItem","position":2,"name":"Des m\u00e9dias nationaux d\u00e9noncent une campagne fran\u00e7aise contre l&rsquo;Alg\u00e9rie"}]},{"@type":"WebSite","@id":"https:\/\/lasentinelle.dz\/#website","url":"https:\/\/lasentinelle.dz\/","name":"La Sentinelle","description":"Quotidien national d&#039;information","publisher":{"@id":"https:\/\/lasentinelle.dz\/#organization"},"potentialAction":[{"@type":"SearchAction","target":{"@type":"EntryPoint","urlTemplate":"https:\/\/lasentinelle.dz\/?s={search_term_string}"},"query-input":{"@type":"PropertyValueSpecification","valueRequired":true,"valueName":"search_term_string"}}],"inLanguage":"fr-FR"},{"@type":"Organization","@id":"https:\/\/lasentinelle.dz\/#organization","name":"Quotidien La Sentinelle","url":"https:\/\/lasentinelle.dz\/","logo":{"@type":"ImageObject","inLanguage":"fr-FR","@id":"https:\/\/lasentinelle.dz\/#\/schema\/logo\/image\/","url":"https:\/\/lasentinelle.dz\/wp-content\/uploads\/2021\/09\/logo-sentinelleSLOGAN-1.png","contentUrl":"https:\/\/lasentinelle.dz\/wp-content\/uploads\/2021\/09\/logo-sentinelleSLOGAN-1.png","width":615,"height":142,"caption":"Quotidien La Sentinelle"},"image":{"@id":"https:\/\/lasentinelle.dz\/#\/schema\/logo\/image\/"},"sameAs":["https:\/\/www.facebook.com\/La-Sentinelle-104059864394773"]},{"@type":"Person","@id":"https:\/\/lasentinelle.dz\/#\/schema\/person\/729ee0024f24e0b8c5ec17232f8e8b41","name":"admin","image":{"@type":"ImageObject","inLanguage":"fr-FR","@id":"https:\/\/secure.gravatar.com\/avatar\/4c81fed838786e9b53f540bf46533e750f5d292099ae3b66cfc6fb1982e29df7?s=96&d=mm&r=g","url":"https:\/\/secure.gravatar.com\/avatar\/4c81fed838786e9b53f540bf46533e750f5d292099ae3b66cfc6fb1982e29df7?s=96&d=mm&r=g","contentUrl":"https:\/\/secure.gravatar.com\/avatar\/4c81fed838786e9b53f540bf46533e750f5d292099ae3b66cfc6fb1982e29df7?s=96&d=mm&r=g","caption":"admin"},"description":"admin","url":"https:\/\/lasentinelle.dz\/author\/admin\/"}]}},"_links":{"self":[{"href":"https:\/\/lasentinelle.dz\/index.php\/wp-json\/wp\/v2\/posts\/77498","targetHints":{"allow":["GET"]}}],"collection":[{"href":"https:\/\/lasentinelle.dz\/index.php\/wp-json\/wp\/v2\/posts"}],"about":[{"href":"https:\/\/lasentinelle.dz\/index.php\/wp-json\/wp\/v2\/types\/post"}],"author":[{"embeddable":true,"href":"https:\/\/lasentinelle.dz\/index.php\/wp-json\/wp\/v2\/users\/6"}],"replies":[{"embeddable":true,"href":"https:\/\/lasentinelle.dz\/index.php\/wp-json\/wp\/v2\/comments?post=77498"}],"version-history":[{"count":2,"href":"https:\/\/lasentinelle.dz\/index.php\/wp-json\/wp\/v2\/posts\/77498\/revisions"}],"predecessor-version":[{"id":77500,"href":"https:\/\/lasentinelle.dz\/index.php\/wp-json\/wp\/v2\/posts\/77498\/revisions\/77500"}],"wp:attachment":[{"href":"https:\/\/lasentinelle.dz\/index.php\/wp-json\/wp\/v2\/media?parent=77498"}],"wp:term":[{"taxonomy":"category","embeddable":true,"href":"https:\/\/lasentinelle.dz\/index.php\/wp-json\/wp\/v2\/categories?post=77498"},{"taxonomy":"post_tag","embeddable":true,"href":"https:\/\/lasentinelle.dz\/index.php\/wp-json\/wp\/v2\/tags?post=77498"}],"curies":[{"name":"wp","href":"https:\/\/api.w.org\/{rel}","templated":true}]}}