{"id":77501,"date":"2025-12-09T13:08:52","date_gmt":"2025-12-09T12:08:52","guid":{"rendered":"https:\/\/lasentinelle.dz\/?p=77501"},"modified":"2025-12-09T13:08:53","modified_gmt":"2025-12-09T12:08:53","slug":"youcef-belmehdi-lalgerie-garantit-constitutionnellement-la-liberte-de-pratique-du-culte","status":"publish","type":"post","link":"https:\/\/lasentinelle.dz\/index.php\/2025\/12\/09\/youcef-belmehdi-lalgerie-garantit-constitutionnellement-la-liberte-de-pratique-du-culte\/","title":{"rendered":"Youcef Belmehdi\u00a0:\u00a0L&rsquo;Alg\u00e9rie garantit constitutionnellement la libert\u00e9 de pratique du culte"},"content":{"rendered":"\n<p>Le ministre des Affaires religieuses et des Wakfs, M. Youcef Belmehdi, a affirm\u00e9 lundi \u00e0 Alger que l&rsquo;Alg\u00e9rie avait instaur\u00e9 des lois claires en mati\u00e8re de garantie de la libert\u00e9 de pratique du culte et la protection de tous les lieux de culte. S&rsquo;exprimant \u00e0 l&rsquo;ouverture de la 4e \u00e9dition de la conf\u00e9rence scientifique \u00ab\u00a0Libert\u00e9 religieuse&#8230; protection et garanties\u00a0\u00bb, intitul\u00e9e \u00ab\u00a0Libert\u00e9 religieuse, acquis constitutionnel et m\u00e9canismes de mise en \u0153uvre\u00a0\u00bb, le ministre a pr\u00e9cis\u00e9 que l&rsquo;Alg\u00e9rie \u00ab\u00a0a instaur\u00e9 une Constitution et des lois claires pour la garantie de la libert\u00e9 de pratique du culte, la protection de tous les lieux de culte et la pr\u00e9servation des droits, sans exclusive, ni distinction\u00a0\u00bb. M. Belmehdi a soulign\u00e9 que l&rsquo;Alg\u00e9rie ne s&rsquo;est pas content\u00e9e de l\u00e9gif\u00e9rer dans ce domaine, mais a aussi proc\u00e9d\u00e9 \u00e0 l&rsquo;application effective de cet engagement, en prot\u00e9geant les lieux de culte et en r\u00e9unissant les conditions de la pratique religieuse dans le cadre du respect des lois de l&rsquo;Etat alg\u00e9rien. Il a rappel\u00e9 \u00e0 ce propos le r\u00f4le de la Commission nationale des cultes pour les non-musulmans qui constitue le cadre officiel garantissant la coordination et la concertation pour prot\u00e9ger la libert\u00e9 religieuse.<\/p>\n\n\n\n<p>Le ministre a inscrit cette d\u00e9marche dans la tradition historique du pays en d\u00e9clarant : \u00ab\u00a0En Alg\u00e9rie, de par notre position dans le monde islamique et \u00e0 travers notre exp\u00e9rience historique profonde dans la coexistence entre les religions et les cultures, nous avons la conviction que le dialogue est la seule voie pour b\u00e2tir un monde o\u00f9 r\u00e8gnent la s\u00e9curit\u00e9 et la stabilit\u00e9 et que les valeurs humaines communes sont capables de d\u00e9molir les murs de la haine et de construire les passerelles de l&rsquo;entente et de l&rsquo;amour entre les \u00eatres humains\u00a0\u00bb. Il a affirm\u00e9 que \u00ab\u00a0l&rsquo;Alg\u00e9rie n&rsquo;a pas d\u00e9vi\u00e9 de ce principe, car elle \u00e9tait, \u00e0 travers son histoire, la terre des libert\u00e9s, de la diversit\u00e9 culturelle et religieuse et le carrefour des civilisations, des cultures et des croyances, avec ses positions \u00e9ternelles inscrites dans l&rsquo;histoire\u00a0\u00bb. M. Belmehdi a \u00e9galement \u00e9voqu\u00e9 la visite importante effectu\u00e9e par le pr\u00e9sident de la R\u00e9publique, M. Abdelmadjid Tebboune, \u00e0 l&rsquo;Etat de la Cit\u00e9 du Vatican et l&rsquo;accueil que lui a r\u00e9serv\u00e9 sa saintet\u00e9 le pape du Vatican L\u00e9on XIV, illustrant ainsi \u00ab\u00a0le principe de la libert\u00e9 religieuse dans son image la plus noble, et d\u00e9montrant que l&rsquo;Alg\u00e9rie n&rsquo;est pas un pays qui pr\u00f4ne les valeurs uniquement sur le plan th\u00e9orique, mais les applique dans ses relations diplomatiques et sa vision internationale\u00a0\u00bb. Le ministre a affirm\u00e9 que son secteur \u0153uvre, conform\u00e9ment aux orientations du pr\u00e9sident de la R\u00e9publique, \u00e0 \u00ab\u00a0l&rsquo;ancrage de cette approche humaine raffin\u00e9e et \u00e0 la diffusion des valeurs de paix, de tol\u00e9rance, de concorde entre les citoyens musulmans et non musulmans, et de respect de l&rsquo;autre, afin de renforcer la conscience religieuse mod\u00e9r\u00e9e, rejetant l&rsquo;extr\u00e9misme, la violence et la criminalit\u00e9, et pour que notre pays demeure un mod\u00e8le de coexistence et de s\u00e9curit\u00e9 spirituelle\u00a0\u00bb.<\/p>\n\n\n\n<p>De son c\u00f4t\u00e9, l&rsquo;archev\u00eaque d&rsquo;Alger, le cardinal Jean-Paul Vesco, a soulign\u00e9 le respect par l&rsquo;Alg\u00e9rie du principe de la libert\u00e9 de pratique du culte et des croyances, affirmant : \u00ab\u00a0Nous percevons et vivons ce respect quotidiennement\u00a0\u00bb. Cette conf\u00e9rence, \u00e0 laquelle ont pris part des ambassadeurs et des repr\u00e9sentants de missions diplomatiques accr\u00e9dit\u00e9es en Alg\u00e9rie, a \u00e9t\u00e9 ponctu\u00e9e par l&rsquo;organisation de deux s\u00e9ances scientifiques portant sur \u00ab\u00a0la libert\u00e9 religieuse dans la Constitution et le r\u00e9f\u00e9rent national\u00a0\u00bb et \u00ab\u00a0les m\u00e9canismes de mise en \u0153uvre de la libert\u00e9 religieuse dans la r\u00e9alit\u00e9 socio-institutionnelle\u00a0\u00bb.<\/p>\n\n\n\n<p>Salim Amokrane<\/p>\n","protected":false},"excerpt":{"rendered":"<p>Le ministre des Affaires religieuses et des Wakfs, M. Youcef Belmehdi, a affirm\u00e9 lundi \u00e0 Alger que l&rsquo;Alg\u00e9rie avait instaur\u00e9<\/p>\n","protected":false},"author":6,"featured_media":22221,"comment_status":"open","ping_status":"closed","sticky":false,"template":"","format":"standard","meta":{"colormag_page_container_layout":"default_layout","colormag_page_sidebar_layout":"default_layout","om_disable_all_campaigns":false,"_monsterinsights_skip_tracking":false,"_monsterinsights_sitenote_active":false,"_monsterinsights_sitenote_note":"","_monsterinsights_sitenote_category":0,"footnotes":"","_wpscppro_dont_share_socialmedia":false,"_wpscppro_custom_social_share_image":0,"_facebook_share_type":"default","_twitter_share_type":"default","_linkedin_share_type":"default","_pinterest_share_type":"default","_linkedin_share_type_page":"","_instagram_share_type":"default","_medium_share_type":"default","_threads_share_type":"default","_google_business_share_type":"default","_selected_social_profile":[],"_wpsp_enable_custom_social_template":false,"_wpsp_social_scheduling":{"enabled":false,"datetime":null,"platforms":[],"status":"template_only","dateOption":"today","timeOption":"now","customDays":"","customHours":"","customDate":"","customTime":"","schedulingType":"absolute"},"_wpsp_active_default_template":true},"categories":[27],"tags":[],"class_list":["post-77501","post","type-post","status-publish","format-standard","has-post-thumbnail","hentry","category-actualite"],"aioseo_notices":[],"yoast_head":"<!-- This site is optimized with the Yoast SEO plugin v27.5 - https:\/\/yoast.com\/product\/yoast-seo-wordpress\/ -->\n<title>Youcef Belmehdi\u00a0:\u00a0L&rsquo;Alg\u00e9rie garantit constitutionnellement la libert\u00e9 de pratique du culte - La Sentinelle<\/title>\n<meta name=\"robots\" content=\"index, follow, max-snippet:-1, max-image-preview:large, max-video-preview:-1\" \/>\n<link rel=\"canonical\" href=\"https:\/\/lasentinelle.dz\/index.php\/2025\/12\/09\/youcef-belmehdi-lalgerie-garantit-constitutionnellement-la-liberte-de-pratique-du-culte\/\" \/>\n<meta property=\"og:locale\" content=\"fr_FR\" \/>\n<meta property=\"og:type\" content=\"article\" \/>\n<meta property=\"og:title\" content=\"Youcef Belmehdi\u00a0:\u00a0L&rsquo;Alg\u00e9rie garantit constitutionnellement la libert\u00e9 de pratique du culte - La Sentinelle\" \/>\n<meta property=\"og:description\" content=\"Le ministre des Affaires religieuses et des Wakfs, M. Youcef Belmehdi, a affirm\u00e9 lundi \u00e0 Alger que l&rsquo;Alg\u00e9rie avait instaur\u00e9\" \/>\n<meta property=\"og:url\" content=\"https:\/\/lasentinelle.dz\/index.php\/2025\/12\/09\/youcef-belmehdi-lalgerie-garantit-constitutionnellement-la-liberte-de-pratique-du-culte\/\" \/>\n<meta property=\"og:site_name\" content=\"La Sentinelle\" \/>\n<meta property=\"article:publisher\" content=\"https:\/\/www.facebook.com\/La-Sentinelle-104059864394773\" \/>\n<meta property=\"article:published_time\" content=\"2025-12-09T12:08:52+00:00\" \/>\n<meta property=\"article:modified_time\" content=\"2025-12-09T12:08:53+00:00\" \/>\n<meta property=\"og:image\" content=\"https:\/\/lasentinelle.dz\/wp-content\/uploads\/2022\/06\/Youcef-Belmehdi.png\" \/>\n\t<meta property=\"og:image:width\" content=\"1350\" \/>\n\t<meta property=\"og:image:height\" content=\"900\" \/>\n\t<meta property=\"og:image:type\" content=\"image\/png\" \/>\n<meta name=\"author\" content=\"admin\" \/>\n<meta name=\"twitter:card\" content=\"summary_large_image\" \/>\n<meta name=\"twitter:label1\" content=\"\u00c9crit par\" \/>\n\t<meta name=\"twitter:data1\" content=\"admin\" \/>\n\t<meta name=\"twitter:label2\" content=\"Dur\u00e9e de lecture estim\u00e9e\" \/>\n\t<meta name=\"twitter:data2\" content=\"4 minutes\" \/>\n<script type=\"application\/ld+json\" class=\"yoast-schema-graph\">{\"@context\":\"https:\\\/\\\/schema.org\",\"@graph\":[{\"@type\":\"Article\",\"@id\":\"https:\\\/\\\/lasentinelle.dz\\\/index.php\\\/2025\\\/12\\\/09\\\/youcef-belmehdi-lalgerie-garantit-constitutionnellement-la-liberte-de-pratique-du-culte\\\/#article\",\"isPartOf\":{\"@id\":\"https:\\\/\\\/lasentinelle.dz\\\/index.php\\\/2025\\\/12\\\/09\\\/youcef-belmehdi-lalgerie-garantit-constitutionnellement-la-liberte-de-pratique-du-culte\\\/\"},\"author\":{\"name\":\"admin\",\"@id\":\"https:\\\/\\\/lasentinelle.dz\\\/#\\\/schema\\\/person\\\/729ee0024f24e0b8c5ec17232f8e8b41\"},\"headline\":\"Youcef Belmehdi\u00a0:\u00a0L&rsquo;Alg\u00e9rie garantit constitutionnellement la libert\u00e9 de pratique du culte\",\"datePublished\":\"2025-12-09T12:08:52+00:00\",\"dateModified\":\"2025-12-09T12:08:53+00:00\",\"mainEntityOfPage\":{\"@id\":\"https:\\\/\\\/lasentinelle.dz\\\/index.php\\\/2025\\\/12\\\/09\\\/youcef-belmehdi-lalgerie-garantit-constitutionnellement-la-liberte-de-pratique-du-culte\\\/\"},\"wordCount\":667,\"commentCount\":0,\"publisher\":{\"@id\":\"https:\\\/\\\/lasentinelle.dz\\\/#organization\"},\"image\":{\"@id\":\"https:\\\/\\\/lasentinelle.dz\\\/index.php\\\/2025\\\/12\\\/09\\\/youcef-belmehdi-lalgerie-garantit-constitutionnellement-la-liberte-de-pratique-du-culte\\\/#primaryimage\"},\"thumbnailUrl\":\"https:\\\/\\\/lasentinelle.dz\\\/wp-content\\\/uploads\\\/2022\\\/06\\\/Youcef-Belmehdi.png\",\"articleSection\":[\"Actualit\u00e9\"],\"inLanguage\":\"fr-FR\",\"potentialAction\":[{\"@type\":\"CommentAction\",\"name\":\"Comment\",\"target\":[\"https:\\\/\\\/lasentinelle.dz\\\/index.php\\\/2025\\\/12\\\/09\\\/youcef-belmehdi-lalgerie-garantit-constitutionnellement-la-liberte-de-pratique-du-culte\\\/#respond\"]}]},{\"@type\":\"WebPage\",\"@id\":\"https:\\\/\\\/lasentinelle.dz\\\/index.php\\\/2025\\\/12\\\/09\\\/youcef-belmehdi-lalgerie-garantit-constitutionnellement-la-liberte-de-pratique-du-culte\\\/\",\"url\":\"https:\\\/\\\/lasentinelle.dz\\\/index.php\\\/2025\\\/12\\\/09\\\/youcef-belmehdi-lalgerie-garantit-constitutionnellement-la-liberte-de-pratique-du-culte\\\/\",\"name\":\"Youcef Belmehdi\u00a0:\u00a0L&rsquo;Alg\u00e9rie garantit constitutionnellement la libert\u00e9 de pratique du culte - La Sentinelle\",\"isPartOf\":{\"@id\":\"https:\\\/\\\/lasentinelle.dz\\\/#website\"},\"primaryImageOfPage\":{\"@id\":\"https:\\\/\\\/lasentinelle.dz\\\/index.php\\\/2025\\\/12\\\/09\\\/youcef-belmehdi-lalgerie-garantit-constitutionnellement-la-liberte-de-pratique-du-culte\\\/#primaryimage\"},\"image\":{\"@id\":\"https:\\\/\\\/lasentinelle.dz\\\/index.php\\\/2025\\\/12\\\/09\\\/youcef-belmehdi-lalgerie-garantit-constitutionnellement-la-liberte-de-pratique-du-culte\\\/#primaryimage\"},\"thumbnailUrl\":\"https:\\\/\\\/lasentinelle.dz\\\/wp-content\\\/uploads\\\/2022\\\/06\\\/Youcef-Belmehdi.png\",\"datePublished\":\"2025-12-09T12:08:52+00:00\",\"dateModified\":\"2025-12-09T12:08:53+00:00\",\"breadcrumb\":{\"@id\":\"https:\\\/\\\/lasentinelle.dz\\\/index.php\\\/2025\\\/12\\\/09\\\/youcef-belmehdi-lalgerie-garantit-constitutionnellement-la-liberte-de-pratique-du-culte\\\/#breadcrumb\"},\"inLanguage\":\"fr-FR\",\"potentialAction\":[{\"@type\":\"ReadAction\",\"target\":[\"https:\\\/\\\/lasentinelle.dz\\\/index.php\\\/2025\\\/12\\\/09\\\/youcef-belmehdi-lalgerie-garantit-constitutionnellement-la-liberte-de-pratique-du-culte\\\/\"]}]},{\"@type\":\"ImageObject\",\"inLanguage\":\"fr-FR\",\"@id\":\"https:\\\/\\\/lasentinelle.dz\\\/index.php\\\/2025\\\/12\\\/09\\\/youcef-belmehdi-lalgerie-garantit-constitutionnellement-la-liberte-de-pratique-du-culte\\\/#primaryimage\",\"url\":\"https:\\\/\\\/lasentinelle.dz\\\/wp-content\\\/uploads\\\/2022\\\/06\\\/Youcef-Belmehdi.png\",\"contentUrl\":\"https:\\\/\\\/lasentinelle.dz\\\/wp-content\\\/uploads\\\/2022\\\/06\\\/Youcef-Belmehdi.png\",\"width\":1350,\"height\":900},{\"@type\":\"BreadcrumbList\",\"@id\":\"https:\\\/\\\/lasentinelle.dz\\\/index.php\\\/2025\\\/12\\\/09\\\/youcef-belmehdi-lalgerie-garantit-constitutionnellement-la-liberte-de-pratique-du-culte\\\/#breadcrumb\",\"itemListElement\":[{\"@type\":\"ListItem\",\"position\":1,\"name\":\"Accueil\",\"item\":\"https:\\\/\\\/lasentinelle.dz\\\/\"},{\"@type\":\"ListItem\",\"position\":2,\"name\":\"Youcef Belmehdi\u00a0:\u00a0L&rsquo;Alg\u00e9rie garantit constitutionnellement la libert\u00e9 de pratique du culte\"}]},{\"@type\":\"WebSite\",\"@id\":\"https:\\\/\\\/lasentinelle.dz\\\/#website\",\"url\":\"https:\\\/\\\/lasentinelle.dz\\\/\",\"name\":\"La Sentinelle\",\"description\":\"Quotidien national d&#039;information\",\"publisher\":{\"@id\":\"https:\\\/\\\/lasentinelle.dz\\\/#organization\"},\"potentialAction\":[{\"@type\":\"SearchAction\",\"target\":{\"@type\":\"EntryPoint\",\"urlTemplate\":\"https:\\\/\\\/lasentinelle.dz\\\/?s={search_term_string}\"},\"query-input\":{\"@type\":\"PropertyValueSpecification\",\"valueRequired\":true,\"valueName\":\"search_term_string\"}}],\"inLanguage\":\"fr-FR\"},{\"@type\":\"Organization\",\"@id\":\"https:\\\/\\\/lasentinelle.dz\\\/#organization\",\"name\":\"Quotidien La Sentinelle\",\"url\":\"https:\\\/\\\/lasentinelle.dz\\\/\",\"logo\":{\"@type\":\"ImageObject\",\"inLanguage\":\"fr-FR\",\"@id\":\"https:\\\/\\\/lasentinelle.dz\\\/#\\\/schema\\\/logo\\\/image\\\/\",\"url\":\"https:\\\/\\\/lasentinelle.dz\\\/wp-content\\\/uploads\\\/2021\\\/09\\\/logo-sentinelleSLOGAN-1.png\",\"contentUrl\":\"https:\\\/\\\/lasentinelle.dz\\\/wp-content\\\/uploads\\\/2021\\\/09\\\/logo-sentinelleSLOGAN-1.png\",\"width\":615,\"height\":142,\"caption\":\"Quotidien La Sentinelle\"},\"image\":{\"@id\":\"https:\\\/\\\/lasentinelle.dz\\\/#\\\/schema\\\/logo\\\/image\\\/\"},\"sameAs\":[\"https:\\\/\\\/www.facebook.com\\\/La-Sentinelle-104059864394773\"]},{\"@type\":\"Person\",\"@id\":\"https:\\\/\\\/lasentinelle.dz\\\/#\\\/schema\\\/person\\\/729ee0024f24e0b8c5ec17232f8e8b41\",\"name\":\"admin\",\"image\":{\"@type\":\"ImageObject\",\"inLanguage\":\"fr-FR\",\"@id\":\"https:\\\/\\\/secure.gravatar.com\\\/avatar\\\/4c81fed838786e9b53f540bf46533e750f5d292099ae3b66cfc6fb1982e29df7?s=96&d=mm&r=g\",\"url\":\"https:\\\/\\\/secure.gravatar.com\\\/avatar\\\/4c81fed838786e9b53f540bf46533e750f5d292099ae3b66cfc6fb1982e29df7?s=96&d=mm&r=g\",\"contentUrl\":\"https:\\\/\\\/secure.gravatar.com\\\/avatar\\\/4c81fed838786e9b53f540bf46533e750f5d292099ae3b66cfc6fb1982e29df7?s=96&d=mm&r=g\",\"caption\":\"admin\"},\"description\":\"admin\",\"url\":\"https:\\\/\\\/lasentinelle.dz\\\/author\\\/admin\\\/\"}]}<\/script>\n<!-- \/ Yoast SEO plugin. -->","yoast_head_json":{"title":"Youcef Belmehdi\u00a0:\u00a0L&rsquo;Alg\u00e9rie garantit constitutionnellement la libert\u00e9 de pratique du culte - La Sentinelle","robots":{"index":"index","follow":"follow","max-snippet":"max-snippet:-1","max-image-preview":"max-image-preview:large","max-video-preview":"max-video-preview:-1"},"canonical":"https:\/\/lasentinelle.dz\/index.php\/2025\/12\/09\/youcef-belmehdi-lalgerie-garantit-constitutionnellement-la-liberte-de-pratique-du-culte\/","og_locale":"fr_FR","og_type":"article","og_title":"Youcef Belmehdi\u00a0:\u00a0L&rsquo;Alg\u00e9rie garantit constitutionnellement la libert\u00e9 de pratique du culte - La Sentinelle","og_description":"Le ministre des Affaires religieuses et des Wakfs, M. Youcef Belmehdi, a affirm\u00e9 lundi \u00e0 Alger que l&rsquo;Alg\u00e9rie avait instaur\u00e9","og_url":"https:\/\/lasentinelle.dz\/index.php\/2025\/12\/09\/youcef-belmehdi-lalgerie-garantit-constitutionnellement-la-liberte-de-pratique-du-culte\/","og_site_name":"La Sentinelle","article_publisher":"https:\/\/www.facebook.com\/La-Sentinelle-104059864394773","article_published_time":"2025-12-09T12:08:52+00:00","article_modified_time":"2025-12-09T12:08:53+00:00","og_image":[{"width":1350,"height":900,"url":"https:\/\/lasentinelle.dz\/wp-content\/uploads\/2022\/06\/Youcef-Belmehdi.png","type":"image\/png"}],"author":"admin","twitter_card":"summary_large_image","twitter_misc":{"\u00c9crit par":"admin","Dur\u00e9e de lecture estim\u00e9e":"4 minutes"},"schema":{"@context":"https:\/\/schema.org","@graph":[{"@type":"Article","@id":"https:\/\/lasentinelle.dz\/index.php\/2025\/12\/09\/youcef-belmehdi-lalgerie-garantit-constitutionnellement-la-liberte-de-pratique-du-culte\/#article","isPartOf":{"@id":"https:\/\/lasentinelle.dz\/index.php\/2025\/12\/09\/youcef-belmehdi-lalgerie-garantit-constitutionnellement-la-liberte-de-pratique-du-culte\/"},"author":{"name":"admin","@id":"https:\/\/lasentinelle.dz\/#\/schema\/person\/729ee0024f24e0b8c5ec17232f8e8b41"},"headline":"Youcef Belmehdi\u00a0:\u00a0L&rsquo;Alg\u00e9rie garantit constitutionnellement la libert\u00e9 de pratique du culte","datePublished":"2025-12-09T12:08:52+00:00","dateModified":"2025-12-09T12:08:53+00:00","mainEntityOfPage":{"@id":"https:\/\/lasentinelle.dz\/index.php\/2025\/12\/09\/youcef-belmehdi-lalgerie-garantit-constitutionnellement-la-liberte-de-pratique-du-culte\/"},"wordCount":667,"commentCount":0,"publisher":{"@id":"https:\/\/lasentinelle.dz\/#organization"},"image":{"@id":"https:\/\/lasentinelle.dz\/index.php\/2025\/12\/09\/youcef-belmehdi-lalgerie-garantit-constitutionnellement-la-liberte-de-pratique-du-culte\/#primaryimage"},"thumbnailUrl":"https:\/\/lasentinelle.dz\/wp-content\/uploads\/2022\/06\/Youcef-Belmehdi.png","articleSection":["Actualit\u00e9"],"inLanguage":"fr-FR","potentialAction":[{"@type":"CommentAction","name":"Comment","target":["https:\/\/lasentinelle.dz\/index.php\/2025\/12\/09\/youcef-belmehdi-lalgerie-garantit-constitutionnellement-la-liberte-de-pratique-du-culte\/#respond"]}]},{"@type":"WebPage","@id":"https:\/\/lasentinelle.dz\/index.php\/2025\/12\/09\/youcef-belmehdi-lalgerie-garantit-constitutionnellement-la-liberte-de-pratique-du-culte\/","url":"https:\/\/lasentinelle.dz\/index.php\/2025\/12\/09\/youcef-belmehdi-lalgerie-garantit-constitutionnellement-la-liberte-de-pratique-du-culte\/","name":"Youcef Belmehdi\u00a0:\u00a0L&rsquo;Alg\u00e9rie garantit constitutionnellement la libert\u00e9 de pratique du culte - La Sentinelle","isPartOf":{"@id":"https:\/\/lasentinelle.dz\/#website"},"primaryImageOfPage":{"@id":"https:\/\/lasentinelle.dz\/index.php\/2025\/12\/09\/youcef-belmehdi-lalgerie-garantit-constitutionnellement-la-liberte-de-pratique-du-culte\/#primaryimage"},"image":{"@id":"https:\/\/lasentinelle.dz\/index.php\/2025\/12\/09\/youcef-belmehdi-lalgerie-garantit-constitutionnellement-la-liberte-de-pratique-du-culte\/#primaryimage"},"thumbnailUrl":"https:\/\/lasentinelle.dz\/wp-content\/uploads\/2022\/06\/Youcef-Belmehdi.png","datePublished":"2025-12-09T12:08:52+00:00","dateModified":"2025-12-09T12:08:53+00:00","breadcrumb":{"@id":"https:\/\/lasentinelle.dz\/index.php\/2025\/12\/09\/youcef-belmehdi-lalgerie-garantit-constitutionnellement-la-liberte-de-pratique-du-culte\/#breadcrumb"},"inLanguage":"fr-FR","potentialAction":[{"@type":"ReadAction","target":["https:\/\/lasentinelle.dz\/index.php\/2025\/12\/09\/youcef-belmehdi-lalgerie-garantit-constitutionnellement-la-liberte-de-pratique-du-culte\/"]}]},{"@type":"ImageObject","inLanguage":"fr-FR","@id":"https:\/\/lasentinelle.dz\/index.php\/2025\/12\/09\/youcef-belmehdi-lalgerie-garantit-constitutionnellement-la-liberte-de-pratique-du-culte\/#primaryimage","url":"https:\/\/lasentinelle.dz\/wp-content\/uploads\/2022\/06\/Youcef-Belmehdi.png","contentUrl":"https:\/\/lasentinelle.dz\/wp-content\/uploads\/2022\/06\/Youcef-Belmehdi.png","width":1350,"height":900},{"@type":"BreadcrumbList","@id":"https:\/\/lasentinelle.dz\/index.php\/2025\/12\/09\/youcef-belmehdi-lalgerie-garantit-constitutionnellement-la-liberte-de-pratique-du-culte\/#breadcrumb","itemListElement":[{"@type":"ListItem","position":1,"name":"Accueil","item":"https:\/\/lasentinelle.dz\/"},{"@type":"ListItem","position":2,"name":"Youcef Belmehdi\u00a0:\u00a0L&rsquo;Alg\u00e9rie garantit constitutionnellement la libert\u00e9 de pratique du culte"}]},{"@type":"WebSite","@id":"https:\/\/lasentinelle.dz\/#website","url":"https:\/\/lasentinelle.dz\/","name":"La Sentinelle","description":"Quotidien national d&#039;information","publisher":{"@id":"https:\/\/lasentinelle.dz\/#organization"},"potentialAction":[{"@type":"SearchAction","target":{"@type":"EntryPoint","urlTemplate":"https:\/\/lasentinelle.dz\/?s={search_term_string}"},"query-input":{"@type":"PropertyValueSpecification","valueRequired":true,"valueName":"search_term_string"}}],"inLanguage":"fr-FR"},{"@type":"Organization","@id":"https:\/\/lasentinelle.dz\/#organization","name":"Quotidien La Sentinelle","url":"https:\/\/lasentinelle.dz\/","logo":{"@type":"ImageObject","inLanguage":"fr-FR","@id":"https:\/\/lasentinelle.dz\/#\/schema\/logo\/image\/","url":"https:\/\/lasentinelle.dz\/wp-content\/uploads\/2021\/09\/logo-sentinelleSLOGAN-1.png","contentUrl":"https:\/\/lasentinelle.dz\/wp-content\/uploads\/2021\/09\/logo-sentinelleSLOGAN-1.png","width":615,"height":142,"caption":"Quotidien La Sentinelle"},"image":{"@id":"https:\/\/lasentinelle.dz\/#\/schema\/logo\/image\/"},"sameAs":["https:\/\/www.facebook.com\/La-Sentinelle-104059864394773"]},{"@type":"Person","@id":"https:\/\/lasentinelle.dz\/#\/schema\/person\/729ee0024f24e0b8c5ec17232f8e8b41","name":"admin","image":{"@type":"ImageObject","inLanguage":"fr-FR","@id":"https:\/\/secure.gravatar.com\/avatar\/4c81fed838786e9b53f540bf46533e750f5d292099ae3b66cfc6fb1982e29df7?s=96&d=mm&r=g","url":"https:\/\/secure.gravatar.com\/avatar\/4c81fed838786e9b53f540bf46533e750f5d292099ae3b66cfc6fb1982e29df7?s=96&d=mm&r=g","contentUrl":"https:\/\/secure.gravatar.com\/avatar\/4c81fed838786e9b53f540bf46533e750f5d292099ae3b66cfc6fb1982e29df7?s=96&d=mm&r=g","caption":"admin"},"description":"admin","url":"https:\/\/lasentinelle.dz\/author\/admin\/"}]}},"_links":{"self":[{"href":"https:\/\/lasentinelle.dz\/index.php\/wp-json\/wp\/v2\/posts\/77501","targetHints":{"allow":["GET"]}}],"collection":[{"href":"https:\/\/lasentinelle.dz\/index.php\/wp-json\/wp\/v2\/posts"}],"about":[{"href":"https:\/\/lasentinelle.dz\/index.php\/wp-json\/wp\/v2\/types\/post"}],"author":[{"embeddable":true,"href":"https:\/\/lasentinelle.dz\/index.php\/wp-json\/wp\/v2\/users\/6"}],"replies":[{"embeddable":true,"href":"https:\/\/lasentinelle.dz\/index.php\/wp-json\/wp\/v2\/comments?post=77501"}],"version-history":[{"count":2,"href":"https:\/\/lasentinelle.dz\/index.php\/wp-json\/wp\/v2\/posts\/77501\/revisions"}],"predecessor-version":[{"id":77503,"href":"https:\/\/lasentinelle.dz\/index.php\/wp-json\/wp\/v2\/posts\/77501\/revisions\/77503"}],"wp:featuredmedia":[{"embeddable":true,"href":"https:\/\/lasentinelle.dz\/index.php\/wp-json\/wp\/v2\/media\/22221"}],"wp:attachment":[{"href":"https:\/\/lasentinelle.dz\/index.php\/wp-json\/wp\/v2\/media?parent=77501"}],"wp:term":[{"taxonomy":"category","embeddable":true,"href":"https:\/\/lasentinelle.dz\/index.php\/wp-json\/wp\/v2\/categories?post=77501"},{"taxonomy":"post_tag","embeddable":true,"href":"https:\/\/lasentinelle.dz\/index.php\/wp-json\/wp\/v2\/tags?post=77501"}],"curies":[{"name":"wp","href":"https:\/\/api.w.org\/{rel}","templated":true}]}}