{"id":77504,"date":"2025-12-09T13:10:16","date_gmt":"2025-12-09T12:10:16","guid":{"rendered":"https:\/\/lasentinelle.dz\/?p=77504"},"modified":"2025-12-09T13:10:17","modified_gmt":"2025-12-09T12:10:17","slug":"el-djeich-appelle-a-lunite-parachever-le-renouveau-national","status":"publish","type":"post","link":"https:\/\/lasentinelle.dz\/index.php\/2025\/12\/09\/el-djeich-appelle-a-lunite-parachever-le-renouveau-national\/","title":{"rendered":"El Dje\u00efch appelle \u00e0 l&rsquo;unit\u00e9\u00a0: Parachever le renouveau national"},"content":{"rendered":"\n<p>La revue de l&rsquo;Arm\u00e9e nationale populaire souligne les r\u00e9alisations \u00e9conomiques et strat\u00e9giques de l&rsquo;Alg\u00e9rie en 2025 et met en garde contre toute tentative de falsification de l&rsquo;Histoire nationale.<\/p>\n\n\n\n<p>Le parach\u00e8vement du projet de renouveau de la nouvelle Alg\u00e9rie victorieuse requiert de tous l&rsquo;int\u00e9gration des efforts et le resserrement des rangs pour renforcer la puissance et l&rsquo;immunit\u00e9 d&rsquo;une Alg\u00e9rie toujours libre, prosp\u00e8re, s\u00fbre et souveraine, a soulign\u00e9 la revue El Dje\u00efch dans son dernier num\u00e9ro. Dans son \u00e9ditorial intitul\u00e9 \u00ab\u00a0Parach\u00e8vement du projet de renouveau national : une responsabilit\u00e9 de tous\u00a0\u00bb, la publication rel\u00e8ve que quelques jours seulement s\u00e9parent le pays d&rsquo;une fin d&rsquo;ann\u00e9e 2025 marqu\u00e9e par la r\u00e9alisation de grands et importants projets. La revue souligne que les \u00e9tapes franchies sur la voie du parach\u00e8vement du projet de renouveau national traduisent la nouvelle ambition \u00e9conomique de l&rsquo;Alg\u00e9rie qui se veut diversifi\u00e9e, la cr\u00e9ation de facteurs de richesse et la diversification des sources de revenus hors hydrocarbures. Les efforts acharn\u00e9s d\u00e9ploy\u00e9s ces derni\u00e8res ann\u00e9es ont port\u00e9 leurs fruits dans plusieurs secteurs vitaux et strat\u00e9giques, \u00e0 l&rsquo;exemple de l&rsquo;industrie, de l&rsquo;agriculture, des infrastructures et divers programmes sociaux au profit du citoyen, comme l&rsquo;a soulign\u00e9 le pr\u00e9sident de la R\u00e9publique, M. Abdelmadjid Tebboune, Chef supr\u00eame des Forces arm\u00e9es, ministre de la D\u00e9fense nationale, lors de sa r\u00e9cente visite dans la wilaya de Constantine.<\/p>\n\n\n\n<p><strong>Des projets strat\u00e9giques d&rsquo;envergure<\/strong><\/p>\n\n\n\n<p>Dans ce parcours ambitieux, l&rsquo;Alg\u00e9rie parie sur plusieurs secteurs, \u00e0 leur t\u00eate l&rsquo;\u00e9nergie et les mines, gr\u00e2ce \u00e0 un programme prometteur d&rsquo;investissement dans les industries mini\u00e8res. El Dje\u00efch note que le pays est \u00ab\u00a0\u00e0 l&rsquo;or\u00e9e d&rsquo;une nouvelle phase \u00e9conomique gr\u00e2ce \u00e0 d&rsquo;importants projets strat\u00e9giques\u00a0\u00bb qui entreront bient\u00f4t en production, parmi lesquels le projet de Gara Djebilet pour la production de fer et le projet de Blad Al Hadba \u00e0 T\u00e9bessa pour la production de phosphate. Ces deux projets \u00ab\u00a0constituent un apport fondamental au renforcement de l&rsquo;\u00e9conomie nationale\u00a0\u00bb dans le cadre d&rsquo;une vision globale visant \u00e0 optimiser l&rsquo;exploitation des ressources naturelles, ce qui fera de l&rsquo;Alg\u00e9rie un acteur cl\u00e9 sur les march\u00e9s internationaux de ces mati\u00e8res \u00e0 demande croissante. La publication cite \u00e9galement la ligne ferroviaire mini\u00e8re B\u00e9char-Tindouf, dont la r\u00e9alisation n&rsquo;a pris qu&rsquo;une ann\u00e9e et demie et qui entrera en service dans les prochains jours, ainsi que les complexes de dessalement de l&rsquo;eau de mer qui desservent plusieurs wilayas en eau potable, qualifiant cela d'\u00a0\u00bbacquis historique qui permet \u00e0 l&rsquo;Alg\u00e9rie d&rsquo;atteindre un niveau avanc\u00e9 en mati\u00e8re de s\u00e9curit\u00e9 hydrique\u00a0\u00bb. L&rsquo;Alg\u00e9rie a \u00e9galement ouvert grand les portes aux startup, actuellement au nombre de 10 000, avec pour objectif de les porter \u00e0 20 000 \u00e0 l&rsquo;horizon 2029, et s&rsquo;est traduit par l&rsquo;enregistrement de plus de 17 000 projets d&rsquo;investissement.<\/p>\n\n\n\n<p>Le secteur du logement conna\u00eet un rythme acc\u00e9l\u00e9r\u00e9 en mati\u00e8re de r\u00e9alisations et constitue un des indicateurs \u00e9conomiques les plus marquants du d\u00e9veloppement national, dans le cadre d&rsquo;une politique sociale efficace fond\u00e9e sur la cons\u00e9cration du caract\u00e8re social de l&rsquo;Etat en tant que principe ancr\u00e9, inspir\u00e9 de la D\u00e9claration du 1er Novembre 1954. La finalit\u00e9 est de renforcer la puissance de l&rsquo;Etat, l&rsquo;ind\u00e9pendance de sa d\u00e9cision et de pr\u00e9server la position prestigieuse que l&rsquo;Alg\u00e9rie occupe \u00e0 l&rsquo;\u00e9chelle r\u00e9gionale et internationale, en tant que partenaire efficace et fiable ainsi qu&rsquo;une force de paix et de stabilit\u00e9.<\/p>\n\n\n\n<p><strong>La m\u00e9moire nationale, une ligne rouge<\/strong><\/p>\n\n\n\n<p>Dans un autre volet, El Dje\u00efch consacre son \u00ab\u00a0coup de projecteur\u00a0\u00bb \u00e0 la m\u00e9moire nationale sous le titre \u00ab\u00a0Notre Histoire est plus noble que leurs affabulations\u00a0\u00bb. La publication affirme que \u00ab\u00a0notre m\u00e9moire nationale et notre Histoire glorieuse, avec leurs symboles immortels et leurs \u00e9tapes lumineuses constituent une ligne rouge qui ne saurait accepter aucun marchandage, ni la moindre tentative de d\u00e9nigrement, de d\u00e9formation ou de remise en cause\u00a0\u00bb. Elles sont le rempart protecteur de la Patrie et leur d\u00e9fense est \u00ab\u00a0une question d&rsquo;existence, un devoir sacr\u00e9 et une responsabilit\u00e9 nationale issue de la loyaut\u00e9 des g\u00e9n\u00e9rations futures envers les g\u00e9n\u00e9rations pr\u00e9c\u00e9dentes\u00a0\u00bb. La revue d\u00e9plore que \u00ab\u00a0certains pseudo-savants p\u00e9dants surgissent de temps \u00e0 autre, se croyant fallacieusement ma\u00eetres des secrets de l&rsquo;Histoire et des contours de la g\u00e9ographie pour d\u00e9nigrer notre pass\u00e9 glorieux et s&rsquo;en prendre \u00e0 nos symboles nationaux\u00a0\u00bb. Elle rappelle que la divergence d&rsquo;opinion peut \u00eatre source de richesse, \u00e0 condition qu&rsquo;elle soit fond\u00e9e et dict\u00e9e par les int\u00e9r\u00eats supr\u00eames de la Patrie, mais que \u00ab\u00a0falsifier, d\u00e9nigrer ou semer le doute sur notre m\u00e9moire, notre Histoire, notre identit\u00e9, nos racines et nos symboles, en permanence, sous pr\u00e9texte de libert\u00e9 d&rsquo;expression est une excuse pire que l&rsquo;offense elle-m\u00eame\u00a0\u00bb. El Dje\u00efch conclut en affirmant que toutes ces tentatives vou\u00e9es \u00e0 l&rsquo;\u00e9chec ne feront qu&rsquo;accro\u00eetre l&rsquo;attachement du peuple \u00e0 son Histoire, \u00e0 sa m\u00e9moire nationale et au combat men\u00e9 par des g\u00e9n\u00e9rations successives pour d\u00e9fendre sa libert\u00e9, sa terre et sa souverainet\u00e9.&nbsp;<\/p>\n\n\n\n<p>Chokri Hafed<\/p>\n","protected":false},"excerpt":{"rendered":"<p>La revue de l&rsquo;Arm\u00e9e nationale populaire souligne les r\u00e9alisations \u00e9conomiques et strat\u00e9giques de l&rsquo;Alg\u00e9rie en 2025 et met en garde<\/p>\n","protected":false},"author":6,"featured_media":77505,"comment_status":"open","ping_status":"closed","sticky":false,"template":"","format":"standard","meta":{"colormag_page_container_layout":"default_layout","colormag_page_sidebar_layout":"default_layout","om_disable_all_campaigns":false,"_monsterinsights_skip_tracking":false,"_monsterinsights_sitenote_active":false,"_monsterinsights_sitenote_note":"","_monsterinsights_sitenote_category":0,"footnotes":"","_wpscppro_dont_share_socialmedia":false,"_wpscppro_custom_social_share_image":0,"_facebook_share_type":"default","_twitter_share_type":"default","_linkedin_share_type":"default","_pinterest_share_type":"default","_linkedin_share_type_page":"","_instagram_share_type":"default","_medium_share_type":"default","_threads_share_type":"default","_google_business_share_type":"default","_selected_social_profile":[],"_wpsp_enable_custom_social_template":false,"_wpsp_social_scheduling":{"enabled":false,"datetime":null,"platforms":[],"status":"template_only","dateOption":"today","timeOption":"now","customDays":"","customHours":"","customDate":"","customTime":"","schedulingType":"absolute"},"_wpsp_active_default_template":true},"categories":[27],"tags":[],"class_list":["post-77504","post","type-post","status-publish","format-standard","has-post-thumbnail","hentry","category-actualite"],"aioseo_notices":[],"yoast_head":"<!-- This site is optimized with the Yoast SEO plugin v27.5 - https:\/\/yoast.com\/product\/yoast-seo-wordpress\/ -->\n<title>El Dje\u00efch appelle \u00e0 l&rsquo;unit\u00e9\u00a0: Parachever le renouveau national - La Sentinelle<\/title>\n<meta name=\"robots\" content=\"index, follow, max-snippet:-1, max-image-preview:large, max-video-preview:-1\" \/>\n<link rel=\"canonical\" href=\"https:\/\/lasentinelle.dz\/index.php\/2025\/12\/09\/el-djeich-appelle-a-lunite-parachever-le-renouveau-national\/\" \/>\n<meta property=\"og:locale\" content=\"fr_FR\" \/>\n<meta property=\"og:type\" content=\"article\" \/>\n<meta property=\"og:title\" content=\"El Dje\u00efch appelle \u00e0 l&rsquo;unit\u00e9\u00a0: Parachever le renouveau national - La Sentinelle\" \/>\n<meta property=\"og:description\" content=\"La revue de l&rsquo;Arm\u00e9e nationale populaire souligne les r\u00e9alisations \u00e9conomiques et strat\u00e9giques de l&rsquo;Alg\u00e9rie en 2025 et met en garde\" \/>\n<meta property=\"og:url\" content=\"https:\/\/lasentinelle.dz\/index.php\/2025\/12\/09\/el-djeich-appelle-a-lunite-parachever-le-renouveau-national\/\" \/>\n<meta property=\"og:site_name\" content=\"La Sentinelle\" \/>\n<meta property=\"article:publisher\" content=\"https:\/\/www.facebook.com\/La-Sentinelle-104059864394773\" \/>\n<meta property=\"article:published_time\" content=\"2025-12-09T12:10:16+00:00\" \/>\n<meta property=\"article:modified_time\" content=\"2025-12-09T12:10:17+00:00\" \/>\n<meta property=\"og:image\" content=\"https:\/\/lasentinelle.dz\/wp-content\/uploads\/2025\/12\/makam_chahid.webp\" \/>\n\t<meta property=\"og:image:width\" content=\"900\" \/>\n\t<meta property=\"og:image:height\" content=\"675\" \/>\n\t<meta property=\"og:image:type\" content=\"image\/webp\" \/>\n<meta name=\"author\" content=\"admin\" \/>\n<meta name=\"twitter:card\" content=\"summary_large_image\" \/>\n<meta name=\"twitter:label1\" content=\"\u00c9crit par\" \/>\n\t<meta name=\"twitter:data1\" content=\"admin\" \/>\n\t<meta name=\"twitter:label2\" content=\"Dur\u00e9e de lecture estim\u00e9e\" \/>\n\t<meta name=\"twitter:data2\" content=\"5 minutes\" \/>\n<script type=\"application\/ld+json\" class=\"yoast-schema-graph\">{\"@context\":\"https:\\\/\\\/schema.org\",\"@graph\":[{\"@type\":\"Article\",\"@id\":\"https:\\\/\\\/lasentinelle.dz\\\/index.php\\\/2025\\\/12\\\/09\\\/el-djeich-appelle-a-lunite-parachever-le-renouveau-national\\\/#article\",\"isPartOf\":{\"@id\":\"https:\\\/\\\/lasentinelle.dz\\\/index.php\\\/2025\\\/12\\\/09\\\/el-djeich-appelle-a-lunite-parachever-le-renouveau-national\\\/\"},\"author\":{\"name\":\"admin\",\"@id\":\"https:\\\/\\\/lasentinelle.dz\\\/#\\\/schema\\\/person\\\/729ee0024f24e0b8c5ec17232f8e8b41\"},\"headline\":\"El Dje\u00efch appelle \u00e0 l&rsquo;unit\u00e9\u00a0: Parachever le renouveau national\",\"datePublished\":\"2025-12-09T12:10:16+00:00\",\"dateModified\":\"2025-12-09T12:10:17+00:00\",\"mainEntityOfPage\":{\"@id\":\"https:\\\/\\\/lasentinelle.dz\\\/index.php\\\/2025\\\/12\\\/09\\\/el-djeich-appelle-a-lunite-parachever-le-renouveau-national\\\/\"},\"wordCount\":923,\"commentCount\":0,\"publisher\":{\"@id\":\"https:\\\/\\\/lasentinelle.dz\\\/#organization\"},\"image\":{\"@id\":\"https:\\\/\\\/lasentinelle.dz\\\/index.php\\\/2025\\\/12\\\/09\\\/el-djeich-appelle-a-lunite-parachever-le-renouveau-national\\\/#primaryimage\"},\"thumbnailUrl\":\"https:\\\/\\\/lasentinelle.dz\\\/wp-content\\\/uploads\\\/2025\\\/12\\\/makam_chahid.webp\",\"articleSection\":[\"Actualit\u00e9\"],\"inLanguage\":\"fr-FR\",\"potentialAction\":[{\"@type\":\"CommentAction\",\"name\":\"Comment\",\"target\":[\"https:\\\/\\\/lasentinelle.dz\\\/index.php\\\/2025\\\/12\\\/09\\\/el-djeich-appelle-a-lunite-parachever-le-renouveau-national\\\/#respond\"]}]},{\"@type\":\"WebPage\",\"@id\":\"https:\\\/\\\/lasentinelle.dz\\\/index.php\\\/2025\\\/12\\\/09\\\/el-djeich-appelle-a-lunite-parachever-le-renouveau-national\\\/\",\"url\":\"https:\\\/\\\/lasentinelle.dz\\\/index.php\\\/2025\\\/12\\\/09\\\/el-djeich-appelle-a-lunite-parachever-le-renouveau-national\\\/\",\"name\":\"El Dje\u00efch appelle \u00e0 l&rsquo;unit\u00e9\u00a0: Parachever le renouveau national - La Sentinelle\",\"isPartOf\":{\"@id\":\"https:\\\/\\\/lasentinelle.dz\\\/#website\"},\"primaryImageOfPage\":{\"@id\":\"https:\\\/\\\/lasentinelle.dz\\\/index.php\\\/2025\\\/12\\\/09\\\/el-djeich-appelle-a-lunite-parachever-le-renouveau-national\\\/#primaryimage\"},\"image\":{\"@id\":\"https:\\\/\\\/lasentinelle.dz\\\/index.php\\\/2025\\\/12\\\/09\\\/el-djeich-appelle-a-lunite-parachever-le-renouveau-national\\\/#primaryimage\"},\"thumbnailUrl\":\"https:\\\/\\\/lasentinelle.dz\\\/wp-content\\\/uploads\\\/2025\\\/12\\\/makam_chahid.webp\",\"datePublished\":\"2025-12-09T12:10:16+00:00\",\"dateModified\":\"2025-12-09T12:10:17+00:00\",\"breadcrumb\":{\"@id\":\"https:\\\/\\\/lasentinelle.dz\\\/index.php\\\/2025\\\/12\\\/09\\\/el-djeich-appelle-a-lunite-parachever-le-renouveau-national\\\/#breadcrumb\"},\"inLanguage\":\"fr-FR\",\"potentialAction\":[{\"@type\":\"ReadAction\",\"target\":[\"https:\\\/\\\/lasentinelle.dz\\\/index.php\\\/2025\\\/12\\\/09\\\/el-djeich-appelle-a-lunite-parachever-le-renouveau-national\\\/\"]}]},{\"@type\":\"ImageObject\",\"inLanguage\":\"fr-FR\",\"@id\":\"https:\\\/\\\/lasentinelle.dz\\\/index.php\\\/2025\\\/12\\\/09\\\/el-djeich-appelle-a-lunite-parachever-le-renouveau-national\\\/#primaryimage\",\"url\":\"https:\\\/\\\/lasentinelle.dz\\\/wp-content\\\/uploads\\\/2025\\\/12\\\/makam_chahid.webp\",\"contentUrl\":\"https:\\\/\\\/lasentinelle.dz\\\/wp-content\\\/uploads\\\/2025\\\/12\\\/makam_chahid.webp\",\"width\":900,\"height\":675},{\"@type\":\"BreadcrumbList\",\"@id\":\"https:\\\/\\\/lasentinelle.dz\\\/index.php\\\/2025\\\/12\\\/09\\\/el-djeich-appelle-a-lunite-parachever-le-renouveau-national\\\/#breadcrumb\",\"itemListElement\":[{\"@type\":\"ListItem\",\"position\":1,\"name\":\"Accueil\",\"item\":\"https:\\\/\\\/lasentinelle.dz\\\/\"},{\"@type\":\"ListItem\",\"position\":2,\"name\":\"El Dje\u00efch appelle \u00e0 l&rsquo;unit\u00e9\u00a0: Parachever le renouveau national\"}]},{\"@type\":\"WebSite\",\"@id\":\"https:\\\/\\\/lasentinelle.dz\\\/#website\",\"url\":\"https:\\\/\\\/lasentinelle.dz\\\/\",\"name\":\"La Sentinelle\",\"description\":\"Quotidien national d&#039;information\",\"publisher\":{\"@id\":\"https:\\\/\\\/lasentinelle.dz\\\/#organization\"},\"potentialAction\":[{\"@type\":\"SearchAction\",\"target\":{\"@type\":\"EntryPoint\",\"urlTemplate\":\"https:\\\/\\\/lasentinelle.dz\\\/?s={search_term_string}\"},\"query-input\":{\"@type\":\"PropertyValueSpecification\",\"valueRequired\":true,\"valueName\":\"search_term_string\"}}],\"inLanguage\":\"fr-FR\"},{\"@type\":\"Organization\",\"@id\":\"https:\\\/\\\/lasentinelle.dz\\\/#organization\",\"name\":\"Quotidien La Sentinelle\",\"url\":\"https:\\\/\\\/lasentinelle.dz\\\/\",\"logo\":{\"@type\":\"ImageObject\",\"inLanguage\":\"fr-FR\",\"@id\":\"https:\\\/\\\/lasentinelle.dz\\\/#\\\/schema\\\/logo\\\/image\\\/\",\"url\":\"https:\\\/\\\/lasentinelle.dz\\\/wp-content\\\/uploads\\\/2021\\\/09\\\/logo-sentinelleSLOGAN-1.png\",\"contentUrl\":\"https:\\\/\\\/lasentinelle.dz\\\/wp-content\\\/uploads\\\/2021\\\/09\\\/logo-sentinelleSLOGAN-1.png\",\"width\":615,\"height\":142,\"caption\":\"Quotidien La Sentinelle\"},\"image\":{\"@id\":\"https:\\\/\\\/lasentinelle.dz\\\/#\\\/schema\\\/logo\\\/image\\\/\"},\"sameAs\":[\"https:\\\/\\\/www.facebook.com\\\/La-Sentinelle-104059864394773\"]},{\"@type\":\"Person\",\"@id\":\"https:\\\/\\\/lasentinelle.dz\\\/#\\\/schema\\\/person\\\/729ee0024f24e0b8c5ec17232f8e8b41\",\"name\":\"admin\",\"image\":{\"@type\":\"ImageObject\",\"inLanguage\":\"fr-FR\",\"@id\":\"https:\\\/\\\/secure.gravatar.com\\\/avatar\\\/4c81fed838786e9b53f540bf46533e750f5d292099ae3b66cfc6fb1982e29df7?s=96&d=mm&r=g\",\"url\":\"https:\\\/\\\/secure.gravatar.com\\\/avatar\\\/4c81fed838786e9b53f540bf46533e750f5d292099ae3b66cfc6fb1982e29df7?s=96&d=mm&r=g\",\"contentUrl\":\"https:\\\/\\\/secure.gravatar.com\\\/avatar\\\/4c81fed838786e9b53f540bf46533e750f5d292099ae3b66cfc6fb1982e29df7?s=96&d=mm&r=g\",\"caption\":\"admin\"},\"description\":\"admin\",\"url\":\"https:\\\/\\\/lasentinelle.dz\\\/author\\\/admin\\\/\"}]}<\/script>\n<!-- \/ Yoast SEO plugin. -->","yoast_head_json":{"title":"El Dje\u00efch appelle \u00e0 l&rsquo;unit\u00e9\u00a0: Parachever le renouveau national - La Sentinelle","robots":{"index":"index","follow":"follow","max-snippet":"max-snippet:-1","max-image-preview":"max-image-preview:large","max-video-preview":"max-video-preview:-1"},"canonical":"https:\/\/lasentinelle.dz\/index.php\/2025\/12\/09\/el-djeich-appelle-a-lunite-parachever-le-renouveau-national\/","og_locale":"fr_FR","og_type":"article","og_title":"El Dje\u00efch appelle \u00e0 l&rsquo;unit\u00e9\u00a0: Parachever le renouveau national - La Sentinelle","og_description":"La revue de l&rsquo;Arm\u00e9e nationale populaire souligne les r\u00e9alisations \u00e9conomiques et strat\u00e9giques de l&rsquo;Alg\u00e9rie en 2025 et met en garde","og_url":"https:\/\/lasentinelle.dz\/index.php\/2025\/12\/09\/el-djeich-appelle-a-lunite-parachever-le-renouveau-national\/","og_site_name":"La Sentinelle","article_publisher":"https:\/\/www.facebook.com\/La-Sentinelle-104059864394773","article_published_time":"2025-12-09T12:10:16+00:00","article_modified_time":"2025-12-09T12:10:17+00:00","og_image":[{"width":900,"height":675,"url":"https:\/\/lasentinelle.dz\/wp-content\/uploads\/2025\/12\/makam_chahid.webp","type":"image\/webp"}],"author":"admin","twitter_card":"summary_large_image","twitter_misc":{"\u00c9crit par":"admin","Dur\u00e9e de lecture estim\u00e9e":"5 minutes"},"schema":{"@context":"https:\/\/schema.org","@graph":[{"@type":"Article","@id":"https:\/\/lasentinelle.dz\/index.php\/2025\/12\/09\/el-djeich-appelle-a-lunite-parachever-le-renouveau-national\/#article","isPartOf":{"@id":"https:\/\/lasentinelle.dz\/index.php\/2025\/12\/09\/el-djeich-appelle-a-lunite-parachever-le-renouveau-national\/"},"author":{"name":"admin","@id":"https:\/\/lasentinelle.dz\/#\/schema\/person\/729ee0024f24e0b8c5ec17232f8e8b41"},"headline":"El Dje\u00efch appelle \u00e0 l&rsquo;unit\u00e9\u00a0: Parachever le renouveau national","datePublished":"2025-12-09T12:10:16+00:00","dateModified":"2025-12-09T12:10:17+00:00","mainEntityOfPage":{"@id":"https:\/\/lasentinelle.dz\/index.php\/2025\/12\/09\/el-djeich-appelle-a-lunite-parachever-le-renouveau-national\/"},"wordCount":923,"commentCount":0,"publisher":{"@id":"https:\/\/lasentinelle.dz\/#organization"},"image":{"@id":"https:\/\/lasentinelle.dz\/index.php\/2025\/12\/09\/el-djeich-appelle-a-lunite-parachever-le-renouveau-national\/#primaryimage"},"thumbnailUrl":"https:\/\/lasentinelle.dz\/wp-content\/uploads\/2025\/12\/makam_chahid.webp","articleSection":["Actualit\u00e9"],"inLanguage":"fr-FR","potentialAction":[{"@type":"CommentAction","name":"Comment","target":["https:\/\/lasentinelle.dz\/index.php\/2025\/12\/09\/el-djeich-appelle-a-lunite-parachever-le-renouveau-national\/#respond"]}]},{"@type":"WebPage","@id":"https:\/\/lasentinelle.dz\/index.php\/2025\/12\/09\/el-djeich-appelle-a-lunite-parachever-le-renouveau-national\/","url":"https:\/\/lasentinelle.dz\/index.php\/2025\/12\/09\/el-djeich-appelle-a-lunite-parachever-le-renouveau-national\/","name":"El Dje\u00efch appelle \u00e0 l&rsquo;unit\u00e9\u00a0: Parachever le renouveau national - La Sentinelle","isPartOf":{"@id":"https:\/\/lasentinelle.dz\/#website"},"primaryImageOfPage":{"@id":"https:\/\/lasentinelle.dz\/index.php\/2025\/12\/09\/el-djeich-appelle-a-lunite-parachever-le-renouveau-national\/#primaryimage"},"image":{"@id":"https:\/\/lasentinelle.dz\/index.php\/2025\/12\/09\/el-djeich-appelle-a-lunite-parachever-le-renouveau-national\/#primaryimage"},"thumbnailUrl":"https:\/\/lasentinelle.dz\/wp-content\/uploads\/2025\/12\/makam_chahid.webp","datePublished":"2025-12-09T12:10:16+00:00","dateModified":"2025-12-09T12:10:17+00:00","breadcrumb":{"@id":"https:\/\/lasentinelle.dz\/index.php\/2025\/12\/09\/el-djeich-appelle-a-lunite-parachever-le-renouveau-national\/#breadcrumb"},"inLanguage":"fr-FR","potentialAction":[{"@type":"ReadAction","target":["https:\/\/lasentinelle.dz\/index.php\/2025\/12\/09\/el-djeich-appelle-a-lunite-parachever-le-renouveau-national\/"]}]},{"@type":"ImageObject","inLanguage":"fr-FR","@id":"https:\/\/lasentinelle.dz\/index.php\/2025\/12\/09\/el-djeich-appelle-a-lunite-parachever-le-renouveau-national\/#primaryimage","url":"https:\/\/lasentinelle.dz\/wp-content\/uploads\/2025\/12\/makam_chahid.webp","contentUrl":"https:\/\/lasentinelle.dz\/wp-content\/uploads\/2025\/12\/makam_chahid.webp","width":900,"height":675},{"@type":"BreadcrumbList","@id":"https:\/\/lasentinelle.dz\/index.php\/2025\/12\/09\/el-djeich-appelle-a-lunite-parachever-le-renouveau-national\/#breadcrumb","itemListElement":[{"@type":"ListItem","position":1,"name":"Accueil","item":"https:\/\/lasentinelle.dz\/"},{"@type":"ListItem","position":2,"name":"El Dje\u00efch appelle \u00e0 l&rsquo;unit\u00e9\u00a0: Parachever le renouveau national"}]},{"@type":"WebSite","@id":"https:\/\/lasentinelle.dz\/#website","url":"https:\/\/lasentinelle.dz\/","name":"La Sentinelle","description":"Quotidien national d&#039;information","publisher":{"@id":"https:\/\/lasentinelle.dz\/#organization"},"potentialAction":[{"@type":"SearchAction","target":{"@type":"EntryPoint","urlTemplate":"https:\/\/lasentinelle.dz\/?s={search_term_string}"},"query-input":{"@type":"PropertyValueSpecification","valueRequired":true,"valueName":"search_term_string"}}],"inLanguage":"fr-FR"},{"@type":"Organization","@id":"https:\/\/lasentinelle.dz\/#organization","name":"Quotidien La Sentinelle","url":"https:\/\/lasentinelle.dz\/","logo":{"@type":"ImageObject","inLanguage":"fr-FR","@id":"https:\/\/lasentinelle.dz\/#\/schema\/logo\/image\/","url":"https:\/\/lasentinelle.dz\/wp-content\/uploads\/2021\/09\/logo-sentinelleSLOGAN-1.png","contentUrl":"https:\/\/lasentinelle.dz\/wp-content\/uploads\/2021\/09\/logo-sentinelleSLOGAN-1.png","width":615,"height":142,"caption":"Quotidien La Sentinelle"},"image":{"@id":"https:\/\/lasentinelle.dz\/#\/schema\/logo\/image\/"},"sameAs":["https:\/\/www.facebook.com\/La-Sentinelle-104059864394773"]},{"@type":"Person","@id":"https:\/\/lasentinelle.dz\/#\/schema\/person\/729ee0024f24e0b8c5ec17232f8e8b41","name":"admin","image":{"@type":"ImageObject","inLanguage":"fr-FR","@id":"https:\/\/secure.gravatar.com\/avatar\/4c81fed838786e9b53f540bf46533e750f5d292099ae3b66cfc6fb1982e29df7?s=96&d=mm&r=g","url":"https:\/\/secure.gravatar.com\/avatar\/4c81fed838786e9b53f540bf46533e750f5d292099ae3b66cfc6fb1982e29df7?s=96&d=mm&r=g","contentUrl":"https:\/\/secure.gravatar.com\/avatar\/4c81fed838786e9b53f540bf46533e750f5d292099ae3b66cfc6fb1982e29df7?s=96&d=mm&r=g","caption":"admin"},"description":"admin","url":"https:\/\/lasentinelle.dz\/author\/admin\/"}]}},"_links":{"self":[{"href":"https:\/\/lasentinelle.dz\/index.php\/wp-json\/wp\/v2\/posts\/77504","targetHints":{"allow":["GET"]}}],"collection":[{"href":"https:\/\/lasentinelle.dz\/index.php\/wp-json\/wp\/v2\/posts"}],"about":[{"href":"https:\/\/lasentinelle.dz\/index.php\/wp-json\/wp\/v2\/types\/post"}],"author":[{"embeddable":true,"href":"https:\/\/lasentinelle.dz\/index.php\/wp-json\/wp\/v2\/users\/6"}],"replies":[{"embeddable":true,"href":"https:\/\/lasentinelle.dz\/index.php\/wp-json\/wp\/v2\/comments?post=77504"}],"version-history":[{"count":2,"href":"https:\/\/lasentinelle.dz\/index.php\/wp-json\/wp\/v2\/posts\/77504\/revisions"}],"predecessor-version":[{"id":77507,"href":"https:\/\/lasentinelle.dz\/index.php\/wp-json\/wp\/v2\/posts\/77504\/revisions\/77507"}],"wp:featuredmedia":[{"embeddable":true,"href":"https:\/\/lasentinelle.dz\/index.php\/wp-json\/wp\/v2\/media\/77505"}],"wp:attachment":[{"href":"https:\/\/lasentinelle.dz\/index.php\/wp-json\/wp\/v2\/media?parent=77504"}],"wp:term":[{"taxonomy":"category","embeddable":true,"href":"https:\/\/lasentinelle.dz\/index.php\/wp-json\/wp\/v2\/categories?post=77504"},{"taxonomy":"post_tag","embeddable":true,"href":"https:\/\/lasentinelle.dz\/index.php\/wp-json\/wp\/v2\/tags?post=77504"}],"curies":[{"name":"wp","href":"https:\/\/api.w.org\/{rel}","templated":true}]}}